{"id":6452,"date":"2025-03-20T16:52:35","date_gmt":"2025-03-20T22:52:35","guid":{"rendered":"https:\/\/esbozodeportivo.com\/?p=6452"},"modified":"2025-03-20T16:52:36","modified_gmt":"2025-03-20T22:52:36","slug":"oportuna-intervencion-de-la-presidenta-ricardo-monreal","status":"publish","type":"post","link":"https:\/\/esbozodeportivo.com\/index.php\/2025\/03\/20\/oportuna-intervencion-de-la-presidenta-ricardo-monreal\/","title":{"rendered":"\u201cOportuna intervenci\u00f3n de la presidenta\u201d: Ricardo Monreal"},"content":{"rendered":"\n<p><strong>Ricardo Monreal \u00c1vila<\/strong>, <strong>Presidente de la Junta de Coordinaci\u00f3n Pol\u00edtica<\/strong> y coordinador del grupo parlamentario de <strong>Morena<\/strong> habl\u00f3 en conferencia de prensa del tema administrativo y de digitalizaci\u00f3n, que es una iniciativa que modifica la Constituci\u00f3n, que ya fue aprobada en el Senado de la Rep\u00fablica y que hoy nos corresponde como C\u00e1mara revisora aprobarla. Y despu\u00e9s de esta, tendremos una efem\u00e9ride de la expropiaci\u00f3n petrolera y una ronda de oradores para presentar iniciativas.<\/p>\n\n\n\n<p>En torno al tema de desapariciones forzadas de personas, refiri\u00f3 que son dos iniciativas que se recibir\u00e1n este jueves y vamos a dar el turno correspondiente, si es que selecciona a la <strong>C\u00e1mara de Diputados<\/strong> como C\u00e1mara de origen porque tambi\u00e9n puede hacerlo, de considerarlo pertinente, a la <strong>C\u00e1mara de Senadores<\/strong> como C\u00e1mara de origen.<\/p>\n\n\n\n<p>Afirm\u00f3: \u201cEs una oportuna intervenci\u00f3n de la presidenta y es una correcta interpretaci\u00f3n de lo que est\u00e1 pasando. Muestra una sensibilidad social, que no es tarde y que se puede recuperar la paz, la tranquilidad y tambi\u00e9n hacer justicia a las v\u00edctimas. Eso es lo que esperamos de las iniciativas y de la actitud y comportamiento ejemplar que ha tenido la presidenta <strong>Claudia Sheinbaum<\/strong>\u201d.<\/p>\n\n\n\n<p>En torno al caso de las fosas de <strong>Jalisco<\/strong> dijo: \u201cYo creo que lo que se tiene que hacer es deslindar responsabilidades, no solo reconocer y castigar a los responsables. Lo que se tiene que hacer es dar con los responsables de estas tragedias, sancionarlos, castigarlos, procesarlos, porque no se puede permitir ni la complicidad, ni la omisi\u00f3n, ni la inactividad de las autoridades en aquel estado\u201d<\/p>\n\n\n\n<p>Hay comisiones ordinarias que pueden atender el caso. Tal es el tema de la <strong>Comisi\u00f3n de Justicia<\/strong>, de la <strong>Comisi\u00f3n de Derechos Humanos<\/strong>. Pueden encauzarse debidamente y nosotros dimos ayer entrada a su solicitud y se nombr\u00f3 un grupo en donde participan los vicecoordinadores de los grupos parlamentarios. En el caso de <strong>Morena<\/strong> se design\u00f3 a <strong>Alfonso Ram\u00edrez Cu\u00e9llar<\/strong>.<\/p>\n\n\n\n<p>En torno a la \u00e9poca de sequ\u00eda, que se aproxima y de poca producci\u00f3n alimenticia, <strong>Monreal \u00c1vila<\/strong> se\u00f1alo que <strong>M\u00e9xico<\/strong> esta preparado para enfrentar esta sequ\u00eda y que la producci\u00f3n sea total. \u201cEl a\u00f1o pasado, dir\u00edamos, estuvo de regular para arriba, mejor que otros a\u00f1os. Pero dependemos mucho de la lluvia del cielo. Ya no es suficiente con la extracci\u00f3n del agua a trav\u00e9s de pozos o a trav\u00e9s de presas o retenciones\u201d.<\/p>\n\n\n\n<p>Tenemos que buscar innovaciones tecnol\u00f3gicas en materia de recuperaci\u00f3n del agua. El agua es quiz\u00e1s el problema m\u00e1s delicado al que nos vamos a enfrentar las pr\u00f3ximas generaciones. Y estamos por revisar a fondo la <strong>Ley Federal de Aguas<\/strong>.<\/p>\n\n\n\n<p>No lo hemos hecho porque no hemos tenido los consensos, pero hay proyectos ya para la revisi\u00f3n, deliberaci\u00f3n y aprobaci\u00f3n de la <strong>Ley Federal de Aguas<\/strong>.<\/p>\n\n\n\n<p><\/p>\n","protected":false},"excerpt":{"rendered":"<p>Ricardo Monreal \u00c1vila, Presidente de la Junta de Coordinaci\u00f3n Pol\u00edtica y coordinador del grupo parlamentario<\/p>\n","protected":false},"author":4,"featured_media":6262,"comment_status":"closed","ping_status":"open","sticky":false,"template":"","format":"standard","meta":{"_jetpack_memberships_contains_paid_content":false,"footnotes":""},"categories":[36],"tags":[],"class_list":["post-6452","post","type-post","status-publish","format-standard","has-post-thumbnail","hentry","category-nacional"],"yoast_head":"<!-- This site is optimized with the Yoast SEO plugin v25.7 - https:\/\/yoast.com\/wordpress\/plugins\/seo\/ -->\n<title>\u201cOportuna intervenci\u00f3n de la presidenta\u201d: Ricardo Monreal - Esbozo Deportivo<\/title>\n<meta name=\"description\" content=\"Ricardo Monreal \u00c1vila, Presidente de la Junta de Coordinaci\u00f3n Pol\u00edtica y coordinador del grupo parlamentario de Morena habl\u00f3 en conferencia de prensa del tema administrativo y de digitalizaci\u00f3n, que es una iniciativa que modifica la Constituci\u00f3n, que ya fue aprobada en el Senado de la Rep\u00fablica y que hoy nos corresponde como C\u00e1mara revisora aprobarla. Y despu\u00e9s de esta, tendremos una efem\u00e9ride de la expropiaci\u00f3n petrolera y una ronda de oradores para presentar iniciativas.\" \/>\n<meta name=\"robots\" content=\"index, follow, max-snippet:-1, max-image-preview:large, max-video-preview:-1\" \/>\n<link rel=\"canonical\" href=\"https:\/\/esbozodeportivo.com\/index.php\/2025\/03\/20\/oportuna-intervencion-de-la-presidenta-ricardo-monreal\/\" \/>\n<meta property=\"og:locale\" content=\"es_MX\" \/>\n<meta property=\"og:type\" content=\"article\" \/>\n<meta property=\"og:title\" content=\"\u201cOportuna intervenci\u00f3n de la presidenta\u201d: Ricardo Monreal - Esbozo Deportivo\" \/>\n<meta property=\"og:description\" content=\"Ricardo Monreal \u00c1vila, Presidente de la Junta de Coordinaci\u00f3n Pol\u00edtica y coordinador del grupo parlamentario de Morena habl\u00f3 en conferencia de prensa del tema administrativo y de digitalizaci\u00f3n, que es una iniciativa que modifica la Constituci\u00f3n, que ya fue aprobada en el Senado de la Rep\u00fablica y que hoy nos corresponde como C\u00e1mara revisora aprobarla. Y despu\u00e9s de esta, tendremos una efem\u00e9ride de la expropiaci\u00f3n petrolera y una ronda de oradores para presentar iniciativas.\" \/>\n<meta property=\"og:url\" content=\"https:\/\/esbozodeportivo.com\/index.php\/2025\/03\/20\/oportuna-intervencion-de-la-presidenta-ricardo-monreal\/\" \/>\n<meta property=\"og:site_name\" content=\"Esbozo Deportivo\" \/>\n<meta property=\"article:published_time\" content=\"2025-03-20T22:52:35+00:00\" \/>\n<meta property=\"article:modified_time\" content=\"2025-03-20T22:52:36+00:00\" \/>\n<meta property=\"og:image\" content=\"https:\/\/esbozodeportivo.com\/wp-content\/uploads\/2025\/03\/Ricardo.jpg\" \/>\n\t<meta property=\"og:image:width\" content=\"1280\" \/>\n\t<meta property=\"og:image:height\" content=\"853\" \/>\n\t<meta property=\"og:image:type\" content=\"image\/jpeg\" \/>\n<meta name=\"author\" content=\"Redacci\u00f3n\" \/>\n<meta name=\"twitter:card\" content=\"summary_large_image\" \/>\n<meta name=\"twitter:label1\" content=\"Escrito por\" \/>\n\t<meta name=\"twitter:data1\" content=\"Redacci\u00f3n\" \/>\n\t<meta name=\"twitter:label2\" content=\"Tiempo de lectura\" \/>\n\t<meta name=\"twitter:data2\" content=\"3 minutos\" \/>\n<script type=\"application\/ld+json\" class=\"yoast-schema-graph\">{\"@context\":\"https:\/\/schema.org\",\"@graph\":[{\"@type\":\"Article\",\"@id\":\"https:\/\/esbozodeportivo.com\/index.php\/2025\/03\/20\/oportuna-intervencion-de-la-presidenta-ricardo-monreal\/#article\",\"isPartOf\":{\"@id\":\"https:\/\/esbozodeportivo.com\/index.php\/2025\/03\/20\/oportuna-intervencion-de-la-presidenta-ricardo-monreal\/\"},\"author\":{\"name\":\"Redacci\u00f3n\",\"@id\":\"https:\/\/esbozodeportivo.com\/#\/schema\/person\/0f6df9196dfe6740dd0bb31bae50d374\"},\"headline\":\"\u201cOportuna intervenci\u00f3n de la presidenta\u201d: Ricardo Monreal\",\"datePublished\":\"2025-03-20T22:52:35+00:00\",\"dateModified\":\"2025-03-20T22:52:36+00:00\",\"mainEntityOfPage\":{\"@id\":\"https:\/\/esbozodeportivo.com\/index.php\/2025\/03\/20\/oportuna-intervencion-de-la-presidenta-ricardo-monreal\/\"},\"wordCount\":509,\"publisher\":{\"@id\":\"https:\/\/esbozodeportivo.com\/#organization\"},\"image\":{\"@id\":\"https:\/\/esbozodeportivo.com\/index.php\/2025\/03\/20\/oportuna-intervencion-de-la-presidenta-ricardo-monreal\/#primaryimage\"},\"thumbnailUrl\":\"https:\/\/esbozodeportivo.com\/wp-content\/uploads\/2025\/03\/Ricardo.jpg\",\"articleSection\":[\"Nacional\"],\"inLanguage\":\"es\"},{\"@type\":\"WebPage\",\"@id\":\"https:\/\/esbozodeportivo.com\/index.php\/2025\/03\/20\/oportuna-intervencion-de-la-presidenta-ricardo-monreal\/\",\"url\":\"https:\/\/esbozodeportivo.com\/index.php\/2025\/03\/20\/oportuna-intervencion-de-la-presidenta-ricardo-monreal\/\",\"name\":\"\u201cOportuna intervenci\u00f3n de la presidenta\u201d: Ricardo Monreal - Esbozo Deportivo\",\"isPartOf\":{\"@id\":\"https:\/\/esbozodeportivo.com\/#website\"},\"primaryImageOfPage\":{\"@id\":\"https:\/\/esbozodeportivo.com\/index.php\/2025\/03\/20\/oportuna-intervencion-de-la-presidenta-ricardo-monreal\/#primaryimage\"},\"image\":{\"@id\":\"https:\/\/esbozodeportivo.com\/index.php\/2025\/03\/20\/oportuna-intervencion-de-la-presidenta-ricardo-monreal\/#primaryimage\"},\"thumbnailUrl\":\"https:\/\/esbozodeportivo.com\/wp-content\/uploads\/2025\/03\/Ricardo.jpg\",\"datePublished\":\"2025-03-20T22:52:35+00:00\",\"dateModified\":\"2025-03-20T22:52:36+00:00\",\"description\":\"Ricardo Monreal \u00c1vila, Presidente de la Junta de Coordinaci\u00f3n Pol\u00edtica y coordinador del grupo parlamentario de Morena habl\u00f3 en conferencia de prensa del tema administrativo y de digitalizaci\u00f3n, que es una iniciativa que modifica la Constituci\u00f3n, que ya fue aprobada en el Senado de la Rep\u00fablica y que hoy nos corresponde como C\u00e1mara revisora aprobarla. Y despu\u00e9s de esta, tendremos una efem\u00e9ride de la expropiaci\u00f3n petrolera y una ronda de oradores para presentar iniciativas.\",\"breadcrumb\":{\"@id\":\"https:\/\/esbozodeportivo.com\/index.php\/2025\/03\/20\/oportuna-intervencion-de-la-presidenta-ricardo-monreal\/#breadcrumb\"},\"inLanguage\":\"es\",\"potentialAction\":[{\"@type\":\"ReadAction\",\"target\":[\"https:\/\/esbozodeportivo.com\/index.php\/2025\/03\/20\/oportuna-intervencion-de-la-presidenta-ricardo-monreal\/\"]}]},{\"@type\":\"ImageObject\",\"inLanguage\":\"es\",\"@id\":\"https:\/\/esbozodeportivo.com\/index.php\/2025\/03\/20\/oportuna-intervencion-de-la-presidenta-ricardo-monreal\/#primaryimage\",\"url\":\"https:\/\/esbozodeportivo.com\/wp-content\/uploads\/2025\/03\/Ricardo.jpg\",\"contentUrl\":\"https:\/\/esbozodeportivo.com\/wp-content\/uploads\/2025\/03\/Ricardo.jpg\",\"width\":1280,\"height\":853},{\"@type\":\"BreadcrumbList\",\"@id\":\"https:\/\/esbozodeportivo.com\/index.php\/2025\/03\/20\/oportuna-intervencion-de-la-presidenta-ricardo-monreal\/#breadcrumb\",\"itemListElement\":[{\"@type\":\"ListItem\",\"position\":1,\"name\":\"Inicio\",\"item\":\"https:\/\/esbozodeportivo.com\/\"},{\"@type\":\"ListItem\",\"position\":2,\"name\":\"\u201cOportuna intervenci\u00f3n de la presidenta\u201d: Ricardo Monreal\"}]},{\"@type\":\"WebSite\",\"@id\":\"https:\/\/esbozodeportivo.com\/#website\",\"url\":\"https:\/\/esbozodeportivo.com\/\",\"name\":\"Esbozo Deportivo\",\"description\":\"Lo m\u00e1s importante del Deporte\",\"publisher\":{\"@id\":\"https:\/\/esbozodeportivo.com\/#organization\"},\"potentialAction\":[{\"@type\":\"SearchAction\",\"target\":{\"@type\":\"EntryPoint\",\"urlTemplate\":\"https:\/\/esbozodeportivo.com\/?s={search_term_string}\"},\"query-input\":{\"@type\":\"PropertyValueSpecification\",\"valueRequired\":true,\"valueName\":\"search_term_string\"}}],\"inLanguage\":\"es\"},{\"@type\":\"Organization\",\"@id\":\"https:\/\/esbozodeportivo.com\/#organization\",\"name\":\"Esbozo Deportivo\",\"url\":\"https:\/\/esbozodeportivo.com\/\",\"logo\":{\"@type\":\"ImageObject\",\"inLanguage\":\"es\",\"@id\":\"https:\/\/esbozodeportivo.com\/#\/schema\/logo\/image\/\",\"url\":\"https:\/\/esbozodeportivo.com\/wp-content\/uploads\/2022\/08\/cropped-Logo-Esbozo-Web-2.png\",\"contentUrl\":\"https:\/\/esbozodeportivo.com\/wp-content\/uploads\/2022\/08\/cropped-Logo-Esbozo-Web-2.png\",\"width\":180,\"height\":50,\"caption\":\"Esbozo Deportivo\"},\"image\":{\"@id\":\"https:\/\/esbozodeportivo.com\/#\/schema\/logo\/image\/\"}},{\"@type\":\"Person\",\"@id\":\"https:\/\/esbozodeportivo.com\/#\/schema\/person\/0f6df9196dfe6740dd0bb31bae50d374\",\"name\":\"Redacci\u00f3n\",\"image\":{\"@type\":\"ImageObject\",\"inLanguage\":\"es\",\"@id\":\"https:\/\/esbozodeportivo.com\/#\/schema\/person\/image\/\",\"url\":\"https:\/\/secure.gravatar.com\/avatar\/f55268a89c3b418f2ef172ff52ab0d09b3e653c58de29539fe329fb93d78ebf3?s=96&d=mm&r=g\",\"contentUrl\":\"https:\/\/secure.gravatar.com\/avatar\/f55268a89c3b418f2ef172ff52ab0d09b3e653c58de29539fe329fb93d78ebf3?s=96&d=mm&r=g\",\"caption\":\"Redacci\u00f3n\"},\"url\":\"https:\/\/esbozodeportivo.com\/index.php\/author\/redaccion\/\"}]}<\/script>\n<!-- \/ Yoast SEO plugin. -->","yoast_head_json":{"title":"\u201cOportuna intervenci\u00f3n de la presidenta\u201d: Ricardo Monreal - Esbozo Deportivo","description":"Ricardo Monreal \u00c1vila, Presidente de la Junta de Coordinaci\u00f3n Pol\u00edtica y coordinador del grupo parlamentario de Morena habl\u00f3 en conferencia de prensa del tema administrativo y de digitalizaci\u00f3n, que es una iniciativa que modifica la Constituci\u00f3n, que ya fue aprobada en el Senado de la Rep\u00fablica y que hoy nos corresponde como C\u00e1mara revisora aprobarla. Y despu\u00e9s de esta, tendremos una efem\u00e9ride de la expropiaci\u00f3n petrolera y una ronda de oradores para presentar iniciativas.","robots":{"index":"index","follow":"follow","max-snippet":"max-snippet:-1","max-image-preview":"max-image-preview:large","max-video-preview":"max-video-preview:-1"},"canonical":"https:\/\/esbozodeportivo.com\/index.php\/2025\/03\/20\/oportuna-intervencion-de-la-presidenta-ricardo-monreal\/","og_locale":"es_MX","og_type":"article","og_title":"\u201cOportuna intervenci\u00f3n de la presidenta\u201d: Ricardo Monreal - Esbozo Deportivo","og_description":"Ricardo Monreal \u00c1vila, Presidente de la Junta de Coordinaci\u00f3n Pol\u00edtica y coordinador del grupo parlamentario de Morena habl\u00f3 en conferencia de prensa del tema administrativo y de digitalizaci\u00f3n, que es una iniciativa que modifica la Constituci\u00f3n, que ya fue aprobada en el Senado de la Rep\u00fablica y que hoy nos corresponde como C\u00e1mara revisora aprobarla. Y despu\u00e9s de esta, tendremos una efem\u00e9ride de la expropiaci\u00f3n petrolera y una ronda de oradores para presentar iniciativas.","og_url":"https:\/\/esbozodeportivo.com\/index.php\/2025\/03\/20\/oportuna-intervencion-de-la-presidenta-ricardo-monreal\/","og_site_name":"Esbozo Deportivo","article_published_time":"2025-03-20T22:52:35+00:00","article_modified_time":"2025-03-20T22:52:36+00:00","og_image":[{"width":1280,"height":853,"url":"https:\/\/esbozodeportivo.com\/wp-content\/uploads\/2025\/03\/Ricardo.jpg","type":"image\/jpeg"}],"author":"Redacci\u00f3n","twitter_card":"summary_large_image","twitter_misc":{"Escrito por":"Redacci\u00f3n","Tiempo de lectura":"3 minutos"},"schema":{"@context":"https:\/\/schema.org","@graph":[{"@type":"Article","@id":"https:\/\/esbozodeportivo.com\/index.php\/2025\/03\/20\/oportuna-intervencion-de-la-presidenta-ricardo-monreal\/#article","isPartOf":{"@id":"https:\/\/esbozodeportivo.com\/index.php\/2025\/03\/20\/oportuna-intervencion-de-la-presidenta-ricardo-monreal\/"},"author":{"name":"Redacci\u00f3n","@id":"https:\/\/esbozodeportivo.com\/#\/schema\/person\/0f6df9196dfe6740dd0bb31bae50d374"},"headline":"\u201cOportuna intervenci\u00f3n de la presidenta\u201d: Ricardo Monreal","datePublished":"2025-03-20T22:52:35+00:00","dateModified":"2025-03-20T22:52:36+00:00","mainEntityOfPage":{"@id":"https:\/\/esbozodeportivo.com\/index.php\/2025\/03\/20\/oportuna-intervencion-de-la-presidenta-ricardo-monreal\/"},"wordCount":509,"publisher":{"@id":"https:\/\/esbozodeportivo.com\/#organization"},"image":{"@id":"https:\/\/esbozodeportivo.com\/index.php\/2025\/03\/20\/oportuna-intervencion-de-la-presidenta-ricardo-monreal\/#primaryimage"},"thumbnailUrl":"https:\/\/esbozodeportivo.com\/wp-content\/uploads\/2025\/03\/Ricardo.jpg","articleSection":["Nacional"],"inLanguage":"es"},{"@type":"WebPage","@id":"https:\/\/esbozodeportivo.com\/index.php\/2025\/03\/20\/oportuna-intervencion-de-la-presidenta-ricardo-monreal\/","url":"https:\/\/esbozodeportivo.com\/index.php\/2025\/03\/20\/oportuna-intervencion-de-la-presidenta-ricardo-monreal\/","name":"\u201cOportuna intervenci\u00f3n de la presidenta\u201d: Ricardo Monreal - Esbozo Deportivo","isPartOf":{"@id":"https:\/\/esbozodeportivo.com\/#website"},"primaryImageOfPage":{"@id":"https:\/\/esbozodeportivo.com\/index.php\/2025\/03\/20\/oportuna-intervencion-de-la-presidenta-ricardo-monreal\/#primaryimage"},"image":{"@id":"https:\/\/esbozodeportivo.com\/index.php\/2025\/03\/20\/oportuna-intervencion-de-la-presidenta-ricardo-monreal\/#primaryimage"},"thumbnailUrl":"https:\/\/esbozodeportivo.com\/wp-content\/uploads\/2025\/03\/Ricardo.jpg","datePublished":"2025-03-20T22:52:35+00:00","dateModified":"2025-03-20T22:52:36+00:00","description":"Ricardo Monreal \u00c1vila, Presidente de la Junta de Coordinaci\u00f3n Pol\u00edtica y coordinador del grupo parlamentario de Morena habl\u00f3 en conferencia de prensa del tema administrativo y de digitalizaci\u00f3n, que es una iniciativa que modifica la Constituci\u00f3n, que ya fue aprobada en el Senado de la Rep\u00fablica y que hoy nos corresponde como C\u00e1mara revisora aprobarla. Y despu\u00e9s de esta, tendremos una efem\u00e9ride de la expropiaci\u00f3n petrolera y una ronda de oradores para presentar iniciativas.","breadcrumb":{"@id":"https:\/\/esbozodeportivo.com\/index.php\/2025\/03\/20\/oportuna-intervencion-de-la-presidenta-ricardo-monreal\/#breadcrumb"},"inLanguage":"es","potentialAction":[{"@type":"ReadAction","target":["https:\/\/esbozodeportivo.com\/index.php\/2025\/03\/20\/oportuna-intervencion-de-la-presidenta-ricardo-monreal\/"]}]},{"@type":"ImageObject","inLanguage":"es","@id":"https:\/\/esbozodeportivo.com\/index.php\/2025\/03\/20\/oportuna-intervencion-de-la-presidenta-ricardo-monreal\/#primaryimage","url":"https:\/\/esbozodeportivo.com\/wp-content\/uploads\/2025\/03\/Ricardo.jpg","contentUrl":"https:\/\/esbozodeportivo.com\/wp-content\/uploads\/2025\/03\/Ricardo.jpg","width":1280,"height":853},{"@type":"BreadcrumbList","@id":"https:\/\/esbozodeportivo.com\/index.php\/2025\/03\/20\/oportuna-intervencion-de-la-presidenta-ricardo-monreal\/#breadcrumb","itemListElement":[{"@type":"ListItem","position":1,"name":"Inicio","item":"https:\/\/esbozodeportivo.com\/"},{"@type":"ListItem","position":2,"name":"\u201cOportuna intervenci\u00f3n de la presidenta\u201d: Ricardo Monreal"}]},{"@type":"WebSite","@id":"https:\/\/esbozodeportivo.com\/#website","url":"https:\/\/esbozodeportivo.com\/","name":"Esbozo Deportivo","description":"Lo m\u00e1s importante del Deporte","publisher":{"@id":"https:\/\/esbozodeportivo.com\/#organization"},"potentialAction":[{"@type":"SearchAction","target":{"@type":"EntryPoint","urlTemplate":"https:\/\/esbozodeportivo.com\/?s={search_term_string}"},"query-input":{"@type":"PropertyValueSpecification","valueRequired":true,"valueName":"search_term_string"}}],"inLanguage":"es"},{"@type":"Organization","@id":"https:\/\/esbozodeportivo.com\/#organization","name":"Esbozo Deportivo","url":"https:\/\/esbozodeportivo.com\/","logo":{"@type":"ImageObject","inLanguage":"es","@id":"https:\/\/esbozodeportivo.com\/#\/schema\/logo\/image\/","url":"https:\/\/esbozodeportivo.com\/wp-content\/uploads\/2022\/08\/cropped-Logo-Esbozo-Web-2.png","contentUrl":"https:\/\/esbozodeportivo.com\/wp-content\/uploads\/2022\/08\/cropped-Logo-Esbozo-Web-2.png","width":180,"height":50,"caption":"Esbozo Deportivo"},"image":{"@id":"https:\/\/esbozodeportivo.com\/#\/schema\/logo\/image\/"}},{"@type":"Person","@id":"https:\/\/esbozodeportivo.com\/#\/schema\/person\/0f6df9196dfe6740dd0bb31bae50d374","name":"Redacci\u00f3n","image":{"@type":"ImageObject","inLanguage":"es","@id":"https:\/\/esbozodeportivo.com\/#\/schema\/person\/image\/","url":"https:\/\/secure.gravatar.com\/avatar\/f55268a89c3b418f2ef172ff52ab0d09b3e653c58de29539fe329fb93d78ebf3?s=96&d=mm&r=g","contentUrl":"https:\/\/secure.gravatar.com\/avatar\/f55268a89c3b418f2ef172ff52ab0d09b3e653c58de29539fe329fb93d78ebf3?s=96&d=mm&r=g","caption":"Redacci\u00f3n"},"url":"https:\/\/esbozodeportivo.com\/index.php\/author\/redaccion\/"}]}},"jetpack_featured_media_url":"https:\/\/esbozodeportivo.com\/wp-content\/uploads\/2025\/03\/Ricardo.jpg","jetpack_sharing_enabled":true,"_links":{"self":[{"href":"https:\/\/esbozodeportivo.com\/index.php\/wp-json\/wp\/v2\/posts\/6452","targetHints":{"allow":["GET"]}}],"collection":[{"href":"https:\/\/esbozodeportivo.com\/index.php\/wp-json\/wp\/v2\/posts"}],"about":[{"href":"https:\/\/esbozodeportivo.com\/index.php\/wp-json\/wp\/v2\/types\/post"}],"author":[{"embeddable":true,"href":"https:\/\/esbozodeportivo.com\/index.php\/wp-json\/wp\/v2\/users\/4"}],"replies":[{"embeddable":true,"href":"https:\/\/esbozodeportivo.com\/index.php\/wp-json\/wp\/v2\/comments?post=6452"}],"version-history":[{"count":1,"href":"https:\/\/esbozodeportivo.com\/index.php\/wp-json\/wp\/v2\/posts\/6452\/revisions"}],"predecessor-version":[{"id":6453,"href":"https:\/\/esbozodeportivo.com\/index.php\/wp-json\/wp\/v2\/posts\/6452\/revisions\/6453"}],"wp:featuredmedia":[{"embeddable":true,"href":"https:\/\/esbozodeportivo.com\/index.php\/wp-json\/wp\/v2\/media\/6262"}],"wp:attachment":[{"href":"https:\/\/esbozodeportivo.com\/index.php\/wp-json\/wp\/v2\/media?parent=6452"}],"wp:term":[{"taxonomy":"category","embeddable":true,"href":"https:\/\/esbozodeportivo.com\/index.php\/wp-json\/wp\/v2\/categories?post=6452"},{"taxonomy":"post_tag","embeddable":true,"href":"https:\/\/esbozodeportivo.com\/index.php\/wp-json\/wp\/v2\/tags?post=6452"}],"curies":[{"name":"wp","href":"https:\/\/api.w.org\/{rel}","templated":true}]}}