{"id":6458,"date":"2025-03-20T22:35:12","date_gmt":"2025-03-21T04:35:12","guid":{"rendered":"https:\/\/esbozodeportivo.com\/?p=6458"},"modified":"2025-03-20T22:35:12","modified_gmt":"2025-03-21T04:35:12","slug":"argentina-jugara-sin-messi-ante-uruguay","status":"publish","type":"post","link":"https:\/\/esbozodeportivo.com\/index.php\/2025\/03\/20\/argentina-jugara-sin-messi-ante-uruguay\/","title":{"rendered":"Argentina jugar\u00e1 sin Messi ante Uruguay"},"content":{"rendered":"\n<p>(Foto: Agencias) <\/p>\n\n\n\n<p>El capit\u00e1n de los reinantes campeones mundiales caus\u00f3 baja para esta doble fecha de las eliminatorias de <strong>Sudam\u00e9rica<\/strong> tras sufrir una lesi\u00f3n de bajo grado en el m\u00fasculo aductor izquierdo jugando para el <strong>Inter Miami<\/strong>, su club de la <strong>MLS<\/strong>. El atacante tambi\u00e9n se perder\u00e1 el cl\u00e1sico sudamericano frente a Brasil el pr\u00f3ximo martes en <strong>Buenos Aires<\/strong>.<\/p>\n\n\n\n<p>MONTEVIDEO.- Cuando <strong>Argentina<\/strong> salte el viernes al campo del estadio <strong>Centenario de Montevideo<\/strong> para disputar el cl\u00e1sico rioplatense contra <strong>Uruguay<\/strong>, la <strong>Albiceleste<\/strong> sentir\u00e1 una ausencia a la que ya debe acostumbrarse con regularidad, la de <strong>Lionel Messi<\/strong>.<\/p>\n\n\n\n<p>L\u00edder hist\u00f3rico de la selecci\u00f3n con sus 191 presencias, <strong>Messi <\/strong>se ha ausentado con m\u00e1s frecuencia tras consagrarse en el <strong>Mundial de Qatar 2022<\/strong>, m\u00e1s que nada por cuestiones f\u00edsicas. Por ejemplo, despu\u00e9s de la conquista de la <strong>Copa Am\u00e9rica<\/strong> en <strong>Estados Unidos<\/strong> el a\u00f1o pasado, el crack se perdi\u00f3 los partidos contra <strong>Chile<\/strong> y <strong>Colombia <\/strong>en las eliminatorias mientras se recuperaba de la lesi\u00f3n en el tobillo derecho que sufri\u00f3 en la victoria ante <strong>Colombia<\/strong> en la final del torneo continental.<\/p>\n\n\n\n<p>La lista de bajas por lesi\u00f3n de <strong>Argentina<\/strong> tambi\u00e9n incluye a <strong>Lautaro Mart\u00ednez<\/strong>, <strong>Paulo Dybala<\/strong>, <strong>Gonzalo Montiel<\/strong>, <strong>Giovani Lo Celso<\/strong> y <strong>Lisandro Mart\u00ednez<\/strong>.<\/p>\n\n\n\n<p>A diferencia de su compatriota <strong>Scaloni<\/strong>, el t\u00e9cnico de <strong>Uruguay, Marcelo Bielsa<\/strong> tendr\u00e1 a casi todos sus jugadores disponibles para el cl\u00e1sico, con el regreso del defensa <strong>Ronald Ara\u00fajo<\/strong>, tras su lesi\u00f3n en la <strong>Copa Am\u00e9rica<\/strong> del a\u00f1o pasado. Pero tendr\u00e1 que suplir la ausencia de <strong>Manuel Ugarte<\/strong> por suspensi\u00f3n.<\/p>\n\n\n\n<p>Ambas selecciones saben que un pleno en la doble fecha de marzo los dejar\u00eda con un pie en el <strong>Mundial<\/strong>, y con la mayor\u00eda de los rivales directos en el camino.<\/p>\n\n\n\n<p><strong>Argentina<\/strong> marca el pasado con 25 puntos, a cinco de su perseguidor m\u00e1s directo, que es justamente <strong>Uruguay<\/strong>, y podr\u00eda sacar su boleto con una combinaci\u00f3n propicia de resultado.<\/p>\n\n\n\n<p>Para clasificarse, la <strong>Albiceleste<\/strong> debe ganar sus dos partidos y esperar que <strong>Bolivia <\/strong>pierda los suyos. Tambi\u00e9n lo lograr\u00eda sacando cuatro de seis puntos, si Venezuela no logra ganarle a <strong>Ecuador<\/strong> y <strong>Per\u00fa<\/strong>, y si <strong>Bolivia<\/strong> no logra sumar m\u00e1s de tres puntos.<\/p>\n\n\n\n<p><\/p>\n","protected":false},"excerpt":{"rendered":"<p>(Foto: Agencias) El capit\u00e1n de los reinantes campeones mundiales caus\u00f3 baja para esta doble fecha<\/p>\n","protected":false},"author":4,"featured_media":6456,"comment_status":"closed","ping_status":"open","sticky":false,"template":"","format":"standard","meta":{"_jetpack_memberships_contains_paid_content":false,"footnotes":""},"categories":[71],"tags":[],"class_list":["post-6458","post","type-post","status-publish","format-standard","has-post-thumbnail","hentry","category-mundial-2026"],"yoast_head":"<!-- This site is optimized with the Yoast SEO plugin v25.7 - https:\/\/yoast.com\/wordpress\/plugins\/seo\/ -->\n<title>Argentina jugar\u00e1 sin Messi ante Uruguay - Esbozo Deportivo<\/title>\n<meta name=\"description\" content=\"El capit\u00e1n de los reinantes campeones mundiales caus\u00f3 baja para esta doble fecha de las eliminatorias de Sudam\u00e9rica tras sufrir una lesi\u00f3n de bajo grado en el m\u00fasculo aductor izquierdo jugando para el Inter Miami, su club de la MLS. El atacante tambi\u00e9n se perder\u00e1 el cl\u00e1sico sudamericano frente a Brasil el pr\u00f3ximo martes en Buenos Aires.\" \/>\n<meta name=\"robots\" content=\"index, follow, max-snippet:-1, max-image-preview:large, max-video-preview:-1\" \/>\n<link rel=\"canonical\" href=\"https:\/\/esbozodeportivo.com\/index.php\/2025\/03\/20\/argentina-jugara-sin-messi-ante-uruguay\/\" \/>\n<meta property=\"og:locale\" content=\"es_MX\" \/>\n<meta property=\"og:type\" content=\"article\" \/>\n<meta property=\"og:title\" content=\"Argentina jugar\u00e1 sin Messi ante Uruguay - Esbozo Deportivo\" \/>\n<meta property=\"og:description\" content=\"El capit\u00e1n de los reinantes campeones mundiales caus\u00f3 baja para esta doble fecha de las eliminatorias de Sudam\u00e9rica tras sufrir una lesi\u00f3n de bajo grado en el m\u00fasculo aductor izquierdo jugando para el Inter Miami, su club de la MLS. El atacante tambi\u00e9n se perder\u00e1 el cl\u00e1sico sudamericano frente a Brasil el pr\u00f3ximo martes en Buenos Aires.\" \/>\n<meta property=\"og:url\" content=\"https:\/\/esbozodeportivo.com\/index.php\/2025\/03\/20\/argentina-jugara-sin-messi-ante-uruguay\/\" \/>\n<meta property=\"og:site_name\" content=\"Esbozo Deportivo\" \/>\n<meta property=\"article:published_time\" content=\"2025-03-21T04:35:12+00:00\" \/>\n<meta property=\"og:image\" content=\"https:\/\/esbozodeportivo.com\/wp-content\/uploads\/2025\/03\/Seleccion-Albiceleste.jpg\" \/>\n\t<meta property=\"og:image:width\" content=\"1440\" \/>\n\t<meta property=\"og:image:height\" content=\"960\" \/>\n\t<meta property=\"og:image:type\" content=\"image\/jpeg\" \/>\n<meta name=\"author\" content=\"Redacci\u00f3n\" \/>\n<meta name=\"twitter:card\" content=\"summary_large_image\" \/>\n<meta name=\"twitter:label1\" content=\"Escrito por\" \/>\n\t<meta name=\"twitter:data1\" content=\"Redacci\u00f3n\" \/>\n\t<meta name=\"twitter:label2\" content=\"Tiempo de lectura\" \/>\n\t<meta name=\"twitter:data2\" content=\"2 minutos\" \/>\n<script type=\"application\/ld+json\" class=\"yoast-schema-graph\">{\"@context\":\"https:\/\/schema.org\",\"@graph\":[{\"@type\":\"Article\",\"@id\":\"https:\/\/esbozodeportivo.com\/index.php\/2025\/03\/20\/argentina-jugara-sin-messi-ante-uruguay\/#article\",\"isPartOf\":{\"@id\":\"https:\/\/esbozodeportivo.com\/index.php\/2025\/03\/20\/argentina-jugara-sin-messi-ante-uruguay\/\"},\"author\":{\"name\":\"Redacci\u00f3n\",\"@id\":\"https:\/\/esbozodeportivo.com\/#\/schema\/person\/0f6df9196dfe6740dd0bb31bae50d374\"},\"headline\":\"Argentina jugar\u00e1 sin Messi ante Uruguay\",\"datePublished\":\"2025-03-21T04:35:12+00:00\",\"mainEntityOfPage\":{\"@id\":\"https:\/\/esbozodeportivo.com\/index.php\/2025\/03\/20\/argentina-jugara-sin-messi-ante-uruguay\/\"},\"wordCount\":395,\"publisher\":{\"@id\":\"https:\/\/esbozodeportivo.com\/#organization\"},\"image\":{\"@id\":\"https:\/\/esbozodeportivo.com\/index.php\/2025\/03\/20\/argentina-jugara-sin-messi-ante-uruguay\/#primaryimage\"},\"thumbnailUrl\":\"https:\/\/esbozodeportivo.com\/wp-content\/uploads\/2025\/03\/Seleccion-Albiceleste.jpg\",\"articleSection\":[\"Mundial 2026\"],\"inLanguage\":\"es\"},{\"@type\":\"WebPage\",\"@id\":\"https:\/\/esbozodeportivo.com\/index.php\/2025\/03\/20\/argentina-jugara-sin-messi-ante-uruguay\/\",\"url\":\"https:\/\/esbozodeportivo.com\/index.php\/2025\/03\/20\/argentina-jugara-sin-messi-ante-uruguay\/\",\"name\":\"Argentina jugar\u00e1 sin Messi ante Uruguay - Esbozo Deportivo\",\"isPartOf\":{\"@id\":\"https:\/\/esbozodeportivo.com\/#website\"},\"primaryImageOfPage\":{\"@id\":\"https:\/\/esbozodeportivo.com\/index.php\/2025\/03\/20\/argentina-jugara-sin-messi-ante-uruguay\/#primaryimage\"},\"image\":{\"@id\":\"https:\/\/esbozodeportivo.com\/index.php\/2025\/03\/20\/argentina-jugara-sin-messi-ante-uruguay\/#primaryimage\"},\"thumbnailUrl\":\"https:\/\/esbozodeportivo.com\/wp-content\/uploads\/2025\/03\/Seleccion-Albiceleste.jpg\",\"datePublished\":\"2025-03-21T04:35:12+00:00\",\"description\":\"El capit\u00e1n de los reinantes campeones mundiales caus\u00f3 baja para esta doble fecha de las eliminatorias de Sudam\u00e9rica tras sufrir una lesi\u00f3n de bajo grado en el m\u00fasculo aductor izquierdo jugando para el Inter Miami, su club de la MLS. El atacante tambi\u00e9n se perder\u00e1 el cl\u00e1sico sudamericano frente a Brasil el pr\u00f3ximo martes en Buenos Aires.\",\"breadcrumb\":{\"@id\":\"https:\/\/esbozodeportivo.com\/index.php\/2025\/03\/20\/argentina-jugara-sin-messi-ante-uruguay\/#breadcrumb\"},\"inLanguage\":\"es\",\"potentialAction\":[{\"@type\":\"ReadAction\",\"target\":[\"https:\/\/esbozodeportivo.com\/index.php\/2025\/03\/20\/argentina-jugara-sin-messi-ante-uruguay\/\"]}]},{\"@type\":\"ImageObject\",\"inLanguage\":\"es\",\"@id\":\"https:\/\/esbozodeportivo.com\/index.php\/2025\/03\/20\/argentina-jugara-sin-messi-ante-uruguay\/#primaryimage\",\"url\":\"https:\/\/esbozodeportivo.com\/wp-content\/uploads\/2025\/03\/Seleccion-Albiceleste.jpg\",\"contentUrl\":\"https:\/\/esbozodeportivo.com\/wp-content\/uploads\/2025\/03\/Seleccion-Albiceleste.jpg\",\"width\":1440,\"height\":960},{\"@type\":\"BreadcrumbList\",\"@id\":\"https:\/\/esbozodeportivo.com\/index.php\/2025\/03\/20\/argentina-jugara-sin-messi-ante-uruguay\/#breadcrumb\",\"itemListElement\":[{\"@type\":\"ListItem\",\"position\":1,\"name\":\"Inicio\",\"item\":\"https:\/\/esbozodeportivo.com\/\"},{\"@type\":\"ListItem\",\"position\":2,\"name\":\"Argentina jugar\u00e1 sin Messi ante Uruguay\"}]},{\"@type\":\"WebSite\",\"@id\":\"https:\/\/esbozodeportivo.com\/#website\",\"url\":\"https:\/\/esbozodeportivo.com\/\",\"name\":\"Esbozo Deportivo\",\"description\":\"Lo m\u00e1s importante del Deporte\",\"publisher\":{\"@id\":\"https:\/\/esbozodeportivo.com\/#organization\"},\"potentialAction\":[{\"@type\":\"SearchAction\",\"target\":{\"@type\":\"EntryPoint\",\"urlTemplate\":\"https:\/\/esbozodeportivo.com\/?s={search_term_string}\"},\"query-input\":{\"@type\":\"PropertyValueSpecification\",\"valueRequired\":true,\"valueName\":\"search_term_string\"}}],\"inLanguage\":\"es\"},{\"@type\":\"Organization\",\"@id\":\"https:\/\/esbozodeportivo.com\/#organization\",\"name\":\"Esbozo Deportivo\",\"url\":\"https:\/\/esbozodeportivo.com\/\",\"logo\":{\"@type\":\"ImageObject\",\"inLanguage\":\"es\",\"@id\":\"https:\/\/esbozodeportivo.com\/#\/schema\/logo\/image\/\",\"url\":\"https:\/\/esbozodeportivo.com\/wp-content\/uploads\/2022\/08\/cropped-Logo-Esbozo-Web-2.png\",\"contentUrl\":\"https:\/\/esbozodeportivo.com\/wp-content\/uploads\/2022\/08\/cropped-Logo-Esbozo-Web-2.png\",\"width\":180,\"height\":50,\"caption\":\"Esbozo Deportivo\"},\"image\":{\"@id\":\"https:\/\/esbozodeportivo.com\/#\/schema\/logo\/image\/\"}},{\"@type\":\"Person\",\"@id\":\"https:\/\/esbozodeportivo.com\/#\/schema\/person\/0f6df9196dfe6740dd0bb31bae50d374\",\"name\":\"Redacci\u00f3n\",\"image\":{\"@type\":\"ImageObject\",\"inLanguage\":\"es\",\"@id\":\"https:\/\/esbozodeportivo.com\/#\/schema\/person\/image\/\",\"url\":\"https:\/\/secure.gravatar.com\/avatar\/f55268a89c3b418f2ef172ff52ab0d09b3e653c58de29539fe329fb93d78ebf3?s=96&d=mm&r=g\",\"contentUrl\":\"https:\/\/secure.gravatar.com\/avatar\/f55268a89c3b418f2ef172ff52ab0d09b3e653c58de29539fe329fb93d78ebf3?s=96&d=mm&r=g\",\"caption\":\"Redacci\u00f3n\"},\"url\":\"https:\/\/esbozodeportivo.com\/index.php\/author\/redaccion\/\"}]}<\/script>\n<!-- \/ Yoast SEO plugin. -->","yoast_head_json":{"title":"Argentina jugar\u00e1 sin Messi ante Uruguay - Esbozo Deportivo","description":"El capit\u00e1n de los reinantes campeones mundiales caus\u00f3 baja para esta doble fecha de las eliminatorias de Sudam\u00e9rica tras sufrir una lesi\u00f3n de bajo grado en el m\u00fasculo aductor izquierdo jugando para el Inter Miami, su club de la MLS. El atacante tambi\u00e9n se perder\u00e1 el cl\u00e1sico sudamericano frente a Brasil el pr\u00f3ximo martes en Buenos Aires.","robots":{"index":"index","follow":"follow","max-snippet":"max-snippet:-1","max-image-preview":"max-image-preview:large","max-video-preview":"max-video-preview:-1"},"canonical":"https:\/\/esbozodeportivo.com\/index.php\/2025\/03\/20\/argentina-jugara-sin-messi-ante-uruguay\/","og_locale":"es_MX","og_type":"article","og_title":"Argentina jugar\u00e1 sin Messi ante Uruguay - Esbozo Deportivo","og_description":"El capit\u00e1n de los reinantes campeones mundiales caus\u00f3 baja para esta doble fecha de las eliminatorias de Sudam\u00e9rica tras sufrir una lesi\u00f3n de bajo grado en el m\u00fasculo aductor izquierdo jugando para el Inter Miami, su club de la MLS. El atacante tambi\u00e9n se perder\u00e1 el cl\u00e1sico sudamericano frente a Brasil el pr\u00f3ximo martes en Buenos Aires.","og_url":"https:\/\/esbozodeportivo.com\/index.php\/2025\/03\/20\/argentina-jugara-sin-messi-ante-uruguay\/","og_site_name":"Esbozo Deportivo","article_published_time":"2025-03-21T04:35:12+00:00","og_image":[{"width":1440,"height":960,"url":"https:\/\/esbozodeportivo.com\/wp-content\/uploads\/2025\/03\/Seleccion-Albiceleste.jpg","type":"image\/jpeg"}],"author":"Redacci\u00f3n","twitter_card":"summary_large_image","twitter_misc":{"Escrito por":"Redacci\u00f3n","Tiempo de lectura":"2 minutos"},"schema":{"@context":"https:\/\/schema.org","@graph":[{"@type":"Article","@id":"https:\/\/esbozodeportivo.com\/index.php\/2025\/03\/20\/argentina-jugara-sin-messi-ante-uruguay\/#article","isPartOf":{"@id":"https:\/\/esbozodeportivo.com\/index.php\/2025\/03\/20\/argentina-jugara-sin-messi-ante-uruguay\/"},"author":{"name":"Redacci\u00f3n","@id":"https:\/\/esbozodeportivo.com\/#\/schema\/person\/0f6df9196dfe6740dd0bb31bae50d374"},"headline":"Argentina jugar\u00e1 sin Messi ante Uruguay","datePublished":"2025-03-21T04:35:12+00:00","mainEntityOfPage":{"@id":"https:\/\/esbozodeportivo.com\/index.php\/2025\/03\/20\/argentina-jugara-sin-messi-ante-uruguay\/"},"wordCount":395,"publisher":{"@id":"https:\/\/esbozodeportivo.com\/#organization"},"image":{"@id":"https:\/\/esbozodeportivo.com\/index.php\/2025\/03\/20\/argentina-jugara-sin-messi-ante-uruguay\/#primaryimage"},"thumbnailUrl":"https:\/\/esbozodeportivo.com\/wp-content\/uploads\/2025\/03\/Seleccion-Albiceleste.jpg","articleSection":["Mundial 2026"],"inLanguage":"es"},{"@type":"WebPage","@id":"https:\/\/esbozodeportivo.com\/index.php\/2025\/03\/20\/argentina-jugara-sin-messi-ante-uruguay\/","url":"https:\/\/esbozodeportivo.com\/index.php\/2025\/03\/20\/argentina-jugara-sin-messi-ante-uruguay\/","name":"Argentina jugar\u00e1 sin Messi ante Uruguay - Esbozo Deportivo","isPartOf":{"@id":"https:\/\/esbozodeportivo.com\/#website"},"primaryImageOfPage":{"@id":"https:\/\/esbozodeportivo.com\/index.php\/2025\/03\/20\/argentina-jugara-sin-messi-ante-uruguay\/#primaryimage"},"image":{"@id":"https:\/\/esbozodeportivo.com\/index.php\/2025\/03\/20\/argentina-jugara-sin-messi-ante-uruguay\/#primaryimage"},"thumbnailUrl":"https:\/\/esbozodeportivo.com\/wp-content\/uploads\/2025\/03\/Seleccion-Albiceleste.jpg","datePublished":"2025-03-21T04:35:12+00:00","description":"El capit\u00e1n de los reinantes campeones mundiales caus\u00f3 baja para esta doble fecha de las eliminatorias de Sudam\u00e9rica tras sufrir una lesi\u00f3n de bajo grado en el m\u00fasculo aductor izquierdo jugando para el Inter Miami, su club de la MLS. El atacante tambi\u00e9n se perder\u00e1 el cl\u00e1sico sudamericano frente a Brasil el pr\u00f3ximo martes en Buenos Aires.","breadcrumb":{"@id":"https:\/\/esbozodeportivo.com\/index.php\/2025\/03\/20\/argentina-jugara-sin-messi-ante-uruguay\/#breadcrumb"},"inLanguage":"es","potentialAction":[{"@type":"ReadAction","target":["https:\/\/esbozodeportivo.com\/index.php\/2025\/03\/20\/argentina-jugara-sin-messi-ante-uruguay\/"]}]},{"@type":"ImageObject","inLanguage":"es","@id":"https:\/\/esbozodeportivo.com\/index.php\/2025\/03\/20\/argentina-jugara-sin-messi-ante-uruguay\/#primaryimage","url":"https:\/\/esbozodeportivo.com\/wp-content\/uploads\/2025\/03\/Seleccion-Albiceleste.jpg","contentUrl":"https:\/\/esbozodeportivo.com\/wp-content\/uploads\/2025\/03\/Seleccion-Albiceleste.jpg","width":1440,"height":960},{"@type":"BreadcrumbList","@id":"https:\/\/esbozodeportivo.com\/index.php\/2025\/03\/20\/argentina-jugara-sin-messi-ante-uruguay\/#breadcrumb","itemListElement":[{"@type":"ListItem","position":1,"name":"Inicio","item":"https:\/\/esbozodeportivo.com\/"},{"@type":"ListItem","position":2,"name":"Argentina jugar\u00e1 sin Messi ante Uruguay"}]},{"@type":"WebSite","@id":"https:\/\/esbozodeportivo.com\/#website","url":"https:\/\/esbozodeportivo.com\/","name":"Esbozo Deportivo","description":"Lo m\u00e1s importante del Deporte","publisher":{"@id":"https:\/\/esbozodeportivo.com\/#organization"},"potentialAction":[{"@type":"SearchAction","target":{"@type":"EntryPoint","urlTemplate":"https:\/\/esbozodeportivo.com\/?s={search_term_string}"},"query-input":{"@type":"PropertyValueSpecification","valueRequired":true,"valueName":"search_term_string"}}],"inLanguage":"es"},{"@type":"Organization","@id":"https:\/\/esbozodeportivo.com\/#organization","name":"Esbozo Deportivo","url":"https:\/\/esbozodeportivo.com\/","logo":{"@type":"ImageObject","inLanguage":"es","@id":"https:\/\/esbozodeportivo.com\/#\/schema\/logo\/image\/","url":"https:\/\/esbozodeportivo.com\/wp-content\/uploads\/2022\/08\/cropped-Logo-Esbozo-Web-2.png","contentUrl":"https:\/\/esbozodeportivo.com\/wp-content\/uploads\/2022\/08\/cropped-Logo-Esbozo-Web-2.png","width":180,"height":50,"caption":"Esbozo Deportivo"},"image":{"@id":"https:\/\/esbozodeportivo.com\/#\/schema\/logo\/image\/"}},{"@type":"Person","@id":"https:\/\/esbozodeportivo.com\/#\/schema\/person\/0f6df9196dfe6740dd0bb31bae50d374","name":"Redacci\u00f3n","image":{"@type":"ImageObject","inLanguage":"es","@id":"https:\/\/esbozodeportivo.com\/#\/schema\/person\/image\/","url":"https:\/\/secure.gravatar.com\/avatar\/f55268a89c3b418f2ef172ff52ab0d09b3e653c58de29539fe329fb93d78ebf3?s=96&d=mm&r=g","contentUrl":"https:\/\/secure.gravatar.com\/avatar\/f55268a89c3b418f2ef172ff52ab0d09b3e653c58de29539fe329fb93d78ebf3?s=96&d=mm&r=g","caption":"Redacci\u00f3n"},"url":"https:\/\/esbozodeportivo.com\/index.php\/author\/redaccion\/"}]}},"jetpack_featured_media_url":"https:\/\/esbozodeportivo.com\/wp-content\/uploads\/2025\/03\/Seleccion-Albiceleste.jpg","jetpack_sharing_enabled":true,"_links":{"self":[{"href":"https:\/\/esbozodeportivo.com\/index.php\/wp-json\/wp\/v2\/posts\/6458","targetHints":{"allow":["GET"]}}],"collection":[{"href":"https:\/\/esbozodeportivo.com\/index.php\/wp-json\/wp\/v2\/posts"}],"about":[{"href":"https:\/\/esbozodeportivo.com\/index.php\/wp-json\/wp\/v2\/types\/post"}],"author":[{"embeddable":true,"href":"https:\/\/esbozodeportivo.com\/index.php\/wp-json\/wp\/v2\/users\/4"}],"replies":[{"embeddable":true,"href":"https:\/\/esbozodeportivo.com\/index.php\/wp-json\/wp\/v2\/comments?post=6458"}],"version-history":[{"count":1,"href":"https:\/\/esbozodeportivo.com\/index.php\/wp-json\/wp\/v2\/posts\/6458\/revisions"}],"predecessor-version":[{"id":6459,"href":"https:\/\/esbozodeportivo.com\/index.php\/wp-json\/wp\/v2\/posts\/6458\/revisions\/6459"}],"wp:featuredmedia":[{"embeddable":true,"href":"https:\/\/esbozodeportivo.com\/index.php\/wp-json\/wp\/v2\/media\/6456"}],"wp:attachment":[{"href":"https:\/\/esbozodeportivo.com\/index.php\/wp-json\/wp\/v2\/media?parent=6458"}],"wp:term":[{"taxonomy":"category","embeddable":true,"href":"https:\/\/esbozodeportivo.com\/index.php\/wp-json\/wp\/v2\/categories?post=6458"},{"taxonomy":"post_tag","embeddable":true,"href":"https:\/\/esbozodeportivo.com\/index.php\/wp-json\/wp\/v2\/tags?post=6458"}],"curies":[{"name":"wp","href":"https:\/\/api.w.org\/{rel}","templated":true}]}}