{"id":6466,"date":"2025-03-21T00:53:14","date_gmt":"2025-03-21T06:53:14","guid":{"rendered":"https:\/\/esbozodeportivo.com\/?p=6466"},"modified":"2025-03-21T00:53:15","modified_gmt":"2025-03-21T06:53:15","slug":"ricardo-monreal-avila-presidente-de-la-jucopo-encabezo-los-trabajos-del-parlatino","status":"publish","type":"post","link":"https:\/\/esbozodeportivo.com\/index.php\/2025\/03\/21\/ricardo-monreal-avila-presidente-de-la-jucopo-encabezo-los-trabajos-del-parlatino\/","title":{"rendered":"Ricardo Monreal \u00c1vila, presidente de la JUCOPO encabezo los trabajos del Parlatino"},"content":{"rendered":"\n<p><strong>Ricardo Monreal<\/strong>,&nbsp; presidente de la de la Junta de <strong>Coordinaci\u00f3n Pol\u00edtica en la C\u00e1mara de Diputados<\/strong>, encabez\u00f3 los trabajos de la <strong>Comisi\u00f3n de Asuntos Pol\u00edticos<\/strong>, <strong>Municipales y<\/strong> <strong>de la Integraci\u00f3n del Parlamento Latinoamericano y Caribe\u00f1o<\/strong> (Parlatino), donde se abord\u00f3 el fen\u00f3meno migratorio, situaci\u00f3n actual y perspectivas, percepci\u00f3n frente este fen\u00f3meno.<\/p>\n\n\n\n<p>En el encuentro que reuni\u00f3 a legisladores de <strong>Bolivia<\/strong>, <strong>Costa Rica<\/strong>, <strong>Chile<\/strong>, <strong>Ecuador<\/strong>, <strong>Paraguay,<\/strong> <strong>Per\u00fa<\/strong>, <strong>San Mart\u00edn<\/strong>, y <strong>Uruguay<\/strong>, el diputado <strong>Ricardo Monreal \u00c1vila<\/strong> destac\u00f3 que los asuntos abordados en esta reuni\u00f3n integran la agenda amplia y ambiciosa, ya que se analizar\u00e1n temas cruciales como la migraci\u00f3n, la violencia pol\u00edtica y algunos aspectos del <strong>Pacto Mundial del Futuro<\/strong>.<\/p>\n\n\n\n<p>En su car\u00e1cter de presidente de la <strong>Comisi\u00f3n del Parlatino<\/strong> y v\u00eda zoom, moder\u00f3 la reuni\u00f3n, la cual se llev\u00f3 a cabo en <strong>Panam\u00e1<\/strong>, donde tambi\u00e9n se analizaron los efectos de la migraci\u00f3n en el desarrollo nacional, pol\u00edticas p\u00fablicas y regulaci\u00f3n sobre de esta migraci\u00f3n, as\u00ed como las acciones que deben tomarse ante la pol\u00edtica en la materia de Estados Unidos, la amenaza de deportaciones masivas de migrantes y temas en com\u00fan de la regi\u00f3n latinoamericana y caribe\u00f1a.<\/p>\n\n\n\n<p>De igual manera, el combate a la pobreza y la gobernanza de la inteligencia artificial, donde a partir del intercambio de opiniones se lograr\u00e1 contar con informaci\u00f3n sobre los resultados y buenas pr\u00e1cticas que los gobiernos de Latinoam\u00e9rica y el Caribe han implementado para enfrentar estos asuntos tan complejos.<\/p>\n\n\n\n<p>En la primera mesa de an\u00e1lisis <strong>\u201cPercepciones frente a la Migraci\u00f3n\u201d,<\/strong> el diputado <strong>Monreal \u00c1vila<\/strong>, mencion\u00f3 que <strong>M\u00e9xico<\/strong> presenta una complejidad en materia migratoria, toda vez que millones de personas se han ido a buscar nuevas oportunidades, sobre todo a Estados Unidos. Igualmente, hay quienes regresan, est\u00e1n en tr\u00e1nsito o, incluso, buscan establecerse en el pa\u00eds.<\/p>\n\n\n\n<p>Agreg\u00f3 que, ante ello, una buena proporci\u00f3n de la poblaci\u00f3n considera que el Gobierno debe tomar medidas para controlar la migraci\u00f3n irregular, lo cual es relevante porque, en a\u00f1os recientes, hay un aumento en el n\u00famero de personas que est\u00e1n en tr\u00e1nsito o que buscan instalarse en el pa\u00eds, adem\u00e1s, las actitudes de discriminaci\u00f3n han incrementado.<\/p>\n\n\n\n<p>&nbsp;\u201cEstamos trabajando para cambiar la situaci\u00f3n, mediante un marco regulatorio que ampara la no discriminaci\u00f3n hacia las y los migrantes y demanda el respeto irrestricto a sus derechos. Asimismo, garantiza que las personas en movilidad tengan acceso a los diferentes servicios de salud o educaci\u00f3n\u201d, destac\u00f3 el diputado.<\/p>\n\n\n\n<p>A su vez, en su participaci\u00f3n en la segunda mesa de an\u00e1lisis <strong>\u201cEfectos de la Migraci\u00f3n en el Desarrollo Nacional\u201d<\/strong>, <strong>Monreal \u00c1vila<\/strong>, apunt\u00f3 que las y los inmigrantes contribuyen con impuestos y mano de obra a la econom\u00eda de los pa\u00edses en los que viven.<\/p>\n\n\n\n<p>Subray\u00f3 que el <strong>Banco Mundial<\/strong> estima que, el a\u00f1o pasado, en el mundo, los pa\u00edses de ingreso bajo y medio recibieron m\u00e1s de 600 mil millones de d\u00f3lares por estas transferencias. Un cuarto de esta suma fue para hogares latinoamericanos y caribe\u00f1os.<\/p>\n\n\n\n<p>En el caso de <strong>M\u00e9xico<\/strong>, apunt\u00f3, las remesas son fundamentales, ya que es el segundo pa\u00eds, despu\u00e9s de India, que m\u00e1s recibe remesas en t\u00e9rminos absolutos. Despu\u00e9s est\u00e1n <strong>China <\/strong>y <strong>Filipinas<\/strong>. \u201cPara nosotros, estos recursos han sido y son una fuente muy importante de divisas\u201d, relat\u00f3 el diputado <strong>Monreal \u00c1vila<\/strong>.<\/p>\n\n\n\n<p>En la tercera mesa de an\u00e1lisis \u201c<strong>Pol\u00edticas P\u00fablicas y Regulaci\u00f3n sobre Migraci\u00f3n\u201d,<\/strong> <strong>Ricardo Monreal \u00c1vila<\/strong>, expuso que en la actualidad, hay 11 millones de personas en <strong>Estados Unidos<\/strong> que nacieron en M\u00e9xico. De este total, se calcula que unos cinco millones est\u00e1n en situaci\u00f3n irregular, de los cuales un 40 por ciento tienen alg\u00fan tipo de protecci\u00f3n migratoria.<\/p>\n\n\n\n<p><strong>Monreal \u00c1vila<\/strong> explic\u00f3 que los trabajos de la Comisi\u00f3n que encabeza abordar\u00e1n el d\u00eda de ma\u00f1ana la violencia pol\u00edtica, la remisi\u00f3n de experiencias y mejores pr\u00e1cticas, el pacto para el futuro, adem\u00e1s se firmar\u00e1 el acta que constata las actividades efectuadas por esta instancia.<\/p>\n\n\n\n<p><\/p>\n","protected":false},"excerpt":{"rendered":"<p>Ricardo Monreal,&nbsp; presidente de la de la Junta de Coordinaci\u00f3n Pol\u00edtica en la C\u00e1mara de<\/p>\n","protected":false},"author":4,"featured_media":6470,"comment_status":"closed","ping_status":"open","sticky":false,"template":"","format":"standard","meta":{"_jetpack_memberships_contains_paid_content":false,"footnotes":""},"categories":[36],"tags":[],"class_list":["post-6466","post","type-post","status-publish","format-standard","has-post-thumbnail","hentry","category-nacional"],"yoast_head":"<!-- This site is optimized with the Yoast SEO plugin v25.7 - https:\/\/yoast.com\/wordpress\/plugins\/seo\/ -->\n<title>Ricardo Monreal \u00c1vila, presidente de la JUCOPO encabezo los trabajos del Parlatino - Esbozo Deportivo<\/title>\n<meta name=\"description\" content=\"Ricardo Monreal,\u00a0 presidente de la de la Junta de Coordinaci\u00f3n Pol\u00edtica en la C\u00e1mara de Diputados, encabez\u00f3 los trabajos de la Comisi\u00f3n de Asuntos Pol\u00edticos, Municipales y de la Integraci\u00f3n del Parlamento Latinoamericano y Caribe\u00f1o (Parlatino), donde se abord\u00f3 el fen\u00f3meno migratorio, situaci\u00f3n actual y perspectivas, percepci\u00f3n frente este fen\u00f3meno.\" \/>\n<meta name=\"robots\" content=\"index, follow, max-snippet:-1, max-image-preview:large, max-video-preview:-1\" \/>\n<link rel=\"canonical\" href=\"https:\/\/esbozodeportivo.com\/index.php\/2025\/03\/21\/ricardo-monreal-avila-presidente-de-la-jucopo-encabezo-los-trabajos-del-parlatino\/\" \/>\n<meta property=\"og:locale\" content=\"es_MX\" \/>\n<meta property=\"og:type\" content=\"article\" \/>\n<meta property=\"og:title\" content=\"Ricardo Monreal \u00c1vila, presidente de la JUCOPO encabezo los trabajos del Parlatino - Esbozo Deportivo\" \/>\n<meta property=\"og:description\" content=\"Ricardo Monreal,\u00a0 presidente de la de la Junta de Coordinaci\u00f3n Pol\u00edtica en la C\u00e1mara de Diputados, encabez\u00f3 los trabajos de la Comisi\u00f3n de Asuntos Pol\u00edticos, Municipales y de la Integraci\u00f3n del Parlamento Latinoamericano y Caribe\u00f1o (Parlatino), donde se abord\u00f3 el fen\u00f3meno migratorio, situaci\u00f3n actual y perspectivas, percepci\u00f3n frente este fen\u00f3meno.\" \/>\n<meta property=\"og:url\" content=\"https:\/\/esbozodeportivo.com\/index.php\/2025\/03\/21\/ricardo-monreal-avila-presidente-de-la-jucopo-encabezo-los-trabajos-del-parlatino\/\" \/>\n<meta property=\"og:site_name\" content=\"Esbozo Deportivo\" \/>\n<meta property=\"article:published_time\" content=\"2025-03-21T06:53:14+00:00\" \/>\n<meta property=\"article:modified_time\" content=\"2025-03-21T06:53:15+00:00\" \/>\n<meta property=\"og:image\" content=\"https:\/\/esbozodeportivo.com\/wp-content\/uploads\/2025\/03\/RIcardo-Monreal.jpg\" \/>\n\t<meta property=\"og:image:width\" content=\"1280\" \/>\n\t<meta property=\"og:image:height\" content=\"853\" \/>\n\t<meta property=\"og:image:type\" content=\"image\/jpeg\" \/>\n<meta name=\"author\" content=\"Redacci\u00f3n\" \/>\n<meta name=\"twitter:card\" content=\"summary_large_image\" \/>\n<meta name=\"twitter:label1\" content=\"Escrito por\" \/>\n\t<meta name=\"twitter:data1\" content=\"Redacci\u00f3n\" \/>\n\t<meta name=\"twitter:label2\" content=\"Tiempo de lectura\" \/>\n\t<meta name=\"twitter:data2\" content=\"4 minutos\" \/>\n<script type=\"application\/ld+json\" class=\"yoast-schema-graph\">{\"@context\":\"https:\/\/schema.org\",\"@graph\":[{\"@type\":\"Article\",\"@id\":\"https:\/\/esbozodeportivo.com\/index.php\/2025\/03\/21\/ricardo-monreal-avila-presidente-de-la-jucopo-encabezo-los-trabajos-del-parlatino\/#article\",\"isPartOf\":{\"@id\":\"https:\/\/esbozodeportivo.com\/index.php\/2025\/03\/21\/ricardo-monreal-avila-presidente-de-la-jucopo-encabezo-los-trabajos-del-parlatino\/\"},\"author\":{\"name\":\"Redacci\u00f3n\",\"@id\":\"https:\/\/esbozodeportivo.com\/#\/schema\/person\/0f6df9196dfe6740dd0bb31bae50d374\"},\"headline\":\"Ricardo Monreal \u00c1vila, presidente de la JUCOPO encabezo los trabajos del Parlatino\",\"datePublished\":\"2025-03-21T06:53:14+00:00\",\"dateModified\":\"2025-03-21T06:53:15+00:00\",\"mainEntityOfPage\":{\"@id\":\"https:\/\/esbozodeportivo.com\/index.php\/2025\/03\/21\/ricardo-monreal-avila-presidente-de-la-jucopo-encabezo-los-trabajos-del-parlatino\/\"},\"wordCount\":732,\"publisher\":{\"@id\":\"https:\/\/esbozodeportivo.com\/#organization\"},\"image\":{\"@id\":\"https:\/\/esbozodeportivo.com\/index.php\/2025\/03\/21\/ricardo-monreal-avila-presidente-de-la-jucopo-encabezo-los-trabajos-del-parlatino\/#primaryimage\"},\"thumbnailUrl\":\"https:\/\/esbozodeportivo.com\/wp-content\/uploads\/2025\/03\/RIcardo-Monreal.jpg\",\"articleSection\":[\"Nacional\"],\"inLanguage\":\"es\"},{\"@type\":\"WebPage\",\"@id\":\"https:\/\/esbozodeportivo.com\/index.php\/2025\/03\/21\/ricardo-monreal-avila-presidente-de-la-jucopo-encabezo-los-trabajos-del-parlatino\/\",\"url\":\"https:\/\/esbozodeportivo.com\/index.php\/2025\/03\/21\/ricardo-monreal-avila-presidente-de-la-jucopo-encabezo-los-trabajos-del-parlatino\/\",\"name\":\"Ricardo Monreal \u00c1vila, presidente de la JUCOPO encabezo los trabajos del Parlatino - Esbozo Deportivo\",\"isPartOf\":{\"@id\":\"https:\/\/esbozodeportivo.com\/#website\"},\"primaryImageOfPage\":{\"@id\":\"https:\/\/esbozodeportivo.com\/index.php\/2025\/03\/21\/ricardo-monreal-avila-presidente-de-la-jucopo-encabezo-los-trabajos-del-parlatino\/#primaryimage\"},\"image\":{\"@id\":\"https:\/\/esbozodeportivo.com\/index.php\/2025\/03\/21\/ricardo-monreal-avila-presidente-de-la-jucopo-encabezo-los-trabajos-del-parlatino\/#primaryimage\"},\"thumbnailUrl\":\"https:\/\/esbozodeportivo.com\/wp-content\/uploads\/2025\/03\/RIcardo-Monreal.jpg\",\"datePublished\":\"2025-03-21T06:53:14+00:00\",\"dateModified\":\"2025-03-21T06:53:15+00:00\",\"description\":\"Ricardo Monreal,\u00a0 presidente de la de la Junta de Coordinaci\u00f3n Pol\u00edtica en la C\u00e1mara de Diputados, encabez\u00f3 los trabajos de la Comisi\u00f3n de Asuntos Pol\u00edticos, Municipales y de la Integraci\u00f3n del Parlamento Latinoamericano y Caribe\u00f1o (Parlatino), donde se abord\u00f3 el fen\u00f3meno migratorio, situaci\u00f3n actual y perspectivas, percepci\u00f3n frente este fen\u00f3meno.\",\"breadcrumb\":{\"@id\":\"https:\/\/esbozodeportivo.com\/index.php\/2025\/03\/21\/ricardo-monreal-avila-presidente-de-la-jucopo-encabezo-los-trabajos-del-parlatino\/#breadcrumb\"},\"inLanguage\":\"es\",\"potentialAction\":[{\"@type\":\"ReadAction\",\"target\":[\"https:\/\/esbozodeportivo.com\/index.php\/2025\/03\/21\/ricardo-monreal-avila-presidente-de-la-jucopo-encabezo-los-trabajos-del-parlatino\/\"]}]},{\"@type\":\"ImageObject\",\"inLanguage\":\"es\",\"@id\":\"https:\/\/esbozodeportivo.com\/index.php\/2025\/03\/21\/ricardo-monreal-avila-presidente-de-la-jucopo-encabezo-los-trabajos-del-parlatino\/#primaryimage\",\"url\":\"https:\/\/esbozodeportivo.com\/wp-content\/uploads\/2025\/03\/RIcardo-Monreal.jpg\",\"contentUrl\":\"https:\/\/esbozodeportivo.com\/wp-content\/uploads\/2025\/03\/RIcardo-Monreal.jpg\",\"width\":1280,\"height\":853},{\"@type\":\"BreadcrumbList\",\"@id\":\"https:\/\/esbozodeportivo.com\/index.php\/2025\/03\/21\/ricardo-monreal-avila-presidente-de-la-jucopo-encabezo-los-trabajos-del-parlatino\/#breadcrumb\",\"itemListElement\":[{\"@type\":\"ListItem\",\"position\":1,\"name\":\"Inicio\",\"item\":\"https:\/\/esbozodeportivo.com\/\"},{\"@type\":\"ListItem\",\"position\":2,\"name\":\"Ricardo Monreal \u00c1vila, presidente de la JUCOPO encabezo los trabajos del Parlatino\"}]},{\"@type\":\"WebSite\",\"@id\":\"https:\/\/esbozodeportivo.com\/#website\",\"url\":\"https:\/\/esbozodeportivo.com\/\",\"name\":\"Esbozo Deportivo\",\"description\":\"Lo m\u00e1s importante del Deporte\",\"publisher\":{\"@id\":\"https:\/\/esbozodeportivo.com\/#organization\"},\"potentialAction\":[{\"@type\":\"SearchAction\",\"target\":{\"@type\":\"EntryPoint\",\"urlTemplate\":\"https:\/\/esbozodeportivo.com\/?s={search_term_string}\"},\"query-input\":{\"@type\":\"PropertyValueSpecification\",\"valueRequired\":true,\"valueName\":\"search_term_string\"}}],\"inLanguage\":\"es\"},{\"@type\":\"Organization\",\"@id\":\"https:\/\/esbozodeportivo.com\/#organization\",\"name\":\"Esbozo Deportivo\",\"url\":\"https:\/\/esbozodeportivo.com\/\",\"logo\":{\"@type\":\"ImageObject\",\"inLanguage\":\"es\",\"@id\":\"https:\/\/esbozodeportivo.com\/#\/schema\/logo\/image\/\",\"url\":\"https:\/\/esbozodeportivo.com\/wp-content\/uploads\/2022\/08\/cropped-Logo-Esbozo-Web-2.png\",\"contentUrl\":\"https:\/\/esbozodeportivo.com\/wp-content\/uploads\/2022\/08\/cropped-Logo-Esbozo-Web-2.png\",\"width\":180,\"height\":50,\"caption\":\"Esbozo Deportivo\"},\"image\":{\"@id\":\"https:\/\/esbozodeportivo.com\/#\/schema\/logo\/image\/\"}},{\"@type\":\"Person\",\"@id\":\"https:\/\/esbozodeportivo.com\/#\/schema\/person\/0f6df9196dfe6740dd0bb31bae50d374\",\"name\":\"Redacci\u00f3n\",\"image\":{\"@type\":\"ImageObject\",\"inLanguage\":\"es\",\"@id\":\"https:\/\/esbozodeportivo.com\/#\/schema\/person\/image\/\",\"url\":\"https:\/\/secure.gravatar.com\/avatar\/f55268a89c3b418f2ef172ff52ab0d09b3e653c58de29539fe329fb93d78ebf3?s=96&d=mm&r=g\",\"contentUrl\":\"https:\/\/secure.gravatar.com\/avatar\/f55268a89c3b418f2ef172ff52ab0d09b3e653c58de29539fe329fb93d78ebf3?s=96&d=mm&r=g\",\"caption\":\"Redacci\u00f3n\"},\"url\":\"https:\/\/esbozodeportivo.com\/index.php\/author\/redaccion\/\"}]}<\/script>\n<!-- \/ Yoast SEO plugin. -->","yoast_head_json":{"title":"Ricardo Monreal \u00c1vila, presidente de la JUCOPO encabezo los trabajos del Parlatino - Esbozo Deportivo","description":"Ricardo Monreal,\u00a0 presidente de la de la Junta de Coordinaci\u00f3n Pol\u00edtica en la C\u00e1mara de Diputados, encabez\u00f3 los trabajos de la Comisi\u00f3n de Asuntos Pol\u00edticos, Municipales y de la Integraci\u00f3n del Parlamento Latinoamericano y Caribe\u00f1o (Parlatino), donde se abord\u00f3 el fen\u00f3meno migratorio, situaci\u00f3n actual y perspectivas, percepci\u00f3n frente este fen\u00f3meno.","robots":{"index":"index","follow":"follow","max-snippet":"max-snippet:-1","max-image-preview":"max-image-preview:large","max-video-preview":"max-video-preview:-1"},"canonical":"https:\/\/esbozodeportivo.com\/index.php\/2025\/03\/21\/ricardo-monreal-avila-presidente-de-la-jucopo-encabezo-los-trabajos-del-parlatino\/","og_locale":"es_MX","og_type":"article","og_title":"Ricardo Monreal \u00c1vila, presidente de la JUCOPO encabezo los trabajos del Parlatino - Esbozo Deportivo","og_description":"Ricardo Monreal,\u00a0 presidente de la de la Junta de Coordinaci\u00f3n Pol\u00edtica en la C\u00e1mara de Diputados, encabez\u00f3 los trabajos de la Comisi\u00f3n de Asuntos Pol\u00edticos, Municipales y de la Integraci\u00f3n del Parlamento Latinoamericano y Caribe\u00f1o (Parlatino), donde se abord\u00f3 el fen\u00f3meno migratorio, situaci\u00f3n actual y perspectivas, percepci\u00f3n frente este fen\u00f3meno.","og_url":"https:\/\/esbozodeportivo.com\/index.php\/2025\/03\/21\/ricardo-monreal-avila-presidente-de-la-jucopo-encabezo-los-trabajos-del-parlatino\/","og_site_name":"Esbozo Deportivo","article_published_time":"2025-03-21T06:53:14+00:00","article_modified_time":"2025-03-21T06:53:15+00:00","og_image":[{"width":1280,"height":853,"url":"https:\/\/esbozodeportivo.com\/wp-content\/uploads\/2025\/03\/RIcardo-Monreal.jpg","type":"image\/jpeg"}],"author":"Redacci\u00f3n","twitter_card":"summary_large_image","twitter_misc":{"Escrito por":"Redacci\u00f3n","Tiempo de lectura":"4 minutos"},"schema":{"@context":"https:\/\/schema.org","@graph":[{"@type":"Article","@id":"https:\/\/esbozodeportivo.com\/index.php\/2025\/03\/21\/ricardo-monreal-avila-presidente-de-la-jucopo-encabezo-los-trabajos-del-parlatino\/#article","isPartOf":{"@id":"https:\/\/esbozodeportivo.com\/index.php\/2025\/03\/21\/ricardo-monreal-avila-presidente-de-la-jucopo-encabezo-los-trabajos-del-parlatino\/"},"author":{"name":"Redacci\u00f3n","@id":"https:\/\/esbozodeportivo.com\/#\/schema\/person\/0f6df9196dfe6740dd0bb31bae50d374"},"headline":"Ricardo Monreal \u00c1vila, presidente de la JUCOPO encabezo los trabajos del Parlatino","datePublished":"2025-03-21T06:53:14+00:00","dateModified":"2025-03-21T06:53:15+00:00","mainEntityOfPage":{"@id":"https:\/\/esbozodeportivo.com\/index.php\/2025\/03\/21\/ricardo-monreal-avila-presidente-de-la-jucopo-encabezo-los-trabajos-del-parlatino\/"},"wordCount":732,"publisher":{"@id":"https:\/\/esbozodeportivo.com\/#organization"},"image":{"@id":"https:\/\/esbozodeportivo.com\/index.php\/2025\/03\/21\/ricardo-monreal-avila-presidente-de-la-jucopo-encabezo-los-trabajos-del-parlatino\/#primaryimage"},"thumbnailUrl":"https:\/\/esbozodeportivo.com\/wp-content\/uploads\/2025\/03\/RIcardo-Monreal.jpg","articleSection":["Nacional"],"inLanguage":"es"},{"@type":"WebPage","@id":"https:\/\/esbozodeportivo.com\/index.php\/2025\/03\/21\/ricardo-monreal-avila-presidente-de-la-jucopo-encabezo-los-trabajos-del-parlatino\/","url":"https:\/\/esbozodeportivo.com\/index.php\/2025\/03\/21\/ricardo-monreal-avila-presidente-de-la-jucopo-encabezo-los-trabajos-del-parlatino\/","name":"Ricardo Monreal \u00c1vila, presidente de la JUCOPO encabezo los trabajos del Parlatino - Esbozo Deportivo","isPartOf":{"@id":"https:\/\/esbozodeportivo.com\/#website"},"primaryImageOfPage":{"@id":"https:\/\/esbozodeportivo.com\/index.php\/2025\/03\/21\/ricardo-monreal-avila-presidente-de-la-jucopo-encabezo-los-trabajos-del-parlatino\/#primaryimage"},"image":{"@id":"https:\/\/esbozodeportivo.com\/index.php\/2025\/03\/21\/ricardo-monreal-avila-presidente-de-la-jucopo-encabezo-los-trabajos-del-parlatino\/#primaryimage"},"thumbnailUrl":"https:\/\/esbozodeportivo.com\/wp-content\/uploads\/2025\/03\/RIcardo-Monreal.jpg","datePublished":"2025-03-21T06:53:14+00:00","dateModified":"2025-03-21T06:53:15+00:00","description":"Ricardo Monreal,\u00a0 presidente de la de la Junta de Coordinaci\u00f3n Pol\u00edtica en la C\u00e1mara de Diputados, encabez\u00f3 los trabajos de la Comisi\u00f3n de Asuntos Pol\u00edticos, Municipales y de la Integraci\u00f3n del Parlamento Latinoamericano y Caribe\u00f1o (Parlatino), donde se abord\u00f3 el fen\u00f3meno migratorio, situaci\u00f3n actual y perspectivas, percepci\u00f3n frente este fen\u00f3meno.","breadcrumb":{"@id":"https:\/\/esbozodeportivo.com\/index.php\/2025\/03\/21\/ricardo-monreal-avila-presidente-de-la-jucopo-encabezo-los-trabajos-del-parlatino\/#breadcrumb"},"inLanguage":"es","potentialAction":[{"@type":"ReadAction","target":["https:\/\/esbozodeportivo.com\/index.php\/2025\/03\/21\/ricardo-monreal-avila-presidente-de-la-jucopo-encabezo-los-trabajos-del-parlatino\/"]}]},{"@type":"ImageObject","inLanguage":"es","@id":"https:\/\/esbozodeportivo.com\/index.php\/2025\/03\/21\/ricardo-monreal-avila-presidente-de-la-jucopo-encabezo-los-trabajos-del-parlatino\/#primaryimage","url":"https:\/\/esbozodeportivo.com\/wp-content\/uploads\/2025\/03\/RIcardo-Monreal.jpg","contentUrl":"https:\/\/esbozodeportivo.com\/wp-content\/uploads\/2025\/03\/RIcardo-Monreal.jpg","width":1280,"height":853},{"@type":"BreadcrumbList","@id":"https:\/\/esbozodeportivo.com\/index.php\/2025\/03\/21\/ricardo-monreal-avila-presidente-de-la-jucopo-encabezo-los-trabajos-del-parlatino\/#breadcrumb","itemListElement":[{"@type":"ListItem","position":1,"name":"Inicio","item":"https:\/\/esbozodeportivo.com\/"},{"@type":"ListItem","position":2,"name":"Ricardo Monreal \u00c1vila, presidente de la JUCOPO encabezo los trabajos del Parlatino"}]},{"@type":"WebSite","@id":"https:\/\/esbozodeportivo.com\/#website","url":"https:\/\/esbozodeportivo.com\/","name":"Esbozo Deportivo","description":"Lo m\u00e1s importante del Deporte","publisher":{"@id":"https:\/\/esbozodeportivo.com\/#organization"},"potentialAction":[{"@type":"SearchAction","target":{"@type":"EntryPoint","urlTemplate":"https:\/\/esbozodeportivo.com\/?s={search_term_string}"},"query-input":{"@type":"PropertyValueSpecification","valueRequired":true,"valueName":"search_term_string"}}],"inLanguage":"es"},{"@type":"Organization","@id":"https:\/\/esbozodeportivo.com\/#organization","name":"Esbozo Deportivo","url":"https:\/\/esbozodeportivo.com\/","logo":{"@type":"ImageObject","inLanguage":"es","@id":"https:\/\/esbozodeportivo.com\/#\/schema\/logo\/image\/","url":"https:\/\/esbozodeportivo.com\/wp-content\/uploads\/2022\/08\/cropped-Logo-Esbozo-Web-2.png","contentUrl":"https:\/\/esbozodeportivo.com\/wp-content\/uploads\/2022\/08\/cropped-Logo-Esbozo-Web-2.png","width":180,"height":50,"caption":"Esbozo Deportivo"},"image":{"@id":"https:\/\/esbozodeportivo.com\/#\/schema\/logo\/image\/"}},{"@type":"Person","@id":"https:\/\/esbozodeportivo.com\/#\/schema\/person\/0f6df9196dfe6740dd0bb31bae50d374","name":"Redacci\u00f3n","image":{"@type":"ImageObject","inLanguage":"es","@id":"https:\/\/esbozodeportivo.com\/#\/schema\/person\/image\/","url":"https:\/\/secure.gravatar.com\/avatar\/f55268a89c3b418f2ef172ff52ab0d09b3e653c58de29539fe329fb93d78ebf3?s=96&d=mm&r=g","contentUrl":"https:\/\/secure.gravatar.com\/avatar\/f55268a89c3b418f2ef172ff52ab0d09b3e653c58de29539fe329fb93d78ebf3?s=96&d=mm&r=g","caption":"Redacci\u00f3n"},"url":"https:\/\/esbozodeportivo.com\/index.php\/author\/redaccion\/"}]}},"jetpack_featured_media_url":"https:\/\/esbozodeportivo.com\/wp-content\/uploads\/2025\/03\/RIcardo-Monreal.jpg","jetpack_sharing_enabled":true,"_links":{"self":[{"href":"https:\/\/esbozodeportivo.com\/index.php\/wp-json\/wp\/v2\/posts\/6466","targetHints":{"allow":["GET"]}}],"collection":[{"href":"https:\/\/esbozodeportivo.com\/index.php\/wp-json\/wp\/v2\/posts"}],"about":[{"href":"https:\/\/esbozodeportivo.com\/index.php\/wp-json\/wp\/v2\/types\/post"}],"author":[{"embeddable":true,"href":"https:\/\/esbozodeportivo.com\/index.php\/wp-json\/wp\/v2\/users\/4"}],"replies":[{"embeddable":true,"href":"https:\/\/esbozodeportivo.com\/index.php\/wp-json\/wp\/v2\/comments?post=6466"}],"version-history":[{"count":1,"href":"https:\/\/esbozodeportivo.com\/index.php\/wp-json\/wp\/v2\/posts\/6466\/revisions"}],"predecessor-version":[{"id":6471,"href":"https:\/\/esbozodeportivo.com\/index.php\/wp-json\/wp\/v2\/posts\/6466\/revisions\/6471"}],"wp:featuredmedia":[{"embeddable":true,"href":"https:\/\/esbozodeportivo.com\/index.php\/wp-json\/wp\/v2\/media\/6470"}],"wp:attachment":[{"href":"https:\/\/esbozodeportivo.com\/index.php\/wp-json\/wp\/v2\/media?parent=6466"}],"wp:term":[{"taxonomy":"category","embeddable":true,"href":"https:\/\/esbozodeportivo.com\/index.php\/wp-json\/wp\/v2\/categories?post=6466"},{"taxonomy":"post_tag","embeddable":true,"href":"https:\/\/esbozodeportivo.com\/index.php\/wp-json\/wp\/v2\/tags?post=6466"}],"curies":[{"name":"wp","href":"https:\/\/api.w.org\/{rel}","templated":true}]}}