{"id":6476,"date":"2025-03-21T00:58:55","date_gmt":"2025-03-21T06:58:55","guid":{"rendered":"https:\/\/esbozodeportivo.com\/?p=6476"},"modified":"2025-03-21T00:58:55","modified_gmt":"2025-03-21T06:58:55","slug":"teuchitlan-representa-no-solo-la-impunidad-sino-un-caso-donde-hubo-omisiones-graves-ricardo-monreal","status":"publish","type":"post","link":"https:\/\/esbozodeportivo.com\/index.php\/2025\/03\/21\/teuchitlan-representa-no-solo-la-impunidad-sino-un-caso-donde-hubo-omisiones-graves-ricardo-monreal\/","title":{"rendered":"Teuchitl\u00e1n representa no solo la impunidad, sino un caso donde hubo omisiones graves: Ricardo Monreal"},"content":{"rendered":"\n<p><strong>Ricardo Monreal<\/strong>, presidente de la de la Junta de <strong>Coordinaci\u00f3n Pol\u00edtica en la C\u00e1mara de Diputados<\/strong>, respondi\u00f3 en conferencia de prensa respecto a los derechos de los trabajadores del <strong>INAI,<\/strong> que existe un transitorio que establece que la Secretar\u00eda de la <strong>Funci\u00f3n P\u00fablica<\/strong> para absorber las plazas de trabajo que en el <strong>INAI<\/strong> existen.<\/p>\n\n\n\n<p>Respecto al caso de <strong>Teuchitl\u00e1n<\/strong>, el coordinador de los diputados de <strong>Morena <\/strong>afirmo: \u201cNadie puede estar satisfecho ni tampoco conforme con lo que est\u00e1 sucediendo ah\u00ed. Lo que ah\u00ed sucedi\u00f3, lo que representa para todos los mexicanos y mexicanas, una verg\u00fcenza que concentra no solo impunidad, sino omisiones graves. Ya ayer, el <strong>Fiscal General de la Rep\u00fablica<\/strong> ha expresado una larga lista de omisiones graves que en cualquier estado y en cualquier <strong>Fiscal\u00eda Estatal<\/strong> o <strong>Secretar\u00eda de Seguridad de<\/strong> <strong>P\u00fablica Municipal<\/strong> pueden hacerse de la vista gorda de una dimensi\u00f3n tan grave de los hechos que ah\u00ed ocurrieron.<\/p>\n\n\n\n<p>El fiscal general de la Rep\u00fablica ayer hizo una cosa ins\u00f3lita. No hay precedente en el que demuestra con pruebas c\u00f3mo hubo omisiones graves de investigaci\u00f3n de delitos, de persecuci\u00f3n de delitos que se suscitaron en el municipio y en el estado. Ahora creo que estuvieron all\u00e1.<\/p>\n\n\n\n<p>Lo importante es que el <strong>Fiscal General de la Rep\u00fablica<\/strong>, la instituci\u00f3n que representa al <strong>Ministerio P\u00fablico<\/strong>, ya ha reasumido o ha asumido el control de la investigaci\u00f3n y est\u00e1n una serie de ministerios p\u00fablicos integrando la carpeta de investigaci\u00f3n. Y nosotros como legisladores estamos urgiendo a que haya claridad y haya con rapidez la impartici\u00f3n de justicia para la gente que sufri\u00f3 en esos lugares la desaparici\u00f3n de familiares o de personas. Confiamos plenamente en el fiscal.<\/p>\n\n\n\n<p>Yo tengo una buena opini\u00f3n del fiscal <strong>Gertz Manero<\/strong> y estoy seguro que va a dar resultados. Respuestas a cuyas preguntas muchos nos hemos hecho estos d\u00edas despu\u00e9s del descubrimiento de este campo de adiestramiento con fosas, con muchas v\u00edctimas que ah\u00ed sufrieron. Y con elementos de prueba que no podr\u00e1 escaparse nadie de los que fueron responsables de esta tragedia que est\u00e1 sucediendo en Teuchitl\u00e1n del estado de Jalisco.<\/p>\n\n\n\n<p><strong>Ricardo Monreal<\/strong> exigi\u00f3 que se llegue hasta las \u00faltimas consecuencias: \u201cPorque ah\u00ed algo pasa, algo raro. Tiene que investigarse qui\u00e9n gobernaba, c\u00f3mo gobernaban, c\u00f3mo es que nadie se daba cuenta de lo que estaba pasando ah\u00ed. Y las omisiones tan graves que ahora est\u00e1n revel\u00e1ndose, no hablan sino de complicidades\u201d.<\/p>\n\n\n\n<p>Y eso no se puede tolerar. Por eso todos los que actuaron ah\u00ed, los propios partidos que ahora est\u00e1n reclamando justicia, tienen que ser muy ponderados y muy cuidadosos. Porque debemos dar paso a que la acci\u00f3n y la persecuci\u00f3n del delito, la indagatoria, se lleve a cabo con profesionalismo y con imparcialidad.<\/p>\n\n\n\n<p>&nbsp;Y que sea quien sea, pague por esta grave situaci\u00f3n que apenas se dio a conocer a la poblaci\u00f3n, al pa\u00eds y al mundo apenas hace unas semanas.<\/p>\n\n\n\n<p>\u201cQu\u00e9 bueno que se visibilizaron las <strong>Madres Buscadoras<\/strong>. Y qu\u00e9 bueno que se les va a fortalecer. Y qu\u00e9 bueno que la <strong>Presidenta de la Rep\u00fablica<\/strong> ha indicado que habr\u00e1 m\u00e1s recursos econ\u00f3micos para reforzar su tarea\u201d.<\/p>\n\n\n\n<p>Y que habr\u00e1, hoy esper\u00e1bamos o esperaremos las pr\u00f3ximas horas, dos iniciativas de reformas a la ley en esta materia. No han llegado. No sabemos si vayan a enviarse como <strong>C\u00e1mara de origen al Senado <\/strong>o a la <strong>C\u00e1mara de Diputados<\/strong>.<\/p>\n\n\n\n<p>Pero, en cualquier caso, nosotros estaremos esper\u00e1ndolas para procesarlas de manera r\u00e1pida, en beneficio de la verdad y en beneficio de la justicia. Ah\u00ed en <strong>Teuchitl\u00e1n<\/strong>, para las v\u00edctimas que han sufrido esta desaparici\u00f3n. Pero no solo esas v\u00edctimas, sino en todo el pa\u00eds.<\/p>\n\n\n\n<p>Lo que est\u00e9 pasando en todo el pa\u00eds es una llamada de atenci\u00f3n para continuar con esta voluntad pol\u00edtica que ha expresado la <strong>Presidenta Claudia Sheinbaum<\/strong> de llegar hasta las \u00faltimas consecuencias.<\/p>\n\n\n\n<p><\/p>\n","protected":false},"excerpt":{"rendered":"<p>Ricardo Monreal, presidente de la de la Junta de Coordinaci\u00f3n Pol\u00edtica en la C\u00e1mara de<\/p>\n","protected":false},"author":4,"featured_media":6469,"comment_status":"closed","ping_status":"open","sticky":false,"template":"","format":"standard","meta":{"_jetpack_memberships_contains_paid_content":false,"footnotes":""},"categories":[36],"tags":[],"class_list":["post-6476","post","type-post","status-publish","format-standard","has-post-thumbnail","hentry","category-nacional"],"yoast_head":"<!-- This site is optimized with the Yoast SEO plugin v25.7 - https:\/\/yoast.com\/wordpress\/plugins\/seo\/ -->\n<title>Teuchitl\u00e1n representa no solo la impunidad, sino un caso donde hubo omisiones graves: Ricardo Monreal - Esbozo Deportivo<\/title>\n<meta name=\"description\" content=\"Ricardo Monreal, presidente de la de la Junta de Coordinaci\u00f3n Pol\u00edtica en la C\u00e1mara de Diputados, respondi\u00f3 en conferencia de prensa respecto a los derechos de los trabajadores del INAI, que existe un transitorio que establece que la Secretar\u00eda de la Funci\u00f3n P\u00fablica para absorber las plazas de trabajo que en el INAI existen.\" \/>\n<meta name=\"robots\" content=\"index, follow, max-snippet:-1, max-image-preview:large, max-video-preview:-1\" \/>\n<link rel=\"canonical\" href=\"https:\/\/esbozodeportivo.com\/index.php\/2025\/03\/21\/teuchitlan-representa-no-solo-la-impunidad-sino-un-caso-donde-hubo-omisiones-graves-ricardo-monreal\/\" \/>\n<meta property=\"og:locale\" content=\"es_MX\" \/>\n<meta property=\"og:type\" content=\"article\" \/>\n<meta property=\"og:title\" content=\"Teuchitl\u00e1n representa no solo la impunidad, sino un caso donde hubo omisiones graves: Ricardo Monreal - Esbozo Deportivo\" \/>\n<meta property=\"og:description\" content=\"Ricardo Monreal, presidente de la de la Junta de Coordinaci\u00f3n Pol\u00edtica en la C\u00e1mara de Diputados, respondi\u00f3 en conferencia de prensa respecto a los derechos de los trabajadores del INAI, que existe un transitorio que establece que la Secretar\u00eda de la Funci\u00f3n P\u00fablica para absorber las plazas de trabajo que en el INAI existen.\" \/>\n<meta property=\"og:url\" content=\"https:\/\/esbozodeportivo.com\/index.php\/2025\/03\/21\/teuchitlan-representa-no-solo-la-impunidad-sino-un-caso-donde-hubo-omisiones-graves-ricardo-monreal\/\" \/>\n<meta property=\"og:site_name\" content=\"Esbozo Deportivo\" \/>\n<meta property=\"article:published_time\" content=\"2025-03-21T06:58:55+00:00\" \/>\n<meta property=\"og:image\" content=\"https:\/\/esbozodeportivo.com\/wp-content\/uploads\/2025\/03\/Monreal-3.jpg\" \/>\n\t<meta property=\"og:image:width\" content=\"1280\" \/>\n\t<meta property=\"og:image:height\" content=\"853\" \/>\n\t<meta property=\"og:image:type\" content=\"image\/jpeg\" \/>\n<meta name=\"author\" content=\"Redacci\u00f3n\" \/>\n<meta name=\"twitter:card\" content=\"summary_large_image\" \/>\n<meta name=\"twitter:label1\" content=\"Escrito por\" \/>\n\t<meta name=\"twitter:data1\" content=\"Redacci\u00f3n\" \/>\n\t<meta name=\"twitter:label2\" content=\"Tiempo de lectura\" \/>\n\t<meta name=\"twitter:data2\" content=\"4 minutos\" \/>\n<script type=\"application\/ld+json\" class=\"yoast-schema-graph\">{\"@context\":\"https:\/\/schema.org\",\"@graph\":[{\"@type\":\"Article\",\"@id\":\"https:\/\/esbozodeportivo.com\/index.php\/2025\/03\/21\/teuchitlan-representa-no-solo-la-impunidad-sino-un-caso-donde-hubo-omisiones-graves-ricardo-monreal\/#article\",\"isPartOf\":{\"@id\":\"https:\/\/esbozodeportivo.com\/index.php\/2025\/03\/21\/teuchitlan-representa-no-solo-la-impunidad-sino-un-caso-donde-hubo-omisiones-graves-ricardo-monreal\/\"},\"author\":{\"name\":\"Redacci\u00f3n\",\"@id\":\"https:\/\/esbozodeportivo.com\/#\/schema\/person\/0f6df9196dfe6740dd0bb31bae50d374\"},\"headline\":\"Teuchitl\u00e1n representa no solo la impunidad, sino un caso donde hubo omisiones graves: Ricardo Monreal\",\"datePublished\":\"2025-03-21T06:58:55+00:00\",\"mainEntityOfPage\":{\"@id\":\"https:\/\/esbozodeportivo.com\/index.php\/2025\/03\/21\/teuchitlan-representa-no-solo-la-impunidad-sino-un-caso-donde-hubo-omisiones-graves-ricardo-monreal\/\"},\"wordCount\":709,\"publisher\":{\"@id\":\"https:\/\/esbozodeportivo.com\/#organization\"},\"image\":{\"@id\":\"https:\/\/esbozodeportivo.com\/index.php\/2025\/03\/21\/teuchitlan-representa-no-solo-la-impunidad-sino-un-caso-donde-hubo-omisiones-graves-ricardo-monreal\/#primaryimage\"},\"thumbnailUrl\":\"https:\/\/esbozodeportivo.com\/wp-content\/uploads\/2025\/03\/Monreal-3.jpg\",\"articleSection\":[\"Nacional\"],\"inLanguage\":\"es\"},{\"@type\":\"WebPage\",\"@id\":\"https:\/\/esbozodeportivo.com\/index.php\/2025\/03\/21\/teuchitlan-representa-no-solo-la-impunidad-sino-un-caso-donde-hubo-omisiones-graves-ricardo-monreal\/\",\"url\":\"https:\/\/esbozodeportivo.com\/index.php\/2025\/03\/21\/teuchitlan-representa-no-solo-la-impunidad-sino-un-caso-donde-hubo-omisiones-graves-ricardo-monreal\/\",\"name\":\"Teuchitl\u00e1n representa no solo la impunidad, sino un caso donde hubo omisiones graves: Ricardo Monreal - Esbozo Deportivo\",\"isPartOf\":{\"@id\":\"https:\/\/esbozodeportivo.com\/#website\"},\"primaryImageOfPage\":{\"@id\":\"https:\/\/esbozodeportivo.com\/index.php\/2025\/03\/21\/teuchitlan-representa-no-solo-la-impunidad-sino-un-caso-donde-hubo-omisiones-graves-ricardo-monreal\/#primaryimage\"},\"image\":{\"@id\":\"https:\/\/esbozodeportivo.com\/index.php\/2025\/03\/21\/teuchitlan-representa-no-solo-la-impunidad-sino-un-caso-donde-hubo-omisiones-graves-ricardo-monreal\/#primaryimage\"},\"thumbnailUrl\":\"https:\/\/esbozodeportivo.com\/wp-content\/uploads\/2025\/03\/Monreal-3.jpg\",\"datePublished\":\"2025-03-21T06:58:55+00:00\",\"description\":\"Ricardo Monreal, presidente de la de la Junta de Coordinaci\u00f3n Pol\u00edtica en la C\u00e1mara de Diputados, respondi\u00f3 en conferencia de prensa respecto a los derechos de los trabajadores del INAI, que existe un transitorio que establece que la Secretar\u00eda de la Funci\u00f3n P\u00fablica para absorber las plazas de trabajo que en el INAI existen.\",\"breadcrumb\":{\"@id\":\"https:\/\/esbozodeportivo.com\/index.php\/2025\/03\/21\/teuchitlan-representa-no-solo-la-impunidad-sino-un-caso-donde-hubo-omisiones-graves-ricardo-monreal\/#breadcrumb\"},\"inLanguage\":\"es\",\"potentialAction\":[{\"@type\":\"ReadAction\",\"target\":[\"https:\/\/esbozodeportivo.com\/index.php\/2025\/03\/21\/teuchitlan-representa-no-solo-la-impunidad-sino-un-caso-donde-hubo-omisiones-graves-ricardo-monreal\/\"]}]},{\"@type\":\"ImageObject\",\"inLanguage\":\"es\",\"@id\":\"https:\/\/esbozodeportivo.com\/index.php\/2025\/03\/21\/teuchitlan-representa-no-solo-la-impunidad-sino-un-caso-donde-hubo-omisiones-graves-ricardo-monreal\/#primaryimage\",\"url\":\"https:\/\/esbozodeportivo.com\/wp-content\/uploads\/2025\/03\/Monreal-3.jpg\",\"contentUrl\":\"https:\/\/esbozodeportivo.com\/wp-content\/uploads\/2025\/03\/Monreal-3.jpg\",\"width\":1280,\"height\":853},{\"@type\":\"BreadcrumbList\",\"@id\":\"https:\/\/esbozodeportivo.com\/index.php\/2025\/03\/21\/teuchitlan-representa-no-solo-la-impunidad-sino-un-caso-donde-hubo-omisiones-graves-ricardo-monreal\/#breadcrumb\",\"itemListElement\":[{\"@type\":\"ListItem\",\"position\":1,\"name\":\"Inicio\",\"item\":\"https:\/\/esbozodeportivo.com\/\"},{\"@type\":\"ListItem\",\"position\":2,\"name\":\"Teuchitl\u00e1n representa no solo la impunidad, sino un caso donde hubo omisiones graves: Ricardo Monreal\"}]},{\"@type\":\"WebSite\",\"@id\":\"https:\/\/esbozodeportivo.com\/#website\",\"url\":\"https:\/\/esbozodeportivo.com\/\",\"name\":\"Esbozo Deportivo\",\"description\":\"Lo m\u00e1s importante del Deporte\",\"publisher\":{\"@id\":\"https:\/\/esbozodeportivo.com\/#organization\"},\"potentialAction\":[{\"@type\":\"SearchAction\",\"target\":{\"@type\":\"EntryPoint\",\"urlTemplate\":\"https:\/\/esbozodeportivo.com\/?s={search_term_string}\"},\"query-input\":{\"@type\":\"PropertyValueSpecification\",\"valueRequired\":true,\"valueName\":\"search_term_string\"}}],\"inLanguage\":\"es\"},{\"@type\":\"Organization\",\"@id\":\"https:\/\/esbozodeportivo.com\/#organization\",\"name\":\"Esbozo Deportivo\",\"url\":\"https:\/\/esbozodeportivo.com\/\",\"logo\":{\"@type\":\"ImageObject\",\"inLanguage\":\"es\",\"@id\":\"https:\/\/esbozodeportivo.com\/#\/schema\/logo\/image\/\",\"url\":\"https:\/\/esbozodeportivo.com\/wp-content\/uploads\/2022\/08\/cropped-Logo-Esbozo-Web-2.png\",\"contentUrl\":\"https:\/\/esbozodeportivo.com\/wp-content\/uploads\/2022\/08\/cropped-Logo-Esbozo-Web-2.png\",\"width\":180,\"height\":50,\"caption\":\"Esbozo Deportivo\"},\"image\":{\"@id\":\"https:\/\/esbozodeportivo.com\/#\/schema\/logo\/image\/\"}},{\"@type\":\"Person\",\"@id\":\"https:\/\/esbozodeportivo.com\/#\/schema\/person\/0f6df9196dfe6740dd0bb31bae50d374\",\"name\":\"Redacci\u00f3n\",\"image\":{\"@type\":\"ImageObject\",\"inLanguage\":\"es\",\"@id\":\"https:\/\/esbozodeportivo.com\/#\/schema\/person\/image\/\",\"url\":\"https:\/\/secure.gravatar.com\/avatar\/f55268a89c3b418f2ef172ff52ab0d09b3e653c58de29539fe329fb93d78ebf3?s=96&d=mm&r=g\",\"contentUrl\":\"https:\/\/secure.gravatar.com\/avatar\/f55268a89c3b418f2ef172ff52ab0d09b3e653c58de29539fe329fb93d78ebf3?s=96&d=mm&r=g\",\"caption\":\"Redacci\u00f3n\"},\"url\":\"https:\/\/esbozodeportivo.com\/index.php\/author\/redaccion\/\"}]}<\/script>\n<!-- \/ Yoast SEO plugin. -->","yoast_head_json":{"title":"Teuchitl\u00e1n representa no solo la impunidad, sino un caso donde hubo omisiones graves: Ricardo Monreal - Esbozo Deportivo","description":"Ricardo Monreal, presidente de la de la Junta de Coordinaci\u00f3n Pol\u00edtica en la C\u00e1mara de Diputados, respondi\u00f3 en conferencia de prensa respecto a los derechos de los trabajadores del INAI, que existe un transitorio que establece que la Secretar\u00eda de la Funci\u00f3n P\u00fablica para absorber las plazas de trabajo que en el INAI existen.","robots":{"index":"index","follow":"follow","max-snippet":"max-snippet:-1","max-image-preview":"max-image-preview:large","max-video-preview":"max-video-preview:-1"},"canonical":"https:\/\/esbozodeportivo.com\/index.php\/2025\/03\/21\/teuchitlan-representa-no-solo-la-impunidad-sino-un-caso-donde-hubo-omisiones-graves-ricardo-monreal\/","og_locale":"es_MX","og_type":"article","og_title":"Teuchitl\u00e1n representa no solo la impunidad, sino un caso donde hubo omisiones graves: Ricardo Monreal - Esbozo Deportivo","og_description":"Ricardo Monreal, presidente de la de la Junta de Coordinaci\u00f3n Pol\u00edtica en la C\u00e1mara de Diputados, respondi\u00f3 en conferencia de prensa respecto a los derechos de los trabajadores del INAI, que existe un transitorio que establece que la Secretar\u00eda de la Funci\u00f3n P\u00fablica para absorber las plazas de trabajo que en el INAI existen.","og_url":"https:\/\/esbozodeportivo.com\/index.php\/2025\/03\/21\/teuchitlan-representa-no-solo-la-impunidad-sino-un-caso-donde-hubo-omisiones-graves-ricardo-monreal\/","og_site_name":"Esbozo Deportivo","article_published_time":"2025-03-21T06:58:55+00:00","og_image":[{"width":1280,"height":853,"url":"https:\/\/esbozodeportivo.com\/wp-content\/uploads\/2025\/03\/Monreal-3.jpg","type":"image\/jpeg"}],"author":"Redacci\u00f3n","twitter_card":"summary_large_image","twitter_misc":{"Escrito por":"Redacci\u00f3n","Tiempo de lectura":"4 minutos"},"schema":{"@context":"https:\/\/schema.org","@graph":[{"@type":"Article","@id":"https:\/\/esbozodeportivo.com\/index.php\/2025\/03\/21\/teuchitlan-representa-no-solo-la-impunidad-sino-un-caso-donde-hubo-omisiones-graves-ricardo-monreal\/#article","isPartOf":{"@id":"https:\/\/esbozodeportivo.com\/index.php\/2025\/03\/21\/teuchitlan-representa-no-solo-la-impunidad-sino-un-caso-donde-hubo-omisiones-graves-ricardo-monreal\/"},"author":{"name":"Redacci\u00f3n","@id":"https:\/\/esbozodeportivo.com\/#\/schema\/person\/0f6df9196dfe6740dd0bb31bae50d374"},"headline":"Teuchitl\u00e1n representa no solo la impunidad, sino un caso donde hubo omisiones graves: Ricardo Monreal","datePublished":"2025-03-21T06:58:55+00:00","mainEntityOfPage":{"@id":"https:\/\/esbozodeportivo.com\/index.php\/2025\/03\/21\/teuchitlan-representa-no-solo-la-impunidad-sino-un-caso-donde-hubo-omisiones-graves-ricardo-monreal\/"},"wordCount":709,"publisher":{"@id":"https:\/\/esbozodeportivo.com\/#organization"},"image":{"@id":"https:\/\/esbozodeportivo.com\/index.php\/2025\/03\/21\/teuchitlan-representa-no-solo-la-impunidad-sino-un-caso-donde-hubo-omisiones-graves-ricardo-monreal\/#primaryimage"},"thumbnailUrl":"https:\/\/esbozodeportivo.com\/wp-content\/uploads\/2025\/03\/Monreal-3.jpg","articleSection":["Nacional"],"inLanguage":"es"},{"@type":"WebPage","@id":"https:\/\/esbozodeportivo.com\/index.php\/2025\/03\/21\/teuchitlan-representa-no-solo-la-impunidad-sino-un-caso-donde-hubo-omisiones-graves-ricardo-monreal\/","url":"https:\/\/esbozodeportivo.com\/index.php\/2025\/03\/21\/teuchitlan-representa-no-solo-la-impunidad-sino-un-caso-donde-hubo-omisiones-graves-ricardo-monreal\/","name":"Teuchitl\u00e1n representa no solo la impunidad, sino un caso donde hubo omisiones graves: Ricardo Monreal - Esbozo Deportivo","isPartOf":{"@id":"https:\/\/esbozodeportivo.com\/#website"},"primaryImageOfPage":{"@id":"https:\/\/esbozodeportivo.com\/index.php\/2025\/03\/21\/teuchitlan-representa-no-solo-la-impunidad-sino-un-caso-donde-hubo-omisiones-graves-ricardo-monreal\/#primaryimage"},"image":{"@id":"https:\/\/esbozodeportivo.com\/index.php\/2025\/03\/21\/teuchitlan-representa-no-solo-la-impunidad-sino-un-caso-donde-hubo-omisiones-graves-ricardo-monreal\/#primaryimage"},"thumbnailUrl":"https:\/\/esbozodeportivo.com\/wp-content\/uploads\/2025\/03\/Monreal-3.jpg","datePublished":"2025-03-21T06:58:55+00:00","description":"Ricardo Monreal, presidente de la de la Junta de Coordinaci\u00f3n Pol\u00edtica en la C\u00e1mara de Diputados, respondi\u00f3 en conferencia de prensa respecto a los derechos de los trabajadores del INAI, que existe un transitorio que establece que la Secretar\u00eda de la Funci\u00f3n P\u00fablica para absorber las plazas de trabajo que en el INAI existen.","breadcrumb":{"@id":"https:\/\/esbozodeportivo.com\/index.php\/2025\/03\/21\/teuchitlan-representa-no-solo-la-impunidad-sino-un-caso-donde-hubo-omisiones-graves-ricardo-monreal\/#breadcrumb"},"inLanguage":"es","potentialAction":[{"@type":"ReadAction","target":["https:\/\/esbozodeportivo.com\/index.php\/2025\/03\/21\/teuchitlan-representa-no-solo-la-impunidad-sino-un-caso-donde-hubo-omisiones-graves-ricardo-monreal\/"]}]},{"@type":"ImageObject","inLanguage":"es","@id":"https:\/\/esbozodeportivo.com\/index.php\/2025\/03\/21\/teuchitlan-representa-no-solo-la-impunidad-sino-un-caso-donde-hubo-omisiones-graves-ricardo-monreal\/#primaryimage","url":"https:\/\/esbozodeportivo.com\/wp-content\/uploads\/2025\/03\/Monreal-3.jpg","contentUrl":"https:\/\/esbozodeportivo.com\/wp-content\/uploads\/2025\/03\/Monreal-3.jpg","width":1280,"height":853},{"@type":"BreadcrumbList","@id":"https:\/\/esbozodeportivo.com\/index.php\/2025\/03\/21\/teuchitlan-representa-no-solo-la-impunidad-sino-un-caso-donde-hubo-omisiones-graves-ricardo-monreal\/#breadcrumb","itemListElement":[{"@type":"ListItem","position":1,"name":"Inicio","item":"https:\/\/esbozodeportivo.com\/"},{"@type":"ListItem","position":2,"name":"Teuchitl\u00e1n representa no solo la impunidad, sino un caso donde hubo omisiones graves: Ricardo Monreal"}]},{"@type":"WebSite","@id":"https:\/\/esbozodeportivo.com\/#website","url":"https:\/\/esbozodeportivo.com\/","name":"Esbozo Deportivo","description":"Lo m\u00e1s importante del Deporte","publisher":{"@id":"https:\/\/esbozodeportivo.com\/#organization"},"potentialAction":[{"@type":"SearchAction","target":{"@type":"EntryPoint","urlTemplate":"https:\/\/esbozodeportivo.com\/?s={search_term_string}"},"query-input":{"@type":"PropertyValueSpecification","valueRequired":true,"valueName":"search_term_string"}}],"inLanguage":"es"},{"@type":"Organization","@id":"https:\/\/esbozodeportivo.com\/#organization","name":"Esbozo Deportivo","url":"https:\/\/esbozodeportivo.com\/","logo":{"@type":"ImageObject","inLanguage":"es","@id":"https:\/\/esbozodeportivo.com\/#\/schema\/logo\/image\/","url":"https:\/\/esbozodeportivo.com\/wp-content\/uploads\/2022\/08\/cropped-Logo-Esbozo-Web-2.png","contentUrl":"https:\/\/esbozodeportivo.com\/wp-content\/uploads\/2022\/08\/cropped-Logo-Esbozo-Web-2.png","width":180,"height":50,"caption":"Esbozo Deportivo"},"image":{"@id":"https:\/\/esbozodeportivo.com\/#\/schema\/logo\/image\/"}},{"@type":"Person","@id":"https:\/\/esbozodeportivo.com\/#\/schema\/person\/0f6df9196dfe6740dd0bb31bae50d374","name":"Redacci\u00f3n","image":{"@type":"ImageObject","inLanguage":"es","@id":"https:\/\/esbozodeportivo.com\/#\/schema\/person\/image\/","url":"https:\/\/secure.gravatar.com\/avatar\/f55268a89c3b418f2ef172ff52ab0d09b3e653c58de29539fe329fb93d78ebf3?s=96&d=mm&r=g","contentUrl":"https:\/\/secure.gravatar.com\/avatar\/f55268a89c3b418f2ef172ff52ab0d09b3e653c58de29539fe329fb93d78ebf3?s=96&d=mm&r=g","caption":"Redacci\u00f3n"},"url":"https:\/\/esbozodeportivo.com\/index.php\/author\/redaccion\/"}]}},"jetpack_featured_media_url":"https:\/\/esbozodeportivo.com\/wp-content\/uploads\/2025\/03\/Monreal-3.jpg","jetpack_sharing_enabled":true,"_links":{"self":[{"href":"https:\/\/esbozodeportivo.com\/index.php\/wp-json\/wp\/v2\/posts\/6476","targetHints":{"allow":["GET"]}}],"collection":[{"href":"https:\/\/esbozodeportivo.com\/index.php\/wp-json\/wp\/v2\/posts"}],"about":[{"href":"https:\/\/esbozodeportivo.com\/index.php\/wp-json\/wp\/v2\/types\/post"}],"author":[{"embeddable":true,"href":"https:\/\/esbozodeportivo.com\/index.php\/wp-json\/wp\/v2\/users\/4"}],"replies":[{"embeddable":true,"href":"https:\/\/esbozodeportivo.com\/index.php\/wp-json\/wp\/v2\/comments?post=6476"}],"version-history":[{"count":1,"href":"https:\/\/esbozodeportivo.com\/index.php\/wp-json\/wp\/v2\/posts\/6476\/revisions"}],"predecessor-version":[{"id":6477,"href":"https:\/\/esbozodeportivo.com\/index.php\/wp-json\/wp\/v2\/posts\/6476\/revisions\/6477"}],"wp:featuredmedia":[{"embeddable":true,"href":"https:\/\/esbozodeportivo.com\/index.php\/wp-json\/wp\/v2\/media\/6469"}],"wp:attachment":[{"href":"https:\/\/esbozodeportivo.com\/index.php\/wp-json\/wp\/v2\/media?parent=6476"}],"wp:term":[{"taxonomy":"category","embeddable":true,"href":"https:\/\/esbozodeportivo.com\/index.php\/wp-json\/wp\/v2\/categories?post=6476"},{"taxonomy":"post_tag","embeddable":true,"href":"https:\/\/esbozodeportivo.com\/index.php\/wp-json\/wp\/v2\/tags?post=6476"}],"curies":[{"name":"wp","href":"https:\/\/api.w.org\/{rel}","templated":true}]}}