{"id":6502,"date":"2025-03-21T21:41:35","date_gmt":"2025-03-22T03:41:35","guid":{"rendered":"https:\/\/esbozodeportivo.com\/?p=6502"},"modified":"2025-03-21T21:41:37","modified_gmt":"2025-03-22T03:41:37","slug":"leon-fuera-del-mundial-de-clubes","status":"publish","type":"post","link":"https:\/\/esbozodeportivo.com\/index.php\/2025\/03\/21\/leon-fuera-del-mundial-de-clubes\/","title":{"rendered":"Le\u00f3n, fuera del Mundial de Clubes"},"content":{"rendered":"\n<p>(Foto: Agencias) <\/p>\n\n\n\n<p>ZURICH.-&nbsp; El club mexicano <strong>Le\u00f3n <\/strong>qued\u00f3 excluido el viernes del <strong>Mundial de Clubes<\/strong> despu\u00e9s de que el comit\u00e9 de apelaciones de la <strong>FIFA<\/strong> dictamin\u00f3 que no se cumpl\u00edan los criterios de participaci\u00f3n al quebrantar la normativa que proh\u00edbe la multipropiedad de equipos.<\/p>\n\n\n\n<p>El <strong>Grupo Pachuca<\/strong> es propietario tanto de <strong>Le\u00f3n<\/strong> como de <strong>Pachuca,<\/strong> y ambos se clasificaron al torneo que se disputar\u00e1 a mediados de a\u00f1o en <strong>Estados Unidos<\/strong>.<\/p>\n\n\n\n<p>\u201cDespu\u00e9s de haber evaluado toda la evidencia en el expediente, el presidente del comit\u00e9 de apelaciones de la <strong>FIFA<\/strong> ha decidido que el <strong>CF Pachuca<\/strong> y el Club Le\u00f3n no cumplieron con los criterios sobre la propiedad de m\u00faltiples clubes\u201d, inform\u00f3 la <strong>FIFA<\/strong> en un comunicado.<\/p>\n\n\n\n<p>El <strong>Grupo Pachuca<\/strong> argument\u00f3 que, aunque tienen la misma propiedad, los clubes operan de manera independiente. Prometi\u00f3 vender al Le\u00f3n, pero no lo han hecho. Con miras al Mundial, <strong>Le\u00f3n<\/strong> fich\u00f3 recientemente al mediocampista colombiano <strong>James Rodr\u00edguez<\/strong>.<\/p>\n\n\n\n<p>La <strong>FIFA<\/strong> anunci\u00f3 que el reemplazo de <strong>Le\u00f3n<\/strong> en el torneo \u2014 el primer con 32 participantes \u2014 se dar\u00e1 a conocer en una fecha posterior.<\/p>\n\n\n\n<p>El <strong>Grupo Pachuca<\/strong> indic\u00f3 que apelar\u00e1 ante el <strong>Tribunal de Arbitraje Deportivo<\/strong>.<\/p>\n\n\n\n<p>\u201cEstamos inconformes con esta decisi\u00f3n y la apelaremos hasta sus \u00faltimas consecuencias y en el m\u00e1s alto tribunal deportivo ya que todas las pruebas que acreditan nuestra independencia administrativa fueron presentadas con absoluta oportunidad y transparencia\u201d, dijo el conglomerado en un comunicado difundido el viernes. \u201cEn nuestro caso defenderemos lo que se gan\u00f3 en la cancha de manera justa profesional y con apego a las reglas de competencia\u201d.<\/p>\n\n\n\n<p><strong>Le\u00f3n<\/strong> logr\u00f3 su boleto al torneo luego de ganar la <strong>Copa de Campeones de la CONCACAF<\/strong> el a\u00f1o pasado y el <strong>Pachuca <\/strong>lo hizo al ganar la edici\u00f3n de 2024.<\/p>\n\n\n\n<p>El <strong>Alajuelense de Costa Rica<\/strong> se quej\u00f3 ante el ente rector por permitir que participen los dos equipos mexicanos, propiedad de <strong>Jes\u00fas Mart\u00ednez<\/strong>, y solicit\u00f3 ser incluido en lugar de uno de ellos.<\/p>\n\n\n\n<p><\/p>\n","protected":false},"excerpt":{"rendered":"<p>(Foto: Agencias) ZURICH.-&nbsp; El club mexicano Le\u00f3n qued\u00f3 excluido el viernes del Mundial de Clubes<\/p>\n","protected":false},"author":4,"featured_media":6503,"comment_status":"closed","ping_status":"open","sticky":false,"template":"","format":"standard","meta":{"_jetpack_memberships_contains_paid_content":false,"footnotes":""},"categories":[20],"tags":[],"class_list":["post-6502","post","type-post","status-publish","format-standard","has-post-thumbnail","hentry","category-liga"],"yoast_head":"<!-- This site is optimized with the Yoast SEO plugin v25.7 - https:\/\/yoast.com\/wordpress\/plugins\/seo\/ -->\n<title>Le\u00f3n, fuera del Mundial de Clubes - Esbozo Deportivo<\/title>\n<meta name=\"description\" content=\"El club mexicano Le\u00f3n qued\u00f3 excluido el viernes del Mundial de Clubes despu\u00e9s de que el comit\u00e9 de apelaciones de la FIFA dictamin\u00f3 que no se cumpl\u00edan los criterios de participaci\u00f3n al quebrantar la normativa que proh\u00edbe la multipropiedad de equipos.\" \/>\n<meta name=\"robots\" content=\"index, follow, max-snippet:-1, max-image-preview:large, max-video-preview:-1\" \/>\n<link rel=\"canonical\" href=\"https:\/\/esbozodeportivo.com\/index.php\/2025\/03\/21\/leon-fuera-del-mundial-de-clubes\/\" \/>\n<meta property=\"og:locale\" content=\"es_MX\" \/>\n<meta property=\"og:type\" content=\"article\" \/>\n<meta property=\"og:title\" content=\"Le\u00f3n, fuera del Mundial de Clubes - Esbozo Deportivo\" \/>\n<meta property=\"og:description\" content=\"El club mexicano Le\u00f3n qued\u00f3 excluido el viernes del Mundial de Clubes despu\u00e9s de que el comit\u00e9 de apelaciones de la FIFA dictamin\u00f3 que no se cumpl\u00edan los criterios de participaci\u00f3n al quebrantar la normativa que proh\u00edbe la multipropiedad de equipos.\" \/>\n<meta property=\"og:url\" content=\"https:\/\/esbozodeportivo.com\/index.php\/2025\/03\/21\/leon-fuera-del-mundial-de-clubes\/\" \/>\n<meta property=\"og:site_name\" content=\"Esbozo Deportivo\" \/>\n<meta property=\"article:published_time\" content=\"2025-03-22T03:41:35+00:00\" \/>\n<meta property=\"article:modified_time\" content=\"2025-03-22T03:41:37+00:00\" \/>\n<meta property=\"og:image\" content=\"https:\/\/esbozodeportivo.com\/wp-content\/uploads\/2025\/03\/Leon-1.jpg\" \/>\n\t<meta property=\"og:image:width\" content=\"980\" \/>\n\t<meta property=\"og:image:height\" content=\"653\" \/>\n\t<meta property=\"og:image:type\" content=\"image\/jpeg\" \/>\n<meta name=\"author\" content=\"Redacci\u00f3n\" \/>\n<meta name=\"twitter:card\" content=\"summary_large_image\" \/>\n<meta name=\"twitter:label1\" content=\"Escrito por\" \/>\n\t<meta name=\"twitter:data1\" content=\"Redacci\u00f3n\" \/>\n\t<meta name=\"twitter:label2\" content=\"Tiempo de lectura\" \/>\n\t<meta name=\"twitter:data2\" content=\"2 minutos\" \/>\n<script type=\"application\/ld+json\" class=\"yoast-schema-graph\">{\"@context\":\"https:\/\/schema.org\",\"@graph\":[{\"@type\":\"Article\",\"@id\":\"https:\/\/esbozodeportivo.com\/index.php\/2025\/03\/21\/leon-fuera-del-mundial-de-clubes\/#article\",\"isPartOf\":{\"@id\":\"https:\/\/esbozodeportivo.com\/index.php\/2025\/03\/21\/leon-fuera-del-mundial-de-clubes\/\"},\"author\":{\"name\":\"Redacci\u00f3n\",\"@id\":\"https:\/\/esbozodeportivo.com\/#\/schema\/person\/0f6df9196dfe6740dd0bb31bae50d374\"},\"headline\":\"Le\u00f3n, fuera del Mundial de Clubes\",\"datePublished\":\"2025-03-22T03:41:35+00:00\",\"dateModified\":\"2025-03-22T03:41:37+00:00\",\"mainEntityOfPage\":{\"@id\":\"https:\/\/esbozodeportivo.com\/index.php\/2025\/03\/21\/leon-fuera-del-mundial-de-clubes\/\"},\"wordCount\":349,\"publisher\":{\"@id\":\"https:\/\/esbozodeportivo.com\/#organization\"},\"image\":{\"@id\":\"https:\/\/esbozodeportivo.com\/index.php\/2025\/03\/21\/leon-fuera-del-mundial-de-clubes\/#primaryimage\"},\"thumbnailUrl\":\"https:\/\/esbozodeportivo.com\/wp-content\/uploads\/2025\/03\/Leon-1.jpg\",\"articleSection\":[\"Liga MX\"],\"inLanguage\":\"es\"},{\"@type\":\"WebPage\",\"@id\":\"https:\/\/esbozodeportivo.com\/index.php\/2025\/03\/21\/leon-fuera-del-mundial-de-clubes\/\",\"url\":\"https:\/\/esbozodeportivo.com\/index.php\/2025\/03\/21\/leon-fuera-del-mundial-de-clubes\/\",\"name\":\"Le\u00f3n, fuera del Mundial de Clubes - Esbozo Deportivo\",\"isPartOf\":{\"@id\":\"https:\/\/esbozodeportivo.com\/#website\"},\"primaryImageOfPage\":{\"@id\":\"https:\/\/esbozodeportivo.com\/index.php\/2025\/03\/21\/leon-fuera-del-mundial-de-clubes\/#primaryimage\"},\"image\":{\"@id\":\"https:\/\/esbozodeportivo.com\/index.php\/2025\/03\/21\/leon-fuera-del-mundial-de-clubes\/#primaryimage\"},\"thumbnailUrl\":\"https:\/\/esbozodeportivo.com\/wp-content\/uploads\/2025\/03\/Leon-1.jpg\",\"datePublished\":\"2025-03-22T03:41:35+00:00\",\"dateModified\":\"2025-03-22T03:41:37+00:00\",\"description\":\"El club mexicano Le\u00f3n qued\u00f3 excluido el viernes del Mundial de Clubes despu\u00e9s de que el comit\u00e9 de apelaciones de la FIFA dictamin\u00f3 que no se cumpl\u00edan los criterios de participaci\u00f3n al quebrantar la normativa que proh\u00edbe la multipropiedad de equipos.\",\"breadcrumb\":{\"@id\":\"https:\/\/esbozodeportivo.com\/index.php\/2025\/03\/21\/leon-fuera-del-mundial-de-clubes\/#breadcrumb\"},\"inLanguage\":\"es\",\"potentialAction\":[{\"@type\":\"ReadAction\",\"target\":[\"https:\/\/esbozodeportivo.com\/index.php\/2025\/03\/21\/leon-fuera-del-mundial-de-clubes\/\"]}]},{\"@type\":\"ImageObject\",\"inLanguage\":\"es\",\"@id\":\"https:\/\/esbozodeportivo.com\/index.php\/2025\/03\/21\/leon-fuera-del-mundial-de-clubes\/#primaryimage\",\"url\":\"https:\/\/esbozodeportivo.com\/wp-content\/uploads\/2025\/03\/Leon-1.jpg\",\"contentUrl\":\"https:\/\/esbozodeportivo.com\/wp-content\/uploads\/2025\/03\/Leon-1.jpg\",\"width\":980,\"height\":653},{\"@type\":\"BreadcrumbList\",\"@id\":\"https:\/\/esbozodeportivo.com\/index.php\/2025\/03\/21\/leon-fuera-del-mundial-de-clubes\/#breadcrumb\",\"itemListElement\":[{\"@type\":\"ListItem\",\"position\":1,\"name\":\"Inicio\",\"item\":\"https:\/\/esbozodeportivo.com\/\"},{\"@type\":\"ListItem\",\"position\":2,\"name\":\"Le\u00f3n, fuera del Mundial de Clubes\"}]},{\"@type\":\"WebSite\",\"@id\":\"https:\/\/esbozodeportivo.com\/#website\",\"url\":\"https:\/\/esbozodeportivo.com\/\",\"name\":\"Esbozo Deportivo\",\"description\":\"Lo m\u00e1s importante del Deporte\",\"publisher\":{\"@id\":\"https:\/\/esbozodeportivo.com\/#organization\"},\"potentialAction\":[{\"@type\":\"SearchAction\",\"target\":{\"@type\":\"EntryPoint\",\"urlTemplate\":\"https:\/\/esbozodeportivo.com\/?s={search_term_string}\"},\"query-input\":{\"@type\":\"PropertyValueSpecification\",\"valueRequired\":true,\"valueName\":\"search_term_string\"}}],\"inLanguage\":\"es\"},{\"@type\":\"Organization\",\"@id\":\"https:\/\/esbozodeportivo.com\/#organization\",\"name\":\"Esbozo Deportivo\",\"url\":\"https:\/\/esbozodeportivo.com\/\",\"logo\":{\"@type\":\"ImageObject\",\"inLanguage\":\"es\",\"@id\":\"https:\/\/esbozodeportivo.com\/#\/schema\/logo\/image\/\",\"url\":\"https:\/\/esbozodeportivo.com\/wp-content\/uploads\/2022\/08\/cropped-Logo-Esbozo-Web-2.png\",\"contentUrl\":\"https:\/\/esbozodeportivo.com\/wp-content\/uploads\/2022\/08\/cropped-Logo-Esbozo-Web-2.png\",\"width\":180,\"height\":50,\"caption\":\"Esbozo Deportivo\"},\"image\":{\"@id\":\"https:\/\/esbozodeportivo.com\/#\/schema\/logo\/image\/\"}},{\"@type\":\"Person\",\"@id\":\"https:\/\/esbozodeportivo.com\/#\/schema\/person\/0f6df9196dfe6740dd0bb31bae50d374\",\"name\":\"Redacci\u00f3n\",\"image\":{\"@type\":\"ImageObject\",\"inLanguage\":\"es\",\"@id\":\"https:\/\/esbozodeportivo.com\/#\/schema\/person\/image\/\",\"url\":\"https:\/\/secure.gravatar.com\/avatar\/f55268a89c3b418f2ef172ff52ab0d09b3e653c58de29539fe329fb93d78ebf3?s=96&d=mm&r=g\",\"contentUrl\":\"https:\/\/secure.gravatar.com\/avatar\/f55268a89c3b418f2ef172ff52ab0d09b3e653c58de29539fe329fb93d78ebf3?s=96&d=mm&r=g\",\"caption\":\"Redacci\u00f3n\"},\"url\":\"https:\/\/esbozodeportivo.com\/index.php\/author\/redaccion\/\"}]}<\/script>\n<!-- \/ Yoast SEO plugin. -->","yoast_head_json":{"title":"Le\u00f3n, fuera del Mundial de Clubes - Esbozo Deportivo","description":"El club mexicano Le\u00f3n qued\u00f3 excluido el viernes del Mundial de Clubes despu\u00e9s de que el comit\u00e9 de apelaciones de la FIFA dictamin\u00f3 que no se cumpl\u00edan los criterios de participaci\u00f3n al quebrantar la normativa que proh\u00edbe la multipropiedad de equipos.","robots":{"index":"index","follow":"follow","max-snippet":"max-snippet:-1","max-image-preview":"max-image-preview:large","max-video-preview":"max-video-preview:-1"},"canonical":"https:\/\/esbozodeportivo.com\/index.php\/2025\/03\/21\/leon-fuera-del-mundial-de-clubes\/","og_locale":"es_MX","og_type":"article","og_title":"Le\u00f3n, fuera del Mundial de Clubes - Esbozo Deportivo","og_description":"El club mexicano Le\u00f3n qued\u00f3 excluido el viernes del Mundial de Clubes despu\u00e9s de que el comit\u00e9 de apelaciones de la FIFA dictamin\u00f3 que no se cumpl\u00edan los criterios de participaci\u00f3n al quebrantar la normativa que proh\u00edbe la multipropiedad de equipos.","og_url":"https:\/\/esbozodeportivo.com\/index.php\/2025\/03\/21\/leon-fuera-del-mundial-de-clubes\/","og_site_name":"Esbozo Deportivo","article_published_time":"2025-03-22T03:41:35+00:00","article_modified_time":"2025-03-22T03:41:37+00:00","og_image":[{"width":980,"height":653,"url":"https:\/\/esbozodeportivo.com\/wp-content\/uploads\/2025\/03\/Leon-1.jpg","type":"image\/jpeg"}],"author":"Redacci\u00f3n","twitter_card":"summary_large_image","twitter_misc":{"Escrito por":"Redacci\u00f3n","Tiempo de lectura":"2 minutos"},"schema":{"@context":"https:\/\/schema.org","@graph":[{"@type":"Article","@id":"https:\/\/esbozodeportivo.com\/index.php\/2025\/03\/21\/leon-fuera-del-mundial-de-clubes\/#article","isPartOf":{"@id":"https:\/\/esbozodeportivo.com\/index.php\/2025\/03\/21\/leon-fuera-del-mundial-de-clubes\/"},"author":{"name":"Redacci\u00f3n","@id":"https:\/\/esbozodeportivo.com\/#\/schema\/person\/0f6df9196dfe6740dd0bb31bae50d374"},"headline":"Le\u00f3n, fuera del Mundial de Clubes","datePublished":"2025-03-22T03:41:35+00:00","dateModified":"2025-03-22T03:41:37+00:00","mainEntityOfPage":{"@id":"https:\/\/esbozodeportivo.com\/index.php\/2025\/03\/21\/leon-fuera-del-mundial-de-clubes\/"},"wordCount":349,"publisher":{"@id":"https:\/\/esbozodeportivo.com\/#organization"},"image":{"@id":"https:\/\/esbozodeportivo.com\/index.php\/2025\/03\/21\/leon-fuera-del-mundial-de-clubes\/#primaryimage"},"thumbnailUrl":"https:\/\/esbozodeportivo.com\/wp-content\/uploads\/2025\/03\/Leon-1.jpg","articleSection":["Liga MX"],"inLanguage":"es"},{"@type":"WebPage","@id":"https:\/\/esbozodeportivo.com\/index.php\/2025\/03\/21\/leon-fuera-del-mundial-de-clubes\/","url":"https:\/\/esbozodeportivo.com\/index.php\/2025\/03\/21\/leon-fuera-del-mundial-de-clubes\/","name":"Le\u00f3n, fuera del Mundial de Clubes - Esbozo Deportivo","isPartOf":{"@id":"https:\/\/esbozodeportivo.com\/#website"},"primaryImageOfPage":{"@id":"https:\/\/esbozodeportivo.com\/index.php\/2025\/03\/21\/leon-fuera-del-mundial-de-clubes\/#primaryimage"},"image":{"@id":"https:\/\/esbozodeportivo.com\/index.php\/2025\/03\/21\/leon-fuera-del-mundial-de-clubes\/#primaryimage"},"thumbnailUrl":"https:\/\/esbozodeportivo.com\/wp-content\/uploads\/2025\/03\/Leon-1.jpg","datePublished":"2025-03-22T03:41:35+00:00","dateModified":"2025-03-22T03:41:37+00:00","description":"El club mexicano Le\u00f3n qued\u00f3 excluido el viernes del Mundial de Clubes despu\u00e9s de que el comit\u00e9 de apelaciones de la FIFA dictamin\u00f3 que no se cumpl\u00edan los criterios de participaci\u00f3n al quebrantar la normativa que proh\u00edbe la multipropiedad de equipos.","breadcrumb":{"@id":"https:\/\/esbozodeportivo.com\/index.php\/2025\/03\/21\/leon-fuera-del-mundial-de-clubes\/#breadcrumb"},"inLanguage":"es","potentialAction":[{"@type":"ReadAction","target":["https:\/\/esbozodeportivo.com\/index.php\/2025\/03\/21\/leon-fuera-del-mundial-de-clubes\/"]}]},{"@type":"ImageObject","inLanguage":"es","@id":"https:\/\/esbozodeportivo.com\/index.php\/2025\/03\/21\/leon-fuera-del-mundial-de-clubes\/#primaryimage","url":"https:\/\/esbozodeportivo.com\/wp-content\/uploads\/2025\/03\/Leon-1.jpg","contentUrl":"https:\/\/esbozodeportivo.com\/wp-content\/uploads\/2025\/03\/Leon-1.jpg","width":980,"height":653},{"@type":"BreadcrumbList","@id":"https:\/\/esbozodeportivo.com\/index.php\/2025\/03\/21\/leon-fuera-del-mundial-de-clubes\/#breadcrumb","itemListElement":[{"@type":"ListItem","position":1,"name":"Inicio","item":"https:\/\/esbozodeportivo.com\/"},{"@type":"ListItem","position":2,"name":"Le\u00f3n, fuera del Mundial de Clubes"}]},{"@type":"WebSite","@id":"https:\/\/esbozodeportivo.com\/#website","url":"https:\/\/esbozodeportivo.com\/","name":"Esbozo Deportivo","description":"Lo m\u00e1s importante del Deporte","publisher":{"@id":"https:\/\/esbozodeportivo.com\/#organization"},"potentialAction":[{"@type":"SearchAction","target":{"@type":"EntryPoint","urlTemplate":"https:\/\/esbozodeportivo.com\/?s={search_term_string}"},"query-input":{"@type":"PropertyValueSpecification","valueRequired":true,"valueName":"search_term_string"}}],"inLanguage":"es"},{"@type":"Organization","@id":"https:\/\/esbozodeportivo.com\/#organization","name":"Esbozo Deportivo","url":"https:\/\/esbozodeportivo.com\/","logo":{"@type":"ImageObject","inLanguage":"es","@id":"https:\/\/esbozodeportivo.com\/#\/schema\/logo\/image\/","url":"https:\/\/esbozodeportivo.com\/wp-content\/uploads\/2022\/08\/cropped-Logo-Esbozo-Web-2.png","contentUrl":"https:\/\/esbozodeportivo.com\/wp-content\/uploads\/2022\/08\/cropped-Logo-Esbozo-Web-2.png","width":180,"height":50,"caption":"Esbozo Deportivo"},"image":{"@id":"https:\/\/esbozodeportivo.com\/#\/schema\/logo\/image\/"}},{"@type":"Person","@id":"https:\/\/esbozodeportivo.com\/#\/schema\/person\/0f6df9196dfe6740dd0bb31bae50d374","name":"Redacci\u00f3n","image":{"@type":"ImageObject","inLanguage":"es","@id":"https:\/\/esbozodeportivo.com\/#\/schema\/person\/image\/","url":"https:\/\/secure.gravatar.com\/avatar\/f55268a89c3b418f2ef172ff52ab0d09b3e653c58de29539fe329fb93d78ebf3?s=96&d=mm&r=g","contentUrl":"https:\/\/secure.gravatar.com\/avatar\/f55268a89c3b418f2ef172ff52ab0d09b3e653c58de29539fe329fb93d78ebf3?s=96&d=mm&r=g","caption":"Redacci\u00f3n"},"url":"https:\/\/esbozodeportivo.com\/index.php\/author\/redaccion\/"}]}},"jetpack_featured_media_url":"https:\/\/esbozodeportivo.com\/wp-content\/uploads\/2025\/03\/Leon-1.jpg","jetpack_sharing_enabled":true,"_links":{"self":[{"href":"https:\/\/esbozodeportivo.com\/index.php\/wp-json\/wp\/v2\/posts\/6502","targetHints":{"allow":["GET"]}}],"collection":[{"href":"https:\/\/esbozodeportivo.com\/index.php\/wp-json\/wp\/v2\/posts"}],"about":[{"href":"https:\/\/esbozodeportivo.com\/index.php\/wp-json\/wp\/v2\/types\/post"}],"author":[{"embeddable":true,"href":"https:\/\/esbozodeportivo.com\/index.php\/wp-json\/wp\/v2\/users\/4"}],"replies":[{"embeddable":true,"href":"https:\/\/esbozodeportivo.com\/index.php\/wp-json\/wp\/v2\/comments?post=6502"}],"version-history":[{"count":1,"href":"https:\/\/esbozodeportivo.com\/index.php\/wp-json\/wp\/v2\/posts\/6502\/revisions"}],"predecessor-version":[{"id":6504,"href":"https:\/\/esbozodeportivo.com\/index.php\/wp-json\/wp\/v2\/posts\/6502\/revisions\/6504"}],"wp:featuredmedia":[{"embeddable":true,"href":"https:\/\/esbozodeportivo.com\/index.php\/wp-json\/wp\/v2\/media\/6503"}],"wp:attachment":[{"href":"https:\/\/esbozodeportivo.com\/index.php\/wp-json\/wp\/v2\/media?parent=6502"}],"wp:term":[{"taxonomy":"category","embeddable":true,"href":"https:\/\/esbozodeportivo.com\/index.php\/wp-json\/wp\/v2\/categories?post=6502"},{"taxonomy":"post_tag","embeddable":true,"href":"https:\/\/esbozodeportivo.com\/index.php\/wp-json\/wp\/v2\/tags?post=6502"}],"curies":[{"name":"wp","href":"https:\/\/api.w.org\/{rel}","templated":true}]}}