{"id":6505,"date":"2025-03-21T21:43:46","date_gmt":"2025-03-22T03:43:46","guid":{"rendered":"https:\/\/esbozodeportivo.com\/?p=6505"},"modified":"2025-03-21T21:43:47","modified_gmt":"2025-03-22T03:43:47","slug":"julio-urias-sera-reinstalado-el-17-de-julio","status":"publish","type":"post","link":"https:\/\/esbozodeportivo.com\/index.php\/2025\/03\/21\/julio-urias-sera-reinstalado-el-17-de-julio\/","title":{"rendered":"Julio Ur\u00edas ser\u00e1 reinstalado el 17 de julio"},"content":{"rendered":"\n<p>(foto: Agencias) <\/p>\n\n\n\n<p>NUEVA YORK.- <strong>Julio Ur\u00edas<\/strong>, el ex lanzador de los <strong>Dodgers de Los \u00c1ngeles<\/strong>, fue suspendido hasta el receso del <strong>Juego de Estrellas <\/strong>por las Grandes Ligas de B\u00e9isbol el viernes al amparo de su pol\u00edtica de violencia dom\u00e9stica con la asociaci\u00f3n de jugadores.<\/p>\n\n\n\n<p><strong>Ur\u00edas<\/strong> no refut\u00f3 en mayo pasado a un cargo menor de violencia dom\u00e9stica por un incidente con su esposa el a\u00f1o pasado. La sanci\u00f3n fue la segunda para el zurdo mexicano bajo esta pol\u00edtica, luego de una suspensi\u00f3n de 20 juegos en 2019. <strong>MLB<\/strong> indic\u00f3 que ser\u00e1 reinstalado de la lista restringida el 17 de julio.<\/p>\n\n\n\n<p><strong>Julio<\/strong>, de 28 a\u00f1os, no ha lanzado desde el 1 de septiembre de 2023. Fue arrestado dos d\u00edas despu\u00e9s en <strong>Estadio BMO<\/strong> de <strong>Los \u00c1ngeles<\/strong> tras asistir a un partido de la <strong>MLS<\/strong> en el que jug\u00f3 <strong>Lionel Messi<\/strong> con el <strong>Inter Miami<\/strong>. La polic\u00eda fue alertada inicialmente por un sujeto sobre un altercado f\u00edsico entre un hombre y una mujer.<\/p>\n\n\n\n<p><strong>MLB<\/strong> indic\u00f3 que <strong>Ur\u00edas<\/strong> acept\u00f3 ser evaluado por la junta de pol\u00edtica conjunta establecida por <strong>MLB<\/strong> y la asociaci\u00f3n de jugadores y cumplir con cualquiera de sus recomendaciones.<\/p>\n\n\n\n<p>El mexicano se convirti\u00f3 en agente libre despu\u00e9s de la <strong>Serie Mundial de 2023<\/strong> cuando expir\u00f3 su contrato de un a\u00f1o por 4,7 millones de d\u00f3lares.<\/p>\n\n\n\n<p>Tambi\u00e9n fue arrestado en mayo de 2019 bajo sospecha de agresi\u00f3n dom\u00e9stica. Mientras estuvo suspendido por MLB, no fue procesado por el fiscal de la ciudad de <strong>Los \u00c1ngeles<\/strong> con la condici\u00f3n de que completara una terapia sobre violencia dom\u00e9stica de 52 semanas.<\/p>\n\n\n\n<p>En ocho temporadas en las mayores, todas con los <strong>Dodgers<\/strong>, <strong>Ur\u00edas<\/strong> tiene un r\u00e9cord de 60-25 con efectividad de 3.11. Lider\u00f3 la <strong>Liga Nacional<\/strong> con una efectividad de 2.16 en 2022 y fue miembro del equipo que gan\u00f3 la Serie Mundial de 2020, con un r\u00e9cord de 4-0, un salvamento y una efectividad de 1.17 en seis apariciones en la postemporada. Se encarg\u00f3 de sacar el \u00faltimo out del Cl\u00e1sico de Oto\u00f1o en la victoria sobre los <strong>Rays de Tampa Bay<\/strong> en seis juegos.<\/p>\n\n\n\n<p><\/p>\n","protected":false},"excerpt":{"rendered":"<p>(foto: Agencias) NUEVA YORK.- Julio Ur\u00edas, el ex lanzador de los Dodgers de Los \u00c1ngeles,<\/p>\n","protected":false},"author":4,"featured_media":6506,"comment_status":"closed","ping_status":"open","sticky":false,"template":"","format":"standard","meta":{"_jetpack_memberships_contains_paid_content":false,"footnotes":""},"categories":[17],"tags":[],"class_list":["post-6505","post","type-post","status-publish","format-standard","has-post-thumbnail","hentry","category-beis"],"yoast_head":"<!-- This site is optimized with the Yoast SEO plugin v25.7 - https:\/\/yoast.com\/wordpress\/plugins\/seo\/ -->\n<title>Julio Ur\u00edas ser\u00e1 reinstalado el 17 de julio - Esbozo Deportivo<\/title>\n<meta name=\"description\" content=\"Julio Ur\u00edas, el ex lanzador de los Dodgers de Los \u00c1ngeles, fue suspendido hasta el receso del Juego de Estrellas por las Grandes Ligas de B\u00e9isbol el viernes al amparo de su pol\u00edtica de violencia dom\u00e9stica con la asociaci\u00f3n de jugadores.\" \/>\n<meta name=\"robots\" content=\"index, follow, max-snippet:-1, max-image-preview:large, max-video-preview:-1\" \/>\n<link rel=\"canonical\" href=\"https:\/\/esbozodeportivo.com\/index.php\/2025\/03\/21\/julio-urias-sera-reinstalado-el-17-de-julio\/\" \/>\n<meta property=\"og:locale\" content=\"es_MX\" \/>\n<meta property=\"og:type\" content=\"article\" \/>\n<meta property=\"og:title\" content=\"Julio Ur\u00edas ser\u00e1 reinstalado el 17 de julio - Esbozo Deportivo\" \/>\n<meta property=\"og:description\" content=\"Julio Ur\u00edas, el ex lanzador de los Dodgers de Los \u00c1ngeles, fue suspendido hasta el receso del Juego de Estrellas por las Grandes Ligas de B\u00e9isbol el viernes al amparo de su pol\u00edtica de violencia dom\u00e9stica con la asociaci\u00f3n de jugadores.\" \/>\n<meta property=\"og:url\" content=\"https:\/\/esbozodeportivo.com\/index.php\/2025\/03\/21\/julio-urias-sera-reinstalado-el-17-de-julio\/\" \/>\n<meta property=\"og:site_name\" content=\"Esbozo Deportivo\" \/>\n<meta property=\"article:published_time\" content=\"2025-03-22T03:43:46+00:00\" \/>\n<meta property=\"article:modified_time\" content=\"2025-03-22T03:43:47+00:00\" \/>\n<meta property=\"og:image\" content=\"https:\/\/esbozodeportivo.com\/wp-content\/uploads\/2025\/03\/Julio-Urias.jpg\" \/>\n\t<meta property=\"og:image:width\" content=\"980\" \/>\n\t<meta property=\"og:image:height\" content=\"653\" \/>\n\t<meta property=\"og:image:type\" content=\"image\/jpeg\" \/>\n<meta name=\"author\" content=\"Redacci\u00f3n\" \/>\n<meta name=\"twitter:card\" content=\"summary_large_image\" \/>\n<meta name=\"twitter:label1\" content=\"Escrito por\" \/>\n\t<meta name=\"twitter:data1\" content=\"Redacci\u00f3n\" \/>\n\t<meta name=\"twitter:label2\" content=\"Tiempo de lectura\" \/>\n\t<meta name=\"twitter:data2\" content=\"2 minutos\" \/>\n<script type=\"application\/ld+json\" class=\"yoast-schema-graph\">{\"@context\":\"https:\/\/schema.org\",\"@graph\":[{\"@type\":\"Article\",\"@id\":\"https:\/\/esbozodeportivo.com\/index.php\/2025\/03\/21\/julio-urias-sera-reinstalado-el-17-de-julio\/#article\",\"isPartOf\":{\"@id\":\"https:\/\/esbozodeportivo.com\/index.php\/2025\/03\/21\/julio-urias-sera-reinstalado-el-17-de-julio\/\"},\"author\":{\"name\":\"Redacci\u00f3n\",\"@id\":\"https:\/\/esbozodeportivo.com\/#\/schema\/person\/0f6df9196dfe6740dd0bb31bae50d374\"},\"headline\":\"Julio Ur\u00edas ser\u00e1 reinstalado el 17 de julio\",\"datePublished\":\"2025-03-22T03:43:46+00:00\",\"dateModified\":\"2025-03-22T03:43:47+00:00\",\"mainEntityOfPage\":{\"@id\":\"https:\/\/esbozodeportivo.com\/index.php\/2025\/03\/21\/julio-urias-sera-reinstalado-el-17-de-julio\/\"},\"wordCount\":369,\"publisher\":{\"@id\":\"https:\/\/esbozodeportivo.com\/#organization\"},\"image\":{\"@id\":\"https:\/\/esbozodeportivo.com\/index.php\/2025\/03\/21\/julio-urias-sera-reinstalado-el-17-de-julio\/#primaryimage\"},\"thumbnailUrl\":\"https:\/\/esbozodeportivo.com\/wp-content\/uploads\/2025\/03\/Julio-Urias.jpg\",\"articleSection\":[\"Beisbol Grandes Ligas\"],\"inLanguage\":\"es\"},{\"@type\":\"WebPage\",\"@id\":\"https:\/\/esbozodeportivo.com\/index.php\/2025\/03\/21\/julio-urias-sera-reinstalado-el-17-de-julio\/\",\"url\":\"https:\/\/esbozodeportivo.com\/index.php\/2025\/03\/21\/julio-urias-sera-reinstalado-el-17-de-julio\/\",\"name\":\"Julio Ur\u00edas ser\u00e1 reinstalado el 17 de julio - Esbozo Deportivo\",\"isPartOf\":{\"@id\":\"https:\/\/esbozodeportivo.com\/#website\"},\"primaryImageOfPage\":{\"@id\":\"https:\/\/esbozodeportivo.com\/index.php\/2025\/03\/21\/julio-urias-sera-reinstalado-el-17-de-julio\/#primaryimage\"},\"image\":{\"@id\":\"https:\/\/esbozodeportivo.com\/index.php\/2025\/03\/21\/julio-urias-sera-reinstalado-el-17-de-julio\/#primaryimage\"},\"thumbnailUrl\":\"https:\/\/esbozodeportivo.com\/wp-content\/uploads\/2025\/03\/Julio-Urias.jpg\",\"datePublished\":\"2025-03-22T03:43:46+00:00\",\"dateModified\":\"2025-03-22T03:43:47+00:00\",\"description\":\"Julio Ur\u00edas, el ex lanzador de los Dodgers de Los \u00c1ngeles, fue suspendido hasta el receso del Juego de Estrellas por las Grandes Ligas de B\u00e9isbol el viernes al amparo de su pol\u00edtica de violencia dom\u00e9stica con la asociaci\u00f3n de jugadores.\",\"breadcrumb\":{\"@id\":\"https:\/\/esbozodeportivo.com\/index.php\/2025\/03\/21\/julio-urias-sera-reinstalado-el-17-de-julio\/#breadcrumb\"},\"inLanguage\":\"es\",\"potentialAction\":[{\"@type\":\"ReadAction\",\"target\":[\"https:\/\/esbozodeportivo.com\/index.php\/2025\/03\/21\/julio-urias-sera-reinstalado-el-17-de-julio\/\"]}]},{\"@type\":\"ImageObject\",\"inLanguage\":\"es\",\"@id\":\"https:\/\/esbozodeportivo.com\/index.php\/2025\/03\/21\/julio-urias-sera-reinstalado-el-17-de-julio\/#primaryimage\",\"url\":\"https:\/\/esbozodeportivo.com\/wp-content\/uploads\/2025\/03\/Julio-Urias.jpg\",\"contentUrl\":\"https:\/\/esbozodeportivo.com\/wp-content\/uploads\/2025\/03\/Julio-Urias.jpg\",\"width\":980,\"height\":653},{\"@type\":\"BreadcrumbList\",\"@id\":\"https:\/\/esbozodeportivo.com\/index.php\/2025\/03\/21\/julio-urias-sera-reinstalado-el-17-de-julio\/#breadcrumb\",\"itemListElement\":[{\"@type\":\"ListItem\",\"position\":1,\"name\":\"Inicio\",\"item\":\"https:\/\/esbozodeportivo.com\/\"},{\"@type\":\"ListItem\",\"position\":2,\"name\":\"Julio Ur\u00edas ser\u00e1 reinstalado el 17 de julio\"}]},{\"@type\":\"WebSite\",\"@id\":\"https:\/\/esbozodeportivo.com\/#website\",\"url\":\"https:\/\/esbozodeportivo.com\/\",\"name\":\"Esbozo Deportivo\",\"description\":\"Lo m\u00e1s importante del Deporte\",\"publisher\":{\"@id\":\"https:\/\/esbozodeportivo.com\/#organization\"},\"potentialAction\":[{\"@type\":\"SearchAction\",\"target\":{\"@type\":\"EntryPoint\",\"urlTemplate\":\"https:\/\/esbozodeportivo.com\/?s={search_term_string}\"},\"query-input\":{\"@type\":\"PropertyValueSpecification\",\"valueRequired\":true,\"valueName\":\"search_term_string\"}}],\"inLanguage\":\"es\"},{\"@type\":\"Organization\",\"@id\":\"https:\/\/esbozodeportivo.com\/#organization\",\"name\":\"Esbozo Deportivo\",\"url\":\"https:\/\/esbozodeportivo.com\/\",\"logo\":{\"@type\":\"ImageObject\",\"inLanguage\":\"es\",\"@id\":\"https:\/\/esbozodeportivo.com\/#\/schema\/logo\/image\/\",\"url\":\"https:\/\/esbozodeportivo.com\/wp-content\/uploads\/2022\/08\/cropped-Logo-Esbozo-Web-2.png\",\"contentUrl\":\"https:\/\/esbozodeportivo.com\/wp-content\/uploads\/2022\/08\/cropped-Logo-Esbozo-Web-2.png\",\"width\":180,\"height\":50,\"caption\":\"Esbozo Deportivo\"},\"image\":{\"@id\":\"https:\/\/esbozodeportivo.com\/#\/schema\/logo\/image\/\"}},{\"@type\":\"Person\",\"@id\":\"https:\/\/esbozodeportivo.com\/#\/schema\/person\/0f6df9196dfe6740dd0bb31bae50d374\",\"name\":\"Redacci\u00f3n\",\"image\":{\"@type\":\"ImageObject\",\"inLanguage\":\"es\",\"@id\":\"https:\/\/esbozodeportivo.com\/#\/schema\/person\/image\/\",\"url\":\"https:\/\/secure.gravatar.com\/avatar\/f55268a89c3b418f2ef172ff52ab0d09b3e653c58de29539fe329fb93d78ebf3?s=96&d=mm&r=g\",\"contentUrl\":\"https:\/\/secure.gravatar.com\/avatar\/f55268a89c3b418f2ef172ff52ab0d09b3e653c58de29539fe329fb93d78ebf3?s=96&d=mm&r=g\",\"caption\":\"Redacci\u00f3n\"},\"url\":\"https:\/\/esbozodeportivo.com\/index.php\/author\/redaccion\/\"}]}<\/script>\n<!-- \/ Yoast SEO plugin. -->","yoast_head_json":{"title":"Julio Ur\u00edas ser\u00e1 reinstalado el 17 de julio - Esbozo Deportivo","description":"Julio Ur\u00edas, el ex lanzador de los Dodgers de Los \u00c1ngeles, fue suspendido hasta el receso del Juego de Estrellas por las Grandes Ligas de B\u00e9isbol el viernes al amparo de su pol\u00edtica de violencia dom\u00e9stica con la asociaci\u00f3n de jugadores.","robots":{"index":"index","follow":"follow","max-snippet":"max-snippet:-1","max-image-preview":"max-image-preview:large","max-video-preview":"max-video-preview:-1"},"canonical":"https:\/\/esbozodeportivo.com\/index.php\/2025\/03\/21\/julio-urias-sera-reinstalado-el-17-de-julio\/","og_locale":"es_MX","og_type":"article","og_title":"Julio Ur\u00edas ser\u00e1 reinstalado el 17 de julio - Esbozo Deportivo","og_description":"Julio Ur\u00edas, el ex lanzador de los Dodgers de Los \u00c1ngeles, fue suspendido hasta el receso del Juego de Estrellas por las Grandes Ligas de B\u00e9isbol el viernes al amparo de su pol\u00edtica de violencia dom\u00e9stica con la asociaci\u00f3n de jugadores.","og_url":"https:\/\/esbozodeportivo.com\/index.php\/2025\/03\/21\/julio-urias-sera-reinstalado-el-17-de-julio\/","og_site_name":"Esbozo Deportivo","article_published_time":"2025-03-22T03:43:46+00:00","article_modified_time":"2025-03-22T03:43:47+00:00","og_image":[{"width":980,"height":653,"url":"https:\/\/esbozodeportivo.com\/wp-content\/uploads\/2025\/03\/Julio-Urias.jpg","type":"image\/jpeg"}],"author":"Redacci\u00f3n","twitter_card":"summary_large_image","twitter_misc":{"Escrito por":"Redacci\u00f3n","Tiempo de lectura":"2 minutos"},"schema":{"@context":"https:\/\/schema.org","@graph":[{"@type":"Article","@id":"https:\/\/esbozodeportivo.com\/index.php\/2025\/03\/21\/julio-urias-sera-reinstalado-el-17-de-julio\/#article","isPartOf":{"@id":"https:\/\/esbozodeportivo.com\/index.php\/2025\/03\/21\/julio-urias-sera-reinstalado-el-17-de-julio\/"},"author":{"name":"Redacci\u00f3n","@id":"https:\/\/esbozodeportivo.com\/#\/schema\/person\/0f6df9196dfe6740dd0bb31bae50d374"},"headline":"Julio Ur\u00edas ser\u00e1 reinstalado el 17 de julio","datePublished":"2025-03-22T03:43:46+00:00","dateModified":"2025-03-22T03:43:47+00:00","mainEntityOfPage":{"@id":"https:\/\/esbozodeportivo.com\/index.php\/2025\/03\/21\/julio-urias-sera-reinstalado-el-17-de-julio\/"},"wordCount":369,"publisher":{"@id":"https:\/\/esbozodeportivo.com\/#organization"},"image":{"@id":"https:\/\/esbozodeportivo.com\/index.php\/2025\/03\/21\/julio-urias-sera-reinstalado-el-17-de-julio\/#primaryimage"},"thumbnailUrl":"https:\/\/esbozodeportivo.com\/wp-content\/uploads\/2025\/03\/Julio-Urias.jpg","articleSection":["Beisbol Grandes Ligas"],"inLanguage":"es"},{"@type":"WebPage","@id":"https:\/\/esbozodeportivo.com\/index.php\/2025\/03\/21\/julio-urias-sera-reinstalado-el-17-de-julio\/","url":"https:\/\/esbozodeportivo.com\/index.php\/2025\/03\/21\/julio-urias-sera-reinstalado-el-17-de-julio\/","name":"Julio Ur\u00edas ser\u00e1 reinstalado el 17 de julio - Esbozo Deportivo","isPartOf":{"@id":"https:\/\/esbozodeportivo.com\/#website"},"primaryImageOfPage":{"@id":"https:\/\/esbozodeportivo.com\/index.php\/2025\/03\/21\/julio-urias-sera-reinstalado-el-17-de-julio\/#primaryimage"},"image":{"@id":"https:\/\/esbozodeportivo.com\/index.php\/2025\/03\/21\/julio-urias-sera-reinstalado-el-17-de-julio\/#primaryimage"},"thumbnailUrl":"https:\/\/esbozodeportivo.com\/wp-content\/uploads\/2025\/03\/Julio-Urias.jpg","datePublished":"2025-03-22T03:43:46+00:00","dateModified":"2025-03-22T03:43:47+00:00","description":"Julio Ur\u00edas, el ex lanzador de los Dodgers de Los \u00c1ngeles, fue suspendido hasta el receso del Juego de Estrellas por las Grandes Ligas de B\u00e9isbol el viernes al amparo de su pol\u00edtica de violencia dom\u00e9stica con la asociaci\u00f3n de jugadores.","breadcrumb":{"@id":"https:\/\/esbozodeportivo.com\/index.php\/2025\/03\/21\/julio-urias-sera-reinstalado-el-17-de-julio\/#breadcrumb"},"inLanguage":"es","potentialAction":[{"@type":"ReadAction","target":["https:\/\/esbozodeportivo.com\/index.php\/2025\/03\/21\/julio-urias-sera-reinstalado-el-17-de-julio\/"]}]},{"@type":"ImageObject","inLanguage":"es","@id":"https:\/\/esbozodeportivo.com\/index.php\/2025\/03\/21\/julio-urias-sera-reinstalado-el-17-de-julio\/#primaryimage","url":"https:\/\/esbozodeportivo.com\/wp-content\/uploads\/2025\/03\/Julio-Urias.jpg","contentUrl":"https:\/\/esbozodeportivo.com\/wp-content\/uploads\/2025\/03\/Julio-Urias.jpg","width":980,"height":653},{"@type":"BreadcrumbList","@id":"https:\/\/esbozodeportivo.com\/index.php\/2025\/03\/21\/julio-urias-sera-reinstalado-el-17-de-julio\/#breadcrumb","itemListElement":[{"@type":"ListItem","position":1,"name":"Inicio","item":"https:\/\/esbozodeportivo.com\/"},{"@type":"ListItem","position":2,"name":"Julio Ur\u00edas ser\u00e1 reinstalado el 17 de julio"}]},{"@type":"WebSite","@id":"https:\/\/esbozodeportivo.com\/#website","url":"https:\/\/esbozodeportivo.com\/","name":"Esbozo Deportivo","description":"Lo m\u00e1s importante del Deporte","publisher":{"@id":"https:\/\/esbozodeportivo.com\/#organization"},"potentialAction":[{"@type":"SearchAction","target":{"@type":"EntryPoint","urlTemplate":"https:\/\/esbozodeportivo.com\/?s={search_term_string}"},"query-input":{"@type":"PropertyValueSpecification","valueRequired":true,"valueName":"search_term_string"}}],"inLanguage":"es"},{"@type":"Organization","@id":"https:\/\/esbozodeportivo.com\/#organization","name":"Esbozo Deportivo","url":"https:\/\/esbozodeportivo.com\/","logo":{"@type":"ImageObject","inLanguage":"es","@id":"https:\/\/esbozodeportivo.com\/#\/schema\/logo\/image\/","url":"https:\/\/esbozodeportivo.com\/wp-content\/uploads\/2022\/08\/cropped-Logo-Esbozo-Web-2.png","contentUrl":"https:\/\/esbozodeportivo.com\/wp-content\/uploads\/2022\/08\/cropped-Logo-Esbozo-Web-2.png","width":180,"height":50,"caption":"Esbozo Deportivo"},"image":{"@id":"https:\/\/esbozodeportivo.com\/#\/schema\/logo\/image\/"}},{"@type":"Person","@id":"https:\/\/esbozodeportivo.com\/#\/schema\/person\/0f6df9196dfe6740dd0bb31bae50d374","name":"Redacci\u00f3n","image":{"@type":"ImageObject","inLanguage":"es","@id":"https:\/\/esbozodeportivo.com\/#\/schema\/person\/image\/","url":"https:\/\/secure.gravatar.com\/avatar\/f55268a89c3b418f2ef172ff52ab0d09b3e653c58de29539fe329fb93d78ebf3?s=96&d=mm&r=g","contentUrl":"https:\/\/secure.gravatar.com\/avatar\/f55268a89c3b418f2ef172ff52ab0d09b3e653c58de29539fe329fb93d78ebf3?s=96&d=mm&r=g","caption":"Redacci\u00f3n"},"url":"https:\/\/esbozodeportivo.com\/index.php\/author\/redaccion\/"}]}},"jetpack_featured_media_url":"https:\/\/esbozodeportivo.com\/wp-content\/uploads\/2025\/03\/Julio-Urias.jpg","jetpack_sharing_enabled":true,"_links":{"self":[{"href":"https:\/\/esbozodeportivo.com\/index.php\/wp-json\/wp\/v2\/posts\/6505","targetHints":{"allow":["GET"]}}],"collection":[{"href":"https:\/\/esbozodeportivo.com\/index.php\/wp-json\/wp\/v2\/posts"}],"about":[{"href":"https:\/\/esbozodeportivo.com\/index.php\/wp-json\/wp\/v2\/types\/post"}],"author":[{"embeddable":true,"href":"https:\/\/esbozodeportivo.com\/index.php\/wp-json\/wp\/v2\/users\/4"}],"replies":[{"embeddable":true,"href":"https:\/\/esbozodeportivo.com\/index.php\/wp-json\/wp\/v2\/comments?post=6505"}],"version-history":[{"count":1,"href":"https:\/\/esbozodeportivo.com\/index.php\/wp-json\/wp\/v2\/posts\/6505\/revisions"}],"predecessor-version":[{"id":6507,"href":"https:\/\/esbozodeportivo.com\/index.php\/wp-json\/wp\/v2\/posts\/6505\/revisions\/6507"}],"wp:featuredmedia":[{"embeddable":true,"href":"https:\/\/esbozodeportivo.com\/index.php\/wp-json\/wp\/v2\/media\/6506"}],"wp:attachment":[{"href":"https:\/\/esbozodeportivo.com\/index.php\/wp-json\/wp\/v2\/media?parent=6505"}],"wp:term":[{"taxonomy":"category","embeddable":true,"href":"https:\/\/esbozodeportivo.com\/index.php\/wp-json\/wp\/v2\/categories?post=6505"},{"taxonomy":"post_tag","embeddable":true,"href":"https:\/\/esbozodeportivo.com\/index.php\/wp-json\/wp\/v2\/tags?post=6505"}],"curies":[{"name":"wp","href":"https:\/\/api.w.org\/{rel}","templated":true}]}}