{"id":6508,"date":"2025-03-22T13:15:52","date_gmt":"2025-03-22T19:15:52","guid":{"rendered":"https:\/\/esbozodeportivo.com\/?p=6508"},"modified":"2025-03-22T15:00:07","modified_gmt":"2025-03-22T21:00:07","slug":"el-andarin-jose-luis-doctor-consigue-marca-para-el-mundial-de-atletismo","status":"publish","type":"post","link":"https:\/\/esbozodeportivo.com\/index.php\/2025\/03\/22\/el-andarin-jose-luis-doctor-consigue-marca-para-el-mundial-de-atletismo\/","title":{"rendered":"El andar\u00edn Jos\u00e9 Luis Doctor, consigue marca para el Mundial de Atletismo"},"content":{"rendered":"\n<p><strong>(Foto: Fedmxatle)&nbsp;<\/strong><\/p>\n\n\n\n<p>Con un tiempo de 02:24:41 el andar\u00edn mexicano <strong>Jos\u00e9 Luis Doctor<\/strong>, se adjudic\u00f3 la medalla de bronce en la prueba de los <strong>35 kil\u00f3metros<\/strong>, en la edici\u00f3n 44 Dudinska 50 de <strong>Eslovaquia<\/strong>, la cual cumple con la marca para el <strong><a href=\"https:\/\/es.wikipedia.org\/wiki\/Campeonato_Mundial_de_Atletismo\">Mundial de Atletismo<\/a><\/strong> que se llevar\u00e1 a cabo en <strong>Jap\u00f3n<\/strong>, en el mes de septiembre.<\/p>\n\n\n\n<p>De acuerdo a las marcas fijadas por la World Athletics para el Campeonato Mundial de Jap\u00f3n, el tiempo en 20 kil\u00f3metros femenil es de 1 hora y 29 minutos, mientras que en 35 kil\u00f3metros es de 2 horas y 48 minutos; en la varonil de 20 kil\u00f3metros el tiempo es de 1 hora, 19 minutos y 20 segundos y en 35 kil\u00f3metros es de 2 horas y 28 minutos<\/p>\n\n\n\n<p>El presidente de la Federaci\u00f3n Mexicana de Asociaciones de Atletismo, Antonio Lozano, inform\u00f3 que despu\u00e9s de la participaci\u00f3n de los mexicanos en Eslovaquia, en 20 kil\u00f3metros femenil Ilse Guerrero tiene marca con 1 hora, 28 minutos y 43 segundos.<\/p>\n\n\n\n<p>Mientras que en los 35 kil\u00f3metros varonil, los marchistas con marca para el Mundial de Atletismo, son encabezados por Jos\u00e9 Luis Doctor, con 2 horas, 24 minutos y 41 segundos y con r\u00e9cord mexicano; Andr\u00e9s Olivas con 2 horas, 25 minutos y 08 segundos; Julio C\u00e9sar Salazar con 2.25:39; Ricardo Ortiz con 2.26:15; No\u00e9 Al\u00ed Chama, con 2.26:25; Ever Palma con 2.27:43 e Isaac Palma con 2:27.46.<\/p>\n\n\n\n<p>En Eslovaquia los mexicanos tuvieron una buena actuaci\u00f3n con Ilse Guerrero, quien se ubic\u00f3 en la cuarta posici\u00f3n de los 20 kIl\u00f3metros, con tiempo de 1 hora, 28 minutos y 43 segundos para meterse a la clasificaci\u00f3n al Campeonato Mundial; la prueba fue dominada por la ucraniana Lyudmila Olyanovska, con 1.28:28, seguida por la italiana Eleonora Anna Giorgi, con 1.28:32 y la Ucraniana Hanna Shevchuk, con 1.28:37.<\/p>\n\n\n\n<p>Por lo que respecta a la rama varonil en 20 kil\u00f3metros, el mexicano Ricardo Ortiz marc\u00f3 1.21:13, en la competencia que gan\u00f3 el colombiano Mateo Romero, con 1.20:17, seguido por el turco Mazlum Dmir, con 1.20:57 y Mukola Rushchak, con 1:21:00.<\/p>\n\n\n\n<p>Finalmente, en los 35 kil\u00f3metros varonil domin\u00f3 el canadiense Even Dunfee, con 2:21:40, seguido por el alem\u00e1n Christopher Linke, con 2:24.40 y el mexicano Jos\u00e9 Luis Doctor, con 2 horas, 24 minutos y 41 segundos.<\/p>\n\n\n\n<p><\/p>\n","protected":false},"excerpt":{"rendered":"<p>(Foto: Fedmxatle)&nbsp; Con un tiempo de 02:24:41 el andar\u00edn mexicano Jos\u00e9 Luis Doctor, se adjudic\u00f3<\/p>\n","protected":false},"author":4,"featured_media":6509,"comment_status":"closed","ping_status":"open","sticky":false,"template":"","format":"standard","meta":{"_jetpack_memberships_contains_paid_content":false,"footnotes":""},"categories":[5],"tags":[],"class_list":["post-6508","post","type-post","status-publish","format-standard","has-post-thumbnail","hentry","category-amateur"],"yoast_head":"<!-- This site is optimized with the Yoast SEO plugin v25.7 - https:\/\/yoast.com\/wordpress\/plugins\/seo\/ -->\n<title>El andar\u00edn Jos\u00e9 Luis Doctor, consigue marca para el Mundial de Atletismo - Esbozo Deportivo<\/title>\n<meta name=\"description\" content=\"Con un tiempo de 02:24:41 el andar\u00edn mexicano Jos\u00e9 Luis Doctor, se adjudic\u00f3 la medalla de bronce en la prueba de los 35 kil\u00f3metros, en la edici\u00f3n 44 Dudinska 50 de Eslovaquia, la cual cumple con la marca para el Mundial de Atletismo que se llevar\u00e1 a cabo en Jap\u00f3n, en el mes de septiembre.\" \/>\n<meta name=\"robots\" content=\"index, follow, max-snippet:-1, max-image-preview:large, max-video-preview:-1\" \/>\n<link rel=\"canonical\" href=\"https:\/\/esbozodeportivo.com\/index.php\/2025\/03\/22\/el-andarin-jose-luis-doctor-consigue-marca-para-el-mundial-de-atletismo\/\" \/>\n<meta property=\"og:locale\" content=\"es_MX\" \/>\n<meta property=\"og:type\" content=\"article\" \/>\n<meta property=\"og:title\" content=\"El andar\u00edn Jos\u00e9 Luis Doctor, consigue marca para el Mundial de Atletismo - Esbozo Deportivo\" \/>\n<meta property=\"og:description\" content=\"Con un tiempo de 02:24:41 el andar\u00edn mexicano Jos\u00e9 Luis Doctor, se adjudic\u00f3 la medalla de bronce en la prueba de los 35 kil\u00f3metros, en la edici\u00f3n 44 Dudinska 50 de Eslovaquia, la cual cumple con la marca para el Mundial de Atletismo que se llevar\u00e1 a cabo en Jap\u00f3n, en el mes de septiembre.\" \/>\n<meta property=\"og:url\" content=\"https:\/\/esbozodeportivo.com\/index.php\/2025\/03\/22\/el-andarin-jose-luis-doctor-consigue-marca-para-el-mundial-de-atletismo\/\" \/>\n<meta property=\"og:site_name\" content=\"Esbozo Deportivo\" \/>\n<meta property=\"article:published_time\" content=\"2025-03-22T19:15:52+00:00\" \/>\n<meta property=\"article:modified_time\" content=\"2025-03-22T21:00:07+00:00\" \/>\n<meta property=\"og:image\" content=\"https:\/\/esbozodeportivo.com\/wp-content\/uploads\/2025\/03\/Jose-luis-y-Raul-Glz.jpg\" \/>\n\t<meta property=\"og:image:width\" content=\"359\" \/>\n\t<meta property=\"og:image:height\" content=\"327\" \/>\n\t<meta property=\"og:image:type\" content=\"image\/jpeg\" \/>\n<meta name=\"author\" content=\"Redacci\u00f3n\" \/>\n<meta name=\"twitter:card\" content=\"summary_large_image\" \/>\n<meta name=\"twitter:label1\" content=\"Escrito por\" \/>\n\t<meta name=\"twitter:data1\" content=\"Redacci\u00f3n\" \/>\n\t<meta name=\"twitter:label2\" content=\"Tiempo de lectura\" \/>\n\t<meta name=\"twitter:data2\" content=\"2 minutos\" \/>\n<script type=\"application\/ld+json\" class=\"yoast-schema-graph\">{\"@context\":\"https:\/\/schema.org\",\"@graph\":[{\"@type\":\"Article\",\"@id\":\"https:\/\/esbozodeportivo.com\/index.php\/2025\/03\/22\/el-andarin-jose-luis-doctor-consigue-marca-para-el-mundial-de-atletismo\/#article\",\"isPartOf\":{\"@id\":\"https:\/\/esbozodeportivo.com\/index.php\/2025\/03\/22\/el-andarin-jose-luis-doctor-consigue-marca-para-el-mundial-de-atletismo\/\"},\"author\":{\"name\":\"Redacci\u00f3n\",\"@id\":\"https:\/\/esbozodeportivo.com\/#\/schema\/person\/0f6df9196dfe6740dd0bb31bae50d374\"},\"headline\":\"El andar\u00edn Jos\u00e9 Luis Doctor, consigue marca para el Mundial de Atletismo\",\"datePublished\":\"2025-03-22T19:15:52+00:00\",\"dateModified\":\"2025-03-22T21:00:07+00:00\",\"mainEntityOfPage\":{\"@id\":\"https:\/\/esbozodeportivo.com\/index.php\/2025\/03\/22\/el-andarin-jose-luis-doctor-consigue-marca-para-el-mundial-de-atletismo\/\"},\"wordCount\":362,\"publisher\":{\"@id\":\"https:\/\/esbozodeportivo.com\/#organization\"},\"image\":{\"@id\":\"https:\/\/esbozodeportivo.com\/index.php\/2025\/03\/22\/el-andarin-jose-luis-doctor-consigue-marca-para-el-mundial-de-atletismo\/#primaryimage\"},\"thumbnailUrl\":\"https:\/\/esbozodeportivo.com\/wp-content\/uploads\/2025\/03\/Jose-luis-y-Raul-Glz.jpg\",\"articleSection\":[\"Amateur\"],\"inLanguage\":\"es\"},{\"@type\":\"WebPage\",\"@id\":\"https:\/\/esbozodeportivo.com\/index.php\/2025\/03\/22\/el-andarin-jose-luis-doctor-consigue-marca-para-el-mundial-de-atletismo\/\",\"url\":\"https:\/\/esbozodeportivo.com\/index.php\/2025\/03\/22\/el-andarin-jose-luis-doctor-consigue-marca-para-el-mundial-de-atletismo\/\",\"name\":\"El andar\u00edn Jos\u00e9 Luis Doctor, consigue marca para el Mundial de Atletismo - Esbozo Deportivo\",\"isPartOf\":{\"@id\":\"https:\/\/esbozodeportivo.com\/#website\"},\"primaryImageOfPage\":{\"@id\":\"https:\/\/esbozodeportivo.com\/index.php\/2025\/03\/22\/el-andarin-jose-luis-doctor-consigue-marca-para-el-mundial-de-atletismo\/#primaryimage\"},\"image\":{\"@id\":\"https:\/\/esbozodeportivo.com\/index.php\/2025\/03\/22\/el-andarin-jose-luis-doctor-consigue-marca-para-el-mundial-de-atletismo\/#primaryimage\"},\"thumbnailUrl\":\"https:\/\/esbozodeportivo.com\/wp-content\/uploads\/2025\/03\/Jose-luis-y-Raul-Glz.jpg\",\"datePublished\":\"2025-03-22T19:15:52+00:00\",\"dateModified\":\"2025-03-22T21:00:07+00:00\",\"description\":\"Con un tiempo de 02:24:41 el andar\u00edn mexicano Jos\u00e9 Luis Doctor, se adjudic\u00f3 la medalla de bronce en la prueba de los 35 kil\u00f3metros, en la edici\u00f3n 44 Dudinska 50 de Eslovaquia, la cual cumple con la marca para el Mundial de Atletismo que se llevar\u00e1 a cabo en Jap\u00f3n, en el mes de septiembre.\",\"breadcrumb\":{\"@id\":\"https:\/\/esbozodeportivo.com\/index.php\/2025\/03\/22\/el-andarin-jose-luis-doctor-consigue-marca-para-el-mundial-de-atletismo\/#breadcrumb\"},\"inLanguage\":\"es\",\"potentialAction\":[{\"@type\":\"ReadAction\",\"target\":[\"https:\/\/esbozodeportivo.com\/index.php\/2025\/03\/22\/el-andarin-jose-luis-doctor-consigue-marca-para-el-mundial-de-atletismo\/\"]}]},{\"@type\":\"ImageObject\",\"inLanguage\":\"es\",\"@id\":\"https:\/\/esbozodeportivo.com\/index.php\/2025\/03\/22\/el-andarin-jose-luis-doctor-consigue-marca-para-el-mundial-de-atletismo\/#primaryimage\",\"url\":\"https:\/\/esbozodeportivo.com\/wp-content\/uploads\/2025\/03\/Jose-luis-y-Raul-Glz.jpg\",\"contentUrl\":\"https:\/\/esbozodeportivo.com\/wp-content\/uploads\/2025\/03\/Jose-luis-y-Raul-Glz.jpg\",\"width\":359,\"height\":327},{\"@type\":\"BreadcrumbList\",\"@id\":\"https:\/\/esbozodeportivo.com\/index.php\/2025\/03\/22\/el-andarin-jose-luis-doctor-consigue-marca-para-el-mundial-de-atletismo\/#breadcrumb\",\"itemListElement\":[{\"@type\":\"ListItem\",\"position\":1,\"name\":\"Inicio\",\"item\":\"https:\/\/esbozodeportivo.com\/\"},{\"@type\":\"ListItem\",\"position\":2,\"name\":\"El andar\u00edn Jos\u00e9 Luis Doctor, consigue marca para el Mundial de Atletismo\"}]},{\"@type\":\"WebSite\",\"@id\":\"https:\/\/esbozodeportivo.com\/#website\",\"url\":\"https:\/\/esbozodeportivo.com\/\",\"name\":\"Esbozo Deportivo\",\"description\":\"Lo m\u00e1s importante del Deporte\",\"publisher\":{\"@id\":\"https:\/\/esbozodeportivo.com\/#organization\"},\"potentialAction\":[{\"@type\":\"SearchAction\",\"target\":{\"@type\":\"EntryPoint\",\"urlTemplate\":\"https:\/\/esbozodeportivo.com\/?s={search_term_string}\"},\"query-input\":{\"@type\":\"PropertyValueSpecification\",\"valueRequired\":true,\"valueName\":\"search_term_string\"}}],\"inLanguage\":\"es\"},{\"@type\":\"Organization\",\"@id\":\"https:\/\/esbozodeportivo.com\/#organization\",\"name\":\"Esbozo Deportivo\",\"url\":\"https:\/\/esbozodeportivo.com\/\",\"logo\":{\"@type\":\"ImageObject\",\"inLanguage\":\"es\",\"@id\":\"https:\/\/esbozodeportivo.com\/#\/schema\/logo\/image\/\",\"url\":\"https:\/\/esbozodeportivo.com\/wp-content\/uploads\/2022\/08\/cropped-Logo-Esbozo-Web-2.png\",\"contentUrl\":\"https:\/\/esbozodeportivo.com\/wp-content\/uploads\/2022\/08\/cropped-Logo-Esbozo-Web-2.png\",\"width\":180,\"height\":50,\"caption\":\"Esbozo Deportivo\"},\"image\":{\"@id\":\"https:\/\/esbozodeportivo.com\/#\/schema\/logo\/image\/\"}},{\"@type\":\"Person\",\"@id\":\"https:\/\/esbozodeportivo.com\/#\/schema\/person\/0f6df9196dfe6740dd0bb31bae50d374\",\"name\":\"Redacci\u00f3n\",\"image\":{\"@type\":\"ImageObject\",\"inLanguage\":\"es\",\"@id\":\"https:\/\/esbozodeportivo.com\/#\/schema\/person\/image\/\",\"url\":\"https:\/\/secure.gravatar.com\/avatar\/f55268a89c3b418f2ef172ff52ab0d09b3e653c58de29539fe329fb93d78ebf3?s=96&d=mm&r=g\",\"contentUrl\":\"https:\/\/secure.gravatar.com\/avatar\/f55268a89c3b418f2ef172ff52ab0d09b3e653c58de29539fe329fb93d78ebf3?s=96&d=mm&r=g\",\"caption\":\"Redacci\u00f3n\"},\"url\":\"https:\/\/esbozodeportivo.com\/index.php\/author\/redaccion\/\"}]}<\/script>\n<!-- \/ Yoast SEO plugin. -->","yoast_head_json":{"title":"El andar\u00edn Jos\u00e9 Luis Doctor, consigue marca para el Mundial de Atletismo - Esbozo Deportivo","description":"Con un tiempo de 02:24:41 el andar\u00edn mexicano Jos\u00e9 Luis Doctor, se adjudic\u00f3 la medalla de bronce en la prueba de los 35 kil\u00f3metros, en la edici\u00f3n 44 Dudinska 50 de Eslovaquia, la cual cumple con la marca para el Mundial de Atletismo que se llevar\u00e1 a cabo en Jap\u00f3n, en el mes de septiembre.","robots":{"index":"index","follow":"follow","max-snippet":"max-snippet:-1","max-image-preview":"max-image-preview:large","max-video-preview":"max-video-preview:-1"},"canonical":"https:\/\/esbozodeportivo.com\/index.php\/2025\/03\/22\/el-andarin-jose-luis-doctor-consigue-marca-para-el-mundial-de-atletismo\/","og_locale":"es_MX","og_type":"article","og_title":"El andar\u00edn Jos\u00e9 Luis Doctor, consigue marca para el Mundial de Atletismo - Esbozo Deportivo","og_description":"Con un tiempo de 02:24:41 el andar\u00edn mexicano Jos\u00e9 Luis Doctor, se adjudic\u00f3 la medalla de bronce en la prueba de los 35 kil\u00f3metros, en la edici\u00f3n 44 Dudinska 50 de Eslovaquia, la cual cumple con la marca para el Mundial de Atletismo que se llevar\u00e1 a cabo en Jap\u00f3n, en el mes de septiembre.","og_url":"https:\/\/esbozodeportivo.com\/index.php\/2025\/03\/22\/el-andarin-jose-luis-doctor-consigue-marca-para-el-mundial-de-atletismo\/","og_site_name":"Esbozo Deportivo","article_published_time":"2025-03-22T19:15:52+00:00","article_modified_time":"2025-03-22T21:00:07+00:00","og_image":[{"width":359,"height":327,"url":"https:\/\/esbozodeportivo.com\/wp-content\/uploads\/2025\/03\/Jose-luis-y-Raul-Glz.jpg","type":"image\/jpeg"}],"author":"Redacci\u00f3n","twitter_card":"summary_large_image","twitter_misc":{"Escrito por":"Redacci\u00f3n","Tiempo de lectura":"2 minutos"},"schema":{"@context":"https:\/\/schema.org","@graph":[{"@type":"Article","@id":"https:\/\/esbozodeportivo.com\/index.php\/2025\/03\/22\/el-andarin-jose-luis-doctor-consigue-marca-para-el-mundial-de-atletismo\/#article","isPartOf":{"@id":"https:\/\/esbozodeportivo.com\/index.php\/2025\/03\/22\/el-andarin-jose-luis-doctor-consigue-marca-para-el-mundial-de-atletismo\/"},"author":{"name":"Redacci\u00f3n","@id":"https:\/\/esbozodeportivo.com\/#\/schema\/person\/0f6df9196dfe6740dd0bb31bae50d374"},"headline":"El andar\u00edn Jos\u00e9 Luis Doctor, consigue marca para el Mundial de Atletismo","datePublished":"2025-03-22T19:15:52+00:00","dateModified":"2025-03-22T21:00:07+00:00","mainEntityOfPage":{"@id":"https:\/\/esbozodeportivo.com\/index.php\/2025\/03\/22\/el-andarin-jose-luis-doctor-consigue-marca-para-el-mundial-de-atletismo\/"},"wordCount":362,"publisher":{"@id":"https:\/\/esbozodeportivo.com\/#organization"},"image":{"@id":"https:\/\/esbozodeportivo.com\/index.php\/2025\/03\/22\/el-andarin-jose-luis-doctor-consigue-marca-para-el-mundial-de-atletismo\/#primaryimage"},"thumbnailUrl":"https:\/\/esbozodeportivo.com\/wp-content\/uploads\/2025\/03\/Jose-luis-y-Raul-Glz.jpg","articleSection":["Amateur"],"inLanguage":"es"},{"@type":"WebPage","@id":"https:\/\/esbozodeportivo.com\/index.php\/2025\/03\/22\/el-andarin-jose-luis-doctor-consigue-marca-para-el-mundial-de-atletismo\/","url":"https:\/\/esbozodeportivo.com\/index.php\/2025\/03\/22\/el-andarin-jose-luis-doctor-consigue-marca-para-el-mundial-de-atletismo\/","name":"El andar\u00edn Jos\u00e9 Luis Doctor, consigue marca para el Mundial de Atletismo - Esbozo Deportivo","isPartOf":{"@id":"https:\/\/esbozodeportivo.com\/#website"},"primaryImageOfPage":{"@id":"https:\/\/esbozodeportivo.com\/index.php\/2025\/03\/22\/el-andarin-jose-luis-doctor-consigue-marca-para-el-mundial-de-atletismo\/#primaryimage"},"image":{"@id":"https:\/\/esbozodeportivo.com\/index.php\/2025\/03\/22\/el-andarin-jose-luis-doctor-consigue-marca-para-el-mundial-de-atletismo\/#primaryimage"},"thumbnailUrl":"https:\/\/esbozodeportivo.com\/wp-content\/uploads\/2025\/03\/Jose-luis-y-Raul-Glz.jpg","datePublished":"2025-03-22T19:15:52+00:00","dateModified":"2025-03-22T21:00:07+00:00","description":"Con un tiempo de 02:24:41 el andar\u00edn mexicano Jos\u00e9 Luis Doctor, se adjudic\u00f3 la medalla de bronce en la prueba de los 35 kil\u00f3metros, en la edici\u00f3n 44 Dudinska 50 de Eslovaquia, la cual cumple con la marca para el Mundial de Atletismo que se llevar\u00e1 a cabo en Jap\u00f3n, en el mes de septiembre.","breadcrumb":{"@id":"https:\/\/esbozodeportivo.com\/index.php\/2025\/03\/22\/el-andarin-jose-luis-doctor-consigue-marca-para-el-mundial-de-atletismo\/#breadcrumb"},"inLanguage":"es","potentialAction":[{"@type":"ReadAction","target":["https:\/\/esbozodeportivo.com\/index.php\/2025\/03\/22\/el-andarin-jose-luis-doctor-consigue-marca-para-el-mundial-de-atletismo\/"]}]},{"@type":"ImageObject","inLanguage":"es","@id":"https:\/\/esbozodeportivo.com\/index.php\/2025\/03\/22\/el-andarin-jose-luis-doctor-consigue-marca-para-el-mundial-de-atletismo\/#primaryimage","url":"https:\/\/esbozodeportivo.com\/wp-content\/uploads\/2025\/03\/Jose-luis-y-Raul-Glz.jpg","contentUrl":"https:\/\/esbozodeportivo.com\/wp-content\/uploads\/2025\/03\/Jose-luis-y-Raul-Glz.jpg","width":359,"height":327},{"@type":"BreadcrumbList","@id":"https:\/\/esbozodeportivo.com\/index.php\/2025\/03\/22\/el-andarin-jose-luis-doctor-consigue-marca-para-el-mundial-de-atletismo\/#breadcrumb","itemListElement":[{"@type":"ListItem","position":1,"name":"Inicio","item":"https:\/\/esbozodeportivo.com\/"},{"@type":"ListItem","position":2,"name":"El andar\u00edn Jos\u00e9 Luis Doctor, consigue marca para el Mundial de Atletismo"}]},{"@type":"WebSite","@id":"https:\/\/esbozodeportivo.com\/#website","url":"https:\/\/esbozodeportivo.com\/","name":"Esbozo Deportivo","description":"Lo m\u00e1s importante del Deporte","publisher":{"@id":"https:\/\/esbozodeportivo.com\/#organization"},"potentialAction":[{"@type":"SearchAction","target":{"@type":"EntryPoint","urlTemplate":"https:\/\/esbozodeportivo.com\/?s={search_term_string}"},"query-input":{"@type":"PropertyValueSpecification","valueRequired":true,"valueName":"search_term_string"}}],"inLanguage":"es"},{"@type":"Organization","@id":"https:\/\/esbozodeportivo.com\/#organization","name":"Esbozo Deportivo","url":"https:\/\/esbozodeportivo.com\/","logo":{"@type":"ImageObject","inLanguage":"es","@id":"https:\/\/esbozodeportivo.com\/#\/schema\/logo\/image\/","url":"https:\/\/esbozodeportivo.com\/wp-content\/uploads\/2022\/08\/cropped-Logo-Esbozo-Web-2.png","contentUrl":"https:\/\/esbozodeportivo.com\/wp-content\/uploads\/2022\/08\/cropped-Logo-Esbozo-Web-2.png","width":180,"height":50,"caption":"Esbozo Deportivo"},"image":{"@id":"https:\/\/esbozodeportivo.com\/#\/schema\/logo\/image\/"}},{"@type":"Person","@id":"https:\/\/esbozodeportivo.com\/#\/schema\/person\/0f6df9196dfe6740dd0bb31bae50d374","name":"Redacci\u00f3n","image":{"@type":"ImageObject","inLanguage":"es","@id":"https:\/\/esbozodeportivo.com\/#\/schema\/person\/image\/","url":"https:\/\/secure.gravatar.com\/avatar\/f55268a89c3b418f2ef172ff52ab0d09b3e653c58de29539fe329fb93d78ebf3?s=96&d=mm&r=g","contentUrl":"https:\/\/secure.gravatar.com\/avatar\/f55268a89c3b418f2ef172ff52ab0d09b3e653c58de29539fe329fb93d78ebf3?s=96&d=mm&r=g","caption":"Redacci\u00f3n"},"url":"https:\/\/esbozodeportivo.com\/index.php\/author\/redaccion\/"}]}},"jetpack_featured_media_url":"https:\/\/esbozodeportivo.com\/wp-content\/uploads\/2025\/03\/Jose-luis-y-Raul-Glz.jpg","jetpack_sharing_enabled":true,"_links":{"self":[{"href":"https:\/\/esbozodeportivo.com\/index.php\/wp-json\/wp\/v2\/posts\/6508","targetHints":{"allow":["GET"]}}],"collection":[{"href":"https:\/\/esbozodeportivo.com\/index.php\/wp-json\/wp\/v2\/posts"}],"about":[{"href":"https:\/\/esbozodeportivo.com\/index.php\/wp-json\/wp\/v2\/types\/post"}],"author":[{"embeddable":true,"href":"https:\/\/esbozodeportivo.com\/index.php\/wp-json\/wp\/v2\/users\/4"}],"replies":[{"embeddable":true,"href":"https:\/\/esbozodeportivo.com\/index.php\/wp-json\/wp\/v2\/comments?post=6508"}],"version-history":[{"count":2,"href":"https:\/\/esbozodeportivo.com\/index.php\/wp-json\/wp\/v2\/posts\/6508\/revisions"}],"predecessor-version":[{"id":6511,"href":"https:\/\/esbozodeportivo.com\/index.php\/wp-json\/wp\/v2\/posts\/6508\/revisions\/6511"}],"wp:featuredmedia":[{"embeddable":true,"href":"https:\/\/esbozodeportivo.com\/index.php\/wp-json\/wp\/v2\/media\/6509"}],"wp:attachment":[{"href":"https:\/\/esbozodeportivo.com\/index.php\/wp-json\/wp\/v2\/media?parent=6508"}],"wp:term":[{"taxonomy":"category","embeddable":true,"href":"https:\/\/esbozodeportivo.com\/index.php\/wp-json\/wp\/v2\/categories?post=6508"},{"taxonomy":"post_tag","embeddable":true,"href":"https:\/\/esbozodeportivo.com\/index.php\/wp-json\/wp\/v2\/tags?post=6508"}],"curies":[{"name":"wp","href":"https:\/\/api.w.org\/{rel}","templated":true}]}}