{"id":6518,"date":"2025-03-23T18:48:31","date_gmt":"2025-03-24T00:48:31","guid":{"rendered":"https:\/\/esbozodeportivo.com\/?p=6518"},"modified":"2025-03-23T18:48:31","modified_gmt":"2025-03-24T00:48:31","slug":"pogacar-no-pudo-ganar-la-milan-san-remo","status":"publish","type":"post","link":"https:\/\/esbozodeportivo.com\/index.php\/2025\/03\/23\/pogacar-no-pudo-ganar-la-milan-san-remo\/","title":{"rendered":"Pogacar no pudo ganar la Mil\u00e1n-San Remo"},"content":{"rendered":"\n<p>(Foto: Agencias) <\/p>\n\n\n\n<p>SAN REMO, Italia (Agencias).- A pesar de que implement\u00f3 una nueva t\u00e1ctica, <strong>Tadej Pogacar<\/strong> no pudo ganar la <strong>Mil\u00e1n<\/strong>-San Remo.<\/p>\n\n\n\n<p><strong>Pogacar<\/strong> atac\u00f3 m\u00e1s temprano de lo habitual \u2014en la pen\u00faltima subida de <strong>Cipressa<\/strong>\u2014 pero <strong>Mathieu<\/strong> van der <strong>Poe<\/strong>l sigui\u00f3 al destacado esloveno en cada paso y finalmente gan\u00f3 un sprint entre tres corredores, que tambi\u00e9n incluy\u00f3 a <strong>Filippo Ganna<\/strong>.<\/p>\n\n\n\n<p>\u201c\u00c9l intent\u00f3 todo lo que pudo\u201d, dijo <strong>Van der Poel <\/strong>sobre Pogacar, el actual campe\u00f3n mundial, del <strong>Tour de Francia <\/strong>y del <strong>Giro de Italia<\/strong>. \u201c\u00c9l (hizo) el movimiento decisivo en <strong>Cipressa.<\/strong> Creo que todos saben lo impresionante que es esto. Tal vez fue el m\u00e1s fuerte en la subida, pero sent\u00ed que ten\u00eda el control en la rueda.\u201d<\/p>\n\n\n\n<p>Fue la segunda victoria de <strong>Van der Poel en la Mil\u00e1n-San Remo,<\/strong> despu\u00e9s de que el ciclista neerland\u00e9s tambi\u00e9n ganara la primera carrera <strong>\u201cMonumento<\/strong>\u201d de la temporada hace dos a\u00f1os. El abuelo materno de <strong>Van der Poel<\/strong>, el ciclista franc\u00e9s <strong>Raymond Poulidor<\/strong>, tambi\u00e9n gan\u00f3 la Mil\u00e1n-San Remo en 1961. Falleci\u00f3 en 2019.<\/p>\n\n\n\n<p>Habiendo intentado sin \u00e9xito anteriormente actuar en la subida del <strong>Poggio<\/strong> poco antes de la meta, Pogacar esta vez hizo su primer ataque a mitad de la <strong>Cipressa <\/strong>con 25 kil\u00f3metros por recorrer en la carrera de 289 kil\u00f3metros (180 millas), que comenz\u00f3 en Pav\u00eda este a\u00f1o.<\/p>\n\n\n\n<p><strong>Van der Poel y Ganna<\/strong> fueron los \u00fanicos ciclistas capaces de mantener el ritmo de <strong>Pogacar <\/strong>y los tres evaluaron la recta de llegada antes de que <strong>Van der Poel<\/strong> hiciera el primer movimiento \u2014que result\u00f3 decisivo.<\/p>\n\n\n\n<p><strong>Ganna<\/strong> termin\u00f3 en segundo lugar y <strong>Pogaca<\/strong>r se conform\u00f3 con el tercero.<\/p>\n\n\n\n<p>\u201cMe sent\u00ed bastante fuerte\u201d, dijo <strong>Van der Poel<\/strong>. \u201cSent\u00ed que a\u00fan ten\u00eda un buen sprint en las piernas y sab\u00eda que los otros dos quer\u00edan hacer un sprint largo, porque soy conocido por los sprints m\u00e1s cortos. As\u00ed que creo que los sorprend\u00ed un poco al lanzar mi sprint en el cartel de los 300 metros. Pero me sent\u00ed lo suficientemente fuerte como para mantenerlo.\u201d<\/p>\n\n\n\n<p><strong>Pogacar<\/strong> a\u00f1adi\u00f3: \u201cSimplemente fueron demasiado r\u00e1pidos para m\u00ed y no hubo nada que pudiera hacer.\u201d<\/p>\n\n\n\n<p><strong>Michael Matthews<\/strong> gan\u00f3 el sprint por el cuarto lugar, cruzando 43 segundos detr\u00e1s.<\/p>\n\n\n\n<p>\u201cFue una edici\u00f3n para recordar\u201d, dijo <strong>Van der Poel<\/strong>. \u201cNo recuerdo cu\u00e1ndo fue el movimiento decisivo en <strong>Cipressa<\/strong>, pero seguramente fue hace mucho tiempo. Fue especial estar solo los tres en la meta.\u201d<\/p>\n\n\n\n<p><strong>Pogacar<\/strong> y <strong>Van der Poel<\/strong> rompieron el r\u00e9cord de escalada de <strong>Cipressa <\/strong>de nueve minutos y 16 segundos, establecido en 1996 cuando <strong>Gabriele Colomb<\/strong>o lanz\u00f3 su ataque all\u00ed y continu\u00f3 hacia una victoria en solitario.<\/p>\n\n\n\n<p>Fue la s\u00e9ptima victoria en un <strong>\u201cMonumento\u201d<\/strong> para <strong>Van der Poel<\/strong>, quien tambi\u00e9n ha ganado el <strong>Tour de Flandes<\/strong> tres veces y <strong>Par\u00eds-Roubaix<\/strong> dos veces. Los otros Monumentos son <strong>Lieja-Bastogne-Lieja<\/strong> y Giro de Lombardia \u2014 carreras que <strong>Pogacar<\/strong> ha ganado m\u00faltiples veces.<\/p>\n\n\n\n<p><strong>Carrera femenina<\/strong><\/p>\n\n\n\n<p>La campeona europea <strong>Lorena Wiebes<\/strong> venci\u00f3 a la destacada <strong>Marianne Vos<\/strong> en un final de sprint para ganar la carrera femenina, que regres\u00f3 despu\u00e9s de 20 a\u00f1os.<\/p>\n\n\n\n<p>La ciclista suiza <strong>Noemi Ruegg<\/strong> cruz\u00f3 en tercer lugar.<\/p>\n\n\n\n<p><strong>Wiebes f<\/strong>ue ayudada por un lanzamiento de su compa\u00f1era de equipo <strong>Lotte Kopecky,<\/strong> la campeona mundial.<\/p>\n\n\n\n<p>La carrera femenina sigui\u00f3 una ruta de 156 kil\u00f3metros (97 millas) desde <strong>G\u00e9nova <\/strong>hasta <strong>San Remo<\/strong>.<\/p>\n\n\n\n<p><\/p>\n","protected":false},"excerpt":{"rendered":"<p>(Foto: Agencias) SAN REMO, Italia (Agencias).- A pesar de que implement\u00f3 una nueva t\u00e1ctica, Tadej<\/p>\n","protected":false},"author":4,"featured_media":6519,"comment_status":"closed","ping_status":"open","sticky":false,"template":"","format":"standard","meta":{"_jetpack_memberships_contains_paid_content":false,"footnotes":""},"categories":[10],"tags":[],"class_list":["post-6518","post","type-post","status-publish","format-standard","has-post-thumbnail","hentry","category-ciclismo"],"yoast_head":"<!-- This site is optimized with the Yoast SEO plugin v25.7 - https:\/\/yoast.com\/wordpress\/plugins\/seo\/ -->\n<title>Pogacar no pudo ganar la Mil\u00e1n-San Remo - Esbozo Deportivo<\/title>\n<meta name=\"description\" content=\"Pogacar atac\u00f3 m\u00e1s temprano de lo habitual \u2014en la pen\u00faltima subida de Cipressa\u2014 pero Mathieu van der Poel sigui\u00f3 al destacado esloveno en cada paso y finalmente gan\u00f3 un sprint entre tres corredores, que tambi\u00e9n incluy\u00f3 a Filippo Ganna.\" \/>\n<meta name=\"robots\" content=\"index, follow, max-snippet:-1, max-image-preview:large, max-video-preview:-1\" \/>\n<link rel=\"canonical\" href=\"https:\/\/esbozodeportivo.com\/index.php\/2025\/03\/23\/pogacar-no-pudo-ganar-la-milan-san-remo\/\" \/>\n<meta property=\"og:locale\" content=\"es_MX\" \/>\n<meta property=\"og:type\" content=\"article\" \/>\n<meta property=\"og:title\" content=\"Pogacar no pudo ganar la Mil\u00e1n-San Remo - Esbozo Deportivo\" \/>\n<meta property=\"og:description\" content=\"Pogacar atac\u00f3 m\u00e1s temprano de lo habitual \u2014en la pen\u00faltima subida de Cipressa\u2014 pero Mathieu van der Poel sigui\u00f3 al destacado esloveno en cada paso y finalmente gan\u00f3 un sprint entre tres corredores, que tambi\u00e9n incluy\u00f3 a Filippo Ganna.\" \/>\n<meta property=\"og:url\" content=\"https:\/\/esbozodeportivo.com\/index.php\/2025\/03\/23\/pogacar-no-pudo-ganar-la-milan-san-remo\/\" \/>\n<meta property=\"og:site_name\" content=\"Esbozo Deportivo\" \/>\n<meta property=\"article:published_time\" content=\"2025-03-24T00:48:31+00:00\" \/>\n<meta property=\"og:image\" content=\"https:\/\/esbozodeportivo.com\/wp-content\/uploads\/2025\/03\/Ciclismo-2.jpg\" \/>\n\t<meta property=\"og:image:width\" content=\"980\" \/>\n\t<meta property=\"og:image:height\" content=\"653\" \/>\n\t<meta property=\"og:image:type\" content=\"image\/jpeg\" \/>\n<meta name=\"author\" content=\"Redacci\u00f3n\" \/>\n<meta name=\"twitter:card\" content=\"summary_large_image\" \/>\n<meta name=\"twitter:label1\" content=\"Escrito por\" \/>\n\t<meta name=\"twitter:data1\" content=\"Redacci\u00f3n\" \/>\n\t<meta name=\"twitter:label2\" content=\"Tiempo de lectura\" \/>\n\t<meta name=\"twitter:data2\" content=\"3 minutos\" \/>\n<script type=\"application\/ld+json\" class=\"yoast-schema-graph\">{\"@context\":\"https:\/\/schema.org\",\"@graph\":[{\"@type\":\"Article\",\"@id\":\"https:\/\/esbozodeportivo.com\/index.php\/2025\/03\/23\/pogacar-no-pudo-ganar-la-milan-san-remo\/#article\",\"isPartOf\":{\"@id\":\"https:\/\/esbozodeportivo.com\/index.php\/2025\/03\/23\/pogacar-no-pudo-ganar-la-milan-san-remo\/\"},\"author\":{\"name\":\"Redacci\u00f3n\",\"@id\":\"https:\/\/esbozodeportivo.com\/#\/schema\/person\/0f6df9196dfe6740dd0bb31bae50d374\"},\"headline\":\"Pogacar no pudo ganar la Mil\u00e1n-San Remo\",\"datePublished\":\"2025-03-24T00:48:31+00:00\",\"mainEntityOfPage\":{\"@id\":\"https:\/\/esbozodeportivo.com\/index.php\/2025\/03\/23\/pogacar-no-pudo-ganar-la-milan-san-remo\/\"},\"wordCount\":577,\"publisher\":{\"@id\":\"https:\/\/esbozodeportivo.com\/#organization\"},\"image\":{\"@id\":\"https:\/\/esbozodeportivo.com\/index.php\/2025\/03\/23\/pogacar-no-pudo-ganar-la-milan-san-remo\/#primaryimage\"},\"thumbnailUrl\":\"https:\/\/esbozodeportivo.com\/wp-content\/uploads\/2025\/03\/Ciclismo-2.jpg\",\"articleSection\":[\"Ciclismo\"],\"inLanguage\":\"es\"},{\"@type\":\"WebPage\",\"@id\":\"https:\/\/esbozodeportivo.com\/index.php\/2025\/03\/23\/pogacar-no-pudo-ganar-la-milan-san-remo\/\",\"url\":\"https:\/\/esbozodeportivo.com\/index.php\/2025\/03\/23\/pogacar-no-pudo-ganar-la-milan-san-remo\/\",\"name\":\"Pogacar no pudo ganar la Mil\u00e1n-San Remo - Esbozo Deportivo\",\"isPartOf\":{\"@id\":\"https:\/\/esbozodeportivo.com\/#website\"},\"primaryImageOfPage\":{\"@id\":\"https:\/\/esbozodeportivo.com\/index.php\/2025\/03\/23\/pogacar-no-pudo-ganar-la-milan-san-remo\/#primaryimage\"},\"image\":{\"@id\":\"https:\/\/esbozodeportivo.com\/index.php\/2025\/03\/23\/pogacar-no-pudo-ganar-la-milan-san-remo\/#primaryimage\"},\"thumbnailUrl\":\"https:\/\/esbozodeportivo.com\/wp-content\/uploads\/2025\/03\/Ciclismo-2.jpg\",\"datePublished\":\"2025-03-24T00:48:31+00:00\",\"description\":\"Pogacar atac\u00f3 m\u00e1s temprano de lo habitual \u2014en la pen\u00faltima subida de Cipressa\u2014 pero Mathieu van der Poel sigui\u00f3 al destacado esloveno en cada paso y finalmente gan\u00f3 un sprint entre tres corredores, que tambi\u00e9n incluy\u00f3 a Filippo Ganna.\",\"breadcrumb\":{\"@id\":\"https:\/\/esbozodeportivo.com\/index.php\/2025\/03\/23\/pogacar-no-pudo-ganar-la-milan-san-remo\/#breadcrumb\"},\"inLanguage\":\"es\",\"potentialAction\":[{\"@type\":\"ReadAction\",\"target\":[\"https:\/\/esbozodeportivo.com\/index.php\/2025\/03\/23\/pogacar-no-pudo-ganar-la-milan-san-remo\/\"]}]},{\"@type\":\"ImageObject\",\"inLanguage\":\"es\",\"@id\":\"https:\/\/esbozodeportivo.com\/index.php\/2025\/03\/23\/pogacar-no-pudo-ganar-la-milan-san-remo\/#primaryimage\",\"url\":\"https:\/\/esbozodeportivo.com\/wp-content\/uploads\/2025\/03\/Ciclismo-2.jpg\",\"contentUrl\":\"https:\/\/esbozodeportivo.com\/wp-content\/uploads\/2025\/03\/Ciclismo-2.jpg\",\"width\":980,\"height\":653},{\"@type\":\"BreadcrumbList\",\"@id\":\"https:\/\/esbozodeportivo.com\/index.php\/2025\/03\/23\/pogacar-no-pudo-ganar-la-milan-san-remo\/#breadcrumb\",\"itemListElement\":[{\"@type\":\"ListItem\",\"position\":1,\"name\":\"Inicio\",\"item\":\"https:\/\/esbozodeportivo.com\/\"},{\"@type\":\"ListItem\",\"position\":2,\"name\":\"Pogacar no pudo ganar la Mil\u00e1n-San Remo\"}]},{\"@type\":\"WebSite\",\"@id\":\"https:\/\/esbozodeportivo.com\/#website\",\"url\":\"https:\/\/esbozodeportivo.com\/\",\"name\":\"Esbozo Deportivo\",\"description\":\"Lo m\u00e1s importante del Deporte\",\"publisher\":{\"@id\":\"https:\/\/esbozodeportivo.com\/#organization\"},\"potentialAction\":[{\"@type\":\"SearchAction\",\"target\":{\"@type\":\"EntryPoint\",\"urlTemplate\":\"https:\/\/esbozodeportivo.com\/?s={search_term_string}\"},\"query-input\":{\"@type\":\"PropertyValueSpecification\",\"valueRequired\":true,\"valueName\":\"search_term_string\"}}],\"inLanguage\":\"es\"},{\"@type\":\"Organization\",\"@id\":\"https:\/\/esbozodeportivo.com\/#organization\",\"name\":\"Esbozo Deportivo\",\"url\":\"https:\/\/esbozodeportivo.com\/\",\"logo\":{\"@type\":\"ImageObject\",\"inLanguage\":\"es\",\"@id\":\"https:\/\/esbozodeportivo.com\/#\/schema\/logo\/image\/\",\"url\":\"https:\/\/esbozodeportivo.com\/wp-content\/uploads\/2022\/08\/cropped-Logo-Esbozo-Web-2.png\",\"contentUrl\":\"https:\/\/esbozodeportivo.com\/wp-content\/uploads\/2022\/08\/cropped-Logo-Esbozo-Web-2.png\",\"width\":180,\"height\":50,\"caption\":\"Esbozo Deportivo\"},\"image\":{\"@id\":\"https:\/\/esbozodeportivo.com\/#\/schema\/logo\/image\/\"}},{\"@type\":\"Person\",\"@id\":\"https:\/\/esbozodeportivo.com\/#\/schema\/person\/0f6df9196dfe6740dd0bb31bae50d374\",\"name\":\"Redacci\u00f3n\",\"image\":{\"@type\":\"ImageObject\",\"inLanguage\":\"es\",\"@id\":\"https:\/\/esbozodeportivo.com\/#\/schema\/person\/image\/\",\"url\":\"https:\/\/secure.gravatar.com\/avatar\/f55268a89c3b418f2ef172ff52ab0d09b3e653c58de29539fe329fb93d78ebf3?s=96&d=mm&r=g\",\"contentUrl\":\"https:\/\/secure.gravatar.com\/avatar\/f55268a89c3b418f2ef172ff52ab0d09b3e653c58de29539fe329fb93d78ebf3?s=96&d=mm&r=g\",\"caption\":\"Redacci\u00f3n\"},\"url\":\"https:\/\/esbozodeportivo.com\/index.php\/author\/redaccion\/\"}]}<\/script>\n<!-- \/ Yoast SEO plugin. -->","yoast_head_json":{"title":"Pogacar no pudo ganar la Mil\u00e1n-San Remo - Esbozo Deportivo","description":"Pogacar atac\u00f3 m\u00e1s temprano de lo habitual \u2014en la pen\u00faltima subida de Cipressa\u2014 pero Mathieu van der Poel sigui\u00f3 al destacado esloveno en cada paso y finalmente gan\u00f3 un sprint entre tres corredores, que tambi\u00e9n incluy\u00f3 a Filippo Ganna.","robots":{"index":"index","follow":"follow","max-snippet":"max-snippet:-1","max-image-preview":"max-image-preview:large","max-video-preview":"max-video-preview:-1"},"canonical":"https:\/\/esbozodeportivo.com\/index.php\/2025\/03\/23\/pogacar-no-pudo-ganar-la-milan-san-remo\/","og_locale":"es_MX","og_type":"article","og_title":"Pogacar no pudo ganar la Mil\u00e1n-San Remo - Esbozo Deportivo","og_description":"Pogacar atac\u00f3 m\u00e1s temprano de lo habitual \u2014en la pen\u00faltima subida de Cipressa\u2014 pero Mathieu van der Poel sigui\u00f3 al destacado esloveno en cada paso y finalmente gan\u00f3 un sprint entre tres corredores, que tambi\u00e9n incluy\u00f3 a Filippo Ganna.","og_url":"https:\/\/esbozodeportivo.com\/index.php\/2025\/03\/23\/pogacar-no-pudo-ganar-la-milan-san-remo\/","og_site_name":"Esbozo Deportivo","article_published_time":"2025-03-24T00:48:31+00:00","og_image":[{"width":980,"height":653,"url":"https:\/\/esbozodeportivo.com\/wp-content\/uploads\/2025\/03\/Ciclismo-2.jpg","type":"image\/jpeg"}],"author":"Redacci\u00f3n","twitter_card":"summary_large_image","twitter_misc":{"Escrito por":"Redacci\u00f3n","Tiempo de lectura":"3 minutos"},"schema":{"@context":"https:\/\/schema.org","@graph":[{"@type":"Article","@id":"https:\/\/esbozodeportivo.com\/index.php\/2025\/03\/23\/pogacar-no-pudo-ganar-la-milan-san-remo\/#article","isPartOf":{"@id":"https:\/\/esbozodeportivo.com\/index.php\/2025\/03\/23\/pogacar-no-pudo-ganar-la-milan-san-remo\/"},"author":{"name":"Redacci\u00f3n","@id":"https:\/\/esbozodeportivo.com\/#\/schema\/person\/0f6df9196dfe6740dd0bb31bae50d374"},"headline":"Pogacar no pudo ganar la Mil\u00e1n-San Remo","datePublished":"2025-03-24T00:48:31+00:00","mainEntityOfPage":{"@id":"https:\/\/esbozodeportivo.com\/index.php\/2025\/03\/23\/pogacar-no-pudo-ganar-la-milan-san-remo\/"},"wordCount":577,"publisher":{"@id":"https:\/\/esbozodeportivo.com\/#organization"},"image":{"@id":"https:\/\/esbozodeportivo.com\/index.php\/2025\/03\/23\/pogacar-no-pudo-ganar-la-milan-san-remo\/#primaryimage"},"thumbnailUrl":"https:\/\/esbozodeportivo.com\/wp-content\/uploads\/2025\/03\/Ciclismo-2.jpg","articleSection":["Ciclismo"],"inLanguage":"es"},{"@type":"WebPage","@id":"https:\/\/esbozodeportivo.com\/index.php\/2025\/03\/23\/pogacar-no-pudo-ganar-la-milan-san-remo\/","url":"https:\/\/esbozodeportivo.com\/index.php\/2025\/03\/23\/pogacar-no-pudo-ganar-la-milan-san-remo\/","name":"Pogacar no pudo ganar la Mil\u00e1n-San Remo - Esbozo Deportivo","isPartOf":{"@id":"https:\/\/esbozodeportivo.com\/#website"},"primaryImageOfPage":{"@id":"https:\/\/esbozodeportivo.com\/index.php\/2025\/03\/23\/pogacar-no-pudo-ganar-la-milan-san-remo\/#primaryimage"},"image":{"@id":"https:\/\/esbozodeportivo.com\/index.php\/2025\/03\/23\/pogacar-no-pudo-ganar-la-milan-san-remo\/#primaryimage"},"thumbnailUrl":"https:\/\/esbozodeportivo.com\/wp-content\/uploads\/2025\/03\/Ciclismo-2.jpg","datePublished":"2025-03-24T00:48:31+00:00","description":"Pogacar atac\u00f3 m\u00e1s temprano de lo habitual \u2014en la pen\u00faltima subida de Cipressa\u2014 pero Mathieu van der Poel sigui\u00f3 al destacado esloveno en cada paso y finalmente gan\u00f3 un sprint entre tres corredores, que tambi\u00e9n incluy\u00f3 a Filippo Ganna.","breadcrumb":{"@id":"https:\/\/esbozodeportivo.com\/index.php\/2025\/03\/23\/pogacar-no-pudo-ganar-la-milan-san-remo\/#breadcrumb"},"inLanguage":"es","potentialAction":[{"@type":"ReadAction","target":["https:\/\/esbozodeportivo.com\/index.php\/2025\/03\/23\/pogacar-no-pudo-ganar-la-milan-san-remo\/"]}]},{"@type":"ImageObject","inLanguage":"es","@id":"https:\/\/esbozodeportivo.com\/index.php\/2025\/03\/23\/pogacar-no-pudo-ganar-la-milan-san-remo\/#primaryimage","url":"https:\/\/esbozodeportivo.com\/wp-content\/uploads\/2025\/03\/Ciclismo-2.jpg","contentUrl":"https:\/\/esbozodeportivo.com\/wp-content\/uploads\/2025\/03\/Ciclismo-2.jpg","width":980,"height":653},{"@type":"BreadcrumbList","@id":"https:\/\/esbozodeportivo.com\/index.php\/2025\/03\/23\/pogacar-no-pudo-ganar-la-milan-san-remo\/#breadcrumb","itemListElement":[{"@type":"ListItem","position":1,"name":"Inicio","item":"https:\/\/esbozodeportivo.com\/"},{"@type":"ListItem","position":2,"name":"Pogacar no pudo ganar la Mil\u00e1n-San Remo"}]},{"@type":"WebSite","@id":"https:\/\/esbozodeportivo.com\/#website","url":"https:\/\/esbozodeportivo.com\/","name":"Esbozo Deportivo","description":"Lo m\u00e1s importante del Deporte","publisher":{"@id":"https:\/\/esbozodeportivo.com\/#organization"},"potentialAction":[{"@type":"SearchAction","target":{"@type":"EntryPoint","urlTemplate":"https:\/\/esbozodeportivo.com\/?s={search_term_string}"},"query-input":{"@type":"PropertyValueSpecification","valueRequired":true,"valueName":"search_term_string"}}],"inLanguage":"es"},{"@type":"Organization","@id":"https:\/\/esbozodeportivo.com\/#organization","name":"Esbozo Deportivo","url":"https:\/\/esbozodeportivo.com\/","logo":{"@type":"ImageObject","inLanguage":"es","@id":"https:\/\/esbozodeportivo.com\/#\/schema\/logo\/image\/","url":"https:\/\/esbozodeportivo.com\/wp-content\/uploads\/2022\/08\/cropped-Logo-Esbozo-Web-2.png","contentUrl":"https:\/\/esbozodeportivo.com\/wp-content\/uploads\/2022\/08\/cropped-Logo-Esbozo-Web-2.png","width":180,"height":50,"caption":"Esbozo Deportivo"},"image":{"@id":"https:\/\/esbozodeportivo.com\/#\/schema\/logo\/image\/"}},{"@type":"Person","@id":"https:\/\/esbozodeportivo.com\/#\/schema\/person\/0f6df9196dfe6740dd0bb31bae50d374","name":"Redacci\u00f3n","image":{"@type":"ImageObject","inLanguage":"es","@id":"https:\/\/esbozodeportivo.com\/#\/schema\/person\/image\/","url":"https:\/\/secure.gravatar.com\/avatar\/f55268a89c3b418f2ef172ff52ab0d09b3e653c58de29539fe329fb93d78ebf3?s=96&d=mm&r=g","contentUrl":"https:\/\/secure.gravatar.com\/avatar\/f55268a89c3b418f2ef172ff52ab0d09b3e653c58de29539fe329fb93d78ebf3?s=96&d=mm&r=g","caption":"Redacci\u00f3n"},"url":"https:\/\/esbozodeportivo.com\/index.php\/author\/redaccion\/"}]}},"jetpack_featured_media_url":"https:\/\/esbozodeportivo.com\/wp-content\/uploads\/2025\/03\/Ciclismo-2.jpg","jetpack_sharing_enabled":true,"_links":{"self":[{"href":"https:\/\/esbozodeportivo.com\/index.php\/wp-json\/wp\/v2\/posts\/6518","targetHints":{"allow":["GET"]}}],"collection":[{"href":"https:\/\/esbozodeportivo.com\/index.php\/wp-json\/wp\/v2\/posts"}],"about":[{"href":"https:\/\/esbozodeportivo.com\/index.php\/wp-json\/wp\/v2\/types\/post"}],"author":[{"embeddable":true,"href":"https:\/\/esbozodeportivo.com\/index.php\/wp-json\/wp\/v2\/users\/4"}],"replies":[{"embeddable":true,"href":"https:\/\/esbozodeportivo.com\/index.php\/wp-json\/wp\/v2\/comments?post=6518"}],"version-history":[{"count":1,"href":"https:\/\/esbozodeportivo.com\/index.php\/wp-json\/wp\/v2\/posts\/6518\/revisions"}],"predecessor-version":[{"id":6520,"href":"https:\/\/esbozodeportivo.com\/index.php\/wp-json\/wp\/v2\/posts\/6518\/revisions\/6520"}],"wp:featuredmedia":[{"embeddable":true,"href":"https:\/\/esbozodeportivo.com\/index.php\/wp-json\/wp\/v2\/media\/6519"}],"wp:attachment":[{"href":"https:\/\/esbozodeportivo.com\/index.php\/wp-json\/wp\/v2\/media?parent=6518"}],"wp:term":[{"taxonomy":"category","embeddable":true,"href":"https:\/\/esbozodeportivo.com\/index.php\/wp-json\/wp\/v2\/categories?post=6518"},{"taxonomy":"post_tag","embeddable":true,"href":"https:\/\/esbozodeportivo.com\/index.php\/wp-json\/wp\/v2\/tags?post=6518"}],"curies":[{"name":"wp","href":"https:\/\/api.w.org\/{rel}","templated":true}]}}