{"id":6521,"date":"2025-03-23T18:50:30","date_gmt":"2025-03-24T00:50:30","guid":{"rendered":"https:\/\/esbozodeportivo.com\/?p=6521"},"modified":"2025-03-23T18:50:31","modified_gmt":"2025-03-24T00:50:31","slug":"william-zepeda-hara-su-primera-defensa","status":"publish","type":"post","link":"https:\/\/esbozodeportivo.com\/index.php\/2025\/03\/23\/william-zepeda-hara-su-primera-defensa\/","title":{"rendered":"William Zepeda har\u00e1 su primera defensa"},"content":{"rendered":"\n<p>(Foto: Cortes\u00eda) <\/p>\n\n\n\n<p><strong>William \u201cCamar\u00f3n\u201d Zepeda<\/strong> se declar\u00f3 en \u00f3ptimas condiciones para encarar <strong>Tevin \u201c2X\u201d Farmer<\/strong>, en la que ser\u00e1 la primer defensa del campeonato interino <strong>WBC<\/strong> de peso Ligero. <\/p>\n\n\n\n<p>El \u00eddolo de San Mateo Atenco, Estado de M\u00e9xico, <strong>William \u201cCamar\u00f3n\u201d Zepeda<\/strong> se dispone a otorgar la revancha a <strong>Tevin \u201c2X\u201d Farmer<\/strong>, en el que ser\u00e1 el duelo estelar de este s\u00e1bado en el paradis\u00edaco <strong>Canc\u00fan<\/strong>, <strong>Quintana Roo<\/strong>.<\/p>\n\n\n\n<p><strong>William Zepeda Segura<\/strong> pondr\u00e1 en juego el campeonato ligero interino del <strong>Consejo Mundial de Boxeo<\/strong> (WBC, por sus siglas en ingl\u00e9s), al volver a encarar al estadounidense <strong>Tevin Farmer<\/strong>, a quien enfrent\u00f3 y venci\u00f3 por decisi\u00f3n dividida, el pasado 16 de noviembre en Riad, <strong>Arabia Saudita,<\/strong> para adjudicarse el t\u00edtulo en cuesti\u00f3n.<\/p>\n\n\n\n<p>En ese encuentro, <strong>Zepeda<\/strong> fue derribado en el cuarto asalto, pero logr\u00f3 superar a Farmer en las tarjetas de puntuaci\u00f3n de los jueces. La pelea fue competitiva, lo que dio lugar a esta revancha.<\/p>\n\n\n\n<p>Tras una excelente preparaci\u00f3n realizada en las alturas del municipio mexiquense de <strong>Jiquipilco<\/strong>, <strong>William Zepeda<\/strong>, quien trabaj\u00f3 al lado de su equipo de&nbsp; trabajo compuesto por sus entrenadores <strong>Jay \u201cPanda\u201d Najar<\/strong> y <strong>Carlos Duarte<\/strong>, si como su representante <strong>Jaime Picos<\/strong>, y su se\u00f1or padre <strong>Luis Manuel \u201cPariente\u201d Zepeda<\/strong>.<\/p>\n\n\n\n<p>El llamado <strong>\u201cCamar\u00f3n\u201d<\/strong> llegar\u00e1 a este duelo con un r\u00e9cord invicto de 32 combates, 27 de estos por la v\u00eda del \u201ccloroformo puro\u201d, y con muchos deseos de obtener un lucido triunfo en su casa y ante su gente.<\/p>\n\n\n\n<p>Por su parte, <strong>Tevin Farmer<\/strong> presentar\u00e1 una marca de 33 triunfos, ocho de estos por nocaut, a cambio de siete derrotas y un empate.<\/p>\n\n\n\n<p>RESPALDO DE LUJO<\/p>\n\n\n\n<p>En el respaldo, el p\u00fagil capitalino <strong>Edwin \u201cCanito\u201d Cano<\/strong> se medir\u00e1 al boricua <strong>Oscar \u201cPupilo\u201d Collazo<\/strong> por los t\u00edtulos mundiales <strong>WBA <\/strong>y <strong>WBO<\/strong> de peso paja.<\/p>\n\n\n\n<p>En duelo de guantes rosas,&nbsp; la campeona <strong>WBC <\/strong>de peso paja <strong>Yokasta Valle<\/strong> chocar\u00e1 con la ex campeona mundial mosca <strong>Marl\u00e9n Esparza<\/strong>, 10 rounds en peso mosca.<\/p>\n\n\n\n<p><\/p>\n","protected":false},"excerpt":{"rendered":"<p>(Foto: Cortes\u00eda) William \u201cCamar\u00f3n\u201d Zepeda se declar\u00f3 en \u00f3ptimas condiciones para encarar Tevin \u201c2X\u201d Farmer,<\/p>\n","protected":false},"author":4,"featured_media":6522,"comment_status":"closed","ping_status":"open","sticky":false,"template":"","format":"standard","meta":{"_jetpack_memberships_contains_paid_content":false,"footnotes":""},"categories":[64],"tags":[],"class_list":["post-6521","post","type-post","status-publish","format-standard","has-post-thumbnail","hentry","category-box"],"yoast_head":"<!-- This site is optimized with the Yoast SEO plugin v25.7 - https:\/\/yoast.com\/wordpress\/plugins\/seo\/ -->\n<title>William Zepeda har\u00e1 su primera defensa - Esbozo Deportivo<\/title>\n<meta name=\"description\" content=\"William \u201cCamar\u00f3n\u201d Zepeda se declar\u00f3 en \u00f3ptimas condiciones para encarar Tevin \u201c2X\u201d Farmer, en la que ser\u00e1 la primer defensa del campeonato interino WBC de peso Ligero\" \/>\n<meta name=\"robots\" content=\"index, follow, max-snippet:-1, max-image-preview:large, max-video-preview:-1\" \/>\n<link rel=\"canonical\" href=\"https:\/\/esbozodeportivo.com\/index.php\/2025\/03\/23\/william-zepeda-hara-su-primera-defensa\/\" \/>\n<meta property=\"og:locale\" content=\"es_MX\" \/>\n<meta property=\"og:type\" content=\"article\" \/>\n<meta property=\"og:title\" content=\"William Zepeda har\u00e1 su primera defensa - Esbozo Deportivo\" \/>\n<meta property=\"og:description\" content=\"William \u201cCamar\u00f3n\u201d Zepeda se declar\u00f3 en \u00f3ptimas condiciones para encarar Tevin \u201c2X\u201d Farmer, en la que ser\u00e1 la primer defensa del campeonato interino WBC de peso Ligero\" \/>\n<meta property=\"og:url\" content=\"https:\/\/esbozodeportivo.com\/index.php\/2025\/03\/23\/william-zepeda-hara-su-primera-defensa\/\" \/>\n<meta property=\"og:site_name\" content=\"Esbozo Deportivo\" \/>\n<meta property=\"article:published_time\" content=\"2025-03-24T00:50:30+00:00\" \/>\n<meta property=\"article:modified_time\" content=\"2025-03-24T00:50:31+00:00\" \/>\n<meta property=\"og:image\" content=\"https:\/\/esbozodeportivo.com\/wp-content\/uploads\/2025\/03\/Zepeda.jpg\" \/>\n\t<meta property=\"og:image:width\" content=\"898\" \/>\n\t<meta property=\"og:image:height\" content=\"1600\" \/>\n\t<meta property=\"og:image:type\" content=\"image\/jpeg\" \/>\n<meta name=\"author\" content=\"Redacci\u00f3n\" \/>\n<meta name=\"twitter:card\" content=\"summary_large_image\" \/>\n<meta name=\"twitter:label1\" content=\"Escrito por\" \/>\n\t<meta name=\"twitter:data1\" content=\"Redacci\u00f3n\" \/>\n\t<meta name=\"twitter:label2\" content=\"Tiempo de lectura\" \/>\n\t<meta name=\"twitter:data2\" content=\"2 minutos\" \/>\n<script type=\"application\/ld+json\" class=\"yoast-schema-graph\">{\"@context\":\"https:\/\/schema.org\",\"@graph\":[{\"@type\":\"Article\",\"@id\":\"https:\/\/esbozodeportivo.com\/index.php\/2025\/03\/23\/william-zepeda-hara-su-primera-defensa\/#article\",\"isPartOf\":{\"@id\":\"https:\/\/esbozodeportivo.com\/index.php\/2025\/03\/23\/william-zepeda-hara-su-primera-defensa\/\"},\"author\":{\"name\":\"Redacci\u00f3n\",\"@id\":\"https:\/\/esbozodeportivo.com\/#\/schema\/person\/0f6df9196dfe6740dd0bb31bae50d374\"},\"headline\":\"William Zepeda har\u00e1 su primera defensa\",\"datePublished\":\"2025-03-24T00:50:30+00:00\",\"dateModified\":\"2025-03-24T00:50:31+00:00\",\"mainEntityOfPage\":{\"@id\":\"https:\/\/esbozodeportivo.com\/index.php\/2025\/03\/23\/william-zepeda-hara-su-primera-defensa\/\"},\"wordCount\":343,\"publisher\":{\"@id\":\"https:\/\/esbozodeportivo.com\/#organization\"},\"image\":{\"@id\":\"https:\/\/esbozodeportivo.com\/index.php\/2025\/03\/23\/william-zepeda-hara-su-primera-defensa\/#primaryimage\"},\"thumbnailUrl\":\"https:\/\/esbozodeportivo.com\/wp-content\/uploads\/2025\/03\/Zepeda.jpg\",\"articleSection\":[\"Box\"],\"inLanguage\":\"es\"},{\"@type\":\"WebPage\",\"@id\":\"https:\/\/esbozodeportivo.com\/index.php\/2025\/03\/23\/william-zepeda-hara-su-primera-defensa\/\",\"url\":\"https:\/\/esbozodeportivo.com\/index.php\/2025\/03\/23\/william-zepeda-hara-su-primera-defensa\/\",\"name\":\"William Zepeda har\u00e1 su primera defensa - Esbozo Deportivo\",\"isPartOf\":{\"@id\":\"https:\/\/esbozodeportivo.com\/#website\"},\"primaryImageOfPage\":{\"@id\":\"https:\/\/esbozodeportivo.com\/index.php\/2025\/03\/23\/william-zepeda-hara-su-primera-defensa\/#primaryimage\"},\"image\":{\"@id\":\"https:\/\/esbozodeportivo.com\/index.php\/2025\/03\/23\/william-zepeda-hara-su-primera-defensa\/#primaryimage\"},\"thumbnailUrl\":\"https:\/\/esbozodeportivo.com\/wp-content\/uploads\/2025\/03\/Zepeda.jpg\",\"datePublished\":\"2025-03-24T00:50:30+00:00\",\"dateModified\":\"2025-03-24T00:50:31+00:00\",\"description\":\"William \u201cCamar\u00f3n\u201d Zepeda se declar\u00f3 en \u00f3ptimas condiciones para encarar Tevin \u201c2X\u201d Farmer, en la que ser\u00e1 la primer defensa del campeonato interino WBC de peso Ligero\",\"breadcrumb\":{\"@id\":\"https:\/\/esbozodeportivo.com\/index.php\/2025\/03\/23\/william-zepeda-hara-su-primera-defensa\/#breadcrumb\"},\"inLanguage\":\"es\",\"potentialAction\":[{\"@type\":\"ReadAction\",\"target\":[\"https:\/\/esbozodeportivo.com\/index.php\/2025\/03\/23\/william-zepeda-hara-su-primera-defensa\/\"]}]},{\"@type\":\"ImageObject\",\"inLanguage\":\"es\",\"@id\":\"https:\/\/esbozodeportivo.com\/index.php\/2025\/03\/23\/william-zepeda-hara-su-primera-defensa\/#primaryimage\",\"url\":\"https:\/\/esbozodeportivo.com\/wp-content\/uploads\/2025\/03\/Zepeda.jpg\",\"contentUrl\":\"https:\/\/esbozodeportivo.com\/wp-content\/uploads\/2025\/03\/Zepeda.jpg\",\"width\":898,\"height\":1600},{\"@type\":\"BreadcrumbList\",\"@id\":\"https:\/\/esbozodeportivo.com\/index.php\/2025\/03\/23\/william-zepeda-hara-su-primera-defensa\/#breadcrumb\",\"itemListElement\":[{\"@type\":\"ListItem\",\"position\":1,\"name\":\"Inicio\",\"item\":\"https:\/\/esbozodeportivo.com\/\"},{\"@type\":\"ListItem\",\"position\":2,\"name\":\"William Zepeda har\u00e1 su primera defensa\"}]},{\"@type\":\"WebSite\",\"@id\":\"https:\/\/esbozodeportivo.com\/#website\",\"url\":\"https:\/\/esbozodeportivo.com\/\",\"name\":\"Esbozo Deportivo\",\"description\":\"Lo m\u00e1s importante del Deporte\",\"publisher\":{\"@id\":\"https:\/\/esbozodeportivo.com\/#organization\"},\"potentialAction\":[{\"@type\":\"SearchAction\",\"target\":{\"@type\":\"EntryPoint\",\"urlTemplate\":\"https:\/\/esbozodeportivo.com\/?s={search_term_string}\"},\"query-input\":{\"@type\":\"PropertyValueSpecification\",\"valueRequired\":true,\"valueName\":\"search_term_string\"}}],\"inLanguage\":\"es\"},{\"@type\":\"Organization\",\"@id\":\"https:\/\/esbozodeportivo.com\/#organization\",\"name\":\"Esbozo Deportivo\",\"url\":\"https:\/\/esbozodeportivo.com\/\",\"logo\":{\"@type\":\"ImageObject\",\"inLanguage\":\"es\",\"@id\":\"https:\/\/esbozodeportivo.com\/#\/schema\/logo\/image\/\",\"url\":\"https:\/\/esbozodeportivo.com\/wp-content\/uploads\/2022\/08\/cropped-Logo-Esbozo-Web-2.png\",\"contentUrl\":\"https:\/\/esbozodeportivo.com\/wp-content\/uploads\/2022\/08\/cropped-Logo-Esbozo-Web-2.png\",\"width\":180,\"height\":50,\"caption\":\"Esbozo Deportivo\"},\"image\":{\"@id\":\"https:\/\/esbozodeportivo.com\/#\/schema\/logo\/image\/\"}},{\"@type\":\"Person\",\"@id\":\"https:\/\/esbozodeportivo.com\/#\/schema\/person\/0f6df9196dfe6740dd0bb31bae50d374\",\"name\":\"Redacci\u00f3n\",\"image\":{\"@type\":\"ImageObject\",\"inLanguage\":\"es\",\"@id\":\"https:\/\/esbozodeportivo.com\/#\/schema\/person\/image\/\",\"url\":\"https:\/\/secure.gravatar.com\/avatar\/f55268a89c3b418f2ef172ff52ab0d09b3e653c58de29539fe329fb93d78ebf3?s=96&d=mm&r=g\",\"contentUrl\":\"https:\/\/secure.gravatar.com\/avatar\/f55268a89c3b418f2ef172ff52ab0d09b3e653c58de29539fe329fb93d78ebf3?s=96&d=mm&r=g\",\"caption\":\"Redacci\u00f3n\"},\"url\":\"https:\/\/esbozodeportivo.com\/index.php\/author\/redaccion\/\"}]}<\/script>\n<!-- \/ Yoast SEO plugin. -->","yoast_head_json":{"title":"William Zepeda har\u00e1 su primera defensa - Esbozo Deportivo","description":"William \u201cCamar\u00f3n\u201d Zepeda se declar\u00f3 en \u00f3ptimas condiciones para encarar Tevin \u201c2X\u201d Farmer, en la que ser\u00e1 la primer defensa del campeonato interino WBC de peso Ligero","robots":{"index":"index","follow":"follow","max-snippet":"max-snippet:-1","max-image-preview":"max-image-preview:large","max-video-preview":"max-video-preview:-1"},"canonical":"https:\/\/esbozodeportivo.com\/index.php\/2025\/03\/23\/william-zepeda-hara-su-primera-defensa\/","og_locale":"es_MX","og_type":"article","og_title":"William Zepeda har\u00e1 su primera defensa - Esbozo Deportivo","og_description":"William \u201cCamar\u00f3n\u201d Zepeda se declar\u00f3 en \u00f3ptimas condiciones para encarar Tevin \u201c2X\u201d Farmer, en la que ser\u00e1 la primer defensa del campeonato interino WBC de peso Ligero","og_url":"https:\/\/esbozodeportivo.com\/index.php\/2025\/03\/23\/william-zepeda-hara-su-primera-defensa\/","og_site_name":"Esbozo Deportivo","article_published_time":"2025-03-24T00:50:30+00:00","article_modified_time":"2025-03-24T00:50:31+00:00","og_image":[{"width":898,"height":1600,"url":"https:\/\/esbozodeportivo.com\/wp-content\/uploads\/2025\/03\/Zepeda.jpg","type":"image\/jpeg"}],"author":"Redacci\u00f3n","twitter_card":"summary_large_image","twitter_misc":{"Escrito por":"Redacci\u00f3n","Tiempo de lectura":"2 minutos"},"schema":{"@context":"https:\/\/schema.org","@graph":[{"@type":"Article","@id":"https:\/\/esbozodeportivo.com\/index.php\/2025\/03\/23\/william-zepeda-hara-su-primera-defensa\/#article","isPartOf":{"@id":"https:\/\/esbozodeportivo.com\/index.php\/2025\/03\/23\/william-zepeda-hara-su-primera-defensa\/"},"author":{"name":"Redacci\u00f3n","@id":"https:\/\/esbozodeportivo.com\/#\/schema\/person\/0f6df9196dfe6740dd0bb31bae50d374"},"headline":"William Zepeda har\u00e1 su primera defensa","datePublished":"2025-03-24T00:50:30+00:00","dateModified":"2025-03-24T00:50:31+00:00","mainEntityOfPage":{"@id":"https:\/\/esbozodeportivo.com\/index.php\/2025\/03\/23\/william-zepeda-hara-su-primera-defensa\/"},"wordCount":343,"publisher":{"@id":"https:\/\/esbozodeportivo.com\/#organization"},"image":{"@id":"https:\/\/esbozodeportivo.com\/index.php\/2025\/03\/23\/william-zepeda-hara-su-primera-defensa\/#primaryimage"},"thumbnailUrl":"https:\/\/esbozodeportivo.com\/wp-content\/uploads\/2025\/03\/Zepeda.jpg","articleSection":["Box"],"inLanguage":"es"},{"@type":"WebPage","@id":"https:\/\/esbozodeportivo.com\/index.php\/2025\/03\/23\/william-zepeda-hara-su-primera-defensa\/","url":"https:\/\/esbozodeportivo.com\/index.php\/2025\/03\/23\/william-zepeda-hara-su-primera-defensa\/","name":"William Zepeda har\u00e1 su primera defensa - Esbozo Deportivo","isPartOf":{"@id":"https:\/\/esbozodeportivo.com\/#website"},"primaryImageOfPage":{"@id":"https:\/\/esbozodeportivo.com\/index.php\/2025\/03\/23\/william-zepeda-hara-su-primera-defensa\/#primaryimage"},"image":{"@id":"https:\/\/esbozodeportivo.com\/index.php\/2025\/03\/23\/william-zepeda-hara-su-primera-defensa\/#primaryimage"},"thumbnailUrl":"https:\/\/esbozodeportivo.com\/wp-content\/uploads\/2025\/03\/Zepeda.jpg","datePublished":"2025-03-24T00:50:30+00:00","dateModified":"2025-03-24T00:50:31+00:00","description":"William \u201cCamar\u00f3n\u201d Zepeda se declar\u00f3 en \u00f3ptimas condiciones para encarar Tevin \u201c2X\u201d Farmer, en la que ser\u00e1 la primer defensa del campeonato interino WBC de peso Ligero","breadcrumb":{"@id":"https:\/\/esbozodeportivo.com\/index.php\/2025\/03\/23\/william-zepeda-hara-su-primera-defensa\/#breadcrumb"},"inLanguage":"es","potentialAction":[{"@type":"ReadAction","target":["https:\/\/esbozodeportivo.com\/index.php\/2025\/03\/23\/william-zepeda-hara-su-primera-defensa\/"]}]},{"@type":"ImageObject","inLanguage":"es","@id":"https:\/\/esbozodeportivo.com\/index.php\/2025\/03\/23\/william-zepeda-hara-su-primera-defensa\/#primaryimage","url":"https:\/\/esbozodeportivo.com\/wp-content\/uploads\/2025\/03\/Zepeda.jpg","contentUrl":"https:\/\/esbozodeportivo.com\/wp-content\/uploads\/2025\/03\/Zepeda.jpg","width":898,"height":1600},{"@type":"BreadcrumbList","@id":"https:\/\/esbozodeportivo.com\/index.php\/2025\/03\/23\/william-zepeda-hara-su-primera-defensa\/#breadcrumb","itemListElement":[{"@type":"ListItem","position":1,"name":"Inicio","item":"https:\/\/esbozodeportivo.com\/"},{"@type":"ListItem","position":2,"name":"William Zepeda har\u00e1 su primera defensa"}]},{"@type":"WebSite","@id":"https:\/\/esbozodeportivo.com\/#website","url":"https:\/\/esbozodeportivo.com\/","name":"Esbozo Deportivo","description":"Lo m\u00e1s importante del Deporte","publisher":{"@id":"https:\/\/esbozodeportivo.com\/#organization"},"potentialAction":[{"@type":"SearchAction","target":{"@type":"EntryPoint","urlTemplate":"https:\/\/esbozodeportivo.com\/?s={search_term_string}"},"query-input":{"@type":"PropertyValueSpecification","valueRequired":true,"valueName":"search_term_string"}}],"inLanguage":"es"},{"@type":"Organization","@id":"https:\/\/esbozodeportivo.com\/#organization","name":"Esbozo Deportivo","url":"https:\/\/esbozodeportivo.com\/","logo":{"@type":"ImageObject","inLanguage":"es","@id":"https:\/\/esbozodeportivo.com\/#\/schema\/logo\/image\/","url":"https:\/\/esbozodeportivo.com\/wp-content\/uploads\/2022\/08\/cropped-Logo-Esbozo-Web-2.png","contentUrl":"https:\/\/esbozodeportivo.com\/wp-content\/uploads\/2022\/08\/cropped-Logo-Esbozo-Web-2.png","width":180,"height":50,"caption":"Esbozo Deportivo"},"image":{"@id":"https:\/\/esbozodeportivo.com\/#\/schema\/logo\/image\/"}},{"@type":"Person","@id":"https:\/\/esbozodeportivo.com\/#\/schema\/person\/0f6df9196dfe6740dd0bb31bae50d374","name":"Redacci\u00f3n","image":{"@type":"ImageObject","inLanguage":"es","@id":"https:\/\/esbozodeportivo.com\/#\/schema\/person\/image\/","url":"https:\/\/secure.gravatar.com\/avatar\/f55268a89c3b418f2ef172ff52ab0d09b3e653c58de29539fe329fb93d78ebf3?s=96&d=mm&r=g","contentUrl":"https:\/\/secure.gravatar.com\/avatar\/f55268a89c3b418f2ef172ff52ab0d09b3e653c58de29539fe329fb93d78ebf3?s=96&d=mm&r=g","caption":"Redacci\u00f3n"},"url":"https:\/\/esbozodeportivo.com\/index.php\/author\/redaccion\/"}]}},"jetpack_featured_media_url":"https:\/\/esbozodeportivo.com\/wp-content\/uploads\/2025\/03\/Zepeda.jpg","jetpack_sharing_enabled":true,"_links":{"self":[{"href":"https:\/\/esbozodeportivo.com\/index.php\/wp-json\/wp\/v2\/posts\/6521","targetHints":{"allow":["GET"]}}],"collection":[{"href":"https:\/\/esbozodeportivo.com\/index.php\/wp-json\/wp\/v2\/posts"}],"about":[{"href":"https:\/\/esbozodeportivo.com\/index.php\/wp-json\/wp\/v2\/types\/post"}],"author":[{"embeddable":true,"href":"https:\/\/esbozodeportivo.com\/index.php\/wp-json\/wp\/v2\/users\/4"}],"replies":[{"embeddable":true,"href":"https:\/\/esbozodeportivo.com\/index.php\/wp-json\/wp\/v2\/comments?post=6521"}],"version-history":[{"count":1,"href":"https:\/\/esbozodeportivo.com\/index.php\/wp-json\/wp\/v2\/posts\/6521\/revisions"}],"predecessor-version":[{"id":6523,"href":"https:\/\/esbozodeportivo.com\/index.php\/wp-json\/wp\/v2\/posts\/6521\/revisions\/6523"}],"wp:featuredmedia":[{"embeddable":true,"href":"https:\/\/esbozodeportivo.com\/index.php\/wp-json\/wp\/v2\/media\/6522"}],"wp:attachment":[{"href":"https:\/\/esbozodeportivo.com\/index.php\/wp-json\/wp\/v2\/media?parent=6521"}],"wp:term":[{"taxonomy":"category","embeddable":true,"href":"https:\/\/esbozodeportivo.com\/index.php\/wp-json\/wp\/v2\/categories?post=6521"},{"taxonomy":"post_tag","embeddable":true,"href":"https:\/\/esbozodeportivo.com\/index.php\/wp-json\/wp\/v2\/tags?post=6521"}],"curies":[{"name":"wp","href":"https:\/\/api.w.org\/{rel}","templated":true}]}}