{"id":6524,"date":"2025-03-23T18:57:54","date_gmt":"2025-03-24T00:57:54","guid":{"rendered":"https:\/\/esbozodeportivo.com\/?p=6524"},"modified":"2025-03-23T18:57:54","modified_gmt":"2025-03-24T00:57:54","slug":"xavi-razo-brillando-en-chiapas-tiene-la-pole-y-va-por-la-victoria","status":"publish","type":"post","link":"https:\/\/esbozodeportivo.com\/index.php\/2025\/03\/23\/xavi-razo-brillando-en-chiapas-tiene-la-pole-y-va-por-la-victoria\/","title":{"rendered":"XAVI RAZO BRILLANDO EN CHIAPAS, TIENE LA POLE Y VA POR LA VICTORIA"},"content":{"rendered":"\n<p>(Foto: Cortes\u00eda)<\/p>\n\n\n\n<p><strong>Xavi Razo <\/strong>se adue\u00f1\u00f3 de la <strong>pole position <\/strong>en el <strong>S\u00faper \u00d3valo Chiapas <\/strong>tras marcar un espectacular tiempo de <strong>24.272 segundos <\/strong>en la sesi\u00f3n de calificaci\u00f3n, asegurando el primer sitio de salida para la <strong>segunda fecha de la NASCAR M\u00e9xico Series 2025<\/strong>.<\/p>\n\n\n\n<p>El piloto del auto #7 <strong>Armstrong Armored, ATR automotive, Batalion Seguridad<\/strong> <strong>Privada, CANO comfricsa, Herramientas y Compresores Carroll, Hiperbikes,<\/strong> <strong>Intercash, Orpack, Palco Consorcio De Comercio Internacional, Pipsa, Presto<\/strong> <strong>Pegamentos Selladores, Servicios Log\u00edsticos, Palco, Profinmex, San Pedro<\/strong> <strong>Pacific, Knotek De M\u00e9xico, M&amp;A; p<\/strong>artir\u00e1 desde la mejor posici\u00f3n con la meta clara: <strong>cruzar en primer lugar y mantenerse como l\u00edder del campeonato <\/strong>con <strong>43<\/strong> <strong>puntos<\/strong>.<\/p>\n\n\n\n<p><strong>&#8220;Hay mucho esfuerzo en este primer lugar de salida. El auto respondi\u00f3 a laperfecci\u00f3n, as\u00ed que es genial poder hacer la pole para ellos. S\u00f3lo debemos<\/strong> <strong>tener otro primer lugar ma\u00f1ana, para redondear un gran fin de semana&#8221;,<\/strong> declar\u00f3 <strong>Xavi Razo<\/strong>, dejando en claro su intenci\u00f3n de buscar la <strong>bandera a cuadros<\/strong>.<\/p>\n\n\n\n<p><\/p>\n\n\n\n<figure class=\"wp-block-image size-full\"><img loading=\"lazy\" decoding=\"async\" width=\"1024\" height=\"683\" src=\"https:\/\/esbozodeportivo.com\/wp-content\/uploads\/2025\/03\/Xavi-.jpg\" alt=\"\" class=\"wp-image-6525\" srcset=\"https:\/\/esbozodeportivo.com\/wp-content\/uploads\/2025\/03\/Xavi-.jpg 1024w, https:\/\/esbozodeportivo.com\/wp-content\/uploads\/2025\/03\/Xavi--300x200.jpg 300w, https:\/\/esbozodeportivo.com\/wp-content\/uploads\/2025\/03\/Xavi--768x512.jpg 768w\" sizes=\"auto, (max-width: 1024px) 100vw, 1024px\" \/><\/figure>\n\n\n\n<p>(Foto: Cortes\u00eda) <\/p>\n\n\n\n<p><strong>GRAN RENDIMIENTO DE QUIROGA Y MAGGIO EN CHIAPAS<\/strong><\/p>\n\n\n\n<p>Otro protagonista del fin de semana fue <strong>Germ\u00e1n Quiroga<\/strong>, quien domin\u00f3 la <strong>pr\u00e1ctica oficial <\/strong>al registrar un crono de <strong>24.288 segundos<\/strong>. El piloto del auto #69 <strong>Armstrong Armored, FLEX seguridad Privada, Orpack, PET de Occidente, PRESTO pegamentos Selladores, Knotek De M\u00e9xico, Batalion Seguridad Privada, CSTconcepto Soluci\u00f3n Total, Palco Consorcio De Comercio Internacional, Electr\u00f3nicos y M\u00e1s, CIM creaci\u00f3n Innovativa De M\u00e9xico, Klamm De Chiapas, Toro Presto y M&amp;A; <\/strong>se ubic\u00f3 en la <strong>octava posici\u00f3n <\/strong>de la parrilla general y s\u00e9ptimo en la categor\u00eda principal con un mejor giro de <strong>24.602 segundos<\/strong>.<\/p>\n\n\n\n<p>Por su parte, <strong>Rodrigo Maggio<\/strong>, con el auto #16 <strong>Arcos Supercenter, Armstrong<\/strong> <strong>Armored, Beforinv, CANO comfricsa, GO construcciones y Pavimentos,<\/strong> <strong>Dibagsa, Dinametra, Auto L\u00edneas Flores De Occidente, Hidrolock, Palco<\/strong> <strong>Reciclados, Presto Pegamentos Selladores, Pl\u00e1sticos Inyectados Raisa, Toro<\/strong> <strong>Presto, M&amp;A<\/strong>; largar\u00e1 desde la <strong>vig\u00e9sima posici\u00f3n general<\/strong>, pero destaca al ser el <strong>quinto mejor de la categor\u00eda Challenge <\/strong>tras registrar un tiempo de <strong>24.908<\/strong> <strong>segundos<\/strong>.<\/p>\n\n\n\n<p><strong>LA CARRERA: TODO LISTO PARA LA SEGUNDA FECHA<\/strong><\/p>\n\n\n\n<p>La <strong>segunda fecha de NASCAR M\u00e9xico Series 2025 <\/strong>promete grandes emociones en el <strong>S\u00faper \u00d3valo Chiapas<\/strong>, con un desaf\u00edo a <strong>170 vueltas <\/strong>y un <strong>stage intermedio<\/strong> <strong>en la vuelta 65<\/strong>. La acci\u00f3n comenzar\u00e1 a las <strong>13:40 horas <\/strong>del domingo, donde <strong>Xavi Razo <\/strong>partir\u00e1 con ventaja y buscar\u00e1 consagrarse como el mejor piloto de la jornada.<\/p>\n\n\n\n<p><\/p>\n","protected":false},"excerpt":{"rendered":"<p>(Foto: Cortes\u00eda) Xavi Razo se adue\u00f1\u00f3 de la pole position en el S\u00faper \u00d3valo Chiapas<\/p>\n","protected":false},"author":4,"featured_media":6526,"comment_status":"closed","ping_status":"open","sticky":false,"template":"","format":"standard","meta":{"_jetpack_memberships_contains_paid_content":false,"footnotes":""},"categories":[47],"tags":[],"class_list":["post-6524","post","type-post","status-publish","format-standard","has-post-thumbnail","hentry","category-nascar"],"yoast_head":"<!-- This site is optimized with the Yoast SEO plugin v25.7 - https:\/\/yoast.com\/wordpress\/plugins\/seo\/ -->\n<title>XAVI RAZO BRILLANDO EN CHIAPAS, TIENE LA POLE Y VA POR LA VICTORIA - Esbozo Deportivo<\/title>\n<meta name=\"description\" content=\"Xavi Razo se adue\u00f1\u00f3 de la pole position en el S\u00faper \u00d3valo Chiapas tras marcar un espectacular tiempo de 24.272 segundos en la sesi\u00f3n de calificaci\u00f3n, asegurando el primer sitio de salida para la segunda fecha de la NASCAR M\u00e9xico Series 2025.\" \/>\n<meta name=\"robots\" content=\"index, follow, max-snippet:-1, max-image-preview:large, max-video-preview:-1\" \/>\n<link rel=\"canonical\" href=\"https:\/\/esbozodeportivo.com\/index.php\/2025\/03\/23\/xavi-razo-brillando-en-chiapas-tiene-la-pole-y-va-por-la-victoria\/\" \/>\n<meta property=\"og:locale\" content=\"es_MX\" \/>\n<meta property=\"og:type\" content=\"article\" \/>\n<meta property=\"og:title\" content=\"XAVI RAZO BRILLANDO EN CHIAPAS, TIENE LA POLE Y VA POR LA VICTORIA - Esbozo Deportivo\" \/>\n<meta property=\"og:description\" content=\"Xavi Razo se adue\u00f1\u00f3 de la pole position en el S\u00faper \u00d3valo Chiapas tras marcar un espectacular tiempo de 24.272 segundos en la sesi\u00f3n de calificaci\u00f3n, asegurando el primer sitio de salida para la segunda fecha de la NASCAR M\u00e9xico Series 2025.\" \/>\n<meta property=\"og:url\" content=\"https:\/\/esbozodeportivo.com\/index.php\/2025\/03\/23\/xavi-razo-brillando-en-chiapas-tiene-la-pole-y-va-por-la-victoria\/\" \/>\n<meta property=\"og:site_name\" content=\"Esbozo Deportivo\" \/>\n<meta property=\"article:published_time\" content=\"2025-03-24T00:57:54+00:00\" \/>\n<meta property=\"og:image\" content=\"https:\/\/esbozodeportivo.com\/wp-content\/uploads\/2025\/03\/Xavi-1--scaled.jpg\" \/>\n\t<meta property=\"og:image:width\" content=\"2560\" \/>\n\t<meta property=\"og:image:height\" content=\"1707\" \/>\n\t<meta property=\"og:image:type\" content=\"image\/jpeg\" \/>\n<meta name=\"author\" content=\"Redacci\u00f3n\" \/>\n<meta name=\"twitter:card\" content=\"summary_large_image\" \/>\n<meta name=\"twitter:label1\" content=\"Escrito por\" \/>\n\t<meta name=\"twitter:data1\" content=\"Redacci\u00f3n\" \/>\n\t<meta name=\"twitter:label2\" content=\"Tiempo de lectura\" \/>\n\t<meta name=\"twitter:data2\" content=\"3 minutos\" \/>\n<script type=\"application\/ld+json\" class=\"yoast-schema-graph\">{\"@context\":\"https:\/\/schema.org\",\"@graph\":[{\"@type\":\"Article\",\"@id\":\"https:\/\/esbozodeportivo.com\/index.php\/2025\/03\/23\/xavi-razo-brillando-en-chiapas-tiene-la-pole-y-va-por-la-victoria\/#article\",\"isPartOf\":{\"@id\":\"https:\/\/esbozodeportivo.com\/index.php\/2025\/03\/23\/xavi-razo-brillando-en-chiapas-tiene-la-pole-y-va-por-la-victoria\/\"},\"author\":{\"name\":\"Redacci\u00f3n\",\"@id\":\"https:\/\/esbozodeportivo.com\/#\/schema\/person\/0f6df9196dfe6740dd0bb31bae50d374\"},\"headline\":\"XAVI RAZO BRILLANDO EN CHIAPAS, TIENE LA POLE Y VA POR LA VICTORIA\",\"datePublished\":\"2025-03-24T00:57:54+00:00\",\"mainEntityOfPage\":{\"@id\":\"https:\/\/esbozodeportivo.com\/index.php\/2025\/03\/23\/xavi-razo-brillando-en-chiapas-tiene-la-pole-y-va-por-la-victoria\/\"},\"wordCount\":425,\"publisher\":{\"@id\":\"https:\/\/esbozodeportivo.com\/#organization\"},\"image\":{\"@id\":\"https:\/\/esbozodeportivo.com\/index.php\/2025\/03\/23\/xavi-razo-brillando-en-chiapas-tiene-la-pole-y-va-por-la-victoria\/#primaryimage\"},\"thumbnailUrl\":\"https:\/\/esbozodeportivo.com\/wp-content\/uploads\/2025\/03\/Xavi-1--scaled.jpg\",\"articleSection\":[\"NASCAR\"],\"inLanguage\":\"es\"},{\"@type\":\"WebPage\",\"@id\":\"https:\/\/esbozodeportivo.com\/index.php\/2025\/03\/23\/xavi-razo-brillando-en-chiapas-tiene-la-pole-y-va-por-la-victoria\/\",\"url\":\"https:\/\/esbozodeportivo.com\/index.php\/2025\/03\/23\/xavi-razo-brillando-en-chiapas-tiene-la-pole-y-va-por-la-victoria\/\",\"name\":\"XAVI RAZO BRILLANDO EN CHIAPAS, TIENE LA POLE Y VA POR LA VICTORIA - Esbozo Deportivo\",\"isPartOf\":{\"@id\":\"https:\/\/esbozodeportivo.com\/#website\"},\"primaryImageOfPage\":{\"@id\":\"https:\/\/esbozodeportivo.com\/index.php\/2025\/03\/23\/xavi-razo-brillando-en-chiapas-tiene-la-pole-y-va-por-la-victoria\/#primaryimage\"},\"image\":{\"@id\":\"https:\/\/esbozodeportivo.com\/index.php\/2025\/03\/23\/xavi-razo-brillando-en-chiapas-tiene-la-pole-y-va-por-la-victoria\/#primaryimage\"},\"thumbnailUrl\":\"https:\/\/esbozodeportivo.com\/wp-content\/uploads\/2025\/03\/Xavi-1--scaled.jpg\",\"datePublished\":\"2025-03-24T00:57:54+00:00\",\"description\":\"Xavi Razo se adue\u00f1\u00f3 de la pole position en el S\u00faper \u00d3valo Chiapas tras marcar un espectacular tiempo de 24.272 segundos en la sesi\u00f3n de calificaci\u00f3n, asegurando el primer sitio de salida para la segunda fecha de la NASCAR M\u00e9xico Series 2025.\",\"breadcrumb\":{\"@id\":\"https:\/\/esbozodeportivo.com\/index.php\/2025\/03\/23\/xavi-razo-brillando-en-chiapas-tiene-la-pole-y-va-por-la-victoria\/#breadcrumb\"},\"inLanguage\":\"es\",\"potentialAction\":[{\"@type\":\"ReadAction\",\"target\":[\"https:\/\/esbozodeportivo.com\/index.php\/2025\/03\/23\/xavi-razo-brillando-en-chiapas-tiene-la-pole-y-va-por-la-victoria\/\"]}]},{\"@type\":\"ImageObject\",\"inLanguage\":\"es\",\"@id\":\"https:\/\/esbozodeportivo.com\/index.php\/2025\/03\/23\/xavi-razo-brillando-en-chiapas-tiene-la-pole-y-va-por-la-victoria\/#primaryimage\",\"url\":\"https:\/\/esbozodeportivo.com\/wp-content\/uploads\/2025\/03\/Xavi-1--scaled.jpg\",\"contentUrl\":\"https:\/\/esbozodeportivo.com\/wp-content\/uploads\/2025\/03\/Xavi-1--scaled.jpg\",\"width\":2560,\"height\":1707},{\"@type\":\"BreadcrumbList\",\"@id\":\"https:\/\/esbozodeportivo.com\/index.php\/2025\/03\/23\/xavi-razo-brillando-en-chiapas-tiene-la-pole-y-va-por-la-victoria\/#breadcrumb\",\"itemListElement\":[{\"@type\":\"ListItem\",\"position\":1,\"name\":\"Inicio\",\"item\":\"https:\/\/esbozodeportivo.com\/\"},{\"@type\":\"ListItem\",\"position\":2,\"name\":\"XAVI RAZO BRILLANDO EN CHIAPAS, TIENE LA POLE Y VA POR LA VICTORIA\"}]},{\"@type\":\"WebSite\",\"@id\":\"https:\/\/esbozodeportivo.com\/#website\",\"url\":\"https:\/\/esbozodeportivo.com\/\",\"name\":\"Esbozo Deportivo\",\"description\":\"Lo m\u00e1s importante del Deporte\",\"publisher\":{\"@id\":\"https:\/\/esbozodeportivo.com\/#organization\"},\"potentialAction\":[{\"@type\":\"SearchAction\",\"target\":{\"@type\":\"EntryPoint\",\"urlTemplate\":\"https:\/\/esbozodeportivo.com\/?s={search_term_string}\"},\"query-input\":{\"@type\":\"PropertyValueSpecification\",\"valueRequired\":true,\"valueName\":\"search_term_string\"}}],\"inLanguage\":\"es\"},{\"@type\":\"Organization\",\"@id\":\"https:\/\/esbozodeportivo.com\/#organization\",\"name\":\"Esbozo Deportivo\",\"url\":\"https:\/\/esbozodeportivo.com\/\",\"logo\":{\"@type\":\"ImageObject\",\"inLanguage\":\"es\",\"@id\":\"https:\/\/esbozodeportivo.com\/#\/schema\/logo\/image\/\",\"url\":\"https:\/\/esbozodeportivo.com\/wp-content\/uploads\/2022\/08\/cropped-Logo-Esbozo-Web-2.png\",\"contentUrl\":\"https:\/\/esbozodeportivo.com\/wp-content\/uploads\/2022\/08\/cropped-Logo-Esbozo-Web-2.png\",\"width\":180,\"height\":50,\"caption\":\"Esbozo Deportivo\"},\"image\":{\"@id\":\"https:\/\/esbozodeportivo.com\/#\/schema\/logo\/image\/\"}},{\"@type\":\"Person\",\"@id\":\"https:\/\/esbozodeportivo.com\/#\/schema\/person\/0f6df9196dfe6740dd0bb31bae50d374\",\"name\":\"Redacci\u00f3n\",\"image\":{\"@type\":\"ImageObject\",\"inLanguage\":\"es\",\"@id\":\"https:\/\/esbozodeportivo.com\/#\/schema\/person\/image\/\",\"url\":\"https:\/\/secure.gravatar.com\/avatar\/f55268a89c3b418f2ef172ff52ab0d09b3e653c58de29539fe329fb93d78ebf3?s=96&d=mm&r=g\",\"contentUrl\":\"https:\/\/secure.gravatar.com\/avatar\/f55268a89c3b418f2ef172ff52ab0d09b3e653c58de29539fe329fb93d78ebf3?s=96&d=mm&r=g\",\"caption\":\"Redacci\u00f3n\"},\"url\":\"https:\/\/esbozodeportivo.com\/index.php\/author\/redaccion\/\"}]}<\/script>\n<!-- \/ Yoast SEO plugin. -->","yoast_head_json":{"title":"XAVI RAZO BRILLANDO EN CHIAPAS, TIENE LA POLE Y VA POR LA VICTORIA - Esbozo Deportivo","description":"Xavi Razo se adue\u00f1\u00f3 de la pole position en el S\u00faper \u00d3valo Chiapas tras marcar un espectacular tiempo de 24.272 segundos en la sesi\u00f3n de calificaci\u00f3n, asegurando el primer sitio de salida para la segunda fecha de la NASCAR M\u00e9xico Series 2025.","robots":{"index":"index","follow":"follow","max-snippet":"max-snippet:-1","max-image-preview":"max-image-preview:large","max-video-preview":"max-video-preview:-1"},"canonical":"https:\/\/esbozodeportivo.com\/index.php\/2025\/03\/23\/xavi-razo-brillando-en-chiapas-tiene-la-pole-y-va-por-la-victoria\/","og_locale":"es_MX","og_type":"article","og_title":"XAVI RAZO BRILLANDO EN CHIAPAS, TIENE LA POLE Y VA POR LA VICTORIA - Esbozo Deportivo","og_description":"Xavi Razo se adue\u00f1\u00f3 de la pole position en el S\u00faper \u00d3valo Chiapas tras marcar un espectacular tiempo de 24.272 segundos en la sesi\u00f3n de calificaci\u00f3n, asegurando el primer sitio de salida para la segunda fecha de la NASCAR M\u00e9xico Series 2025.","og_url":"https:\/\/esbozodeportivo.com\/index.php\/2025\/03\/23\/xavi-razo-brillando-en-chiapas-tiene-la-pole-y-va-por-la-victoria\/","og_site_name":"Esbozo Deportivo","article_published_time":"2025-03-24T00:57:54+00:00","og_image":[{"width":2560,"height":1707,"url":"https:\/\/esbozodeportivo.com\/wp-content\/uploads\/2025\/03\/Xavi-1--scaled.jpg","type":"image\/jpeg"}],"author":"Redacci\u00f3n","twitter_card":"summary_large_image","twitter_misc":{"Escrito por":"Redacci\u00f3n","Tiempo de lectura":"3 minutos"},"schema":{"@context":"https:\/\/schema.org","@graph":[{"@type":"Article","@id":"https:\/\/esbozodeportivo.com\/index.php\/2025\/03\/23\/xavi-razo-brillando-en-chiapas-tiene-la-pole-y-va-por-la-victoria\/#article","isPartOf":{"@id":"https:\/\/esbozodeportivo.com\/index.php\/2025\/03\/23\/xavi-razo-brillando-en-chiapas-tiene-la-pole-y-va-por-la-victoria\/"},"author":{"name":"Redacci\u00f3n","@id":"https:\/\/esbozodeportivo.com\/#\/schema\/person\/0f6df9196dfe6740dd0bb31bae50d374"},"headline":"XAVI RAZO BRILLANDO EN CHIAPAS, TIENE LA POLE Y VA POR LA VICTORIA","datePublished":"2025-03-24T00:57:54+00:00","mainEntityOfPage":{"@id":"https:\/\/esbozodeportivo.com\/index.php\/2025\/03\/23\/xavi-razo-brillando-en-chiapas-tiene-la-pole-y-va-por-la-victoria\/"},"wordCount":425,"publisher":{"@id":"https:\/\/esbozodeportivo.com\/#organization"},"image":{"@id":"https:\/\/esbozodeportivo.com\/index.php\/2025\/03\/23\/xavi-razo-brillando-en-chiapas-tiene-la-pole-y-va-por-la-victoria\/#primaryimage"},"thumbnailUrl":"https:\/\/esbozodeportivo.com\/wp-content\/uploads\/2025\/03\/Xavi-1--scaled.jpg","articleSection":["NASCAR"],"inLanguage":"es"},{"@type":"WebPage","@id":"https:\/\/esbozodeportivo.com\/index.php\/2025\/03\/23\/xavi-razo-brillando-en-chiapas-tiene-la-pole-y-va-por-la-victoria\/","url":"https:\/\/esbozodeportivo.com\/index.php\/2025\/03\/23\/xavi-razo-brillando-en-chiapas-tiene-la-pole-y-va-por-la-victoria\/","name":"XAVI RAZO BRILLANDO EN CHIAPAS, TIENE LA POLE Y VA POR LA VICTORIA - Esbozo Deportivo","isPartOf":{"@id":"https:\/\/esbozodeportivo.com\/#website"},"primaryImageOfPage":{"@id":"https:\/\/esbozodeportivo.com\/index.php\/2025\/03\/23\/xavi-razo-brillando-en-chiapas-tiene-la-pole-y-va-por-la-victoria\/#primaryimage"},"image":{"@id":"https:\/\/esbozodeportivo.com\/index.php\/2025\/03\/23\/xavi-razo-brillando-en-chiapas-tiene-la-pole-y-va-por-la-victoria\/#primaryimage"},"thumbnailUrl":"https:\/\/esbozodeportivo.com\/wp-content\/uploads\/2025\/03\/Xavi-1--scaled.jpg","datePublished":"2025-03-24T00:57:54+00:00","description":"Xavi Razo se adue\u00f1\u00f3 de la pole position en el S\u00faper \u00d3valo Chiapas tras marcar un espectacular tiempo de 24.272 segundos en la sesi\u00f3n de calificaci\u00f3n, asegurando el primer sitio de salida para la segunda fecha de la NASCAR M\u00e9xico Series 2025.","breadcrumb":{"@id":"https:\/\/esbozodeportivo.com\/index.php\/2025\/03\/23\/xavi-razo-brillando-en-chiapas-tiene-la-pole-y-va-por-la-victoria\/#breadcrumb"},"inLanguage":"es","potentialAction":[{"@type":"ReadAction","target":["https:\/\/esbozodeportivo.com\/index.php\/2025\/03\/23\/xavi-razo-brillando-en-chiapas-tiene-la-pole-y-va-por-la-victoria\/"]}]},{"@type":"ImageObject","inLanguage":"es","@id":"https:\/\/esbozodeportivo.com\/index.php\/2025\/03\/23\/xavi-razo-brillando-en-chiapas-tiene-la-pole-y-va-por-la-victoria\/#primaryimage","url":"https:\/\/esbozodeportivo.com\/wp-content\/uploads\/2025\/03\/Xavi-1--scaled.jpg","contentUrl":"https:\/\/esbozodeportivo.com\/wp-content\/uploads\/2025\/03\/Xavi-1--scaled.jpg","width":2560,"height":1707},{"@type":"BreadcrumbList","@id":"https:\/\/esbozodeportivo.com\/index.php\/2025\/03\/23\/xavi-razo-brillando-en-chiapas-tiene-la-pole-y-va-por-la-victoria\/#breadcrumb","itemListElement":[{"@type":"ListItem","position":1,"name":"Inicio","item":"https:\/\/esbozodeportivo.com\/"},{"@type":"ListItem","position":2,"name":"XAVI RAZO BRILLANDO EN CHIAPAS, TIENE LA POLE Y VA POR LA VICTORIA"}]},{"@type":"WebSite","@id":"https:\/\/esbozodeportivo.com\/#website","url":"https:\/\/esbozodeportivo.com\/","name":"Esbozo Deportivo","description":"Lo m\u00e1s importante del Deporte","publisher":{"@id":"https:\/\/esbozodeportivo.com\/#organization"},"potentialAction":[{"@type":"SearchAction","target":{"@type":"EntryPoint","urlTemplate":"https:\/\/esbozodeportivo.com\/?s={search_term_string}"},"query-input":{"@type":"PropertyValueSpecification","valueRequired":true,"valueName":"search_term_string"}}],"inLanguage":"es"},{"@type":"Organization","@id":"https:\/\/esbozodeportivo.com\/#organization","name":"Esbozo Deportivo","url":"https:\/\/esbozodeportivo.com\/","logo":{"@type":"ImageObject","inLanguage":"es","@id":"https:\/\/esbozodeportivo.com\/#\/schema\/logo\/image\/","url":"https:\/\/esbozodeportivo.com\/wp-content\/uploads\/2022\/08\/cropped-Logo-Esbozo-Web-2.png","contentUrl":"https:\/\/esbozodeportivo.com\/wp-content\/uploads\/2022\/08\/cropped-Logo-Esbozo-Web-2.png","width":180,"height":50,"caption":"Esbozo Deportivo"},"image":{"@id":"https:\/\/esbozodeportivo.com\/#\/schema\/logo\/image\/"}},{"@type":"Person","@id":"https:\/\/esbozodeportivo.com\/#\/schema\/person\/0f6df9196dfe6740dd0bb31bae50d374","name":"Redacci\u00f3n","image":{"@type":"ImageObject","inLanguage":"es","@id":"https:\/\/esbozodeportivo.com\/#\/schema\/person\/image\/","url":"https:\/\/secure.gravatar.com\/avatar\/f55268a89c3b418f2ef172ff52ab0d09b3e653c58de29539fe329fb93d78ebf3?s=96&d=mm&r=g","contentUrl":"https:\/\/secure.gravatar.com\/avatar\/f55268a89c3b418f2ef172ff52ab0d09b3e653c58de29539fe329fb93d78ebf3?s=96&d=mm&r=g","caption":"Redacci\u00f3n"},"url":"https:\/\/esbozodeportivo.com\/index.php\/author\/redaccion\/"}]}},"jetpack_featured_media_url":"https:\/\/esbozodeportivo.com\/wp-content\/uploads\/2025\/03\/Xavi-1--scaled.jpg","jetpack_sharing_enabled":true,"_links":{"self":[{"href":"https:\/\/esbozodeportivo.com\/index.php\/wp-json\/wp\/v2\/posts\/6524","targetHints":{"allow":["GET"]}}],"collection":[{"href":"https:\/\/esbozodeportivo.com\/index.php\/wp-json\/wp\/v2\/posts"}],"about":[{"href":"https:\/\/esbozodeportivo.com\/index.php\/wp-json\/wp\/v2\/types\/post"}],"author":[{"embeddable":true,"href":"https:\/\/esbozodeportivo.com\/index.php\/wp-json\/wp\/v2\/users\/4"}],"replies":[{"embeddable":true,"href":"https:\/\/esbozodeportivo.com\/index.php\/wp-json\/wp\/v2\/comments?post=6524"}],"version-history":[{"count":1,"href":"https:\/\/esbozodeportivo.com\/index.php\/wp-json\/wp\/v2\/posts\/6524\/revisions"}],"predecessor-version":[{"id":6527,"href":"https:\/\/esbozodeportivo.com\/index.php\/wp-json\/wp\/v2\/posts\/6524\/revisions\/6527"}],"wp:featuredmedia":[{"embeddable":true,"href":"https:\/\/esbozodeportivo.com\/index.php\/wp-json\/wp\/v2\/media\/6526"}],"wp:attachment":[{"href":"https:\/\/esbozodeportivo.com\/index.php\/wp-json\/wp\/v2\/media?parent=6524"}],"wp:term":[{"taxonomy":"category","embeddable":true,"href":"https:\/\/esbozodeportivo.com\/index.php\/wp-json\/wp\/v2\/categories?post=6524"},{"taxonomy":"post_tag","embeddable":true,"href":"https:\/\/esbozodeportivo.com\/index.php\/wp-json\/wp\/v2\/tags?post=6524"}],"curies":[{"name":"wp","href":"https:\/\/api.w.org\/{rel}","templated":true}]}}