{"id":6533,"date":"2025-03-23T22:57:09","date_gmt":"2025-03-24T04:57:09","guid":{"rendered":"https:\/\/esbozodeportivo.com\/?p=6533"},"modified":"2025-03-23T22:57:09","modified_gmt":"2025-03-24T04:57:09","slug":"mexico-consigue-su-primer-liga-de-naciones-de-concacaf","status":"publish","type":"post","link":"https:\/\/esbozodeportivo.com\/index.php\/2025\/03\/23\/mexico-consigue-su-primer-liga-de-naciones-de-concacaf\/","title":{"rendered":"M\u00e9xico consigue su primer Liga de Naciones de Concacaf"},"content":{"rendered":"\n<p>(Foto: Agencias) <\/p>\n\n\n\n<p>Con dos goles de <strong>Ra\u00fal Jim\u00e9nez<\/strong>, la <strong>selecci\u00f3n mexicana<\/strong> se corono por primera vez en la <strong>Liga de Naciones de la Concacaf<\/strong>, tras derrotar 2-1 a <strong>Panam\u00e1<\/strong> en la final. Duelo que se pudo complicar pues los paname\u00f1os, hicieron un buen partido en la parte inicial, donde el guardameta <strong>Luis Malag\u00f3n<\/strong>, tuvo una destacada actuaci\u00f3n para evitar cuando menos dos atajadas que pusieron en peligro al <strong>Tri.<\/strong> &nbsp;<\/p>\n\n\n\n<p>El delantero del <strong>Fulham de la Liga Premier<\/strong>, anot\u00f3 el primer tanto al minuto ocho y al 90, para resolver el encuentro por segundo partido consecutivo para los mexicanos, que hab\u00edan perdido dos finales ante <strong>Estados Unidos<\/strong> en las tres ediciones previas de este torneo.<\/p>\n\n\n\n<p>\u201cEs un gran logro, deja de lado los goles, cuando tuvimos que defender se hizo bien y al atacar tambi\u00e9n y ah\u00ed est\u00e1 el premio con este trofeo que se nos hab\u00eda negado\u201d, dijo <strong>Jim\u00e9nez<\/strong>, quien por diversos motivos se ausent\u00f3 de las fases definitorias de este torneo en a\u00f1os anteriores. \u201cEs la primera vez que juego el <strong>\u2018Final Four\u2019<\/strong> y que mejor que quedar campeones\u201d.<\/p>\n\n\n\n<p>Con su doblete ante los paname\u00f1os, el ariete acumula <strong>39<\/strong> goles con la selecci\u00f3n mexicana para quebrar un empate con <strong>Cuauht\u00e9moc Blanco<\/strong> y qued\u00f3 en solitario en el tercer puesto hist\u00f3rico, s\u00f3lo por detr\u00e1s de <strong>Jared Borgetti<\/strong> (46) y <strong>Javier Hern\u00e1ndez <\/strong>(52).<\/p>\n\n\n\n<figure class=\"wp-block-image size-large\"><img loading=\"lazy\" decoding=\"async\" width=\"1024\" height=\"683\" src=\"https:\/\/esbozodeportivo.com\/wp-content\/uploads\/2025\/03\/Mexico-1-1024x683.jpg\" alt=\"\" class=\"wp-image-6530\" srcset=\"https:\/\/esbozodeportivo.com\/wp-content\/uploads\/2025\/03\/Mexico-1-1024x683.jpg 1024w, https:\/\/esbozodeportivo.com\/wp-content\/uploads\/2025\/03\/Mexico-1-300x200.jpg 300w, https:\/\/esbozodeportivo.com\/wp-content\/uploads\/2025\/03\/Mexico-1-768x512.jpg 768w, https:\/\/esbozodeportivo.com\/wp-content\/uploads\/2025\/03\/Mexico-1.jpg 1440w\" sizes=\"auto, (max-width: 1024px) 100vw, 1024px\" \/><\/figure>\n\n\n\n<p>(Foto: Agencias) <\/p>\n\n\n\n<p>\u201cEs algo que ah\u00ed est\u00e1, todav\u00eda me quedan muchos partidos por delante con la selecci\u00f3n y hay mucho que dar\u201d, dijo el delantero de 33 a\u00f1os sobre la posibilidad de alcanzar al <strong>\u201cChicharito\u201d Hern\u00e1ndez<\/strong>. \u201cVoy a dar mi m\u00e1ximo esfuerzo y si se da, ser\u00e9 el m\u00e1s feliz\u201d.<\/p>\n\n\n\n<p><strong>Adalberto Carrasquilla<\/strong> convirti\u00f3 a los 45 para los paname\u00f1os, que de nueva cuenta se quedaron en la orilla de conseguir el primer t\u00edtulo de la <strong>Concacaf <\/strong>en su historia. Hace un par de a\u00f1os, en la <strong>Copa Oro<\/strong>, tambi\u00e9n perdieron en la final ante los mexicanos.<\/p>\n\n\n\n<p>El triunfo le da a <strong>Javier Aguirre<\/strong> su primer t\u00edtulo en la que es su tercera etapa al frente de la <strong>selecci\u00f3n mexicana<\/strong>.<\/p>\n\n\n\n<p>\u201cEsta Copa es lo que quer\u00edamos desde el d\u00eda uno, desde que lleg\u00f3 el \u201c<strong>Vasco\u201d,<\/strong> fue un camino complicado pero sacamos esto adelante y estamos felices\u201d, a\u00f1adi\u00f3 <strong>Jim\u00e9nez.<\/strong><\/p>\n\n\n\n<p>.El encuentro se detuvo a los <strong>83<\/strong> minutos porque apareci\u00f3 el grito homof\u00f3bico que le ha causado penalizaciones a <strong>M\u00e9xico<\/strong> por parte de la <strong>FIFA.<\/strong><\/p>\n\n\n\n<p><\/p>\n","protected":false},"excerpt":{"rendered":"<p>(Foto: Agencias) Con dos goles de Ra\u00fal Jim\u00e9nez, la selecci\u00f3n mexicana se corono por primera<\/p>\n","protected":false},"author":4,"featured_media":6531,"comment_status":"closed","ping_status":"open","sticky":false,"template":"","format":"standard","meta":{"_jetpack_memberships_contains_paid_content":false,"footnotes":""},"categories":[72],"tags":[],"class_list":["post-6533","post","type-post","status-publish","format-standard","has-post-thumbnail","hentry","category-liga-de-naciones-concacaf"],"yoast_head":"<!-- This site is optimized with the Yoast SEO plugin v25.7 - https:\/\/yoast.com\/wordpress\/plugins\/seo\/ -->\n<title>M\u00e9xico consigue su primer Liga de Naciones de Concacaf - Esbozo Deportivo<\/title>\n<meta name=\"robots\" content=\"index, follow, max-snippet:-1, max-image-preview:large, max-video-preview:-1\" \/>\n<link rel=\"canonical\" href=\"https:\/\/esbozodeportivo.com\/index.php\/2025\/03\/23\/mexico-consigue-su-primer-liga-de-naciones-de-concacaf\/\" \/>\n<meta property=\"og:locale\" content=\"es_MX\" \/>\n<meta property=\"og:type\" content=\"article\" \/>\n<meta property=\"og:title\" content=\"M\u00e9xico consigue su primer Liga de Naciones de Concacaf - Esbozo Deportivo\" \/>\n<meta property=\"og:description\" content=\"(Foto: Agencias) Con dos goles de Ra\u00fal Jim\u00e9nez, la selecci\u00f3n mexicana se corono por primera\" \/>\n<meta property=\"og:url\" content=\"https:\/\/esbozodeportivo.com\/index.php\/2025\/03\/23\/mexico-consigue-su-primer-liga-de-naciones-de-concacaf\/\" \/>\n<meta property=\"og:site_name\" content=\"Esbozo Deportivo\" \/>\n<meta property=\"article:published_time\" content=\"2025-03-24T04:57:09+00:00\" \/>\n<meta property=\"og:image\" content=\"https:\/\/esbozodeportivo.com\/wp-content\/uploads\/2025\/03\/Mexico.jpg\" \/>\n\t<meta property=\"og:image:width\" content=\"800\" \/>\n\t<meta property=\"og:image:height\" content=\"600\" \/>\n\t<meta property=\"og:image:type\" content=\"image\/jpeg\" \/>\n<meta name=\"author\" content=\"Redacci\u00f3n\" \/>\n<meta name=\"twitter:card\" content=\"summary_large_image\" \/>\n<meta name=\"twitter:label1\" content=\"Escrito por\" \/>\n\t<meta name=\"twitter:data1\" content=\"Redacci\u00f3n\" \/>\n\t<meta name=\"twitter:label2\" content=\"Tiempo de lectura\" \/>\n\t<meta name=\"twitter:data2\" content=\"3 minutos\" \/>\n<script type=\"application\/ld+json\" class=\"yoast-schema-graph\">{\"@context\":\"https:\/\/schema.org\",\"@graph\":[{\"@type\":\"Article\",\"@id\":\"https:\/\/esbozodeportivo.com\/index.php\/2025\/03\/23\/mexico-consigue-su-primer-liga-de-naciones-de-concacaf\/#article\",\"isPartOf\":{\"@id\":\"https:\/\/esbozodeportivo.com\/index.php\/2025\/03\/23\/mexico-consigue-su-primer-liga-de-naciones-de-concacaf\/\"},\"author\":{\"name\":\"Redacci\u00f3n\",\"@id\":\"https:\/\/esbozodeportivo.com\/#\/schema\/person\/0f6df9196dfe6740dd0bb31bae50d374\"},\"headline\":\"M\u00e9xico consigue su primer Liga de Naciones de Concacaf\",\"datePublished\":\"2025-03-24T04:57:09+00:00\",\"mainEntityOfPage\":{\"@id\":\"https:\/\/esbozodeportivo.com\/index.php\/2025\/03\/23\/mexico-consigue-su-primer-liga-de-naciones-de-concacaf\/\"},\"wordCount\":434,\"publisher\":{\"@id\":\"https:\/\/esbozodeportivo.com\/#organization\"},\"image\":{\"@id\":\"https:\/\/esbozodeportivo.com\/index.php\/2025\/03\/23\/mexico-consigue-su-primer-liga-de-naciones-de-concacaf\/#primaryimage\"},\"thumbnailUrl\":\"https:\/\/esbozodeportivo.com\/wp-content\/uploads\/2025\/03\/Mexico.jpg\",\"articleSection\":[\"Liga de Naciones CONCACAF\"],\"inLanguage\":\"es\"},{\"@type\":\"WebPage\",\"@id\":\"https:\/\/esbozodeportivo.com\/index.php\/2025\/03\/23\/mexico-consigue-su-primer-liga-de-naciones-de-concacaf\/\",\"url\":\"https:\/\/esbozodeportivo.com\/index.php\/2025\/03\/23\/mexico-consigue-su-primer-liga-de-naciones-de-concacaf\/\",\"name\":\"M\u00e9xico consigue su primer Liga de Naciones de Concacaf - Esbozo Deportivo\",\"isPartOf\":{\"@id\":\"https:\/\/esbozodeportivo.com\/#website\"},\"primaryImageOfPage\":{\"@id\":\"https:\/\/esbozodeportivo.com\/index.php\/2025\/03\/23\/mexico-consigue-su-primer-liga-de-naciones-de-concacaf\/#primaryimage\"},\"image\":{\"@id\":\"https:\/\/esbozodeportivo.com\/index.php\/2025\/03\/23\/mexico-consigue-su-primer-liga-de-naciones-de-concacaf\/#primaryimage\"},\"thumbnailUrl\":\"https:\/\/esbozodeportivo.com\/wp-content\/uploads\/2025\/03\/Mexico.jpg\",\"datePublished\":\"2025-03-24T04:57:09+00:00\",\"breadcrumb\":{\"@id\":\"https:\/\/esbozodeportivo.com\/index.php\/2025\/03\/23\/mexico-consigue-su-primer-liga-de-naciones-de-concacaf\/#breadcrumb\"},\"inLanguage\":\"es\",\"potentialAction\":[{\"@type\":\"ReadAction\",\"target\":[\"https:\/\/esbozodeportivo.com\/index.php\/2025\/03\/23\/mexico-consigue-su-primer-liga-de-naciones-de-concacaf\/\"]}]},{\"@type\":\"ImageObject\",\"inLanguage\":\"es\",\"@id\":\"https:\/\/esbozodeportivo.com\/index.php\/2025\/03\/23\/mexico-consigue-su-primer-liga-de-naciones-de-concacaf\/#primaryimage\",\"url\":\"https:\/\/esbozodeportivo.com\/wp-content\/uploads\/2025\/03\/Mexico.jpg\",\"contentUrl\":\"https:\/\/esbozodeportivo.com\/wp-content\/uploads\/2025\/03\/Mexico.jpg\",\"width\":800,\"height\":600},{\"@type\":\"BreadcrumbList\",\"@id\":\"https:\/\/esbozodeportivo.com\/index.php\/2025\/03\/23\/mexico-consigue-su-primer-liga-de-naciones-de-concacaf\/#breadcrumb\",\"itemListElement\":[{\"@type\":\"ListItem\",\"position\":1,\"name\":\"Inicio\",\"item\":\"https:\/\/esbozodeportivo.com\/\"},{\"@type\":\"ListItem\",\"position\":2,\"name\":\"M\u00e9xico consigue su primer Liga de Naciones de Concacaf\"}]},{\"@type\":\"WebSite\",\"@id\":\"https:\/\/esbozodeportivo.com\/#website\",\"url\":\"https:\/\/esbozodeportivo.com\/\",\"name\":\"Esbozo Deportivo\",\"description\":\"Lo m\u00e1s importante del Deporte\",\"publisher\":{\"@id\":\"https:\/\/esbozodeportivo.com\/#organization\"},\"potentialAction\":[{\"@type\":\"SearchAction\",\"target\":{\"@type\":\"EntryPoint\",\"urlTemplate\":\"https:\/\/esbozodeportivo.com\/?s={search_term_string}\"},\"query-input\":{\"@type\":\"PropertyValueSpecification\",\"valueRequired\":true,\"valueName\":\"search_term_string\"}}],\"inLanguage\":\"es\"},{\"@type\":\"Organization\",\"@id\":\"https:\/\/esbozodeportivo.com\/#organization\",\"name\":\"Esbozo Deportivo\",\"url\":\"https:\/\/esbozodeportivo.com\/\",\"logo\":{\"@type\":\"ImageObject\",\"inLanguage\":\"es\",\"@id\":\"https:\/\/esbozodeportivo.com\/#\/schema\/logo\/image\/\",\"url\":\"https:\/\/esbozodeportivo.com\/wp-content\/uploads\/2022\/08\/cropped-Logo-Esbozo-Web-2.png\",\"contentUrl\":\"https:\/\/esbozodeportivo.com\/wp-content\/uploads\/2022\/08\/cropped-Logo-Esbozo-Web-2.png\",\"width\":180,\"height\":50,\"caption\":\"Esbozo Deportivo\"},\"image\":{\"@id\":\"https:\/\/esbozodeportivo.com\/#\/schema\/logo\/image\/\"}},{\"@type\":\"Person\",\"@id\":\"https:\/\/esbozodeportivo.com\/#\/schema\/person\/0f6df9196dfe6740dd0bb31bae50d374\",\"name\":\"Redacci\u00f3n\",\"image\":{\"@type\":\"ImageObject\",\"inLanguage\":\"es\",\"@id\":\"https:\/\/esbozodeportivo.com\/#\/schema\/person\/image\/\",\"url\":\"https:\/\/secure.gravatar.com\/avatar\/f55268a89c3b418f2ef172ff52ab0d09b3e653c58de29539fe329fb93d78ebf3?s=96&d=mm&r=g\",\"contentUrl\":\"https:\/\/secure.gravatar.com\/avatar\/f55268a89c3b418f2ef172ff52ab0d09b3e653c58de29539fe329fb93d78ebf3?s=96&d=mm&r=g\",\"caption\":\"Redacci\u00f3n\"},\"url\":\"https:\/\/esbozodeportivo.com\/index.php\/author\/redaccion\/\"}]}<\/script>\n<!-- \/ Yoast SEO plugin. -->","yoast_head_json":{"title":"M\u00e9xico consigue su primer Liga de Naciones de Concacaf - Esbozo Deportivo","robots":{"index":"index","follow":"follow","max-snippet":"max-snippet:-1","max-image-preview":"max-image-preview:large","max-video-preview":"max-video-preview:-1"},"canonical":"https:\/\/esbozodeportivo.com\/index.php\/2025\/03\/23\/mexico-consigue-su-primer-liga-de-naciones-de-concacaf\/","og_locale":"es_MX","og_type":"article","og_title":"M\u00e9xico consigue su primer Liga de Naciones de Concacaf - Esbozo Deportivo","og_description":"(Foto: Agencias) Con dos goles de Ra\u00fal Jim\u00e9nez, la selecci\u00f3n mexicana se corono por primera","og_url":"https:\/\/esbozodeportivo.com\/index.php\/2025\/03\/23\/mexico-consigue-su-primer-liga-de-naciones-de-concacaf\/","og_site_name":"Esbozo Deportivo","article_published_time":"2025-03-24T04:57:09+00:00","og_image":[{"width":800,"height":600,"url":"https:\/\/esbozodeportivo.com\/wp-content\/uploads\/2025\/03\/Mexico.jpg","type":"image\/jpeg"}],"author":"Redacci\u00f3n","twitter_card":"summary_large_image","twitter_misc":{"Escrito por":"Redacci\u00f3n","Tiempo de lectura":"3 minutos"},"schema":{"@context":"https:\/\/schema.org","@graph":[{"@type":"Article","@id":"https:\/\/esbozodeportivo.com\/index.php\/2025\/03\/23\/mexico-consigue-su-primer-liga-de-naciones-de-concacaf\/#article","isPartOf":{"@id":"https:\/\/esbozodeportivo.com\/index.php\/2025\/03\/23\/mexico-consigue-su-primer-liga-de-naciones-de-concacaf\/"},"author":{"name":"Redacci\u00f3n","@id":"https:\/\/esbozodeportivo.com\/#\/schema\/person\/0f6df9196dfe6740dd0bb31bae50d374"},"headline":"M\u00e9xico consigue su primer Liga de Naciones de Concacaf","datePublished":"2025-03-24T04:57:09+00:00","mainEntityOfPage":{"@id":"https:\/\/esbozodeportivo.com\/index.php\/2025\/03\/23\/mexico-consigue-su-primer-liga-de-naciones-de-concacaf\/"},"wordCount":434,"publisher":{"@id":"https:\/\/esbozodeportivo.com\/#organization"},"image":{"@id":"https:\/\/esbozodeportivo.com\/index.php\/2025\/03\/23\/mexico-consigue-su-primer-liga-de-naciones-de-concacaf\/#primaryimage"},"thumbnailUrl":"https:\/\/esbozodeportivo.com\/wp-content\/uploads\/2025\/03\/Mexico.jpg","articleSection":["Liga de Naciones CONCACAF"],"inLanguage":"es"},{"@type":"WebPage","@id":"https:\/\/esbozodeportivo.com\/index.php\/2025\/03\/23\/mexico-consigue-su-primer-liga-de-naciones-de-concacaf\/","url":"https:\/\/esbozodeportivo.com\/index.php\/2025\/03\/23\/mexico-consigue-su-primer-liga-de-naciones-de-concacaf\/","name":"M\u00e9xico consigue su primer Liga de Naciones de Concacaf - Esbozo Deportivo","isPartOf":{"@id":"https:\/\/esbozodeportivo.com\/#website"},"primaryImageOfPage":{"@id":"https:\/\/esbozodeportivo.com\/index.php\/2025\/03\/23\/mexico-consigue-su-primer-liga-de-naciones-de-concacaf\/#primaryimage"},"image":{"@id":"https:\/\/esbozodeportivo.com\/index.php\/2025\/03\/23\/mexico-consigue-su-primer-liga-de-naciones-de-concacaf\/#primaryimage"},"thumbnailUrl":"https:\/\/esbozodeportivo.com\/wp-content\/uploads\/2025\/03\/Mexico.jpg","datePublished":"2025-03-24T04:57:09+00:00","breadcrumb":{"@id":"https:\/\/esbozodeportivo.com\/index.php\/2025\/03\/23\/mexico-consigue-su-primer-liga-de-naciones-de-concacaf\/#breadcrumb"},"inLanguage":"es","potentialAction":[{"@type":"ReadAction","target":["https:\/\/esbozodeportivo.com\/index.php\/2025\/03\/23\/mexico-consigue-su-primer-liga-de-naciones-de-concacaf\/"]}]},{"@type":"ImageObject","inLanguage":"es","@id":"https:\/\/esbozodeportivo.com\/index.php\/2025\/03\/23\/mexico-consigue-su-primer-liga-de-naciones-de-concacaf\/#primaryimage","url":"https:\/\/esbozodeportivo.com\/wp-content\/uploads\/2025\/03\/Mexico.jpg","contentUrl":"https:\/\/esbozodeportivo.com\/wp-content\/uploads\/2025\/03\/Mexico.jpg","width":800,"height":600},{"@type":"BreadcrumbList","@id":"https:\/\/esbozodeportivo.com\/index.php\/2025\/03\/23\/mexico-consigue-su-primer-liga-de-naciones-de-concacaf\/#breadcrumb","itemListElement":[{"@type":"ListItem","position":1,"name":"Inicio","item":"https:\/\/esbozodeportivo.com\/"},{"@type":"ListItem","position":2,"name":"M\u00e9xico consigue su primer Liga de Naciones de Concacaf"}]},{"@type":"WebSite","@id":"https:\/\/esbozodeportivo.com\/#website","url":"https:\/\/esbozodeportivo.com\/","name":"Esbozo Deportivo","description":"Lo m\u00e1s importante del Deporte","publisher":{"@id":"https:\/\/esbozodeportivo.com\/#organization"},"potentialAction":[{"@type":"SearchAction","target":{"@type":"EntryPoint","urlTemplate":"https:\/\/esbozodeportivo.com\/?s={search_term_string}"},"query-input":{"@type":"PropertyValueSpecification","valueRequired":true,"valueName":"search_term_string"}}],"inLanguage":"es"},{"@type":"Organization","@id":"https:\/\/esbozodeportivo.com\/#organization","name":"Esbozo Deportivo","url":"https:\/\/esbozodeportivo.com\/","logo":{"@type":"ImageObject","inLanguage":"es","@id":"https:\/\/esbozodeportivo.com\/#\/schema\/logo\/image\/","url":"https:\/\/esbozodeportivo.com\/wp-content\/uploads\/2022\/08\/cropped-Logo-Esbozo-Web-2.png","contentUrl":"https:\/\/esbozodeportivo.com\/wp-content\/uploads\/2022\/08\/cropped-Logo-Esbozo-Web-2.png","width":180,"height":50,"caption":"Esbozo Deportivo"},"image":{"@id":"https:\/\/esbozodeportivo.com\/#\/schema\/logo\/image\/"}},{"@type":"Person","@id":"https:\/\/esbozodeportivo.com\/#\/schema\/person\/0f6df9196dfe6740dd0bb31bae50d374","name":"Redacci\u00f3n","image":{"@type":"ImageObject","inLanguage":"es","@id":"https:\/\/esbozodeportivo.com\/#\/schema\/person\/image\/","url":"https:\/\/secure.gravatar.com\/avatar\/f55268a89c3b418f2ef172ff52ab0d09b3e653c58de29539fe329fb93d78ebf3?s=96&d=mm&r=g","contentUrl":"https:\/\/secure.gravatar.com\/avatar\/f55268a89c3b418f2ef172ff52ab0d09b3e653c58de29539fe329fb93d78ebf3?s=96&d=mm&r=g","caption":"Redacci\u00f3n"},"url":"https:\/\/esbozodeportivo.com\/index.php\/author\/redaccion\/"}]}},"jetpack_featured_media_url":"https:\/\/esbozodeportivo.com\/wp-content\/uploads\/2025\/03\/Mexico.jpg","jetpack_sharing_enabled":true,"_links":{"self":[{"href":"https:\/\/esbozodeportivo.com\/index.php\/wp-json\/wp\/v2\/posts\/6533","targetHints":{"allow":["GET"]}}],"collection":[{"href":"https:\/\/esbozodeportivo.com\/index.php\/wp-json\/wp\/v2\/posts"}],"about":[{"href":"https:\/\/esbozodeportivo.com\/index.php\/wp-json\/wp\/v2\/types\/post"}],"author":[{"embeddable":true,"href":"https:\/\/esbozodeportivo.com\/index.php\/wp-json\/wp\/v2\/users\/4"}],"replies":[{"embeddable":true,"href":"https:\/\/esbozodeportivo.com\/index.php\/wp-json\/wp\/v2\/comments?post=6533"}],"version-history":[{"count":1,"href":"https:\/\/esbozodeportivo.com\/index.php\/wp-json\/wp\/v2\/posts\/6533\/revisions"}],"predecessor-version":[{"id":6534,"href":"https:\/\/esbozodeportivo.com\/index.php\/wp-json\/wp\/v2\/posts\/6533\/revisions\/6534"}],"wp:featuredmedia":[{"embeddable":true,"href":"https:\/\/esbozodeportivo.com\/index.php\/wp-json\/wp\/v2\/media\/6531"}],"wp:attachment":[{"href":"https:\/\/esbozodeportivo.com\/index.php\/wp-json\/wp\/v2\/media?parent=6533"}],"wp:term":[{"taxonomy":"category","embeddable":true,"href":"https:\/\/esbozodeportivo.com\/index.php\/wp-json\/wp\/v2\/categories?post=6533"},{"taxonomy":"post_tag","embeddable":true,"href":"https:\/\/esbozodeportivo.com\/index.php\/wp-json\/wp\/v2\/tags?post=6533"}],"curies":[{"name":"wp","href":"https:\/\/api.w.org\/{rel}","templated":true}]}}