{"id":6591,"date":"2025-03-27T23:11:54","date_gmt":"2025-03-28T05:11:54","guid":{"rendered":"https:\/\/esbozodeportivo.com\/?p=6591"},"modified":"2025-03-27T23:11:55","modified_gmt":"2025-03-28T05:11:55","slug":"los-records-y-la-competencia-es-la-esencia-del-deporte","status":"publish","type":"post","link":"https:\/\/esbozodeportivo.com\/index.php\/2025\/03\/27\/los-records-y-la-competencia-es-la-esencia-del-deporte\/","title":{"rendered":"LOS R\u00c9CORDS Y LA COMPETENCIA ES LA ESENCIA DEL DEPORTE"},"content":{"rendered":"\n<p>(Foto: Cortes\u00eda)<\/p>\n\n\n\n<p><strong><em>Los atletas m\u00e1ster hacen parte de la memoria hist\u00f3rica de la nataci\u00f3n mexicana<\/em><\/strong><\/p>\n\n\n\n<p><strong><em>Gimnasia NVFF en COMPETENCIA: Un Compromiso con los Valores y el Crecimiento Personal<\/em><\/strong><\/p>\n\n\n\n<p><strong><u>Los atletas m\u00e1ster hacen parte de la memoria hist\u00f3rica de la nataci\u00f3n mexicana:<\/u><\/strong><\/p>\n\n\n\n<p>La categor\u00eda m\u00e1ster es para <strong><em>acu\u00e1tica nelsonvargas<\/em><\/strong> y el profesor Nelson Vargas B., una pieza fundamental en el desarrollo dentro de la organizaci\u00f3n, es por esto que se invierte en la calidad y excelencia de su capital humano, muestra de lo anterior se da cuando nuestra directora t\u00e9cnica de la categor\u00eda es la medallista panamericana, Patricia Casta\u00f1eda, una atleta que todos los d\u00edas construye camino para que su equipo de trabajo y deportistas logren los mejores resultados.<\/p>\n\n\n\n<p>Hace pocos minutos fue publicado los r\u00e9cords de relevos consolidados hasta enero de 2025, lo que nos lleva a todos los que vivimos la pasi\u00f3n del deporte a realizar un an\u00e1lisis juicioso de sus procesos y, sobre todo, encontrar el camino para mejorar de la mejor manera en la temporada que ya inicia.<\/p>\n\n\n\n<p>Sin embargo, en <strong><em>acu\u00e1tica nelsonvargas<\/em><\/strong>, deseamos resaltar el trabajo arduo y disciplinado de los entrenadores y los deportistas que han logrado posicionar sus nombres, sus tiempos y representar a esta entidad bajo el concepto de la excelencia.<\/p>\n\n\n\n<figure class=\"wp-block-image size-full\"><img loading=\"lazy\" decoding=\"async\" width=\"1024\" height=\"768\" src=\"https:\/\/esbozodeportivo.com\/wp-content\/uploads\/2025\/03\/Nelson-1.jpg\" alt=\"\" class=\"wp-image-6592\" srcset=\"https:\/\/esbozodeportivo.com\/wp-content\/uploads\/2025\/03\/Nelson-1.jpg 1024w, https:\/\/esbozodeportivo.com\/wp-content\/uploads\/2025\/03\/Nelson-1-300x225.jpg 300w, https:\/\/esbozodeportivo.com\/wp-content\/uploads\/2025\/03\/Nelson-1-768x576.jpg 768w\" sizes=\"auto, (max-width: 1024px) 100vw, 1024px\" \/><\/figure>\n\n\n\n<p>(Foto: Cortes\u00eda) <\/p>\n\n\n\n<p>R\u00e9cords de los equipos <strong><em>anv <\/em><\/strong>en las pruebas de relevos:<\/p>\n\n\n\n<figure class=\"wp-block-table\"><table class=\"has-fixed-layout\"><tbody><tr><td><strong>PRUEBA<\/strong><\/td><td><strong>EDAD<\/strong><\/td><td><strong>NOMBRE<\/strong><\/td><td><strong>TIEMPO<\/strong><\/td><td><strong>FECHA<\/strong><\/td><\/tr><tr><td>4X50 relevo libre mixto<\/td><td>100 &#8211; 119<\/td><td>Madrigal, Barbena, Colin y Hern\u00e1ndez<\/td><td>1.51.75<\/td><td>21\/05\/2016<\/td><\/tr><tr><td>4&#215;50 relevo libre mixto<\/td><td>200 \u2013 239<\/td><td>Castro, Carrami\u00f1ana, Vaca, P.<\/td><td>2.01.62<\/td><td>21\/05\/2016<\/td><\/tr><tr><td>4&#215;50 relevo combinado femenil<\/td><td>240 \u2013 279<\/td><td>Vaca, Pyane, Castro, Rodr\u00edguez<\/td><td>2.46.37<\/td><td>02\/06\/2017<\/td><\/tr><tr><td>4&#215;50 relevo combinado femenil<\/td><td>280 \u2013 319<\/td><td>Cervantes, Saavedra, Rodr\u00edguez, L\u00f3pez<\/td><td>3.30.62<\/td><td>25\/05\/2024<\/td><\/tr><tr><td>4&#215;50 relevo combinado varonil<\/td><td>160 \u2013 199<\/td><td>Villareal, Orozco, Partida, Carrami\u00f1ana<\/td><td>2.04.57<\/td><td>21\/05\/2016<\/td><\/tr><tr><td>4&#215;50 relevo libre femenil<\/td><td>240 &#8211; 279<\/td><td>Castro Neri, Rodr\u00edguez, Payme, Derment<\/td><td>2.26.88<\/td><td>03\/06\/2017<\/td><\/tr><tr><td>4&#215;50 relevo libre femenil<\/td><td>280 \u2013 319<\/td><td>Camacho, Sieber, Rodr\u00edguez, V.<\/td><td>3.28.69<\/td><td>26\/05\/2018<\/td><\/tr><tr><td>4&#215;50 relevo libre varonil<\/td><td>160 \u2013 199<\/td><td>Seoane, Carrima\u00f1ana, Villareal, P.<\/td><td>1.48.98<\/td><td>19\/05\/2016<\/td><\/tr><\/tbody><\/table><\/figure>\n\n\n\n<figure class=\"wp-block-image size-large\"><img loading=\"lazy\" decoding=\"async\" width=\"1024\" height=\"768\" src=\"https:\/\/esbozodeportivo.com\/wp-content\/uploads\/2025\/03\/Nelson3-1024x768.jpg\" alt=\"\" class=\"wp-image-6595\" srcset=\"https:\/\/esbozodeportivo.com\/wp-content\/uploads\/2025\/03\/Nelson3-1024x768.jpg 1024w, https:\/\/esbozodeportivo.com\/wp-content\/uploads\/2025\/03\/Nelson3-300x225.jpg 300w, https:\/\/esbozodeportivo.com\/wp-content\/uploads\/2025\/03\/Nelson3-768x576.jpg 768w, https:\/\/esbozodeportivo.com\/wp-content\/uploads\/2025\/03\/Nelson3-1536x1152.jpg 1536w, https:\/\/esbozodeportivo.com\/wp-content\/uploads\/2025\/03\/Nelson3.jpg 1600w\" sizes=\"auto, (max-width: 1024px) 100vw, 1024px\" \/><\/figure>\n\n\n\n<p>(Foto: Cortes\u00eda) <\/p>\n\n\n\n<p><strong><u>Gimnasia NVFF en COMPETENCIA: Un Compromiso con los Valores y el Crecimiento Personal:<\/u><\/strong><\/p>\n\n\n\n<p>Las escuelas <strong><em>nelsonvargas familyfitness<\/em><\/strong> de gimnasia de las sucursales de Interlomas y San Jer\u00f3nimo, se enorgullecen en anunciar su participaci\u00f3n en los esperados Juegos de la CDMX, que se llevar\u00e1n a cabo del 08 al 12 de abril en el prestigioso gimnasio ol\u00edmpico Juan de la Barrera.<\/p>\n\n\n\n<p>Este evento no s\u00f3lo representa una oportunidad para que nuestros talentosos gimnastas muestren sus habilidades, sino que tambi\u00e9n destaca la importancia de fomentar valores fundamentales como la disciplina, el trabajo en equipo y la perseverancia.<\/p>\n\n\n\n<p>Participar en competencias de este calibre es esencial para el desarrollo integral de los j\u00f3venes atletas, ofreci\u00e9ndoles un escenario donde pueden crecer tanto deportiva como personalmente.<\/p>\n\n\n\n<p>La preparaci\u00f3n para este selectivo ha sido un viaje de dedicaci\u00f3n y esfuerzo, donde cada uno de nuestros gimnastas ha demostrado un compromiso inquebrantable con su deporte y con ellos mismos. Este evento es una plataforma invaluable para que los j\u00f3venes muestren su pasi\u00f3n por la gimnasia, y para que aprendan la importancia de la competencia sana y el respeto hacia los dem\u00e1s.<\/p>\n\n\n\n<p>Invitamos a toda la comunidad a apoyar a nuestros gimnastas durante estos d\u00edas de competencia. Su participaci\u00f3n no solo es un orgullo para nuestras escuelas, sino tambi\u00e9n una inspiraci\u00f3n para todos aquellos que creen en el poder transformador. Este equipo estar\u00e1 a cargo de los entrenadores: Ana Mar\u00eda Aquino Guti\u00e9rrez, Cynthia Wendolin Partida Rodr\u00edguez, Lizett Berenice Mendoza Del valle, Nicolas Morel Ribeiro y como juez, contamos con la presencia de Alma Viridiana G\u00f3mez Mart\u00ednez. <\/p>\n\n\n\n<figure class=\"wp-block-image size-large\"><img loading=\"lazy\" decoding=\"async\" width=\"1024\" height=\"576\" src=\"https:\/\/esbozodeportivo.com\/wp-content\/uploads\/2025\/03\/Nelson1-1-1024x576.jpg\" alt=\"\" class=\"wp-image-6593\" srcset=\"https:\/\/esbozodeportivo.com\/wp-content\/uploads\/2025\/03\/Nelson1-1-1024x576.jpg 1024w, https:\/\/esbozodeportivo.com\/wp-content\/uploads\/2025\/03\/Nelson1-1-300x169.jpg 300w, https:\/\/esbozodeportivo.com\/wp-content\/uploads\/2025\/03\/Nelson1-1-768x432.jpg 768w, https:\/\/esbozodeportivo.com\/wp-content\/uploads\/2025\/03\/Nelson1-1-1536x864.jpg 1536w, https:\/\/esbozodeportivo.com\/wp-content\/uploads\/2025\/03\/Nelson1-1.jpg 1600w\" sizes=\"auto, (max-width: 1024px) 100vw, 1024px\" \/><\/figure>\n\n\n\n<p>(Foto: Cortes\u00eda) <\/p>\n\n\n\n<p>Las participantes:<\/p>\n\n\n\n<figure class=\"wp-block-table\"><table class=\"has-fixed-layout\"><tbody><tr><td><strong>No.<\/strong><\/td><td><strong>NOMBRE<\/strong><\/td><td><strong>&nbsp;<\/strong><\/td><td><strong>No.<\/strong><\/td><td><strong>NOMBRE<\/strong><\/td><\/tr><tr><td>1<\/td><td>Daniela Lazareno Torre<\/td><td>&nbsp;<\/td><td>12<\/td><td>Nina Michelis Galina<\/td><\/tr><tr><td>2<\/td><td>Sophie Montero Lorne<\/td><td>&nbsp;<\/td><td>13<\/td><td>Sofia Gonz\u00e1lez Cruz<\/td><\/tr><tr><td>3<\/td><td>Mar\u00eda Jos\u00e9 Salazar Castillo<\/td><td>&nbsp;<\/td><td>14<\/td><td>Romina Hidalgo Maluly<\/td><\/tr><tr><td>4<\/td><td>Roberta Sofia Flores Gonz\u00e1lez<\/td><td>&nbsp;<\/td><td>15<\/td><td>Andrea Garc\u00eda Delgado<\/td><\/tr><tr><td>5<\/td><td>Sofia Rinc\u00f3n Mart\u00ednez<\/td><td>&nbsp;<\/td><td>16<\/td><td>Mar\u00eda Jos\u00e9 Aguilar Tena<\/td><\/tr><tr><td>6<\/td><td>Sofia Hern\u00e1ndez Coronel<\/td><td>&nbsp;<\/td><td>17<\/td><td>Mia Puente Esp\u00edndola<\/td><\/tr><tr><td>7<\/td><td>Sofia Peralta Bahillo<\/td><td>&nbsp;<\/td><td>18<\/td><td>Valentina S\u00e1nchez Azcona Flores<\/td><\/tr><tr><td>8<\/td><td>Vanessa Vel\u00e1zquez Albarr\u00e1n<\/td><td>&nbsp;<\/td><td>19<\/td><td>Hilda Carmina T\u00e9llez Portillo<\/td><\/tr><tr><td>9<\/td><td>Regina Garc\u00eda Delgado<\/td><td>&nbsp;<\/td><td>20<\/td><td>Luciana Sahag\u00fan Sosa<\/td><\/tr><tr><td>10<\/td><td>Zoe Asuad Herrera<\/td><td>&nbsp;<\/td><td>21<\/td><td>Jannette Arlette Castillo Carrillo<\/td><\/tr><tr><td>11<\/td><td>Gabriela Fuentes F\u00e9lix<\/td><td>&nbsp;<\/td><td>&nbsp;<\/td><td>&nbsp;<\/td><\/tr><\/tbody><\/table><\/figure>\n\n\n\n<p><\/p>\n","protected":false},"excerpt":{"rendered":"<p>(Foto: Cortes\u00eda) Los atletas m\u00e1ster hacen parte de la memoria hist\u00f3rica de la nataci\u00f3n mexicana<\/p>\n","protected":false},"author":4,"featured_media":6594,"comment_status":"closed","ping_status":"open","sticky":false,"template":"","format":"standard","meta":{"_jetpack_memberships_contains_paid_content":false,"footnotes":""},"categories":[5],"tags":[],"class_list":["post-6591","post","type-post","status-publish","format-standard","has-post-thumbnail","hentry","category-amateur"],"yoast_head":"<!-- This site is optimized with the Yoast SEO plugin v25.7 - https:\/\/yoast.com\/wordpress\/plugins\/seo\/ -->\n<title>LOS R\u00c9CORDS Y LA COMPETENCIA ES LA ESENCIA DEL DEPORTE - Esbozo Deportivo<\/title>\n<meta name=\"description\" content=\"La categor\u00eda m\u00e1ster es para acu\u00e1tica nelsonvargas y el profesor Nelson Vargas B., una pieza fundamental en el desarrollo dentro de la organizaci\u00f3n, es por esto que se invierte en la calidad y excelencia de su capital humano, muestra de lo anterior se da cuando nuestra directora t\u00e9cnica de la categor\u00eda es la medallista panamericana, Patricia Casta\u00f1eda, una atleta que todos los d\u00edas construye camino para que su equipo de trabajo y deportistas logren los mejores resultados.\" \/>\n<meta name=\"robots\" content=\"index, follow, max-snippet:-1, max-image-preview:large, max-video-preview:-1\" \/>\n<link rel=\"canonical\" href=\"https:\/\/esbozodeportivo.com\/index.php\/2025\/03\/27\/los-records-y-la-competencia-es-la-esencia-del-deporte\/\" \/>\n<meta property=\"og:locale\" content=\"es_MX\" \/>\n<meta property=\"og:type\" content=\"article\" \/>\n<meta property=\"og:title\" content=\"LOS R\u00c9CORDS Y LA COMPETENCIA ES LA ESENCIA DEL DEPORTE - Esbozo Deportivo\" \/>\n<meta property=\"og:description\" content=\"La categor\u00eda m\u00e1ster es para acu\u00e1tica nelsonvargas y el profesor Nelson Vargas B., una pieza fundamental en el desarrollo dentro de la organizaci\u00f3n, es por esto que se invierte en la calidad y excelencia de su capital humano, muestra de lo anterior se da cuando nuestra directora t\u00e9cnica de la categor\u00eda es la medallista panamericana, Patricia Casta\u00f1eda, una atleta que todos los d\u00edas construye camino para que su equipo de trabajo y deportistas logren los mejores resultados.\" \/>\n<meta property=\"og:url\" content=\"https:\/\/esbozodeportivo.com\/index.php\/2025\/03\/27\/los-records-y-la-competencia-es-la-esencia-del-deporte\/\" \/>\n<meta property=\"og:site_name\" content=\"Esbozo Deportivo\" \/>\n<meta property=\"article:published_time\" content=\"2025-03-28T05:11:54+00:00\" \/>\n<meta property=\"article:modified_time\" content=\"2025-03-28T05:11:55+00:00\" \/>\n<meta property=\"og:image\" content=\"https:\/\/esbozodeportivo.com\/wp-content\/uploads\/2025\/03\/Nelson2-1.jpg\" \/>\n\t<meta property=\"og:image:width\" content=\"1600\" \/>\n\t<meta property=\"og:image:height\" content=\"739\" \/>\n\t<meta property=\"og:image:type\" content=\"image\/jpeg\" \/>\n<meta name=\"author\" content=\"Redacci\u00f3n\" \/>\n<meta name=\"twitter:card\" content=\"summary_large_image\" \/>\n<meta name=\"twitter:label1\" content=\"Escrito por\" \/>\n\t<meta name=\"twitter:data1\" content=\"Redacci\u00f3n\" \/>\n\t<meta name=\"twitter:label2\" content=\"Tiempo de lectura\" \/>\n\t<meta name=\"twitter:data2\" content=\"4 minutos\" \/>\n<script type=\"application\/ld+json\" class=\"yoast-schema-graph\">{\"@context\":\"https:\/\/schema.org\",\"@graph\":[{\"@type\":\"Article\",\"@id\":\"https:\/\/esbozodeportivo.com\/index.php\/2025\/03\/27\/los-records-y-la-competencia-es-la-esencia-del-deporte\/#article\",\"isPartOf\":{\"@id\":\"https:\/\/esbozodeportivo.com\/index.php\/2025\/03\/27\/los-records-y-la-competencia-es-la-esencia-del-deporte\/\"},\"author\":{\"name\":\"Redacci\u00f3n\",\"@id\":\"https:\/\/esbozodeportivo.com\/#\/schema\/person\/0f6df9196dfe6740dd0bb31bae50d374\"},\"headline\":\"LOS R\u00c9CORDS Y LA COMPETENCIA ES LA ESENCIA DEL DEPORTE\",\"datePublished\":\"2025-03-28T05:11:54+00:00\",\"dateModified\":\"2025-03-28T05:11:55+00:00\",\"mainEntityOfPage\":{\"@id\":\"https:\/\/esbozodeportivo.com\/index.php\/2025\/03\/27\/los-records-y-la-competencia-es-la-esencia-del-deporte\/\"},\"wordCount\":722,\"publisher\":{\"@id\":\"https:\/\/esbozodeportivo.com\/#organization\"},\"image\":{\"@id\":\"https:\/\/esbozodeportivo.com\/index.php\/2025\/03\/27\/los-records-y-la-competencia-es-la-esencia-del-deporte\/#primaryimage\"},\"thumbnailUrl\":\"https:\/\/esbozodeportivo.com\/wp-content\/uploads\/2025\/03\/Nelson2-1.jpg\",\"articleSection\":[\"Amateur\"],\"inLanguage\":\"es\"},{\"@type\":\"WebPage\",\"@id\":\"https:\/\/esbozodeportivo.com\/index.php\/2025\/03\/27\/los-records-y-la-competencia-es-la-esencia-del-deporte\/\",\"url\":\"https:\/\/esbozodeportivo.com\/index.php\/2025\/03\/27\/los-records-y-la-competencia-es-la-esencia-del-deporte\/\",\"name\":\"LOS R\u00c9CORDS Y LA COMPETENCIA ES LA ESENCIA DEL DEPORTE - Esbozo Deportivo\",\"isPartOf\":{\"@id\":\"https:\/\/esbozodeportivo.com\/#website\"},\"primaryImageOfPage\":{\"@id\":\"https:\/\/esbozodeportivo.com\/index.php\/2025\/03\/27\/los-records-y-la-competencia-es-la-esencia-del-deporte\/#primaryimage\"},\"image\":{\"@id\":\"https:\/\/esbozodeportivo.com\/index.php\/2025\/03\/27\/los-records-y-la-competencia-es-la-esencia-del-deporte\/#primaryimage\"},\"thumbnailUrl\":\"https:\/\/esbozodeportivo.com\/wp-content\/uploads\/2025\/03\/Nelson2-1.jpg\",\"datePublished\":\"2025-03-28T05:11:54+00:00\",\"dateModified\":\"2025-03-28T05:11:55+00:00\",\"description\":\"La categor\u00eda m\u00e1ster es para acu\u00e1tica nelsonvargas y el profesor Nelson Vargas B., una pieza fundamental en el desarrollo dentro de la organizaci\u00f3n, es por esto que se invierte en la calidad y excelencia de su capital humano, muestra de lo anterior se da cuando nuestra directora t\u00e9cnica de la categor\u00eda es la medallista panamericana, Patricia Casta\u00f1eda, una atleta que todos los d\u00edas construye camino para que su equipo de trabajo y deportistas logren los mejores resultados.\",\"breadcrumb\":{\"@id\":\"https:\/\/esbozodeportivo.com\/index.php\/2025\/03\/27\/los-records-y-la-competencia-es-la-esencia-del-deporte\/#breadcrumb\"},\"inLanguage\":\"es\",\"potentialAction\":[{\"@type\":\"ReadAction\",\"target\":[\"https:\/\/esbozodeportivo.com\/index.php\/2025\/03\/27\/los-records-y-la-competencia-es-la-esencia-del-deporte\/\"]}]},{\"@type\":\"ImageObject\",\"inLanguage\":\"es\",\"@id\":\"https:\/\/esbozodeportivo.com\/index.php\/2025\/03\/27\/los-records-y-la-competencia-es-la-esencia-del-deporte\/#primaryimage\",\"url\":\"https:\/\/esbozodeportivo.com\/wp-content\/uploads\/2025\/03\/Nelson2-1.jpg\",\"contentUrl\":\"https:\/\/esbozodeportivo.com\/wp-content\/uploads\/2025\/03\/Nelson2-1.jpg\",\"width\":1600,\"height\":739},{\"@type\":\"BreadcrumbList\",\"@id\":\"https:\/\/esbozodeportivo.com\/index.php\/2025\/03\/27\/los-records-y-la-competencia-es-la-esencia-del-deporte\/#breadcrumb\",\"itemListElement\":[{\"@type\":\"ListItem\",\"position\":1,\"name\":\"Inicio\",\"item\":\"https:\/\/esbozodeportivo.com\/\"},{\"@type\":\"ListItem\",\"position\":2,\"name\":\"LOS R\u00c9CORDS Y LA COMPETENCIA ES LA ESENCIA DEL DEPORTE\"}]},{\"@type\":\"WebSite\",\"@id\":\"https:\/\/esbozodeportivo.com\/#website\",\"url\":\"https:\/\/esbozodeportivo.com\/\",\"name\":\"Esbozo Deportivo\",\"description\":\"Lo m\u00e1s importante del Deporte\",\"publisher\":{\"@id\":\"https:\/\/esbozodeportivo.com\/#organization\"},\"potentialAction\":[{\"@type\":\"SearchAction\",\"target\":{\"@type\":\"EntryPoint\",\"urlTemplate\":\"https:\/\/esbozodeportivo.com\/?s={search_term_string}\"},\"query-input\":{\"@type\":\"PropertyValueSpecification\",\"valueRequired\":true,\"valueName\":\"search_term_string\"}}],\"inLanguage\":\"es\"},{\"@type\":\"Organization\",\"@id\":\"https:\/\/esbozodeportivo.com\/#organization\",\"name\":\"Esbozo Deportivo\",\"url\":\"https:\/\/esbozodeportivo.com\/\",\"logo\":{\"@type\":\"ImageObject\",\"inLanguage\":\"es\",\"@id\":\"https:\/\/esbozodeportivo.com\/#\/schema\/logo\/image\/\",\"url\":\"https:\/\/esbozodeportivo.com\/wp-content\/uploads\/2022\/08\/cropped-Logo-Esbozo-Web-2.png\",\"contentUrl\":\"https:\/\/esbozodeportivo.com\/wp-content\/uploads\/2022\/08\/cropped-Logo-Esbozo-Web-2.png\",\"width\":180,\"height\":50,\"caption\":\"Esbozo Deportivo\"},\"image\":{\"@id\":\"https:\/\/esbozodeportivo.com\/#\/schema\/logo\/image\/\"}},{\"@type\":\"Person\",\"@id\":\"https:\/\/esbozodeportivo.com\/#\/schema\/person\/0f6df9196dfe6740dd0bb31bae50d374\",\"name\":\"Redacci\u00f3n\",\"image\":{\"@type\":\"ImageObject\",\"inLanguage\":\"es\",\"@id\":\"https:\/\/esbozodeportivo.com\/#\/schema\/person\/image\/\",\"url\":\"https:\/\/secure.gravatar.com\/avatar\/f55268a89c3b418f2ef172ff52ab0d09b3e653c58de29539fe329fb93d78ebf3?s=96&d=mm&r=g\",\"contentUrl\":\"https:\/\/secure.gravatar.com\/avatar\/f55268a89c3b418f2ef172ff52ab0d09b3e653c58de29539fe329fb93d78ebf3?s=96&d=mm&r=g\",\"caption\":\"Redacci\u00f3n\"},\"url\":\"https:\/\/esbozodeportivo.com\/index.php\/author\/redaccion\/\"}]}<\/script>\n<!-- \/ Yoast SEO plugin. -->","yoast_head_json":{"title":"LOS R\u00c9CORDS Y LA COMPETENCIA ES LA ESENCIA DEL DEPORTE - Esbozo Deportivo","description":"La categor\u00eda m\u00e1ster es para acu\u00e1tica nelsonvargas y el profesor Nelson Vargas B., una pieza fundamental en el desarrollo dentro de la organizaci\u00f3n, es por esto que se invierte en la calidad y excelencia de su capital humano, muestra de lo anterior se da cuando nuestra directora t\u00e9cnica de la categor\u00eda es la medallista panamericana, Patricia Casta\u00f1eda, una atleta que todos los d\u00edas construye camino para que su equipo de trabajo y deportistas logren los mejores resultados.","robots":{"index":"index","follow":"follow","max-snippet":"max-snippet:-1","max-image-preview":"max-image-preview:large","max-video-preview":"max-video-preview:-1"},"canonical":"https:\/\/esbozodeportivo.com\/index.php\/2025\/03\/27\/los-records-y-la-competencia-es-la-esencia-del-deporte\/","og_locale":"es_MX","og_type":"article","og_title":"LOS R\u00c9CORDS Y LA COMPETENCIA ES LA ESENCIA DEL DEPORTE - Esbozo Deportivo","og_description":"La categor\u00eda m\u00e1ster es para acu\u00e1tica nelsonvargas y el profesor Nelson Vargas B., una pieza fundamental en el desarrollo dentro de la organizaci\u00f3n, es por esto que se invierte en la calidad y excelencia de su capital humano, muestra de lo anterior se da cuando nuestra directora t\u00e9cnica de la categor\u00eda es la medallista panamericana, Patricia Casta\u00f1eda, una atleta que todos los d\u00edas construye camino para que su equipo de trabajo y deportistas logren los mejores resultados.","og_url":"https:\/\/esbozodeportivo.com\/index.php\/2025\/03\/27\/los-records-y-la-competencia-es-la-esencia-del-deporte\/","og_site_name":"Esbozo Deportivo","article_published_time":"2025-03-28T05:11:54+00:00","article_modified_time":"2025-03-28T05:11:55+00:00","og_image":[{"width":1600,"height":739,"url":"https:\/\/esbozodeportivo.com\/wp-content\/uploads\/2025\/03\/Nelson2-1.jpg","type":"image\/jpeg"}],"author":"Redacci\u00f3n","twitter_card":"summary_large_image","twitter_misc":{"Escrito por":"Redacci\u00f3n","Tiempo de lectura":"4 minutos"},"schema":{"@context":"https:\/\/schema.org","@graph":[{"@type":"Article","@id":"https:\/\/esbozodeportivo.com\/index.php\/2025\/03\/27\/los-records-y-la-competencia-es-la-esencia-del-deporte\/#article","isPartOf":{"@id":"https:\/\/esbozodeportivo.com\/index.php\/2025\/03\/27\/los-records-y-la-competencia-es-la-esencia-del-deporte\/"},"author":{"name":"Redacci\u00f3n","@id":"https:\/\/esbozodeportivo.com\/#\/schema\/person\/0f6df9196dfe6740dd0bb31bae50d374"},"headline":"LOS R\u00c9CORDS Y LA COMPETENCIA ES LA ESENCIA DEL DEPORTE","datePublished":"2025-03-28T05:11:54+00:00","dateModified":"2025-03-28T05:11:55+00:00","mainEntityOfPage":{"@id":"https:\/\/esbozodeportivo.com\/index.php\/2025\/03\/27\/los-records-y-la-competencia-es-la-esencia-del-deporte\/"},"wordCount":722,"publisher":{"@id":"https:\/\/esbozodeportivo.com\/#organization"},"image":{"@id":"https:\/\/esbozodeportivo.com\/index.php\/2025\/03\/27\/los-records-y-la-competencia-es-la-esencia-del-deporte\/#primaryimage"},"thumbnailUrl":"https:\/\/esbozodeportivo.com\/wp-content\/uploads\/2025\/03\/Nelson2-1.jpg","articleSection":["Amateur"],"inLanguage":"es"},{"@type":"WebPage","@id":"https:\/\/esbozodeportivo.com\/index.php\/2025\/03\/27\/los-records-y-la-competencia-es-la-esencia-del-deporte\/","url":"https:\/\/esbozodeportivo.com\/index.php\/2025\/03\/27\/los-records-y-la-competencia-es-la-esencia-del-deporte\/","name":"LOS R\u00c9CORDS Y LA COMPETENCIA ES LA ESENCIA DEL DEPORTE - Esbozo Deportivo","isPartOf":{"@id":"https:\/\/esbozodeportivo.com\/#website"},"primaryImageOfPage":{"@id":"https:\/\/esbozodeportivo.com\/index.php\/2025\/03\/27\/los-records-y-la-competencia-es-la-esencia-del-deporte\/#primaryimage"},"image":{"@id":"https:\/\/esbozodeportivo.com\/index.php\/2025\/03\/27\/los-records-y-la-competencia-es-la-esencia-del-deporte\/#primaryimage"},"thumbnailUrl":"https:\/\/esbozodeportivo.com\/wp-content\/uploads\/2025\/03\/Nelson2-1.jpg","datePublished":"2025-03-28T05:11:54+00:00","dateModified":"2025-03-28T05:11:55+00:00","description":"La categor\u00eda m\u00e1ster es para acu\u00e1tica nelsonvargas y el profesor Nelson Vargas B., una pieza fundamental en el desarrollo dentro de la organizaci\u00f3n, es por esto que se invierte en la calidad y excelencia de su capital humano, muestra de lo anterior se da cuando nuestra directora t\u00e9cnica de la categor\u00eda es la medallista panamericana, Patricia Casta\u00f1eda, una atleta que todos los d\u00edas construye camino para que su equipo de trabajo y deportistas logren los mejores resultados.","breadcrumb":{"@id":"https:\/\/esbozodeportivo.com\/index.php\/2025\/03\/27\/los-records-y-la-competencia-es-la-esencia-del-deporte\/#breadcrumb"},"inLanguage":"es","potentialAction":[{"@type":"ReadAction","target":["https:\/\/esbozodeportivo.com\/index.php\/2025\/03\/27\/los-records-y-la-competencia-es-la-esencia-del-deporte\/"]}]},{"@type":"ImageObject","inLanguage":"es","@id":"https:\/\/esbozodeportivo.com\/index.php\/2025\/03\/27\/los-records-y-la-competencia-es-la-esencia-del-deporte\/#primaryimage","url":"https:\/\/esbozodeportivo.com\/wp-content\/uploads\/2025\/03\/Nelson2-1.jpg","contentUrl":"https:\/\/esbozodeportivo.com\/wp-content\/uploads\/2025\/03\/Nelson2-1.jpg","width":1600,"height":739},{"@type":"BreadcrumbList","@id":"https:\/\/esbozodeportivo.com\/index.php\/2025\/03\/27\/los-records-y-la-competencia-es-la-esencia-del-deporte\/#breadcrumb","itemListElement":[{"@type":"ListItem","position":1,"name":"Inicio","item":"https:\/\/esbozodeportivo.com\/"},{"@type":"ListItem","position":2,"name":"LOS R\u00c9CORDS Y LA COMPETENCIA ES LA ESENCIA DEL DEPORTE"}]},{"@type":"WebSite","@id":"https:\/\/esbozodeportivo.com\/#website","url":"https:\/\/esbozodeportivo.com\/","name":"Esbozo Deportivo","description":"Lo m\u00e1s importante del Deporte","publisher":{"@id":"https:\/\/esbozodeportivo.com\/#organization"},"potentialAction":[{"@type":"SearchAction","target":{"@type":"EntryPoint","urlTemplate":"https:\/\/esbozodeportivo.com\/?s={search_term_string}"},"query-input":{"@type":"PropertyValueSpecification","valueRequired":true,"valueName":"search_term_string"}}],"inLanguage":"es"},{"@type":"Organization","@id":"https:\/\/esbozodeportivo.com\/#organization","name":"Esbozo Deportivo","url":"https:\/\/esbozodeportivo.com\/","logo":{"@type":"ImageObject","inLanguage":"es","@id":"https:\/\/esbozodeportivo.com\/#\/schema\/logo\/image\/","url":"https:\/\/esbozodeportivo.com\/wp-content\/uploads\/2022\/08\/cropped-Logo-Esbozo-Web-2.png","contentUrl":"https:\/\/esbozodeportivo.com\/wp-content\/uploads\/2022\/08\/cropped-Logo-Esbozo-Web-2.png","width":180,"height":50,"caption":"Esbozo Deportivo"},"image":{"@id":"https:\/\/esbozodeportivo.com\/#\/schema\/logo\/image\/"}},{"@type":"Person","@id":"https:\/\/esbozodeportivo.com\/#\/schema\/person\/0f6df9196dfe6740dd0bb31bae50d374","name":"Redacci\u00f3n","image":{"@type":"ImageObject","inLanguage":"es","@id":"https:\/\/esbozodeportivo.com\/#\/schema\/person\/image\/","url":"https:\/\/secure.gravatar.com\/avatar\/f55268a89c3b418f2ef172ff52ab0d09b3e653c58de29539fe329fb93d78ebf3?s=96&d=mm&r=g","contentUrl":"https:\/\/secure.gravatar.com\/avatar\/f55268a89c3b418f2ef172ff52ab0d09b3e653c58de29539fe329fb93d78ebf3?s=96&d=mm&r=g","caption":"Redacci\u00f3n"},"url":"https:\/\/esbozodeportivo.com\/index.php\/author\/redaccion\/"}]}},"jetpack_featured_media_url":"https:\/\/esbozodeportivo.com\/wp-content\/uploads\/2025\/03\/Nelson2-1.jpg","jetpack_sharing_enabled":true,"_links":{"self":[{"href":"https:\/\/esbozodeportivo.com\/index.php\/wp-json\/wp\/v2\/posts\/6591","targetHints":{"allow":["GET"]}}],"collection":[{"href":"https:\/\/esbozodeportivo.com\/index.php\/wp-json\/wp\/v2\/posts"}],"about":[{"href":"https:\/\/esbozodeportivo.com\/index.php\/wp-json\/wp\/v2\/types\/post"}],"author":[{"embeddable":true,"href":"https:\/\/esbozodeportivo.com\/index.php\/wp-json\/wp\/v2\/users\/4"}],"replies":[{"embeddable":true,"href":"https:\/\/esbozodeportivo.com\/index.php\/wp-json\/wp\/v2\/comments?post=6591"}],"version-history":[{"count":1,"href":"https:\/\/esbozodeportivo.com\/index.php\/wp-json\/wp\/v2\/posts\/6591\/revisions"}],"predecessor-version":[{"id":6596,"href":"https:\/\/esbozodeportivo.com\/index.php\/wp-json\/wp\/v2\/posts\/6591\/revisions\/6596"}],"wp:featuredmedia":[{"embeddable":true,"href":"https:\/\/esbozodeportivo.com\/index.php\/wp-json\/wp\/v2\/media\/6594"}],"wp:attachment":[{"href":"https:\/\/esbozodeportivo.com\/index.php\/wp-json\/wp\/v2\/media?parent=6591"}],"wp:term":[{"taxonomy":"category","embeddable":true,"href":"https:\/\/esbozodeportivo.com\/index.php\/wp-json\/wp\/v2\/categories?post=6591"},{"taxonomy":"post_tag","embeddable":true,"href":"https:\/\/esbozodeportivo.com\/index.php\/wp-json\/wp\/v2\/tags?post=6591"}],"curies":[{"name":"wp","href":"https:\/\/api.w.org\/{rel}","templated":true}]}}