{"id":6616,"date":"2025-03-28T21:18:17","date_gmt":"2025-03-29T03:18:17","guid":{"rendered":"https:\/\/esbozodeportivo.com\/?p=6616"},"modified":"2025-03-28T21:18:18","modified_gmt":"2025-03-29T03:18:18","slug":"neza-fights-en-martes-de-cafe-de-wbc","status":"publish","type":"post","link":"https:\/\/esbozodeportivo.com\/index.php\/2025\/03\/28\/neza-fights-en-martes-de-cafe-de-wbc\/","title":{"rendered":"Neza Fights en \u201cMartes de caf\u00e9\u201d de WBC"},"content":{"rendered":"\n<p><strong>Esmeralda Falc\u00f3n<\/strong> apenas realizar\u00e1 su tercera pelea como pugilista profesional este viernes 28 de marzo, en la estelar de la funci\u00f3n <strong>\u201cNeza Fights\u201d<\/strong> en <strong>Nezahualc\u00f3yotl, Estado de M\u00e9xico<\/strong>, y a pesar de que su carrera es naciente tiene todo el potencial para ser campeona del mundo.<\/p>\n\n\n\n<p><strong>Humberto Gonz\u00e1lez Jr<\/strong>, hijo del legendario <strong>Humberto \u201cChiquita\u201d Gonz\u00e1lez<\/strong>, present\u00f3 de manera oficial en los <strong>Martes de Caf\u00e9<\/strong> del <strong>Consejo Mundial de Boxeo<\/strong> (CMB) la funci\u00f3n que se realizar\u00e1 el viernes en el Sal\u00f3n Marbet y que ser\u00e1 transmitida a todo el pa\u00eds a trav\u00e9s de <strong>Hi Sports<\/strong>.<\/p>\n\n\n\n<p>\u201cQui\u00e9n tenga la oportunidad de ver a <strong>Esmeralda Falc\u00f3n<\/strong> vaya, porque pr\u00f3ximamente la vamos a estar viendo por un t\u00edtulo y es importante que la vean aqu\u00ed, en su pa\u00eds, en la ciudad de M\u00e9xico, para que vean qu\u00e9 calidad tiene\u201d, recomend\u00f3 <strong>Humberto Gonz\u00e1lez Jr<\/strong> durante su intervenci\u00f3n.<\/p>\n\n\n\n<p><strong>Esmeralda Falc\u00f3n<\/strong>, con r\u00e9cord profesional de 2-0, se perfila como una de las futuras estrellas del boxeo femenil y lo ha demostrado en sus dos primeras peleas, por lo que hay confianza de que llegue a la \u00e9lite del boxeo.<\/p>\n\n\n\n<figure class=\"wp-block-image size-large\"><img loading=\"lazy\" decoding=\"async\" width=\"819\" height=\"1024\" src=\"https:\/\/esbozodeportivo.com\/wp-content\/uploads\/2025\/03\/Boxeo-femenil1-819x1024.jpg\" alt=\"\" class=\"wp-image-6618\" srcset=\"https:\/\/esbozodeportivo.com\/wp-content\/uploads\/2025\/03\/Boxeo-femenil1-819x1024.jpg 819w, https:\/\/esbozodeportivo.com\/wp-content\/uploads\/2025\/03\/Boxeo-femenil1-240x300.jpg 240w, https:\/\/esbozodeportivo.com\/wp-content\/uploads\/2025\/03\/Boxeo-femenil1-768x960.jpg 768w, https:\/\/esbozodeportivo.com\/wp-content\/uploads\/2025\/03\/Boxeo-femenil1-1024x1280.jpg 1024w, https:\/\/esbozodeportivo.com\/wp-content\/uploads\/2025\/03\/Boxeo-femenil1.jpg 1200w\" sizes=\"auto, (max-width: 819px) 100vw, 819px\" \/><\/figure>\n\n\n\n<p>La pugilista mexicana buscar\u00e1 su tercer triunfo como peleadora profesional cuando enfrente a Karla Aldama, en una pelea pactada a 8 rounds en la divisi\u00f3n pluma, la primera a esa distancia para la ol\u00edmpica mexicana.<\/p>\n\n\n\n<p>Y as\u00ed como <strong>Esmeralda Falc\u00f3n<\/strong> es un s\u00f3lido prospecto para el boxeo mexicano, en <strong>Chiquita Boxing<\/strong> se esmeran en apoyar a las futuras estrellas del deporte de los pu\u00f1os, algo que han hecho en los \u00faltimos a\u00f1os.<\/p>\n\n\n\n<p>\u201cSomos el semillero mexicano, por nuestras funciones han pasado peleadores importantes como <strong>Canelo \u00c1lvarez<\/strong>, hemos ido caminando con pasos gigantes, hemos tenido mucha continuidad gracias a los patrocinadores, a la televisi\u00f3n. No se pierdan la funci\u00f3n, est\u00e1n garantizadas buenas peleas\u201d, concluy\u00f3.<\/p>\n\n\n\n<p><\/p>\n","protected":false},"excerpt":{"rendered":"<p>Esmeralda Falc\u00f3n apenas realizar\u00e1 su tercera pelea como pugilista profesional este viernes 28 de marzo,<\/p>\n","protected":false},"author":4,"featured_media":6617,"comment_status":"closed","ping_status":"open","sticky":false,"template":"","format":"standard","meta":{"_jetpack_memberships_contains_paid_content":false,"footnotes":""},"categories":[64],"tags":[],"class_list":["post-6616","post","type-post","status-publish","format-standard","has-post-thumbnail","hentry","category-box"],"yoast_head":"<!-- This site is optimized with the Yoast SEO plugin v25.7 - https:\/\/yoast.com\/wordpress\/plugins\/seo\/ -->\n<title>Neza Fights en \u201cMartes de caf\u00e9\u201d de WBC - Esbozo Deportivo<\/title>\n<meta name=\"description\" content=\"Esmeralda Falc\u00f3n apenas realizar\u00e1 su tercera pelea como pugilista profesional este viernes 28 de marzo, en la estelar de la funci\u00f3n \u201cNeza Fights\u201d en Nezahualc\u00f3yotl, Estado de M\u00e9xico, y a pesar de que su carrera es naciente tiene todo el potencial para ser campeona del mundo.\" \/>\n<meta name=\"robots\" content=\"index, follow, max-snippet:-1, max-image-preview:large, max-video-preview:-1\" \/>\n<link rel=\"canonical\" href=\"https:\/\/esbozodeportivo.com\/index.php\/2025\/03\/28\/neza-fights-en-martes-de-cafe-de-wbc\/\" \/>\n<meta property=\"og:locale\" content=\"es_MX\" \/>\n<meta property=\"og:type\" content=\"article\" \/>\n<meta property=\"og:title\" content=\"Neza Fights en \u201cMartes de caf\u00e9\u201d de WBC - Esbozo Deportivo\" \/>\n<meta property=\"og:description\" content=\"Esmeralda Falc\u00f3n apenas realizar\u00e1 su tercera pelea como pugilista profesional este viernes 28 de marzo, en la estelar de la funci\u00f3n \u201cNeza Fights\u201d en Nezahualc\u00f3yotl, Estado de M\u00e9xico, y a pesar de que su carrera es naciente tiene todo el potencial para ser campeona del mundo.\" \/>\n<meta property=\"og:url\" content=\"https:\/\/esbozodeportivo.com\/index.php\/2025\/03\/28\/neza-fights-en-martes-de-cafe-de-wbc\/\" \/>\n<meta property=\"og:site_name\" content=\"Esbozo Deportivo\" \/>\n<meta property=\"article:published_time\" content=\"2025-03-29T03:18:17+00:00\" \/>\n<meta property=\"article:modified_time\" content=\"2025-03-29T03:18:18+00:00\" \/>\n<meta property=\"og:image\" content=\"https:\/\/esbozodeportivo.com\/wp-content\/uploads\/2025\/03\/Boxeo-femenil.jpg\" \/>\n\t<meta property=\"og:image:width\" content=\"1067\" \/>\n\t<meta property=\"og:image:height\" content=\"1600\" \/>\n\t<meta property=\"og:image:type\" content=\"image\/jpeg\" \/>\n<meta name=\"author\" content=\"Redacci\u00f3n\" \/>\n<meta name=\"twitter:card\" content=\"summary_large_image\" \/>\n<meta name=\"twitter:label1\" content=\"Escrito por\" \/>\n\t<meta name=\"twitter:data1\" content=\"Redacci\u00f3n\" \/>\n\t<meta name=\"twitter:label2\" content=\"Tiempo de lectura\" \/>\n\t<meta name=\"twitter:data2\" content=\"2 minutos\" \/>\n<script type=\"application\/ld+json\" class=\"yoast-schema-graph\">{\"@context\":\"https:\/\/schema.org\",\"@graph\":[{\"@type\":\"Article\",\"@id\":\"https:\/\/esbozodeportivo.com\/index.php\/2025\/03\/28\/neza-fights-en-martes-de-cafe-de-wbc\/#article\",\"isPartOf\":{\"@id\":\"https:\/\/esbozodeportivo.com\/index.php\/2025\/03\/28\/neza-fights-en-martes-de-cafe-de-wbc\/\"},\"author\":{\"name\":\"Redacci\u00f3n\",\"@id\":\"https:\/\/esbozodeportivo.com\/#\/schema\/person\/0f6df9196dfe6740dd0bb31bae50d374\"},\"headline\":\"Neza Fights en \u201cMartes de caf\u00e9\u201d de WBC\",\"datePublished\":\"2025-03-29T03:18:17+00:00\",\"dateModified\":\"2025-03-29T03:18:18+00:00\",\"mainEntityOfPage\":{\"@id\":\"https:\/\/esbozodeportivo.com\/index.php\/2025\/03\/28\/neza-fights-en-martes-de-cafe-de-wbc\/\"},\"wordCount\":330,\"publisher\":{\"@id\":\"https:\/\/esbozodeportivo.com\/#organization\"},\"image\":{\"@id\":\"https:\/\/esbozodeportivo.com\/index.php\/2025\/03\/28\/neza-fights-en-martes-de-cafe-de-wbc\/#primaryimage\"},\"thumbnailUrl\":\"https:\/\/esbozodeportivo.com\/wp-content\/uploads\/2025\/03\/Boxeo-femenil.jpg\",\"articleSection\":[\"Box\"],\"inLanguage\":\"es\"},{\"@type\":\"WebPage\",\"@id\":\"https:\/\/esbozodeportivo.com\/index.php\/2025\/03\/28\/neza-fights-en-martes-de-cafe-de-wbc\/\",\"url\":\"https:\/\/esbozodeportivo.com\/index.php\/2025\/03\/28\/neza-fights-en-martes-de-cafe-de-wbc\/\",\"name\":\"Neza Fights en \u201cMartes de caf\u00e9\u201d de WBC - Esbozo Deportivo\",\"isPartOf\":{\"@id\":\"https:\/\/esbozodeportivo.com\/#website\"},\"primaryImageOfPage\":{\"@id\":\"https:\/\/esbozodeportivo.com\/index.php\/2025\/03\/28\/neza-fights-en-martes-de-cafe-de-wbc\/#primaryimage\"},\"image\":{\"@id\":\"https:\/\/esbozodeportivo.com\/index.php\/2025\/03\/28\/neza-fights-en-martes-de-cafe-de-wbc\/#primaryimage\"},\"thumbnailUrl\":\"https:\/\/esbozodeportivo.com\/wp-content\/uploads\/2025\/03\/Boxeo-femenil.jpg\",\"datePublished\":\"2025-03-29T03:18:17+00:00\",\"dateModified\":\"2025-03-29T03:18:18+00:00\",\"description\":\"Esmeralda Falc\u00f3n apenas realizar\u00e1 su tercera pelea como pugilista profesional este viernes 28 de marzo, en la estelar de la funci\u00f3n \u201cNeza Fights\u201d en Nezahualc\u00f3yotl, Estado de M\u00e9xico, y a pesar de que su carrera es naciente tiene todo el potencial para ser campeona del mundo.\",\"breadcrumb\":{\"@id\":\"https:\/\/esbozodeportivo.com\/index.php\/2025\/03\/28\/neza-fights-en-martes-de-cafe-de-wbc\/#breadcrumb\"},\"inLanguage\":\"es\",\"potentialAction\":[{\"@type\":\"ReadAction\",\"target\":[\"https:\/\/esbozodeportivo.com\/index.php\/2025\/03\/28\/neza-fights-en-martes-de-cafe-de-wbc\/\"]}]},{\"@type\":\"ImageObject\",\"inLanguage\":\"es\",\"@id\":\"https:\/\/esbozodeportivo.com\/index.php\/2025\/03\/28\/neza-fights-en-martes-de-cafe-de-wbc\/#primaryimage\",\"url\":\"https:\/\/esbozodeportivo.com\/wp-content\/uploads\/2025\/03\/Boxeo-femenil.jpg\",\"contentUrl\":\"https:\/\/esbozodeportivo.com\/wp-content\/uploads\/2025\/03\/Boxeo-femenil.jpg\",\"width\":1067,\"height\":1600},{\"@type\":\"BreadcrumbList\",\"@id\":\"https:\/\/esbozodeportivo.com\/index.php\/2025\/03\/28\/neza-fights-en-martes-de-cafe-de-wbc\/#breadcrumb\",\"itemListElement\":[{\"@type\":\"ListItem\",\"position\":1,\"name\":\"Inicio\",\"item\":\"https:\/\/esbozodeportivo.com\/\"},{\"@type\":\"ListItem\",\"position\":2,\"name\":\"Neza Fights en \u201cMartes de caf\u00e9\u201d de WBC\"}]},{\"@type\":\"WebSite\",\"@id\":\"https:\/\/esbozodeportivo.com\/#website\",\"url\":\"https:\/\/esbozodeportivo.com\/\",\"name\":\"Esbozo Deportivo\",\"description\":\"Lo m\u00e1s importante del Deporte\",\"publisher\":{\"@id\":\"https:\/\/esbozodeportivo.com\/#organization\"},\"potentialAction\":[{\"@type\":\"SearchAction\",\"target\":{\"@type\":\"EntryPoint\",\"urlTemplate\":\"https:\/\/esbozodeportivo.com\/?s={search_term_string}\"},\"query-input\":{\"@type\":\"PropertyValueSpecification\",\"valueRequired\":true,\"valueName\":\"search_term_string\"}}],\"inLanguage\":\"es\"},{\"@type\":\"Organization\",\"@id\":\"https:\/\/esbozodeportivo.com\/#organization\",\"name\":\"Esbozo Deportivo\",\"url\":\"https:\/\/esbozodeportivo.com\/\",\"logo\":{\"@type\":\"ImageObject\",\"inLanguage\":\"es\",\"@id\":\"https:\/\/esbozodeportivo.com\/#\/schema\/logo\/image\/\",\"url\":\"https:\/\/esbozodeportivo.com\/wp-content\/uploads\/2022\/08\/cropped-Logo-Esbozo-Web-2.png\",\"contentUrl\":\"https:\/\/esbozodeportivo.com\/wp-content\/uploads\/2022\/08\/cropped-Logo-Esbozo-Web-2.png\",\"width\":180,\"height\":50,\"caption\":\"Esbozo Deportivo\"},\"image\":{\"@id\":\"https:\/\/esbozodeportivo.com\/#\/schema\/logo\/image\/\"}},{\"@type\":\"Person\",\"@id\":\"https:\/\/esbozodeportivo.com\/#\/schema\/person\/0f6df9196dfe6740dd0bb31bae50d374\",\"name\":\"Redacci\u00f3n\",\"image\":{\"@type\":\"ImageObject\",\"inLanguage\":\"es\",\"@id\":\"https:\/\/esbozodeportivo.com\/#\/schema\/person\/image\/\",\"url\":\"https:\/\/secure.gravatar.com\/avatar\/f55268a89c3b418f2ef172ff52ab0d09b3e653c58de29539fe329fb93d78ebf3?s=96&d=mm&r=g\",\"contentUrl\":\"https:\/\/secure.gravatar.com\/avatar\/f55268a89c3b418f2ef172ff52ab0d09b3e653c58de29539fe329fb93d78ebf3?s=96&d=mm&r=g\",\"caption\":\"Redacci\u00f3n\"},\"url\":\"https:\/\/esbozodeportivo.com\/index.php\/author\/redaccion\/\"}]}<\/script>\n<!-- \/ Yoast SEO plugin. -->","yoast_head_json":{"title":"Neza Fights en \u201cMartes de caf\u00e9\u201d de WBC - Esbozo Deportivo","description":"Esmeralda Falc\u00f3n apenas realizar\u00e1 su tercera pelea como pugilista profesional este viernes 28 de marzo, en la estelar de la funci\u00f3n \u201cNeza Fights\u201d en Nezahualc\u00f3yotl, Estado de M\u00e9xico, y a pesar de que su carrera es naciente tiene todo el potencial para ser campeona del mundo.","robots":{"index":"index","follow":"follow","max-snippet":"max-snippet:-1","max-image-preview":"max-image-preview:large","max-video-preview":"max-video-preview:-1"},"canonical":"https:\/\/esbozodeportivo.com\/index.php\/2025\/03\/28\/neza-fights-en-martes-de-cafe-de-wbc\/","og_locale":"es_MX","og_type":"article","og_title":"Neza Fights en \u201cMartes de caf\u00e9\u201d de WBC - Esbozo Deportivo","og_description":"Esmeralda Falc\u00f3n apenas realizar\u00e1 su tercera pelea como pugilista profesional este viernes 28 de marzo, en la estelar de la funci\u00f3n \u201cNeza Fights\u201d en Nezahualc\u00f3yotl, Estado de M\u00e9xico, y a pesar de que su carrera es naciente tiene todo el potencial para ser campeona del mundo.","og_url":"https:\/\/esbozodeportivo.com\/index.php\/2025\/03\/28\/neza-fights-en-martes-de-cafe-de-wbc\/","og_site_name":"Esbozo Deportivo","article_published_time":"2025-03-29T03:18:17+00:00","article_modified_time":"2025-03-29T03:18:18+00:00","og_image":[{"width":1067,"height":1600,"url":"https:\/\/esbozodeportivo.com\/wp-content\/uploads\/2025\/03\/Boxeo-femenil.jpg","type":"image\/jpeg"}],"author":"Redacci\u00f3n","twitter_card":"summary_large_image","twitter_misc":{"Escrito por":"Redacci\u00f3n","Tiempo de lectura":"2 minutos"},"schema":{"@context":"https:\/\/schema.org","@graph":[{"@type":"Article","@id":"https:\/\/esbozodeportivo.com\/index.php\/2025\/03\/28\/neza-fights-en-martes-de-cafe-de-wbc\/#article","isPartOf":{"@id":"https:\/\/esbozodeportivo.com\/index.php\/2025\/03\/28\/neza-fights-en-martes-de-cafe-de-wbc\/"},"author":{"name":"Redacci\u00f3n","@id":"https:\/\/esbozodeportivo.com\/#\/schema\/person\/0f6df9196dfe6740dd0bb31bae50d374"},"headline":"Neza Fights en \u201cMartes de caf\u00e9\u201d de WBC","datePublished":"2025-03-29T03:18:17+00:00","dateModified":"2025-03-29T03:18:18+00:00","mainEntityOfPage":{"@id":"https:\/\/esbozodeportivo.com\/index.php\/2025\/03\/28\/neza-fights-en-martes-de-cafe-de-wbc\/"},"wordCount":330,"publisher":{"@id":"https:\/\/esbozodeportivo.com\/#organization"},"image":{"@id":"https:\/\/esbozodeportivo.com\/index.php\/2025\/03\/28\/neza-fights-en-martes-de-cafe-de-wbc\/#primaryimage"},"thumbnailUrl":"https:\/\/esbozodeportivo.com\/wp-content\/uploads\/2025\/03\/Boxeo-femenil.jpg","articleSection":["Box"],"inLanguage":"es"},{"@type":"WebPage","@id":"https:\/\/esbozodeportivo.com\/index.php\/2025\/03\/28\/neza-fights-en-martes-de-cafe-de-wbc\/","url":"https:\/\/esbozodeportivo.com\/index.php\/2025\/03\/28\/neza-fights-en-martes-de-cafe-de-wbc\/","name":"Neza Fights en \u201cMartes de caf\u00e9\u201d de WBC - Esbozo Deportivo","isPartOf":{"@id":"https:\/\/esbozodeportivo.com\/#website"},"primaryImageOfPage":{"@id":"https:\/\/esbozodeportivo.com\/index.php\/2025\/03\/28\/neza-fights-en-martes-de-cafe-de-wbc\/#primaryimage"},"image":{"@id":"https:\/\/esbozodeportivo.com\/index.php\/2025\/03\/28\/neza-fights-en-martes-de-cafe-de-wbc\/#primaryimage"},"thumbnailUrl":"https:\/\/esbozodeportivo.com\/wp-content\/uploads\/2025\/03\/Boxeo-femenil.jpg","datePublished":"2025-03-29T03:18:17+00:00","dateModified":"2025-03-29T03:18:18+00:00","description":"Esmeralda Falc\u00f3n apenas realizar\u00e1 su tercera pelea como pugilista profesional este viernes 28 de marzo, en la estelar de la funci\u00f3n \u201cNeza Fights\u201d en Nezahualc\u00f3yotl, Estado de M\u00e9xico, y a pesar de que su carrera es naciente tiene todo el potencial para ser campeona del mundo.","breadcrumb":{"@id":"https:\/\/esbozodeportivo.com\/index.php\/2025\/03\/28\/neza-fights-en-martes-de-cafe-de-wbc\/#breadcrumb"},"inLanguage":"es","potentialAction":[{"@type":"ReadAction","target":["https:\/\/esbozodeportivo.com\/index.php\/2025\/03\/28\/neza-fights-en-martes-de-cafe-de-wbc\/"]}]},{"@type":"ImageObject","inLanguage":"es","@id":"https:\/\/esbozodeportivo.com\/index.php\/2025\/03\/28\/neza-fights-en-martes-de-cafe-de-wbc\/#primaryimage","url":"https:\/\/esbozodeportivo.com\/wp-content\/uploads\/2025\/03\/Boxeo-femenil.jpg","contentUrl":"https:\/\/esbozodeportivo.com\/wp-content\/uploads\/2025\/03\/Boxeo-femenil.jpg","width":1067,"height":1600},{"@type":"BreadcrumbList","@id":"https:\/\/esbozodeportivo.com\/index.php\/2025\/03\/28\/neza-fights-en-martes-de-cafe-de-wbc\/#breadcrumb","itemListElement":[{"@type":"ListItem","position":1,"name":"Inicio","item":"https:\/\/esbozodeportivo.com\/"},{"@type":"ListItem","position":2,"name":"Neza Fights en \u201cMartes de caf\u00e9\u201d de WBC"}]},{"@type":"WebSite","@id":"https:\/\/esbozodeportivo.com\/#website","url":"https:\/\/esbozodeportivo.com\/","name":"Esbozo Deportivo","description":"Lo m\u00e1s importante del Deporte","publisher":{"@id":"https:\/\/esbozodeportivo.com\/#organization"},"potentialAction":[{"@type":"SearchAction","target":{"@type":"EntryPoint","urlTemplate":"https:\/\/esbozodeportivo.com\/?s={search_term_string}"},"query-input":{"@type":"PropertyValueSpecification","valueRequired":true,"valueName":"search_term_string"}}],"inLanguage":"es"},{"@type":"Organization","@id":"https:\/\/esbozodeportivo.com\/#organization","name":"Esbozo Deportivo","url":"https:\/\/esbozodeportivo.com\/","logo":{"@type":"ImageObject","inLanguage":"es","@id":"https:\/\/esbozodeportivo.com\/#\/schema\/logo\/image\/","url":"https:\/\/esbozodeportivo.com\/wp-content\/uploads\/2022\/08\/cropped-Logo-Esbozo-Web-2.png","contentUrl":"https:\/\/esbozodeportivo.com\/wp-content\/uploads\/2022\/08\/cropped-Logo-Esbozo-Web-2.png","width":180,"height":50,"caption":"Esbozo Deportivo"},"image":{"@id":"https:\/\/esbozodeportivo.com\/#\/schema\/logo\/image\/"}},{"@type":"Person","@id":"https:\/\/esbozodeportivo.com\/#\/schema\/person\/0f6df9196dfe6740dd0bb31bae50d374","name":"Redacci\u00f3n","image":{"@type":"ImageObject","inLanguage":"es","@id":"https:\/\/esbozodeportivo.com\/#\/schema\/person\/image\/","url":"https:\/\/secure.gravatar.com\/avatar\/f55268a89c3b418f2ef172ff52ab0d09b3e653c58de29539fe329fb93d78ebf3?s=96&d=mm&r=g","contentUrl":"https:\/\/secure.gravatar.com\/avatar\/f55268a89c3b418f2ef172ff52ab0d09b3e653c58de29539fe329fb93d78ebf3?s=96&d=mm&r=g","caption":"Redacci\u00f3n"},"url":"https:\/\/esbozodeportivo.com\/index.php\/author\/redaccion\/"}]}},"jetpack_featured_media_url":"https:\/\/esbozodeportivo.com\/wp-content\/uploads\/2025\/03\/Boxeo-femenil.jpg","jetpack_sharing_enabled":true,"_links":{"self":[{"href":"https:\/\/esbozodeportivo.com\/index.php\/wp-json\/wp\/v2\/posts\/6616","targetHints":{"allow":["GET"]}}],"collection":[{"href":"https:\/\/esbozodeportivo.com\/index.php\/wp-json\/wp\/v2\/posts"}],"about":[{"href":"https:\/\/esbozodeportivo.com\/index.php\/wp-json\/wp\/v2\/types\/post"}],"author":[{"embeddable":true,"href":"https:\/\/esbozodeportivo.com\/index.php\/wp-json\/wp\/v2\/users\/4"}],"replies":[{"embeddable":true,"href":"https:\/\/esbozodeportivo.com\/index.php\/wp-json\/wp\/v2\/comments?post=6616"}],"version-history":[{"count":1,"href":"https:\/\/esbozodeportivo.com\/index.php\/wp-json\/wp\/v2\/posts\/6616\/revisions"}],"predecessor-version":[{"id":6619,"href":"https:\/\/esbozodeportivo.com\/index.php\/wp-json\/wp\/v2\/posts\/6616\/revisions\/6619"}],"wp:featuredmedia":[{"embeddable":true,"href":"https:\/\/esbozodeportivo.com\/index.php\/wp-json\/wp\/v2\/media\/6617"}],"wp:attachment":[{"href":"https:\/\/esbozodeportivo.com\/index.php\/wp-json\/wp\/v2\/media?parent=6616"}],"wp:term":[{"taxonomy":"category","embeddable":true,"href":"https:\/\/esbozodeportivo.com\/index.php\/wp-json\/wp\/v2\/categories?post=6616"},{"taxonomy":"post_tag","embeddable":true,"href":"https:\/\/esbozodeportivo.com\/index.php\/wp-json\/wp\/v2\/tags?post=6616"}],"curies":[{"name":"wp","href":"https:\/\/api.w.org\/{rel}","templated":true}]}}