{"id":6646,"date":"2025-03-29T22:28:54","date_gmt":"2025-03-30T04:28:54","guid":{"rendered":"https:\/\/esbozodeportivo.com\/?p=6646"},"modified":"2025-03-29T22:39:48","modified_gmt":"2025-03-30T04:39:48","slug":"rinde-homenaje-a-alejandro-morales-y-leonardo-lino-en-la-entrega-del-casco-de-oro-de-la-liga-mayor-2024","status":"publish","type":"post","link":"https:\/\/esbozodeportivo.com\/index.php\/2025\/03\/29\/rinde-homenaje-a-alejandro-morales-y-leonardo-lino-en-la-entrega-del-casco-de-oro-de-la-liga-mayor-2024\/","title":{"rendered":"Alejandro Morales y\u00a0 Leonardo Lino, reciben homenaje en la entrega del Casco de Oro de la Liga Mayor 2024"},"content":{"rendered":"\n<p><strong>Por Javier de la Cruz (Fotos y Texto)\u00a0<\/strong><\/p>\n\n\n\n<p>Este d\u00eda se llev\u00f3 a cabo la entrega del <strong>Casco de Oro<\/strong> a lo mejor de la temporada de <strong>Liga Mayor 2024<\/strong> de la <strong>ONEFA<\/strong>, en las instalaciones del <strong>Sal\u00f3n&nbsp; de la Fama del FBA<\/strong>, campo de los <strong>B\u00fafalos<\/strong>, Santa Cruz Azcapotzaltongo, el evento estuvo encabezado por los directivos del Sal\u00f3n, <strong>Jos\u00e9 Guzm\u00e1n Vera<\/strong> y <strong>Sergio Baz Ferreira<\/strong>. En donde tambi\u00e9n se rindi\u00f3 un emotivo acto a la memoria de <strong>Alejandro Morales Troncoso<\/strong> (<strong>El Canario<\/strong>) fallecido en el 2024 y <strong>Leonardo Lino<\/strong>, quien muri\u00f3 a principios de marzo.<\/p>\n\n\n\n<p><strong>Sergio Baz Ferreira<\/strong>, dio la bienvenida a los asistentes y galardonados de la tarde&nbsp; y dijo que el club <strong>B\u00fafalos<\/strong> cumple <strong>52 a\u00f1os<\/strong> de hacer historia y de integrar familias. Tambi\u00e9n record\u00f3 a <strong>Alejandro Morales<\/strong>, como uno de los fundadores de crear el <strong>Sal\u00f3n de la Fama<\/strong>, adem\u00e1s de mencionar al coach Leonardo Lino, como un gran entrenador, al tiempo de pedir un minuto de aplausos para ambos, entre los asistentes estuvo presente la viuda de <strong>Lino<\/strong>.<\/p>\n\n\n\n<figure class=\"wp-block-image size-large\"><img loading=\"lazy\" decoding=\"async\" width=\"1024\" height=\"575\" src=\"https:\/\/esbozodeportivo.com\/wp-content\/uploads\/2025\/03\/DSC06769-1024x575.jpg\" alt=\"\" class=\"wp-image-6659\" srcset=\"https:\/\/esbozodeportivo.com\/wp-content\/uploads\/2025\/03\/DSC06769-1024x575.jpg 1024w, https:\/\/esbozodeportivo.com\/wp-content\/uploads\/2025\/03\/DSC06769-300x168.jpg 300w, https:\/\/esbozodeportivo.com\/wp-content\/uploads\/2025\/03\/DSC06769-768x431.jpg 768w, https:\/\/esbozodeportivo.com\/wp-content\/uploads\/2025\/03\/DSC06769-1536x863.jpg 1536w, https:\/\/esbozodeportivo.com\/wp-content\/uploads\/2025\/03\/DSC06769-2048x1150.jpg 2048w\" sizes=\"auto, (max-width: 1024px) 100vw, 1024px\" \/><\/figure>\n\n\n\n<p><strong>La Premiaci\u00f3n<\/strong><\/p>\n\n\n\n<p>Entre los destacados de recibir el <strong>Casco de Oro<\/strong> estuvieron el quarterback n\u00famero 15, del ITESM Campus Monterrey, <strong>Fernando Sarabia Rodr\u00edguez<\/strong>, quien recibi\u00f3 dos Casco de Oro, como mejor quarterback y mejor jugador del a\u00f1o 2024.<\/p>\n\n\n\n<p><strong>Fernando Von Rossum<\/strong>, por su trayectoria period\u00edstica en el Fubol Americano<\/p>\n\n\n\n<p><strong>Jugadores y Entrenadores<\/strong><\/p>\n\n\n\n<p><strong>Jos\u00e9 Alberto Madriz<\/strong> de \u00c1guilas Blancas IPN, <strong>(Liniero Defensivo del a\u00f1o)<\/strong>; <strong>Jahdiel Ponce Hern\u00e1ndez<\/strong> de Pumas C.U<strong>.,(Ofensivo del a\u00f1o y Novato del a\u00f1o<\/strong>); <strong>Emilio Lozada del Olmo<\/strong> de Borregos del Tec Campus Puebla, <strong>(Receptor del a\u00f1o)<\/strong>; <strong>Luis Antonio Cervantes Ram\u00edrez<\/strong> de Zorros Cetys Tijuana<strong>, (Coach del a\u00f1o)<\/strong>; <strong>Alfonso Cruz P\u00e9rez<\/strong> de Borregos Tec Monterrey, <strong>(Defensivo del a\u00f1o);<\/strong> <strong>Abraham Chac\u00f3n<\/strong> Orta de Burros Blancos, <strong>(Estudiante del a\u00f1o);<\/strong> <strong>Juan Acosta Miller <\/strong>de Aztecas UDLA, <strong>(Campe\u00f3n Anotador del a\u00f1o)<\/strong>; <strong>Reynaldo Blanco Palomo<\/strong> de Borregos Tec Monterrey, <strong>(Especialista del a\u00f1o<\/strong>); <strong>Steve Zambrano Garc\u00eda <\/strong>de Borregos Tec Monterrey, <strong>(Liniero Ofensivo del a\u00f1o)<\/strong> y <strong>Carlos Altamirano Ch\u00e1vez<\/strong> de Borregos Tec Monterrey, <strong>(Coach del a\u00f1o).<\/strong><\/p>\n\n\n\n<figure class=\"wp-block-image size-large\"><img loading=\"lazy\" decoding=\"async\" width=\"1024\" height=\"713\" src=\"https:\/\/esbozodeportivo.com\/wp-content\/uploads\/2025\/03\/DSC06813-1024x713.jpg\" alt=\"\" class=\"wp-image-6652\" srcset=\"https:\/\/esbozodeportivo.com\/wp-content\/uploads\/2025\/03\/DSC06813-1024x713.jpg 1024w, https:\/\/esbozodeportivo.com\/wp-content\/uploads\/2025\/03\/DSC06813-300x209.jpg 300w, https:\/\/esbozodeportivo.com\/wp-content\/uploads\/2025\/03\/DSC06813-768x535.jpg 768w, https:\/\/esbozodeportivo.com\/wp-content\/uploads\/2025\/03\/DSC06813-1536x1070.jpg 1536w, https:\/\/esbozodeportivo.com\/wp-content\/uploads\/2025\/03\/DSC06813-2048x1426.jpg 2048w, https:\/\/esbozodeportivo.com\/wp-content\/uploads\/2025\/03\/DSC06813-825x575.jpg 825w, https:\/\/esbozodeportivo.com\/wp-content\/uploads\/2025\/03\/DSC06813-590x410.jpg 590w\" sizes=\"auto, (max-width: 1024px) 100vw, 1024px\" \/><\/figure>\n\n\n\n<p><strong>Personalidades, Funcionarios y Ex jugadores<\/strong><\/p>\n\n\n\n<p><strong>Edmundo Rubio Guerrero<\/strong> de Asociacion Cofach, <strong>(\u00c1rbitro del a\u00f1o);<\/strong> <strong>Dr. Gonzalo V\u00e1zquez de la Reguera<\/strong> de la UNAM, <strong>(Profesionista del a\u00f1o);<\/strong> <strong>Carlos Herrera \u00c1lvarez de la Reguera<\/strong> de CET, <strong>(Promotor del a\u00f1o);<\/strong> <strong>V\u00edctor Manuel P\u00e9rez Ocampo<\/strong> Periodista y escritor, <strong>(Periodista del a\u00f1o)<\/strong> y <strong>Gerardo Mata \u00c1lvarez<\/strong>, de Grupo Azinsa, <strong>(Empresario del A\u00f1o)<\/strong>.<\/p>\n\n\n\n<figure class=\"wp-block-image size-large\"><img loading=\"lazy\" decoding=\"async\" width=\"1024\" height=\"575\" src=\"https:\/\/esbozodeportivo.com\/wp-content\/uploads\/2025\/03\/DSC06729-1024x575.jpg\" alt=\"\" class=\"wp-image-6661\" srcset=\"https:\/\/esbozodeportivo.com\/wp-content\/uploads\/2025\/03\/DSC06729-1024x575.jpg 1024w, https:\/\/esbozodeportivo.com\/wp-content\/uploads\/2025\/03\/DSC06729-300x168.jpg 300w, https:\/\/esbozodeportivo.com\/wp-content\/uploads\/2025\/03\/DSC06729-768x431.jpg 768w, https:\/\/esbozodeportivo.com\/wp-content\/uploads\/2025\/03\/DSC06729-1536x863.jpg 1536w, https:\/\/esbozodeportivo.com\/wp-content\/uploads\/2025\/03\/DSC06729-2048x1150.jpg 2048w\" sizes=\"auto, (max-width: 1024px) 100vw, 1024px\" \/><\/figure>\n\n\n\n<figure class=\"wp-block-image size-large\"><img loading=\"lazy\" decoding=\"async\" width=\"1024\" height=\"575\" src=\"https:\/\/esbozodeportivo.com\/wp-content\/uploads\/2025\/03\/DSC06745-1024x575.jpg\" alt=\"\" class=\"wp-image-6660\" srcset=\"https:\/\/esbozodeportivo.com\/wp-content\/uploads\/2025\/03\/DSC06745-1024x575.jpg 1024w, https:\/\/esbozodeportivo.com\/wp-content\/uploads\/2025\/03\/DSC06745-300x168.jpg 300w, https:\/\/esbozodeportivo.com\/wp-content\/uploads\/2025\/03\/DSC06745-768x431.jpg 768w, https:\/\/esbozodeportivo.com\/wp-content\/uploads\/2025\/03\/DSC06745-1536x863.jpg 1536w, https:\/\/esbozodeportivo.com\/wp-content\/uploads\/2025\/03\/DSC06745-2048x1150.jpg 2048w\" sizes=\"auto, (max-width: 1024px) 100vw, 1024px\" \/><\/figure>\n\n\n\n<figure class=\"wp-block-image size-large\"><img loading=\"lazy\" decoding=\"async\" width=\"1024\" height=\"575\" src=\"https:\/\/esbozodeportivo.com\/wp-content\/uploads\/2025\/03\/DSC06840-1024x575.jpg\" alt=\"\" class=\"wp-image-6654\" srcset=\"https:\/\/esbozodeportivo.com\/wp-content\/uploads\/2025\/03\/DSC06840-1024x575.jpg 1024w, https:\/\/esbozodeportivo.com\/wp-content\/uploads\/2025\/03\/DSC06840-300x168.jpg 300w, https:\/\/esbozodeportivo.com\/wp-content\/uploads\/2025\/03\/DSC06840-768x431.jpg 768w, https:\/\/esbozodeportivo.com\/wp-content\/uploads\/2025\/03\/DSC06840-1536x863.jpg 1536w, https:\/\/esbozodeportivo.com\/wp-content\/uploads\/2025\/03\/DSC06840-2048x1150.jpg 2048w\" sizes=\"auto, (max-width: 1024px) 100vw, 1024px\" \/><\/figure>\n\n\n\n<figure class=\"wp-block-image size-large\"><img loading=\"lazy\" decoding=\"async\" width=\"1024\" height=\"656\" src=\"https:\/\/esbozodeportivo.com\/wp-content\/uploads\/2025\/03\/DSC06834-1024x656.jpg\" alt=\"\" class=\"wp-image-6653\" srcset=\"https:\/\/esbozodeportivo.com\/wp-content\/uploads\/2025\/03\/DSC06834-1024x656.jpg 1024w, https:\/\/esbozodeportivo.com\/wp-content\/uploads\/2025\/03\/DSC06834-300x192.jpg 300w, https:\/\/esbozodeportivo.com\/wp-content\/uploads\/2025\/03\/DSC06834-768x492.jpg 768w, https:\/\/esbozodeportivo.com\/wp-content\/uploads\/2025\/03\/DSC06834-1536x984.jpg 1536w, https:\/\/esbozodeportivo.com\/wp-content\/uploads\/2025\/03\/DSC06834-2048x1312.jpg 2048w\" sizes=\"auto, (max-width: 1024px) 100vw, 1024px\" \/><\/figure>\n\n\n\n<figure class=\"wp-block-image size-large\"><img loading=\"lazy\" decoding=\"async\" width=\"1024\" height=\"575\" src=\"https:\/\/esbozodeportivo.com\/wp-content\/uploads\/2025\/03\/DSC06805-1024x575.jpg\" alt=\"\" class=\"wp-image-6651\" srcset=\"https:\/\/esbozodeportivo.com\/wp-content\/uploads\/2025\/03\/DSC06805-1024x575.jpg 1024w, https:\/\/esbozodeportivo.com\/wp-content\/uploads\/2025\/03\/DSC06805-300x168.jpg 300w, https:\/\/esbozodeportivo.com\/wp-content\/uploads\/2025\/03\/DSC06805-768x431.jpg 768w, https:\/\/esbozodeportivo.com\/wp-content\/uploads\/2025\/03\/DSC06805-1536x863.jpg 1536w, https:\/\/esbozodeportivo.com\/wp-content\/uploads\/2025\/03\/DSC06805-2048x1150.jpg 2048w\" sizes=\"auto, (max-width: 1024px) 100vw, 1024px\" \/><\/figure>\n\n\n\n<figure class=\"wp-block-image size-large\"><img loading=\"lazy\" decoding=\"async\" width=\"1024\" height=\"575\" src=\"https:\/\/esbozodeportivo.com\/wp-content\/uploads\/2025\/03\/DSC06659-1024x575.jpg\" alt=\"\" class=\"wp-image-6647\" srcset=\"https:\/\/esbozodeportivo.com\/wp-content\/uploads\/2025\/03\/DSC06659-1024x575.jpg 1024w, https:\/\/esbozodeportivo.com\/wp-content\/uploads\/2025\/03\/DSC06659-300x168.jpg 300w, https:\/\/esbozodeportivo.com\/wp-content\/uploads\/2025\/03\/DSC06659-768x431.jpg 768w, https:\/\/esbozodeportivo.com\/wp-content\/uploads\/2025\/03\/DSC06659-1536x863.jpg 1536w, https:\/\/esbozodeportivo.com\/wp-content\/uploads\/2025\/03\/DSC06659-2048x1150.jpg 2048w\" sizes=\"auto, (max-width: 1024px) 100vw, 1024px\" \/><\/figure>\n\n\n\n<figure class=\"wp-block-image size-large\"><img loading=\"lazy\" decoding=\"async\" width=\"1024\" height=\"575\" src=\"https:\/\/esbozodeportivo.com\/wp-content\/uploads\/2025\/03\/DSC06721-1024x575.jpg\" alt=\"\" class=\"wp-image-6648\" srcset=\"https:\/\/esbozodeportivo.com\/wp-content\/uploads\/2025\/03\/DSC06721-1024x575.jpg 1024w, https:\/\/esbozodeportivo.com\/wp-content\/uploads\/2025\/03\/DSC06721-300x168.jpg 300w, https:\/\/esbozodeportivo.com\/wp-content\/uploads\/2025\/03\/DSC06721-768x431.jpg 768w, https:\/\/esbozodeportivo.com\/wp-content\/uploads\/2025\/03\/DSC06721-1536x863.jpg 1536w, https:\/\/esbozodeportivo.com\/wp-content\/uploads\/2025\/03\/DSC06721-2048x1150.jpg 2048w\" sizes=\"auto, (max-width: 1024px) 100vw, 1024px\" \/><\/figure>\n\n\n\n<figure class=\"wp-block-image size-large\"><img loading=\"lazy\" decoding=\"async\" width=\"1024\" height=\"609\" src=\"https:\/\/esbozodeportivo.com\/wp-content\/uploads\/2025\/03\/DSC06800-1024x609.jpg\" alt=\"\" class=\"wp-image-6650\" srcset=\"https:\/\/esbozodeportivo.com\/wp-content\/uploads\/2025\/03\/DSC06800-1024x609.jpg 1024w, https:\/\/esbozodeportivo.com\/wp-content\/uploads\/2025\/03\/DSC06800-300x178.jpg 300w, https:\/\/esbozodeportivo.com\/wp-content\/uploads\/2025\/03\/DSC06800-768x457.jpg 768w, https:\/\/esbozodeportivo.com\/wp-content\/uploads\/2025\/03\/DSC06800-1536x914.jpg 1536w, https:\/\/esbozodeportivo.com\/wp-content\/uploads\/2025\/03\/DSC06800-2048x1218.jpg 2048w\" sizes=\"auto, (max-width: 1024px) 100vw, 1024px\" \/><\/figure>\n","protected":false},"excerpt":{"rendered":"<p>Por Javier de la Cruz (Fotos y Texto)\u00a0 Este d\u00eda se llev\u00f3 a cabo la<\/p>\n","protected":false},"author":2,"featured_media":6655,"comment_status":"closed","ping_status":"open","sticky":false,"template":"","format":"standard","meta":{"_jetpack_memberships_contains_paid_content":false,"footnotes":""},"categories":[67],"tags":[],"class_list":["post-6646","post","type-post","status-publish","format-standard","has-post-thumbnail","hentry","category-futbol-americano"],"yoast_head":"<!-- This site is optimized with the Yoast SEO plugin v25.7 - https:\/\/yoast.com\/wordpress\/plugins\/seo\/ -->\n<title>Alejandro Morales y\u00a0 Leonardo Lino, reciben homenaje en la entrega del Casco de Oro de la Liga Mayor 2024 - Esbozo Deportivo<\/title>\n<meta name=\"description\" content=\"Este d\u00eda se llev\u00f3 a cabo la entrega del Casco de Oro a lo mejor de la temporada de Liga Mayor 2024 de la ONEFA, en las instalaciones del Sal\u00f3n\u00a0 de la Fama del FBA, campo de los B\u00fafalos, Santa Cruz Azcapotzaltongo, el evento estuvo encabezado por los directivos del Sal\u00f3n, Jos\u00e9 Guzm\u00e1n Vera y Sergio Baz Ferreira. En donde tambi\u00e9n se rindi\u00f3 un emotivo acto a la memoria de Alejandro Morales Troncoso (El Canario) fallecido en el 2024 y Leonardo Lino, quien muri\u00f3 a principios de marzo.Sergio Baz Ferreira, dio la bienvenida a los asistentes y galardon\" \/>\n<meta name=\"robots\" content=\"index, follow, max-snippet:-1, max-image-preview:large, max-video-preview:-1\" \/>\n<link rel=\"canonical\" href=\"https:\/\/esbozodeportivo.com\/index.php\/2025\/03\/29\/rinde-homenaje-a-alejandro-morales-y-leonardo-lino-en-la-entrega-del-casco-de-oro-de-la-liga-mayor-2024\/\" \/>\n<meta property=\"og:locale\" content=\"es_MX\" \/>\n<meta property=\"og:type\" content=\"article\" \/>\n<meta property=\"og:title\" content=\"Alejandro Morales y\u00a0 Leonardo Lino, reciben homenaje en la entrega del Casco de Oro de la Liga Mayor 2024 - Esbozo Deportivo\" \/>\n<meta property=\"og:description\" content=\"Este d\u00eda se llev\u00f3 a cabo la entrega del Casco de Oro a lo mejor de la temporada de Liga Mayor 2024 de la ONEFA, en las instalaciones del Sal\u00f3n\u00a0 de la Fama del FBA, campo de los B\u00fafalos, Santa Cruz Azcapotzaltongo, el evento estuvo encabezado por los directivos del Sal\u00f3n, Jos\u00e9 Guzm\u00e1n Vera y Sergio Baz Ferreira. En donde tambi\u00e9n se rindi\u00f3 un emotivo acto a la memoria de Alejandro Morales Troncoso (El Canario) fallecido en el 2024 y Leonardo Lino, quien muri\u00f3 a principios de marzo.Sergio Baz Ferreira, dio la bienvenida a los asistentes y galardon\" \/>\n<meta property=\"og:url\" content=\"https:\/\/esbozodeportivo.com\/index.php\/2025\/03\/29\/rinde-homenaje-a-alejandro-morales-y-leonardo-lino-en-la-entrega-del-casco-de-oro-de-la-liga-mayor-2024\/\" \/>\n<meta property=\"og:site_name\" content=\"Esbozo Deportivo\" \/>\n<meta property=\"article:published_time\" content=\"2025-03-30T04:28:54+00:00\" \/>\n<meta property=\"article:modified_time\" content=\"2025-03-30T04:39:48+00:00\" \/>\n<meta property=\"og:image\" content=\"https:\/\/esbozodeportivo.com\/wp-content\/uploads\/2025\/03\/DSC06862-scaled.jpg\" \/>\n\t<meta property=\"og:image:width\" content=\"2560\" \/>\n\t<meta property=\"og:image:height\" content=\"1438\" \/>\n\t<meta property=\"og:image:type\" content=\"image\/jpeg\" \/>\n<meta name=\"author\" content=\"Javier De La Cruz\" \/>\n<meta name=\"twitter:card\" content=\"summary_large_image\" \/>\n<meta name=\"twitter:label1\" content=\"Escrito por\" \/>\n\t<meta name=\"twitter:data1\" content=\"Javier De La Cruz\" \/>\n\t<meta name=\"twitter:label2\" content=\"Tiempo de lectura\" \/>\n\t<meta name=\"twitter:data2\" content=\"4 minutos\" \/>\n<script type=\"application\/ld+json\" class=\"yoast-schema-graph\">{\"@context\":\"https:\/\/schema.org\",\"@graph\":[{\"@type\":\"Article\",\"@id\":\"https:\/\/esbozodeportivo.com\/index.php\/2025\/03\/29\/rinde-homenaje-a-alejandro-morales-y-leonardo-lino-en-la-entrega-del-casco-de-oro-de-la-liga-mayor-2024\/#article\",\"isPartOf\":{\"@id\":\"https:\/\/esbozodeportivo.com\/index.php\/2025\/03\/29\/rinde-homenaje-a-alejandro-morales-y-leonardo-lino-en-la-entrega-del-casco-de-oro-de-la-liga-mayor-2024\/\"},\"author\":{\"name\":\"Javier De La Cruz\",\"@id\":\"https:\/\/esbozodeportivo.com\/#\/schema\/person\/7277119c98823aec37bbb84e125efd44\"},\"headline\":\"Alejandro Morales y\u00a0 Leonardo Lino, reciben homenaje en la entrega del Casco de Oro de la Liga Mayor 2024\",\"datePublished\":\"2025-03-30T04:28:54+00:00\",\"dateModified\":\"2025-03-30T04:39:48+00:00\",\"mainEntityOfPage\":{\"@id\":\"https:\/\/esbozodeportivo.com\/index.php\/2025\/03\/29\/rinde-homenaje-a-alejandro-morales-y-leonardo-lino-en-la-entrega-del-casco-de-oro-de-la-liga-mayor-2024\/\"},\"wordCount\":449,\"publisher\":{\"@id\":\"https:\/\/esbozodeportivo.com\/#organization\"},\"image\":{\"@id\":\"https:\/\/esbozodeportivo.com\/index.php\/2025\/03\/29\/rinde-homenaje-a-alejandro-morales-y-leonardo-lino-en-la-entrega-del-casco-de-oro-de-la-liga-mayor-2024\/#primaryimage\"},\"thumbnailUrl\":\"https:\/\/esbozodeportivo.com\/wp-content\/uploads\/2025\/03\/DSC06862-scaled.jpg\",\"articleSection\":[\"Futbol Americano\"],\"inLanguage\":\"es\"},{\"@type\":\"WebPage\",\"@id\":\"https:\/\/esbozodeportivo.com\/index.php\/2025\/03\/29\/rinde-homenaje-a-alejandro-morales-y-leonardo-lino-en-la-entrega-del-casco-de-oro-de-la-liga-mayor-2024\/\",\"url\":\"https:\/\/esbozodeportivo.com\/index.php\/2025\/03\/29\/rinde-homenaje-a-alejandro-morales-y-leonardo-lino-en-la-entrega-del-casco-de-oro-de-la-liga-mayor-2024\/\",\"name\":\"Alejandro Morales y\u00a0 Leonardo Lino, reciben homenaje en la entrega del Casco de Oro de la Liga Mayor 2024 - Esbozo Deportivo\",\"isPartOf\":{\"@id\":\"https:\/\/esbozodeportivo.com\/#website\"},\"primaryImageOfPage\":{\"@id\":\"https:\/\/esbozodeportivo.com\/index.php\/2025\/03\/29\/rinde-homenaje-a-alejandro-morales-y-leonardo-lino-en-la-entrega-del-casco-de-oro-de-la-liga-mayor-2024\/#primaryimage\"},\"image\":{\"@id\":\"https:\/\/esbozodeportivo.com\/index.php\/2025\/03\/29\/rinde-homenaje-a-alejandro-morales-y-leonardo-lino-en-la-entrega-del-casco-de-oro-de-la-liga-mayor-2024\/#primaryimage\"},\"thumbnailUrl\":\"https:\/\/esbozodeportivo.com\/wp-content\/uploads\/2025\/03\/DSC06862-scaled.jpg\",\"datePublished\":\"2025-03-30T04:28:54+00:00\",\"dateModified\":\"2025-03-30T04:39:48+00:00\",\"description\":\"Este d\u00eda se llev\u00f3 a cabo la entrega del Casco de Oro a lo mejor de la temporada de Liga Mayor 2024 de la ONEFA, en las instalaciones del Sal\u00f3n\u00a0 de la Fama del FBA, campo de los B\u00fafalos, Santa Cruz Azcapotzaltongo, el evento estuvo encabezado por los directivos del Sal\u00f3n, Jos\u00e9 Guzm\u00e1n Vera y Sergio Baz Ferreira. En donde tambi\u00e9n se rindi\u00f3 un emotivo acto a la memoria de Alejandro Morales Troncoso (El Canario) fallecido en el 2024 y Leonardo Lino, quien muri\u00f3 a principios de marzo.Sergio Baz Ferreira, dio la bienvenida a los asistentes y galardon\",\"breadcrumb\":{\"@id\":\"https:\/\/esbozodeportivo.com\/index.php\/2025\/03\/29\/rinde-homenaje-a-alejandro-morales-y-leonardo-lino-en-la-entrega-del-casco-de-oro-de-la-liga-mayor-2024\/#breadcrumb\"},\"inLanguage\":\"es\",\"potentialAction\":[{\"@type\":\"ReadAction\",\"target\":[\"https:\/\/esbozodeportivo.com\/index.php\/2025\/03\/29\/rinde-homenaje-a-alejandro-morales-y-leonardo-lino-en-la-entrega-del-casco-de-oro-de-la-liga-mayor-2024\/\"]}]},{\"@type\":\"ImageObject\",\"inLanguage\":\"es\",\"@id\":\"https:\/\/esbozodeportivo.com\/index.php\/2025\/03\/29\/rinde-homenaje-a-alejandro-morales-y-leonardo-lino-en-la-entrega-del-casco-de-oro-de-la-liga-mayor-2024\/#primaryimage\",\"url\":\"https:\/\/esbozodeportivo.com\/wp-content\/uploads\/2025\/03\/DSC06862-scaled.jpg\",\"contentUrl\":\"https:\/\/esbozodeportivo.com\/wp-content\/uploads\/2025\/03\/DSC06862-scaled.jpg\",\"width\":2560,\"height\":1438},{\"@type\":\"BreadcrumbList\",\"@id\":\"https:\/\/esbozodeportivo.com\/index.php\/2025\/03\/29\/rinde-homenaje-a-alejandro-morales-y-leonardo-lino-en-la-entrega-del-casco-de-oro-de-la-liga-mayor-2024\/#breadcrumb\",\"itemListElement\":[{\"@type\":\"ListItem\",\"position\":1,\"name\":\"Inicio\",\"item\":\"https:\/\/esbozodeportivo.com\/\"},{\"@type\":\"ListItem\",\"position\":2,\"name\":\"Alejandro Morales y\u00a0 Leonardo Lino, reciben homenaje en la entrega del Casco de Oro de la Liga Mayor 2024\"}]},{\"@type\":\"WebSite\",\"@id\":\"https:\/\/esbozodeportivo.com\/#website\",\"url\":\"https:\/\/esbozodeportivo.com\/\",\"name\":\"Esbozo Deportivo\",\"description\":\"Lo m\u00e1s importante del Deporte\",\"publisher\":{\"@id\":\"https:\/\/esbozodeportivo.com\/#organization\"},\"potentialAction\":[{\"@type\":\"SearchAction\",\"target\":{\"@type\":\"EntryPoint\",\"urlTemplate\":\"https:\/\/esbozodeportivo.com\/?s={search_term_string}\"},\"query-input\":{\"@type\":\"PropertyValueSpecification\",\"valueRequired\":true,\"valueName\":\"search_term_string\"}}],\"inLanguage\":\"es\"},{\"@type\":\"Organization\",\"@id\":\"https:\/\/esbozodeportivo.com\/#organization\",\"name\":\"Esbozo Deportivo\",\"url\":\"https:\/\/esbozodeportivo.com\/\",\"logo\":{\"@type\":\"ImageObject\",\"inLanguage\":\"es\",\"@id\":\"https:\/\/esbozodeportivo.com\/#\/schema\/logo\/image\/\",\"url\":\"https:\/\/esbozodeportivo.com\/wp-content\/uploads\/2022\/08\/cropped-Logo-Esbozo-Web-2.png\",\"contentUrl\":\"https:\/\/esbozodeportivo.com\/wp-content\/uploads\/2022\/08\/cropped-Logo-Esbozo-Web-2.png\",\"width\":180,\"height\":50,\"caption\":\"Esbozo Deportivo\"},\"image\":{\"@id\":\"https:\/\/esbozodeportivo.com\/#\/schema\/logo\/image\/\"}},{\"@type\":\"Person\",\"@id\":\"https:\/\/esbozodeportivo.com\/#\/schema\/person\/7277119c98823aec37bbb84e125efd44\",\"name\":\"Javier De La Cruz\",\"image\":{\"@type\":\"ImageObject\",\"inLanguage\":\"es\",\"@id\":\"https:\/\/esbozodeportivo.com\/#\/schema\/person\/image\/\",\"url\":\"https:\/\/secure.gravatar.com\/avatar\/366235a56d20f1a6e8e3d0b295897639357bea880470ddf261d17bb0bc052eb1?s=96&d=mm&r=g\",\"contentUrl\":\"https:\/\/secure.gravatar.com\/avatar\/366235a56d20f1a6e8e3d0b295897639357bea880470ddf261d17bb0bc052eb1?s=96&d=mm&r=g\",\"caption\":\"Javier De La Cruz\"},\"url\":\"https:\/\/esbozodeportivo.com\/index.php\/author\/javier-de-la-cruz-de-la-cruz\/\"}]}<\/script>\n<!-- \/ Yoast SEO plugin. -->","yoast_head_json":{"title":"Alejandro Morales y\u00a0 Leonardo Lino, reciben homenaje en la entrega del Casco de Oro de la Liga Mayor 2024 - Esbozo Deportivo","description":"Este d\u00eda se llev\u00f3 a cabo la entrega del Casco de Oro a lo mejor de la temporada de Liga Mayor 2024 de la ONEFA, en las instalaciones del Sal\u00f3n\u00a0 de la Fama del FBA, campo de los B\u00fafalos, Santa Cruz Azcapotzaltongo, el evento estuvo encabezado por los directivos del Sal\u00f3n, Jos\u00e9 Guzm\u00e1n Vera y Sergio Baz Ferreira. En donde tambi\u00e9n se rindi\u00f3 un emotivo acto a la memoria de Alejandro Morales Troncoso (El Canario) fallecido en el 2024 y Leonardo Lino, quien muri\u00f3 a principios de marzo.Sergio Baz Ferreira, dio la bienvenida a los asistentes y galardon","robots":{"index":"index","follow":"follow","max-snippet":"max-snippet:-1","max-image-preview":"max-image-preview:large","max-video-preview":"max-video-preview:-1"},"canonical":"https:\/\/esbozodeportivo.com\/index.php\/2025\/03\/29\/rinde-homenaje-a-alejandro-morales-y-leonardo-lino-en-la-entrega-del-casco-de-oro-de-la-liga-mayor-2024\/","og_locale":"es_MX","og_type":"article","og_title":"Alejandro Morales y\u00a0 Leonardo Lino, reciben homenaje en la entrega del Casco de Oro de la Liga Mayor 2024 - Esbozo Deportivo","og_description":"Este d\u00eda se llev\u00f3 a cabo la entrega del Casco de Oro a lo mejor de la temporada de Liga Mayor 2024 de la ONEFA, en las instalaciones del Sal\u00f3n\u00a0 de la Fama del FBA, campo de los B\u00fafalos, Santa Cruz Azcapotzaltongo, el evento estuvo encabezado por los directivos del Sal\u00f3n, Jos\u00e9 Guzm\u00e1n Vera y Sergio Baz Ferreira. En donde tambi\u00e9n se rindi\u00f3 un emotivo acto a la memoria de Alejandro Morales Troncoso (El Canario) fallecido en el 2024 y Leonardo Lino, quien muri\u00f3 a principios de marzo.Sergio Baz Ferreira, dio la bienvenida a los asistentes y galardon","og_url":"https:\/\/esbozodeportivo.com\/index.php\/2025\/03\/29\/rinde-homenaje-a-alejandro-morales-y-leonardo-lino-en-la-entrega-del-casco-de-oro-de-la-liga-mayor-2024\/","og_site_name":"Esbozo Deportivo","article_published_time":"2025-03-30T04:28:54+00:00","article_modified_time":"2025-03-30T04:39:48+00:00","og_image":[{"width":2560,"height":1438,"url":"https:\/\/esbozodeportivo.com\/wp-content\/uploads\/2025\/03\/DSC06862-scaled.jpg","type":"image\/jpeg"}],"author":"Javier De La Cruz","twitter_card":"summary_large_image","twitter_misc":{"Escrito por":"Javier De La Cruz","Tiempo de lectura":"4 minutos"},"schema":{"@context":"https:\/\/schema.org","@graph":[{"@type":"Article","@id":"https:\/\/esbozodeportivo.com\/index.php\/2025\/03\/29\/rinde-homenaje-a-alejandro-morales-y-leonardo-lino-en-la-entrega-del-casco-de-oro-de-la-liga-mayor-2024\/#article","isPartOf":{"@id":"https:\/\/esbozodeportivo.com\/index.php\/2025\/03\/29\/rinde-homenaje-a-alejandro-morales-y-leonardo-lino-en-la-entrega-del-casco-de-oro-de-la-liga-mayor-2024\/"},"author":{"name":"Javier De La Cruz","@id":"https:\/\/esbozodeportivo.com\/#\/schema\/person\/7277119c98823aec37bbb84e125efd44"},"headline":"Alejandro Morales y\u00a0 Leonardo Lino, reciben homenaje en la entrega del Casco de Oro de la Liga Mayor 2024","datePublished":"2025-03-30T04:28:54+00:00","dateModified":"2025-03-30T04:39:48+00:00","mainEntityOfPage":{"@id":"https:\/\/esbozodeportivo.com\/index.php\/2025\/03\/29\/rinde-homenaje-a-alejandro-morales-y-leonardo-lino-en-la-entrega-del-casco-de-oro-de-la-liga-mayor-2024\/"},"wordCount":449,"publisher":{"@id":"https:\/\/esbozodeportivo.com\/#organization"},"image":{"@id":"https:\/\/esbozodeportivo.com\/index.php\/2025\/03\/29\/rinde-homenaje-a-alejandro-morales-y-leonardo-lino-en-la-entrega-del-casco-de-oro-de-la-liga-mayor-2024\/#primaryimage"},"thumbnailUrl":"https:\/\/esbozodeportivo.com\/wp-content\/uploads\/2025\/03\/DSC06862-scaled.jpg","articleSection":["Futbol Americano"],"inLanguage":"es"},{"@type":"WebPage","@id":"https:\/\/esbozodeportivo.com\/index.php\/2025\/03\/29\/rinde-homenaje-a-alejandro-morales-y-leonardo-lino-en-la-entrega-del-casco-de-oro-de-la-liga-mayor-2024\/","url":"https:\/\/esbozodeportivo.com\/index.php\/2025\/03\/29\/rinde-homenaje-a-alejandro-morales-y-leonardo-lino-en-la-entrega-del-casco-de-oro-de-la-liga-mayor-2024\/","name":"Alejandro Morales y\u00a0 Leonardo Lino, reciben homenaje en la entrega del Casco de Oro de la Liga Mayor 2024 - Esbozo Deportivo","isPartOf":{"@id":"https:\/\/esbozodeportivo.com\/#website"},"primaryImageOfPage":{"@id":"https:\/\/esbozodeportivo.com\/index.php\/2025\/03\/29\/rinde-homenaje-a-alejandro-morales-y-leonardo-lino-en-la-entrega-del-casco-de-oro-de-la-liga-mayor-2024\/#primaryimage"},"image":{"@id":"https:\/\/esbozodeportivo.com\/index.php\/2025\/03\/29\/rinde-homenaje-a-alejandro-morales-y-leonardo-lino-en-la-entrega-del-casco-de-oro-de-la-liga-mayor-2024\/#primaryimage"},"thumbnailUrl":"https:\/\/esbozodeportivo.com\/wp-content\/uploads\/2025\/03\/DSC06862-scaled.jpg","datePublished":"2025-03-30T04:28:54+00:00","dateModified":"2025-03-30T04:39:48+00:00","description":"Este d\u00eda se llev\u00f3 a cabo la entrega del Casco de Oro a lo mejor de la temporada de Liga Mayor 2024 de la ONEFA, en las instalaciones del Sal\u00f3n\u00a0 de la Fama del FBA, campo de los B\u00fafalos, Santa Cruz Azcapotzaltongo, el evento estuvo encabezado por los directivos del Sal\u00f3n, Jos\u00e9 Guzm\u00e1n Vera y Sergio Baz Ferreira. En donde tambi\u00e9n se rindi\u00f3 un emotivo acto a la memoria de Alejandro Morales Troncoso (El Canario) fallecido en el 2024 y Leonardo Lino, quien muri\u00f3 a principios de marzo.Sergio Baz Ferreira, dio la bienvenida a los asistentes y galardon","breadcrumb":{"@id":"https:\/\/esbozodeportivo.com\/index.php\/2025\/03\/29\/rinde-homenaje-a-alejandro-morales-y-leonardo-lino-en-la-entrega-del-casco-de-oro-de-la-liga-mayor-2024\/#breadcrumb"},"inLanguage":"es","potentialAction":[{"@type":"ReadAction","target":["https:\/\/esbozodeportivo.com\/index.php\/2025\/03\/29\/rinde-homenaje-a-alejandro-morales-y-leonardo-lino-en-la-entrega-del-casco-de-oro-de-la-liga-mayor-2024\/"]}]},{"@type":"ImageObject","inLanguage":"es","@id":"https:\/\/esbozodeportivo.com\/index.php\/2025\/03\/29\/rinde-homenaje-a-alejandro-morales-y-leonardo-lino-en-la-entrega-del-casco-de-oro-de-la-liga-mayor-2024\/#primaryimage","url":"https:\/\/esbozodeportivo.com\/wp-content\/uploads\/2025\/03\/DSC06862-scaled.jpg","contentUrl":"https:\/\/esbozodeportivo.com\/wp-content\/uploads\/2025\/03\/DSC06862-scaled.jpg","width":2560,"height":1438},{"@type":"BreadcrumbList","@id":"https:\/\/esbozodeportivo.com\/index.php\/2025\/03\/29\/rinde-homenaje-a-alejandro-morales-y-leonardo-lino-en-la-entrega-del-casco-de-oro-de-la-liga-mayor-2024\/#breadcrumb","itemListElement":[{"@type":"ListItem","position":1,"name":"Inicio","item":"https:\/\/esbozodeportivo.com\/"},{"@type":"ListItem","position":2,"name":"Alejandro Morales y\u00a0 Leonardo Lino, reciben homenaje en la entrega del Casco de Oro de la Liga Mayor 2024"}]},{"@type":"WebSite","@id":"https:\/\/esbozodeportivo.com\/#website","url":"https:\/\/esbozodeportivo.com\/","name":"Esbozo Deportivo","description":"Lo m\u00e1s importante del Deporte","publisher":{"@id":"https:\/\/esbozodeportivo.com\/#organization"},"potentialAction":[{"@type":"SearchAction","target":{"@type":"EntryPoint","urlTemplate":"https:\/\/esbozodeportivo.com\/?s={search_term_string}"},"query-input":{"@type":"PropertyValueSpecification","valueRequired":true,"valueName":"search_term_string"}}],"inLanguage":"es"},{"@type":"Organization","@id":"https:\/\/esbozodeportivo.com\/#organization","name":"Esbozo Deportivo","url":"https:\/\/esbozodeportivo.com\/","logo":{"@type":"ImageObject","inLanguage":"es","@id":"https:\/\/esbozodeportivo.com\/#\/schema\/logo\/image\/","url":"https:\/\/esbozodeportivo.com\/wp-content\/uploads\/2022\/08\/cropped-Logo-Esbozo-Web-2.png","contentUrl":"https:\/\/esbozodeportivo.com\/wp-content\/uploads\/2022\/08\/cropped-Logo-Esbozo-Web-2.png","width":180,"height":50,"caption":"Esbozo Deportivo"},"image":{"@id":"https:\/\/esbozodeportivo.com\/#\/schema\/logo\/image\/"}},{"@type":"Person","@id":"https:\/\/esbozodeportivo.com\/#\/schema\/person\/7277119c98823aec37bbb84e125efd44","name":"Javier De La Cruz","image":{"@type":"ImageObject","inLanguage":"es","@id":"https:\/\/esbozodeportivo.com\/#\/schema\/person\/image\/","url":"https:\/\/secure.gravatar.com\/avatar\/366235a56d20f1a6e8e3d0b295897639357bea880470ddf261d17bb0bc052eb1?s=96&d=mm&r=g","contentUrl":"https:\/\/secure.gravatar.com\/avatar\/366235a56d20f1a6e8e3d0b295897639357bea880470ddf261d17bb0bc052eb1?s=96&d=mm&r=g","caption":"Javier De La Cruz"},"url":"https:\/\/esbozodeportivo.com\/index.php\/author\/javier-de-la-cruz-de-la-cruz\/"}]}},"jetpack_featured_media_url":"https:\/\/esbozodeportivo.com\/wp-content\/uploads\/2025\/03\/DSC06862-scaled.jpg","jetpack_sharing_enabled":true,"_links":{"self":[{"href":"https:\/\/esbozodeportivo.com\/index.php\/wp-json\/wp\/v2\/posts\/6646","targetHints":{"allow":["GET"]}}],"collection":[{"href":"https:\/\/esbozodeportivo.com\/index.php\/wp-json\/wp\/v2\/posts"}],"about":[{"href":"https:\/\/esbozodeportivo.com\/index.php\/wp-json\/wp\/v2\/types\/post"}],"author":[{"embeddable":true,"href":"https:\/\/esbozodeportivo.com\/index.php\/wp-json\/wp\/v2\/users\/2"}],"replies":[{"embeddable":true,"href":"https:\/\/esbozodeportivo.com\/index.php\/wp-json\/wp\/v2\/comments?post=6646"}],"version-history":[{"count":3,"href":"https:\/\/esbozodeportivo.com\/index.php\/wp-json\/wp\/v2\/posts\/6646\/revisions"}],"predecessor-version":[{"id":6665,"href":"https:\/\/esbozodeportivo.com\/index.php\/wp-json\/wp\/v2\/posts\/6646\/revisions\/6665"}],"wp:featuredmedia":[{"embeddable":true,"href":"https:\/\/esbozodeportivo.com\/index.php\/wp-json\/wp\/v2\/media\/6655"}],"wp:attachment":[{"href":"https:\/\/esbozodeportivo.com\/index.php\/wp-json\/wp\/v2\/media?parent=6646"}],"wp:term":[{"taxonomy":"category","embeddable":true,"href":"https:\/\/esbozodeportivo.com\/index.php\/wp-json\/wp\/v2\/categories?post=6646"},{"taxonomy":"post_tag","embeddable":true,"href":"https:\/\/esbozodeportivo.com\/index.php\/wp-json\/wp\/v2\/tags?post=6646"}],"curies":[{"name":"wp","href":"https:\/\/api.w.org\/{rel}","templated":true}]}}