{"id":6666,"date":"2025-04-01T00:37:40","date_gmt":"2025-04-01T06:37:40","guid":{"rendered":"https:\/\/esbozodeportivo.com\/?p=6666"},"modified":"2025-04-01T00:37:40","modified_gmt":"2025-04-01T06:37:40","slug":"nelson-roka-salinas-vera-accion-en-el-homenaje-a-eduardo-lamazon","status":"publish","type":"post","link":"https:\/\/esbozodeportivo.com\/index.php\/2025\/04\/01\/nelson-roka-salinas-vera-accion-en-el-homenaje-a-eduardo-lamazon\/","title":{"rendered":"NELSON \u201cROKA\u201d SALINAS VER\u00c1 ACCI\u00d3N EN EL HOMENAJE A EDUARDO LAMAZON"},"content":{"rendered":"\n<p>(Foto: Cortes\u00eda) <\/p>\n\n\n\n<p><strong>Jes\u00fas L\u00f3pez Castrej\u00f3n<\/strong><\/p>\n\n\n\n<p><strong>Nelson \u201cRoka\u201d Salinas<\/strong>, joven promesa del boxeo neoleon\u00e9s, se dispone a sostener su segundo combate en el terreno profesional al formar parte de la cartelera homenaje a <strong>Eduardo Lamazon<\/strong>, quien recibir\u00e1 un reconocimiento, quien recibir\u00e1 un merecido reconocimiento por sus 50 a\u00f1os de trayectoria period\u00edstica.<\/p>\n\n\n\n<p>El talentoso boxeador neoleon\u00e9s <strong>Nelson Alberto Salinas Guti\u00e9rrez<\/strong> se medir\u00e1 al capitalino <strong>Rub\u00e9n Miranda<\/strong>, en duelo acordado a cuatro episodios dentro de la escala de peso welter, en el respaldo del cartel que ofrece <strong>Zanfer Boxing<\/strong>, encabezado por el duelo que sostendr\u00e1 el ex contendiente al t\u00edtulo del mundo <strong>Sergio Chirino e Irving Turrubiates<\/strong>, el pr\u00f3ximo s\u00e1bado 5 de abril en las instalaciones de <strong>TV Azteca Ajusco<\/strong>.<\/p>\n\n\n\n<figure class=\"wp-block-image size-full\"><img loading=\"lazy\" decoding=\"async\" width=\"985\" height=\"945\" src=\"https:\/\/esbozodeportivo.com\/wp-content\/uploads\/2025\/04\/Nelson1.jpg\" alt=\"\" class=\"wp-image-6669\" srcset=\"https:\/\/esbozodeportivo.com\/wp-content\/uploads\/2025\/04\/Nelson1.jpg 985w, https:\/\/esbozodeportivo.com\/wp-content\/uploads\/2025\/04\/Nelson1-300x288.jpg 300w, https:\/\/esbozodeportivo.com\/wp-content\/uploads\/2025\/04\/Nelson1-768x737.jpg 768w\" sizes=\"auto, (max-width: 985px) 100vw, 985px\" \/><\/figure>\n\n\n\n<p>(Foto: Cortes\u00eda) <\/p>\n\n\n\n<p>Con un s\u00f3lido futuro en el boxeo rentado, \u201c<strong>La Roka\u201d Salinas<\/strong>, habilidoso p\u00fagil viene de un contundente triunfo en su debut profesional, el pasado 24 de noviembre en <strong>M\u00e9rida<\/strong>, <strong>Yucat\u00e1n<\/strong>, donde super\u00f3 al tambi\u00e9n capitalino <strong>Brayan Ortega<\/strong>.<\/p>\n\n\n\n<p>En su paso por el terreno aficionado, <strong>Salinas Guti\u00e9rrez<\/strong> logr\u00f3 ganar medalla de oro para Nuevo Le\u00f3n en los <strong>Juegos Nacionales Conade 2024<\/strong>, dentro de la categor\u00eda Juvenil en un peso de 71 kilogramos, en mayo pasado en el Domo Alcalde del CODE Jalisco, conf\u00eda en tener una exitosa presentaci\u00f3n en el pugilismo rentado.<\/p>\n\n\n\n<p>Colocado como un serio exponente del deporte de los pu\u00f1os, y bajo la firma de <strong>Zanfer Promociones<\/strong>, <strong>\u201cRoka\u201d Salinas<\/strong>, quien es entrenado bajo la supervisi\u00f3n del ex campe\u00f3n <strong>Jhonny Gonz\u00e1lez<\/strong>, quien recientemente se sum\u00f3 a su equipo de trabajo, conf\u00eda lograr ver cristalizado uno de sus mayores anhelos, convertirse en campe\u00f3n mundial.<\/p>\n\n\n\n<figure class=\"wp-block-image size-large\"><img loading=\"lazy\" decoding=\"async\" width=\"1024\" height=\"1016\" src=\"https:\/\/esbozodeportivo.com\/wp-content\/uploads\/2025\/04\/Nelson3-1024x1016.jpg\" alt=\"\" class=\"wp-image-6671\" srcset=\"https:\/\/esbozodeportivo.com\/wp-content\/uploads\/2025\/04\/Nelson3-1024x1016.jpg 1024w, https:\/\/esbozodeportivo.com\/wp-content\/uploads\/2025\/04\/Nelson3-300x298.jpg 300w, https:\/\/esbozodeportivo.com\/wp-content\/uploads\/2025\/04\/Nelson3-150x150.jpg 150w, https:\/\/esbozodeportivo.com\/wp-content\/uploads\/2025\/04\/Nelson3-768x762.jpg 768w, https:\/\/esbozodeportivo.com\/wp-content\/uploads\/2025\/04\/Nelson3.jpg 1065w\" sizes=\"auto, (max-width: 1024px) 100vw, 1024px\" \/><\/figure>\n\n\n\n<p>(Foto: Cortes\u00eda)<\/p>\n\n\n\n<figure class=\"wp-block-image size-full\"><img loading=\"lazy\" decoding=\"async\" width=\"758\" height=\"600\" src=\"https:\/\/esbozodeportivo.com\/wp-content\/uploads\/2025\/04\/Nelson2.jpg\" alt=\"\" class=\"wp-image-6670\" srcset=\"https:\/\/esbozodeportivo.com\/wp-content\/uploads\/2025\/04\/Nelson2.jpg 758w, https:\/\/esbozodeportivo.com\/wp-content\/uploads\/2025\/04\/Nelson2-300x237.jpg 300w\" sizes=\"auto, (max-width: 758px) 100vw, 758px\" \/><\/figure>\n\n\n\n<p>(Foto: Cortes\u00eda) <\/p>\n\n\n\n<figure class=\"wp-block-image size-full\"><img loading=\"lazy\" decoding=\"async\" width=\"814\" height=\"767\" src=\"https:\/\/esbozodeportivo.com\/wp-content\/uploads\/2025\/04\/Nelson4.jpg\" alt=\"\" class=\"wp-image-6672\" srcset=\"https:\/\/esbozodeportivo.com\/wp-content\/uploads\/2025\/04\/Nelson4.jpg 814w, https:\/\/esbozodeportivo.com\/wp-content\/uploads\/2025\/04\/Nelson4-300x283.jpg 300w, https:\/\/esbozodeportivo.com\/wp-content\/uploads\/2025\/04\/Nelson4-768x724.jpg 768w\" sizes=\"auto, (max-width: 814px) 100vw, 814px\" \/><\/figure>\n\n\n\n<p>(Foto: Cortes\u00eda) <\/p>\n\n\n\n<p><\/p>\n","protected":false},"excerpt":{"rendered":"<p>(Foto: Cortes\u00eda) Jes\u00fas L\u00f3pez Castrej\u00f3n Nelson \u201cRoka\u201d Salinas, joven promesa del boxeo neoleon\u00e9s, se dispone<\/p>\n","protected":false},"author":4,"featured_media":6668,"comment_status":"closed","ping_status":"open","sticky":false,"template":"","format":"standard","meta":{"_jetpack_memberships_contains_paid_content":false,"footnotes":""},"categories":[9],"tags":[],"class_list":["post-6666","post","type-post","status-publish","format-standard","has-post-thumbnail","hentry","category-boxeo"],"yoast_head":"<!-- This site is optimized with the Yoast SEO plugin v25.7 - https:\/\/yoast.com\/wordpress\/plugins\/seo\/ -->\n<title>NELSON \u201cROKA\u201d SALINAS VER\u00c1 ACCI\u00d3N EN EL HOMENAJE A EDUARDO LAMAZON - Esbozo Deportivo<\/title>\n<meta name=\"description\" content=\"Nelson \u201cRoka\u201d Salinas, joven promesa del boxeo neoleon\u00e9s, se dispone a sostener su segundo combate en el terreno profesional al formar parte de la cartelera homenaje a Eduardo Lamazon, quien recibir\u00e1 un reconocimiento, quien recibir\u00e1 un merecido reconocimiento por sus 50 a\u00f1os de trayectoria period\u00edstica.\" \/>\n<meta name=\"robots\" content=\"index, follow, max-snippet:-1, max-image-preview:large, max-video-preview:-1\" \/>\n<link rel=\"canonical\" href=\"https:\/\/esbozodeportivo.com\/index.php\/2025\/04\/01\/nelson-roka-salinas-vera-accion-en-el-homenaje-a-eduardo-lamazon\/\" \/>\n<meta property=\"og:locale\" content=\"es_MX\" \/>\n<meta property=\"og:type\" content=\"article\" \/>\n<meta property=\"og:title\" content=\"NELSON \u201cROKA\u201d SALINAS VER\u00c1 ACCI\u00d3N EN EL HOMENAJE A EDUARDO LAMAZON - Esbozo Deportivo\" \/>\n<meta property=\"og:description\" content=\"Nelson \u201cRoka\u201d Salinas, joven promesa del boxeo neoleon\u00e9s, se dispone a sostener su segundo combate en el terreno profesional al formar parte de la cartelera homenaje a Eduardo Lamazon, quien recibir\u00e1 un reconocimiento, quien recibir\u00e1 un merecido reconocimiento por sus 50 a\u00f1os de trayectoria period\u00edstica.\" \/>\n<meta property=\"og:url\" content=\"https:\/\/esbozodeportivo.com\/index.php\/2025\/04\/01\/nelson-roka-salinas-vera-accion-en-el-homenaje-a-eduardo-lamazon\/\" \/>\n<meta property=\"og:site_name\" content=\"Esbozo Deportivo\" \/>\n<meta property=\"article:published_time\" content=\"2025-04-01T06:37:40+00:00\" \/>\n<meta property=\"og:image\" content=\"https:\/\/esbozodeportivo.com\/wp-content\/uploads\/2025\/04\/Nelson.jpg\" \/>\n\t<meta property=\"og:image:width\" content=\"1189\" \/>\n\t<meta property=\"og:image:height\" content=\"1600\" \/>\n\t<meta property=\"og:image:type\" content=\"image\/jpeg\" \/>\n<meta name=\"author\" content=\"Redacci\u00f3n\" \/>\n<meta name=\"twitter:card\" content=\"summary_large_image\" \/>\n<meta name=\"twitter:label1\" content=\"Escrito por\" \/>\n\t<meta name=\"twitter:data1\" content=\"Redacci\u00f3n\" \/>\n\t<meta name=\"twitter:label2\" content=\"Tiempo de lectura\" \/>\n\t<meta name=\"twitter:data2\" content=\"3 minutos\" \/>\n<script type=\"application\/ld+json\" class=\"yoast-schema-graph\">{\"@context\":\"https:\/\/schema.org\",\"@graph\":[{\"@type\":\"Article\",\"@id\":\"https:\/\/esbozodeportivo.com\/index.php\/2025\/04\/01\/nelson-roka-salinas-vera-accion-en-el-homenaje-a-eduardo-lamazon\/#article\",\"isPartOf\":{\"@id\":\"https:\/\/esbozodeportivo.com\/index.php\/2025\/04\/01\/nelson-roka-salinas-vera-accion-en-el-homenaje-a-eduardo-lamazon\/\"},\"author\":{\"name\":\"Redacci\u00f3n\",\"@id\":\"https:\/\/esbozodeportivo.com\/#\/schema\/person\/0f6df9196dfe6740dd0bb31bae50d374\"},\"headline\":\"NELSON \u201cROKA\u201d SALINAS VER\u00c1 ACCI\u00d3N EN EL HOMENAJE A EDUARDO LAMAZON\",\"datePublished\":\"2025-04-01T06:37:40+00:00\",\"mainEntityOfPage\":{\"@id\":\"https:\/\/esbozodeportivo.com\/index.php\/2025\/04\/01\/nelson-roka-salinas-vera-accion-en-el-homenaje-a-eduardo-lamazon\/\"},\"wordCount\":308,\"publisher\":{\"@id\":\"https:\/\/esbozodeportivo.com\/#organization\"},\"image\":{\"@id\":\"https:\/\/esbozodeportivo.com\/index.php\/2025\/04\/01\/nelson-roka-salinas-vera-accion-en-el-homenaje-a-eduardo-lamazon\/#primaryimage\"},\"thumbnailUrl\":\"https:\/\/esbozodeportivo.com\/wp-content\/uploads\/2025\/04\/Nelson.jpg\",\"articleSection\":[\"Boxeo\"],\"inLanguage\":\"es\"},{\"@type\":\"WebPage\",\"@id\":\"https:\/\/esbozodeportivo.com\/index.php\/2025\/04\/01\/nelson-roka-salinas-vera-accion-en-el-homenaje-a-eduardo-lamazon\/\",\"url\":\"https:\/\/esbozodeportivo.com\/index.php\/2025\/04\/01\/nelson-roka-salinas-vera-accion-en-el-homenaje-a-eduardo-lamazon\/\",\"name\":\"NELSON \u201cROKA\u201d SALINAS VER\u00c1 ACCI\u00d3N EN EL HOMENAJE A EDUARDO LAMAZON - Esbozo Deportivo\",\"isPartOf\":{\"@id\":\"https:\/\/esbozodeportivo.com\/#website\"},\"primaryImageOfPage\":{\"@id\":\"https:\/\/esbozodeportivo.com\/index.php\/2025\/04\/01\/nelson-roka-salinas-vera-accion-en-el-homenaje-a-eduardo-lamazon\/#primaryimage\"},\"image\":{\"@id\":\"https:\/\/esbozodeportivo.com\/index.php\/2025\/04\/01\/nelson-roka-salinas-vera-accion-en-el-homenaje-a-eduardo-lamazon\/#primaryimage\"},\"thumbnailUrl\":\"https:\/\/esbozodeportivo.com\/wp-content\/uploads\/2025\/04\/Nelson.jpg\",\"datePublished\":\"2025-04-01T06:37:40+00:00\",\"description\":\"Nelson \u201cRoka\u201d Salinas, joven promesa del boxeo neoleon\u00e9s, se dispone a sostener su segundo combate en el terreno profesional al formar parte de la cartelera homenaje a Eduardo Lamazon, quien recibir\u00e1 un reconocimiento, quien recibir\u00e1 un merecido reconocimiento por sus 50 a\u00f1os de trayectoria period\u00edstica.\",\"breadcrumb\":{\"@id\":\"https:\/\/esbozodeportivo.com\/index.php\/2025\/04\/01\/nelson-roka-salinas-vera-accion-en-el-homenaje-a-eduardo-lamazon\/#breadcrumb\"},\"inLanguage\":\"es\",\"potentialAction\":[{\"@type\":\"ReadAction\",\"target\":[\"https:\/\/esbozodeportivo.com\/index.php\/2025\/04\/01\/nelson-roka-salinas-vera-accion-en-el-homenaje-a-eduardo-lamazon\/\"]}]},{\"@type\":\"ImageObject\",\"inLanguage\":\"es\",\"@id\":\"https:\/\/esbozodeportivo.com\/index.php\/2025\/04\/01\/nelson-roka-salinas-vera-accion-en-el-homenaje-a-eduardo-lamazon\/#primaryimage\",\"url\":\"https:\/\/esbozodeportivo.com\/wp-content\/uploads\/2025\/04\/Nelson.jpg\",\"contentUrl\":\"https:\/\/esbozodeportivo.com\/wp-content\/uploads\/2025\/04\/Nelson.jpg\",\"width\":1189,\"height\":1600},{\"@type\":\"BreadcrumbList\",\"@id\":\"https:\/\/esbozodeportivo.com\/index.php\/2025\/04\/01\/nelson-roka-salinas-vera-accion-en-el-homenaje-a-eduardo-lamazon\/#breadcrumb\",\"itemListElement\":[{\"@type\":\"ListItem\",\"position\":1,\"name\":\"Inicio\",\"item\":\"https:\/\/esbozodeportivo.com\/\"},{\"@type\":\"ListItem\",\"position\":2,\"name\":\"NELSON \u201cROKA\u201d SALINAS VER\u00c1 ACCI\u00d3N EN EL HOMENAJE A EDUARDO LAMAZON\"}]},{\"@type\":\"WebSite\",\"@id\":\"https:\/\/esbozodeportivo.com\/#website\",\"url\":\"https:\/\/esbozodeportivo.com\/\",\"name\":\"Esbozo Deportivo\",\"description\":\"Lo m\u00e1s importante del Deporte\",\"publisher\":{\"@id\":\"https:\/\/esbozodeportivo.com\/#organization\"},\"potentialAction\":[{\"@type\":\"SearchAction\",\"target\":{\"@type\":\"EntryPoint\",\"urlTemplate\":\"https:\/\/esbozodeportivo.com\/?s={search_term_string}\"},\"query-input\":{\"@type\":\"PropertyValueSpecification\",\"valueRequired\":true,\"valueName\":\"search_term_string\"}}],\"inLanguage\":\"es\"},{\"@type\":\"Organization\",\"@id\":\"https:\/\/esbozodeportivo.com\/#organization\",\"name\":\"Esbozo Deportivo\",\"url\":\"https:\/\/esbozodeportivo.com\/\",\"logo\":{\"@type\":\"ImageObject\",\"inLanguage\":\"es\",\"@id\":\"https:\/\/esbozodeportivo.com\/#\/schema\/logo\/image\/\",\"url\":\"https:\/\/esbozodeportivo.com\/wp-content\/uploads\/2022\/08\/cropped-Logo-Esbozo-Web-2.png\",\"contentUrl\":\"https:\/\/esbozodeportivo.com\/wp-content\/uploads\/2022\/08\/cropped-Logo-Esbozo-Web-2.png\",\"width\":180,\"height\":50,\"caption\":\"Esbozo Deportivo\"},\"image\":{\"@id\":\"https:\/\/esbozodeportivo.com\/#\/schema\/logo\/image\/\"}},{\"@type\":\"Person\",\"@id\":\"https:\/\/esbozodeportivo.com\/#\/schema\/person\/0f6df9196dfe6740dd0bb31bae50d374\",\"name\":\"Redacci\u00f3n\",\"image\":{\"@type\":\"ImageObject\",\"inLanguage\":\"es\",\"@id\":\"https:\/\/esbozodeportivo.com\/#\/schema\/person\/image\/\",\"url\":\"https:\/\/secure.gravatar.com\/avatar\/f55268a89c3b418f2ef172ff52ab0d09b3e653c58de29539fe329fb93d78ebf3?s=96&d=mm&r=g\",\"contentUrl\":\"https:\/\/secure.gravatar.com\/avatar\/f55268a89c3b418f2ef172ff52ab0d09b3e653c58de29539fe329fb93d78ebf3?s=96&d=mm&r=g\",\"caption\":\"Redacci\u00f3n\"},\"url\":\"https:\/\/esbozodeportivo.com\/index.php\/author\/redaccion\/\"}]}<\/script>\n<!-- \/ Yoast SEO plugin. -->","yoast_head_json":{"title":"NELSON \u201cROKA\u201d SALINAS VER\u00c1 ACCI\u00d3N EN EL HOMENAJE A EDUARDO LAMAZON - Esbozo Deportivo","description":"Nelson \u201cRoka\u201d Salinas, joven promesa del boxeo neoleon\u00e9s, se dispone a sostener su segundo combate en el terreno profesional al formar parte de la cartelera homenaje a Eduardo Lamazon, quien recibir\u00e1 un reconocimiento, quien recibir\u00e1 un merecido reconocimiento por sus 50 a\u00f1os de trayectoria period\u00edstica.","robots":{"index":"index","follow":"follow","max-snippet":"max-snippet:-1","max-image-preview":"max-image-preview:large","max-video-preview":"max-video-preview:-1"},"canonical":"https:\/\/esbozodeportivo.com\/index.php\/2025\/04\/01\/nelson-roka-salinas-vera-accion-en-el-homenaje-a-eduardo-lamazon\/","og_locale":"es_MX","og_type":"article","og_title":"NELSON \u201cROKA\u201d SALINAS VER\u00c1 ACCI\u00d3N EN EL HOMENAJE A EDUARDO LAMAZON - Esbozo Deportivo","og_description":"Nelson \u201cRoka\u201d Salinas, joven promesa del boxeo neoleon\u00e9s, se dispone a sostener su segundo combate en el terreno profesional al formar parte de la cartelera homenaje a Eduardo Lamazon, quien recibir\u00e1 un reconocimiento, quien recibir\u00e1 un merecido reconocimiento por sus 50 a\u00f1os de trayectoria period\u00edstica.","og_url":"https:\/\/esbozodeportivo.com\/index.php\/2025\/04\/01\/nelson-roka-salinas-vera-accion-en-el-homenaje-a-eduardo-lamazon\/","og_site_name":"Esbozo Deportivo","article_published_time":"2025-04-01T06:37:40+00:00","og_image":[{"width":1189,"height":1600,"url":"https:\/\/esbozodeportivo.com\/wp-content\/uploads\/2025\/04\/Nelson.jpg","type":"image\/jpeg"}],"author":"Redacci\u00f3n","twitter_card":"summary_large_image","twitter_misc":{"Escrito por":"Redacci\u00f3n","Tiempo de lectura":"3 minutos"},"schema":{"@context":"https:\/\/schema.org","@graph":[{"@type":"Article","@id":"https:\/\/esbozodeportivo.com\/index.php\/2025\/04\/01\/nelson-roka-salinas-vera-accion-en-el-homenaje-a-eduardo-lamazon\/#article","isPartOf":{"@id":"https:\/\/esbozodeportivo.com\/index.php\/2025\/04\/01\/nelson-roka-salinas-vera-accion-en-el-homenaje-a-eduardo-lamazon\/"},"author":{"name":"Redacci\u00f3n","@id":"https:\/\/esbozodeportivo.com\/#\/schema\/person\/0f6df9196dfe6740dd0bb31bae50d374"},"headline":"NELSON \u201cROKA\u201d SALINAS VER\u00c1 ACCI\u00d3N EN EL HOMENAJE A EDUARDO LAMAZON","datePublished":"2025-04-01T06:37:40+00:00","mainEntityOfPage":{"@id":"https:\/\/esbozodeportivo.com\/index.php\/2025\/04\/01\/nelson-roka-salinas-vera-accion-en-el-homenaje-a-eduardo-lamazon\/"},"wordCount":308,"publisher":{"@id":"https:\/\/esbozodeportivo.com\/#organization"},"image":{"@id":"https:\/\/esbozodeportivo.com\/index.php\/2025\/04\/01\/nelson-roka-salinas-vera-accion-en-el-homenaje-a-eduardo-lamazon\/#primaryimage"},"thumbnailUrl":"https:\/\/esbozodeportivo.com\/wp-content\/uploads\/2025\/04\/Nelson.jpg","articleSection":["Boxeo"],"inLanguage":"es"},{"@type":"WebPage","@id":"https:\/\/esbozodeportivo.com\/index.php\/2025\/04\/01\/nelson-roka-salinas-vera-accion-en-el-homenaje-a-eduardo-lamazon\/","url":"https:\/\/esbozodeportivo.com\/index.php\/2025\/04\/01\/nelson-roka-salinas-vera-accion-en-el-homenaje-a-eduardo-lamazon\/","name":"NELSON \u201cROKA\u201d SALINAS VER\u00c1 ACCI\u00d3N EN EL HOMENAJE A EDUARDO LAMAZON - Esbozo Deportivo","isPartOf":{"@id":"https:\/\/esbozodeportivo.com\/#website"},"primaryImageOfPage":{"@id":"https:\/\/esbozodeportivo.com\/index.php\/2025\/04\/01\/nelson-roka-salinas-vera-accion-en-el-homenaje-a-eduardo-lamazon\/#primaryimage"},"image":{"@id":"https:\/\/esbozodeportivo.com\/index.php\/2025\/04\/01\/nelson-roka-salinas-vera-accion-en-el-homenaje-a-eduardo-lamazon\/#primaryimage"},"thumbnailUrl":"https:\/\/esbozodeportivo.com\/wp-content\/uploads\/2025\/04\/Nelson.jpg","datePublished":"2025-04-01T06:37:40+00:00","description":"Nelson \u201cRoka\u201d Salinas, joven promesa del boxeo neoleon\u00e9s, se dispone a sostener su segundo combate en el terreno profesional al formar parte de la cartelera homenaje a Eduardo Lamazon, quien recibir\u00e1 un reconocimiento, quien recibir\u00e1 un merecido reconocimiento por sus 50 a\u00f1os de trayectoria period\u00edstica.","breadcrumb":{"@id":"https:\/\/esbozodeportivo.com\/index.php\/2025\/04\/01\/nelson-roka-salinas-vera-accion-en-el-homenaje-a-eduardo-lamazon\/#breadcrumb"},"inLanguage":"es","potentialAction":[{"@type":"ReadAction","target":["https:\/\/esbozodeportivo.com\/index.php\/2025\/04\/01\/nelson-roka-salinas-vera-accion-en-el-homenaje-a-eduardo-lamazon\/"]}]},{"@type":"ImageObject","inLanguage":"es","@id":"https:\/\/esbozodeportivo.com\/index.php\/2025\/04\/01\/nelson-roka-salinas-vera-accion-en-el-homenaje-a-eduardo-lamazon\/#primaryimage","url":"https:\/\/esbozodeportivo.com\/wp-content\/uploads\/2025\/04\/Nelson.jpg","contentUrl":"https:\/\/esbozodeportivo.com\/wp-content\/uploads\/2025\/04\/Nelson.jpg","width":1189,"height":1600},{"@type":"BreadcrumbList","@id":"https:\/\/esbozodeportivo.com\/index.php\/2025\/04\/01\/nelson-roka-salinas-vera-accion-en-el-homenaje-a-eduardo-lamazon\/#breadcrumb","itemListElement":[{"@type":"ListItem","position":1,"name":"Inicio","item":"https:\/\/esbozodeportivo.com\/"},{"@type":"ListItem","position":2,"name":"NELSON \u201cROKA\u201d SALINAS VER\u00c1 ACCI\u00d3N EN EL HOMENAJE A EDUARDO LAMAZON"}]},{"@type":"WebSite","@id":"https:\/\/esbozodeportivo.com\/#website","url":"https:\/\/esbozodeportivo.com\/","name":"Esbozo Deportivo","description":"Lo m\u00e1s importante del Deporte","publisher":{"@id":"https:\/\/esbozodeportivo.com\/#organization"},"potentialAction":[{"@type":"SearchAction","target":{"@type":"EntryPoint","urlTemplate":"https:\/\/esbozodeportivo.com\/?s={search_term_string}"},"query-input":{"@type":"PropertyValueSpecification","valueRequired":true,"valueName":"search_term_string"}}],"inLanguage":"es"},{"@type":"Organization","@id":"https:\/\/esbozodeportivo.com\/#organization","name":"Esbozo Deportivo","url":"https:\/\/esbozodeportivo.com\/","logo":{"@type":"ImageObject","inLanguage":"es","@id":"https:\/\/esbozodeportivo.com\/#\/schema\/logo\/image\/","url":"https:\/\/esbozodeportivo.com\/wp-content\/uploads\/2022\/08\/cropped-Logo-Esbozo-Web-2.png","contentUrl":"https:\/\/esbozodeportivo.com\/wp-content\/uploads\/2022\/08\/cropped-Logo-Esbozo-Web-2.png","width":180,"height":50,"caption":"Esbozo Deportivo"},"image":{"@id":"https:\/\/esbozodeportivo.com\/#\/schema\/logo\/image\/"}},{"@type":"Person","@id":"https:\/\/esbozodeportivo.com\/#\/schema\/person\/0f6df9196dfe6740dd0bb31bae50d374","name":"Redacci\u00f3n","image":{"@type":"ImageObject","inLanguage":"es","@id":"https:\/\/esbozodeportivo.com\/#\/schema\/person\/image\/","url":"https:\/\/secure.gravatar.com\/avatar\/f55268a89c3b418f2ef172ff52ab0d09b3e653c58de29539fe329fb93d78ebf3?s=96&d=mm&r=g","contentUrl":"https:\/\/secure.gravatar.com\/avatar\/f55268a89c3b418f2ef172ff52ab0d09b3e653c58de29539fe329fb93d78ebf3?s=96&d=mm&r=g","caption":"Redacci\u00f3n"},"url":"https:\/\/esbozodeportivo.com\/index.php\/author\/redaccion\/"}]}},"jetpack_featured_media_url":"https:\/\/esbozodeportivo.com\/wp-content\/uploads\/2025\/04\/Nelson.jpg","jetpack_sharing_enabled":true,"_links":{"self":[{"href":"https:\/\/esbozodeportivo.com\/index.php\/wp-json\/wp\/v2\/posts\/6666","targetHints":{"allow":["GET"]}}],"collection":[{"href":"https:\/\/esbozodeportivo.com\/index.php\/wp-json\/wp\/v2\/posts"}],"about":[{"href":"https:\/\/esbozodeportivo.com\/index.php\/wp-json\/wp\/v2\/types\/post"}],"author":[{"embeddable":true,"href":"https:\/\/esbozodeportivo.com\/index.php\/wp-json\/wp\/v2\/users\/4"}],"replies":[{"embeddable":true,"href":"https:\/\/esbozodeportivo.com\/index.php\/wp-json\/wp\/v2\/comments?post=6666"}],"version-history":[{"count":1,"href":"https:\/\/esbozodeportivo.com\/index.php\/wp-json\/wp\/v2\/posts\/6666\/revisions"}],"predecessor-version":[{"id":6673,"href":"https:\/\/esbozodeportivo.com\/index.php\/wp-json\/wp\/v2\/posts\/6666\/revisions\/6673"}],"wp:featuredmedia":[{"embeddable":true,"href":"https:\/\/esbozodeportivo.com\/index.php\/wp-json\/wp\/v2\/media\/6668"}],"wp:attachment":[{"href":"https:\/\/esbozodeportivo.com\/index.php\/wp-json\/wp\/v2\/media?parent=6666"}],"wp:term":[{"taxonomy":"category","embeddable":true,"href":"https:\/\/esbozodeportivo.com\/index.php\/wp-json\/wp\/v2\/categories?post=6666"},{"taxonomy":"post_tag","embeddable":true,"href":"https:\/\/esbozodeportivo.com\/index.php\/wp-json\/wp\/v2\/tags?post=6666"}],"curies":[{"name":"wp","href":"https:\/\/api.w.org\/{rel}","templated":true}]}}