{"id":6723,"date":"2025-04-03T00:41:40","date_gmt":"2025-04-03T06:41:40","guid":{"rendered":"https:\/\/esbozodeportivo.com\/?p=6723"},"modified":"2025-04-03T00:41:41","modified_gmt":"2025-04-03T06:41:41","slug":"hay-interes-por-sergio-perez","status":"publish","type":"post","link":"https:\/\/esbozodeportivo.com\/index.php\/2025\/04\/03\/hay-interes-por-sergio-perez\/","title":{"rendered":"Hay inter\u00e9s por Sergio P\u00e9rez"},"content":{"rendered":"\n<p>(Foto: Agencias) <\/p>\n\n\n\n<p>LONDRES.- <strong>Sergio P\u00e9rez<\/strong> asegur\u00f3 que est\u00e1 en conversaciones con equipos de la <strong>F\u00f3rmula Uno<\/strong> para regresar a la parrilla despu\u00e9s de que Red Bull rescindi\u00f3 su contrato dos a\u00f1os antes de lo previsto.<\/p>\n\n\n\n<p>Ganador de seis carreras a lo largo de 14 a\u00f1os en la <strong>F1,<\/strong> <strong>P\u00e9rez <\/strong>fue reemplazado en <strong>Red Bull<\/strong> esta temporada por <strong>Liam Lawson,<\/strong> quien tambi\u00e9n tuvo dificultades y perdi\u00f3 su asiento en el equipo.<\/p>\n\n\n\n<p>\u201cEspecialmente el a\u00f1o pasado, no pude mostrar lo que soy capaz de hacer como piloto. Ahora, de repente, la gente se da cuenta de lo dif\u00edcil que es conducir el coche\u201d, dijo P\u00e9rez en una entrevista con el sitio web de la F1.<\/p>\n\n\n\n<p>El mexicano de 35 a\u00f1os dijo que hab\u00eda sido \u201ccontactado por algunos equipos desde <strong>Abu Dabi<\/strong>\u201d, en referencia a su \u00faltima carrera en diciembre pasado como compa\u00f1ero del campe\u00f3n <strong>Max Verstappen.<\/strong><\/p>\n\n\n\n<p>\u201cHay algunos proyectos muy interesantes por ah\u00ed\u201d, expres\u00f3. \u201cEs bueno estar en esta posici\u00f3n sabiendo que la gente est\u00e1 interesada en ti como piloto\u201d.<\/p>\n\n\n\n<p><\/p>\n","protected":false},"excerpt":{"rendered":"<p>(Foto: Agencias) LONDRES.- Sergio P\u00e9rez asegur\u00f3 que est\u00e1 en conversaciones con equipos de la F\u00f3rmula<\/p>\n","protected":false},"author":4,"featured_media":6724,"comment_status":"closed","ping_status":"open","sticky":false,"template":"","format":"standard","meta":{"_jetpack_memberships_contains_paid_content":false,"footnotes":""},"categories":[44],"tags":[],"class_list":["post-6723","post","type-post","status-publish","format-standard","has-post-thumbnail","hentry","category-formula-1"],"yoast_head":"<!-- This site is optimized with the Yoast SEO plugin v25.7 - https:\/\/yoast.com\/wordpress\/plugins\/seo\/ -->\n<title>Hay inter\u00e9s por Sergio P\u00e9rez - Esbozo Deportivo<\/title>\n<meta name=\"description\" content=\"Sergio P\u00e9rez asegur\u00f3 que est\u00e1 en conversaciones con equipos de la F\u00f3rmula Uno para regresar a la parrilla despu\u00e9s de que Red Bull rescindi\u00f3 su contrato dos a\u00f1os antes de lo previsto.\" \/>\n<meta name=\"robots\" content=\"index, follow, max-snippet:-1, max-image-preview:large, max-video-preview:-1\" \/>\n<link rel=\"canonical\" href=\"https:\/\/esbozodeportivo.com\/index.php\/2025\/04\/03\/hay-interes-por-sergio-perez\/\" \/>\n<meta property=\"og:locale\" content=\"es_MX\" \/>\n<meta property=\"og:type\" content=\"article\" \/>\n<meta property=\"og:title\" content=\"Hay inter\u00e9s por Sergio P\u00e9rez - Esbozo Deportivo\" \/>\n<meta property=\"og:description\" content=\"Sergio P\u00e9rez asegur\u00f3 que est\u00e1 en conversaciones con equipos de la F\u00f3rmula Uno para regresar a la parrilla despu\u00e9s de que Red Bull rescindi\u00f3 su contrato dos a\u00f1os antes de lo previsto.\" \/>\n<meta property=\"og:url\" content=\"https:\/\/esbozodeportivo.com\/index.php\/2025\/04\/03\/hay-interes-por-sergio-perez\/\" \/>\n<meta property=\"og:site_name\" content=\"Esbozo Deportivo\" \/>\n<meta property=\"article:published_time\" content=\"2025-04-03T06:41:40+00:00\" \/>\n<meta property=\"article:modified_time\" content=\"2025-04-03T06:41:41+00:00\" \/>\n<meta property=\"og:image\" content=\"https:\/\/esbozodeportivo.com\/wp-content\/uploads\/2025\/04\/Checo.jpg\" \/>\n\t<meta property=\"og:image:width\" content=\"980\" \/>\n\t<meta property=\"og:image:height\" content=\"653\" \/>\n\t<meta property=\"og:image:type\" content=\"image\/jpeg\" \/>\n<meta name=\"author\" content=\"Redacci\u00f3n\" \/>\n<meta name=\"twitter:card\" content=\"summary_large_image\" \/>\n<meta name=\"twitter:label1\" content=\"Escrito por\" \/>\n\t<meta name=\"twitter:data1\" content=\"Redacci\u00f3n\" \/>\n\t<meta name=\"twitter:label2\" content=\"Tiempo de lectura\" \/>\n\t<meta name=\"twitter:data2\" content=\"1 minuto\" \/>\n<script type=\"application\/ld+json\" class=\"yoast-schema-graph\">{\"@context\":\"https:\/\/schema.org\",\"@graph\":[{\"@type\":\"Article\",\"@id\":\"https:\/\/esbozodeportivo.com\/index.php\/2025\/04\/03\/hay-interes-por-sergio-perez\/#article\",\"isPartOf\":{\"@id\":\"https:\/\/esbozodeportivo.com\/index.php\/2025\/04\/03\/hay-interes-por-sergio-perez\/\"},\"author\":{\"name\":\"Redacci\u00f3n\",\"@id\":\"https:\/\/esbozodeportivo.com\/#\/schema\/person\/0f6df9196dfe6740dd0bb31bae50d374\"},\"headline\":\"Hay inter\u00e9s por Sergio P\u00e9rez\",\"datePublished\":\"2025-04-03T06:41:40+00:00\",\"dateModified\":\"2025-04-03T06:41:41+00:00\",\"mainEntityOfPage\":{\"@id\":\"https:\/\/esbozodeportivo.com\/index.php\/2025\/04\/03\/hay-interes-por-sergio-perez\/\"},\"wordCount\":189,\"publisher\":{\"@id\":\"https:\/\/esbozodeportivo.com\/#organization\"},\"image\":{\"@id\":\"https:\/\/esbozodeportivo.com\/index.php\/2025\/04\/03\/hay-interes-por-sergio-perez\/#primaryimage\"},\"thumbnailUrl\":\"https:\/\/esbozodeportivo.com\/wp-content\/uploads\/2025\/04\/Checo.jpg\",\"articleSection\":[\"F\u00f3rmula 1\"],\"inLanguage\":\"es\"},{\"@type\":\"WebPage\",\"@id\":\"https:\/\/esbozodeportivo.com\/index.php\/2025\/04\/03\/hay-interes-por-sergio-perez\/\",\"url\":\"https:\/\/esbozodeportivo.com\/index.php\/2025\/04\/03\/hay-interes-por-sergio-perez\/\",\"name\":\"Hay inter\u00e9s por Sergio P\u00e9rez - Esbozo Deportivo\",\"isPartOf\":{\"@id\":\"https:\/\/esbozodeportivo.com\/#website\"},\"primaryImageOfPage\":{\"@id\":\"https:\/\/esbozodeportivo.com\/index.php\/2025\/04\/03\/hay-interes-por-sergio-perez\/#primaryimage\"},\"image\":{\"@id\":\"https:\/\/esbozodeportivo.com\/index.php\/2025\/04\/03\/hay-interes-por-sergio-perez\/#primaryimage\"},\"thumbnailUrl\":\"https:\/\/esbozodeportivo.com\/wp-content\/uploads\/2025\/04\/Checo.jpg\",\"datePublished\":\"2025-04-03T06:41:40+00:00\",\"dateModified\":\"2025-04-03T06:41:41+00:00\",\"description\":\"Sergio P\u00e9rez asegur\u00f3 que est\u00e1 en conversaciones con equipos de la F\u00f3rmula Uno para regresar a la parrilla despu\u00e9s de que Red Bull rescindi\u00f3 su contrato dos a\u00f1os antes de lo previsto.\",\"breadcrumb\":{\"@id\":\"https:\/\/esbozodeportivo.com\/index.php\/2025\/04\/03\/hay-interes-por-sergio-perez\/#breadcrumb\"},\"inLanguage\":\"es\",\"potentialAction\":[{\"@type\":\"ReadAction\",\"target\":[\"https:\/\/esbozodeportivo.com\/index.php\/2025\/04\/03\/hay-interes-por-sergio-perez\/\"]}]},{\"@type\":\"ImageObject\",\"inLanguage\":\"es\",\"@id\":\"https:\/\/esbozodeportivo.com\/index.php\/2025\/04\/03\/hay-interes-por-sergio-perez\/#primaryimage\",\"url\":\"https:\/\/esbozodeportivo.com\/wp-content\/uploads\/2025\/04\/Checo.jpg\",\"contentUrl\":\"https:\/\/esbozodeportivo.com\/wp-content\/uploads\/2025\/04\/Checo.jpg\",\"width\":980,\"height\":653},{\"@type\":\"BreadcrumbList\",\"@id\":\"https:\/\/esbozodeportivo.com\/index.php\/2025\/04\/03\/hay-interes-por-sergio-perez\/#breadcrumb\",\"itemListElement\":[{\"@type\":\"ListItem\",\"position\":1,\"name\":\"Inicio\",\"item\":\"https:\/\/esbozodeportivo.com\/\"},{\"@type\":\"ListItem\",\"position\":2,\"name\":\"Hay inter\u00e9s por Sergio P\u00e9rez\"}]},{\"@type\":\"WebSite\",\"@id\":\"https:\/\/esbozodeportivo.com\/#website\",\"url\":\"https:\/\/esbozodeportivo.com\/\",\"name\":\"Esbozo Deportivo\",\"description\":\"Lo m\u00e1s importante del Deporte\",\"publisher\":{\"@id\":\"https:\/\/esbozodeportivo.com\/#organization\"},\"potentialAction\":[{\"@type\":\"SearchAction\",\"target\":{\"@type\":\"EntryPoint\",\"urlTemplate\":\"https:\/\/esbozodeportivo.com\/?s={search_term_string}\"},\"query-input\":{\"@type\":\"PropertyValueSpecification\",\"valueRequired\":true,\"valueName\":\"search_term_string\"}}],\"inLanguage\":\"es\"},{\"@type\":\"Organization\",\"@id\":\"https:\/\/esbozodeportivo.com\/#organization\",\"name\":\"Esbozo Deportivo\",\"url\":\"https:\/\/esbozodeportivo.com\/\",\"logo\":{\"@type\":\"ImageObject\",\"inLanguage\":\"es\",\"@id\":\"https:\/\/esbozodeportivo.com\/#\/schema\/logo\/image\/\",\"url\":\"https:\/\/esbozodeportivo.com\/wp-content\/uploads\/2022\/08\/cropped-Logo-Esbozo-Web-2.png\",\"contentUrl\":\"https:\/\/esbozodeportivo.com\/wp-content\/uploads\/2022\/08\/cropped-Logo-Esbozo-Web-2.png\",\"width\":180,\"height\":50,\"caption\":\"Esbozo Deportivo\"},\"image\":{\"@id\":\"https:\/\/esbozodeportivo.com\/#\/schema\/logo\/image\/\"}},{\"@type\":\"Person\",\"@id\":\"https:\/\/esbozodeportivo.com\/#\/schema\/person\/0f6df9196dfe6740dd0bb31bae50d374\",\"name\":\"Redacci\u00f3n\",\"image\":{\"@type\":\"ImageObject\",\"inLanguage\":\"es\",\"@id\":\"https:\/\/esbozodeportivo.com\/#\/schema\/person\/image\/\",\"url\":\"https:\/\/secure.gravatar.com\/avatar\/f55268a89c3b418f2ef172ff52ab0d09b3e653c58de29539fe329fb93d78ebf3?s=96&d=mm&r=g\",\"contentUrl\":\"https:\/\/secure.gravatar.com\/avatar\/f55268a89c3b418f2ef172ff52ab0d09b3e653c58de29539fe329fb93d78ebf3?s=96&d=mm&r=g\",\"caption\":\"Redacci\u00f3n\"},\"url\":\"https:\/\/esbozodeportivo.com\/index.php\/author\/redaccion\/\"}]}<\/script>\n<!-- \/ Yoast SEO plugin. -->","yoast_head_json":{"title":"Hay inter\u00e9s por Sergio P\u00e9rez - Esbozo Deportivo","description":"Sergio P\u00e9rez asegur\u00f3 que est\u00e1 en conversaciones con equipos de la F\u00f3rmula Uno para regresar a la parrilla despu\u00e9s de que Red Bull rescindi\u00f3 su contrato dos a\u00f1os antes de lo previsto.","robots":{"index":"index","follow":"follow","max-snippet":"max-snippet:-1","max-image-preview":"max-image-preview:large","max-video-preview":"max-video-preview:-1"},"canonical":"https:\/\/esbozodeportivo.com\/index.php\/2025\/04\/03\/hay-interes-por-sergio-perez\/","og_locale":"es_MX","og_type":"article","og_title":"Hay inter\u00e9s por Sergio P\u00e9rez - Esbozo Deportivo","og_description":"Sergio P\u00e9rez asegur\u00f3 que est\u00e1 en conversaciones con equipos de la F\u00f3rmula Uno para regresar a la parrilla despu\u00e9s de que Red Bull rescindi\u00f3 su contrato dos a\u00f1os antes de lo previsto.","og_url":"https:\/\/esbozodeportivo.com\/index.php\/2025\/04\/03\/hay-interes-por-sergio-perez\/","og_site_name":"Esbozo Deportivo","article_published_time":"2025-04-03T06:41:40+00:00","article_modified_time":"2025-04-03T06:41:41+00:00","og_image":[{"width":980,"height":653,"url":"https:\/\/esbozodeportivo.com\/wp-content\/uploads\/2025\/04\/Checo.jpg","type":"image\/jpeg"}],"author":"Redacci\u00f3n","twitter_card":"summary_large_image","twitter_misc":{"Escrito por":"Redacci\u00f3n","Tiempo de lectura":"1 minuto"},"schema":{"@context":"https:\/\/schema.org","@graph":[{"@type":"Article","@id":"https:\/\/esbozodeportivo.com\/index.php\/2025\/04\/03\/hay-interes-por-sergio-perez\/#article","isPartOf":{"@id":"https:\/\/esbozodeportivo.com\/index.php\/2025\/04\/03\/hay-interes-por-sergio-perez\/"},"author":{"name":"Redacci\u00f3n","@id":"https:\/\/esbozodeportivo.com\/#\/schema\/person\/0f6df9196dfe6740dd0bb31bae50d374"},"headline":"Hay inter\u00e9s por Sergio P\u00e9rez","datePublished":"2025-04-03T06:41:40+00:00","dateModified":"2025-04-03T06:41:41+00:00","mainEntityOfPage":{"@id":"https:\/\/esbozodeportivo.com\/index.php\/2025\/04\/03\/hay-interes-por-sergio-perez\/"},"wordCount":189,"publisher":{"@id":"https:\/\/esbozodeportivo.com\/#organization"},"image":{"@id":"https:\/\/esbozodeportivo.com\/index.php\/2025\/04\/03\/hay-interes-por-sergio-perez\/#primaryimage"},"thumbnailUrl":"https:\/\/esbozodeportivo.com\/wp-content\/uploads\/2025\/04\/Checo.jpg","articleSection":["F\u00f3rmula 1"],"inLanguage":"es"},{"@type":"WebPage","@id":"https:\/\/esbozodeportivo.com\/index.php\/2025\/04\/03\/hay-interes-por-sergio-perez\/","url":"https:\/\/esbozodeportivo.com\/index.php\/2025\/04\/03\/hay-interes-por-sergio-perez\/","name":"Hay inter\u00e9s por Sergio P\u00e9rez - Esbozo Deportivo","isPartOf":{"@id":"https:\/\/esbozodeportivo.com\/#website"},"primaryImageOfPage":{"@id":"https:\/\/esbozodeportivo.com\/index.php\/2025\/04\/03\/hay-interes-por-sergio-perez\/#primaryimage"},"image":{"@id":"https:\/\/esbozodeportivo.com\/index.php\/2025\/04\/03\/hay-interes-por-sergio-perez\/#primaryimage"},"thumbnailUrl":"https:\/\/esbozodeportivo.com\/wp-content\/uploads\/2025\/04\/Checo.jpg","datePublished":"2025-04-03T06:41:40+00:00","dateModified":"2025-04-03T06:41:41+00:00","description":"Sergio P\u00e9rez asegur\u00f3 que est\u00e1 en conversaciones con equipos de la F\u00f3rmula Uno para regresar a la parrilla despu\u00e9s de que Red Bull rescindi\u00f3 su contrato dos a\u00f1os antes de lo previsto.","breadcrumb":{"@id":"https:\/\/esbozodeportivo.com\/index.php\/2025\/04\/03\/hay-interes-por-sergio-perez\/#breadcrumb"},"inLanguage":"es","potentialAction":[{"@type":"ReadAction","target":["https:\/\/esbozodeportivo.com\/index.php\/2025\/04\/03\/hay-interes-por-sergio-perez\/"]}]},{"@type":"ImageObject","inLanguage":"es","@id":"https:\/\/esbozodeportivo.com\/index.php\/2025\/04\/03\/hay-interes-por-sergio-perez\/#primaryimage","url":"https:\/\/esbozodeportivo.com\/wp-content\/uploads\/2025\/04\/Checo.jpg","contentUrl":"https:\/\/esbozodeportivo.com\/wp-content\/uploads\/2025\/04\/Checo.jpg","width":980,"height":653},{"@type":"BreadcrumbList","@id":"https:\/\/esbozodeportivo.com\/index.php\/2025\/04\/03\/hay-interes-por-sergio-perez\/#breadcrumb","itemListElement":[{"@type":"ListItem","position":1,"name":"Inicio","item":"https:\/\/esbozodeportivo.com\/"},{"@type":"ListItem","position":2,"name":"Hay inter\u00e9s por Sergio P\u00e9rez"}]},{"@type":"WebSite","@id":"https:\/\/esbozodeportivo.com\/#website","url":"https:\/\/esbozodeportivo.com\/","name":"Esbozo Deportivo","description":"Lo m\u00e1s importante del Deporte","publisher":{"@id":"https:\/\/esbozodeportivo.com\/#organization"},"potentialAction":[{"@type":"SearchAction","target":{"@type":"EntryPoint","urlTemplate":"https:\/\/esbozodeportivo.com\/?s={search_term_string}"},"query-input":{"@type":"PropertyValueSpecification","valueRequired":true,"valueName":"search_term_string"}}],"inLanguage":"es"},{"@type":"Organization","@id":"https:\/\/esbozodeportivo.com\/#organization","name":"Esbozo Deportivo","url":"https:\/\/esbozodeportivo.com\/","logo":{"@type":"ImageObject","inLanguage":"es","@id":"https:\/\/esbozodeportivo.com\/#\/schema\/logo\/image\/","url":"https:\/\/esbozodeportivo.com\/wp-content\/uploads\/2022\/08\/cropped-Logo-Esbozo-Web-2.png","contentUrl":"https:\/\/esbozodeportivo.com\/wp-content\/uploads\/2022\/08\/cropped-Logo-Esbozo-Web-2.png","width":180,"height":50,"caption":"Esbozo Deportivo"},"image":{"@id":"https:\/\/esbozodeportivo.com\/#\/schema\/logo\/image\/"}},{"@type":"Person","@id":"https:\/\/esbozodeportivo.com\/#\/schema\/person\/0f6df9196dfe6740dd0bb31bae50d374","name":"Redacci\u00f3n","image":{"@type":"ImageObject","inLanguage":"es","@id":"https:\/\/esbozodeportivo.com\/#\/schema\/person\/image\/","url":"https:\/\/secure.gravatar.com\/avatar\/f55268a89c3b418f2ef172ff52ab0d09b3e653c58de29539fe329fb93d78ebf3?s=96&d=mm&r=g","contentUrl":"https:\/\/secure.gravatar.com\/avatar\/f55268a89c3b418f2ef172ff52ab0d09b3e653c58de29539fe329fb93d78ebf3?s=96&d=mm&r=g","caption":"Redacci\u00f3n"},"url":"https:\/\/esbozodeportivo.com\/index.php\/author\/redaccion\/"}]}},"jetpack_featured_media_url":"https:\/\/esbozodeportivo.com\/wp-content\/uploads\/2025\/04\/Checo.jpg","jetpack_sharing_enabled":true,"_links":{"self":[{"href":"https:\/\/esbozodeportivo.com\/index.php\/wp-json\/wp\/v2\/posts\/6723","targetHints":{"allow":["GET"]}}],"collection":[{"href":"https:\/\/esbozodeportivo.com\/index.php\/wp-json\/wp\/v2\/posts"}],"about":[{"href":"https:\/\/esbozodeportivo.com\/index.php\/wp-json\/wp\/v2\/types\/post"}],"author":[{"embeddable":true,"href":"https:\/\/esbozodeportivo.com\/index.php\/wp-json\/wp\/v2\/users\/4"}],"replies":[{"embeddable":true,"href":"https:\/\/esbozodeportivo.com\/index.php\/wp-json\/wp\/v2\/comments?post=6723"}],"version-history":[{"count":1,"href":"https:\/\/esbozodeportivo.com\/index.php\/wp-json\/wp\/v2\/posts\/6723\/revisions"}],"predecessor-version":[{"id":6725,"href":"https:\/\/esbozodeportivo.com\/index.php\/wp-json\/wp\/v2\/posts\/6723\/revisions\/6725"}],"wp:featuredmedia":[{"embeddable":true,"href":"https:\/\/esbozodeportivo.com\/index.php\/wp-json\/wp\/v2\/media\/6724"}],"wp:attachment":[{"href":"https:\/\/esbozodeportivo.com\/index.php\/wp-json\/wp\/v2\/media?parent=6723"}],"wp:term":[{"taxonomy":"category","embeddable":true,"href":"https:\/\/esbozodeportivo.com\/index.php\/wp-json\/wp\/v2\/categories?post=6723"},{"taxonomy":"post_tag","embeddable":true,"href":"https:\/\/esbozodeportivo.com\/index.php\/wp-json\/wp\/v2\/tags?post=6723"}],"curies":[{"name":"wp","href":"https:\/\/api.w.org\/{rel}","templated":true}]}}