{"id":6771,"date":"2025-04-04T23:01:04","date_gmt":"2025-04-05T05:01:04","guid":{"rendered":"https:\/\/esbozodeportivo.com\/?p=6771"},"modified":"2025-04-04T23:01:05","modified_gmt":"2025-04-05T05:01:05","slug":"el-tas-fija-fecha-de-audiencia-para-el-leon","status":"publish","type":"post","link":"https:\/\/esbozodeportivo.com\/index.php\/2025\/04\/04\/el-tas-fija-fecha-de-audiencia-para-el-leon\/","title":{"rendered":"El TAS fija fecha de audiencia para el Le\u00f3n"},"content":{"rendered":"\n<p>LAUSANA, Suiza.- El <strong>Tribunal de Arbitraje Deportivo<\/strong> dijo el viernes que realizar\u00e1 un proceso expedito el pr\u00f3ximo mes para tramitar la apelaci\u00f3n del <strong>club mexicano Le\u00f3n<\/strong>, que intenta revocar una decisi\u00f3n de la <strong>FIFA<\/strong> de expulsarlo del <strong>Mundial de Clubes<\/strong> en <strong>Estados Unidos<\/strong>.<\/p>\n\n\n\n<p>La m\u00e1xima instancia judicial del deportivo indic\u00f3 el <strong>Le\u00f3n<\/strong> y su club hermano <strong>Pachuca <\/strong>han presentado por separado apelaciones contra un fallo de la <strong>FIFA<\/strong> del mes pasado que establece que, dado que tienen el mismo propietario, no pueden ambos jugar en el <strong>Mundial de Clubes<\/strong>.<\/p>\n\n\n\n<p>\u201cEl <strong>Club Le\u00f3n<\/strong> present\u00f3 una apelaci\u00f3n adicional contra la decisi\u00f3n del secretario general de la <strong>FIFA<\/strong> con el fin de que se le reincorpore a dicha competici\u00f3n\u201d, dijo el tribunal en un comunicado.<\/p>\n\n\n\n<p>\u201cLas partes est\u00e1n intercambiando los escritos en relaci\u00f3n con estas apelaciones de conformidad con las normas de arbitraje que rigen los procedimientos del <strong>TAS. <\/strong>Las apelaciones se tramitar\u00e1n conforme al procedimiento acelerado acordado por las partes y la audiencia se celebrar\u00e1 durante la semana del 5 de mayo de 2025\u201d, a\u00f1adi\u00f3.<\/p>\n\n\n\n<p><\/p>\n","protected":false},"excerpt":{"rendered":"<p>LAUSANA, Suiza.- El Tribunal de Arbitraje Deportivo dijo el viernes que realizar\u00e1 un proceso expedito<\/p>\n","protected":false},"author":4,"featured_media":6774,"comment_status":"closed","ping_status":"open","sticky":false,"template":"","format":"standard","meta":{"_jetpack_memberships_contains_paid_content":false,"footnotes":""},"categories":[76],"tags":[],"class_list":["post-6771","post","type-post","status-publish","format-standard","has-post-thumbnail","hentry","category-mundial-de-clubes"],"yoast_head":"<!-- This site is optimized with the Yoast SEO plugin v25.7 - https:\/\/yoast.com\/wordpress\/plugins\/seo\/ -->\n<title>El TAS fija fecha de audiencia para el Le\u00f3n - Esbozo Deportivo<\/title>\n<meta name=\"description\" content=\"El Tribunal de Arbitraje Deportivo dijo el viernes que realizar\u00e1 un proceso expedito el pr\u00f3ximo mes para tramitar la apelaci\u00f3n del club mexicano Le\u00f3n, que intenta revocar una decisi\u00f3n de la FIFA de expulsarlo del Mundial de Clubes en Estados Unidos.\" \/>\n<meta name=\"robots\" content=\"index, follow, max-snippet:-1, max-image-preview:large, max-video-preview:-1\" \/>\n<link rel=\"canonical\" href=\"https:\/\/esbozodeportivo.com\/index.php\/2025\/04\/04\/el-tas-fija-fecha-de-audiencia-para-el-leon\/\" \/>\n<meta property=\"og:locale\" content=\"es_MX\" \/>\n<meta property=\"og:type\" content=\"article\" \/>\n<meta property=\"og:title\" content=\"El TAS fija fecha de audiencia para el Le\u00f3n - Esbozo Deportivo\" \/>\n<meta property=\"og:description\" content=\"El Tribunal de Arbitraje Deportivo dijo el viernes que realizar\u00e1 un proceso expedito el pr\u00f3ximo mes para tramitar la apelaci\u00f3n del club mexicano Le\u00f3n, que intenta revocar una decisi\u00f3n de la FIFA de expulsarlo del Mundial de Clubes en Estados Unidos.\" \/>\n<meta property=\"og:url\" content=\"https:\/\/esbozodeportivo.com\/index.php\/2025\/04\/04\/el-tas-fija-fecha-de-audiencia-para-el-leon\/\" \/>\n<meta property=\"og:site_name\" content=\"Esbozo Deportivo\" \/>\n<meta property=\"article:published_time\" content=\"2025-04-05T05:01:04+00:00\" \/>\n<meta property=\"article:modified_time\" content=\"2025-04-05T05:01:05+00:00\" \/>\n<meta property=\"og:image\" content=\"https:\/\/esbozodeportivo.com\/wp-content\/uploads\/2025\/04\/Leon.jpg\" \/>\n\t<meta property=\"og:image:width\" content=\"980\" \/>\n\t<meta property=\"og:image:height\" content=\"653\" \/>\n\t<meta property=\"og:image:type\" content=\"image\/jpeg\" \/>\n<meta name=\"author\" content=\"Redacci\u00f3n\" \/>\n<meta name=\"twitter:card\" content=\"summary_large_image\" \/>\n<meta name=\"twitter:label1\" content=\"Escrito por\" \/>\n\t<meta name=\"twitter:data1\" content=\"Redacci\u00f3n\" \/>\n\t<meta name=\"twitter:label2\" content=\"Tiempo de lectura\" \/>\n\t<meta name=\"twitter:data2\" content=\"1 minuto\" \/>\n<script type=\"application\/ld+json\" class=\"yoast-schema-graph\">{\"@context\":\"https:\/\/schema.org\",\"@graph\":[{\"@type\":\"Article\",\"@id\":\"https:\/\/esbozodeportivo.com\/index.php\/2025\/04\/04\/el-tas-fija-fecha-de-audiencia-para-el-leon\/#article\",\"isPartOf\":{\"@id\":\"https:\/\/esbozodeportivo.com\/index.php\/2025\/04\/04\/el-tas-fija-fecha-de-audiencia-para-el-leon\/\"},\"author\":{\"name\":\"Redacci\u00f3n\",\"@id\":\"https:\/\/esbozodeportivo.com\/#\/schema\/person\/0f6df9196dfe6740dd0bb31bae50d374\"},\"headline\":\"El TAS fija fecha de audiencia para el Le\u00f3n\",\"datePublished\":\"2025-04-05T05:01:04+00:00\",\"dateModified\":\"2025-04-05T05:01:05+00:00\",\"mainEntityOfPage\":{\"@id\":\"https:\/\/esbozodeportivo.com\/index.php\/2025\/04\/04\/el-tas-fija-fecha-de-audiencia-para-el-leon\/\"},\"wordCount\":196,\"publisher\":{\"@id\":\"https:\/\/esbozodeportivo.com\/#organization\"},\"image\":{\"@id\":\"https:\/\/esbozodeportivo.com\/index.php\/2025\/04\/04\/el-tas-fija-fecha-de-audiencia-para-el-leon\/#primaryimage\"},\"thumbnailUrl\":\"https:\/\/esbozodeportivo.com\/wp-content\/uploads\/2025\/04\/Leon.jpg\",\"articleSection\":[\"Mundial de Clubes\"],\"inLanguage\":\"es\"},{\"@type\":\"WebPage\",\"@id\":\"https:\/\/esbozodeportivo.com\/index.php\/2025\/04\/04\/el-tas-fija-fecha-de-audiencia-para-el-leon\/\",\"url\":\"https:\/\/esbozodeportivo.com\/index.php\/2025\/04\/04\/el-tas-fija-fecha-de-audiencia-para-el-leon\/\",\"name\":\"El TAS fija fecha de audiencia para el Le\u00f3n - Esbozo Deportivo\",\"isPartOf\":{\"@id\":\"https:\/\/esbozodeportivo.com\/#website\"},\"primaryImageOfPage\":{\"@id\":\"https:\/\/esbozodeportivo.com\/index.php\/2025\/04\/04\/el-tas-fija-fecha-de-audiencia-para-el-leon\/#primaryimage\"},\"image\":{\"@id\":\"https:\/\/esbozodeportivo.com\/index.php\/2025\/04\/04\/el-tas-fija-fecha-de-audiencia-para-el-leon\/#primaryimage\"},\"thumbnailUrl\":\"https:\/\/esbozodeportivo.com\/wp-content\/uploads\/2025\/04\/Leon.jpg\",\"datePublished\":\"2025-04-05T05:01:04+00:00\",\"dateModified\":\"2025-04-05T05:01:05+00:00\",\"description\":\"El Tribunal de Arbitraje Deportivo dijo el viernes que realizar\u00e1 un proceso expedito el pr\u00f3ximo mes para tramitar la apelaci\u00f3n del club mexicano Le\u00f3n, que intenta revocar una decisi\u00f3n de la FIFA de expulsarlo del Mundial de Clubes en Estados Unidos.\",\"breadcrumb\":{\"@id\":\"https:\/\/esbozodeportivo.com\/index.php\/2025\/04\/04\/el-tas-fija-fecha-de-audiencia-para-el-leon\/#breadcrumb\"},\"inLanguage\":\"es\",\"potentialAction\":[{\"@type\":\"ReadAction\",\"target\":[\"https:\/\/esbozodeportivo.com\/index.php\/2025\/04\/04\/el-tas-fija-fecha-de-audiencia-para-el-leon\/\"]}]},{\"@type\":\"ImageObject\",\"inLanguage\":\"es\",\"@id\":\"https:\/\/esbozodeportivo.com\/index.php\/2025\/04\/04\/el-tas-fija-fecha-de-audiencia-para-el-leon\/#primaryimage\",\"url\":\"https:\/\/esbozodeportivo.com\/wp-content\/uploads\/2025\/04\/Leon.jpg\",\"contentUrl\":\"https:\/\/esbozodeportivo.com\/wp-content\/uploads\/2025\/04\/Leon.jpg\",\"width\":980,\"height\":653},{\"@type\":\"BreadcrumbList\",\"@id\":\"https:\/\/esbozodeportivo.com\/index.php\/2025\/04\/04\/el-tas-fija-fecha-de-audiencia-para-el-leon\/#breadcrumb\",\"itemListElement\":[{\"@type\":\"ListItem\",\"position\":1,\"name\":\"Inicio\",\"item\":\"https:\/\/esbozodeportivo.com\/\"},{\"@type\":\"ListItem\",\"position\":2,\"name\":\"El TAS fija fecha de audiencia para el Le\u00f3n\"}]},{\"@type\":\"WebSite\",\"@id\":\"https:\/\/esbozodeportivo.com\/#website\",\"url\":\"https:\/\/esbozodeportivo.com\/\",\"name\":\"Esbozo Deportivo\",\"description\":\"Lo m\u00e1s importante del Deporte\",\"publisher\":{\"@id\":\"https:\/\/esbozodeportivo.com\/#organization\"},\"potentialAction\":[{\"@type\":\"SearchAction\",\"target\":{\"@type\":\"EntryPoint\",\"urlTemplate\":\"https:\/\/esbozodeportivo.com\/?s={search_term_string}\"},\"query-input\":{\"@type\":\"PropertyValueSpecification\",\"valueRequired\":true,\"valueName\":\"search_term_string\"}}],\"inLanguage\":\"es\"},{\"@type\":\"Organization\",\"@id\":\"https:\/\/esbozodeportivo.com\/#organization\",\"name\":\"Esbozo Deportivo\",\"url\":\"https:\/\/esbozodeportivo.com\/\",\"logo\":{\"@type\":\"ImageObject\",\"inLanguage\":\"es\",\"@id\":\"https:\/\/esbozodeportivo.com\/#\/schema\/logo\/image\/\",\"url\":\"https:\/\/esbozodeportivo.com\/wp-content\/uploads\/2022\/08\/cropped-Logo-Esbozo-Web-2.png\",\"contentUrl\":\"https:\/\/esbozodeportivo.com\/wp-content\/uploads\/2022\/08\/cropped-Logo-Esbozo-Web-2.png\",\"width\":180,\"height\":50,\"caption\":\"Esbozo Deportivo\"},\"image\":{\"@id\":\"https:\/\/esbozodeportivo.com\/#\/schema\/logo\/image\/\"}},{\"@type\":\"Person\",\"@id\":\"https:\/\/esbozodeportivo.com\/#\/schema\/person\/0f6df9196dfe6740dd0bb31bae50d374\",\"name\":\"Redacci\u00f3n\",\"image\":{\"@type\":\"ImageObject\",\"inLanguage\":\"es\",\"@id\":\"https:\/\/esbozodeportivo.com\/#\/schema\/person\/image\/\",\"url\":\"https:\/\/secure.gravatar.com\/avatar\/f55268a89c3b418f2ef172ff52ab0d09b3e653c58de29539fe329fb93d78ebf3?s=96&d=mm&r=g\",\"contentUrl\":\"https:\/\/secure.gravatar.com\/avatar\/f55268a89c3b418f2ef172ff52ab0d09b3e653c58de29539fe329fb93d78ebf3?s=96&d=mm&r=g\",\"caption\":\"Redacci\u00f3n\"},\"url\":\"https:\/\/esbozodeportivo.com\/index.php\/author\/redaccion\/\"}]}<\/script>\n<!-- \/ Yoast SEO plugin. -->","yoast_head_json":{"title":"El TAS fija fecha de audiencia para el Le\u00f3n - Esbozo Deportivo","description":"El Tribunal de Arbitraje Deportivo dijo el viernes que realizar\u00e1 un proceso expedito el pr\u00f3ximo mes para tramitar la apelaci\u00f3n del club mexicano Le\u00f3n, que intenta revocar una decisi\u00f3n de la FIFA de expulsarlo del Mundial de Clubes en Estados Unidos.","robots":{"index":"index","follow":"follow","max-snippet":"max-snippet:-1","max-image-preview":"max-image-preview:large","max-video-preview":"max-video-preview:-1"},"canonical":"https:\/\/esbozodeportivo.com\/index.php\/2025\/04\/04\/el-tas-fija-fecha-de-audiencia-para-el-leon\/","og_locale":"es_MX","og_type":"article","og_title":"El TAS fija fecha de audiencia para el Le\u00f3n - Esbozo Deportivo","og_description":"El Tribunal de Arbitraje Deportivo dijo el viernes que realizar\u00e1 un proceso expedito el pr\u00f3ximo mes para tramitar la apelaci\u00f3n del club mexicano Le\u00f3n, que intenta revocar una decisi\u00f3n de la FIFA de expulsarlo del Mundial de Clubes en Estados Unidos.","og_url":"https:\/\/esbozodeportivo.com\/index.php\/2025\/04\/04\/el-tas-fija-fecha-de-audiencia-para-el-leon\/","og_site_name":"Esbozo Deportivo","article_published_time":"2025-04-05T05:01:04+00:00","article_modified_time":"2025-04-05T05:01:05+00:00","og_image":[{"width":980,"height":653,"url":"https:\/\/esbozodeportivo.com\/wp-content\/uploads\/2025\/04\/Leon.jpg","type":"image\/jpeg"}],"author":"Redacci\u00f3n","twitter_card":"summary_large_image","twitter_misc":{"Escrito por":"Redacci\u00f3n","Tiempo de lectura":"1 minuto"},"schema":{"@context":"https:\/\/schema.org","@graph":[{"@type":"Article","@id":"https:\/\/esbozodeportivo.com\/index.php\/2025\/04\/04\/el-tas-fija-fecha-de-audiencia-para-el-leon\/#article","isPartOf":{"@id":"https:\/\/esbozodeportivo.com\/index.php\/2025\/04\/04\/el-tas-fija-fecha-de-audiencia-para-el-leon\/"},"author":{"name":"Redacci\u00f3n","@id":"https:\/\/esbozodeportivo.com\/#\/schema\/person\/0f6df9196dfe6740dd0bb31bae50d374"},"headline":"El TAS fija fecha de audiencia para el Le\u00f3n","datePublished":"2025-04-05T05:01:04+00:00","dateModified":"2025-04-05T05:01:05+00:00","mainEntityOfPage":{"@id":"https:\/\/esbozodeportivo.com\/index.php\/2025\/04\/04\/el-tas-fija-fecha-de-audiencia-para-el-leon\/"},"wordCount":196,"publisher":{"@id":"https:\/\/esbozodeportivo.com\/#organization"},"image":{"@id":"https:\/\/esbozodeportivo.com\/index.php\/2025\/04\/04\/el-tas-fija-fecha-de-audiencia-para-el-leon\/#primaryimage"},"thumbnailUrl":"https:\/\/esbozodeportivo.com\/wp-content\/uploads\/2025\/04\/Leon.jpg","articleSection":["Mundial de Clubes"],"inLanguage":"es"},{"@type":"WebPage","@id":"https:\/\/esbozodeportivo.com\/index.php\/2025\/04\/04\/el-tas-fija-fecha-de-audiencia-para-el-leon\/","url":"https:\/\/esbozodeportivo.com\/index.php\/2025\/04\/04\/el-tas-fija-fecha-de-audiencia-para-el-leon\/","name":"El TAS fija fecha de audiencia para el Le\u00f3n - Esbozo Deportivo","isPartOf":{"@id":"https:\/\/esbozodeportivo.com\/#website"},"primaryImageOfPage":{"@id":"https:\/\/esbozodeportivo.com\/index.php\/2025\/04\/04\/el-tas-fija-fecha-de-audiencia-para-el-leon\/#primaryimage"},"image":{"@id":"https:\/\/esbozodeportivo.com\/index.php\/2025\/04\/04\/el-tas-fija-fecha-de-audiencia-para-el-leon\/#primaryimage"},"thumbnailUrl":"https:\/\/esbozodeportivo.com\/wp-content\/uploads\/2025\/04\/Leon.jpg","datePublished":"2025-04-05T05:01:04+00:00","dateModified":"2025-04-05T05:01:05+00:00","description":"El Tribunal de Arbitraje Deportivo dijo el viernes que realizar\u00e1 un proceso expedito el pr\u00f3ximo mes para tramitar la apelaci\u00f3n del club mexicano Le\u00f3n, que intenta revocar una decisi\u00f3n de la FIFA de expulsarlo del Mundial de Clubes en Estados Unidos.","breadcrumb":{"@id":"https:\/\/esbozodeportivo.com\/index.php\/2025\/04\/04\/el-tas-fija-fecha-de-audiencia-para-el-leon\/#breadcrumb"},"inLanguage":"es","potentialAction":[{"@type":"ReadAction","target":["https:\/\/esbozodeportivo.com\/index.php\/2025\/04\/04\/el-tas-fija-fecha-de-audiencia-para-el-leon\/"]}]},{"@type":"ImageObject","inLanguage":"es","@id":"https:\/\/esbozodeportivo.com\/index.php\/2025\/04\/04\/el-tas-fija-fecha-de-audiencia-para-el-leon\/#primaryimage","url":"https:\/\/esbozodeportivo.com\/wp-content\/uploads\/2025\/04\/Leon.jpg","contentUrl":"https:\/\/esbozodeportivo.com\/wp-content\/uploads\/2025\/04\/Leon.jpg","width":980,"height":653},{"@type":"BreadcrumbList","@id":"https:\/\/esbozodeportivo.com\/index.php\/2025\/04\/04\/el-tas-fija-fecha-de-audiencia-para-el-leon\/#breadcrumb","itemListElement":[{"@type":"ListItem","position":1,"name":"Inicio","item":"https:\/\/esbozodeportivo.com\/"},{"@type":"ListItem","position":2,"name":"El TAS fija fecha de audiencia para el Le\u00f3n"}]},{"@type":"WebSite","@id":"https:\/\/esbozodeportivo.com\/#website","url":"https:\/\/esbozodeportivo.com\/","name":"Esbozo Deportivo","description":"Lo m\u00e1s importante del Deporte","publisher":{"@id":"https:\/\/esbozodeportivo.com\/#organization"},"potentialAction":[{"@type":"SearchAction","target":{"@type":"EntryPoint","urlTemplate":"https:\/\/esbozodeportivo.com\/?s={search_term_string}"},"query-input":{"@type":"PropertyValueSpecification","valueRequired":true,"valueName":"search_term_string"}}],"inLanguage":"es"},{"@type":"Organization","@id":"https:\/\/esbozodeportivo.com\/#organization","name":"Esbozo Deportivo","url":"https:\/\/esbozodeportivo.com\/","logo":{"@type":"ImageObject","inLanguage":"es","@id":"https:\/\/esbozodeportivo.com\/#\/schema\/logo\/image\/","url":"https:\/\/esbozodeportivo.com\/wp-content\/uploads\/2022\/08\/cropped-Logo-Esbozo-Web-2.png","contentUrl":"https:\/\/esbozodeportivo.com\/wp-content\/uploads\/2022\/08\/cropped-Logo-Esbozo-Web-2.png","width":180,"height":50,"caption":"Esbozo Deportivo"},"image":{"@id":"https:\/\/esbozodeportivo.com\/#\/schema\/logo\/image\/"}},{"@type":"Person","@id":"https:\/\/esbozodeportivo.com\/#\/schema\/person\/0f6df9196dfe6740dd0bb31bae50d374","name":"Redacci\u00f3n","image":{"@type":"ImageObject","inLanguage":"es","@id":"https:\/\/esbozodeportivo.com\/#\/schema\/person\/image\/","url":"https:\/\/secure.gravatar.com\/avatar\/f55268a89c3b418f2ef172ff52ab0d09b3e653c58de29539fe329fb93d78ebf3?s=96&d=mm&r=g","contentUrl":"https:\/\/secure.gravatar.com\/avatar\/f55268a89c3b418f2ef172ff52ab0d09b3e653c58de29539fe329fb93d78ebf3?s=96&d=mm&r=g","caption":"Redacci\u00f3n"},"url":"https:\/\/esbozodeportivo.com\/index.php\/author\/redaccion\/"}]}},"jetpack_featured_media_url":"https:\/\/esbozodeportivo.com\/wp-content\/uploads\/2025\/04\/Leon.jpg","jetpack_sharing_enabled":true,"_links":{"self":[{"href":"https:\/\/esbozodeportivo.com\/index.php\/wp-json\/wp\/v2\/posts\/6771","targetHints":{"allow":["GET"]}}],"collection":[{"href":"https:\/\/esbozodeportivo.com\/index.php\/wp-json\/wp\/v2\/posts"}],"about":[{"href":"https:\/\/esbozodeportivo.com\/index.php\/wp-json\/wp\/v2\/types\/post"}],"author":[{"embeddable":true,"href":"https:\/\/esbozodeportivo.com\/index.php\/wp-json\/wp\/v2\/users\/4"}],"replies":[{"embeddable":true,"href":"https:\/\/esbozodeportivo.com\/index.php\/wp-json\/wp\/v2\/comments?post=6771"}],"version-history":[{"count":1,"href":"https:\/\/esbozodeportivo.com\/index.php\/wp-json\/wp\/v2\/posts\/6771\/revisions"}],"predecessor-version":[{"id":6775,"href":"https:\/\/esbozodeportivo.com\/index.php\/wp-json\/wp\/v2\/posts\/6771\/revisions\/6775"}],"wp:featuredmedia":[{"embeddable":true,"href":"https:\/\/esbozodeportivo.com\/index.php\/wp-json\/wp\/v2\/media\/6774"}],"wp:attachment":[{"href":"https:\/\/esbozodeportivo.com\/index.php\/wp-json\/wp\/v2\/media?parent=6771"}],"wp:term":[{"taxonomy":"category","embeddable":true,"href":"https:\/\/esbozodeportivo.com\/index.php\/wp-json\/wp\/v2\/categories?post=6771"},{"taxonomy":"post_tag","embeddable":true,"href":"https:\/\/esbozodeportivo.com\/index.php\/wp-json\/wp\/v2\/tags?post=6771"}],"curies":[{"name":"wp","href":"https:\/\/api.w.org\/{rel}","templated":true}]}}