{"id":6875,"date":"2025-04-13T23:02:37","date_gmt":"2025-04-14T05:02:37","guid":{"rendered":"https:\/\/esbozodeportivo.com\/?p=6875"},"modified":"2025-04-13T23:02:38","modified_gmt":"2025-04-14T05:02:38","slug":"felipe-meligeni-nuevo-campeon-del-mexico-city-open","status":"publish","type":"post","link":"https:\/\/esbozodeportivo.com\/index.php\/2025\/04\/13\/felipe-meligeni-nuevo-campeon-del-mexico-city-open\/","title":{"rendered":"Felipe Meligeni nuevo campe\u00f3n del Mexico City Open"},"content":{"rendered":"\n<p>(Foto: esbozodeportivo.com) <\/p>\n\n\n\n<p><strong><em>El brasile\u00f1o se impuso con autoridad al franc\u00e9s Luka Pavlovic para sumar su nombre a la lista de monarcas del torneo<\/em><\/strong><\/p>\n\n\n\n<p><strong>Ciudad de M\u00e9xico.- <\/strong>El brasile\u00f1o <strong>Felipe Meligeni<\/strong> refrend\u00f3 el buen momento por el que atraviesa y gan\u00f3 su segundo t\u00edtulo en tres semanas, tras coronarse en el torneo de singles del <strong>Mexico City Open ATP Challenger 125<\/strong> que este domingo lleg\u00f3 a su fin en el Estadio <strong>Rafael \u2018Pel\u00f3n\u2019 Osuna<\/strong> del <strong>Centro Deportivo Chapultepec<\/strong>.<\/p>\n\n\n\n<p><strong>Meligeni<\/strong>, de 27 a\u00f1os de edad, se impuso en la final con parciales de 6-3 y 6-3 al franc\u00e9s <strong>Luka Pavlovic<\/strong>, para incorporar su nombre a la lista de campeones del torneo.<\/p>\n\n\n\n<p>&#8220;Si, estoy muy contento, en cuatro semanas dos t\u00edtulos, nunca me hab\u00eda pasado en realidad, estoy muy agradecido con toda la gente que vino a apoyar, fue muy lindo, un ambiente hermoso, salir con el t\u00edtulo ac\u00e1 un torneo tan grande y tan especial es muy importante para m\u00ed, estoy demasiado contento&#8221;, asegur\u00f3 <strong>Meligeni<\/strong>, quien es el primer brasile\u00f1o en conquistar el t\u00edtulo de singles en el <strong>Mexico City Open.<\/strong><\/p>\n\n\n\n<figure class=\"wp-block-image size-large\"><img loading=\"lazy\" decoding=\"async\" width=\"1024\" height=\"575\" src=\"https:\/\/esbozodeportivo.com\/wp-content\/uploads\/2025\/04\/DSC08406-1024x575.jpg\" alt=\"\" class=\"wp-image-6882\" srcset=\"https:\/\/esbozodeportivo.com\/wp-content\/uploads\/2025\/04\/DSC08406-1024x575.jpg 1024w, https:\/\/esbozodeportivo.com\/wp-content\/uploads\/2025\/04\/DSC08406-300x168.jpg 300w, https:\/\/esbozodeportivo.com\/wp-content\/uploads\/2025\/04\/DSC08406-768x431.jpg 768w, https:\/\/esbozodeportivo.com\/wp-content\/uploads\/2025\/04\/DSC08406-1536x863.jpg 1536w, https:\/\/esbozodeportivo.com\/wp-content\/uploads\/2025\/04\/DSC08406-2048x1150.jpg 2048w\" sizes=\"auto, (max-width: 1024px) 100vw, 1024px\" \/><\/figure>\n\n\n\n<p>(Foto: esbozodeportivo.com) <\/p>\n\n\n\n<p>&#8220;Esto me muestra que el trabajo que estamos haciendo viene dando frutos, fueron muchos sacadores, chicos que juegan muy bien en estas condiciones, me da mucha confianza, el martes tengo que jugar en <strong>San Luis Potos\u00ed<\/strong>, pero con la confianza tratar de hacer lo mejor posible, estoy cerca de un objetivo muy importante para m\u00ed y ahora a seguir luchando que hay muchas cosas buenas por venir&#8221;, agreg\u00f3 el campineiro.&nbsp;<\/p>\n\n\n\n<p>En su camino al t\u00edtulo, <strong>Felipe Meligeni<\/strong> se impuso en la primera ronda al <strong>kazajo Beibit Zhukayev<\/strong>, en la segunda fase al estadounidense <strong>Darwin Blanc<\/strong>, en cuartos de final a <strong>Alfredo P\u00e9rez<\/strong>, tambi\u00e9n de <strong>Estados Unidos<\/strong>, y en semifinales a <strong>Marc-Andrea Huesler<\/strong>, de Suiza, previo a su corona con el triunfo ante <strong>Pavlovic<\/strong>.<\/p>\n\n\n\n<p>&#8220;<strong>Luka <\/strong>es un gran jugador, un gran sacador principalmente, pero yo supe aprovechar las chances que tuve, estuve con la cabeza fuerte en todo momento, sab\u00eda que iba a haber momentos que iba a tener chance y me iba a sacar bien, las que tuve supe aprovechar&#8221;, concluy\u00f3.<\/p>\n\n\n\n<p>El objetivo inmediato de <strong>Meligeni<\/strong> es cerrar su gira por <strong>M\u00e9xico<\/strong> con su participaci\u00f3n en <strong>San Luis Potos\u00ed<\/strong>, antes de viajar a <strong>Europa<\/strong> para continuar con la serie de torneos sobre arcilla con miras a <strong>Roland Garros<\/strong>. &nbsp;<\/p>\n\n\n\n<figure class=\"wp-block-image size-large is-resized\"><img loading=\"lazy\" decoding=\"async\" width=\"575\" height=\"1024\" src=\"https:\/\/esbozodeportivo.com\/wp-content\/uploads\/2025\/04\/DSC08311-575x1024.jpg\" alt=\"\" class=\"wp-image-6878\" style=\"width:740px;height:auto\" srcset=\"https:\/\/esbozodeportivo.com\/wp-content\/uploads\/2025\/04\/DSC08311-575x1024.jpg 575w, https:\/\/esbozodeportivo.com\/wp-content\/uploads\/2025\/04\/DSC08311-168x300.jpg 168w, https:\/\/esbozodeportivo.com\/wp-content\/uploads\/2025\/04\/DSC08311-768x1368.jpg 768w, https:\/\/esbozodeportivo.com\/wp-content\/uploads\/2025\/04\/DSC08311-863x1536.jpg 863w, https:\/\/esbozodeportivo.com\/wp-content\/uploads\/2025\/04\/DSC08311-1150x2048.jpg 1150w, https:\/\/esbozodeportivo.com\/wp-content\/uploads\/2025\/04\/DSC08311-1024x1823.jpg 1024w, https:\/\/esbozodeportivo.com\/wp-content\/uploads\/2025\/04\/DSC08311-scaled.jpg 1438w\" sizes=\"auto, (max-width: 575px) 100vw, 575px\" \/><\/figure>\n\n\n\n<p>(Foto: esbozodeportivo.com) <\/p>\n\n\n\n<figure class=\"wp-block-image size-large\"><img loading=\"lazy\" decoding=\"async\" width=\"1024\" height=\"575\" src=\"https:\/\/esbozodeportivo.com\/wp-content\/uploads\/2025\/04\/DSC08303-1024x575.jpg\" alt=\"\" class=\"wp-image-6877\" srcset=\"https:\/\/esbozodeportivo.com\/wp-content\/uploads\/2025\/04\/DSC08303-1024x575.jpg 1024w, https:\/\/esbozodeportivo.com\/wp-content\/uploads\/2025\/04\/DSC08303-300x168.jpg 300w, https:\/\/esbozodeportivo.com\/wp-content\/uploads\/2025\/04\/DSC08303-768x431.jpg 768w, https:\/\/esbozodeportivo.com\/wp-content\/uploads\/2025\/04\/DSC08303-1536x863.jpg 1536w, https:\/\/esbozodeportivo.com\/wp-content\/uploads\/2025\/04\/DSC08303-2048x1150.jpg 2048w\" sizes=\"auto, (max-width: 1024px) 100vw, 1024px\" \/><\/figure>\n\n\n\n<p>(Foto: esbozodeportivo.com) <\/p>\n\n\n\n<figure class=\"wp-block-image size-large\"><img loading=\"lazy\" decoding=\"async\" width=\"1024\" height=\"575\" src=\"https:\/\/esbozodeportivo.com\/wp-content\/uploads\/2025\/04\/DSC08388-1024x575.jpg\" alt=\"\" class=\"wp-image-6881\" srcset=\"https:\/\/esbozodeportivo.com\/wp-content\/uploads\/2025\/04\/DSC08388-1024x575.jpg 1024w, https:\/\/esbozodeportivo.com\/wp-content\/uploads\/2025\/04\/DSC08388-300x168.jpg 300w, https:\/\/esbozodeportivo.com\/wp-content\/uploads\/2025\/04\/DSC08388-768x431.jpg 768w, https:\/\/esbozodeportivo.com\/wp-content\/uploads\/2025\/04\/DSC08388-1536x863.jpg 1536w, https:\/\/esbozodeportivo.com\/wp-content\/uploads\/2025\/04\/DSC08388-2048x1150.jpg 2048w\" sizes=\"auto, (max-width: 1024px) 100vw, 1024px\" \/><\/figure>\n\n\n\n<p>(Foto: Esbozodeportivo.com)<\/p>\n\n\n\n<figure class=\"wp-block-image size-large is-resized\"><img loading=\"lazy\" decoding=\"async\" width=\"575\" height=\"1024\" src=\"https:\/\/esbozodeportivo.com\/wp-content\/uploads\/2025\/04\/DSC08477-575x1024.jpg\" alt=\"\" class=\"wp-image-6883\" style=\"width:740px;height:auto\" srcset=\"https:\/\/esbozodeportivo.com\/wp-content\/uploads\/2025\/04\/DSC08477-575x1024.jpg 575w, https:\/\/esbozodeportivo.com\/wp-content\/uploads\/2025\/04\/DSC08477-168x300.jpg 168w, https:\/\/esbozodeportivo.com\/wp-content\/uploads\/2025\/04\/DSC08477-768x1368.jpg 768w, https:\/\/esbozodeportivo.com\/wp-content\/uploads\/2025\/04\/DSC08477-863x1536.jpg 863w, https:\/\/esbozodeportivo.com\/wp-content\/uploads\/2025\/04\/DSC08477-1150x2048.jpg 1150w, https:\/\/esbozodeportivo.com\/wp-content\/uploads\/2025\/04\/DSC08477-1024x1823.jpg 1024w, https:\/\/esbozodeportivo.com\/wp-content\/uploads\/2025\/04\/DSC08477-scaled.jpg 1438w\" sizes=\"auto, (max-width: 575px) 100vw, 575px\" \/><\/figure>\n\n\n\n<p>(Foto: esbozodeportivo.com) <\/p>\n\n\n\n<figure class=\"wp-block-image size-large is-resized\"><img loading=\"lazy\" decoding=\"async\" width=\"575\" height=\"1024\" src=\"https:\/\/esbozodeportivo.com\/wp-content\/uploads\/2025\/04\/DSC08499-575x1024.jpg\" alt=\"\" class=\"wp-image-6884\" style=\"width:740px;height:auto\" srcset=\"https:\/\/esbozodeportivo.com\/wp-content\/uploads\/2025\/04\/DSC08499-575x1024.jpg 575w, https:\/\/esbozodeportivo.com\/wp-content\/uploads\/2025\/04\/DSC08499-168x300.jpg 168w, https:\/\/esbozodeportivo.com\/wp-content\/uploads\/2025\/04\/DSC08499-768x1368.jpg 768w, https:\/\/esbozodeportivo.com\/wp-content\/uploads\/2025\/04\/DSC08499-863x1536.jpg 863w, https:\/\/esbozodeportivo.com\/wp-content\/uploads\/2025\/04\/DSC08499-1150x2048.jpg 1150w, https:\/\/esbozodeportivo.com\/wp-content\/uploads\/2025\/04\/DSC08499-1024x1823.jpg 1024w, https:\/\/esbozodeportivo.com\/wp-content\/uploads\/2025\/04\/DSC08499-scaled.jpg 1438w\" sizes=\"auto, (max-width: 575px) 100vw, 575px\" \/><\/figure>\n\n\n\n<p>(Foto: esbozodeportivo.com) <\/p>\n\n\n\n<p><\/p>\n","protected":false},"excerpt":{"rendered":"<p>(Foto: esbozodeportivo.com) El brasile\u00f1o se impuso con autoridad al franc\u00e9s Luka Pavlovic para sumar su<\/p>\n","protected":false},"author":4,"featured_media":6876,"comment_status":"closed","ping_status":"open","sticky":false,"template":"","format":"standard","meta":{"_jetpack_memberships_contains_paid_content":false,"footnotes":""},"categories":[12],"tags":[],"class_list":["post-6875","post","type-post","status-publish","format-standard","has-post-thumbnail","hentry","category-tenis-internacional"],"yoast_head":"<!-- This site is optimized with the Yoast SEO plugin v25.7 - https:\/\/yoast.com\/wordpress\/plugins\/seo\/ -->\n<title>Felipe Meligeni nuevo campe\u00f3n del Mexico City Open - Esbozo Deportivo<\/title>\n<meta name=\"description\" content=\"El brasile\u00f1o Felipe Meligeni refrend\u00f3 el buen momento por el que atraviesa y gan\u00f3 su segundo t\u00edtulo en tres semanas, tras coronarse en el torneo de singles del Mexico City Open ATP Challenger 125 que este domingo lleg\u00f3 a su fin en el Estadio Rafael \u2018Pel\u00f3n\u2019 Osuna del Centro Deportivo Chapultepec.\" \/>\n<meta name=\"robots\" content=\"index, follow, max-snippet:-1, max-image-preview:large, max-video-preview:-1\" \/>\n<link rel=\"canonical\" href=\"https:\/\/esbozodeportivo.com\/index.php\/2025\/04\/13\/felipe-meligeni-nuevo-campeon-del-mexico-city-open\/\" \/>\n<meta property=\"og:locale\" content=\"es_MX\" \/>\n<meta property=\"og:type\" content=\"article\" \/>\n<meta property=\"og:title\" content=\"Felipe Meligeni nuevo campe\u00f3n del Mexico City Open - Esbozo Deportivo\" \/>\n<meta property=\"og:description\" content=\"El brasile\u00f1o Felipe Meligeni refrend\u00f3 el buen momento por el que atraviesa y gan\u00f3 su segundo t\u00edtulo en tres semanas, tras coronarse en el torneo de singles del Mexico City Open ATP Challenger 125 que este domingo lleg\u00f3 a su fin en el Estadio Rafael \u2018Pel\u00f3n\u2019 Osuna del Centro Deportivo Chapultepec.\" \/>\n<meta property=\"og:url\" content=\"https:\/\/esbozodeportivo.com\/index.php\/2025\/04\/13\/felipe-meligeni-nuevo-campeon-del-mexico-city-open\/\" \/>\n<meta property=\"og:site_name\" content=\"Esbozo Deportivo\" \/>\n<meta property=\"article:published_time\" content=\"2025-04-14T05:02:37+00:00\" \/>\n<meta property=\"article:modified_time\" content=\"2025-04-14T05:02:38+00:00\" \/>\n<meta property=\"og:image\" content=\"https:\/\/esbozodeportivo.com\/wp-content\/uploads\/2025\/04\/DSC08567-scaled.jpg\" \/>\n\t<meta property=\"og:image:width\" content=\"1438\" \/>\n\t<meta property=\"og:image:height\" content=\"2560\" \/>\n\t<meta property=\"og:image:type\" content=\"image\/jpeg\" \/>\n<meta name=\"author\" content=\"Redacci\u00f3n\" \/>\n<meta name=\"twitter:card\" content=\"summary_large_image\" \/>\n<meta name=\"twitter:label1\" content=\"Escrito por\" \/>\n\t<meta name=\"twitter:data1\" content=\"Redacci\u00f3n\" \/>\n\t<meta name=\"twitter:label2\" content=\"Tiempo de lectura\" \/>\n\t<meta name=\"twitter:data2\" content=\"4 minutos\" \/>\n<script type=\"application\/ld+json\" class=\"yoast-schema-graph\">{\"@context\":\"https:\/\/schema.org\",\"@graph\":[{\"@type\":\"Article\",\"@id\":\"https:\/\/esbozodeportivo.com\/index.php\/2025\/04\/13\/felipe-meligeni-nuevo-campeon-del-mexico-city-open\/#article\",\"isPartOf\":{\"@id\":\"https:\/\/esbozodeportivo.com\/index.php\/2025\/04\/13\/felipe-meligeni-nuevo-campeon-del-mexico-city-open\/\"},\"author\":{\"name\":\"Redacci\u00f3n\",\"@id\":\"https:\/\/esbozodeportivo.com\/#\/schema\/person\/0f6df9196dfe6740dd0bb31bae50d374\"},\"headline\":\"Felipe Meligeni nuevo campe\u00f3n del Mexico City Open\",\"datePublished\":\"2025-04-14T05:02:37+00:00\",\"dateModified\":\"2025-04-14T05:02:38+00:00\",\"mainEntityOfPage\":{\"@id\":\"https:\/\/esbozodeportivo.com\/index.php\/2025\/04\/13\/felipe-meligeni-nuevo-campeon-del-mexico-city-open\/\"},\"wordCount\":435,\"publisher\":{\"@id\":\"https:\/\/esbozodeportivo.com\/#organization\"},\"image\":{\"@id\":\"https:\/\/esbozodeportivo.com\/index.php\/2025\/04\/13\/felipe-meligeni-nuevo-campeon-del-mexico-city-open\/#primaryimage\"},\"thumbnailUrl\":\"https:\/\/esbozodeportivo.com\/wp-content\/uploads\/2025\/04\/DSC08567-scaled.jpg\",\"articleSection\":[\"Tenis Internacional\"],\"inLanguage\":\"es\"},{\"@type\":\"WebPage\",\"@id\":\"https:\/\/esbozodeportivo.com\/index.php\/2025\/04\/13\/felipe-meligeni-nuevo-campeon-del-mexico-city-open\/\",\"url\":\"https:\/\/esbozodeportivo.com\/index.php\/2025\/04\/13\/felipe-meligeni-nuevo-campeon-del-mexico-city-open\/\",\"name\":\"Felipe Meligeni nuevo campe\u00f3n del Mexico City Open - Esbozo Deportivo\",\"isPartOf\":{\"@id\":\"https:\/\/esbozodeportivo.com\/#website\"},\"primaryImageOfPage\":{\"@id\":\"https:\/\/esbozodeportivo.com\/index.php\/2025\/04\/13\/felipe-meligeni-nuevo-campeon-del-mexico-city-open\/#primaryimage\"},\"image\":{\"@id\":\"https:\/\/esbozodeportivo.com\/index.php\/2025\/04\/13\/felipe-meligeni-nuevo-campeon-del-mexico-city-open\/#primaryimage\"},\"thumbnailUrl\":\"https:\/\/esbozodeportivo.com\/wp-content\/uploads\/2025\/04\/DSC08567-scaled.jpg\",\"datePublished\":\"2025-04-14T05:02:37+00:00\",\"dateModified\":\"2025-04-14T05:02:38+00:00\",\"description\":\"El brasile\u00f1o Felipe Meligeni refrend\u00f3 el buen momento por el que atraviesa y gan\u00f3 su segundo t\u00edtulo en tres semanas, tras coronarse en el torneo de singles del Mexico City Open ATP Challenger 125 que este domingo lleg\u00f3 a su fin en el Estadio Rafael \u2018Pel\u00f3n\u2019 Osuna del Centro Deportivo Chapultepec.\",\"breadcrumb\":{\"@id\":\"https:\/\/esbozodeportivo.com\/index.php\/2025\/04\/13\/felipe-meligeni-nuevo-campeon-del-mexico-city-open\/#breadcrumb\"},\"inLanguage\":\"es\",\"potentialAction\":[{\"@type\":\"ReadAction\",\"target\":[\"https:\/\/esbozodeportivo.com\/index.php\/2025\/04\/13\/felipe-meligeni-nuevo-campeon-del-mexico-city-open\/\"]}]},{\"@type\":\"ImageObject\",\"inLanguage\":\"es\",\"@id\":\"https:\/\/esbozodeportivo.com\/index.php\/2025\/04\/13\/felipe-meligeni-nuevo-campeon-del-mexico-city-open\/#primaryimage\",\"url\":\"https:\/\/esbozodeportivo.com\/wp-content\/uploads\/2025\/04\/DSC08567-scaled.jpg\",\"contentUrl\":\"https:\/\/esbozodeportivo.com\/wp-content\/uploads\/2025\/04\/DSC08567-scaled.jpg\",\"width\":1438,\"height\":2560},{\"@type\":\"BreadcrumbList\",\"@id\":\"https:\/\/esbozodeportivo.com\/index.php\/2025\/04\/13\/felipe-meligeni-nuevo-campeon-del-mexico-city-open\/#breadcrumb\",\"itemListElement\":[{\"@type\":\"ListItem\",\"position\":1,\"name\":\"Inicio\",\"item\":\"https:\/\/esbozodeportivo.com\/\"},{\"@type\":\"ListItem\",\"position\":2,\"name\":\"Felipe Meligeni nuevo campe\u00f3n del Mexico City Open\"}]},{\"@type\":\"WebSite\",\"@id\":\"https:\/\/esbozodeportivo.com\/#website\",\"url\":\"https:\/\/esbozodeportivo.com\/\",\"name\":\"Esbozo Deportivo\",\"description\":\"Lo m\u00e1s importante del Deporte\",\"publisher\":{\"@id\":\"https:\/\/esbozodeportivo.com\/#organization\"},\"potentialAction\":[{\"@type\":\"SearchAction\",\"target\":{\"@type\":\"EntryPoint\",\"urlTemplate\":\"https:\/\/esbozodeportivo.com\/?s={search_term_string}\"},\"query-input\":{\"@type\":\"PropertyValueSpecification\",\"valueRequired\":true,\"valueName\":\"search_term_string\"}}],\"inLanguage\":\"es\"},{\"@type\":\"Organization\",\"@id\":\"https:\/\/esbozodeportivo.com\/#organization\",\"name\":\"Esbozo Deportivo\",\"url\":\"https:\/\/esbozodeportivo.com\/\",\"logo\":{\"@type\":\"ImageObject\",\"inLanguage\":\"es\",\"@id\":\"https:\/\/esbozodeportivo.com\/#\/schema\/logo\/image\/\",\"url\":\"https:\/\/esbozodeportivo.com\/wp-content\/uploads\/2022\/08\/cropped-Logo-Esbozo-Web-2.png\",\"contentUrl\":\"https:\/\/esbozodeportivo.com\/wp-content\/uploads\/2022\/08\/cropped-Logo-Esbozo-Web-2.png\",\"width\":180,\"height\":50,\"caption\":\"Esbozo Deportivo\"},\"image\":{\"@id\":\"https:\/\/esbozodeportivo.com\/#\/schema\/logo\/image\/\"}},{\"@type\":\"Person\",\"@id\":\"https:\/\/esbozodeportivo.com\/#\/schema\/person\/0f6df9196dfe6740dd0bb31bae50d374\",\"name\":\"Redacci\u00f3n\",\"image\":{\"@type\":\"ImageObject\",\"inLanguage\":\"es\",\"@id\":\"https:\/\/esbozodeportivo.com\/#\/schema\/person\/image\/\",\"url\":\"https:\/\/secure.gravatar.com\/avatar\/f55268a89c3b418f2ef172ff52ab0d09b3e653c58de29539fe329fb93d78ebf3?s=96&d=mm&r=g\",\"contentUrl\":\"https:\/\/secure.gravatar.com\/avatar\/f55268a89c3b418f2ef172ff52ab0d09b3e653c58de29539fe329fb93d78ebf3?s=96&d=mm&r=g\",\"caption\":\"Redacci\u00f3n\"},\"url\":\"https:\/\/esbozodeportivo.com\/index.php\/author\/redaccion\/\"}]}<\/script>\n<!-- \/ Yoast SEO plugin. -->","yoast_head_json":{"title":"Felipe Meligeni nuevo campe\u00f3n del Mexico City Open - Esbozo Deportivo","description":"El brasile\u00f1o Felipe Meligeni refrend\u00f3 el buen momento por el que atraviesa y gan\u00f3 su segundo t\u00edtulo en tres semanas, tras coronarse en el torneo de singles del Mexico City Open ATP Challenger 125 que este domingo lleg\u00f3 a su fin en el Estadio Rafael \u2018Pel\u00f3n\u2019 Osuna del Centro Deportivo Chapultepec.","robots":{"index":"index","follow":"follow","max-snippet":"max-snippet:-1","max-image-preview":"max-image-preview:large","max-video-preview":"max-video-preview:-1"},"canonical":"https:\/\/esbozodeportivo.com\/index.php\/2025\/04\/13\/felipe-meligeni-nuevo-campeon-del-mexico-city-open\/","og_locale":"es_MX","og_type":"article","og_title":"Felipe Meligeni nuevo campe\u00f3n del Mexico City Open - Esbozo Deportivo","og_description":"El brasile\u00f1o Felipe Meligeni refrend\u00f3 el buen momento por el que atraviesa y gan\u00f3 su segundo t\u00edtulo en tres semanas, tras coronarse en el torneo de singles del Mexico City Open ATP Challenger 125 que este domingo lleg\u00f3 a su fin en el Estadio Rafael \u2018Pel\u00f3n\u2019 Osuna del Centro Deportivo Chapultepec.","og_url":"https:\/\/esbozodeportivo.com\/index.php\/2025\/04\/13\/felipe-meligeni-nuevo-campeon-del-mexico-city-open\/","og_site_name":"Esbozo Deportivo","article_published_time":"2025-04-14T05:02:37+00:00","article_modified_time":"2025-04-14T05:02:38+00:00","og_image":[{"width":1438,"height":2560,"url":"https:\/\/esbozodeportivo.com\/wp-content\/uploads\/2025\/04\/DSC08567-scaled.jpg","type":"image\/jpeg"}],"author":"Redacci\u00f3n","twitter_card":"summary_large_image","twitter_misc":{"Escrito por":"Redacci\u00f3n","Tiempo de lectura":"4 minutos"},"schema":{"@context":"https:\/\/schema.org","@graph":[{"@type":"Article","@id":"https:\/\/esbozodeportivo.com\/index.php\/2025\/04\/13\/felipe-meligeni-nuevo-campeon-del-mexico-city-open\/#article","isPartOf":{"@id":"https:\/\/esbozodeportivo.com\/index.php\/2025\/04\/13\/felipe-meligeni-nuevo-campeon-del-mexico-city-open\/"},"author":{"name":"Redacci\u00f3n","@id":"https:\/\/esbozodeportivo.com\/#\/schema\/person\/0f6df9196dfe6740dd0bb31bae50d374"},"headline":"Felipe Meligeni nuevo campe\u00f3n del Mexico City Open","datePublished":"2025-04-14T05:02:37+00:00","dateModified":"2025-04-14T05:02:38+00:00","mainEntityOfPage":{"@id":"https:\/\/esbozodeportivo.com\/index.php\/2025\/04\/13\/felipe-meligeni-nuevo-campeon-del-mexico-city-open\/"},"wordCount":435,"publisher":{"@id":"https:\/\/esbozodeportivo.com\/#organization"},"image":{"@id":"https:\/\/esbozodeportivo.com\/index.php\/2025\/04\/13\/felipe-meligeni-nuevo-campeon-del-mexico-city-open\/#primaryimage"},"thumbnailUrl":"https:\/\/esbozodeportivo.com\/wp-content\/uploads\/2025\/04\/DSC08567-scaled.jpg","articleSection":["Tenis Internacional"],"inLanguage":"es"},{"@type":"WebPage","@id":"https:\/\/esbozodeportivo.com\/index.php\/2025\/04\/13\/felipe-meligeni-nuevo-campeon-del-mexico-city-open\/","url":"https:\/\/esbozodeportivo.com\/index.php\/2025\/04\/13\/felipe-meligeni-nuevo-campeon-del-mexico-city-open\/","name":"Felipe Meligeni nuevo campe\u00f3n del Mexico City Open - Esbozo Deportivo","isPartOf":{"@id":"https:\/\/esbozodeportivo.com\/#website"},"primaryImageOfPage":{"@id":"https:\/\/esbozodeportivo.com\/index.php\/2025\/04\/13\/felipe-meligeni-nuevo-campeon-del-mexico-city-open\/#primaryimage"},"image":{"@id":"https:\/\/esbozodeportivo.com\/index.php\/2025\/04\/13\/felipe-meligeni-nuevo-campeon-del-mexico-city-open\/#primaryimage"},"thumbnailUrl":"https:\/\/esbozodeportivo.com\/wp-content\/uploads\/2025\/04\/DSC08567-scaled.jpg","datePublished":"2025-04-14T05:02:37+00:00","dateModified":"2025-04-14T05:02:38+00:00","description":"El brasile\u00f1o Felipe Meligeni refrend\u00f3 el buen momento por el que atraviesa y gan\u00f3 su segundo t\u00edtulo en tres semanas, tras coronarse en el torneo de singles del Mexico City Open ATP Challenger 125 que este domingo lleg\u00f3 a su fin en el Estadio Rafael \u2018Pel\u00f3n\u2019 Osuna del Centro Deportivo Chapultepec.","breadcrumb":{"@id":"https:\/\/esbozodeportivo.com\/index.php\/2025\/04\/13\/felipe-meligeni-nuevo-campeon-del-mexico-city-open\/#breadcrumb"},"inLanguage":"es","potentialAction":[{"@type":"ReadAction","target":["https:\/\/esbozodeportivo.com\/index.php\/2025\/04\/13\/felipe-meligeni-nuevo-campeon-del-mexico-city-open\/"]}]},{"@type":"ImageObject","inLanguage":"es","@id":"https:\/\/esbozodeportivo.com\/index.php\/2025\/04\/13\/felipe-meligeni-nuevo-campeon-del-mexico-city-open\/#primaryimage","url":"https:\/\/esbozodeportivo.com\/wp-content\/uploads\/2025\/04\/DSC08567-scaled.jpg","contentUrl":"https:\/\/esbozodeportivo.com\/wp-content\/uploads\/2025\/04\/DSC08567-scaled.jpg","width":1438,"height":2560},{"@type":"BreadcrumbList","@id":"https:\/\/esbozodeportivo.com\/index.php\/2025\/04\/13\/felipe-meligeni-nuevo-campeon-del-mexico-city-open\/#breadcrumb","itemListElement":[{"@type":"ListItem","position":1,"name":"Inicio","item":"https:\/\/esbozodeportivo.com\/"},{"@type":"ListItem","position":2,"name":"Felipe Meligeni nuevo campe\u00f3n del Mexico City Open"}]},{"@type":"WebSite","@id":"https:\/\/esbozodeportivo.com\/#website","url":"https:\/\/esbozodeportivo.com\/","name":"Esbozo Deportivo","description":"Lo m\u00e1s importante del Deporte","publisher":{"@id":"https:\/\/esbozodeportivo.com\/#organization"},"potentialAction":[{"@type":"SearchAction","target":{"@type":"EntryPoint","urlTemplate":"https:\/\/esbozodeportivo.com\/?s={search_term_string}"},"query-input":{"@type":"PropertyValueSpecification","valueRequired":true,"valueName":"search_term_string"}}],"inLanguage":"es"},{"@type":"Organization","@id":"https:\/\/esbozodeportivo.com\/#organization","name":"Esbozo Deportivo","url":"https:\/\/esbozodeportivo.com\/","logo":{"@type":"ImageObject","inLanguage":"es","@id":"https:\/\/esbozodeportivo.com\/#\/schema\/logo\/image\/","url":"https:\/\/esbozodeportivo.com\/wp-content\/uploads\/2022\/08\/cropped-Logo-Esbozo-Web-2.png","contentUrl":"https:\/\/esbozodeportivo.com\/wp-content\/uploads\/2022\/08\/cropped-Logo-Esbozo-Web-2.png","width":180,"height":50,"caption":"Esbozo Deportivo"},"image":{"@id":"https:\/\/esbozodeportivo.com\/#\/schema\/logo\/image\/"}},{"@type":"Person","@id":"https:\/\/esbozodeportivo.com\/#\/schema\/person\/0f6df9196dfe6740dd0bb31bae50d374","name":"Redacci\u00f3n","image":{"@type":"ImageObject","inLanguage":"es","@id":"https:\/\/esbozodeportivo.com\/#\/schema\/person\/image\/","url":"https:\/\/secure.gravatar.com\/avatar\/f55268a89c3b418f2ef172ff52ab0d09b3e653c58de29539fe329fb93d78ebf3?s=96&d=mm&r=g","contentUrl":"https:\/\/secure.gravatar.com\/avatar\/f55268a89c3b418f2ef172ff52ab0d09b3e653c58de29539fe329fb93d78ebf3?s=96&d=mm&r=g","caption":"Redacci\u00f3n"},"url":"https:\/\/esbozodeportivo.com\/index.php\/author\/redaccion\/"}]}},"jetpack_featured_media_url":"https:\/\/esbozodeportivo.com\/wp-content\/uploads\/2025\/04\/DSC08567-scaled.jpg","jetpack_sharing_enabled":true,"_links":{"self":[{"href":"https:\/\/esbozodeportivo.com\/index.php\/wp-json\/wp\/v2\/posts\/6875","targetHints":{"allow":["GET"]}}],"collection":[{"href":"https:\/\/esbozodeportivo.com\/index.php\/wp-json\/wp\/v2\/posts"}],"about":[{"href":"https:\/\/esbozodeportivo.com\/index.php\/wp-json\/wp\/v2\/types\/post"}],"author":[{"embeddable":true,"href":"https:\/\/esbozodeportivo.com\/index.php\/wp-json\/wp\/v2\/users\/4"}],"replies":[{"embeddable":true,"href":"https:\/\/esbozodeportivo.com\/index.php\/wp-json\/wp\/v2\/comments?post=6875"}],"version-history":[{"count":1,"href":"https:\/\/esbozodeportivo.com\/index.php\/wp-json\/wp\/v2\/posts\/6875\/revisions"}],"predecessor-version":[{"id":6885,"href":"https:\/\/esbozodeportivo.com\/index.php\/wp-json\/wp\/v2\/posts\/6875\/revisions\/6885"}],"wp:featuredmedia":[{"embeddable":true,"href":"https:\/\/esbozodeportivo.com\/index.php\/wp-json\/wp\/v2\/media\/6876"}],"wp:attachment":[{"href":"https:\/\/esbozodeportivo.com\/index.php\/wp-json\/wp\/v2\/media?parent=6875"}],"wp:term":[{"taxonomy":"category","embeddable":true,"href":"https:\/\/esbozodeportivo.com\/index.php\/wp-json\/wp\/v2\/categories?post=6875"},{"taxonomy":"post_tag","embeddable":true,"href":"https:\/\/esbozodeportivo.com\/index.php\/wp-json\/wp\/v2\/tags?post=6875"}],"curies":[{"name":"wp","href":"https:\/\/api.w.org\/{rel}","templated":true}]}}