{"id":693,"date":"2022-11-05T01:59:56","date_gmt":"2022-11-05T01:59:56","guid":{"rendered":"https:\/\/esbozodeportivo.com\/?p=693"},"modified":"2022-11-05T02:04:59","modified_gmt":"2022-11-05T02:04:59","slug":"tour-de-francia-en-cdmx-entre-la-agenda-deportiva-de-fin-de-ano","status":"publish","type":"post","link":"https:\/\/esbozodeportivo.com\/index.php\/2022\/11\/05\/tour-de-francia-en-cdmx-entre-la-agenda-deportiva-de-fin-de-ano\/","title":{"rendered":"Tour de Francia en CDMX entre la agenda deportiva de fin de a\u00f1o"},"content":{"rendered":"<style>\/*! elementor - v3.8.0 - 30-10-2022 *\/\n.elementor-widget-image{text-align:center}.elementor-widget-image a{display:inline-block}.elementor-widget-image a img[src$=\".svg\"]{width:48px}.elementor-widget-image img{vertical-align:middle;display:inline-block}<\/style>\n<p>\t\t\t\t\t\t\t\t\t\t\t\t<img decoding=\"async\" width=\"640\" height=\"426\" src=\"https:\/\/esbozodeportivo.com\/wp-content\/uploads\/2022\/11\/Francia-en-Mexico-1024x682.jpg\" alt=\"\" loading=\"lazy\" srcset=\"https:\/\/esbozodeportivo.com\/wp-content\/uploads\/2022\/11\/Francia-en-Mexico-1024x682.jpg 1024w, https:\/\/esbozodeportivo.com\/wp-content\/uploads\/2022\/11\/Francia-en-Mexico-300x200.jpg 300w, https:\/\/esbozodeportivo.com\/wp-content\/uploads\/2022\/11\/Francia-en-Mexico-768x511.jpg 768w, https:\/\/esbozodeportivo.com\/wp-content\/uploads\/2022\/11\/Francia-en-Mexico.jpg 1280w\" sizes=\"auto, (max-width: 640px) 100vw, 640px\" \/>\t\t\t\t\t\t\t\t\t\t\t\t\t\t\t<\/p>\n<p>(Bolet\u00edn).- El Instituto del Deporte (INDEPORTE) a trav\u00e9s de la Jefa de Gobierno, Claudia Sheinbaum present\u00f3 la agenda deportiva de fin de a\u00f1o, la cual destaca la etapa del Tour de France en la Ciudad de M\u00e9xico, la Carrera F\u00f3rmula B-1 y la Copa Mundial de Baseball5.<\/p>\n<p>Claudia Sheinbaum, encabez\u00f3 el arranque de las actividades deportivas de fin de a\u00f1o, entre los que se encuentra el Tour de Francia en su etapa de la Ciudad de M\u00e9xico, el registro para el Marat\u00f3n de la Ciudad de M\u00e9xico 2023, la Copa Mundial de Baseball5, as\u00ed como la primera rifa para gimnasios urbanos de la capital.<\/p>\n<p>\t\t\t\t\t\t\t\t\t\t\t\t\t\t\t<img decoding=\"async\" width=\"640\" height=\"426\" src=\"https:\/\/esbozodeportivo.com\/wp-content\/uploads\/2022\/11\/Francia-en-Mexico2-1024x682.jpg\" alt=\"\" loading=\"lazy\" srcset=\"https:\/\/esbozodeportivo.com\/wp-content\/uploads\/2022\/11\/Francia-en-Mexico2-1024x682.jpg 1024w, https:\/\/esbozodeportivo.com\/wp-content\/uploads\/2022\/11\/Francia-en-Mexico2-300x200.jpg 300w, https:\/\/esbozodeportivo.com\/wp-content\/uploads\/2022\/11\/Francia-en-Mexico2-768x511.jpg 768w, https:\/\/esbozodeportivo.com\/wp-content\/uploads\/2022\/11\/Francia-en-Mexico2.jpg 1280w\" sizes=\"auto, (max-width: 640px) 100vw, 640px\" \/>\t\t\t\t\t\t\t\t\t\t\t\t\t\t\t<\/p>\n<p>\u201cJunto con el Desfile del 20 (de noviembre), adem\u00e1s va a estar del Tour de France, tambi\u00e9n para que todos tengan sus precauciones el 20 de noviembre, es domingo \u2013si mal no me equivoco\u2013 va a estar ocupado el Centro Hist\u00f3rico por el Desfile y al mismo tiempo, se est\u00e1 llevando el Tour de France en \u00c1ngel de la Independencia, Insurgentes, Perif\u00e9rico\u201d, anticip\u00f3.\u00a0<\/p>\n<p>Durante su intervenci\u00f3n, el director general del Instituto del Deporte capitalino (INDEPORTE), Javier Hidalgo Ponce, anunci\u00f3 la justa ciclista La Etapa Ciudad de M\u00e9xico del Tour de France, a realizarse el 20 de noviembre, as\u00ed como la carrera gratuita &#8220;F\u00f3rmula B-1\u201d, que tendr\u00e1 lugar el pr\u00f3ximo 13 de noviembre en el Aut\u00f3dromo Hermanos Rodr\u00edguez (AHR) y cuyos ganadores recibir\u00e1n cortes\u00edas para el Tour.<\/p>\n<p>En el mismo sentido, Javier Hidalgo anunci\u00f3 la apertura de registro para el Marat\u00f3n de la Ciudad de M\u00e9xico 2023, en su modalidad completa y medio marat\u00f3n, a partir del 10 de noviembre, y la realizaci\u00f3n de la Primera Carrera del Centro Hist\u00f3rico de la Ciudad de M\u00e9xico 2022, para el pr\u00f3ximo 27 de noviembre.<\/p>\n<p>\t\t\t\t\t\t\t\t\t\t\t\t\t\t\t<img decoding=\"async\" width=\"640\" height=\"427\" src=\"https:\/\/esbozodeportivo.com\/wp-content\/uploads\/2022\/11\/Francia-en-Mexico1-1024x683.jpg\" alt=\"\" loading=\"lazy\" srcset=\"https:\/\/esbozodeportivo.com\/wp-content\/uploads\/2022\/11\/Francia-en-Mexico1-1024x683.jpg 1024w, https:\/\/esbozodeportivo.com\/wp-content\/uploads\/2022\/11\/Francia-en-Mexico1-300x200.jpg 300w, https:\/\/esbozodeportivo.com\/wp-content\/uploads\/2022\/11\/Francia-en-Mexico1-768x512.jpg 768w, https:\/\/esbozodeportivo.com\/wp-content\/uploads\/2022\/11\/Francia-en-Mexico1.jpg 1280w\" sizes=\"auto, (max-width: 640px) 100vw, 640px\" \/>\t\t\t\t\t\t\t\t\t\t\t\t\t\t\t<\/p>\n<p>\u201cEsta carrera (del Centro Hist\u00f3rico) va a ser dirigida fundamentalmente al turismo deportivo. Estamos convocando ahorita, se est\u00e1n ya vendiendo las entradas a esta carrera en Europa, con la intenci\u00f3n de que vengan a conocer la Ciudad de M\u00e9xico corriendo\u201d, se\u00f1al\u00f3.<\/p>\n<p>Al respecto, el director del INDEPORTE indic\u00f3 que se abrir\u00e1 el registro para competidores locales cerca de la fecha de realizaci\u00f3n de la carrera, ya que se pretende promover y fortalecer a la ciudad en el extranjero.<\/p>\n<p>En cuanto a deportes de pelota, la Ciudad de M\u00e9xico ser\u00e1 sede de la Copa del Mundo Baseball 5 2022, cuyos partidos se jugar\u00e1n en la plancha del Z\u00f3calo del 7 al 13 de noviembre, con la particularidad de que habr\u00e1 tambi\u00e9n partidos de entrenamiento y partidos para el p\u00fablico en general.<\/p>\n<p>\t\t\t\t\t\t\t\t\t\t\t\t\t\t\t<img decoding=\"async\" width=\"640\" height=\"427\" src=\"https:\/\/esbozodeportivo.com\/wp-content\/uploads\/2022\/11\/Francia-en-Mexico3-1024x683.jpg\" alt=\"\" loading=\"lazy\" srcset=\"https:\/\/esbozodeportivo.com\/wp-content\/uploads\/2022\/11\/Francia-en-Mexico3-1024x683.jpg 1024w, https:\/\/esbozodeportivo.com\/wp-content\/uploads\/2022\/11\/Francia-en-Mexico3-300x200.jpg 300w, https:\/\/esbozodeportivo.com\/wp-content\/uploads\/2022\/11\/Francia-en-Mexico3-768x512.jpg 768w, https:\/\/esbozodeportivo.com\/wp-content\/uploads\/2022\/11\/Francia-en-Mexico3.jpg 1280w\" sizes=\"auto, (max-width: 640px) 100vw, 640px\" \/>\t\t\t\t\t\t\t\t\t\t\t\t\t\t\t<\/p>\n<p>\u201cEstamos ya registr\u00e1ndolos a trav\u00e9s de la plataforma de PILARES, para que, quien quiera participar, pueda ingresar y pueda jugar ah\u00ed, en estas canchas que se van a instalar en el Z\u00f3calo. Recordando que son dos estadios donde se va a dar la competencia y cuatro estadios donde van a practicar\u201d, recalc\u00f3 Hidalgo Ponce.<\/p>\n<p>Los pa\u00edses participantes en esta Copa son Kenia, Sud\u00e1frica y T\u00fanez, por parte de \u00c1frica; Cuba, Venezuela y M\u00e9xico, por parte de Am\u00e9rica; Francia y Lituania, por parte de Europa; China Taip\u00e9i, Jap\u00f3n, Corea y Hong Kong, por parte de Asia; y el registro para espectadores y participantes se puede realizar en la siguiente p\u00e1gina: <a href=\"https:\/\/pilares.cdmx.gob.mx\/\">https:\/\/pilares.cdmx.gob.mx<\/a>, con el folio de PILARES.<\/p>\n<p>Finalmente, el director del INDEPORTE anunci\u00f3 la Primera Gran Rifa con Causa a favor de los Gimnasios Urbanos de la Ciudad de M\u00e9xico, en donde el premio ser\u00e1 un guante conmemorativo de la clase de box que rompi\u00f3 el R\u00e9cord Guinness como la m\u00e1s grande del mundo, certificado y firmado por campeones de talla mundial como Andy Ru\u00edz, \u201cLa Chiquita\u201d Gonz\u00e1lez y \u201cLa Barby\u201d Ju\u00e1rez.<\/p>\n<p>\t\t\t\t\t\t\t\t\t\t\t\t\t\t\t<img decoding=\"async\" width=\"640\" height=\"429\" src=\"https:\/\/esbozodeportivo.com\/wp-content\/uploads\/2022\/11\/Francia-en-Mexico4-1024x686.jpg\" alt=\"\" loading=\"lazy\" srcset=\"https:\/\/esbozodeportivo.com\/wp-content\/uploads\/2022\/11\/Francia-en-Mexico4-1024x686.jpg 1024w, https:\/\/esbozodeportivo.com\/wp-content\/uploads\/2022\/11\/Francia-en-Mexico4-300x201.jpg 300w, https:\/\/esbozodeportivo.com\/wp-content\/uploads\/2022\/11\/Francia-en-Mexico4-768x515.jpg 768w, https:\/\/esbozodeportivo.com\/wp-content\/uploads\/2022\/11\/Francia-en-Mexico4.jpg 1280w\" sizes=\"auto, (max-width: 640px) 100vw, 640px\" \/>\t\t\t\t\t\t\t\t\t\t\t\t\t\t\t<\/p>\n<p>\u201cEstos gimnasios urbanos lo que vamos a hacer, nos est\u00e1n pidiendo apoyo con equipamiento, y entonces vamos a hacerlo de manera compartida, con una responsabilidad compartida, y es que abrimos la primera gran rifa con causa a favor de los gimnasios urbanos de la Ciudad de M\u00e9xico\u201d, expres\u00f3.<\/p>\n<p>La rifa del guante se llevar\u00e1 a cabo el 31 de diciembre, para conocer las bases consulte la p\u00e1gina electr\u00f3nica de Indeporte: <a href=\"https:\/\/www.indeporte.cdmx.gob.mx\/\">https:\/\/www.indeporte.cdmx.gob.mx\/<\/a><\/p>\n<p>(Fotos: INDEPORTE)<\/p>\n","protected":false},"excerpt":{"rendered":"<p>(Bolet\u00edn).- El Instituto del Deporte (INDEPORTE) a trav\u00e9s de la Jefa de Gobierno, Claudia Sheinbaum<\/p>\n","protected":false},"author":2,"featured_media":0,"comment_status":"open","ping_status":"open","sticky":false,"template":"","format":"standard","meta":{"_jetpack_memberships_contains_paid_content":false,"footnotes":""},"categories":[5],"tags":[],"class_list":["post-693","post","type-post","status-publish","format-standard","hentry","category-amateur"],"yoast_head":"<!-- This site is optimized with the Yoast SEO plugin v25.7 - https:\/\/yoast.com\/wordpress\/plugins\/seo\/ -->\n<title>Tour de Francia en CDMX entre la agenda deportiva de fin de a\u00f1o - Esbozo Deportivo<\/title>\n<meta name=\"robots\" content=\"index, follow, max-snippet:-1, max-image-preview:large, max-video-preview:-1\" \/>\n<link rel=\"canonical\" href=\"https:\/\/esbozodeportivo.com\/index.php\/2022\/11\/05\/tour-de-francia-en-cdmx-entre-la-agenda-deportiva-de-fin-de-ano\/\" \/>\n<meta property=\"og:locale\" content=\"es_MX\" \/>\n<meta property=\"og:type\" content=\"article\" \/>\n<meta property=\"og:title\" content=\"Tour de Francia en CDMX entre la agenda deportiva de fin de a\u00f1o - Esbozo Deportivo\" \/>\n<meta property=\"og:description\" content=\"(Bolet\u00edn).- El Instituto del Deporte (INDEPORTE) a trav\u00e9s de la Jefa de Gobierno, Claudia Sheinbaum\" \/>\n<meta property=\"og:url\" content=\"https:\/\/esbozodeportivo.com\/index.php\/2022\/11\/05\/tour-de-francia-en-cdmx-entre-la-agenda-deportiva-de-fin-de-ano\/\" \/>\n<meta property=\"og:site_name\" content=\"Esbozo Deportivo\" \/>\n<meta property=\"article:published_time\" content=\"2022-11-05T01:59:56+00:00\" \/>\n<meta property=\"article:modified_time\" content=\"2022-11-05T02:04:59+00:00\" \/>\n<meta property=\"og:image\" content=\"https:\/\/esbozodeportivo.com\/wp-content\/uploads\/2022\/11\/Francia-en-Mexico-1024x682.jpg\" \/>\n<meta name=\"author\" content=\"Javier De La Cruz\" \/>\n<meta name=\"twitter:card\" content=\"summary_large_image\" \/>\n<meta name=\"twitter:label1\" content=\"Escrito por\" \/>\n\t<meta name=\"twitter:data1\" content=\"Javier De La Cruz\" \/>\n\t<meta name=\"twitter:label2\" content=\"Tiempo de lectura\" \/>\n\t<meta name=\"twitter:data2\" content=\"4 minutos\" \/>\n<script type=\"application\/ld+json\" class=\"yoast-schema-graph\">{\"@context\":\"https:\/\/schema.org\",\"@graph\":[{\"@type\":\"Article\",\"@id\":\"https:\/\/esbozodeportivo.com\/index.php\/2022\/11\/05\/tour-de-francia-en-cdmx-entre-la-agenda-deportiva-de-fin-de-ano\/#article\",\"isPartOf\":{\"@id\":\"https:\/\/esbozodeportivo.com\/index.php\/2022\/11\/05\/tour-de-francia-en-cdmx-entre-la-agenda-deportiva-de-fin-de-ano\/\"},\"author\":{\"name\":\"Javier De La Cruz\",\"@id\":\"https:\/\/esbozodeportivo.com\/#\/schema\/person\/7277119c98823aec37bbb84e125efd44\"},\"headline\":\"Tour de Francia en CDMX entre la agenda deportiva de fin de a\u00f1o\",\"datePublished\":\"2022-11-05T01:59:56+00:00\",\"dateModified\":\"2022-11-05T02:04:59+00:00\",\"mainEntityOfPage\":{\"@id\":\"https:\/\/esbozodeportivo.com\/index.php\/2022\/11\/05\/tour-de-francia-en-cdmx-entre-la-agenda-deportiva-de-fin-de-ano\/\"},\"wordCount\":738,\"commentCount\":0,\"publisher\":{\"@id\":\"https:\/\/esbozodeportivo.com\/#organization\"},\"image\":{\"@id\":\"https:\/\/esbozodeportivo.com\/index.php\/2022\/11\/05\/tour-de-francia-en-cdmx-entre-la-agenda-deportiva-de-fin-de-ano\/#primaryimage\"},\"thumbnailUrl\":\"https:\/\/esbozodeportivo.com\/wp-content\/uploads\/2022\/11\/Francia-en-Mexico-1024x682.jpg\",\"articleSection\":[\"Amateur\"],\"inLanguage\":\"es\",\"potentialAction\":[{\"@type\":\"CommentAction\",\"name\":\"Comment\",\"target\":[\"https:\/\/esbozodeportivo.com\/index.php\/2022\/11\/05\/tour-de-francia-en-cdmx-entre-la-agenda-deportiva-de-fin-de-ano\/#respond\"]}]},{\"@type\":\"WebPage\",\"@id\":\"https:\/\/esbozodeportivo.com\/index.php\/2022\/11\/05\/tour-de-francia-en-cdmx-entre-la-agenda-deportiva-de-fin-de-ano\/\",\"url\":\"https:\/\/esbozodeportivo.com\/index.php\/2022\/11\/05\/tour-de-francia-en-cdmx-entre-la-agenda-deportiva-de-fin-de-ano\/\",\"name\":\"Tour de Francia en CDMX entre la agenda deportiva de fin de a\u00f1o - Esbozo Deportivo\",\"isPartOf\":{\"@id\":\"https:\/\/esbozodeportivo.com\/#website\"},\"primaryImageOfPage\":{\"@id\":\"https:\/\/esbozodeportivo.com\/index.php\/2022\/11\/05\/tour-de-francia-en-cdmx-entre-la-agenda-deportiva-de-fin-de-ano\/#primaryimage\"},\"image\":{\"@id\":\"https:\/\/esbozodeportivo.com\/index.php\/2022\/11\/05\/tour-de-francia-en-cdmx-entre-la-agenda-deportiva-de-fin-de-ano\/#primaryimage\"},\"thumbnailUrl\":\"https:\/\/esbozodeportivo.com\/wp-content\/uploads\/2022\/11\/Francia-en-Mexico-1024x682.jpg\",\"datePublished\":\"2022-11-05T01:59:56+00:00\",\"dateModified\":\"2022-11-05T02:04:59+00:00\",\"breadcrumb\":{\"@id\":\"https:\/\/esbozodeportivo.com\/index.php\/2022\/11\/05\/tour-de-francia-en-cdmx-entre-la-agenda-deportiva-de-fin-de-ano\/#breadcrumb\"},\"inLanguage\":\"es\",\"potentialAction\":[{\"@type\":\"ReadAction\",\"target\":[\"https:\/\/esbozodeportivo.com\/index.php\/2022\/11\/05\/tour-de-francia-en-cdmx-entre-la-agenda-deportiva-de-fin-de-ano\/\"]}]},{\"@type\":\"ImageObject\",\"inLanguage\":\"es\",\"@id\":\"https:\/\/esbozodeportivo.com\/index.php\/2022\/11\/05\/tour-de-francia-en-cdmx-entre-la-agenda-deportiva-de-fin-de-ano\/#primaryimage\",\"url\":\"https:\/\/esbozodeportivo.com\/wp-content\/uploads\/2022\/11\/Francia-en-Mexico.jpg\",\"contentUrl\":\"https:\/\/esbozodeportivo.com\/wp-content\/uploads\/2022\/11\/Francia-en-Mexico.jpg\",\"width\":1280,\"height\":852},{\"@type\":\"BreadcrumbList\",\"@id\":\"https:\/\/esbozodeportivo.com\/index.php\/2022\/11\/05\/tour-de-francia-en-cdmx-entre-la-agenda-deportiva-de-fin-de-ano\/#breadcrumb\",\"itemListElement\":[{\"@type\":\"ListItem\",\"position\":1,\"name\":\"Inicio\",\"item\":\"https:\/\/esbozodeportivo.com\/\"},{\"@type\":\"ListItem\",\"position\":2,\"name\":\"Tour de Francia en CDMX entre la agenda deportiva de fin de a\u00f1o\"}]},{\"@type\":\"WebSite\",\"@id\":\"https:\/\/esbozodeportivo.com\/#website\",\"url\":\"https:\/\/esbozodeportivo.com\/\",\"name\":\"Esbozo Deportivo\",\"description\":\"Lo m\u00e1s importante del Deporte\",\"publisher\":{\"@id\":\"https:\/\/esbozodeportivo.com\/#organization\"},\"potentialAction\":[{\"@type\":\"SearchAction\",\"target\":{\"@type\":\"EntryPoint\",\"urlTemplate\":\"https:\/\/esbozodeportivo.com\/?s={search_term_string}\"},\"query-input\":{\"@type\":\"PropertyValueSpecification\",\"valueRequired\":true,\"valueName\":\"search_term_string\"}}],\"inLanguage\":\"es\"},{\"@type\":\"Organization\",\"@id\":\"https:\/\/esbozodeportivo.com\/#organization\",\"name\":\"Esbozo Deportivo\",\"url\":\"https:\/\/esbozodeportivo.com\/\",\"logo\":{\"@type\":\"ImageObject\",\"inLanguage\":\"es\",\"@id\":\"https:\/\/esbozodeportivo.com\/#\/schema\/logo\/image\/\",\"url\":\"https:\/\/esbozodeportivo.com\/wp-content\/uploads\/2022\/08\/cropped-Logo-Esbozo-Web-2.png\",\"contentUrl\":\"https:\/\/esbozodeportivo.com\/wp-content\/uploads\/2022\/08\/cropped-Logo-Esbozo-Web-2.png\",\"width\":180,\"height\":50,\"caption\":\"Esbozo Deportivo\"},\"image\":{\"@id\":\"https:\/\/esbozodeportivo.com\/#\/schema\/logo\/image\/\"}},{\"@type\":\"Person\",\"@id\":\"https:\/\/esbozodeportivo.com\/#\/schema\/person\/7277119c98823aec37bbb84e125efd44\",\"name\":\"Javier De La Cruz\",\"image\":{\"@type\":\"ImageObject\",\"inLanguage\":\"es\",\"@id\":\"https:\/\/esbozodeportivo.com\/#\/schema\/person\/image\/\",\"url\":\"https:\/\/secure.gravatar.com\/avatar\/366235a56d20f1a6e8e3d0b295897639357bea880470ddf261d17bb0bc052eb1?s=96&d=mm&r=g\",\"contentUrl\":\"https:\/\/secure.gravatar.com\/avatar\/366235a56d20f1a6e8e3d0b295897639357bea880470ddf261d17bb0bc052eb1?s=96&d=mm&r=g\",\"caption\":\"Javier De La Cruz\"},\"url\":\"https:\/\/esbozodeportivo.com\/index.php\/author\/javier-de-la-cruz-de-la-cruz\/\"}]}<\/script>\n<!-- \/ Yoast SEO plugin. -->","yoast_head_json":{"title":"Tour de Francia en CDMX entre la agenda deportiva de fin de a\u00f1o - Esbozo Deportivo","robots":{"index":"index","follow":"follow","max-snippet":"max-snippet:-1","max-image-preview":"max-image-preview:large","max-video-preview":"max-video-preview:-1"},"canonical":"https:\/\/esbozodeportivo.com\/index.php\/2022\/11\/05\/tour-de-francia-en-cdmx-entre-la-agenda-deportiva-de-fin-de-ano\/","og_locale":"es_MX","og_type":"article","og_title":"Tour de Francia en CDMX entre la agenda deportiva de fin de a\u00f1o - Esbozo Deportivo","og_description":"(Bolet\u00edn).- El Instituto del Deporte (INDEPORTE) a trav\u00e9s de la Jefa de Gobierno, Claudia Sheinbaum","og_url":"https:\/\/esbozodeportivo.com\/index.php\/2022\/11\/05\/tour-de-francia-en-cdmx-entre-la-agenda-deportiva-de-fin-de-ano\/","og_site_name":"Esbozo Deportivo","article_published_time":"2022-11-05T01:59:56+00:00","article_modified_time":"2022-11-05T02:04:59+00:00","og_image":[{"url":"https:\/\/esbozodeportivo.com\/wp-content\/uploads\/2022\/11\/Francia-en-Mexico-1024x682.jpg","type":"","width":"","height":""}],"author":"Javier De La Cruz","twitter_card":"summary_large_image","twitter_misc":{"Escrito por":"Javier De La Cruz","Tiempo de lectura":"4 minutos"},"schema":{"@context":"https:\/\/schema.org","@graph":[{"@type":"Article","@id":"https:\/\/esbozodeportivo.com\/index.php\/2022\/11\/05\/tour-de-francia-en-cdmx-entre-la-agenda-deportiva-de-fin-de-ano\/#article","isPartOf":{"@id":"https:\/\/esbozodeportivo.com\/index.php\/2022\/11\/05\/tour-de-francia-en-cdmx-entre-la-agenda-deportiva-de-fin-de-ano\/"},"author":{"name":"Javier De La Cruz","@id":"https:\/\/esbozodeportivo.com\/#\/schema\/person\/7277119c98823aec37bbb84e125efd44"},"headline":"Tour de Francia en CDMX entre la agenda deportiva de fin de a\u00f1o","datePublished":"2022-11-05T01:59:56+00:00","dateModified":"2022-11-05T02:04:59+00:00","mainEntityOfPage":{"@id":"https:\/\/esbozodeportivo.com\/index.php\/2022\/11\/05\/tour-de-francia-en-cdmx-entre-la-agenda-deportiva-de-fin-de-ano\/"},"wordCount":738,"commentCount":0,"publisher":{"@id":"https:\/\/esbozodeportivo.com\/#organization"},"image":{"@id":"https:\/\/esbozodeportivo.com\/index.php\/2022\/11\/05\/tour-de-francia-en-cdmx-entre-la-agenda-deportiva-de-fin-de-ano\/#primaryimage"},"thumbnailUrl":"https:\/\/esbozodeportivo.com\/wp-content\/uploads\/2022\/11\/Francia-en-Mexico-1024x682.jpg","articleSection":["Amateur"],"inLanguage":"es","potentialAction":[{"@type":"CommentAction","name":"Comment","target":["https:\/\/esbozodeportivo.com\/index.php\/2022\/11\/05\/tour-de-francia-en-cdmx-entre-la-agenda-deportiva-de-fin-de-ano\/#respond"]}]},{"@type":"WebPage","@id":"https:\/\/esbozodeportivo.com\/index.php\/2022\/11\/05\/tour-de-francia-en-cdmx-entre-la-agenda-deportiva-de-fin-de-ano\/","url":"https:\/\/esbozodeportivo.com\/index.php\/2022\/11\/05\/tour-de-francia-en-cdmx-entre-la-agenda-deportiva-de-fin-de-ano\/","name":"Tour de Francia en CDMX entre la agenda deportiva de fin de a\u00f1o - Esbozo Deportivo","isPartOf":{"@id":"https:\/\/esbozodeportivo.com\/#website"},"primaryImageOfPage":{"@id":"https:\/\/esbozodeportivo.com\/index.php\/2022\/11\/05\/tour-de-francia-en-cdmx-entre-la-agenda-deportiva-de-fin-de-ano\/#primaryimage"},"image":{"@id":"https:\/\/esbozodeportivo.com\/index.php\/2022\/11\/05\/tour-de-francia-en-cdmx-entre-la-agenda-deportiva-de-fin-de-ano\/#primaryimage"},"thumbnailUrl":"https:\/\/esbozodeportivo.com\/wp-content\/uploads\/2022\/11\/Francia-en-Mexico-1024x682.jpg","datePublished":"2022-11-05T01:59:56+00:00","dateModified":"2022-11-05T02:04:59+00:00","breadcrumb":{"@id":"https:\/\/esbozodeportivo.com\/index.php\/2022\/11\/05\/tour-de-francia-en-cdmx-entre-la-agenda-deportiva-de-fin-de-ano\/#breadcrumb"},"inLanguage":"es","potentialAction":[{"@type":"ReadAction","target":["https:\/\/esbozodeportivo.com\/index.php\/2022\/11\/05\/tour-de-francia-en-cdmx-entre-la-agenda-deportiva-de-fin-de-ano\/"]}]},{"@type":"ImageObject","inLanguage":"es","@id":"https:\/\/esbozodeportivo.com\/index.php\/2022\/11\/05\/tour-de-francia-en-cdmx-entre-la-agenda-deportiva-de-fin-de-ano\/#primaryimage","url":"https:\/\/esbozodeportivo.com\/wp-content\/uploads\/2022\/11\/Francia-en-Mexico.jpg","contentUrl":"https:\/\/esbozodeportivo.com\/wp-content\/uploads\/2022\/11\/Francia-en-Mexico.jpg","width":1280,"height":852},{"@type":"BreadcrumbList","@id":"https:\/\/esbozodeportivo.com\/index.php\/2022\/11\/05\/tour-de-francia-en-cdmx-entre-la-agenda-deportiva-de-fin-de-ano\/#breadcrumb","itemListElement":[{"@type":"ListItem","position":1,"name":"Inicio","item":"https:\/\/esbozodeportivo.com\/"},{"@type":"ListItem","position":2,"name":"Tour de Francia en CDMX entre la agenda deportiva de fin de a\u00f1o"}]},{"@type":"WebSite","@id":"https:\/\/esbozodeportivo.com\/#website","url":"https:\/\/esbozodeportivo.com\/","name":"Esbozo Deportivo","description":"Lo m\u00e1s importante del Deporte","publisher":{"@id":"https:\/\/esbozodeportivo.com\/#organization"},"potentialAction":[{"@type":"SearchAction","target":{"@type":"EntryPoint","urlTemplate":"https:\/\/esbozodeportivo.com\/?s={search_term_string}"},"query-input":{"@type":"PropertyValueSpecification","valueRequired":true,"valueName":"search_term_string"}}],"inLanguage":"es"},{"@type":"Organization","@id":"https:\/\/esbozodeportivo.com\/#organization","name":"Esbozo Deportivo","url":"https:\/\/esbozodeportivo.com\/","logo":{"@type":"ImageObject","inLanguage":"es","@id":"https:\/\/esbozodeportivo.com\/#\/schema\/logo\/image\/","url":"https:\/\/esbozodeportivo.com\/wp-content\/uploads\/2022\/08\/cropped-Logo-Esbozo-Web-2.png","contentUrl":"https:\/\/esbozodeportivo.com\/wp-content\/uploads\/2022\/08\/cropped-Logo-Esbozo-Web-2.png","width":180,"height":50,"caption":"Esbozo Deportivo"},"image":{"@id":"https:\/\/esbozodeportivo.com\/#\/schema\/logo\/image\/"}},{"@type":"Person","@id":"https:\/\/esbozodeportivo.com\/#\/schema\/person\/7277119c98823aec37bbb84e125efd44","name":"Javier De La Cruz","image":{"@type":"ImageObject","inLanguage":"es","@id":"https:\/\/esbozodeportivo.com\/#\/schema\/person\/image\/","url":"https:\/\/secure.gravatar.com\/avatar\/366235a56d20f1a6e8e3d0b295897639357bea880470ddf261d17bb0bc052eb1?s=96&d=mm&r=g","contentUrl":"https:\/\/secure.gravatar.com\/avatar\/366235a56d20f1a6e8e3d0b295897639357bea880470ddf261d17bb0bc052eb1?s=96&d=mm&r=g","caption":"Javier De La Cruz"},"url":"https:\/\/esbozodeportivo.com\/index.php\/author\/javier-de-la-cruz-de-la-cruz\/"}]}},"jetpack_featured_media_url":"","jetpack_sharing_enabled":true,"_links":{"self":[{"href":"https:\/\/esbozodeportivo.com\/index.php\/wp-json\/wp\/v2\/posts\/693","targetHints":{"allow":["GET"]}}],"collection":[{"href":"https:\/\/esbozodeportivo.com\/index.php\/wp-json\/wp\/v2\/posts"}],"about":[{"href":"https:\/\/esbozodeportivo.com\/index.php\/wp-json\/wp\/v2\/types\/post"}],"author":[{"embeddable":true,"href":"https:\/\/esbozodeportivo.com\/index.php\/wp-json\/wp\/v2\/users\/2"}],"replies":[{"embeddable":true,"href":"https:\/\/esbozodeportivo.com\/index.php\/wp-json\/wp\/v2\/comments?post=693"}],"version-history":[{"count":4,"href":"https:\/\/esbozodeportivo.com\/index.php\/wp-json\/wp\/v2\/posts\/693\/revisions"}],"predecessor-version":[{"id":702,"href":"https:\/\/esbozodeportivo.com\/index.php\/wp-json\/wp\/v2\/posts\/693\/revisions\/702"}],"wp:attachment":[{"href":"https:\/\/esbozodeportivo.com\/index.php\/wp-json\/wp\/v2\/media?parent=693"}],"wp:term":[{"taxonomy":"category","embeddable":true,"href":"https:\/\/esbozodeportivo.com\/index.php\/wp-json\/wp\/v2\/categories?post=693"},{"taxonomy":"post_tag","embeddable":true,"href":"https:\/\/esbozodeportivo.com\/index.php\/wp-json\/wp\/v2\/tags?post=693"}],"curies":[{"name":"wp","href":"https:\/\/api.w.org\/{rel}","templated":true}]}}