{"id":712,"date":"2022-11-09T05:02:59","date_gmt":"2022-11-09T05:02:59","guid":{"rendered":"https:\/\/esbozodeportivo.com\/?p=712"},"modified":"2022-11-09T05:08:32","modified_gmt":"2022-11-09T05:08:32","slug":"da-inicio-la-copa-mundial-de-beisbol-5-con-ceremonia-en-el-zocalo-capitalino","status":"publish","type":"post","link":"https:\/\/esbozodeportivo.com\/index.php\/2022\/11\/09\/da-inicio-la-copa-mundial-de-beisbol-5-con-ceremonia-en-el-zocalo-capitalino\/","title":{"rendered":"Da inicio la Copa Mundial de B\u00e9isbol 5 con ceremonia en el Z\u00f3calo capitalino"},"content":{"rendered":"<style>\/*! elementor - v3.8.0 - 30-10-2022 *\/\n.elementor-widget-image{text-align:center}.elementor-widget-image a{display:inline-block}.elementor-widget-image a img[src$=\".svg\"]{width:48px}.elementor-widget-image img{vertical-align:middle;display:inline-block}<\/style>\n<p>\t\t\t\t\t\t\t\t\t\t\t\t<img decoding=\"async\" width=\"640\" height=\"480\" src=\"https:\/\/esbozodeportivo.com\/wp-content\/uploads\/2022\/11\/Inauguracion-1024x768.jpg\" alt=\"\" loading=\"lazy\" srcset=\"https:\/\/esbozodeportivo.com\/wp-content\/uploads\/2022\/11\/Inauguracion-1024x768.jpg 1024w, https:\/\/esbozodeportivo.com\/wp-content\/uploads\/2022\/11\/Inauguracion-300x225.jpg 300w, https:\/\/esbozodeportivo.com\/wp-content\/uploads\/2022\/11\/Inauguracion-768x576.jpg 768w, https:\/\/esbozodeportivo.com\/wp-content\/uploads\/2022\/11\/Inauguracion.jpg 1280w\" sizes=\"auto, (max-width: 640px) 100vw, 640px\" \/>\t\t\t\t\t\t\t\t\t\t\t\t\t\t\t<\/p>\n<p>@WBSCPresident<\/p>\n<p>Se llev\u00f3 a cabo la ceremonia de apertura de la Copa Mundial de B\u00e9isbol 5 en la Ciudad de M\u00e9xico. Los equipos representativos que disputar\u00e1n la Copa Mundial desfilaron como parte de los primeros actos de la ceremonia. Cuba, Francia, Jap\u00f3n, Kenia, Corea del Sur, Hong Kong, Lituania, Sud\u00e1frica, China Taip\u00e9i, T\u00fanez, Venezuela y M\u00e9xico se dieron cita para el acto protocolario en la plancha del Z\u00f3calo capitalino.<\/p>\n<p>\t\t\t\t\t\t\t\t\t\t\t\t\t\t\t<img decoding=\"async\" width=\"640\" height=\"434\" src=\"https:\/\/esbozodeportivo.com\/wp-content\/uploads\/2022\/11\/Inauguracion1-1024x694.jpg\" alt=\"\" loading=\"lazy\" srcset=\"https:\/\/esbozodeportivo.com\/wp-content\/uploads\/2022\/11\/Inauguracion1-1024x694.jpg 1024w, https:\/\/esbozodeportivo.com\/wp-content\/uploads\/2022\/11\/Inauguracion1-300x203.jpg 300w, https:\/\/esbozodeportivo.com\/wp-content\/uploads\/2022\/11\/Inauguracion1-768x521.jpg 768w, https:\/\/esbozodeportivo.com\/wp-content\/uploads\/2022\/11\/Inauguracion1.jpg 1280w\" sizes=\"auto, (max-width: 640px) 100vw, 640px\" \/>\t\t\t\t\t\t\t\t\t\t\t\t\t\t\t<\/p>\n<p>@CONADE<\/p>\n<p>En el acto presidido por la titular de la Comisi\u00f3n Nacional de Cultura F\u00edsica y Deporte (CONADE), Ana Gabriela Guevara Espinoza, estuvo acompa\u00f1ada por Riccardo Fraccari, presidente de la Confederaci\u00f3n Mundial de Beisbol y Softbol (WBSC, por sus siglas en ingl\u00e9s), Javier Hidalgo, director del Instituto del Deporte de la CDMX, Rolando Guerrero, presidente de la Federaci\u00f3n Mexicana de Softbol, as\u00ed como de Mart\u00ed Batres Guadarrama, secretario del Gobierno de la Ciudad de M\u00e9xico.<\/p>\n<p>\t\t\t\t\t\t\t\t\t\t\t\t\t\t\t<img decoding=\"async\" width=\"640\" height=\"456\" src=\"https:\/\/esbozodeportivo.com\/wp-content\/uploads\/2022\/11\/Inauguracion2-1024x730.jpg\" alt=\"\" loading=\"lazy\" srcset=\"https:\/\/esbozodeportivo.com\/wp-content\/uploads\/2022\/11\/Inauguracion2-1024x730.jpg 1024w, https:\/\/esbozodeportivo.com\/wp-content\/uploads\/2022\/11\/Inauguracion2-300x214.jpg 300w, https:\/\/esbozodeportivo.com\/wp-content\/uploads\/2022\/11\/Inauguracion2-768x547.jpg 768w, https:\/\/esbozodeportivo.com\/wp-content\/uploads\/2022\/11\/Inauguracion2.jpg 1280w\" sizes=\"auto, (max-width: 640px) 100vw, 640px\" \/>\t\t\t\t\t\t\t\t\t\t\t\t\t\t\t<\/p>\n<p>@CONADE<\/p>\n<p>Ana Gabriela Guevara subray\u00f3 la importancia de la equidad que esta modalidad de b\u00e9isbol propone entre sus jugadores ya que es un deporte mixto al permitir que por lo menos dos jugadores de cada g\u00e9nero tengan actividad en el terreno de juego.<\/p>\n<p>&#8220;Me siento muy orgullosa de esta primera sede y que M\u00e9xico tenga el privilegio de darle la bienvenida a todos los equipos, que se pueda disfrutar de este nuevo formato de b\u00e9isbol y abra el futuro de muchas ni\u00f1as y ni\u00f1os en este deporte que es mixto y que permitir\u00e1 poder tener y encontrar un h\u00e1bito de juego; disfrutemos de este gran evento\u201d, apunt\u00f3 la dirigente.<\/p>\n<p>\t\t\t\t\t\t\t\t\t\t\t\t\t\t\t<img decoding=\"async\" width=\"640\" height=\"517\" src=\"https:\/\/esbozodeportivo.com\/wp-content\/uploads\/2022\/11\/Inauguracion3-1024x827.jpg\" alt=\"\" loading=\"lazy\" srcset=\"https:\/\/esbozodeportivo.com\/wp-content\/uploads\/2022\/11\/Inauguracion3-1024x827.jpg 1024w, https:\/\/esbozodeportivo.com\/wp-content\/uploads\/2022\/11\/Inauguracion3-300x242.jpg 300w, https:\/\/esbozodeportivo.com\/wp-content\/uploads\/2022\/11\/Inauguracion3-768x620.jpg 768w, https:\/\/esbozodeportivo.com\/wp-content\/uploads\/2022\/11\/Inauguracion3.jpg 1280w\" sizes=\"auto, (max-width: 640px) 100vw, 640px\" \/>\t\t\t\t\t\t\t\t\t\t\t\t\t\t\t<\/p>\n<p>@CONADE<\/p>\n<p>En su intervenci\u00f3n, Riccardo Fraccari destac\u00f3 lo siguiente: &#8221; estamos orgullosos de lo que hemos logrado con este proyecto. Quiero expresar mi profunda gratitud al gobierno de los Estados Unidos Mexicanos, al gobierno de la Ciudad de M\u00e9xico, a CONADE y al Instituto del Deporte de la Ciudad de M\u00e9xico que han cre\u00eddo en este proyecto desde el principio. Gracias a su confianza y apoyo hoy estamos inaugurando esta competencia. Dentro de siete d\u00edas estaremos coronando al primer campe\u00f3n mundial de b\u00e9isbol 5. Luego de las clasificaciones continentales, 12 pa\u00edses de todos los rincones del mundo se re\u00fanen en la Ciudad de M\u00e9xico para disputar esta primera Copa Mundial de B\u00e9isbol 5 y no pod\u00eda imaginar una mejor ocasi\u00f3n para este evento que el Z\u00f3calo de la Ciudad de M\u00e9xico, un lugar cosmopolita, diverso, llen\u00f3 de tradici\u00f3n que al igual que el b\u00e9isbol 5, con un gran pasado, presente y futuro&#8221;.<\/p>\n<p>\t\t\t\t\t\t\t\t\t\t\t\t\t\t\t<img decoding=\"async\" width=\"640\" height=\"481\" src=\"https:\/\/esbozodeportivo.com\/wp-content\/uploads\/2022\/11\/Inauguracion4.jpg\" alt=\"\" loading=\"lazy\" srcset=\"https:\/\/esbozodeportivo.com\/wp-content\/uploads\/2022\/11\/Inauguracion4.jpg 971w, https:\/\/esbozodeportivo.com\/wp-content\/uploads\/2022\/11\/Inauguracion4-300x226.jpg 300w, https:\/\/esbozodeportivo.com\/wp-content\/uploads\/2022\/11\/Inauguracion4-768x577.jpg 768w\" sizes=\"auto, (max-width: 640px) 100vw, 640px\" \/>\t\t\t\t\t\t\t\t\t\t\t\t\t\t\t<\/p>\n<p>@WBSC<\/p>\n<p>Para la disputa de la copa fueron instaladas cinco canchas en la plancha del Z\u00f3calo capitalino, as\u00ed como dos estadios; en los que se llevar\u00e1n a cabo aproximadamente 50 partidos del 7 al 13 de noviembre en donde se espera la llegada de m\u00e1s de 4 mil asistentes.<\/p>\n","protected":false},"excerpt":{"rendered":"<p>@WBSCPresident Se llev\u00f3 a cabo la ceremonia de apertura de la Copa Mundial de B\u00e9isbol<\/p>\n","protected":false},"author":2,"featured_media":0,"comment_status":"open","ping_status":"open","sticky":false,"template":"","format":"standard","meta":{"_jetpack_memberships_contains_paid_content":false,"footnotes":""},"categories":[5],"tags":[],"class_list":["post-712","post","type-post","status-publish","format-standard","hentry","category-amateur"],"yoast_head":"<!-- This site is optimized with the Yoast SEO plugin v25.7 - https:\/\/yoast.com\/wordpress\/plugins\/seo\/ -->\n<title>Da inicio la Copa Mundial de B\u00e9isbol 5 con ceremonia en el Z\u00f3calo capitalino - Esbozo Deportivo<\/title>\n<meta name=\"robots\" content=\"index, follow, max-snippet:-1, max-image-preview:large, max-video-preview:-1\" \/>\n<link rel=\"canonical\" href=\"https:\/\/esbozodeportivo.com\/index.php\/2022\/11\/09\/da-inicio-la-copa-mundial-de-beisbol-5-con-ceremonia-en-el-zocalo-capitalino\/\" \/>\n<meta property=\"og:locale\" content=\"es_MX\" \/>\n<meta property=\"og:type\" content=\"article\" \/>\n<meta property=\"og:title\" content=\"Da inicio la Copa Mundial de B\u00e9isbol 5 con ceremonia en el Z\u00f3calo capitalino - Esbozo Deportivo\" \/>\n<meta property=\"og:description\" content=\"@WBSCPresident Se llev\u00f3 a cabo la ceremonia de apertura de la Copa Mundial de B\u00e9isbol\" \/>\n<meta property=\"og:url\" content=\"https:\/\/esbozodeportivo.com\/index.php\/2022\/11\/09\/da-inicio-la-copa-mundial-de-beisbol-5-con-ceremonia-en-el-zocalo-capitalino\/\" \/>\n<meta property=\"og:site_name\" content=\"Esbozo Deportivo\" \/>\n<meta property=\"article:published_time\" content=\"2022-11-09T05:02:59+00:00\" \/>\n<meta property=\"article:modified_time\" content=\"2022-11-09T05:08:32+00:00\" \/>\n<meta property=\"og:image\" content=\"https:\/\/esbozodeportivo.com\/wp-content\/uploads\/2022\/11\/Inauguracion-1024x768.jpg\" \/>\n<meta name=\"author\" content=\"Javier De La Cruz\" \/>\n<meta name=\"twitter:card\" content=\"summary_large_image\" \/>\n<meta name=\"twitter:label1\" content=\"Escrito por\" \/>\n\t<meta name=\"twitter:data1\" content=\"Javier De La Cruz\" \/>\n\t<meta name=\"twitter:label2\" content=\"Tiempo de lectura\" \/>\n\t<meta name=\"twitter:data2\" content=\"2 minutos\" \/>\n<script type=\"application\/ld+json\" class=\"yoast-schema-graph\">{\"@context\":\"https:\/\/schema.org\",\"@graph\":[{\"@type\":\"Article\",\"@id\":\"https:\/\/esbozodeportivo.com\/index.php\/2022\/11\/09\/da-inicio-la-copa-mundial-de-beisbol-5-con-ceremonia-en-el-zocalo-capitalino\/#article\",\"isPartOf\":{\"@id\":\"https:\/\/esbozodeportivo.com\/index.php\/2022\/11\/09\/da-inicio-la-copa-mundial-de-beisbol-5-con-ceremonia-en-el-zocalo-capitalino\/\"},\"author\":{\"name\":\"Javier De La Cruz\",\"@id\":\"https:\/\/esbozodeportivo.com\/#\/schema\/person\/7277119c98823aec37bbb84e125efd44\"},\"headline\":\"Da inicio la Copa Mundial de B\u00e9isbol 5 con ceremonia en el Z\u00f3calo capitalino\",\"datePublished\":\"2022-11-09T05:02:59+00:00\",\"dateModified\":\"2022-11-09T05:08:32+00:00\",\"mainEntityOfPage\":{\"@id\":\"https:\/\/esbozodeportivo.com\/index.php\/2022\/11\/09\/da-inicio-la-copa-mundial-de-beisbol-5-con-ceremonia-en-el-zocalo-capitalino\/\"},\"wordCount\":502,\"commentCount\":0,\"publisher\":{\"@id\":\"https:\/\/esbozodeportivo.com\/#organization\"},\"image\":{\"@id\":\"https:\/\/esbozodeportivo.com\/index.php\/2022\/11\/09\/da-inicio-la-copa-mundial-de-beisbol-5-con-ceremonia-en-el-zocalo-capitalino\/#primaryimage\"},\"thumbnailUrl\":\"https:\/\/esbozodeportivo.com\/wp-content\/uploads\/2022\/11\/Inauguracion-1024x768.jpg\",\"articleSection\":[\"Amateur\"],\"inLanguage\":\"es\",\"potentialAction\":[{\"@type\":\"CommentAction\",\"name\":\"Comment\",\"target\":[\"https:\/\/esbozodeportivo.com\/index.php\/2022\/11\/09\/da-inicio-la-copa-mundial-de-beisbol-5-con-ceremonia-en-el-zocalo-capitalino\/#respond\"]}]},{\"@type\":\"WebPage\",\"@id\":\"https:\/\/esbozodeportivo.com\/index.php\/2022\/11\/09\/da-inicio-la-copa-mundial-de-beisbol-5-con-ceremonia-en-el-zocalo-capitalino\/\",\"url\":\"https:\/\/esbozodeportivo.com\/index.php\/2022\/11\/09\/da-inicio-la-copa-mundial-de-beisbol-5-con-ceremonia-en-el-zocalo-capitalino\/\",\"name\":\"Da inicio la Copa Mundial de B\u00e9isbol 5 con ceremonia en el Z\u00f3calo capitalino - Esbozo Deportivo\",\"isPartOf\":{\"@id\":\"https:\/\/esbozodeportivo.com\/#website\"},\"primaryImageOfPage\":{\"@id\":\"https:\/\/esbozodeportivo.com\/index.php\/2022\/11\/09\/da-inicio-la-copa-mundial-de-beisbol-5-con-ceremonia-en-el-zocalo-capitalino\/#primaryimage\"},\"image\":{\"@id\":\"https:\/\/esbozodeportivo.com\/index.php\/2022\/11\/09\/da-inicio-la-copa-mundial-de-beisbol-5-con-ceremonia-en-el-zocalo-capitalino\/#primaryimage\"},\"thumbnailUrl\":\"https:\/\/esbozodeportivo.com\/wp-content\/uploads\/2022\/11\/Inauguracion-1024x768.jpg\",\"datePublished\":\"2022-11-09T05:02:59+00:00\",\"dateModified\":\"2022-11-09T05:08:32+00:00\",\"breadcrumb\":{\"@id\":\"https:\/\/esbozodeportivo.com\/index.php\/2022\/11\/09\/da-inicio-la-copa-mundial-de-beisbol-5-con-ceremonia-en-el-zocalo-capitalino\/#breadcrumb\"},\"inLanguage\":\"es\",\"potentialAction\":[{\"@type\":\"ReadAction\",\"target\":[\"https:\/\/esbozodeportivo.com\/index.php\/2022\/11\/09\/da-inicio-la-copa-mundial-de-beisbol-5-con-ceremonia-en-el-zocalo-capitalino\/\"]}]},{\"@type\":\"ImageObject\",\"inLanguage\":\"es\",\"@id\":\"https:\/\/esbozodeportivo.com\/index.php\/2022\/11\/09\/da-inicio-la-copa-mundial-de-beisbol-5-con-ceremonia-en-el-zocalo-capitalino\/#primaryimage\",\"url\":\"https:\/\/esbozodeportivo.com\/wp-content\/uploads\/2022\/11\/Inauguracion.jpg\",\"contentUrl\":\"https:\/\/esbozodeportivo.com\/wp-content\/uploads\/2022\/11\/Inauguracion.jpg\",\"width\":1280,\"height\":960},{\"@type\":\"BreadcrumbList\",\"@id\":\"https:\/\/esbozodeportivo.com\/index.php\/2022\/11\/09\/da-inicio-la-copa-mundial-de-beisbol-5-con-ceremonia-en-el-zocalo-capitalino\/#breadcrumb\",\"itemListElement\":[{\"@type\":\"ListItem\",\"position\":1,\"name\":\"Inicio\",\"item\":\"https:\/\/esbozodeportivo.com\/\"},{\"@type\":\"ListItem\",\"position\":2,\"name\":\"Da inicio la Copa Mundial de B\u00e9isbol 5 con ceremonia en el Z\u00f3calo capitalino\"}]},{\"@type\":\"WebSite\",\"@id\":\"https:\/\/esbozodeportivo.com\/#website\",\"url\":\"https:\/\/esbozodeportivo.com\/\",\"name\":\"Esbozo Deportivo\",\"description\":\"Lo m\u00e1s importante del Deporte\",\"publisher\":{\"@id\":\"https:\/\/esbozodeportivo.com\/#organization\"},\"potentialAction\":[{\"@type\":\"SearchAction\",\"target\":{\"@type\":\"EntryPoint\",\"urlTemplate\":\"https:\/\/esbozodeportivo.com\/?s={search_term_string}\"},\"query-input\":{\"@type\":\"PropertyValueSpecification\",\"valueRequired\":true,\"valueName\":\"search_term_string\"}}],\"inLanguage\":\"es\"},{\"@type\":\"Organization\",\"@id\":\"https:\/\/esbozodeportivo.com\/#organization\",\"name\":\"Esbozo Deportivo\",\"url\":\"https:\/\/esbozodeportivo.com\/\",\"logo\":{\"@type\":\"ImageObject\",\"inLanguage\":\"es\",\"@id\":\"https:\/\/esbozodeportivo.com\/#\/schema\/logo\/image\/\",\"url\":\"https:\/\/esbozodeportivo.com\/wp-content\/uploads\/2022\/08\/cropped-Logo-Esbozo-Web-2.png\",\"contentUrl\":\"https:\/\/esbozodeportivo.com\/wp-content\/uploads\/2022\/08\/cropped-Logo-Esbozo-Web-2.png\",\"width\":180,\"height\":50,\"caption\":\"Esbozo Deportivo\"},\"image\":{\"@id\":\"https:\/\/esbozodeportivo.com\/#\/schema\/logo\/image\/\"}},{\"@type\":\"Person\",\"@id\":\"https:\/\/esbozodeportivo.com\/#\/schema\/person\/7277119c98823aec37bbb84e125efd44\",\"name\":\"Javier De La Cruz\",\"image\":{\"@type\":\"ImageObject\",\"inLanguage\":\"es\",\"@id\":\"https:\/\/esbozodeportivo.com\/#\/schema\/person\/image\/\",\"url\":\"https:\/\/secure.gravatar.com\/avatar\/366235a56d20f1a6e8e3d0b295897639357bea880470ddf261d17bb0bc052eb1?s=96&d=mm&r=g\",\"contentUrl\":\"https:\/\/secure.gravatar.com\/avatar\/366235a56d20f1a6e8e3d0b295897639357bea880470ddf261d17bb0bc052eb1?s=96&d=mm&r=g\",\"caption\":\"Javier De La Cruz\"},\"url\":\"https:\/\/esbozodeportivo.com\/index.php\/author\/javier-de-la-cruz-de-la-cruz\/\"}]}<\/script>\n<!-- \/ Yoast SEO plugin. -->","yoast_head_json":{"title":"Da inicio la Copa Mundial de B\u00e9isbol 5 con ceremonia en el Z\u00f3calo capitalino - Esbozo Deportivo","robots":{"index":"index","follow":"follow","max-snippet":"max-snippet:-1","max-image-preview":"max-image-preview:large","max-video-preview":"max-video-preview:-1"},"canonical":"https:\/\/esbozodeportivo.com\/index.php\/2022\/11\/09\/da-inicio-la-copa-mundial-de-beisbol-5-con-ceremonia-en-el-zocalo-capitalino\/","og_locale":"es_MX","og_type":"article","og_title":"Da inicio la Copa Mundial de B\u00e9isbol 5 con ceremonia en el Z\u00f3calo capitalino - Esbozo Deportivo","og_description":"@WBSCPresident Se llev\u00f3 a cabo la ceremonia de apertura de la Copa Mundial de B\u00e9isbol","og_url":"https:\/\/esbozodeportivo.com\/index.php\/2022\/11\/09\/da-inicio-la-copa-mundial-de-beisbol-5-con-ceremonia-en-el-zocalo-capitalino\/","og_site_name":"Esbozo Deportivo","article_published_time":"2022-11-09T05:02:59+00:00","article_modified_time":"2022-11-09T05:08:32+00:00","og_image":[{"url":"https:\/\/esbozodeportivo.com\/wp-content\/uploads\/2022\/11\/Inauguracion-1024x768.jpg","type":"","width":"","height":""}],"author":"Javier De La Cruz","twitter_card":"summary_large_image","twitter_misc":{"Escrito por":"Javier De La Cruz","Tiempo de lectura":"2 minutos"},"schema":{"@context":"https:\/\/schema.org","@graph":[{"@type":"Article","@id":"https:\/\/esbozodeportivo.com\/index.php\/2022\/11\/09\/da-inicio-la-copa-mundial-de-beisbol-5-con-ceremonia-en-el-zocalo-capitalino\/#article","isPartOf":{"@id":"https:\/\/esbozodeportivo.com\/index.php\/2022\/11\/09\/da-inicio-la-copa-mundial-de-beisbol-5-con-ceremonia-en-el-zocalo-capitalino\/"},"author":{"name":"Javier De La Cruz","@id":"https:\/\/esbozodeportivo.com\/#\/schema\/person\/7277119c98823aec37bbb84e125efd44"},"headline":"Da inicio la Copa Mundial de B\u00e9isbol 5 con ceremonia en el Z\u00f3calo capitalino","datePublished":"2022-11-09T05:02:59+00:00","dateModified":"2022-11-09T05:08:32+00:00","mainEntityOfPage":{"@id":"https:\/\/esbozodeportivo.com\/index.php\/2022\/11\/09\/da-inicio-la-copa-mundial-de-beisbol-5-con-ceremonia-en-el-zocalo-capitalino\/"},"wordCount":502,"commentCount":0,"publisher":{"@id":"https:\/\/esbozodeportivo.com\/#organization"},"image":{"@id":"https:\/\/esbozodeportivo.com\/index.php\/2022\/11\/09\/da-inicio-la-copa-mundial-de-beisbol-5-con-ceremonia-en-el-zocalo-capitalino\/#primaryimage"},"thumbnailUrl":"https:\/\/esbozodeportivo.com\/wp-content\/uploads\/2022\/11\/Inauguracion-1024x768.jpg","articleSection":["Amateur"],"inLanguage":"es","potentialAction":[{"@type":"CommentAction","name":"Comment","target":["https:\/\/esbozodeportivo.com\/index.php\/2022\/11\/09\/da-inicio-la-copa-mundial-de-beisbol-5-con-ceremonia-en-el-zocalo-capitalino\/#respond"]}]},{"@type":"WebPage","@id":"https:\/\/esbozodeportivo.com\/index.php\/2022\/11\/09\/da-inicio-la-copa-mundial-de-beisbol-5-con-ceremonia-en-el-zocalo-capitalino\/","url":"https:\/\/esbozodeportivo.com\/index.php\/2022\/11\/09\/da-inicio-la-copa-mundial-de-beisbol-5-con-ceremonia-en-el-zocalo-capitalino\/","name":"Da inicio la Copa Mundial de B\u00e9isbol 5 con ceremonia en el Z\u00f3calo capitalino - Esbozo Deportivo","isPartOf":{"@id":"https:\/\/esbozodeportivo.com\/#website"},"primaryImageOfPage":{"@id":"https:\/\/esbozodeportivo.com\/index.php\/2022\/11\/09\/da-inicio-la-copa-mundial-de-beisbol-5-con-ceremonia-en-el-zocalo-capitalino\/#primaryimage"},"image":{"@id":"https:\/\/esbozodeportivo.com\/index.php\/2022\/11\/09\/da-inicio-la-copa-mundial-de-beisbol-5-con-ceremonia-en-el-zocalo-capitalino\/#primaryimage"},"thumbnailUrl":"https:\/\/esbozodeportivo.com\/wp-content\/uploads\/2022\/11\/Inauguracion-1024x768.jpg","datePublished":"2022-11-09T05:02:59+00:00","dateModified":"2022-11-09T05:08:32+00:00","breadcrumb":{"@id":"https:\/\/esbozodeportivo.com\/index.php\/2022\/11\/09\/da-inicio-la-copa-mundial-de-beisbol-5-con-ceremonia-en-el-zocalo-capitalino\/#breadcrumb"},"inLanguage":"es","potentialAction":[{"@type":"ReadAction","target":["https:\/\/esbozodeportivo.com\/index.php\/2022\/11\/09\/da-inicio-la-copa-mundial-de-beisbol-5-con-ceremonia-en-el-zocalo-capitalino\/"]}]},{"@type":"ImageObject","inLanguage":"es","@id":"https:\/\/esbozodeportivo.com\/index.php\/2022\/11\/09\/da-inicio-la-copa-mundial-de-beisbol-5-con-ceremonia-en-el-zocalo-capitalino\/#primaryimage","url":"https:\/\/esbozodeportivo.com\/wp-content\/uploads\/2022\/11\/Inauguracion.jpg","contentUrl":"https:\/\/esbozodeportivo.com\/wp-content\/uploads\/2022\/11\/Inauguracion.jpg","width":1280,"height":960},{"@type":"BreadcrumbList","@id":"https:\/\/esbozodeportivo.com\/index.php\/2022\/11\/09\/da-inicio-la-copa-mundial-de-beisbol-5-con-ceremonia-en-el-zocalo-capitalino\/#breadcrumb","itemListElement":[{"@type":"ListItem","position":1,"name":"Inicio","item":"https:\/\/esbozodeportivo.com\/"},{"@type":"ListItem","position":2,"name":"Da inicio la Copa Mundial de B\u00e9isbol 5 con ceremonia en el Z\u00f3calo capitalino"}]},{"@type":"WebSite","@id":"https:\/\/esbozodeportivo.com\/#website","url":"https:\/\/esbozodeportivo.com\/","name":"Esbozo Deportivo","description":"Lo m\u00e1s importante del Deporte","publisher":{"@id":"https:\/\/esbozodeportivo.com\/#organization"},"potentialAction":[{"@type":"SearchAction","target":{"@type":"EntryPoint","urlTemplate":"https:\/\/esbozodeportivo.com\/?s={search_term_string}"},"query-input":{"@type":"PropertyValueSpecification","valueRequired":true,"valueName":"search_term_string"}}],"inLanguage":"es"},{"@type":"Organization","@id":"https:\/\/esbozodeportivo.com\/#organization","name":"Esbozo Deportivo","url":"https:\/\/esbozodeportivo.com\/","logo":{"@type":"ImageObject","inLanguage":"es","@id":"https:\/\/esbozodeportivo.com\/#\/schema\/logo\/image\/","url":"https:\/\/esbozodeportivo.com\/wp-content\/uploads\/2022\/08\/cropped-Logo-Esbozo-Web-2.png","contentUrl":"https:\/\/esbozodeportivo.com\/wp-content\/uploads\/2022\/08\/cropped-Logo-Esbozo-Web-2.png","width":180,"height":50,"caption":"Esbozo Deportivo"},"image":{"@id":"https:\/\/esbozodeportivo.com\/#\/schema\/logo\/image\/"}},{"@type":"Person","@id":"https:\/\/esbozodeportivo.com\/#\/schema\/person\/7277119c98823aec37bbb84e125efd44","name":"Javier De La Cruz","image":{"@type":"ImageObject","inLanguage":"es","@id":"https:\/\/esbozodeportivo.com\/#\/schema\/person\/image\/","url":"https:\/\/secure.gravatar.com\/avatar\/366235a56d20f1a6e8e3d0b295897639357bea880470ddf261d17bb0bc052eb1?s=96&d=mm&r=g","contentUrl":"https:\/\/secure.gravatar.com\/avatar\/366235a56d20f1a6e8e3d0b295897639357bea880470ddf261d17bb0bc052eb1?s=96&d=mm&r=g","caption":"Javier De La Cruz"},"url":"https:\/\/esbozodeportivo.com\/index.php\/author\/javier-de-la-cruz-de-la-cruz\/"}]}},"jetpack_featured_media_url":"","jetpack_sharing_enabled":true,"_links":{"self":[{"href":"https:\/\/esbozodeportivo.com\/index.php\/wp-json\/wp\/v2\/posts\/712","targetHints":{"allow":["GET"]}}],"collection":[{"href":"https:\/\/esbozodeportivo.com\/index.php\/wp-json\/wp\/v2\/posts"}],"about":[{"href":"https:\/\/esbozodeportivo.com\/index.php\/wp-json\/wp\/v2\/types\/post"}],"author":[{"embeddable":true,"href":"https:\/\/esbozodeportivo.com\/index.php\/wp-json\/wp\/v2\/users\/2"}],"replies":[{"embeddable":true,"href":"https:\/\/esbozodeportivo.com\/index.php\/wp-json\/wp\/v2\/comments?post=712"}],"version-history":[{"count":4,"href":"https:\/\/esbozodeportivo.com\/index.php\/wp-json\/wp\/v2\/posts\/712\/revisions"}],"predecessor-version":[{"id":721,"href":"https:\/\/esbozodeportivo.com\/index.php\/wp-json\/wp\/v2\/posts\/712\/revisions\/721"}],"wp:attachment":[{"href":"https:\/\/esbozodeportivo.com\/index.php\/wp-json\/wp\/v2\/media?parent=712"}],"wp:term":[{"taxonomy":"category","embeddable":true,"href":"https:\/\/esbozodeportivo.com\/index.php\/wp-json\/wp\/v2\/categories?post=712"},{"taxonomy":"post_tag","embeddable":true,"href":"https:\/\/esbozodeportivo.com\/index.php\/wp-json\/wp\/v2\/tags?post=712"}],"curies":[{"name":"wp","href":"https:\/\/api.w.org\/{rel}","templated":true}]}}