{"id":7142,"date":"2025-05-08T22:09:02","date_gmt":"2025-05-09T04:09:02","guid":{"rendered":"https:\/\/esbozodeportivo.com\/?p=7142"},"modified":"2025-05-08T22:09:02","modified_gmt":"2025-05-09T04:09:02","slug":"psg-inter-en-una-final-inedita","status":"publish","type":"post","link":"https:\/\/esbozodeportivo.com\/index.php\/2025\/05\/08\/psg-inter-en-una-final-inedita\/","title":{"rendered":"PSG-Inter en una final in\u00e9dita"},"content":{"rendered":"\n<p>(Foto: Agencias) <\/p>\n\n\n\n<p>El <strong>Paris Saint-Germain<\/strong> resisti\u00f3 un bombardeo incesante y exhibi\u00f3 solvencia al vencer 2-1 a un tenaz <strong>Arsenal<\/strong> para alcanzar la final de la <strong>Liga de Campeones <\/strong>el mi\u00e9rcoles.<\/p>\n\n\n\n<p>As\u00ed, tendr\u00e1 otra oportunidad de conquistar el cetro que tanto a\u00f1ora.<\/p>\n\n\n\n<p>Privado de la posesi\u00f3n del bal\u00f3n que tan a menudo disfruta, el <strong>PSG<\/strong> de <strong>Luis Enrique <\/strong>pareci\u00f3 tambalearse en la cuerda floja al principio, pero encontr\u00f3 las respuestas adecuadas para castigar a los <strong>Gunners.<\/strong><\/p>\n\n\n\n<p>Alentado por su afici\u00f3n en el <strong>Parque de los Pr\u00edncipes<\/strong>, el equipo de la capital de Francia sali\u00f3 adelante con base en el contragolpe y el excelente desempe\u00f1o del arquero <strong>Gianluigi Donnarumma<\/strong>, imponi\u00e9ndose 3-1 en el marcador global. El gran vac\u00edo dejado por <strong>Mbapp\u00e9<\/strong> no fue llenado por otro astro. Fue un cambio importante en un club donde durante m\u00e1s de una d\u00e9cada los propietarios hab\u00edan gastado generosamente para atraer grandes nombres como <strong>Zlatan Ibrahimovic<\/strong>, <strong>Lionel Messi<\/strong> y <strong>Neyma<\/strong>r.<\/p>\n\n\n\n<p>El <strong>PSG<\/strong> alcanz\u00f3 la final del m\u00e1ximo torneo de clubes de Europa por segunda vez en su historia \u2014fue subcampe\u00f3n hace cinco a\u00f1os\u2014 y lo hizo en la primera temporada tras la salida del superestrella <strong>Kylian Mbapp\u00e9<\/strong> al <strong>Real Madrid.<\/strong><\/p>\n\n\n\n<p>El nuevo enfoque del club permiti\u00f3 al entrenador <strong>Luis Enrique<\/strong> construir un equipo rejuvenecido y s\u00f3lido que juega uno de los mejores f\u00fatboles de Europa.<\/p>\n\n\n\n<figure class=\"wp-block-image size-large\"><img loading=\"lazy\" decoding=\"async\" width=\"1024\" height=\"683\" src=\"https:\/\/esbozodeportivo.com\/wp-content\/uploads\/2025\/05\/PSG-1024x683.jpg\" alt=\"\" class=\"wp-image-7143\" srcset=\"https:\/\/esbozodeportivo.com\/wp-content\/uploads\/2025\/05\/PSG-1024x683.jpg 1024w, https:\/\/esbozodeportivo.com\/wp-content\/uploads\/2025\/05\/PSG-300x200.jpg 300w, https:\/\/esbozodeportivo.com\/wp-content\/uploads\/2025\/05\/PSG-768x512.jpg 768w, https:\/\/esbozodeportivo.com\/wp-content\/uploads\/2025\/05\/PSG.jpg 1440w\" sizes=\"auto, (max-width: 1024px) 100vw, 1024px\" \/><\/figure>\n\n\n\n<p>(Foto: Agencias) <\/p>\n\n\n\n<p>\u201cEl primer d\u00eda que me sent\u00e9 enfrente de vosotros dije que el objetivo era y que pretend\u00edamos hacer el trabajo para poder estar en disposici\u00f3n de hacer historia, y \u00e9se es el objetivo que tenemos\u201d, enfatiz\u00f3 <strong>Luis Enrique<\/strong>. \u201cQueremos ser los primeros en conquistar el ansiado trofeo para un proyecto que creo que ha cambiado desde el a\u00f1o pasado, en el que me siento muy a gusto, en el que me siento realizado como entrenador\u201d.<\/p>\n\n\n\n<p>El club franc\u00e9s intentar\u00e1 nuevamente conseguir su primer t\u00edtulo de la <strong>Liga de Campeones<\/strong> el 31 de mayo, cuando se enfrente al Inter de <strong>Mil\u00e1n en M\u00fanich<\/strong>.<\/p>\n\n\n\n<p>\u201cCreemos en nuestro entrenador y creemos en nuestros jugadores \u2014en nuestros jugadores talentosos, j\u00f3venes y hambrientos,\u201d afirm\u00f3 el presidente del <strong>PSG<\/strong>, <strong>Nasser al-Khelaifi<\/strong>, en declaraciones a CBS Sports. \u201cLuchan por el equipo, mueren por la camiseta, eso es lo m\u00e1s importante, por la ciudad, por el club.<\/p>\n\n\n\n<p>\u201cA\u00fan queda un partido&#8230; no hemos terminado.\u201d<\/p>\n\n\n\n<p>Inter, tricampe\u00f3n continental, derrot\u00f3 al <strong>Barcelona<\/strong> 7-6 en el global en una de las semifinales m\u00e1s vibrantes en la historia de la competici\u00f3n.<\/p>\n\n\n\n<p>El <strong>PSG<\/strong> perdi\u00f3 ante el <strong>Borussia Dortmund<\/strong> en esta instancia el a\u00f1o pasado y fue derrotado por el <strong>Bayern M\u00fanich<\/strong> en la final de 2020, que disput\u00f3 sin p\u00fablico debido a la pandemia de coronavirus.<\/p>\n\n\n\n<p>\u201cEs una gran sensaci\u00f3n,\u201d expres\u00f3 el capit\u00e1n del <strong>PSG<\/strong>, <strong>Marquinhos<\/strong>. \u201cHicimos un gran trabajo. Ha sido un camino duro y lento y hemos tenido algunos partidos muy dif\u00edciles. Estamos bien encaminados hacia la final, pero a\u00fan no ha terminado. Ya he perdido una final, as\u00ed que s\u00e9 lo mucho que duele. Voy a intentar transmitir esa experiencia a mis compa\u00f1eros.\u201d<\/p>\n\n\n\n<p>Los parisinos rompieron el empate a los 27 minutos en una jugada a bal\u00f3n parado despu\u00e9s de que la defensa del <strong>Arsenal<\/strong> despej\u00f3 un tiro libre hacia el borde del \u00e1rea. El bal\u00f3n qued\u00f3 a merced de <strong>Fabi\u00e1n Ruiz<\/strong>, quien defini\u00f3 con una impresionante volea al fondo de la red.<\/p>\n\n\n\n<p><\/p>\n","protected":false},"excerpt":{"rendered":"<p>(Foto: Agencias) El Paris Saint-Germain resisti\u00f3 un bombardeo incesante y exhibi\u00f3 solvencia al vencer 2-1<\/p>\n","protected":false},"author":4,"featured_media":7144,"comment_status":"closed","ping_status":"open","sticky":false,"template":"","format":"standard","meta":{"_jetpack_memberships_contains_paid_content":false,"footnotes":""},"categories":[24],"tags":[],"class_list":["post-7142","post","type-post","status-publish","format-standard","has-post-thumbnail","hentry","category-futbol-2"],"yoast_head":"<!-- This site is optimized with the Yoast SEO plugin v25.7 - https:\/\/yoast.com\/wordpress\/plugins\/seo\/ -->\n<title>PSG-Inter en una final in\u00e9dita - Esbozo Deportivo<\/title>\n<meta name=\"description\" content=\"El Paris Saint-Germain resisti\u00f3 un bombardeo incesante y exhibi\u00f3 solvencia al vencer 2-1 a un tenaz Arsenal para alcanzar la final de la Liga de Campeones el mi\u00e9rcoles.\" \/>\n<meta name=\"robots\" content=\"index, follow, max-snippet:-1, max-image-preview:large, max-video-preview:-1\" \/>\n<link rel=\"canonical\" href=\"https:\/\/esbozodeportivo.com\/index.php\/2025\/05\/08\/psg-inter-en-una-final-inedita\/\" \/>\n<meta property=\"og:locale\" content=\"es_MX\" \/>\n<meta property=\"og:type\" content=\"article\" \/>\n<meta property=\"og:title\" content=\"PSG-Inter en una final in\u00e9dita - Esbozo Deportivo\" \/>\n<meta property=\"og:description\" content=\"El Paris Saint-Germain resisti\u00f3 un bombardeo incesante y exhibi\u00f3 solvencia al vencer 2-1 a un tenaz Arsenal para alcanzar la final de la Liga de Campeones el mi\u00e9rcoles.\" \/>\n<meta property=\"og:url\" content=\"https:\/\/esbozodeportivo.com\/index.php\/2025\/05\/08\/psg-inter-en-una-final-inedita\/\" \/>\n<meta property=\"og:site_name\" content=\"Esbozo Deportivo\" \/>\n<meta property=\"article:published_time\" content=\"2025-05-09T04:09:02+00:00\" \/>\n<meta property=\"og:image\" content=\"https:\/\/esbozodeportivo.com\/wp-content\/uploads\/2025\/05\/PSG1.jpg\" \/>\n\t<meta property=\"og:image:width\" content=\"1440\" \/>\n\t<meta property=\"og:image:height\" content=\"960\" \/>\n\t<meta property=\"og:image:type\" content=\"image\/jpeg\" \/>\n<meta name=\"author\" content=\"Redacci\u00f3n\" \/>\n<meta name=\"twitter:card\" content=\"summary_large_image\" \/>\n<meta name=\"twitter:label1\" content=\"Escrito por\" \/>\n\t<meta name=\"twitter:data1\" content=\"Redacci\u00f3n\" \/>\n\t<meta name=\"twitter:label2\" content=\"Tiempo de lectura\" \/>\n\t<meta name=\"twitter:data2\" content=\"3 minutos\" \/>\n<script type=\"application\/ld+json\" class=\"yoast-schema-graph\">{\"@context\":\"https:\/\/schema.org\",\"@graph\":[{\"@type\":\"Article\",\"@id\":\"https:\/\/esbozodeportivo.com\/index.php\/2025\/05\/08\/psg-inter-en-una-final-inedita\/#article\",\"isPartOf\":{\"@id\":\"https:\/\/esbozodeportivo.com\/index.php\/2025\/05\/08\/psg-inter-en-una-final-inedita\/\"},\"author\":{\"name\":\"Redacci\u00f3n\",\"@id\":\"https:\/\/esbozodeportivo.com\/#\/schema\/person\/0f6df9196dfe6740dd0bb31bae50d374\"},\"headline\":\"PSG-Inter en una final in\u00e9dita\",\"datePublished\":\"2025-05-09T04:09:02+00:00\",\"mainEntityOfPage\":{\"@id\":\"https:\/\/esbozodeportivo.com\/index.php\/2025\/05\/08\/psg-inter-en-una-final-inedita\/\"},\"wordCount\":591,\"publisher\":{\"@id\":\"https:\/\/esbozodeportivo.com\/#organization\"},\"image\":{\"@id\":\"https:\/\/esbozodeportivo.com\/index.php\/2025\/05\/08\/psg-inter-en-una-final-inedita\/#primaryimage\"},\"thumbnailUrl\":\"https:\/\/esbozodeportivo.com\/wp-content\/uploads\/2025\/05\/PSG1.jpg\",\"articleSection\":[\"Champions League\"],\"inLanguage\":\"es\"},{\"@type\":\"WebPage\",\"@id\":\"https:\/\/esbozodeportivo.com\/index.php\/2025\/05\/08\/psg-inter-en-una-final-inedita\/\",\"url\":\"https:\/\/esbozodeportivo.com\/index.php\/2025\/05\/08\/psg-inter-en-una-final-inedita\/\",\"name\":\"PSG-Inter en una final in\u00e9dita - Esbozo Deportivo\",\"isPartOf\":{\"@id\":\"https:\/\/esbozodeportivo.com\/#website\"},\"primaryImageOfPage\":{\"@id\":\"https:\/\/esbozodeportivo.com\/index.php\/2025\/05\/08\/psg-inter-en-una-final-inedita\/#primaryimage\"},\"image\":{\"@id\":\"https:\/\/esbozodeportivo.com\/index.php\/2025\/05\/08\/psg-inter-en-una-final-inedita\/#primaryimage\"},\"thumbnailUrl\":\"https:\/\/esbozodeportivo.com\/wp-content\/uploads\/2025\/05\/PSG1.jpg\",\"datePublished\":\"2025-05-09T04:09:02+00:00\",\"description\":\"El Paris Saint-Germain resisti\u00f3 un bombardeo incesante y exhibi\u00f3 solvencia al vencer 2-1 a un tenaz Arsenal para alcanzar la final de la Liga de Campeones el mi\u00e9rcoles.\",\"breadcrumb\":{\"@id\":\"https:\/\/esbozodeportivo.com\/index.php\/2025\/05\/08\/psg-inter-en-una-final-inedita\/#breadcrumb\"},\"inLanguage\":\"es\",\"potentialAction\":[{\"@type\":\"ReadAction\",\"target\":[\"https:\/\/esbozodeportivo.com\/index.php\/2025\/05\/08\/psg-inter-en-una-final-inedita\/\"]}]},{\"@type\":\"ImageObject\",\"inLanguage\":\"es\",\"@id\":\"https:\/\/esbozodeportivo.com\/index.php\/2025\/05\/08\/psg-inter-en-una-final-inedita\/#primaryimage\",\"url\":\"https:\/\/esbozodeportivo.com\/wp-content\/uploads\/2025\/05\/PSG1.jpg\",\"contentUrl\":\"https:\/\/esbozodeportivo.com\/wp-content\/uploads\/2025\/05\/PSG1.jpg\",\"width\":1440,\"height\":960},{\"@type\":\"BreadcrumbList\",\"@id\":\"https:\/\/esbozodeportivo.com\/index.php\/2025\/05\/08\/psg-inter-en-una-final-inedita\/#breadcrumb\",\"itemListElement\":[{\"@type\":\"ListItem\",\"position\":1,\"name\":\"Inicio\",\"item\":\"https:\/\/esbozodeportivo.com\/\"},{\"@type\":\"ListItem\",\"position\":2,\"name\":\"PSG-Inter en una final in\u00e9dita\"}]},{\"@type\":\"WebSite\",\"@id\":\"https:\/\/esbozodeportivo.com\/#website\",\"url\":\"https:\/\/esbozodeportivo.com\/\",\"name\":\"Esbozo Deportivo\",\"description\":\"Lo m\u00e1s importante del Deporte\",\"publisher\":{\"@id\":\"https:\/\/esbozodeportivo.com\/#organization\"},\"potentialAction\":[{\"@type\":\"SearchAction\",\"target\":{\"@type\":\"EntryPoint\",\"urlTemplate\":\"https:\/\/esbozodeportivo.com\/?s={search_term_string}\"},\"query-input\":{\"@type\":\"PropertyValueSpecification\",\"valueRequired\":true,\"valueName\":\"search_term_string\"}}],\"inLanguage\":\"es\"},{\"@type\":\"Organization\",\"@id\":\"https:\/\/esbozodeportivo.com\/#organization\",\"name\":\"Esbozo Deportivo\",\"url\":\"https:\/\/esbozodeportivo.com\/\",\"logo\":{\"@type\":\"ImageObject\",\"inLanguage\":\"es\",\"@id\":\"https:\/\/esbozodeportivo.com\/#\/schema\/logo\/image\/\",\"url\":\"https:\/\/esbozodeportivo.com\/wp-content\/uploads\/2022\/08\/cropped-Logo-Esbozo-Web-2.png\",\"contentUrl\":\"https:\/\/esbozodeportivo.com\/wp-content\/uploads\/2022\/08\/cropped-Logo-Esbozo-Web-2.png\",\"width\":180,\"height\":50,\"caption\":\"Esbozo Deportivo\"},\"image\":{\"@id\":\"https:\/\/esbozodeportivo.com\/#\/schema\/logo\/image\/\"}},{\"@type\":\"Person\",\"@id\":\"https:\/\/esbozodeportivo.com\/#\/schema\/person\/0f6df9196dfe6740dd0bb31bae50d374\",\"name\":\"Redacci\u00f3n\",\"image\":{\"@type\":\"ImageObject\",\"inLanguage\":\"es\",\"@id\":\"https:\/\/esbozodeportivo.com\/#\/schema\/person\/image\/\",\"url\":\"https:\/\/secure.gravatar.com\/avatar\/f55268a89c3b418f2ef172ff52ab0d09b3e653c58de29539fe329fb93d78ebf3?s=96&d=mm&r=g\",\"contentUrl\":\"https:\/\/secure.gravatar.com\/avatar\/f55268a89c3b418f2ef172ff52ab0d09b3e653c58de29539fe329fb93d78ebf3?s=96&d=mm&r=g\",\"caption\":\"Redacci\u00f3n\"},\"url\":\"https:\/\/esbozodeportivo.com\/index.php\/author\/redaccion\/\"}]}<\/script>\n<!-- \/ Yoast SEO plugin. -->","yoast_head_json":{"title":"PSG-Inter en una final in\u00e9dita - Esbozo Deportivo","description":"El Paris Saint-Germain resisti\u00f3 un bombardeo incesante y exhibi\u00f3 solvencia al vencer 2-1 a un tenaz Arsenal para alcanzar la final de la Liga de Campeones el mi\u00e9rcoles.","robots":{"index":"index","follow":"follow","max-snippet":"max-snippet:-1","max-image-preview":"max-image-preview:large","max-video-preview":"max-video-preview:-1"},"canonical":"https:\/\/esbozodeportivo.com\/index.php\/2025\/05\/08\/psg-inter-en-una-final-inedita\/","og_locale":"es_MX","og_type":"article","og_title":"PSG-Inter en una final in\u00e9dita - Esbozo Deportivo","og_description":"El Paris Saint-Germain resisti\u00f3 un bombardeo incesante y exhibi\u00f3 solvencia al vencer 2-1 a un tenaz Arsenal para alcanzar la final de la Liga de Campeones el mi\u00e9rcoles.","og_url":"https:\/\/esbozodeportivo.com\/index.php\/2025\/05\/08\/psg-inter-en-una-final-inedita\/","og_site_name":"Esbozo Deportivo","article_published_time":"2025-05-09T04:09:02+00:00","og_image":[{"width":1440,"height":960,"url":"https:\/\/esbozodeportivo.com\/wp-content\/uploads\/2025\/05\/PSG1.jpg","type":"image\/jpeg"}],"author":"Redacci\u00f3n","twitter_card":"summary_large_image","twitter_misc":{"Escrito por":"Redacci\u00f3n","Tiempo de lectura":"3 minutos"},"schema":{"@context":"https:\/\/schema.org","@graph":[{"@type":"Article","@id":"https:\/\/esbozodeportivo.com\/index.php\/2025\/05\/08\/psg-inter-en-una-final-inedita\/#article","isPartOf":{"@id":"https:\/\/esbozodeportivo.com\/index.php\/2025\/05\/08\/psg-inter-en-una-final-inedita\/"},"author":{"name":"Redacci\u00f3n","@id":"https:\/\/esbozodeportivo.com\/#\/schema\/person\/0f6df9196dfe6740dd0bb31bae50d374"},"headline":"PSG-Inter en una final in\u00e9dita","datePublished":"2025-05-09T04:09:02+00:00","mainEntityOfPage":{"@id":"https:\/\/esbozodeportivo.com\/index.php\/2025\/05\/08\/psg-inter-en-una-final-inedita\/"},"wordCount":591,"publisher":{"@id":"https:\/\/esbozodeportivo.com\/#organization"},"image":{"@id":"https:\/\/esbozodeportivo.com\/index.php\/2025\/05\/08\/psg-inter-en-una-final-inedita\/#primaryimage"},"thumbnailUrl":"https:\/\/esbozodeportivo.com\/wp-content\/uploads\/2025\/05\/PSG1.jpg","articleSection":["Champions League"],"inLanguage":"es"},{"@type":"WebPage","@id":"https:\/\/esbozodeportivo.com\/index.php\/2025\/05\/08\/psg-inter-en-una-final-inedita\/","url":"https:\/\/esbozodeportivo.com\/index.php\/2025\/05\/08\/psg-inter-en-una-final-inedita\/","name":"PSG-Inter en una final in\u00e9dita - Esbozo Deportivo","isPartOf":{"@id":"https:\/\/esbozodeportivo.com\/#website"},"primaryImageOfPage":{"@id":"https:\/\/esbozodeportivo.com\/index.php\/2025\/05\/08\/psg-inter-en-una-final-inedita\/#primaryimage"},"image":{"@id":"https:\/\/esbozodeportivo.com\/index.php\/2025\/05\/08\/psg-inter-en-una-final-inedita\/#primaryimage"},"thumbnailUrl":"https:\/\/esbozodeportivo.com\/wp-content\/uploads\/2025\/05\/PSG1.jpg","datePublished":"2025-05-09T04:09:02+00:00","description":"El Paris Saint-Germain resisti\u00f3 un bombardeo incesante y exhibi\u00f3 solvencia al vencer 2-1 a un tenaz Arsenal para alcanzar la final de la Liga de Campeones el mi\u00e9rcoles.","breadcrumb":{"@id":"https:\/\/esbozodeportivo.com\/index.php\/2025\/05\/08\/psg-inter-en-una-final-inedita\/#breadcrumb"},"inLanguage":"es","potentialAction":[{"@type":"ReadAction","target":["https:\/\/esbozodeportivo.com\/index.php\/2025\/05\/08\/psg-inter-en-una-final-inedita\/"]}]},{"@type":"ImageObject","inLanguage":"es","@id":"https:\/\/esbozodeportivo.com\/index.php\/2025\/05\/08\/psg-inter-en-una-final-inedita\/#primaryimage","url":"https:\/\/esbozodeportivo.com\/wp-content\/uploads\/2025\/05\/PSG1.jpg","contentUrl":"https:\/\/esbozodeportivo.com\/wp-content\/uploads\/2025\/05\/PSG1.jpg","width":1440,"height":960},{"@type":"BreadcrumbList","@id":"https:\/\/esbozodeportivo.com\/index.php\/2025\/05\/08\/psg-inter-en-una-final-inedita\/#breadcrumb","itemListElement":[{"@type":"ListItem","position":1,"name":"Inicio","item":"https:\/\/esbozodeportivo.com\/"},{"@type":"ListItem","position":2,"name":"PSG-Inter en una final in\u00e9dita"}]},{"@type":"WebSite","@id":"https:\/\/esbozodeportivo.com\/#website","url":"https:\/\/esbozodeportivo.com\/","name":"Esbozo Deportivo","description":"Lo m\u00e1s importante del Deporte","publisher":{"@id":"https:\/\/esbozodeportivo.com\/#organization"},"potentialAction":[{"@type":"SearchAction","target":{"@type":"EntryPoint","urlTemplate":"https:\/\/esbozodeportivo.com\/?s={search_term_string}"},"query-input":{"@type":"PropertyValueSpecification","valueRequired":true,"valueName":"search_term_string"}}],"inLanguage":"es"},{"@type":"Organization","@id":"https:\/\/esbozodeportivo.com\/#organization","name":"Esbozo Deportivo","url":"https:\/\/esbozodeportivo.com\/","logo":{"@type":"ImageObject","inLanguage":"es","@id":"https:\/\/esbozodeportivo.com\/#\/schema\/logo\/image\/","url":"https:\/\/esbozodeportivo.com\/wp-content\/uploads\/2022\/08\/cropped-Logo-Esbozo-Web-2.png","contentUrl":"https:\/\/esbozodeportivo.com\/wp-content\/uploads\/2022\/08\/cropped-Logo-Esbozo-Web-2.png","width":180,"height":50,"caption":"Esbozo Deportivo"},"image":{"@id":"https:\/\/esbozodeportivo.com\/#\/schema\/logo\/image\/"}},{"@type":"Person","@id":"https:\/\/esbozodeportivo.com\/#\/schema\/person\/0f6df9196dfe6740dd0bb31bae50d374","name":"Redacci\u00f3n","image":{"@type":"ImageObject","inLanguage":"es","@id":"https:\/\/esbozodeportivo.com\/#\/schema\/person\/image\/","url":"https:\/\/secure.gravatar.com\/avatar\/f55268a89c3b418f2ef172ff52ab0d09b3e653c58de29539fe329fb93d78ebf3?s=96&d=mm&r=g","contentUrl":"https:\/\/secure.gravatar.com\/avatar\/f55268a89c3b418f2ef172ff52ab0d09b3e653c58de29539fe329fb93d78ebf3?s=96&d=mm&r=g","caption":"Redacci\u00f3n"},"url":"https:\/\/esbozodeportivo.com\/index.php\/author\/redaccion\/"}]}},"jetpack_featured_media_url":"https:\/\/esbozodeportivo.com\/wp-content\/uploads\/2025\/05\/PSG1.jpg","jetpack_sharing_enabled":true,"_links":{"self":[{"href":"https:\/\/esbozodeportivo.com\/index.php\/wp-json\/wp\/v2\/posts\/7142","targetHints":{"allow":["GET"]}}],"collection":[{"href":"https:\/\/esbozodeportivo.com\/index.php\/wp-json\/wp\/v2\/posts"}],"about":[{"href":"https:\/\/esbozodeportivo.com\/index.php\/wp-json\/wp\/v2\/types\/post"}],"author":[{"embeddable":true,"href":"https:\/\/esbozodeportivo.com\/index.php\/wp-json\/wp\/v2\/users\/4"}],"replies":[{"embeddable":true,"href":"https:\/\/esbozodeportivo.com\/index.php\/wp-json\/wp\/v2\/comments?post=7142"}],"version-history":[{"count":1,"href":"https:\/\/esbozodeportivo.com\/index.php\/wp-json\/wp\/v2\/posts\/7142\/revisions"}],"predecessor-version":[{"id":7145,"href":"https:\/\/esbozodeportivo.com\/index.php\/wp-json\/wp\/v2\/posts\/7142\/revisions\/7145"}],"wp:featuredmedia":[{"embeddable":true,"href":"https:\/\/esbozodeportivo.com\/index.php\/wp-json\/wp\/v2\/media\/7144"}],"wp:attachment":[{"href":"https:\/\/esbozodeportivo.com\/index.php\/wp-json\/wp\/v2\/media?parent=7142"}],"wp:term":[{"taxonomy":"category","embeddable":true,"href":"https:\/\/esbozodeportivo.com\/index.php\/wp-json\/wp\/v2\/categories?post=7142"},{"taxonomy":"post_tag","embeddable":true,"href":"https:\/\/esbozodeportivo.com\/index.php\/wp-json\/wp\/v2\/tags?post=7142"}],"curies":[{"name":"wp","href":"https:\/\/api.w.org\/{rel}","templated":true}]}}