{"id":7169,"date":"2025-05-09T17:14:39","date_gmt":"2025-05-09T23:14:39","guid":{"rendered":"https:\/\/esbozodeportivo.com\/?p=7169"},"modified":"2025-05-09T17:14:40","modified_gmt":"2025-05-09T23:14:40","slug":"pickens-jugara-con-los-vaqueros","status":"publish","type":"post","link":"https:\/\/esbozodeportivo.com\/index.php\/2025\/05\/09\/pickens-jugara-con-los-vaqueros\/","title":{"rendered":"Pickens jugar\u00e1 con los Vaqueros"},"content":{"rendered":"\n<p>(Foto: Agencias) <\/p>\n\n\n\n<p><strong>George Pickens<\/strong> dice que se une a los <strong>Cowboys<\/strong> enfocado m\u00e1s en un futuro con el mariscal de campo <strong>Dak Prescott<\/strong> y su compa\u00f1ero receptor <strong>CeeDee Lamb<\/strong> que en el pasado.<\/p>\n\n\n\n<p>Por lo tanto, prefiere no conjeturar sobre por qu\u00e9 los <em>Steelers<\/em> cedieron en canje a uno de sus principales jugadores en su mejor momento.<\/p>\n\n\n\n<p>Dallas cedi\u00f3 una selecci\u00f3n de tercera ronda del draft del pr\u00f3ximo a\u00f1o. Adem\u00e1s, los dos equipos intercambiaron selecciones de rondas tard\u00edas en 2027 para poner fin a la estad\u00eda de tres a\u00f1os de <strong>Pickens <\/strong>con los <strong>Steelers<\/strong>.<\/p>\n\n\n\n<p>Hubo suficientes comportamientos cuestionables para que el entrenador <strong>Mike Tomlin<\/strong> declarara de manera contundente el a\u00f1o pasado que la exestrella de Georgia y selecci\u00f3n de segunda ronda de 2022 necesitaba madurar. A <strong>Pickens<\/strong> no le preocupa que esa percepci\u00f3n lo siga a <strong>Dallas<\/strong>.<\/p>\n\n\n\n<p>\u201cNo puedo realmente cambiar la opini\u00f3n de nadie sobre m\u00ed personalmente\u201d, dijo <strong>Pickens<\/strong> en una conferencia telef\u00f3nica con periodistas el jueves, un d\u00eda despu\u00e9s de que se anunci\u00f3 el intercambio. \u201cSiento que todo el mundo tiene que crecer. Te haces mayor a medida que creces. Estamos tratando de construir una cultura ganadora, que ya tienen en los <strong>Cowboys.<\/strong> Estoy contento de unirme a ella\u201d.<\/p>\n\n\n\n<p><\/p>\n","protected":false},"excerpt":{"rendered":"<p>(Foto: Agencias) George Pickens dice que se une a los Cowboys enfocado m\u00e1s en un<\/p>\n","protected":false},"author":4,"featured_media":7170,"comment_status":"closed","ping_status":"open","sticky":false,"template":"","format":"standard","meta":{"_jetpack_memberships_contains_paid_content":false,"footnotes":""},"categories":[6],"tags":[],"class_list":["post-7169","post","type-post","status-publish","format-standard","has-post-thumbnail","hentry","category-nfl"],"yoast_head":"<!-- This site is optimized with the Yoast SEO plugin v25.7 - https:\/\/yoast.com\/wordpress\/plugins\/seo\/ -->\n<title>Pickens jugar\u00e1 con los Vaqueros - Esbozo Deportivo<\/title>\n<meta name=\"description\" content=\"George Pickens dice que se une a los Cowboys enfocado m\u00e1s en un futuro con el mariscal de campo Dak Prescott y su compa\u00f1ero receptor CeeDee Lamb que en el pasado.\" \/>\n<meta name=\"robots\" content=\"index, follow, max-snippet:-1, max-image-preview:large, max-video-preview:-1\" \/>\n<link rel=\"canonical\" href=\"https:\/\/esbozodeportivo.com\/index.php\/2025\/05\/09\/pickens-jugara-con-los-vaqueros\/\" \/>\n<meta property=\"og:locale\" content=\"es_MX\" \/>\n<meta property=\"og:type\" content=\"article\" \/>\n<meta property=\"og:title\" content=\"Pickens jugar\u00e1 con los Vaqueros - Esbozo Deportivo\" \/>\n<meta property=\"og:description\" content=\"George Pickens dice que se une a los Cowboys enfocado m\u00e1s en un futuro con el mariscal de campo Dak Prescott y su compa\u00f1ero receptor CeeDee Lamb que en el pasado.\" \/>\n<meta property=\"og:url\" content=\"https:\/\/esbozodeportivo.com\/index.php\/2025\/05\/09\/pickens-jugara-con-los-vaqueros\/\" \/>\n<meta property=\"og:site_name\" content=\"Esbozo Deportivo\" \/>\n<meta property=\"article:published_time\" content=\"2025-05-09T23:14:39+00:00\" \/>\n<meta property=\"article:modified_time\" content=\"2025-05-09T23:14:40+00:00\" \/>\n<meta property=\"og:image\" content=\"https:\/\/esbozodeportivo.com\/wp-content\/uploads\/2025\/05\/Americano.jpg\" \/>\n\t<meta property=\"og:image:width\" content=\"980\" \/>\n\t<meta property=\"og:image:height\" content=\"653\" \/>\n\t<meta property=\"og:image:type\" content=\"image\/jpeg\" \/>\n<meta name=\"author\" content=\"Redacci\u00f3n\" \/>\n<meta name=\"twitter:card\" content=\"summary_large_image\" \/>\n<meta name=\"twitter:label1\" content=\"Escrito por\" \/>\n\t<meta name=\"twitter:data1\" content=\"Redacci\u00f3n\" \/>\n\t<meta name=\"twitter:label2\" content=\"Tiempo de lectura\" \/>\n\t<meta name=\"twitter:data2\" content=\"2 minutos\" \/>\n<script type=\"application\/ld+json\" class=\"yoast-schema-graph\">{\"@context\":\"https:\/\/schema.org\",\"@graph\":[{\"@type\":\"Article\",\"@id\":\"https:\/\/esbozodeportivo.com\/index.php\/2025\/05\/09\/pickens-jugara-con-los-vaqueros\/#article\",\"isPartOf\":{\"@id\":\"https:\/\/esbozodeportivo.com\/index.php\/2025\/05\/09\/pickens-jugara-con-los-vaqueros\/\"},\"author\":{\"name\":\"Redacci\u00f3n\",\"@id\":\"https:\/\/esbozodeportivo.com\/#\/schema\/person\/0f6df9196dfe6740dd0bb31bae50d374\"},\"headline\":\"Pickens jugar\u00e1 con los Vaqueros\",\"datePublished\":\"2025-05-09T23:14:39+00:00\",\"dateModified\":\"2025-05-09T23:14:40+00:00\",\"mainEntityOfPage\":{\"@id\":\"https:\/\/esbozodeportivo.com\/index.php\/2025\/05\/09\/pickens-jugara-con-los-vaqueros\/\"},\"wordCount\":220,\"publisher\":{\"@id\":\"https:\/\/esbozodeportivo.com\/#organization\"},\"image\":{\"@id\":\"https:\/\/esbozodeportivo.com\/index.php\/2025\/05\/09\/pickens-jugara-con-los-vaqueros\/#primaryimage\"},\"thumbnailUrl\":\"https:\/\/esbozodeportivo.com\/wp-content\/uploads\/2025\/05\/Americano.jpg\",\"articleSection\":[\"NFL\"],\"inLanguage\":\"es\"},{\"@type\":\"WebPage\",\"@id\":\"https:\/\/esbozodeportivo.com\/index.php\/2025\/05\/09\/pickens-jugara-con-los-vaqueros\/\",\"url\":\"https:\/\/esbozodeportivo.com\/index.php\/2025\/05\/09\/pickens-jugara-con-los-vaqueros\/\",\"name\":\"Pickens jugar\u00e1 con los Vaqueros - Esbozo Deportivo\",\"isPartOf\":{\"@id\":\"https:\/\/esbozodeportivo.com\/#website\"},\"primaryImageOfPage\":{\"@id\":\"https:\/\/esbozodeportivo.com\/index.php\/2025\/05\/09\/pickens-jugara-con-los-vaqueros\/#primaryimage\"},\"image\":{\"@id\":\"https:\/\/esbozodeportivo.com\/index.php\/2025\/05\/09\/pickens-jugara-con-los-vaqueros\/#primaryimage\"},\"thumbnailUrl\":\"https:\/\/esbozodeportivo.com\/wp-content\/uploads\/2025\/05\/Americano.jpg\",\"datePublished\":\"2025-05-09T23:14:39+00:00\",\"dateModified\":\"2025-05-09T23:14:40+00:00\",\"description\":\"George Pickens dice que se une a los Cowboys enfocado m\u00e1s en un futuro con el mariscal de campo Dak Prescott y su compa\u00f1ero receptor CeeDee Lamb que en el pasado.\",\"breadcrumb\":{\"@id\":\"https:\/\/esbozodeportivo.com\/index.php\/2025\/05\/09\/pickens-jugara-con-los-vaqueros\/#breadcrumb\"},\"inLanguage\":\"es\",\"potentialAction\":[{\"@type\":\"ReadAction\",\"target\":[\"https:\/\/esbozodeportivo.com\/index.php\/2025\/05\/09\/pickens-jugara-con-los-vaqueros\/\"]}]},{\"@type\":\"ImageObject\",\"inLanguage\":\"es\",\"@id\":\"https:\/\/esbozodeportivo.com\/index.php\/2025\/05\/09\/pickens-jugara-con-los-vaqueros\/#primaryimage\",\"url\":\"https:\/\/esbozodeportivo.com\/wp-content\/uploads\/2025\/05\/Americano.jpg\",\"contentUrl\":\"https:\/\/esbozodeportivo.com\/wp-content\/uploads\/2025\/05\/Americano.jpg\",\"width\":980,\"height\":653},{\"@type\":\"BreadcrumbList\",\"@id\":\"https:\/\/esbozodeportivo.com\/index.php\/2025\/05\/09\/pickens-jugara-con-los-vaqueros\/#breadcrumb\",\"itemListElement\":[{\"@type\":\"ListItem\",\"position\":1,\"name\":\"Inicio\",\"item\":\"https:\/\/esbozodeportivo.com\/\"},{\"@type\":\"ListItem\",\"position\":2,\"name\":\"Pickens jugar\u00e1 con los Vaqueros\"}]},{\"@type\":\"WebSite\",\"@id\":\"https:\/\/esbozodeportivo.com\/#website\",\"url\":\"https:\/\/esbozodeportivo.com\/\",\"name\":\"Esbozo Deportivo\",\"description\":\"Lo m\u00e1s importante del Deporte\",\"publisher\":{\"@id\":\"https:\/\/esbozodeportivo.com\/#organization\"},\"potentialAction\":[{\"@type\":\"SearchAction\",\"target\":{\"@type\":\"EntryPoint\",\"urlTemplate\":\"https:\/\/esbozodeportivo.com\/?s={search_term_string}\"},\"query-input\":{\"@type\":\"PropertyValueSpecification\",\"valueRequired\":true,\"valueName\":\"search_term_string\"}}],\"inLanguage\":\"es\"},{\"@type\":\"Organization\",\"@id\":\"https:\/\/esbozodeportivo.com\/#organization\",\"name\":\"Esbozo Deportivo\",\"url\":\"https:\/\/esbozodeportivo.com\/\",\"logo\":{\"@type\":\"ImageObject\",\"inLanguage\":\"es\",\"@id\":\"https:\/\/esbozodeportivo.com\/#\/schema\/logo\/image\/\",\"url\":\"https:\/\/esbozodeportivo.com\/wp-content\/uploads\/2022\/08\/cropped-Logo-Esbozo-Web-2.png\",\"contentUrl\":\"https:\/\/esbozodeportivo.com\/wp-content\/uploads\/2022\/08\/cropped-Logo-Esbozo-Web-2.png\",\"width\":180,\"height\":50,\"caption\":\"Esbozo Deportivo\"},\"image\":{\"@id\":\"https:\/\/esbozodeportivo.com\/#\/schema\/logo\/image\/\"}},{\"@type\":\"Person\",\"@id\":\"https:\/\/esbozodeportivo.com\/#\/schema\/person\/0f6df9196dfe6740dd0bb31bae50d374\",\"name\":\"Redacci\u00f3n\",\"image\":{\"@type\":\"ImageObject\",\"inLanguage\":\"es\",\"@id\":\"https:\/\/esbozodeportivo.com\/#\/schema\/person\/image\/\",\"url\":\"https:\/\/secure.gravatar.com\/avatar\/f55268a89c3b418f2ef172ff52ab0d09b3e653c58de29539fe329fb93d78ebf3?s=96&d=mm&r=g\",\"contentUrl\":\"https:\/\/secure.gravatar.com\/avatar\/f55268a89c3b418f2ef172ff52ab0d09b3e653c58de29539fe329fb93d78ebf3?s=96&d=mm&r=g\",\"caption\":\"Redacci\u00f3n\"},\"url\":\"https:\/\/esbozodeportivo.com\/index.php\/author\/redaccion\/\"}]}<\/script>\n<!-- \/ Yoast SEO plugin. -->","yoast_head_json":{"title":"Pickens jugar\u00e1 con los Vaqueros - Esbozo Deportivo","description":"George Pickens dice que se une a los Cowboys enfocado m\u00e1s en un futuro con el mariscal de campo Dak Prescott y su compa\u00f1ero receptor CeeDee Lamb que en el pasado.","robots":{"index":"index","follow":"follow","max-snippet":"max-snippet:-1","max-image-preview":"max-image-preview:large","max-video-preview":"max-video-preview:-1"},"canonical":"https:\/\/esbozodeportivo.com\/index.php\/2025\/05\/09\/pickens-jugara-con-los-vaqueros\/","og_locale":"es_MX","og_type":"article","og_title":"Pickens jugar\u00e1 con los Vaqueros - Esbozo Deportivo","og_description":"George Pickens dice que se une a los Cowboys enfocado m\u00e1s en un futuro con el mariscal de campo Dak Prescott y su compa\u00f1ero receptor CeeDee Lamb que en el pasado.","og_url":"https:\/\/esbozodeportivo.com\/index.php\/2025\/05\/09\/pickens-jugara-con-los-vaqueros\/","og_site_name":"Esbozo Deportivo","article_published_time":"2025-05-09T23:14:39+00:00","article_modified_time":"2025-05-09T23:14:40+00:00","og_image":[{"width":980,"height":653,"url":"https:\/\/esbozodeportivo.com\/wp-content\/uploads\/2025\/05\/Americano.jpg","type":"image\/jpeg"}],"author":"Redacci\u00f3n","twitter_card":"summary_large_image","twitter_misc":{"Escrito por":"Redacci\u00f3n","Tiempo de lectura":"2 minutos"},"schema":{"@context":"https:\/\/schema.org","@graph":[{"@type":"Article","@id":"https:\/\/esbozodeportivo.com\/index.php\/2025\/05\/09\/pickens-jugara-con-los-vaqueros\/#article","isPartOf":{"@id":"https:\/\/esbozodeportivo.com\/index.php\/2025\/05\/09\/pickens-jugara-con-los-vaqueros\/"},"author":{"name":"Redacci\u00f3n","@id":"https:\/\/esbozodeportivo.com\/#\/schema\/person\/0f6df9196dfe6740dd0bb31bae50d374"},"headline":"Pickens jugar\u00e1 con los Vaqueros","datePublished":"2025-05-09T23:14:39+00:00","dateModified":"2025-05-09T23:14:40+00:00","mainEntityOfPage":{"@id":"https:\/\/esbozodeportivo.com\/index.php\/2025\/05\/09\/pickens-jugara-con-los-vaqueros\/"},"wordCount":220,"publisher":{"@id":"https:\/\/esbozodeportivo.com\/#organization"},"image":{"@id":"https:\/\/esbozodeportivo.com\/index.php\/2025\/05\/09\/pickens-jugara-con-los-vaqueros\/#primaryimage"},"thumbnailUrl":"https:\/\/esbozodeportivo.com\/wp-content\/uploads\/2025\/05\/Americano.jpg","articleSection":["NFL"],"inLanguage":"es"},{"@type":"WebPage","@id":"https:\/\/esbozodeportivo.com\/index.php\/2025\/05\/09\/pickens-jugara-con-los-vaqueros\/","url":"https:\/\/esbozodeportivo.com\/index.php\/2025\/05\/09\/pickens-jugara-con-los-vaqueros\/","name":"Pickens jugar\u00e1 con los Vaqueros - Esbozo Deportivo","isPartOf":{"@id":"https:\/\/esbozodeportivo.com\/#website"},"primaryImageOfPage":{"@id":"https:\/\/esbozodeportivo.com\/index.php\/2025\/05\/09\/pickens-jugara-con-los-vaqueros\/#primaryimage"},"image":{"@id":"https:\/\/esbozodeportivo.com\/index.php\/2025\/05\/09\/pickens-jugara-con-los-vaqueros\/#primaryimage"},"thumbnailUrl":"https:\/\/esbozodeportivo.com\/wp-content\/uploads\/2025\/05\/Americano.jpg","datePublished":"2025-05-09T23:14:39+00:00","dateModified":"2025-05-09T23:14:40+00:00","description":"George Pickens dice que se une a los Cowboys enfocado m\u00e1s en un futuro con el mariscal de campo Dak Prescott y su compa\u00f1ero receptor CeeDee Lamb que en el pasado.","breadcrumb":{"@id":"https:\/\/esbozodeportivo.com\/index.php\/2025\/05\/09\/pickens-jugara-con-los-vaqueros\/#breadcrumb"},"inLanguage":"es","potentialAction":[{"@type":"ReadAction","target":["https:\/\/esbozodeportivo.com\/index.php\/2025\/05\/09\/pickens-jugara-con-los-vaqueros\/"]}]},{"@type":"ImageObject","inLanguage":"es","@id":"https:\/\/esbozodeportivo.com\/index.php\/2025\/05\/09\/pickens-jugara-con-los-vaqueros\/#primaryimage","url":"https:\/\/esbozodeportivo.com\/wp-content\/uploads\/2025\/05\/Americano.jpg","contentUrl":"https:\/\/esbozodeportivo.com\/wp-content\/uploads\/2025\/05\/Americano.jpg","width":980,"height":653},{"@type":"BreadcrumbList","@id":"https:\/\/esbozodeportivo.com\/index.php\/2025\/05\/09\/pickens-jugara-con-los-vaqueros\/#breadcrumb","itemListElement":[{"@type":"ListItem","position":1,"name":"Inicio","item":"https:\/\/esbozodeportivo.com\/"},{"@type":"ListItem","position":2,"name":"Pickens jugar\u00e1 con los Vaqueros"}]},{"@type":"WebSite","@id":"https:\/\/esbozodeportivo.com\/#website","url":"https:\/\/esbozodeportivo.com\/","name":"Esbozo Deportivo","description":"Lo m\u00e1s importante del Deporte","publisher":{"@id":"https:\/\/esbozodeportivo.com\/#organization"},"potentialAction":[{"@type":"SearchAction","target":{"@type":"EntryPoint","urlTemplate":"https:\/\/esbozodeportivo.com\/?s={search_term_string}"},"query-input":{"@type":"PropertyValueSpecification","valueRequired":true,"valueName":"search_term_string"}}],"inLanguage":"es"},{"@type":"Organization","@id":"https:\/\/esbozodeportivo.com\/#organization","name":"Esbozo Deportivo","url":"https:\/\/esbozodeportivo.com\/","logo":{"@type":"ImageObject","inLanguage":"es","@id":"https:\/\/esbozodeportivo.com\/#\/schema\/logo\/image\/","url":"https:\/\/esbozodeportivo.com\/wp-content\/uploads\/2022\/08\/cropped-Logo-Esbozo-Web-2.png","contentUrl":"https:\/\/esbozodeportivo.com\/wp-content\/uploads\/2022\/08\/cropped-Logo-Esbozo-Web-2.png","width":180,"height":50,"caption":"Esbozo Deportivo"},"image":{"@id":"https:\/\/esbozodeportivo.com\/#\/schema\/logo\/image\/"}},{"@type":"Person","@id":"https:\/\/esbozodeportivo.com\/#\/schema\/person\/0f6df9196dfe6740dd0bb31bae50d374","name":"Redacci\u00f3n","image":{"@type":"ImageObject","inLanguage":"es","@id":"https:\/\/esbozodeportivo.com\/#\/schema\/person\/image\/","url":"https:\/\/secure.gravatar.com\/avatar\/f55268a89c3b418f2ef172ff52ab0d09b3e653c58de29539fe329fb93d78ebf3?s=96&d=mm&r=g","contentUrl":"https:\/\/secure.gravatar.com\/avatar\/f55268a89c3b418f2ef172ff52ab0d09b3e653c58de29539fe329fb93d78ebf3?s=96&d=mm&r=g","caption":"Redacci\u00f3n"},"url":"https:\/\/esbozodeportivo.com\/index.php\/author\/redaccion\/"}]}},"jetpack_featured_media_url":"https:\/\/esbozodeportivo.com\/wp-content\/uploads\/2025\/05\/Americano.jpg","jetpack_sharing_enabled":true,"_links":{"self":[{"href":"https:\/\/esbozodeportivo.com\/index.php\/wp-json\/wp\/v2\/posts\/7169","targetHints":{"allow":["GET"]}}],"collection":[{"href":"https:\/\/esbozodeportivo.com\/index.php\/wp-json\/wp\/v2\/posts"}],"about":[{"href":"https:\/\/esbozodeportivo.com\/index.php\/wp-json\/wp\/v2\/types\/post"}],"author":[{"embeddable":true,"href":"https:\/\/esbozodeportivo.com\/index.php\/wp-json\/wp\/v2\/users\/4"}],"replies":[{"embeddable":true,"href":"https:\/\/esbozodeportivo.com\/index.php\/wp-json\/wp\/v2\/comments?post=7169"}],"version-history":[{"count":1,"href":"https:\/\/esbozodeportivo.com\/index.php\/wp-json\/wp\/v2\/posts\/7169\/revisions"}],"predecessor-version":[{"id":7171,"href":"https:\/\/esbozodeportivo.com\/index.php\/wp-json\/wp\/v2\/posts\/7169\/revisions\/7171"}],"wp:featuredmedia":[{"embeddable":true,"href":"https:\/\/esbozodeportivo.com\/index.php\/wp-json\/wp\/v2\/media\/7170"}],"wp:attachment":[{"href":"https:\/\/esbozodeportivo.com\/index.php\/wp-json\/wp\/v2\/media?parent=7169"}],"wp:term":[{"taxonomy":"category","embeddable":true,"href":"https:\/\/esbozodeportivo.com\/index.php\/wp-json\/wp\/v2\/categories?post=7169"},{"taxonomy":"post_tag","embeddable":true,"href":"https:\/\/esbozodeportivo.com\/index.php\/wp-json\/wp\/v2\/tags?post=7169"}],"curies":[{"name":"wp","href":"https:\/\/api.w.org\/{rel}","templated":true}]}}