{"id":7175,"date":"2025-05-09T17:18:47","date_gmt":"2025-05-09T23:18:47","guid":{"rendered":"https:\/\/esbozodeportivo.com\/?p=7175"},"modified":"2025-05-09T17:18:48","modified_gmt":"2025-05-09T23:18:48","slug":"xabi-alonso-podria-llegar-al-real-madrid","status":"publish","type":"post","link":"https:\/\/esbozodeportivo.com\/index.php\/2025\/05\/09\/xabi-alonso-podria-llegar-al-real-madrid\/","title":{"rendered":"Xabi Alonso podr\u00eda llegar al Real Madrid"},"content":{"rendered":"\n<p>(Foto: Agencias) <\/p>\n\n\n\n<p><strong>Xabi Alonso<\/strong> anunci\u00f3 el viernes que acabar\u00e1 su etapa como t\u00e9cnico del <strong>Bayer Leverkusen <\/strong>al final de la temporada, abri\u00e9ndose las puertas para que asuma la conducci\u00f3n del <strong>Real Madrid<\/strong>.<\/p>\n\n\n\n<p>\u201cCreemos que es el momento de salir y que hoy era el momento indicado para anunciarlo\u201d, dijo <strong>Alonso<\/strong> previo al que ser\u00e1 su \u00faltimo partido en casa el domingo. \u201cLa claridad es buena para todos\u201d.<\/p>\n\n\n\n<p>La revista <strong>Kicker<\/strong> hab\u00eda informado anteriormente que <strong>Alonso<\/strong>, de 43 a\u00f1os, hab\u00eda informado a sus jugadores previo a la sesi\u00f3n de entrenamiento del viernes que se ir\u00eda del club alem\u00e1n al final de la temporada, un a\u00f1o antes de que expire su contrato con el club en 2026.<\/p>\n\n\n\n<p><strong>Alonso<\/strong>, otrora jugador del Madrid, llev\u00f3 al <strong>Leverkusen<\/strong> a un doblete de liga y copa sin precedentes la temporada pasada despu\u00e9s de asumir el cargo cuando el equipo se encontraba en la zona de descenso de la Bundesliga en octubre de 2022.<\/p>\n\n\n\n<p>\u201cCreo que podemos estar felices, podemos estar orgullosos de lo que hemos logrado durante este tiempo\u201d, expres\u00f3 <strong>Alonso<\/strong> en una rueda de prensa.<\/p>\n\n\n\n<p>Su <strong>Leverkusen<\/strong> sigue siendo el \u00fanico equipo en completar una temporada invicta en la <strong>Bundesliga.<\/strong> Sin embargo, no pudo replicar esa forma esta temporada y est\u00e1 a ocho puntos del ya coronado campe\u00f3n <strong>Bayern M\u00fanich<\/strong>, con dos partidos por jugar.<\/p>\n\n\n\n<p>\u201cHe intentado exprimirlos tanto como sea posible. Me han dado mucho, as\u00ed que tal vez estemos fundidos ahora mismo\u201d, coment\u00f3 <strong>Alonso<\/strong>.<\/p>\n\n\n\n<p>El <strong>Leverkusen<\/strong> marc\u00f3 el debut <strong>Alonso<\/strong> al mando de un primer equipo despu\u00e9s de una destacada carrera como jugador con el <strong>Madrid<\/strong>, <strong>Liverpool y Bayern<\/strong>. Pas\u00f3 tres a\u00f1os como entrenador del filial de la <strong>Real Sociedad<\/strong>, otro de sus antiguos clubes. Comenz\u00f3 su carrera como entrenador en la cantera del <strong>Madrid<\/strong>.<\/p>\n\n\n\n<p><\/p>\n","protected":false},"excerpt":{"rendered":"<p>(Foto: Agencias) Xabi Alonso anunci\u00f3 el viernes que acabar\u00e1 su etapa como t\u00e9cnico del Bayer<\/p>\n","protected":false},"author":4,"featured_media":7176,"comment_status":"closed","ping_status":"open","sticky":false,"template":"","format":"standard","meta":{"_jetpack_memberships_contains_paid_content":false,"footnotes":""},"categories":[43],"tags":[],"class_list":["post-7175","post","type-post","status-publish","format-standard","has-post-thumbnail","hentry","category-futbol-espanol"],"yoast_head":"<!-- This site is optimized with the Yoast SEO plugin v25.7 - https:\/\/yoast.com\/wordpress\/plugins\/seo\/ -->\n<title>Xabi Alonso podr\u00eda llegar al Real Madrid - Esbozo Deportivo<\/title>\n<meta name=\"description\" content=\"Xabi Alonso anunci\u00f3 el viernes que acabar\u00e1 su etapa como t\u00e9cnico del Bayer Leverkusen al final de la temporada, abri\u00e9ndose las puertas para que asuma la conducci\u00f3n del Real Madrid.\" \/>\n<meta name=\"robots\" content=\"index, follow, max-snippet:-1, max-image-preview:large, max-video-preview:-1\" \/>\n<link rel=\"canonical\" href=\"https:\/\/esbozodeportivo.com\/index.php\/2025\/05\/09\/xabi-alonso-podria-llegar-al-real-madrid\/\" \/>\n<meta property=\"og:locale\" content=\"es_MX\" \/>\n<meta property=\"og:type\" content=\"article\" \/>\n<meta property=\"og:title\" content=\"Xabi Alonso podr\u00eda llegar al Real Madrid - Esbozo Deportivo\" \/>\n<meta property=\"og:description\" content=\"Xabi Alonso anunci\u00f3 el viernes que acabar\u00e1 su etapa como t\u00e9cnico del Bayer Leverkusen al final de la temporada, abri\u00e9ndose las puertas para que asuma la conducci\u00f3n del Real Madrid.\" \/>\n<meta property=\"og:url\" content=\"https:\/\/esbozodeportivo.com\/index.php\/2025\/05\/09\/xabi-alonso-podria-llegar-al-real-madrid\/\" \/>\n<meta property=\"og:site_name\" content=\"Esbozo Deportivo\" \/>\n<meta property=\"article:published_time\" content=\"2025-05-09T23:18:47+00:00\" \/>\n<meta property=\"article:modified_time\" content=\"2025-05-09T23:18:48+00:00\" \/>\n<meta property=\"og:image\" content=\"https:\/\/esbozodeportivo.com\/wp-content\/uploads\/2025\/05\/Alonso.jpg\" \/>\n\t<meta property=\"og:image:width\" content=\"980\" \/>\n\t<meta property=\"og:image:height\" content=\"653\" \/>\n\t<meta property=\"og:image:type\" content=\"image\/jpeg\" \/>\n<meta name=\"author\" content=\"Redacci\u00f3n\" \/>\n<meta name=\"twitter:card\" content=\"summary_large_image\" \/>\n<meta name=\"twitter:label1\" content=\"Escrito por\" \/>\n\t<meta name=\"twitter:data1\" content=\"Redacci\u00f3n\" \/>\n\t<meta name=\"twitter:label2\" content=\"Tiempo de lectura\" \/>\n\t<meta name=\"twitter:data2\" content=\"2 minutos\" \/>\n<script type=\"application\/ld+json\" class=\"yoast-schema-graph\">{\"@context\":\"https:\/\/schema.org\",\"@graph\":[{\"@type\":\"Article\",\"@id\":\"https:\/\/esbozodeportivo.com\/index.php\/2025\/05\/09\/xabi-alonso-podria-llegar-al-real-madrid\/#article\",\"isPartOf\":{\"@id\":\"https:\/\/esbozodeportivo.com\/index.php\/2025\/05\/09\/xabi-alonso-podria-llegar-al-real-madrid\/\"},\"author\":{\"name\":\"Redacci\u00f3n\",\"@id\":\"https:\/\/esbozodeportivo.com\/#\/schema\/person\/0f6df9196dfe6740dd0bb31bae50d374\"},\"headline\":\"Xabi Alonso podr\u00eda llegar al Real Madrid\",\"datePublished\":\"2025-05-09T23:18:47+00:00\",\"dateModified\":\"2025-05-09T23:18:48+00:00\",\"mainEntityOfPage\":{\"@id\":\"https:\/\/esbozodeportivo.com\/index.php\/2025\/05\/09\/xabi-alonso-podria-llegar-al-real-madrid\/\"},\"wordCount\":312,\"publisher\":{\"@id\":\"https:\/\/esbozodeportivo.com\/#organization\"},\"image\":{\"@id\":\"https:\/\/esbozodeportivo.com\/index.php\/2025\/05\/09\/xabi-alonso-podria-llegar-al-real-madrid\/#primaryimage\"},\"thumbnailUrl\":\"https:\/\/esbozodeportivo.com\/wp-content\/uploads\/2025\/05\/Alonso.jpg\",\"articleSection\":[\"Futbol Espa\u00f1ol\"],\"inLanguage\":\"es\"},{\"@type\":\"WebPage\",\"@id\":\"https:\/\/esbozodeportivo.com\/index.php\/2025\/05\/09\/xabi-alonso-podria-llegar-al-real-madrid\/\",\"url\":\"https:\/\/esbozodeportivo.com\/index.php\/2025\/05\/09\/xabi-alonso-podria-llegar-al-real-madrid\/\",\"name\":\"Xabi Alonso podr\u00eda llegar al Real Madrid - Esbozo Deportivo\",\"isPartOf\":{\"@id\":\"https:\/\/esbozodeportivo.com\/#website\"},\"primaryImageOfPage\":{\"@id\":\"https:\/\/esbozodeportivo.com\/index.php\/2025\/05\/09\/xabi-alonso-podria-llegar-al-real-madrid\/#primaryimage\"},\"image\":{\"@id\":\"https:\/\/esbozodeportivo.com\/index.php\/2025\/05\/09\/xabi-alonso-podria-llegar-al-real-madrid\/#primaryimage\"},\"thumbnailUrl\":\"https:\/\/esbozodeportivo.com\/wp-content\/uploads\/2025\/05\/Alonso.jpg\",\"datePublished\":\"2025-05-09T23:18:47+00:00\",\"dateModified\":\"2025-05-09T23:18:48+00:00\",\"description\":\"Xabi Alonso anunci\u00f3 el viernes que acabar\u00e1 su etapa como t\u00e9cnico del Bayer Leverkusen al final de la temporada, abri\u00e9ndose las puertas para que asuma la conducci\u00f3n del Real Madrid.\",\"breadcrumb\":{\"@id\":\"https:\/\/esbozodeportivo.com\/index.php\/2025\/05\/09\/xabi-alonso-podria-llegar-al-real-madrid\/#breadcrumb\"},\"inLanguage\":\"es\",\"potentialAction\":[{\"@type\":\"ReadAction\",\"target\":[\"https:\/\/esbozodeportivo.com\/index.php\/2025\/05\/09\/xabi-alonso-podria-llegar-al-real-madrid\/\"]}]},{\"@type\":\"ImageObject\",\"inLanguage\":\"es\",\"@id\":\"https:\/\/esbozodeportivo.com\/index.php\/2025\/05\/09\/xabi-alonso-podria-llegar-al-real-madrid\/#primaryimage\",\"url\":\"https:\/\/esbozodeportivo.com\/wp-content\/uploads\/2025\/05\/Alonso.jpg\",\"contentUrl\":\"https:\/\/esbozodeportivo.com\/wp-content\/uploads\/2025\/05\/Alonso.jpg\",\"width\":980,\"height\":653},{\"@type\":\"BreadcrumbList\",\"@id\":\"https:\/\/esbozodeportivo.com\/index.php\/2025\/05\/09\/xabi-alonso-podria-llegar-al-real-madrid\/#breadcrumb\",\"itemListElement\":[{\"@type\":\"ListItem\",\"position\":1,\"name\":\"Inicio\",\"item\":\"https:\/\/esbozodeportivo.com\/\"},{\"@type\":\"ListItem\",\"position\":2,\"name\":\"Xabi Alonso podr\u00eda llegar al Real Madrid\"}]},{\"@type\":\"WebSite\",\"@id\":\"https:\/\/esbozodeportivo.com\/#website\",\"url\":\"https:\/\/esbozodeportivo.com\/\",\"name\":\"Esbozo Deportivo\",\"description\":\"Lo m\u00e1s importante del Deporte\",\"publisher\":{\"@id\":\"https:\/\/esbozodeportivo.com\/#organization\"},\"potentialAction\":[{\"@type\":\"SearchAction\",\"target\":{\"@type\":\"EntryPoint\",\"urlTemplate\":\"https:\/\/esbozodeportivo.com\/?s={search_term_string}\"},\"query-input\":{\"@type\":\"PropertyValueSpecification\",\"valueRequired\":true,\"valueName\":\"search_term_string\"}}],\"inLanguage\":\"es\"},{\"@type\":\"Organization\",\"@id\":\"https:\/\/esbozodeportivo.com\/#organization\",\"name\":\"Esbozo Deportivo\",\"url\":\"https:\/\/esbozodeportivo.com\/\",\"logo\":{\"@type\":\"ImageObject\",\"inLanguage\":\"es\",\"@id\":\"https:\/\/esbozodeportivo.com\/#\/schema\/logo\/image\/\",\"url\":\"https:\/\/esbozodeportivo.com\/wp-content\/uploads\/2022\/08\/cropped-Logo-Esbozo-Web-2.png\",\"contentUrl\":\"https:\/\/esbozodeportivo.com\/wp-content\/uploads\/2022\/08\/cropped-Logo-Esbozo-Web-2.png\",\"width\":180,\"height\":50,\"caption\":\"Esbozo Deportivo\"},\"image\":{\"@id\":\"https:\/\/esbozodeportivo.com\/#\/schema\/logo\/image\/\"}},{\"@type\":\"Person\",\"@id\":\"https:\/\/esbozodeportivo.com\/#\/schema\/person\/0f6df9196dfe6740dd0bb31bae50d374\",\"name\":\"Redacci\u00f3n\",\"image\":{\"@type\":\"ImageObject\",\"inLanguage\":\"es\",\"@id\":\"https:\/\/esbozodeportivo.com\/#\/schema\/person\/image\/\",\"url\":\"https:\/\/secure.gravatar.com\/avatar\/f55268a89c3b418f2ef172ff52ab0d09b3e653c58de29539fe329fb93d78ebf3?s=96&d=mm&r=g\",\"contentUrl\":\"https:\/\/secure.gravatar.com\/avatar\/f55268a89c3b418f2ef172ff52ab0d09b3e653c58de29539fe329fb93d78ebf3?s=96&d=mm&r=g\",\"caption\":\"Redacci\u00f3n\"},\"url\":\"https:\/\/esbozodeportivo.com\/index.php\/author\/redaccion\/\"}]}<\/script>\n<!-- \/ Yoast SEO plugin. -->","yoast_head_json":{"title":"Xabi Alonso podr\u00eda llegar al Real Madrid - Esbozo Deportivo","description":"Xabi Alonso anunci\u00f3 el viernes que acabar\u00e1 su etapa como t\u00e9cnico del Bayer Leverkusen al final de la temporada, abri\u00e9ndose las puertas para que asuma la conducci\u00f3n del Real Madrid.","robots":{"index":"index","follow":"follow","max-snippet":"max-snippet:-1","max-image-preview":"max-image-preview:large","max-video-preview":"max-video-preview:-1"},"canonical":"https:\/\/esbozodeportivo.com\/index.php\/2025\/05\/09\/xabi-alonso-podria-llegar-al-real-madrid\/","og_locale":"es_MX","og_type":"article","og_title":"Xabi Alonso podr\u00eda llegar al Real Madrid - Esbozo Deportivo","og_description":"Xabi Alonso anunci\u00f3 el viernes que acabar\u00e1 su etapa como t\u00e9cnico del Bayer Leverkusen al final de la temporada, abri\u00e9ndose las puertas para que asuma la conducci\u00f3n del Real Madrid.","og_url":"https:\/\/esbozodeportivo.com\/index.php\/2025\/05\/09\/xabi-alonso-podria-llegar-al-real-madrid\/","og_site_name":"Esbozo Deportivo","article_published_time":"2025-05-09T23:18:47+00:00","article_modified_time":"2025-05-09T23:18:48+00:00","og_image":[{"width":980,"height":653,"url":"https:\/\/esbozodeportivo.com\/wp-content\/uploads\/2025\/05\/Alonso.jpg","type":"image\/jpeg"}],"author":"Redacci\u00f3n","twitter_card":"summary_large_image","twitter_misc":{"Escrito por":"Redacci\u00f3n","Tiempo de lectura":"2 minutos"},"schema":{"@context":"https:\/\/schema.org","@graph":[{"@type":"Article","@id":"https:\/\/esbozodeportivo.com\/index.php\/2025\/05\/09\/xabi-alonso-podria-llegar-al-real-madrid\/#article","isPartOf":{"@id":"https:\/\/esbozodeportivo.com\/index.php\/2025\/05\/09\/xabi-alonso-podria-llegar-al-real-madrid\/"},"author":{"name":"Redacci\u00f3n","@id":"https:\/\/esbozodeportivo.com\/#\/schema\/person\/0f6df9196dfe6740dd0bb31bae50d374"},"headline":"Xabi Alonso podr\u00eda llegar al Real Madrid","datePublished":"2025-05-09T23:18:47+00:00","dateModified":"2025-05-09T23:18:48+00:00","mainEntityOfPage":{"@id":"https:\/\/esbozodeportivo.com\/index.php\/2025\/05\/09\/xabi-alonso-podria-llegar-al-real-madrid\/"},"wordCount":312,"publisher":{"@id":"https:\/\/esbozodeportivo.com\/#organization"},"image":{"@id":"https:\/\/esbozodeportivo.com\/index.php\/2025\/05\/09\/xabi-alonso-podria-llegar-al-real-madrid\/#primaryimage"},"thumbnailUrl":"https:\/\/esbozodeportivo.com\/wp-content\/uploads\/2025\/05\/Alonso.jpg","articleSection":["Futbol Espa\u00f1ol"],"inLanguage":"es"},{"@type":"WebPage","@id":"https:\/\/esbozodeportivo.com\/index.php\/2025\/05\/09\/xabi-alonso-podria-llegar-al-real-madrid\/","url":"https:\/\/esbozodeportivo.com\/index.php\/2025\/05\/09\/xabi-alonso-podria-llegar-al-real-madrid\/","name":"Xabi Alonso podr\u00eda llegar al Real Madrid - Esbozo Deportivo","isPartOf":{"@id":"https:\/\/esbozodeportivo.com\/#website"},"primaryImageOfPage":{"@id":"https:\/\/esbozodeportivo.com\/index.php\/2025\/05\/09\/xabi-alonso-podria-llegar-al-real-madrid\/#primaryimage"},"image":{"@id":"https:\/\/esbozodeportivo.com\/index.php\/2025\/05\/09\/xabi-alonso-podria-llegar-al-real-madrid\/#primaryimage"},"thumbnailUrl":"https:\/\/esbozodeportivo.com\/wp-content\/uploads\/2025\/05\/Alonso.jpg","datePublished":"2025-05-09T23:18:47+00:00","dateModified":"2025-05-09T23:18:48+00:00","description":"Xabi Alonso anunci\u00f3 el viernes que acabar\u00e1 su etapa como t\u00e9cnico del Bayer Leverkusen al final de la temporada, abri\u00e9ndose las puertas para que asuma la conducci\u00f3n del Real Madrid.","breadcrumb":{"@id":"https:\/\/esbozodeportivo.com\/index.php\/2025\/05\/09\/xabi-alonso-podria-llegar-al-real-madrid\/#breadcrumb"},"inLanguage":"es","potentialAction":[{"@type":"ReadAction","target":["https:\/\/esbozodeportivo.com\/index.php\/2025\/05\/09\/xabi-alonso-podria-llegar-al-real-madrid\/"]}]},{"@type":"ImageObject","inLanguage":"es","@id":"https:\/\/esbozodeportivo.com\/index.php\/2025\/05\/09\/xabi-alonso-podria-llegar-al-real-madrid\/#primaryimage","url":"https:\/\/esbozodeportivo.com\/wp-content\/uploads\/2025\/05\/Alonso.jpg","contentUrl":"https:\/\/esbozodeportivo.com\/wp-content\/uploads\/2025\/05\/Alonso.jpg","width":980,"height":653},{"@type":"BreadcrumbList","@id":"https:\/\/esbozodeportivo.com\/index.php\/2025\/05\/09\/xabi-alonso-podria-llegar-al-real-madrid\/#breadcrumb","itemListElement":[{"@type":"ListItem","position":1,"name":"Inicio","item":"https:\/\/esbozodeportivo.com\/"},{"@type":"ListItem","position":2,"name":"Xabi Alonso podr\u00eda llegar al Real Madrid"}]},{"@type":"WebSite","@id":"https:\/\/esbozodeportivo.com\/#website","url":"https:\/\/esbozodeportivo.com\/","name":"Esbozo Deportivo","description":"Lo m\u00e1s importante del Deporte","publisher":{"@id":"https:\/\/esbozodeportivo.com\/#organization"},"potentialAction":[{"@type":"SearchAction","target":{"@type":"EntryPoint","urlTemplate":"https:\/\/esbozodeportivo.com\/?s={search_term_string}"},"query-input":{"@type":"PropertyValueSpecification","valueRequired":true,"valueName":"search_term_string"}}],"inLanguage":"es"},{"@type":"Organization","@id":"https:\/\/esbozodeportivo.com\/#organization","name":"Esbozo Deportivo","url":"https:\/\/esbozodeportivo.com\/","logo":{"@type":"ImageObject","inLanguage":"es","@id":"https:\/\/esbozodeportivo.com\/#\/schema\/logo\/image\/","url":"https:\/\/esbozodeportivo.com\/wp-content\/uploads\/2022\/08\/cropped-Logo-Esbozo-Web-2.png","contentUrl":"https:\/\/esbozodeportivo.com\/wp-content\/uploads\/2022\/08\/cropped-Logo-Esbozo-Web-2.png","width":180,"height":50,"caption":"Esbozo Deportivo"},"image":{"@id":"https:\/\/esbozodeportivo.com\/#\/schema\/logo\/image\/"}},{"@type":"Person","@id":"https:\/\/esbozodeportivo.com\/#\/schema\/person\/0f6df9196dfe6740dd0bb31bae50d374","name":"Redacci\u00f3n","image":{"@type":"ImageObject","inLanguage":"es","@id":"https:\/\/esbozodeportivo.com\/#\/schema\/person\/image\/","url":"https:\/\/secure.gravatar.com\/avatar\/f55268a89c3b418f2ef172ff52ab0d09b3e653c58de29539fe329fb93d78ebf3?s=96&d=mm&r=g","contentUrl":"https:\/\/secure.gravatar.com\/avatar\/f55268a89c3b418f2ef172ff52ab0d09b3e653c58de29539fe329fb93d78ebf3?s=96&d=mm&r=g","caption":"Redacci\u00f3n"},"url":"https:\/\/esbozodeportivo.com\/index.php\/author\/redaccion\/"}]}},"jetpack_featured_media_url":"https:\/\/esbozodeportivo.com\/wp-content\/uploads\/2025\/05\/Alonso.jpg","jetpack_sharing_enabled":true,"_links":{"self":[{"href":"https:\/\/esbozodeportivo.com\/index.php\/wp-json\/wp\/v2\/posts\/7175","targetHints":{"allow":["GET"]}}],"collection":[{"href":"https:\/\/esbozodeportivo.com\/index.php\/wp-json\/wp\/v2\/posts"}],"about":[{"href":"https:\/\/esbozodeportivo.com\/index.php\/wp-json\/wp\/v2\/types\/post"}],"author":[{"embeddable":true,"href":"https:\/\/esbozodeportivo.com\/index.php\/wp-json\/wp\/v2\/users\/4"}],"replies":[{"embeddable":true,"href":"https:\/\/esbozodeportivo.com\/index.php\/wp-json\/wp\/v2\/comments?post=7175"}],"version-history":[{"count":1,"href":"https:\/\/esbozodeportivo.com\/index.php\/wp-json\/wp\/v2\/posts\/7175\/revisions"}],"predecessor-version":[{"id":7177,"href":"https:\/\/esbozodeportivo.com\/index.php\/wp-json\/wp\/v2\/posts\/7175\/revisions\/7177"}],"wp:featuredmedia":[{"embeddable":true,"href":"https:\/\/esbozodeportivo.com\/index.php\/wp-json\/wp\/v2\/media\/7176"}],"wp:attachment":[{"href":"https:\/\/esbozodeportivo.com\/index.php\/wp-json\/wp\/v2\/media?parent=7175"}],"wp:term":[{"taxonomy":"category","embeddable":true,"href":"https:\/\/esbozodeportivo.com\/index.php\/wp-json\/wp\/v2\/categories?post=7175"},{"taxonomy":"post_tag","embeddable":true,"href":"https:\/\/esbozodeportivo.com\/index.php\/wp-json\/wp\/v2\/tags?post=7175"}],"curies":[{"name":"wp","href":"https:\/\/api.w.org\/{rel}","templated":true}]}}