{"id":7178,"date":"2025-05-09T17:20:56","date_gmt":"2025-05-09T23:20:56","guid":{"rendered":"https:\/\/esbozodeportivo.com\/?p=7178"},"modified":"2025-05-09T17:20:57","modified_gmt":"2025-05-09T23:20:57","slug":"tras-una-lesion-reaparece-carlos-alcaraz-con-triunfo","status":"publish","type":"post","link":"https:\/\/esbozodeportivo.com\/index.php\/2025\/05\/09\/tras-una-lesion-reaparece-carlos-alcaraz-con-triunfo\/","title":{"rendered":"Tras una lesi\u00f3n reaparece Carlos Alcaraz con triunfo"},"content":{"rendered":"\n<p>(Foto: Agencias) <\/p>\n\n\n\n<p><strong>Carlos Alcaraz<\/strong> reapareci\u00f3 tras una breve pausa por lesi\u00f3n, anot\u00e1ndose el viernes una victoria de 6-3, 6-3 sobre el serbio <strong>Dusan Lajovic<\/strong> en el <strong>Abierto de Italia<\/strong>.<\/p>\n\n\n\n<p><strong>Alcaraz<\/strong>, tercero en el ranking mundial, se retir\u00f3 del <strong>Abierto de Madrid<\/strong> el mes pasado debido a una dolencia en la pierna derecha que le molest\u00f3 durante la final del <strong>Abierto de Barcelona<\/strong>. Tambi\u00e9n padeci\u00f3 una molestia en la pierna izquierda.<\/p>\n\n\n\n<p>Contra <strong>Lajovic, Alcaraz<\/strong> us\u00f3 una larga rodillera negra que cubr\u00eda la parte superior de su pierna derecha y se extend\u00eda hasta justo debajo de su rodilla.<\/p>\n\n\n\n<p>\u201cEl cuerpo respondi\u00f3 genial\u201d, dijo el astro espa\u00f1ol. \u201cMe mov\u00ed bien. Hice algunos buenos sprints hoy sin ning\u00fan dolor. &#8230; Fue una prueba para m\u00ed, as\u00ed que creo que pas\u00e9 la prueba hoy\u201d.<\/p>\n\n\n\n<p>\u201cFue una gran actuaci\u00f3n, un gran nivel, lo cual fue un poco sorprendente para m\u00ed, pero estoy realmente feliz por eso\u201d, agreg\u00f3.<\/p>\n\n\n\n<p><strong>Alcaraz<\/strong> se llev\u00f3 los primeros cuatro juegos pero perdi\u00f3 su servicio cuando sac\u00f3 para el primer set con ventaja 5-2. El espa\u00f1ol rompi\u00f3 de nuevo en el siguiente juego para cerrarlo, mostrando su velocidad en la cancha de arcilla del <strong>Foro It\u00e1lico<\/strong> cuando alcanz\u00f3 una dejada y produjo un tiro ganador de rev\u00e9s en un punto clave.<\/p>\n\n\n\n<p><strong>Alcaraz<\/strong> tambi\u00e9n se adelant\u00f3 temprano en el segundo set. Termin\u00f3 con el mismo n\u00famero de golpes ganadores que de errores no forzados: 24.<\/p>\n\n\n\n<p>La victoria dej\u00f3 a <strong>Alcaraz<\/strong> \u2014que conquist\u00f3 el t\u00edtulo del <strong>Masters de Montecarlo<\/strong> en abril \u2014 qued\u00f3 10-1 en tierra batida esta temporada. Su siguiente rival saldr\u00e1 del ganador del duelo <strong>Alex Michelsen<\/strong> (31er preclasificado) y <strong>Laslo Djere<\/strong>.<\/p>\n\n\n\n<p><strong>Alcaraz,<\/strong> cuatro veces campe\u00f3n de <strong>Grand Slam<\/strong>, se prepara para defender su t\u00edtulo en el <strong>Abierto de Francia<\/strong>, que comienza el 25 de mayo.<\/p>\n\n\n\n<p>El torneo de <strong>Roma<\/strong> tambi\u00e9n marca el regreso del n\u00famero uno del mundo <strong>Jannik Sinner <\/strong>tras una suspensi\u00f3n de tres meses por dopaje.<\/p>\n\n\n\n<p><strong>Sinner y Alcaraz<\/strong> est\u00e1n en lados opuestos del cuadro. <strong>Sinner<\/strong> debutar\u00e1 contra el argentino <strong>Mariano Navone<\/strong>, 99no del ranking, el s\u00e1bado.<\/p>\n\n\n\n<p><\/p>\n","protected":false},"excerpt":{"rendered":"<p>(Foto: Agencias) Carlos Alcaraz reapareci\u00f3 tras una breve pausa por lesi\u00f3n, anot\u00e1ndose el viernes una<\/p>\n","protected":false},"author":4,"featured_media":7179,"comment_status":"closed","ping_status":"open","sticky":false,"template":"","format":"standard","meta":{"_jetpack_memberships_contains_paid_content":false,"footnotes":""},"categories":[12],"tags":[],"class_list":["post-7178","post","type-post","status-publish","format-standard","has-post-thumbnail","hentry","category-tenis-internacional"],"yoast_head":"<!-- This site is optimized with the Yoast SEO plugin v25.7 - https:\/\/yoast.com\/wordpress\/plugins\/seo\/ -->\n<title>Tras una lesi\u00f3n reaparece Carlos Alcaraz con triunfo - Esbozo Deportivo<\/title>\n<meta name=\"description\" content=\"Carlos Alcaraz reapareci\u00f3 tras una breve pausa por lesi\u00f3n, anot\u00e1ndose el viernes una victoria de 6-3, 6-3 sobre el serbio Dusan Lajovic en el Abierto de Italia.\" \/>\n<meta name=\"robots\" content=\"index, follow, max-snippet:-1, max-image-preview:large, max-video-preview:-1\" \/>\n<link rel=\"canonical\" href=\"https:\/\/esbozodeportivo.com\/index.php\/2025\/05\/09\/tras-una-lesion-reaparece-carlos-alcaraz-con-triunfo\/\" \/>\n<meta property=\"og:locale\" content=\"es_MX\" \/>\n<meta property=\"og:type\" content=\"article\" \/>\n<meta property=\"og:title\" content=\"Tras una lesi\u00f3n reaparece Carlos Alcaraz con triunfo - Esbozo Deportivo\" \/>\n<meta property=\"og:description\" content=\"Carlos Alcaraz reapareci\u00f3 tras una breve pausa por lesi\u00f3n, anot\u00e1ndose el viernes una victoria de 6-3, 6-3 sobre el serbio Dusan Lajovic en el Abierto de Italia.\" \/>\n<meta property=\"og:url\" content=\"https:\/\/esbozodeportivo.com\/index.php\/2025\/05\/09\/tras-una-lesion-reaparece-carlos-alcaraz-con-triunfo\/\" \/>\n<meta property=\"og:site_name\" content=\"Esbozo Deportivo\" \/>\n<meta property=\"article:published_time\" content=\"2025-05-09T23:20:56+00:00\" \/>\n<meta property=\"article:modified_time\" content=\"2025-05-09T23:20:57+00:00\" \/>\n<meta property=\"og:image\" content=\"https:\/\/esbozodeportivo.com\/wp-content\/uploads\/2025\/05\/Carlos.jpg\" \/>\n\t<meta property=\"og:image:width\" content=\"980\" \/>\n\t<meta property=\"og:image:height\" content=\"653\" \/>\n\t<meta property=\"og:image:type\" content=\"image\/jpeg\" \/>\n<meta name=\"author\" content=\"Redacci\u00f3n\" \/>\n<meta name=\"twitter:card\" content=\"summary_large_image\" \/>\n<meta name=\"twitter:label1\" content=\"Escrito por\" \/>\n\t<meta name=\"twitter:data1\" content=\"Redacci\u00f3n\" \/>\n\t<meta name=\"twitter:label2\" content=\"Tiempo de lectura\" \/>\n\t<meta name=\"twitter:data2\" content=\"2 minutos\" \/>\n<script type=\"application\/ld+json\" class=\"yoast-schema-graph\">{\"@context\":\"https:\/\/schema.org\",\"@graph\":[{\"@type\":\"Article\",\"@id\":\"https:\/\/esbozodeportivo.com\/index.php\/2025\/05\/09\/tras-una-lesion-reaparece-carlos-alcaraz-con-triunfo\/#article\",\"isPartOf\":{\"@id\":\"https:\/\/esbozodeportivo.com\/index.php\/2025\/05\/09\/tras-una-lesion-reaparece-carlos-alcaraz-con-triunfo\/\"},\"author\":{\"name\":\"Redacci\u00f3n\",\"@id\":\"https:\/\/esbozodeportivo.com\/#\/schema\/person\/0f6df9196dfe6740dd0bb31bae50d374\"},\"headline\":\"Tras una lesi\u00f3n reaparece Carlos Alcaraz con triunfo\",\"datePublished\":\"2025-05-09T23:20:56+00:00\",\"dateModified\":\"2025-05-09T23:20:57+00:00\",\"mainEntityOfPage\":{\"@id\":\"https:\/\/esbozodeportivo.com\/index.php\/2025\/05\/09\/tras-una-lesion-reaparece-carlos-alcaraz-con-triunfo\/\"},\"wordCount\":363,\"publisher\":{\"@id\":\"https:\/\/esbozodeportivo.com\/#organization\"},\"image\":{\"@id\":\"https:\/\/esbozodeportivo.com\/index.php\/2025\/05\/09\/tras-una-lesion-reaparece-carlos-alcaraz-con-triunfo\/#primaryimage\"},\"thumbnailUrl\":\"https:\/\/esbozodeportivo.com\/wp-content\/uploads\/2025\/05\/Carlos.jpg\",\"articleSection\":[\"Tenis Internacional\"],\"inLanguage\":\"es\"},{\"@type\":\"WebPage\",\"@id\":\"https:\/\/esbozodeportivo.com\/index.php\/2025\/05\/09\/tras-una-lesion-reaparece-carlos-alcaraz-con-triunfo\/\",\"url\":\"https:\/\/esbozodeportivo.com\/index.php\/2025\/05\/09\/tras-una-lesion-reaparece-carlos-alcaraz-con-triunfo\/\",\"name\":\"Tras una lesi\u00f3n reaparece Carlos Alcaraz con triunfo - Esbozo Deportivo\",\"isPartOf\":{\"@id\":\"https:\/\/esbozodeportivo.com\/#website\"},\"primaryImageOfPage\":{\"@id\":\"https:\/\/esbozodeportivo.com\/index.php\/2025\/05\/09\/tras-una-lesion-reaparece-carlos-alcaraz-con-triunfo\/#primaryimage\"},\"image\":{\"@id\":\"https:\/\/esbozodeportivo.com\/index.php\/2025\/05\/09\/tras-una-lesion-reaparece-carlos-alcaraz-con-triunfo\/#primaryimage\"},\"thumbnailUrl\":\"https:\/\/esbozodeportivo.com\/wp-content\/uploads\/2025\/05\/Carlos.jpg\",\"datePublished\":\"2025-05-09T23:20:56+00:00\",\"dateModified\":\"2025-05-09T23:20:57+00:00\",\"description\":\"Carlos Alcaraz reapareci\u00f3 tras una breve pausa por lesi\u00f3n, anot\u00e1ndose el viernes una victoria de 6-3, 6-3 sobre el serbio Dusan Lajovic en el Abierto de Italia.\",\"breadcrumb\":{\"@id\":\"https:\/\/esbozodeportivo.com\/index.php\/2025\/05\/09\/tras-una-lesion-reaparece-carlos-alcaraz-con-triunfo\/#breadcrumb\"},\"inLanguage\":\"es\",\"potentialAction\":[{\"@type\":\"ReadAction\",\"target\":[\"https:\/\/esbozodeportivo.com\/index.php\/2025\/05\/09\/tras-una-lesion-reaparece-carlos-alcaraz-con-triunfo\/\"]}]},{\"@type\":\"ImageObject\",\"inLanguage\":\"es\",\"@id\":\"https:\/\/esbozodeportivo.com\/index.php\/2025\/05\/09\/tras-una-lesion-reaparece-carlos-alcaraz-con-triunfo\/#primaryimage\",\"url\":\"https:\/\/esbozodeportivo.com\/wp-content\/uploads\/2025\/05\/Carlos.jpg\",\"contentUrl\":\"https:\/\/esbozodeportivo.com\/wp-content\/uploads\/2025\/05\/Carlos.jpg\",\"width\":980,\"height\":653},{\"@type\":\"BreadcrumbList\",\"@id\":\"https:\/\/esbozodeportivo.com\/index.php\/2025\/05\/09\/tras-una-lesion-reaparece-carlos-alcaraz-con-triunfo\/#breadcrumb\",\"itemListElement\":[{\"@type\":\"ListItem\",\"position\":1,\"name\":\"Inicio\",\"item\":\"https:\/\/esbozodeportivo.com\/\"},{\"@type\":\"ListItem\",\"position\":2,\"name\":\"Tras una lesi\u00f3n reaparece Carlos Alcaraz con triunfo\"}]},{\"@type\":\"WebSite\",\"@id\":\"https:\/\/esbozodeportivo.com\/#website\",\"url\":\"https:\/\/esbozodeportivo.com\/\",\"name\":\"Esbozo Deportivo\",\"description\":\"Lo m\u00e1s importante del Deporte\",\"publisher\":{\"@id\":\"https:\/\/esbozodeportivo.com\/#organization\"},\"potentialAction\":[{\"@type\":\"SearchAction\",\"target\":{\"@type\":\"EntryPoint\",\"urlTemplate\":\"https:\/\/esbozodeportivo.com\/?s={search_term_string}\"},\"query-input\":{\"@type\":\"PropertyValueSpecification\",\"valueRequired\":true,\"valueName\":\"search_term_string\"}}],\"inLanguage\":\"es\"},{\"@type\":\"Organization\",\"@id\":\"https:\/\/esbozodeportivo.com\/#organization\",\"name\":\"Esbozo Deportivo\",\"url\":\"https:\/\/esbozodeportivo.com\/\",\"logo\":{\"@type\":\"ImageObject\",\"inLanguage\":\"es\",\"@id\":\"https:\/\/esbozodeportivo.com\/#\/schema\/logo\/image\/\",\"url\":\"https:\/\/esbozodeportivo.com\/wp-content\/uploads\/2022\/08\/cropped-Logo-Esbozo-Web-2.png\",\"contentUrl\":\"https:\/\/esbozodeportivo.com\/wp-content\/uploads\/2022\/08\/cropped-Logo-Esbozo-Web-2.png\",\"width\":180,\"height\":50,\"caption\":\"Esbozo Deportivo\"},\"image\":{\"@id\":\"https:\/\/esbozodeportivo.com\/#\/schema\/logo\/image\/\"}},{\"@type\":\"Person\",\"@id\":\"https:\/\/esbozodeportivo.com\/#\/schema\/person\/0f6df9196dfe6740dd0bb31bae50d374\",\"name\":\"Redacci\u00f3n\",\"image\":{\"@type\":\"ImageObject\",\"inLanguage\":\"es\",\"@id\":\"https:\/\/esbozodeportivo.com\/#\/schema\/person\/image\/\",\"url\":\"https:\/\/secure.gravatar.com\/avatar\/f55268a89c3b418f2ef172ff52ab0d09b3e653c58de29539fe329fb93d78ebf3?s=96&d=mm&r=g\",\"contentUrl\":\"https:\/\/secure.gravatar.com\/avatar\/f55268a89c3b418f2ef172ff52ab0d09b3e653c58de29539fe329fb93d78ebf3?s=96&d=mm&r=g\",\"caption\":\"Redacci\u00f3n\"},\"url\":\"https:\/\/esbozodeportivo.com\/index.php\/author\/redaccion\/\"}]}<\/script>\n<!-- \/ Yoast SEO plugin. -->","yoast_head_json":{"title":"Tras una lesi\u00f3n reaparece Carlos Alcaraz con triunfo - Esbozo Deportivo","description":"Carlos Alcaraz reapareci\u00f3 tras una breve pausa por lesi\u00f3n, anot\u00e1ndose el viernes una victoria de 6-3, 6-3 sobre el serbio Dusan Lajovic en el Abierto de Italia.","robots":{"index":"index","follow":"follow","max-snippet":"max-snippet:-1","max-image-preview":"max-image-preview:large","max-video-preview":"max-video-preview:-1"},"canonical":"https:\/\/esbozodeportivo.com\/index.php\/2025\/05\/09\/tras-una-lesion-reaparece-carlos-alcaraz-con-triunfo\/","og_locale":"es_MX","og_type":"article","og_title":"Tras una lesi\u00f3n reaparece Carlos Alcaraz con triunfo - Esbozo Deportivo","og_description":"Carlos Alcaraz reapareci\u00f3 tras una breve pausa por lesi\u00f3n, anot\u00e1ndose el viernes una victoria de 6-3, 6-3 sobre el serbio Dusan Lajovic en el Abierto de Italia.","og_url":"https:\/\/esbozodeportivo.com\/index.php\/2025\/05\/09\/tras-una-lesion-reaparece-carlos-alcaraz-con-triunfo\/","og_site_name":"Esbozo Deportivo","article_published_time":"2025-05-09T23:20:56+00:00","article_modified_time":"2025-05-09T23:20:57+00:00","og_image":[{"width":980,"height":653,"url":"https:\/\/esbozodeportivo.com\/wp-content\/uploads\/2025\/05\/Carlos.jpg","type":"image\/jpeg"}],"author":"Redacci\u00f3n","twitter_card":"summary_large_image","twitter_misc":{"Escrito por":"Redacci\u00f3n","Tiempo de lectura":"2 minutos"},"schema":{"@context":"https:\/\/schema.org","@graph":[{"@type":"Article","@id":"https:\/\/esbozodeportivo.com\/index.php\/2025\/05\/09\/tras-una-lesion-reaparece-carlos-alcaraz-con-triunfo\/#article","isPartOf":{"@id":"https:\/\/esbozodeportivo.com\/index.php\/2025\/05\/09\/tras-una-lesion-reaparece-carlos-alcaraz-con-triunfo\/"},"author":{"name":"Redacci\u00f3n","@id":"https:\/\/esbozodeportivo.com\/#\/schema\/person\/0f6df9196dfe6740dd0bb31bae50d374"},"headline":"Tras una lesi\u00f3n reaparece Carlos Alcaraz con triunfo","datePublished":"2025-05-09T23:20:56+00:00","dateModified":"2025-05-09T23:20:57+00:00","mainEntityOfPage":{"@id":"https:\/\/esbozodeportivo.com\/index.php\/2025\/05\/09\/tras-una-lesion-reaparece-carlos-alcaraz-con-triunfo\/"},"wordCount":363,"publisher":{"@id":"https:\/\/esbozodeportivo.com\/#organization"},"image":{"@id":"https:\/\/esbozodeportivo.com\/index.php\/2025\/05\/09\/tras-una-lesion-reaparece-carlos-alcaraz-con-triunfo\/#primaryimage"},"thumbnailUrl":"https:\/\/esbozodeportivo.com\/wp-content\/uploads\/2025\/05\/Carlos.jpg","articleSection":["Tenis Internacional"],"inLanguage":"es"},{"@type":"WebPage","@id":"https:\/\/esbozodeportivo.com\/index.php\/2025\/05\/09\/tras-una-lesion-reaparece-carlos-alcaraz-con-triunfo\/","url":"https:\/\/esbozodeportivo.com\/index.php\/2025\/05\/09\/tras-una-lesion-reaparece-carlos-alcaraz-con-triunfo\/","name":"Tras una lesi\u00f3n reaparece Carlos Alcaraz con triunfo - Esbozo Deportivo","isPartOf":{"@id":"https:\/\/esbozodeportivo.com\/#website"},"primaryImageOfPage":{"@id":"https:\/\/esbozodeportivo.com\/index.php\/2025\/05\/09\/tras-una-lesion-reaparece-carlos-alcaraz-con-triunfo\/#primaryimage"},"image":{"@id":"https:\/\/esbozodeportivo.com\/index.php\/2025\/05\/09\/tras-una-lesion-reaparece-carlos-alcaraz-con-triunfo\/#primaryimage"},"thumbnailUrl":"https:\/\/esbozodeportivo.com\/wp-content\/uploads\/2025\/05\/Carlos.jpg","datePublished":"2025-05-09T23:20:56+00:00","dateModified":"2025-05-09T23:20:57+00:00","description":"Carlos Alcaraz reapareci\u00f3 tras una breve pausa por lesi\u00f3n, anot\u00e1ndose el viernes una victoria de 6-3, 6-3 sobre el serbio Dusan Lajovic en el Abierto de Italia.","breadcrumb":{"@id":"https:\/\/esbozodeportivo.com\/index.php\/2025\/05\/09\/tras-una-lesion-reaparece-carlos-alcaraz-con-triunfo\/#breadcrumb"},"inLanguage":"es","potentialAction":[{"@type":"ReadAction","target":["https:\/\/esbozodeportivo.com\/index.php\/2025\/05\/09\/tras-una-lesion-reaparece-carlos-alcaraz-con-triunfo\/"]}]},{"@type":"ImageObject","inLanguage":"es","@id":"https:\/\/esbozodeportivo.com\/index.php\/2025\/05\/09\/tras-una-lesion-reaparece-carlos-alcaraz-con-triunfo\/#primaryimage","url":"https:\/\/esbozodeportivo.com\/wp-content\/uploads\/2025\/05\/Carlos.jpg","contentUrl":"https:\/\/esbozodeportivo.com\/wp-content\/uploads\/2025\/05\/Carlos.jpg","width":980,"height":653},{"@type":"BreadcrumbList","@id":"https:\/\/esbozodeportivo.com\/index.php\/2025\/05\/09\/tras-una-lesion-reaparece-carlos-alcaraz-con-triunfo\/#breadcrumb","itemListElement":[{"@type":"ListItem","position":1,"name":"Inicio","item":"https:\/\/esbozodeportivo.com\/"},{"@type":"ListItem","position":2,"name":"Tras una lesi\u00f3n reaparece Carlos Alcaraz con triunfo"}]},{"@type":"WebSite","@id":"https:\/\/esbozodeportivo.com\/#website","url":"https:\/\/esbozodeportivo.com\/","name":"Esbozo Deportivo","description":"Lo m\u00e1s importante del Deporte","publisher":{"@id":"https:\/\/esbozodeportivo.com\/#organization"},"potentialAction":[{"@type":"SearchAction","target":{"@type":"EntryPoint","urlTemplate":"https:\/\/esbozodeportivo.com\/?s={search_term_string}"},"query-input":{"@type":"PropertyValueSpecification","valueRequired":true,"valueName":"search_term_string"}}],"inLanguage":"es"},{"@type":"Organization","@id":"https:\/\/esbozodeportivo.com\/#organization","name":"Esbozo Deportivo","url":"https:\/\/esbozodeportivo.com\/","logo":{"@type":"ImageObject","inLanguage":"es","@id":"https:\/\/esbozodeportivo.com\/#\/schema\/logo\/image\/","url":"https:\/\/esbozodeportivo.com\/wp-content\/uploads\/2022\/08\/cropped-Logo-Esbozo-Web-2.png","contentUrl":"https:\/\/esbozodeportivo.com\/wp-content\/uploads\/2022\/08\/cropped-Logo-Esbozo-Web-2.png","width":180,"height":50,"caption":"Esbozo Deportivo"},"image":{"@id":"https:\/\/esbozodeportivo.com\/#\/schema\/logo\/image\/"}},{"@type":"Person","@id":"https:\/\/esbozodeportivo.com\/#\/schema\/person\/0f6df9196dfe6740dd0bb31bae50d374","name":"Redacci\u00f3n","image":{"@type":"ImageObject","inLanguage":"es","@id":"https:\/\/esbozodeportivo.com\/#\/schema\/person\/image\/","url":"https:\/\/secure.gravatar.com\/avatar\/f55268a89c3b418f2ef172ff52ab0d09b3e653c58de29539fe329fb93d78ebf3?s=96&d=mm&r=g","contentUrl":"https:\/\/secure.gravatar.com\/avatar\/f55268a89c3b418f2ef172ff52ab0d09b3e653c58de29539fe329fb93d78ebf3?s=96&d=mm&r=g","caption":"Redacci\u00f3n"},"url":"https:\/\/esbozodeportivo.com\/index.php\/author\/redaccion\/"}]}},"jetpack_featured_media_url":"https:\/\/esbozodeportivo.com\/wp-content\/uploads\/2025\/05\/Carlos.jpg","jetpack_sharing_enabled":true,"_links":{"self":[{"href":"https:\/\/esbozodeportivo.com\/index.php\/wp-json\/wp\/v2\/posts\/7178","targetHints":{"allow":["GET"]}}],"collection":[{"href":"https:\/\/esbozodeportivo.com\/index.php\/wp-json\/wp\/v2\/posts"}],"about":[{"href":"https:\/\/esbozodeportivo.com\/index.php\/wp-json\/wp\/v2\/types\/post"}],"author":[{"embeddable":true,"href":"https:\/\/esbozodeportivo.com\/index.php\/wp-json\/wp\/v2\/users\/4"}],"replies":[{"embeddable":true,"href":"https:\/\/esbozodeportivo.com\/index.php\/wp-json\/wp\/v2\/comments?post=7178"}],"version-history":[{"count":1,"href":"https:\/\/esbozodeportivo.com\/index.php\/wp-json\/wp\/v2\/posts\/7178\/revisions"}],"predecessor-version":[{"id":7180,"href":"https:\/\/esbozodeportivo.com\/index.php\/wp-json\/wp\/v2\/posts\/7178\/revisions\/7180"}],"wp:featuredmedia":[{"embeddable":true,"href":"https:\/\/esbozodeportivo.com\/index.php\/wp-json\/wp\/v2\/media\/7179"}],"wp:attachment":[{"href":"https:\/\/esbozodeportivo.com\/index.php\/wp-json\/wp\/v2\/media?parent=7178"}],"wp:term":[{"taxonomy":"category","embeddable":true,"href":"https:\/\/esbozodeportivo.com\/index.php\/wp-json\/wp\/v2\/categories?post=7178"},{"taxonomy":"post_tag","embeddable":true,"href":"https:\/\/esbozodeportivo.com\/index.php\/wp-json\/wp\/v2\/tags?post=7178"}],"curies":[{"name":"wp","href":"https:\/\/api.w.org\/{rel}","templated":true}]}}