{"id":7181,"date":"2025-05-09T17:23:29","date_gmt":"2025-05-09T23:23:29","guid":{"rendered":"https:\/\/esbozodeportivo.com\/?p=7181"},"modified":"2025-05-09T17:23:30","modified_gmt":"2025-05-09T23:23:30","slug":"pedersen-gana-primera-etapa-del-giro","status":"publish","type":"post","link":"https:\/\/esbozodeportivo.com\/index.php\/2025\/05\/09\/pedersen-gana-primera-etapa-del-giro\/","title":{"rendered":"Pedersen, gana primera etapa del Giro"},"content":{"rendered":"\n<p>(Foto: Agencias) <\/p>\n\n\n\n<p>El ex campe\u00f3n mundial <strong>Mads Pedersen<\/strong> super\u00f3 estrechamente a <strong>Wout van Aert<\/strong> en un sprint final para ganar el viernes la etapa inaugural del <strong>Giro de Italia<\/strong>, enfund\u00e1ndose la primera maglia rosa de la edici\u00f3n de este a\u00f1o, que comenz\u00f3 en <strong>Albania<\/strong> por primera vez.<\/p>\n\n\n\n<p><strong>Pedersen,<\/strong> quien gan\u00f3 el t\u00edtulo mundial en 2019 y corre para <strong>Lidl-Trek<\/strong>, super\u00f3 a <strong>Van Aert<\/strong> por media rueda en la etapa monta\u00f1osa de 160 kil\u00f3metros (99 millas) desde <strong>Durr\u00ebs<\/strong> hasta <strong>Tirana<\/strong>, que tuvo un final plano. El venezolano <strong>Orluis Aular<\/strong> (Movistar) entr\u00f3 tercero.<\/p>\n\n\n\n<figure class=\"wp-block-image size-large\"><img loading=\"lazy\" decoding=\"async\" width=\"1024\" height=\"682\" src=\"https:\/\/esbozodeportivo.com\/wp-content\/uploads\/2025\/05\/Giro-1024x682.jpg\" alt=\"\" class=\"wp-image-7182\" srcset=\"https:\/\/esbozodeportivo.com\/wp-content\/uploads\/2025\/05\/Giro-1024x682.jpg 1024w, https:\/\/esbozodeportivo.com\/wp-content\/uploads\/2025\/05\/Giro-300x200.jpg 300w, https:\/\/esbozodeportivo.com\/wp-content\/uploads\/2025\/05\/Giro-768x511.jpg 768w, https:\/\/esbozodeportivo.com\/wp-content\/uploads\/2025\/05\/Giro.jpg 1440w\" sizes=\"auto, (max-width: 1024px) 100vw, 1024px\" \/><\/figure>\n\n\n\n<p>(Foto: Agencias)<\/p>\n\n\n\n<p>Fue la segunda victoria de etapa en su carrera en el Giro para el dan\u00e9s <strong>Pedersen<\/strong>, habiendo ganado tambi\u00e9n en <strong>N\u00e1poles<\/strong> hace dos a\u00f1os.<\/p>\n\n\n\n<p>La carrera permanecer\u00e1 en <strong>Albania<\/strong> por dos d\u00edas m\u00e1s. La segunda etapa el s\u00e1bado es una contrarreloj individual de 13,7 kil\u00f3metros en <strong>Tirana<\/strong> que pondr\u00e1 a prueba a los candidatos a la victoria general como <strong>Primoz Roglic<\/strong> y <strong>Juan Ayuso<\/strong>. El <strong>Grand Tour<\/strong> de tres semanas regresa a <strong>Italia<\/strong> para la cuarta etapa en <strong>Puglia<\/strong>, directamente al otro lado del mar <strong>Adri\u00e1tico<\/strong> desde <strong>Albania<\/strong>. La meta es en <strong>Roma <\/strong>el 1 de junio.<\/p>\n\n\n\n<p><\/p>\n","protected":false},"excerpt":{"rendered":"<p>(Foto: Agencias) El ex campe\u00f3n mundial Mads Pedersen super\u00f3 estrechamente a Wout van Aert en<\/p>\n","protected":false},"author":4,"featured_media":7183,"comment_status":"closed","ping_status":"open","sticky":false,"template":"","format":"standard","meta":{"_jetpack_memberships_contains_paid_content":false,"footnotes":""},"categories":[10],"tags":[],"class_list":["post-7181","post","type-post","status-publish","format-standard","has-post-thumbnail","hentry","category-ciclismo"],"yoast_head":"<!-- This site is optimized with the Yoast SEO plugin v25.7 - https:\/\/yoast.com\/wordpress\/plugins\/seo\/ -->\n<title>Pedersen, gana primera etapa del Giro - Esbozo Deportivo<\/title>\n<meta name=\"description\" content=\"El ex campe\u00f3n mundial Mads Pedersen super\u00f3 estrechamente a Wout van Aert en un sprint final para ganar el viernes la etapa inaugural del Giro de Italia, enfund\u00e1ndose la primera maglia rosa de la edici\u00f3n de este a\u00f1o, que comenz\u00f3 en Albania por primera vez.\" \/>\n<meta name=\"robots\" content=\"index, follow, max-snippet:-1, max-image-preview:large, max-video-preview:-1\" \/>\n<link rel=\"canonical\" href=\"https:\/\/esbozodeportivo.com\/index.php\/2025\/05\/09\/pedersen-gana-primera-etapa-del-giro\/\" \/>\n<meta property=\"og:locale\" content=\"es_MX\" \/>\n<meta property=\"og:type\" content=\"article\" \/>\n<meta property=\"og:title\" content=\"Pedersen, gana primera etapa del Giro - Esbozo Deportivo\" \/>\n<meta property=\"og:description\" content=\"El ex campe\u00f3n mundial Mads Pedersen super\u00f3 estrechamente a Wout van Aert en un sprint final para ganar el viernes la etapa inaugural del Giro de Italia, enfund\u00e1ndose la primera maglia rosa de la edici\u00f3n de este a\u00f1o, que comenz\u00f3 en Albania por primera vez.\" \/>\n<meta property=\"og:url\" content=\"https:\/\/esbozodeportivo.com\/index.php\/2025\/05\/09\/pedersen-gana-primera-etapa-del-giro\/\" \/>\n<meta property=\"og:site_name\" content=\"Esbozo Deportivo\" \/>\n<meta property=\"article:published_time\" content=\"2025-05-09T23:23:29+00:00\" \/>\n<meta property=\"article:modified_time\" content=\"2025-05-09T23:23:30+00:00\" \/>\n<meta property=\"og:image\" content=\"https:\/\/esbozodeportivo.com\/wp-content\/uploads\/2025\/05\/Giro1.jpg\" \/>\n\t<meta property=\"og:image:width\" content=\"1440\" \/>\n\t<meta property=\"og:image:height\" content=\"960\" \/>\n\t<meta property=\"og:image:type\" content=\"image\/jpeg\" \/>\n<meta name=\"author\" content=\"Redacci\u00f3n\" \/>\n<meta name=\"twitter:card\" content=\"summary_large_image\" \/>\n<meta name=\"twitter:label1\" content=\"Escrito por\" \/>\n\t<meta name=\"twitter:data1\" content=\"Redacci\u00f3n\" \/>\n\t<meta name=\"twitter:label2\" content=\"Tiempo de lectura\" \/>\n\t<meta name=\"twitter:data2\" content=\"2 minutos\" \/>\n<script type=\"application\/ld+json\" class=\"yoast-schema-graph\">{\"@context\":\"https:\/\/schema.org\",\"@graph\":[{\"@type\":\"Article\",\"@id\":\"https:\/\/esbozodeportivo.com\/index.php\/2025\/05\/09\/pedersen-gana-primera-etapa-del-giro\/#article\",\"isPartOf\":{\"@id\":\"https:\/\/esbozodeportivo.com\/index.php\/2025\/05\/09\/pedersen-gana-primera-etapa-del-giro\/\"},\"author\":{\"name\":\"Redacci\u00f3n\",\"@id\":\"https:\/\/esbozodeportivo.com\/#\/schema\/person\/0f6df9196dfe6740dd0bb31bae50d374\"},\"headline\":\"Pedersen, gana primera etapa del Giro\",\"datePublished\":\"2025-05-09T23:23:29+00:00\",\"dateModified\":\"2025-05-09T23:23:30+00:00\",\"mainEntityOfPage\":{\"@id\":\"https:\/\/esbozodeportivo.com\/index.php\/2025\/05\/09\/pedersen-gana-primera-etapa-del-giro\/\"},\"wordCount\":208,\"publisher\":{\"@id\":\"https:\/\/esbozodeportivo.com\/#organization\"},\"image\":{\"@id\":\"https:\/\/esbozodeportivo.com\/index.php\/2025\/05\/09\/pedersen-gana-primera-etapa-del-giro\/#primaryimage\"},\"thumbnailUrl\":\"https:\/\/esbozodeportivo.com\/wp-content\/uploads\/2025\/05\/Giro1.jpg\",\"articleSection\":[\"Ciclismo\"],\"inLanguage\":\"es\"},{\"@type\":\"WebPage\",\"@id\":\"https:\/\/esbozodeportivo.com\/index.php\/2025\/05\/09\/pedersen-gana-primera-etapa-del-giro\/\",\"url\":\"https:\/\/esbozodeportivo.com\/index.php\/2025\/05\/09\/pedersen-gana-primera-etapa-del-giro\/\",\"name\":\"Pedersen, gana primera etapa del Giro - Esbozo Deportivo\",\"isPartOf\":{\"@id\":\"https:\/\/esbozodeportivo.com\/#website\"},\"primaryImageOfPage\":{\"@id\":\"https:\/\/esbozodeportivo.com\/index.php\/2025\/05\/09\/pedersen-gana-primera-etapa-del-giro\/#primaryimage\"},\"image\":{\"@id\":\"https:\/\/esbozodeportivo.com\/index.php\/2025\/05\/09\/pedersen-gana-primera-etapa-del-giro\/#primaryimage\"},\"thumbnailUrl\":\"https:\/\/esbozodeportivo.com\/wp-content\/uploads\/2025\/05\/Giro1.jpg\",\"datePublished\":\"2025-05-09T23:23:29+00:00\",\"dateModified\":\"2025-05-09T23:23:30+00:00\",\"description\":\"El ex campe\u00f3n mundial Mads Pedersen super\u00f3 estrechamente a Wout van Aert en un sprint final para ganar el viernes la etapa inaugural del Giro de Italia, enfund\u00e1ndose la primera maglia rosa de la edici\u00f3n de este a\u00f1o, que comenz\u00f3 en Albania por primera vez.\",\"breadcrumb\":{\"@id\":\"https:\/\/esbozodeportivo.com\/index.php\/2025\/05\/09\/pedersen-gana-primera-etapa-del-giro\/#breadcrumb\"},\"inLanguage\":\"es\",\"potentialAction\":[{\"@type\":\"ReadAction\",\"target\":[\"https:\/\/esbozodeportivo.com\/index.php\/2025\/05\/09\/pedersen-gana-primera-etapa-del-giro\/\"]}]},{\"@type\":\"ImageObject\",\"inLanguage\":\"es\",\"@id\":\"https:\/\/esbozodeportivo.com\/index.php\/2025\/05\/09\/pedersen-gana-primera-etapa-del-giro\/#primaryimage\",\"url\":\"https:\/\/esbozodeportivo.com\/wp-content\/uploads\/2025\/05\/Giro1.jpg\",\"contentUrl\":\"https:\/\/esbozodeportivo.com\/wp-content\/uploads\/2025\/05\/Giro1.jpg\",\"width\":1440,\"height\":960},{\"@type\":\"BreadcrumbList\",\"@id\":\"https:\/\/esbozodeportivo.com\/index.php\/2025\/05\/09\/pedersen-gana-primera-etapa-del-giro\/#breadcrumb\",\"itemListElement\":[{\"@type\":\"ListItem\",\"position\":1,\"name\":\"Inicio\",\"item\":\"https:\/\/esbozodeportivo.com\/\"},{\"@type\":\"ListItem\",\"position\":2,\"name\":\"Pedersen, gana primera etapa del Giro\"}]},{\"@type\":\"WebSite\",\"@id\":\"https:\/\/esbozodeportivo.com\/#website\",\"url\":\"https:\/\/esbozodeportivo.com\/\",\"name\":\"Esbozo Deportivo\",\"description\":\"Lo m\u00e1s importante del Deporte\",\"publisher\":{\"@id\":\"https:\/\/esbozodeportivo.com\/#organization\"},\"potentialAction\":[{\"@type\":\"SearchAction\",\"target\":{\"@type\":\"EntryPoint\",\"urlTemplate\":\"https:\/\/esbozodeportivo.com\/?s={search_term_string}\"},\"query-input\":{\"@type\":\"PropertyValueSpecification\",\"valueRequired\":true,\"valueName\":\"search_term_string\"}}],\"inLanguage\":\"es\"},{\"@type\":\"Organization\",\"@id\":\"https:\/\/esbozodeportivo.com\/#organization\",\"name\":\"Esbozo Deportivo\",\"url\":\"https:\/\/esbozodeportivo.com\/\",\"logo\":{\"@type\":\"ImageObject\",\"inLanguage\":\"es\",\"@id\":\"https:\/\/esbozodeportivo.com\/#\/schema\/logo\/image\/\",\"url\":\"https:\/\/esbozodeportivo.com\/wp-content\/uploads\/2022\/08\/cropped-Logo-Esbozo-Web-2.png\",\"contentUrl\":\"https:\/\/esbozodeportivo.com\/wp-content\/uploads\/2022\/08\/cropped-Logo-Esbozo-Web-2.png\",\"width\":180,\"height\":50,\"caption\":\"Esbozo Deportivo\"},\"image\":{\"@id\":\"https:\/\/esbozodeportivo.com\/#\/schema\/logo\/image\/\"}},{\"@type\":\"Person\",\"@id\":\"https:\/\/esbozodeportivo.com\/#\/schema\/person\/0f6df9196dfe6740dd0bb31bae50d374\",\"name\":\"Redacci\u00f3n\",\"image\":{\"@type\":\"ImageObject\",\"inLanguage\":\"es\",\"@id\":\"https:\/\/esbozodeportivo.com\/#\/schema\/person\/image\/\",\"url\":\"https:\/\/secure.gravatar.com\/avatar\/f55268a89c3b418f2ef172ff52ab0d09b3e653c58de29539fe329fb93d78ebf3?s=96&d=mm&r=g\",\"contentUrl\":\"https:\/\/secure.gravatar.com\/avatar\/f55268a89c3b418f2ef172ff52ab0d09b3e653c58de29539fe329fb93d78ebf3?s=96&d=mm&r=g\",\"caption\":\"Redacci\u00f3n\"},\"url\":\"https:\/\/esbozodeportivo.com\/index.php\/author\/redaccion\/\"}]}<\/script>\n<!-- \/ Yoast SEO plugin. -->","yoast_head_json":{"title":"Pedersen, gana primera etapa del Giro - Esbozo Deportivo","description":"El ex campe\u00f3n mundial Mads Pedersen super\u00f3 estrechamente a Wout van Aert en un sprint final para ganar el viernes la etapa inaugural del Giro de Italia, enfund\u00e1ndose la primera maglia rosa de la edici\u00f3n de este a\u00f1o, que comenz\u00f3 en Albania por primera vez.","robots":{"index":"index","follow":"follow","max-snippet":"max-snippet:-1","max-image-preview":"max-image-preview:large","max-video-preview":"max-video-preview:-1"},"canonical":"https:\/\/esbozodeportivo.com\/index.php\/2025\/05\/09\/pedersen-gana-primera-etapa-del-giro\/","og_locale":"es_MX","og_type":"article","og_title":"Pedersen, gana primera etapa del Giro - Esbozo Deportivo","og_description":"El ex campe\u00f3n mundial Mads Pedersen super\u00f3 estrechamente a Wout van Aert en un sprint final para ganar el viernes la etapa inaugural del Giro de Italia, enfund\u00e1ndose la primera maglia rosa de la edici\u00f3n de este a\u00f1o, que comenz\u00f3 en Albania por primera vez.","og_url":"https:\/\/esbozodeportivo.com\/index.php\/2025\/05\/09\/pedersen-gana-primera-etapa-del-giro\/","og_site_name":"Esbozo Deportivo","article_published_time":"2025-05-09T23:23:29+00:00","article_modified_time":"2025-05-09T23:23:30+00:00","og_image":[{"width":1440,"height":960,"url":"https:\/\/esbozodeportivo.com\/wp-content\/uploads\/2025\/05\/Giro1.jpg","type":"image\/jpeg"}],"author":"Redacci\u00f3n","twitter_card":"summary_large_image","twitter_misc":{"Escrito por":"Redacci\u00f3n","Tiempo de lectura":"2 minutos"},"schema":{"@context":"https:\/\/schema.org","@graph":[{"@type":"Article","@id":"https:\/\/esbozodeportivo.com\/index.php\/2025\/05\/09\/pedersen-gana-primera-etapa-del-giro\/#article","isPartOf":{"@id":"https:\/\/esbozodeportivo.com\/index.php\/2025\/05\/09\/pedersen-gana-primera-etapa-del-giro\/"},"author":{"name":"Redacci\u00f3n","@id":"https:\/\/esbozodeportivo.com\/#\/schema\/person\/0f6df9196dfe6740dd0bb31bae50d374"},"headline":"Pedersen, gana primera etapa del Giro","datePublished":"2025-05-09T23:23:29+00:00","dateModified":"2025-05-09T23:23:30+00:00","mainEntityOfPage":{"@id":"https:\/\/esbozodeportivo.com\/index.php\/2025\/05\/09\/pedersen-gana-primera-etapa-del-giro\/"},"wordCount":208,"publisher":{"@id":"https:\/\/esbozodeportivo.com\/#organization"},"image":{"@id":"https:\/\/esbozodeportivo.com\/index.php\/2025\/05\/09\/pedersen-gana-primera-etapa-del-giro\/#primaryimage"},"thumbnailUrl":"https:\/\/esbozodeportivo.com\/wp-content\/uploads\/2025\/05\/Giro1.jpg","articleSection":["Ciclismo"],"inLanguage":"es"},{"@type":"WebPage","@id":"https:\/\/esbozodeportivo.com\/index.php\/2025\/05\/09\/pedersen-gana-primera-etapa-del-giro\/","url":"https:\/\/esbozodeportivo.com\/index.php\/2025\/05\/09\/pedersen-gana-primera-etapa-del-giro\/","name":"Pedersen, gana primera etapa del Giro - Esbozo Deportivo","isPartOf":{"@id":"https:\/\/esbozodeportivo.com\/#website"},"primaryImageOfPage":{"@id":"https:\/\/esbozodeportivo.com\/index.php\/2025\/05\/09\/pedersen-gana-primera-etapa-del-giro\/#primaryimage"},"image":{"@id":"https:\/\/esbozodeportivo.com\/index.php\/2025\/05\/09\/pedersen-gana-primera-etapa-del-giro\/#primaryimage"},"thumbnailUrl":"https:\/\/esbozodeportivo.com\/wp-content\/uploads\/2025\/05\/Giro1.jpg","datePublished":"2025-05-09T23:23:29+00:00","dateModified":"2025-05-09T23:23:30+00:00","description":"El ex campe\u00f3n mundial Mads Pedersen super\u00f3 estrechamente a Wout van Aert en un sprint final para ganar el viernes la etapa inaugural del Giro de Italia, enfund\u00e1ndose la primera maglia rosa de la edici\u00f3n de este a\u00f1o, que comenz\u00f3 en Albania por primera vez.","breadcrumb":{"@id":"https:\/\/esbozodeportivo.com\/index.php\/2025\/05\/09\/pedersen-gana-primera-etapa-del-giro\/#breadcrumb"},"inLanguage":"es","potentialAction":[{"@type":"ReadAction","target":["https:\/\/esbozodeportivo.com\/index.php\/2025\/05\/09\/pedersen-gana-primera-etapa-del-giro\/"]}]},{"@type":"ImageObject","inLanguage":"es","@id":"https:\/\/esbozodeportivo.com\/index.php\/2025\/05\/09\/pedersen-gana-primera-etapa-del-giro\/#primaryimage","url":"https:\/\/esbozodeportivo.com\/wp-content\/uploads\/2025\/05\/Giro1.jpg","contentUrl":"https:\/\/esbozodeportivo.com\/wp-content\/uploads\/2025\/05\/Giro1.jpg","width":1440,"height":960},{"@type":"BreadcrumbList","@id":"https:\/\/esbozodeportivo.com\/index.php\/2025\/05\/09\/pedersen-gana-primera-etapa-del-giro\/#breadcrumb","itemListElement":[{"@type":"ListItem","position":1,"name":"Inicio","item":"https:\/\/esbozodeportivo.com\/"},{"@type":"ListItem","position":2,"name":"Pedersen, gana primera etapa del Giro"}]},{"@type":"WebSite","@id":"https:\/\/esbozodeportivo.com\/#website","url":"https:\/\/esbozodeportivo.com\/","name":"Esbozo Deportivo","description":"Lo m\u00e1s importante del Deporte","publisher":{"@id":"https:\/\/esbozodeportivo.com\/#organization"},"potentialAction":[{"@type":"SearchAction","target":{"@type":"EntryPoint","urlTemplate":"https:\/\/esbozodeportivo.com\/?s={search_term_string}"},"query-input":{"@type":"PropertyValueSpecification","valueRequired":true,"valueName":"search_term_string"}}],"inLanguage":"es"},{"@type":"Organization","@id":"https:\/\/esbozodeportivo.com\/#organization","name":"Esbozo Deportivo","url":"https:\/\/esbozodeportivo.com\/","logo":{"@type":"ImageObject","inLanguage":"es","@id":"https:\/\/esbozodeportivo.com\/#\/schema\/logo\/image\/","url":"https:\/\/esbozodeportivo.com\/wp-content\/uploads\/2022\/08\/cropped-Logo-Esbozo-Web-2.png","contentUrl":"https:\/\/esbozodeportivo.com\/wp-content\/uploads\/2022\/08\/cropped-Logo-Esbozo-Web-2.png","width":180,"height":50,"caption":"Esbozo Deportivo"},"image":{"@id":"https:\/\/esbozodeportivo.com\/#\/schema\/logo\/image\/"}},{"@type":"Person","@id":"https:\/\/esbozodeportivo.com\/#\/schema\/person\/0f6df9196dfe6740dd0bb31bae50d374","name":"Redacci\u00f3n","image":{"@type":"ImageObject","inLanguage":"es","@id":"https:\/\/esbozodeportivo.com\/#\/schema\/person\/image\/","url":"https:\/\/secure.gravatar.com\/avatar\/f55268a89c3b418f2ef172ff52ab0d09b3e653c58de29539fe329fb93d78ebf3?s=96&d=mm&r=g","contentUrl":"https:\/\/secure.gravatar.com\/avatar\/f55268a89c3b418f2ef172ff52ab0d09b3e653c58de29539fe329fb93d78ebf3?s=96&d=mm&r=g","caption":"Redacci\u00f3n"},"url":"https:\/\/esbozodeportivo.com\/index.php\/author\/redaccion\/"}]}},"jetpack_featured_media_url":"https:\/\/esbozodeportivo.com\/wp-content\/uploads\/2025\/05\/Giro1.jpg","jetpack_sharing_enabled":true,"_links":{"self":[{"href":"https:\/\/esbozodeportivo.com\/index.php\/wp-json\/wp\/v2\/posts\/7181","targetHints":{"allow":["GET"]}}],"collection":[{"href":"https:\/\/esbozodeportivo.com\/index.php\/wp-json\/wp\/v2\/posts"}],"about":[{"href":"https:\/\/esbozodeportivo.com\/index.php\/wp-json\/wp\/v2\/types\/post"}],"author":[{"embeddable":true,"href":"https:\/\/esbozodeportivo.com\/index.php\/wp-json\/wp\/v2\/users\/4"}],"replies":[{"embeddable":true,"href":"https:\/\/esbozodeportivo.com\/index.php\/wp-json\/wp\/v2\/comments?post=7181"}],"version-history":[{"count":1,"href":"https:\/\/esbozodeportivo.com\/index.php\/wp-json\/wp\/v2\/posts\/7181\/revisions"}],"predecessor-version":[{"id":7184,"href":"https:\/\/esbozodeportivo.com\/index.php\/wp-json\/wp\/v2\/posts\/7181\/revisions\/7184"}],"wp:featuredmedia":[{"embeddable":true,"href":"https:\/\/esbozodeportivo.com\/index.php\/wp-json\/wp\/v2\/media\/7183"}],"wp:attachment":[{"href":"https:\/\/esbozodeportivo.com\/index.php\/wp-json\/wp\/v2\/media?parent=7181"}],"wp:term":[{"taxonomy":"category","embeddable":true,"href":"https:\/\/esbozodeportivo.com\/index.php\/wp-json\/wp\/v2\/categories?post=7181"},{"taxonomy":"post_tag","embeddable":true,"href":"https:\/\/esbozodeportivo.com\/index.php\/wp-json\/wp\/v2\/tags?post=7181"}],"curies":[{"name":"wp","href":"https:\/\/api.w.org\/{rel}","templated":true}]}}