{"id":7191,"date":"2025-05-10T20:43:20","date_gmt":"2025-05-11T02:43:20","guid":{"rendered":"https:\/\/esbozodeportivo.com\/?p=7191"},"modified":"2025-05-10T20:43:20","modified_gmt":"2025-05-11T02:43:20","slug":"el-quarterback-derek-carr-anuncio-su-retiro","status":"publish","type":"post","link":"https:\/\/esbozodeportivo.com\/index.php\/2025\/05\/10\/el-quarterback-derek-carr-anuncio-su-retiro\/","title":{"rendered":"El quarterback Derek Carr anunci\u00f3 su retiro"},"content":{"rendered":"\n<p>(Foto: Agencias) <\/p>\n\n\n\n<p><strong>Derek Carr<\/strong>, el veterano quarterback titular de los <strong>Saints de Nueva Orleans<\/strong>, decidi\u00f3 retirarse debido a un desgarro del labrum en su hombro derecho y \u201ccambios degenerativos significativos\u201d en su manguito rotador, anunci\u00f3 el equipo el s\u00e1bado.<\/p>\n\n\n\n<p><strong>Carr,<\/strong> de 34 a\u00f1os, ha jugado 11 temporadas como profesionales desde que fue seleccionado de <strong>Fresno State<\/strong> por los entonces <strong>Raiders de Oakland<\/strong> en la segunda ronda del draft de la <strong>NFL<\/strong> del 2014.<\/p>\n\n\n\n<p>Fue adquirido por los <strong>Saints<\/strong> como agente libre en 2023, pero tuvo resultados mixtos en <strong>Nueva Orleans<\/strong>, logrando un r\u00e9cord de 14-13 como titular mientras lidiaba con lesiones en el oblicuo, la mano y la cabeza que le hicieron perderse siete juegos la temporada pasada.<\/p>\n\n\n\n<p><strong>Carr<\/strong>, quien estaba a punto de entrar en el tercer a\u00f1o de un contrato de cuatro a\u00f1os por 150 millones de d\u00f3lares, experiment\u00f3 un dolor inesperado en su hombro de lanzar cuando comenz\u00f3 a intensificar su entrenamiento esta temporada baja, lo que llev\u00f3 a su diagn\u00f3stico que termin\u00f3 acortando su carrera.<\/p>\n\n\n\n<p>Los <strong>Saints <\/strong>reconocieron la lesi\u00f3n de <strong>Carr<\/strong> hasta el d\u00eda previo al draft. <strong>Carr <\/strong>no habl\u00f3 p\u00fablicamente sobre la lesi\u00f3n hasta unos d\u00edas despu\u00e9s, cuando dio un serm\u00f3n como invitado en una iglesia de <strong>Las Vegas<\/strong>. En ese serm\u00f3n, <strong>Carr <\/strong>dijo que sus cr\u00edticos estaban \u201cmintiendo\u201d sobre \u00e9l cuando cuestionaron el momento inusual de la lesi\u00f3n, as\u00ed como la reticencia inicial tanto del equipo como de <strong>Carr <\/strong>para abordarla abiertamente o responder preguntas al respecto.<\/p>\n\n\n\n<p><strong>Carr<\/strong> se retira con 41.245 yardas por pase, 257 touchdowns y 112 intercepciones. Se va con un r\u00e9cord de 77-92 como titular sin haber ganado nunca un juego de playoffs.<\/p>\n\n\n\n<p><strong>Carr<\/strong> dijo que tom\u00f3 la decisi\u00f3n en consulta con su esposa, <strong>Heather,<\/strong> y \u201ctras reflexionar en oraci\u00f3n\u201d.<\/p>\n\n\n\n<p>\u201cDurante m\u00e1s de 11 a\u00f1os, hemos sido incre\u00edblemente bendecidos, y estamos eternamente agradecidos y honrados por esta experiencia\u201d, dijo <strong>Carr<\/strong>. \u201cEs dif\u00edcil encontrar las palabras adecuadas para expresar nuestro agradecimiento a todos los compa\u00f1eros de equipo, entrenadores, directivos, propietarios, funcionarios del equipo y especialmente a los aficionados que hicieron este viaje tan especial\u201d.<\/p>\n\n\n\n<p>La retirada de <strong>Carr <\/strong>se produce despu\u00e9s de que <strong>Nueva Orleans<\/strong> utiliz\u00f3 una selecci\u00f3n alta de segunda ronda del draft para elegir a <strong>Tyler Shough<\/strong> de Louisville como un posible futuro quarterback titular, aunque a\u00fan est\u00e1 por verse cu\u00e1n r\u00e1pido puede estar listo para asumir como titular.<\/p>\n\n\n\n<p>Otros mariscales de campo en la plantilla de los <strong>Saints<\/strong> incluyen al profesional de segundo a\u00f1o <strong>Spencer Rattler<\/strong> y a <strong>Jake Haener<\/strong>, quien inicia su tercer a\u00f1o. Los dos tienen una victoria en siete juegos la temporada pasada, seis de los cuales <strong>Rattler<\/strong> fue titular.<\/p>\n\n\n\n<p><\/p>\n","protected":false},"excerpt":{"rendered":"<p>(Foto: Agencias) Derek Carr, el veterano quarterback titular de los Saints de Nueva Orleans, decidi\u00f3<\/p>\n","protected":false},"author":4,"featured_media":7192,"comment_status":"closed","ping_status":"open","sticky":false,"template":"","format":"standard","meta":{"_jetpack_memberships_contains_paid_content":false,"footnotes":""},"categories":[6],"tags":[],"class_list":["post-7191","post","type-post","status-publish","format-standard","has-post-thumbnail","hentry","category-nfl"],"yoast_head":"<!-- This site is optimized with the Yoast SEO plugin v25.7 - https:\/\/yoast.com\/wordpress\/plugins\/seo\/ -->\n<title>El quarterback Derek Carr anunci\u00f3 su retiro - Esbozo Deportivo<\/title>\n<meta name=\"description\" content=\"Derek Carr, el veterano quarterback titular de los Saints de Nueva Orleans, decidi\u00f3 retirarse debido a un desgarro del labrum en su hombro derecho y \u201ccambios degenerativos significativos\u201d en su manguito rotador, anunci\u00f3 el equipo el s\u00e1bado.\" \/>\n<meta name=\"robots\" content=\"index, follow, max-snippet:-1, max-image-preview:large, max-video-preview:-1\" \/>\n<link rel=\"canonical\" href=\"https:\/\/esbozodeportivo.com\/index.php\/2025\/05\/10\/el-quarterback-derek-carr-anuncio-su-retiro\/\" \/>\n<meta property=\"og:locale\" content=\"es_MX\" \/>\n<meta property=\"og:type\" content=\"article\" \/>\n<meta property=\"og:title\" content=\"El quarterback Derek Carr anunci\u00f3 su retiro - Esbozo Deportivo\" \/>\n<meta property=\"og:description\" content=\"Derek Carr, el veterano quarterback titular de los Saints de Nueva Orleans, decidi\u00f3 retirarse debido a un desgarro del labrum en su hombro derecho y \u201ccambios degenerativos significativos\u201d en su manguito rotador, anunci\u00f3 el equipo el s\u00e1bado.\" \/>\n<meta property=\"og:url\" content=\"https:\/\/esbozodeportivo.com\/index.php\/2025\/05\/10\/el-quarterback-derek-carr-anuncio-su-retiro\/\" \/>\n<meta property=\"og:site_name\" content=\"Esbozo Deportivo\" \/>\n<meta property=\"article:published_time\" content=\"2025-05-11T02:43:20+00:00\" \/>\n<meta property=\"og:image\" content=\"https:\/\/esbozodeportivo.com\/wp-content\/uploads\/2025\/05\/Americano-se-retira.jpg\" \/>\n\t<meta property=\"og:image:width\" content=\"1440\" \/>\n\t<meta property=\"og:image:height\" content=\"960\" \/>\n\t<meta property=\"og:image:type\" content=\"image\/jpeg\" \/>\n<meta name=\"author\" content=\"Redacci\u00f3n\" \/>\n<meta name=\"twitter:card\" content=\"summary_large_image\" \/>\n<meta name=\"twitter:label1\" content=\"Escrito por\" \/>\n\t<meta name=\"twitter:data1\" content=\"Redacci\u00f3n\" \/>\n\t<meta name=\"twitter:label2\" content=\"Tiempo de lectura\" \/>\n\t<meta name=\"twitter:data2\" content=\"3 minutos\" \/>\n<script type=\"application\/ld+json\" class=\"yoast-schema-graph\">{\"@context\":\"https:\/\/schema.org\",\"@graph\":[{\"@type\":\"Article\",\"@id\":\"https:\/\/esbozodeportivo.com\/index.php\/2025\/05\/10\/el-quarterback-derek-carr-anuncio-su-retiro\/#article\",\"isPartOf\":{\"@id\":\"https:\/\/esbozodeportivo.com\/index.php\/2025\/05\/10\/el-quarterback-derek-carr-anuncio-su-retiro\/\"},\"author\":{\"name\":\"Redacci\u00f3n\",\"@id\":\"https:\/\/esbozodeportivo.com\/#\/schema\/person\/0f6df9196dfe6740dd0bb31bae50d374\"},\"headline\":\"El quarterback Derek Carr anunci\u00f3 su retiro\",\"datePublished\":\"2025-05-11T02:43:20+00:00\",\"mainEntityOfPage\":{\"@id\":\"https:\/\/esbozodeportivo.com\/index.php\/2025\/05\/10\/el-quarterback-derek-carr-anuncio-su-retiro\/\"},\"wordCount\":466,\"publisher\":{\"@id\":\"https:\/\/esbozodeportivo.com\/#organization\"},\"image\":{\"@id\":\"https:\/\/esbozodeportivo.com\/index.php\/2025\/05\/10\/el-quarterback-derek-carr-anuncio-su-retiro\/#primaryimage\"},\"thumbnailUrl\":\"https:\/\/esbozodeportivo.com\/wp-content\/uploads\/2025\/05\/Americano-se-retira.jpg\",\"articleSection\":[\"NFL\"],\"inLanguage\":\"es\"},{\"@type\":\"WebPage\",\"@id\":\"https:\/\/esbozodeportivo.com\/index.php\/2025\/05\/10\/el-quarterback-derek-carr-anuncio-su-retiro\/\",\"url\":\"https:\/\/esbozodeportivo.com\/index.php\/2025\/05\/10\/el-quarterback-derek-carr-anuncio-su-retiro\/\",\"name\":\"El quarterback Derek Carr anunci\u00f3 su retiro - Esbozo Deportivo\",\"isPartOf\":{\"@id\":\"https:\/\/esbozodeportivo.com\/#website\"},\"primaryImageOfPage\":{\"@id\":\"https:\/\/esbozodeportivo.com\/index.php\/2025\/05\/10\/el-quarterback-derek-carr-anuncio-su-retiro\/#primaryimage\"},\"image\":{\"@id\":\"https:\/\/esbozodeportivo.com\/index.php\/2025\/05\/10\/el-quarterback-derek-carr-anuncio-su-retiro\/#primaryimage\"},\"thumbnailUrl\":\"https:\/\/esbozodeportivo.com\/wp-content\/uploads\/2025\/05\/Americano-se-retira.jpg\",\"datePublished\":\"2025-05-11T02:43:20+00:00\",\"description\":\"Derek Carr, el veterano quarterback titular de los Saints de Nueva Orleans, decidi\u00f3 retirarse debido a un desgarro del labrum en su hombro derecho y \u201ccambios degenerativos significativos\u201d en su manguito rotador, anunci\u00f3 el equipo el s\u00e1bado.\",\"breadcrumb\":{\"@id\":\"https:\/\/esbozodeportivo.com\/index.php\/2025\/05\/10\/el-quarterback-derek-carr-anuncio-su-retiro\/#breadcrumb\"},\"inLanguage\":\"es\",\"potentialAction\":[{\"@type\":\"ReadAction\",\"target\":[\"https:\/\/esbozodeportivo.com\/index.php\/2025\/05\/10\/el-quarterback-derek-carr-anuncio-su-retiro\/\"]}]},{\"@type\":\"ImageObject\",\"inLanguage\":\"es\",\"@id\":\"https:\/\/esbozodeportivo.com\/index.php\/2025\/05\/10\/el-quarterback-derek-carr-anuncio-su-retiro\/#primaryimage\",\"url\":\"https:\/\/esbozodeportivo.com\/wp-content\/uploads\/2025\/05\/Americano-se-retira.jpg\",\"contentUrl\":\"https:\/\/esbozodeportivo.com\/wp-content\/uploads\/2025\/05\/Americano-se-retira.jpg\",\"width\":1440,\"height\":960},{\"@type\":\"BreadcrumbList\",\"@id\":\"https:\/\/esbozodeportivo.com\/index.php\/2025\/05\/10\/el-quarterback-derek-carr-anuncio-su-retiro\/#breadcrumb\",\"itemListElement\":[{\"@type\":\"ListItem\",\"position\":1,\"name\":\"Inicio\",\"item\":\"https:\/\/esbozodeportivo.com\/\"},{\"@type\":\"ListItem\",\"position\":2,\"name\":\"El quarterback Derek Carr anunci\u00f3 su retiro\"}]},{\"@type\":\"WebSite\",\"@id\":\"https:\/\/esbozodeportivo.com\/#website\",\"url\":\"https:\/\/esbozodeportivo.com\/\",\"name\":\"Esbozo Deportivo\",\"description\":\"Lo m\u00e1s importante del Deporte\",\"publisher\":{\"@id\":\"https:\/\/esbozodeportivo.com\/#organization\"},\"potentialAction\":[{\"@type\":\"SearchAction\",\"target\":{\"@type\":\"EntryPoint\",\"urlTemplate\":\"https:\/\/esbozodeportivo.com\/?s={search_term_string}\"},\"query-input\":{\"@type\":\"PropertyValueSpecification\",\"valueRequired\":true,\"valueName\":\"search_term_string\"}}],\"inLanguage\":\"es\"},{\"@type\":\"Organization\",\"@id\":\"https:\/\/esbozodeportivo.com\/#organization\",\"name\":\"Esbozo Deportivo\",\"url\":\"https:\/\/esbozodeportivo.com\/\",\"logo\":{\"@type\":\"ImageObject\",\"inLanguage\":\"es\",\"@id\":\"https:\/\/esbozodeportivo.com\/#\/schema\/logo\/image\/\",\"url\":\"https:\/\/esbozodeportivo.com\/wp-content\/uploads\/2022\/08\/cropped-Logo-Esbozo-Web-2.png\",\"contentUrl\":\"https:\/\/esbozodeportivo.com\/wp-content\/uploads\/2022\/08\/cropped-Logo-Esbozo-Web-2.png\",\"width\":180,\"height\":50,\"caption\":\"Esbozo Deportivo\"},\"image\":{\"@id\":\"https:\/\/esbozodeportivo.com\/#\/schema\/logo\/image\/\"}},{\"@type\":\"Person\",\"@id\":\"https:\/\/esbozodeportivo.com\/#\/schema\/person\/0f6df9196dfe6740dd0bb31bae50d374\",\"name\":\"Redacci\u00f3n\",\"image\":{\"@type\":\"ImageObject\",\"inLanguage\":\"es\",\"@id\":\"https:\/\/esbozodeportivo.com\/#\/schema\/person\/image\/\",\"url\":\"https:\/\/secure.gravatar.com\/avatar\/f55268a89c3b418f2ef172ff52ab0d09b3e653c58de29539fe329fb93d78ebf3?s=96&d=mm&r=g\",\"contentUrl\":\"https:\/\/secure.gravatar.com\/avatar\/f55268a89c3b418f2ef172ff52ab0d09b3e653c58de29539fe329fb93d78ebf3?s=96&d=mm&r=g\",\"caption\":\"Redacci\u00f3n\"},\"url\":\"https:\/\/esbozodeportivo.com\/index.php\/author\/redaccion\/\"}]}<\/script>\n<!-- \/ Yoast SEO plugin. -->","yoast_head_json":{"title":"El quarterback Derek Carr anunci\u00f3 su retiro - Esbozo Deportivo","description":"Derek Carr, el veterano quarterback titular de los Saints de Nueva Orleans, decidi\u00f3 retirarse debido a un desgarro del labrum en su hombro derecho y \u201ccambios degenerativos significativos\u201d en su manguito rotador, anunci\u00f3 el equipo el s\u00e1bado.","robots":{"index":"index","follow":"follow","max-snippet":"max-snippet:-1","max-image-preview":"max-image-preview:large","max-video-preview":"max-video-preview:-1"},"canonical":"https:\/\/esbozodeportivo.com\/index.php\/2025\/05\/10\/el-quarterback-derek-carr-anuncio-su-retiro\/","og_locale":"es_MX","og_type":"article","og_title":"El quarterback Derek Carr anunci\u00f3 su retiro - Esbozo Deportivo","og_description":"Derek Carr, el veterano quarterback titular de los Saints de Nueva Orleans, decidi\u00f3 retirarse debido a un desgarro del labrum en su hombro derecho y \u201ccambios degenerativos significativos\u201d en su manguito rotador, anunci\u00f3 el equipo el s\u00e1bado.","og_url":"https:\/\/esbozodeportivo.com\/index.php\/2025\/05\/10\/el-quarterback-derek-carr-anuncio-su-retiro\/","og_site_name":"Esbozo Deportivo","article_published_time":"2025-05-11T02:43:20+00:00","og_image":[{"width":1440,"height":960,"url":"https:\/\/esbozodeportivo.com\/wp-content\/uploads\/2025\/05\/Americano-se-retira.jpg","type":"image\/jpeg"}],"author":"Redacci\u00f3n","twitter_card":"summary_large_image","twitter_misc":{"Escrito por":"Redacci\u00f3n","Tiempo de lectura":"3 minutos"},"schema":{"@context":"https:\/\/schema.org","@graph":[{"@type":"Article","@id":"https:\/\/esbozodeportivo.com\/index.php\/2025\/05\/10\/el-quarterback-derek-carr-anuncio-su-retiro\/#article","isPartOf":{"@id":"https:\/\/esbozodeportivo.com\/index.php\/2025\/05\/10\/el-quarterback-derek-carr-anuncio-su-retiro\/"},"author":{"name":"Redacci\u00f3n","@id":"https:\/\/esbozodeportivo.com\/#\/schema\/person\/0f6df9196dfe6740dd0bb31bae50d374"},"headline":"El quarterback Derek Carr anunci\u00f3 su retiro","datePublished":"2025-05-11T02:43:20+00:00","mainEntityOfPage":{"@id":"https:\/\/esbozodeportivo.com\/index.php\/2025\/05\/10\/el-quarterback-derek-carr-anuncio-su-retiro\/"},"wordCount":466,"publisher":{"@id":"https:\/\/esbozodeportivo.com\/#organization"},"image":{"@id":"https:\/\/esbozodeportivo.com\/index.php\/2025\/05\/10\/el-quarterback-derek-carr-anuncio-su-retiro\/#primaryimage"},"thumbnailUrl":"https:\/\/esbozodeportivo.com\/wp-content\/uploads\/2025\/05\/Americano-se-retira.jpg","articleSection":["NFL"],"inLanguage":"es"},{"@type":"WebPage","@id":"https:\/\/esbozodeportivo.com\/index.php\/2025\/05\/10\/el-quarterback-derek-carr-anuncio-su-retiro\/","url":"https:\/\/esbozodeportivo.com\/index.php\/2025\/05\/10\/el-quarterback-derek-carr-anuncio-su-retiro\/","name":"El quarterback Derek Carr anunci\u00f3 su retiro - Esbozo Deportivo","isPartOf":{"@id":"https:\/\/esbozodeportivo.com\/#website"},"primaryImageOfPage":{"@id":"https:\/\/esbozodeportivo.com\/index.php\/2025\/05\/10\/el-quarterback-derek-carr-anuncio-su-retiro\/#primaryimage"},"image":{"@id":"https:\/\/esbozodeportivo.com\/index.php\/2025\/05\/10\/el-quarterback-derek-carr-anuncio-su-retiro\/#primaryimage"},"thumbnailUrl":"https:\/\/esbozodeportivo.com\/wp-content\/uploads\/2025\/05\/Americano-se-retira.jpg","datePublished":"2025-05-11T02:43:20+00:00","description":"Derek Carr, el veterano quarterback titular de los Saints de Nueva Orleans, decidi\u00f3 retirarse debido a un desgarro del labrum en su hombro derecho y \u201ccambios degenerativos significativos\u201d en su manguito rotador, anunci\u00f3 el equipo el s\u00e1bado.","breadcrumb":{"@id":"https:\/\/esbozodeportivo.com\/index.php\/2025\/05\/10\/el-quarterback-derek-carr-anuncio-su-retiro\/#breadcrumb"},"inLanguage":"es","potentialAction":[{"@type":"ReadAction","target":["https:\/\/esbozodeportivo.com\/index.php\/2025\/05\/10\/el-quarterback-derek-carr-anuncio-su-retiro\/"]}]},{"@type":"ImageObject","inLanguage":"es","@id":"https:\/\/esbozodeportivo.com\/index.php\/2025\/05\/10\/el-quarterback-derek-carr-anuncio-su-retiro\/#primaryimage","url":"https:\/\/esbozodeportivo.com\/wp-content\/uploads\/2025\/05\/Americano-se-retira.jpg","contentUrl":"https:\/\/esbozodeportivo.com\/wp-content\/uploads\/2025\/05\/Americano-se-retira.jpg","width":1440,"height":960},{"@type":"BreadcrumbList","@id":"https:\/\/esbozodeportivo.com\/index.php\/2025\/05\/10\/el-quarterback-derek-carr-anuncio-su-retiro\/#breadcrumb","itemListElement":[{"@type":"ListItem","position":1,"name":"Inicio","item":"https:\/\/esbozodeportivo.com\/"},{"@type":"ListItem","position":2,"name":"El quarterback Derek Carr anunci\u00f3 su retiro"}]},{"@type":"WebSite","@id":"https:\/\/esbozodeportivo.com\/#website","url":"https:\/\/esbozodeportivo.com\/","name":"Esbozo Deportivo","description":"Lo m\u00e1s importante del Deporte","publisher":{"@id":"https:\/\/esbozodeportivo.com\/#organization"},"potentialAction":[{"@type":"SearchAction","target":{"@type":"EntryPoint","urlTemplate":"https:\/\/esbozodeportivo.com\/?s={search_term_string}"},"query-input":{"@type":"PropertyValueSpecification","valueRequired":true,"valueName":"search_term_string"}}],"inLanguage":"es"},{"@type":"Organization","@id":"https:\/\/esbozodeportivo.com\/#organization","name":"Esbozo Deportivo","url":"https:\/\/esbozodeportivo.com\/","logo":{"@type":"ImageObject","inLanguage":"es","@id":"https:\/\/esbozodeportivo.com\/#\/schema\/logo\/image\/","url":"https:\/\/esbozodeportivo.com\/wp-content\/uploads\/2022\/08\/cropped-Logo-Esbozo-Web-2.png","contentUrl":"https:\/\/esbozodeportivo.com\/wp-content\/uploads\/2022\/08\/cropped-Logo-Esbozo-Web-2.png","width":180,"height":50,"caption":"Esbozo Deportivo"},"image":{"@id":"https:\/\/esbozodeportivo.com\/#\/schema\/logo\/image\/"}},{"@type":"Person","@id":"https:\/\/esbozodeportivo.com\/#\/schema\/person\/0f6df9196dfe6740dd0bb31bae50d374","name":"Redacci\u00f3n","image":{"@type":"ImageObject","inLanguage":"es","@id":"https:\/\/esbozodeportivo.com\/#\/schema\/person\/image\/","url":"https:\/\/secure.gravatar.com\/avatar\/f55268a89c3b418f2ef172ff52ab0d09b3e653c58de29539fe329fb93d78ebf3?s=96&d=mm&r=g","contentUrl":"https:\/\/secure.gravatar.com\/avatar\/f55268a89c3b418f2ef172ff52ab0d09b3e653c58de29539fe329fb93d78ebf3?s=96&d=mm&r=g","caption":"Redacci\u00f3n"},"url":"https:\/\/esbozodeportivo.com\/index.php\/author\/redaccion\/"}]}},"jetpack_featured_media_url":"https:\/\/esbozodeportivo.com\/wp-content\/uploads\/2025\/05\/Americano-se-retira.jpg","jetpack_sharing_enabled":true,"_links":{"self":[{"href":"https:\/\/esbozodeportivo.com\/index.php\/wp-json\/wp\/v2\/posts\/7191","targetHints":{"allow":["GET"]}}],"collection":[{"href":"https:\/\/esbozodeportivo.com\/index.php\/wp-json\/wp\/v2\/posts"}],"about":[{"href":"https:\/\/esbozodeportivo.com\/index.php\/wp-json\/wp\/v2\/types\/post"}],"author":[{"embeddable":true,"href":"https:\/\/esbozodeportivo.com\/index.php\/wp-json\/wp\/v2\/users\/4"}],"replies":[{"embeddable":true,"href":"https:\/\/esbozodeportivo.com\/index.php\/wp-json\/wp\/v2\/comments?post=7191"}],"version-history":[{"count":1,"href":"https:\/\/esbozodeportivo.com\/index.php\/wp-json\/wp\/v2\/posts\/7191\/revisions"}],"predecessor-version":[{"id":7193,"href":"https:\/\/esbozodeportivo.com\/index.php\/wp-json\/wp\/v2\/posts\/7191\/revisions\/7193"}],"wp:featuredmedia":[{"embeddable":true,"href":"https:\/\/esbozodeportivo.com\/index.php\/wp-json\/wp\/v2\/media\/7192"}],"wp:attachment":[{"href":"https:\/\/esbozodeportivo.com\/index.php\/wp-json\/wp\/v2\/media?parent=7191"}],"wp:term":[{"taxonomy":"category","embeddable":true,"href":"https:\/\/esbozodeportivo.com\/index.php\/wp-json\/wp\/v2\/categories?post=7191"},{"taxonomy":"post_tag","embeddable":true,"href":"https:\/\/esbozodeportivo.com\/index.php\/wp-json\/wp\/v2\/tags?post=7191"}],"curies":[{"name":"wp","href":"https:\/\/api.w.org\/{rel}","templated":true}]}}