{"id":7216,"date":"2025-05-11T17:48:33","date_gmt":"2025-05-11T23:48:33","guid":{"rendered":"https:\/\/esbozodeportivo.com\/?p=7216"},"modified":"2025-05-11T17:48:34","modified_gmt":"2025-05-11T23:48:34","slug":"pedersen-recupera-liderato-del-giro","status":"publish","type":"post","link":"https:\/\/esbozodeportivo.com\/index.php\/2025\/05\/11\/pedersen-recupera-liderato-del-giro\/","title":{"rendered":"Pedersen recupera liderato del Giro"},"content":{"rendered":"\n<p>(Foto: Agencias) <\/p>\n\n\n\n<p>Ni siquiera las cabras y un perro pudieron distraer <strong>a Mads Pedersen<\/strong>.<\/p>\n\n\n\n<p>La tercera etapa del <strong>Giro de Italia<\/strong> se desarroll\u00f3 seg\u00fan lo planeado <strong>para Pedersen,<\/strong> quien gan\u00f3 un sprint masivo para recuperar la camiseta rosa de l\u00edder con su segunda victoria en la competencia de este a\u00f1o.<\/p>\n\n\n\n<p><strong>Pedersen<\/strong>, que corre para el equipo <strong>Lidl-Trek<\/strong>, super\u00f3 a <strong>Corbin Strong<\/strong> por media rueda al final de la etapa monta\u00f1osa de <strong>160 kil\u00f3metros<\/strong> (99 millas) que comenz\u00f3 y termin\u00f3 en la ciudad costera albanesa de <strong>Vlore<\/strong>.<\/p>\n\n\n\n<p><strong>Orluis Aula fue tercero<\/strong>.<\/p>\n\n\n\n<p><strong>Pedersen<\/strong> tambi\u00e9n gan\u00f3 la etapa inaugural el viernes, pero vio al favorito <strong>Primoz Roglic,<\/strong> arrebatarle la camiseta rosa el s\u00e1bado.<\/p>\n\n\n\n<p><strong>Pedersen <\/strong>volvi\u00f3 a ponerse de rosa, antes de otras dos etapas de sprint en Italia. El ciclista dan\u00e9s tiene una ventaja de nueve segundos sobre <strong>Roglic<\/strong> y est\u00e1 14 segundos por delante de <strong>Mathias Vacek<\/strong>.<\/p>\n\n\n\n<p>\u201cVaya, tener ya dos victorias de etapa y ahora volver al rosa, eso es exactamente lo que quer\u00edamos hoy\u201d, dijo <strong>Pedersen<\/strong>. \u201cEste era el plan esta ma\u00f1ana\u201d.<\/p>\n\n\n\n<p>\u201cQuer\u00edamos mantener un buen ritmo en la larga subida, controlarla para nosotros mismos y darme la oportunidad de respirar all\u00ed para no tener que pasarme del l\u00edmite. Todos del equipo hicieron un trabajo incre\u00edble en la subida y antes. Y luego se trataba de controlar hasta donde pudi\u00e9ramos\u201d.<\/p>\n\n\n\n<p><strong>Cabra debutante<\/strong><\/p>\n\n\n\n<p>El plan de <strong>Pedersen<\/strong> casi no sali\u00f3 como se esperaba, ya que un perro se cruz\u00f3 la carretera evitando por poco al pelot\u00f3n impulsado por <strong>Lidl-Trek<\/strong>, con poco m\u00e1s de dos kil\u00f3metros restantes.<\/p>\n\n\n\n<p>Antes, varias cabras corrieron por la carretera, con los ciclistas teniendo que esquivarlas para evitarlas y el ciclista neozeland\u00e9s <strong>Dion Smith<\/strong> casi terminando en una zanja.<\/p>\n\n\n\n<p>\u201cPrimera vez con una cabra para m\u00ed&#8221;, dijo <strong>Smith <\/strong>con una risa.<\/p>\n\n\n\n<p>\u201cNo tuve mucho tiempo para pensar, pero pude verlo diez segundos antes, el polic\u00eda tratando de mantenerlas a todas dentro y luego una o dos empezaron a cruzar y no sab\u00eda por d\u00f3nde iba a ir, pero por suerte me mantuve en pie\u201d.<\/p>\n\n\n\n<p><strong>Carrera dejando Albania<\/strong><\/p>\n\n\n\n<p>Fue la \u00faltima de tres etapas en <strong>Albania<\/strong> antes de que el pelot\u00f3n haga el corto traslado a trav\u00e9s del <strong>Adri\u00e1tico<\/strong> hacia la regi\u00f3n italiana de <strong>Puglia,<\/strong> donde la carrera se reanudar\u00e1 el martes despu\u00e9s de un d\u00eda de descanso.<\/p>\n\n\n\n<p>La cuarta etapa recorre gran parte del tal\u00f3n de Italia a lo largo de una ruta mayormente plana de 189 kil\u00f3metros desde el sitio del <strong>Patrimonio Mundial<\/strong> de la <strong>UNESCO<\/strong> de <strong>Alberobello <\/strong>hasta <strong>Lecc<\/strong>e. Deber\u00eda terminar en otro sprint masivo.<\/p>\n\n\n\n<p>La carrera termina en <strong>Roma<\/strong> el uno de junio.<\/p>\n\n\n\n<p><\/p>\n","protected":false},"excerpt":{"rendered":"<p>(Foto: Agencias) Ni siquiera las cabras y un perro pudieron distraer a Mads Pedersen. La<\/p>\n","protected":false},"author":4,"featured_media":7217,"comment_status":"closed","ping_status":"open","sticky":false,"template":"","format":"standard","meta":{"_jetpack_memberships_contains_paid_content":false,"footnotes":""},"categories":[10],"tags":[],"class_list":["post-7216","post","type-post","status-publish","format-standard","has-post-thumbnail","hentry","category-ciclismo"],"yoast_head":"<!-- This site is optimized with the Yoast SEO plugin v25.7 - https:\/\/yoast.com\/wordpress\/plugins\/seo\/ -->\n<title>Pedersen recupera liderato del Giro - Esbozo Deportivo<\/title>\n<meta name=\"description\" content=\"La tercera etapa del Giro de Italia se desarroll\u00f3 seg\u00fan lo planeado para Pedersen, quien gan\u00f3 un sprint masivo para recuperar la camiseta rosa de l\u00edder con su segunda victoria en la competencia de este a\u00f1o.\" \/>\n<meta name=\"robots\" content=\"index, follow, max-snippet:-1, max-image-preview:large, max-video-preview:-1\" \/>\n<link rel=\"canonical\" href=\"https:\/\/esbozodeportivo.com\/index.php\/2025\/05\/11\/pedersen-recupera-liderato-del-giro\/\" \/>\n<meta property=\"og:locale\" content=\"es_MX\" \/>\n<meta property=\"og:type\" content=\"article\" \/>\n<meta property=\"og:title\" content=\"Pedersen recupera liderato del Giro - Esbozo Deportivo\" \/>\n<meta property=\"og:description\" content=\"La tercera etapa del Giro de Italia se desarroll\u00f3 seg\u00fan lo planeado para Pedersen, quien gan\u00f3 un sprint masivo para recuperar la camiseta rosa de l\u00edder con su segunda victoria en la competencia de este a\u00f1o.\" \/>\n<meta property=\"og:url\" content=\"https:\/\/esbozodeportivo.com\/index.php\/2025\/05\/11\/pedersen-recupera-liderato-del-giro\/\" \/>\n<meta property=\"og:site_name\" content=\"Esbozo Deportivo\" \/>\n<meta property=\"article:published_time\" content=\"2025-05-11T23:48:33+00:00\" \/>\n<meta property=\"article:modified_time\" content=\"2025-05-11T23:48:34+00:00\" \/>\n<meta property=\"og:image\" content=\"https:\/\/esbozodeportivo.com\/wp-content\/uploads\/2025\/05\/Giro-de-Italia.jpg\" \/>\n\t<meta property=\"og:image:width\" content=\"980\" \/>\n\t<meta property=\"og:image:height\" content=\"653\" \/>\n\t<meta property=\"og:image:type\" content=\"image\/jpeg\" \/>\n<meta name=\"author\" content=\"Redacci\u00f3n\" \/>\n<meta name=\"twitter:card\" content=\"summary_large_image\" \/>\n<meta name=\"twitter:label1\" content=\"Escrito por\" \/>\n\t<meta name=\"twitter:data1\" content=\"Redacci\u00f3n\" \/>\n\t<meta name=\"twitter:label2\" content=\"Tiempo de lectura\" \/>\n\t<meta name=\"twitter:data2\" content=\"3 minutos\" \/>\n<script type=\"application\/ld+json\" class=\"yoast-schema-graph\">{\"@context\":\"https:\/\/schema.org\",\"@graph\":[{\"@type\":\"Article\",\"@id\":\"https:\/\/esbozodeportivo.com\/index.php\/2025\/05\/11\/pedersen-recupera-liderato-del-giro\/#article\",\"isPartOf\":{\"@id\":\"https:\/\/esbozodeportivo.com\/index.php\/2025\/05\/11\/pedersen-recupera-liderato-del-giro\/\"},\"author\":{\"name\":\"Redacci\u00f3n\",\"@id\":\"https:\/\/esbozodeportivo.com\/#\/schema\/person\/0f6df9196dfe6740dd0bb31bae50d374\"},\"headline\":\"Pedersen recupera liderato del Giro\",\"datePublished\":\"2025-05-11T23:48:33+00:00\",\"dateModified\":\"2025-05-11T23:48:34+00:00\",\"mainEntityOfPage\":{\"@id\":\"https:\/\/esbozodeportivo.com\/index.php\/2025\/05\/11\/pedersen-recupera-liderato-del-giro\/\"},\"wordCount\":459,\"publisher\":{\"@id\":\"https:\/\/esbozodeportivo.com\/#organization\"},\"image\":{\"@id\":\"https:\/\/esbozodeportivo.com\/index.php\/2025\/05\/11\/pedersen-recupera-liderato-del-giro\/#primaryimage\"},\"thumbnailUrl\":\"https:\/\/esbozodeportivo.com\/wp-content\/uploads\/2025\/05\/Giro-de-Italia.jpg\",\"articleSection\":[\"Ciclismo\"],\"inLanguage\":\"es\"},{\"@type\":\"WebPage\",\"@id\":\"https:\/\/esbozodeportivo.com\/index.php\/2025\/05\/11\/pedersen-recupera-liderato-del-giro\/\",\"url\":\"https:\/\/esbozodeportivo.com\/index.php\/2025\/05\/11\/pedersen-recupera-liderato-del-giro\/\",\"name\":\"Pedersen recupera liderato del Giro - Esbozo Deportivo\",\"isPartOf\":{\"@id\":\"https:\/\/esbozodeportivo.com\/#website\"},\"primaryImageOfPage\":{\"@id\":\"https:\/\/esbozodeportivo.com\/index.php\/2025\/05\/11\/pedersen-recupera-liderato-del-giro\/#primaryimage\"},\"image\":{\"@id\":\"https:\/\/esbozodeportivo.com\/index.php\/2025\/05\/11\/pedersen-recupera-liderato-del-giro\/#primaryimage\"},\"thumbnailUrl\":\"https:\/\/esbozodeportivo.com\/wp-content\/uploads\/2025\/05\/Giro-de-Italia.jpg\",\"datePublished\":\"2025-05-11T23:48:33+00:00\",\"dateModified\":\"2025-05-11T23:48:34+00:00\",\"description\":\"La tercera etapa del Giro de Italia se desarroll\u00f3 seg\u00fan lo planeado para Pedersen, quien gan\u00f3 un sprint masivo para recuperar la camiseta rosa de l\u00edder con su segunda victoria en la competencia de este a\u00f1o.\",\"breadcrumb\":{\"@id\":\"https:\/\/esbozodeportivo.com\/index.php\/2025\/05\/11\/pedersen-recupera-liderato-del-giro\/#breadcrumb\"},\"inLanguage\":\"es\",\"potentialAction\":[{\"@type\":\"ReadAction\",\"target\":[\"https:\/\/esbozodeportivo.com\/index.php\/2025\/05\/11\/pedersen-recupera-liderato-del-giro\/\"]}]},{\"@type\":\"ImageObject\",\"inLanguage\":\"es\",\"@id\":\"https:\/\/esbozodeportivo.com\/index.php\/2025\/05\/11\/pedersen-recupera-liderato-del-giro\/#primaryimage\",\"url\":\"https:\/\/esbozodeportivo.com\/wp-content\/uploads\/2025\/05\/Giro-de-Italia.jpg\",\"contentUrl\":\"https:\/\/esbozodeportivo.com\/wp-content\/uploads\/2025\/05\/Giro-de-Italia.jpg\",\"width\":980,\"height\":653},{\"@type\":\"BreadcrumbList\",\"@id\":\"https:\/\/esbozodeportivo.com\/index.php\/2025\/05\/11\/pedersen-recupera-liderato-del-giro\/#breadcrumb\",\"itemListElement\":[{\"@type\":\"ListItem\",\"position\":1,\"name\":\"Inicio\",\"item\":\"https:\/\/esbozodeportivo.com\/\"},{\"@type\":\"ListItem\",\"position\":2,\"name\":\"Pedersen recupera liderato del Giro\"}]},{\"@type\":\"WebSite\",\"@id\":\"https:\/\/esbozodeportivo.com\/#website\",\"url\":\"https:\/\/esbozodeportivo.com\/\",\"name\":\"Esbozo Deportivo\",\"description\":\"Lo m\u00e1s importante del Deporte\",\"publisher\":{\"@id\":\"https:\/\/esbozodeportivo.com\/#organization\"},\"potentialAction\":[{\"@type\":\"SearchAction\",\"target\":{\"@type\":\"EntryPoint\",\"urlTemplate\":\"https:\/\/esbozodeportivo.com\/?s={search_term_string}\"},\"query-input\":{\"@type\":\"PropertyValueSpecification\",\"valueRequired\":true,\"valueName\":\"search_term_string\"}}],\"inLanguage\":\"es\"},{\"@type\":\"Organization\",\"@id\":\"https:\/\/esbozodeportivo.com\/#organization\",\"name\":\"Esbozo Deportivo\",\"url\":\"https:\/\/esbozodeportivo.com\/\",\"logo\":{\"@type\":\"ImageObject\",\"inLanguage\":\"es\",\"@id\":\"https:\/\/esbozodeportivo.com\/#\/schema\/logo\/image\/\",\"url\":\"https:\/\/esbozodeportivo.com\/wp-content\/uploads\/2022\/08\/cropped-Logo-Esbozo-Web-2.png\",\"contentUrl\":\"https:\/\/esbozodeportivo.com\/wp-content\/uploads\/2022\/08\/cropped-Logo-Esbozo-Web-2.png\",\"width\":180,\"height\":50,\"caption\":\"Esbozo Deportivo\"},\"image\":{\"@id\":\"https:\/\/esbozodeportivo.com\/#\/schema\/logo\/image\/\"}},{\"@type\":\"Person\",\"@id\":\"https:\/\/esbozodeportivo.com\/#\/schema\/person\/0f6df9196dfe6740dd0bb31bae50d374\",\"name\":\"Redacci\u00f3n\",\"image\":{\"@type\":\"ImageObject\",\"inLanguage\":\"es\",\"@id\":\"https:\/\/esbozodeportivo.com\/#\/schema\/person\/image\/\",\"url\":\"https:\/\/secure.gravatar.com\/avatar\/f55268a89c3b418f2ef172ff52ab0d09b3e653c58de29539fe329fb93d78ebf3?s=96&d=mm&r=g\",\"contentUrl\":\"https:\/\/secure.gravatar.com\/avatar\/f55268a89c3b418f2ef172ff52ab0d09b3e653c58de29539fe329fb93d78ebf3?s=96&d=mm&r=g\",\"caption\":\"Redacci\u00f3n\"},\"url\":\"https:\/\/esbozodeportivo.com\/index.php\/author\/redaccion\/\"}]}<\/script>\n<!-- \/ Yoast SEO plugin. -->","yoast_head_json":{"title":"Pedersen recupera liderato del Giro - Esbozo Deportivo","description":"La tercera etapa del Giro de Italia se desarroll\u00f3 seg\u00fan lo planeado para Pedersen, quien gan\u00f3 un sprint masivo para recuperar la camiseta rosa de l\u00edder con su segunda victoria en la competencia de este a\u00f1o.","robots":{"index":"index","follow":"follow","max-snippet":"max-snippet:-1","max-image-preview":"max-image-preview:large","max-video-preview":"max-video-preview:-1"},"canonical":"https:\/\/esbozodeportivo.com\/index.php\/2025\/05\/11\/pedersen-recupera-liderato-del-giro\/","og_locale":"es_MX","og_type":"article","og_title":"Pedersen recupera liderato del Giro - Esbozo Deportivo","og_description":"La tercera etapa del Giro de Italia se desarroll\u00f3 seg\u00fan lo planeado para Pedersen, quien gan\u00f3 un sprint masivo para recuperar la camiseta rosa de l\u00edder con su segunda victoria en la competencia de este a\u00f1o.","og_url":"https:\/\/esbozodeportivo.com\/index.php\/2025\/05\/11\/pedersen-recupera-liderato-del-giro\/","og_site_name":"Esbozo Deportivo","article_published_time":"2025-05-11T23:48:33+00:00","article_modified_time":"2025-05-11T23:48:34+00:00","og_image":[{"width":980,"height":653,"url":"https:\/\/esbozodeportivo.com\/wp-content\/uploads\/2025\/05\/Giro-de-Italia.jpg","type":"image\/jpeg"}],"author":"Redacci\u00f3n","twitter_card":"summary_large_image","twitter_misc":{"Escrito por":"Redacci\u00f3n","Tiempo de lectura":"3 minutos"},"schema":{"@context":"https:\/\/schema.org","@graph":[{"@type":"Article","@id":"https:\/\/esbozodeportivo.com\/index.php\/2025\/05\/11\/pedersen-recupera-liderato-del-giro\/#article","isPartOf":{"@id":"https:\/\/esbozodeportivo.com\/index.php\/2025\/05\/11\/pedersen-recupera-liderato-del-giro\/"},"author":{"name":"Redacci\u00f3n","@id":"https:\/\/esbozodeportivo.com\/#\/schema\/person\/0f6df9196dfe6740dd0bb31bae50d374"},"headline":"Pedersen recupera liderato del Giro","datePublished":"2025-05-11T23:48:33+00:00","dateModified":"2025-05-11T23:48:34+00:00","mainEntityOfPage":{"@id":"https:\/\/esbozodeportivo.com\/index.php\/2025\/05\/11\/pedersen-recupera-liderato-del-giro\/"},"wordCount":459,"publisher":{"@id":"https:\/\/esbozodeportivo.com\/#organization"},"image":{"@id":"https:\/\/esbozodeportivo.com\/index.php\/2025\/05\/11\/pedersen-recupera-liderato-del-giro\/#primaryimage"},"thumbnailUrl":"https:\/\/esbozodeportivo.com\/wp-content\/uploads\/2025\/05\/Giro-de-Italia.jpg","articleSection":["Ciclismo"],"inLanguage":"es"},{"@type":"WebPage","@id":"https:\/\/esbozodeportivo.com\/index.php\/2025\/05\/11\/pedersen-recupera-liderato-del-giro\/","url":"https:\/\/esbozodeportivo.com\/index.php\/2025\/05\/11\/pedersen-recupera-liderato-del-giro\/","name":"Pedersen recupera liderato del Giro - Esbozo Deportivo","isPartOf":{"@id":"https:\/\/esbozodeportivo.com\/#website"},"primaryImageOfPage":{"@id":"https:\/\/esbozodeportivo.com\/index.php\/2025\/05\/11\/pedersen-recupera-liderato-del-giro\/#primaryimage"},"image":{"@id":"https:\/\/esbozodeportivo.com\/index.php\/2025\/05\/11\/pedersen-recupera-liderato-del-giro\/#primaryimage"},"thumbnailUrl":"https:\/\/esbozodeportivo.com\/wp-content\/uploads\/2025\/05\/Giro-de-Italia.jpg","datePublished":"2025-05-11T23:48:33+00:00","dateModified":"2025-05-11T23:48:34+00:00","description":"La tercera etapa del Giro de Italia se desarroll\u00f3 seg\u00fan lo planeado para Pedersen, quien gan\u00f3 un sprint masivo para recuperar la camiseta rosa de l\u00edder con su segunda victoria en la competencia de este a\u00f1o.","breadcrumb":{"@id":"https:\/\/esbozodeportivo.com\/index.php\/2025\/05\/11\/pedersen-recupera-liderato-del-giro\/#breadcrumb"},"inLanguage":"es","potentialAction":[{"@type":"ReadAction","target":["https:\/\/esbozodeportivo.com\/index.php\/2025\/05\/11\/pedersen-recupera-liderato-del-giro\/"]}]},{"@type":"ImageObject","inLanguage":"es","@id":"https:\/\/esbozodeportivo.com\/index.php\/2025\/05\/11\/pedersen-recupera-liderato-del-giro\/#primaryimage","url":"https:\/\/esbozodeportivo.com\/wp-content\/uploads\/2025\/05\/Giro-de-Italia.jpg","contentUrl":"https:\/\/esbozodeportivo.com\/wp-content\/uploads\/2025\/05\/Giro-de-Italia.jpg","width":980,"height":653},{"@type":"BreadcrumbList","@id":"https:\/\/esbozodeportivo.com\/index.php\/2025\/05\/11\/pedersen-recupera-liderato-del-giro\/#breadcrumb","itemListElement":[{"@type":"ListItem","position":1,"name":"Inicio","item":"https:\/\/esbozodeportivo.com\/"},{"@type":"ListItem","position":2,"name":"Pedersen recupera liderato del Giro"}]},{"@type":"WebSite","@id":"https:\/\/esbozodeportivo.com\/#website","url":"https:\/\/esbozodeportivo.com\/","name":"Esbozo Deportivo","description":"Lo m\u00e1s importante del Deporte","publisher":{"@id":"https:\/\/esbozodeportivo.com\/#organization"},"potentialAction":[{"@type":"SearchAction","target":{"@type":"EntryPoint","urlTemplate":"https:\/\/esbozodeportivo.com\/?s={search_term_string}"},"query-input":{"@type":"PropertyValueSpecification","valueRequired":true,"valueName":"search_term_string"}}],"inLanguage":"es"},{"@type":"Organization","@id":"https:\/\/esbozodeportivo.com\/#organization","name":"Esbozo Deportivo","url":"https:\/\/esbozodeportivo.com\/","logo":{"@type":"ImageObject","inLanguage":"es","@id":"https:\/\/esbozodeportivo.com\/#\/schema\/logo\/image\/","url":"https:\/\/esbozodeportivo.com\/wp-content\/uploads\/2022\/08\/cropped-Logo-Esbozo-Web-2.png","contentUrl":"https:\/\/esbozodeportivo.com\/wp-content\/uploads\/2022\/08\/cropped-Logo-Esbozo-Web-2.png","width":180,"height":50,"caption":"Esbozo Deportivo"},"image":{"@id":"https:\/\/esbozodeportivo.com\/#\/schema\/logo\/image\/"}},{"@type":"Person","@id":"https:\/\/esbozodeportivo.com\/#\/schema\/person\/0f6df9196dfe6740dd0bb31bae50d374","name":"Redacci\u00f3n","image":{"@type":"ImageObject","inLanguage":"es","@id":"https:\/\/esbozodeportivo.com\/#\/schema\/person\/image\/","url":"https:\/\/secure.gravatar.com\/avatar\/f55268a89c3b418f2ef172ff52ab0d09b3e653c58de29539fe329fb93d78ebf3?s=96&d=mm&r=g","contentUrl":"https:\/\/secure.gravatar.com\/avatar\/f55268a89c3b418f2ef172ff52ab0d09b3e653c58de29539fe329fb93d78ebf3?s=96&d=mm&r=g","caption":"Redacci\u00f3n"},"url":"https:\/\/esbozodeportivo.com\/index.php\/author\/redaccion\/"}]}},"jetpack_featured_media_url":"https:\/\/esbozodeportivo.com\/wp-content\/uploads\/2025\/05\/Giro-de-Italia.jpg","jetpack_sharing_enabled":true,"_links":{"self":[{"href":"https:\/\/esbozodeportivo.com\/index.php\/wp-json\/wp\/v2\/posts\/7216","targetHints":{"allow":["GET"]}}],"collection":[{"href":"https:\/\/esbozodeportivo.com\/index.php\/wp-json\/wp\/v2\/posts"}],"about":[{"href":"https:\/\/esbozodeportivo.com\/index.php\/wp-json\/wp\/v2\/types\/post"}],"author":[{"embeddable":true,"href":"https:\/\/esbozodeportivo.com\/index.php\/wp-json\/wp\/v2\/users\/4"}],"replies":[{"embeddable":true,"href":"https:\/\/esbozodeportivo.com\/index.php\/wp-json\/wp\/v2\/comments?post=7216"}],"version-history":[{"count":1,"href":"https:\/\/esbozodeportivo.com\/index.php\/wp-json\/wp\/v2\/posts\/7216\/revisions"}],"predecessor-version":[{"id":7219,"href":"https:\/\/esbozodeportivo.com\/index.php\/wp-json\/wp\/v2\/posts\/7216\/revisions\/7219"}],"wp:featuredmedia":[{"embeddable":true,"href":"https:\/\/esbozodeportivo.com\/index.php\/wp-json\/wp\/v2\/media\/7217"}],"wp:attachment":[{"href":"https:\/\/esbozodeportivo.com\/index.php\/wp-json\/wp\/v2\/media?parent=7216"}],"wp:term":[{"taxonomy":"category","embeddable":true,"href":"https:\/\/esbozodeportivo.com\/index.php\/wp-json\/wp\/v2\/categories?post=7216"},{"taxonomy":"post_tag","embeddable":true,"href":"https:\/\/esbozodeportivo.com\/index.php\/wp-json\/wp\/v2\/tags?post=7216"}],"curies":[{"name":"wp","href":"https:\/\/api.w.org\/{rel}","templated":true}]}}