{"id":7254,"date":"2025-05-13T19:44:16","date_gmt":"2025-05-14T01:44:16","guid":{"rendered":"https:\/\/esbozodeportivo.com\/?p=7254"},"modified":"2025-05-13T19:44:17","modified_gmt":"2025-05-14T01:44:17","slug":"con-grandes-logros-cierra-octavio-villa-su-ciclo-como-presidente-del-club-irlandes-de-raqueta","status":"publish","type":"post","link":"https:\/\/esbozodeportivo.com\/index.php\/2025\/05\/13\/con-grandes-logros-cierra-octavio-villa-su-ciclo-como-presidente-del-club-irlandes-de-raqueta\/","title":{"rendered":"Con grandes logros cierra Octavio Villa su ciclo como presidente del Club Irland\u00e9s de Raqueta"},"content":{"rendered":"\n<p>(Foto: Cortes\u00eda) <\/p>\n\n\n\n<ul class=\"wp-block-list\">\n<li><strong>Lo sustituye Luis Adri\u00e1n G\u00f3mez y lo acompa\u00f1an en la vocal\u00eda de tenis Ricardo Trevi\u00f1o y Luis Beltr\u00e1n Jr.; Gildardo Cort\u00e9s sigue con \u00e9xito como director de tenis<\/strong><\/li>\n<\/ul>\n\n\n\n<p><strong>POR MAURO FLORES LEDESMA<\/strong><\/p>\n\n\n\n<p>El viernes 25 de abril se realiz\u00f3 la Asamblea General de Socios, en el Club Irland\u00e9s de Raqueta, en Huixquilucan, Estado de M\u00e9xico, donde Luis Adri\u00e1n G\u00f3mez, asumi\u00f3 como nuevo presidente del Consejo de Administraci\u00f3n, mientras en la vocal\u00eda de tenis resultaron electos Ricardo Trevi\u00f1o y Luis Beltr\u00e1n Jr., y el profesional Gildardo Cort\u00e9s fue ratificado en la direcci\u00f3n de tenis, cargo que ostenta desde el 2016 en este prestigiado club, que, en la \u00faltima d\u00e9cada, y especialmente, en los \u00faltimos 4 a\u00f1os bajo la direcci\u00f3n de Octavio Villa, se consolido como el mejor club del \u00e1rea conurbada de la ciudad de M\u00e9xico y uno de los mejores del pa\u00eds.<\/p>\n\n\n\n<p>Ubicado en la zona residencial del ayuntamiento de Huixquilucan, una de las zonas de mayor plusval\u00eda y exclusividad en el Valle de M\u00e9xico, el Club Irland\u00e9s de Raqueta marca, en los a\u00f1os recientes, la pauta en la promoci\u00f3n, respaldo y difusi\u00f3n del deporte blanco en nuestro pa\u00eds, adem\u00e1s del desarrollo de tenistas en todos los niveles, por lo que es un ejemplo de lo que un club comprometido puede conseguir con voluntad y esfuerzo y se vislumbra, con Luis Adri\u00e1n G\u00f3mez en la presidencia, que seguir\u00e1 en el camino ascendente.<\/p>\n\n\n\n<figure class=\"wp-block-image size-large\"><img loading=\"lazy\" decoding=\"async\" width=\"1024\" height=\"742\" src=\"https:\/\/esbozodeportivo.com\/wp-content\/uploads\/2025\/05\/Tenis-1-1024x742.jpg\" alt=\"\" class=\"wp-image-7256\" srcset=\"https:\/\/esbozodeportivo.com\/wp-content\/uploads\/2025\/05\/Tenis-1-1024x742.jpg 1024w, https:\/\/esbozodeportivo.com\/wp-content\/uploads\/2025\/05\/Tenis-1-300x217.jpg 300w, https:\/\/esbozodeportivo.com\/wp-content\/uploads\/2025\/05\/Tenis-1-768x557.jpg 768w, https:\/\/esbozodeportivo.com\/wp-content\/uploads\/2025\/05\/Tenis-1.jpg 1210w\" sizes=\"auto, (max-width: 1024px) 100vw, 1024px\" \/><\/figure>\n\n\n\n<p>(Foto: Cortes\u00eda) <\/p>\n\n\n\n<p><strong>EL LEGADO<\/strong><\/p>\n\n\n\n<p>Cuando hablamos del impulso al deporte blanco tenemos que referirnos, sin duda, al Club Irland\u00e9s de Raqueta, y en especial a la herencia que dej\u00f3 el Consejo de Administraci\u00f3n que presidi\u00f3 Octavio Villa desde el a\u00f1o 2021, quien acompa\u00f1ado por el fuerte respaldo que le concedi\u00f3 su consejo, incluido el entonces vocal de tenis, Ricardo Aguilar Caballero, el director de tenis Gildardo Cort\u00e9s y todo el grupo de profesionales y atajadores del club, consigui\u00f3 elevar estas bellas instalaciones a lo m\u00e1s excelso y ponerlas en los ojos del mundo.<\/p>\n\n\n\n<p>Fundado hace m\u00e1s 45 a\u00f1os, con un n\u00famero de alrededor de 2000 socios, el Club Irland\u00e9s de Raqueta es reconocido a nivel nacional e internacional por ser sede de diversas competencias de tenis en las diferentes categor\u00edas, desde infantiles-juveniles, amateurs, profesionales y torneos masters o de veteranos, en ambas ramas, siempre de la mano de organizaciones como la AMTP (Asociaci\u00f3n Mexicana de Tenis Profesionales), UTR (Universal Tennis Rating); FMT (Federaci\u00f3n Mexicana de Tenis) o Tenis Masters, entre otras.<\/p>\n\n\n\n<p>El Club Irland\u00e9s ha sido sede de una gran cantidad de torneos profesionales AMTP, que contribuyen para darle espacio y actividad a los tenistas mexicanos y a juveniles que quieren dar el salto al profesionalismo.<\/p>\n\n\n\n<figure class=\"wp-block-image size-large\"><img loading=\"lazy\" decoding=\"async\" width=\"1024\" height=\"682\" src=\"https:\/\/esbozodeportivo.com\/wp-content\/uploads\/2025\/05\/Tenis-2-1024x682.jpg\" alt=\"\" class=\"wp-image-7257\" srcset=\"https:\/\/esbozodeportivo.com\/wp-content\/uploads\/2025\/05\/Tenis-2-1024x682.jpg 1024w, https:\/\/esbozodeportivo.com\/wp-content\/uploads\/2025\/05\/Tenis-2-300x200.jpg 300w, https:\/\/esbozodeportivo.com\/wp-content\/uploads\/2025\/05\/Tenis-2-768x512.jpg 768w, https:\/\/esbozodeportivo.com\/wp-content\/uploads\/2025\/05\/Tenis-2.jpg 1144w\" sizes=\"auto, (max-width: 1024px) 100vw, 1024px\" \/><\/figure>\n\n\n\n<p>(Foto: Cortes\u00eda) <\/p>\n\n\n\n<p><strong>NACIONAL DEL MILL\u00d3N<\/strong><\/p>\n\n\n\n<p>Cuando el potosino Manuel S\u00e1nchez conquist\u00f3 su quinta corona individual en el Campeonato Nacional de Primera Fuerza Varonil del 2022, primero que se realizaba en las canchas del Club Irland\u00e9s de Raqueta, tras vencer 6-1, 7-6 (3), 6-2 al veracruzano C\u00e9sar \u201cTibur\u00f3n\u201d Ram\u00edrez, Octavio Villa expuso que se trabajar\u00eda intensamente para conseguir que la bolsa, que ese a\u00f1o fue de 300,000 pesos, se elevara a <strong>UN MILL\u00d3N DE PESOS<\/strong>, con el objetivo de que nuestros mejores tenistas del pa\u00eds obtuvieran un premio que fuera pilar en su desarrollo y en la planeaci\u00f3n de su temporada.<\/p>\n\n\n\n<p>El trabajo fue muy intenso. Octavio Villa, presidente del club y tambi\u00e9n presidente de los empresarios de Huixquilucan, junto con Javier Gait\u00e1n, titular de la AMTP y uno de los m\u00e1s grandes promotores de tenis en M\u00e9xico, contaron con el fuerte respaldo de Francisco Mu\u00f1oz, socio del club, enamorado del tenis y propietario de Punta Brasas. Ellos, junto con el consejo de administraci\u00f3n, Ricardo Aguilar y Gildardo Cort\u00e9s, fueron la punta de lanza y se lanzaron a la conquista de los patrocinadores, consiguiendo para el 2023, en el segundo Campeonato Nacional de Primera Fuerza en el Club Irland\u00e9s, el so\u00f1ado premio de <strong>UN MILL\u00d3N DE PESOS<\/strong>, la bolsa m\u00e1s grande para un torneo de tenistas profesionales mexicanos y, con mucha probabilidad, el \u00fanico en el mundo con esa cantidad para tenistas locales.<\/p>\n\n\n\n<p>En 2023, el guerrerense Alejandro Hern\u00e1ndez se adjudic\u00f3 el t\u00edtulo tras vencer 4-6, 6-1, 6-0, 6-2 al vallartense Gerardo \u201cGerry\u201d L\u00f3pez Villase\u00f1or y se llev\u00f3 un premio de 350,000 pesos de la bolsa, que le dieron el impulso necesario para retomar su carrera. Hoy, Alex Hern\u00e1ndez es la segunda raqueta de M\u00e9xico y ocupa la posici\u00f3n 523 del mundo, muy cerca de su mejor ranking ATP que fue 462 en el 2022, mientras en el 2024, el campe\u00f3n fue el sonorense Alan Rubio, quien en la final super\u00f3 7-6 (2), 6-7 (5), 6-3, 6-2 a Gerardo L\u00f3pez Villase\u00f1or.<\/p>\n\n\n\n<p>El aumento de la bolsa quedar\u00e1 registrado en la historia dorada del tenis mexicano y es un logro que se hizo gracias a la directiva del Club Irland\u00e9s de Raqueta, que encabez\u00f3 Octavio Villa. Una muestra que cuando se quiere y se trabaja con pasi\u00f3n y se tocan puertas, se pueden conseguir la cosas y representa un mensaje impl\u00edcito para todo el tenis de M\u00e9xico.<\/p>\n\n\n\n<p>Este a\u00f1o, el Club irland\u00e9s de Raqueta ser\u00e1 sede nuevamente del Campeonato Nacional de tenis Varonil de Primera Fuerza, con el mismo monto de la bolsa, y ya se trabaja para albergar tambi\u00e9n al Campeonato Nacional Femenil, lo cual resultar\u00eda otra conquista para las y los tenistas de M\u00e9xico, adem\u00e1s del espect\u00e1culo y atractivos colaterales que encierran este tipo de competencias para los usuarios del club y todos los aficionados al deporte blanco.<\/p>\n\n\n\n<p><\/p>\n\n\n\n<figure class=\"wp-block-image size-large\"><img loading=\"lazy\" decoding=\"async\" width=\"1024\" height=\"750\" src=\"https:\/\/esbozodeportivo.com\/wp-content\/uploads\/2025\/05\/Tenis-3-1024x750.jpg\" alt=\"\" class=\"wp-image-7258\" srcset=\"https:\/\/esbozodeportivo.com\/wp-content\/uploads\/2025\/05\/Tenis-3-1024x750.jpg 1024w, https:\/\/esbozodeportivo.com\/wp-content\/uploads\/2025\/05\/Tenis-3-300x220.jpg 300w, https:\/\/esbozodeportivo.com\/wp-content\/uploads\/2025\/05\/Tenis-3-768x563.jpg 768w, https:\/\/esbozodeportivo.com\/wp-content\/uploads\/2025\/05\/Tenis-3.jpg 1357w\" sizes=\"auto, (max-width: 1024px) 100vw, 1024px\" \/><\/figure>\n\n\n\n<p>(Foto: Cortes\u00eda) <\/p>\n\n\n\n<p><strong>INTERNACIONALES<\/strong><\/p>\n\n\n\n<p>El club tambi\u00e9n fue sede de eventos de talla internacional y en sus canchas qued\u00f3 vivo el talento de muchos jugadores mexicanos y extranjeros que propiciaron el aplauso de usuarios y aficionados al tenis. En abril del 2022, fueron testigos del triunfo del griego Michail Pervolarakis en la final del Torneo Internacional UTR-AMTP 25K, al imponerse al Copa Davis mexicano Gerardo \u201cGerry\u201d L\u00f3pez Villase\u00f1or. Pervolarakis es integrante del equipo griego de Copa Davis que encabeza Stefanos Tstisipas y jug\u00f3 tenis colegial para la Universidad de Portland.<\/p>\n\n\n\n<p>En abril del 2023, el Club Irland\u00e9s de Raqueta fue testigo del triunfo del potosino Manuel S\u00e1nchez Montemayor, jugador Copa Davis de M\u00e9xico, en la segunda versi\u00f3n del Torneo Internacional UTR 2023, luego que super\u00f3 en la final 4-6, 7-6 (2), 6-4 al boliviano Federico Zeballos, en una final de alarido que emocion\u00f3 a los aficionados. Zeballos quien entonces ocupaba el sitio 92 del mundo en el ranking de dobles y representa a\u00fan a su pa\u00eds en la m\u00e1xima competencia por equipos.<\/p>\n\n\n\n<p><strong>TENISTAS DE \u00c9LITE<\/strong><\/p>\n\n\n\n<p>La escuela de tenis del Club Irland\u00e9s de Raqueta es digna de enaltecer. Desde su fundaci\u00f3n, el club tuvo la inquietud de formar y desarrollar jugadores de alto nivel, con objetivos claros, entre ellos, conseguir becas tanto en M\u00e9xico como en universidades de Estados Unidos.<\/p>\n\n\n\n<p>La escuela de tenis cuenta con m\u00e1s de 250 chicos entre los 3 y los 20 a\u00f1os, quienes, con base en diversos programas de entrenamiento, seg\u00fan su edad y nivel, han conquistado posiciones en el ranking nacional infantil-juvenil, profesional y masters. Basta observar las listas de la ITF (Federaci\u00f3n Internacional de Tenis) en este \u00faltimo rubro, donde el propio Ricardo Aguilar es el n\u00famero 12 en las listas mundiales ITF en la categor\u00eda de 35 y mayores; Gildardo Cort\u00e9s es 147 del mundo en 45 y m\u00e1s; y Octavio Villa est\u00e1 en el sitio 40 en 50 a\u00f1os y mayores.<\/p>\n\n\n\n<p>Entre los jugadores profesionales que han destacado en los a\u00f1os recientes y que han emigrado a Estados Unidos se cuenta a \u00d3scar \u00c1lvarez, Mauricio Trevi\u00f1o, Edgar L\u00f3pez, Karen \u00c1lvarez, Rafaela Alhach, Alejandro Tamayo, Juan Francisco Mu\u00f1oz y Luis G\u00f3mez, todos en Divisi\u00f3n 1 y 2 del Tenis Colegial y que por supuesto a\u00fan reciben respaldo del club con wild cards para torneos importantes.<\/p>\n\n\n\n<p>Otros destacados profesionales que recibieron becas en universidades del pa\u00eds, como es el caso de Ulises Cort\u00e9s, Rodrigo Trevi\u00f1o, Regina Badillo y Jimena Garc\u00eda, adem\u00e1s de los dos actuales vocales de tenis, Ricardo Trevi\u00f1o y Luis Beltr\u00e1n.<\/p>\n\n\n\n<p><strong>CAPACITACI\u00d3N CONSTANTE<\/strong><\/p>\n\n\n\n<p>Uno de los principales compromisos del Club Irland\u00e9s de Raqueta es la capacitaci\u00f3n para tenistas y entrenadores. Se han tenido cl\u00ednicas con jugadores como C\u00e9sar Ram\u00edrez, Alejandro Hern\u00e1ndez, Maximiliano Est\u00e9vez, Gerardo L\u00f3pez Villase\u00f1or, Manuel S\u00e1nchez y Leonardo Lavalle, entre otros.<\/p>\n\n\n\n<p>Se cont\u00f3 tambi\u00e9n con la presencia del prestigiado preparador f\u00edsico y metod\u00f3logo cubano Armando Salas quien brind\u00f3 sus conocimientos y experiencias a los profesores del club.<\/p>\n\n\n\n<p>A finales del a\u00f1o pasado, el prestigiado entrenador mexicano Nicol\u00e1s Gu\u00edzar, fundador de GTA en Florida, ofreci\u00f3 una cl\u00ednica general para ni\u00f1os del Club Irland\u00e9s e invitados y una pl\u00e1tica a padres e hijos con el tema: \u201cC\u00f3mo llegar a las universidades en Estados Unidos con becas deportivas de tenis\u201d.<\/p>\n\n\n\n<p><strong>CHAMPIONS BOWL<\/strong><\/p>\n\n\n\n<p>El Club irland\u00e9s de Raqueta fue sede de la final nacional de Champ Bowl, que ofreci\u00f3 a los campeones de las categor\u00edas de 9, 10, 11, 12, 13, 14, 15 y 16 a\u00f1os un viaje para representar a M\u00e9xico en las finales mundiales de Champions Bowl, en Antalya, Turqu\u00eda (9 a 14 a\u00f1os) y en Porec, Croacia 15-16 a\u00f1os).<\/p>\n\n\n\n<p>El equipo mexicano de 9 a 14 a\u00f1os viaj\u00f3 a Turqu\u00eda en noviembre del 2024, con 10 jugadores en ambas ramas, varios de ellos del Club Irland\u00e9s de Raqueta, donde Gildardo Cort\u00e9s los acompa\u00f1\u00f3 en calidad de entrenador y con Javier Gait\u00e1n Estrada como director general de Cedartenis Dreams Program.<\/p>\n\n\n\n<p>Por todo lo anterior, el Club Irland\u00e9s de Raqueta ya hizo historia en el tenis de M\u00e9xico. Esperamos que la nueva directiva consolide lo ya realizado y nos sorprenda con nuevas propuestas. El tenis y los tenistas de nuestro pa\u00eds estar\u00e1n eternamente agradecidos, mientras el club seguir\u00e1 en la cima, no hay duda.<\/p>\n\n\n\n<p><\/p>\n","protected":false},"excerpt":{"rendered":"<p>(Foto: Cortes\u00eda) POR MAURO FLORES LEDESMA El viernes 25 de abril se realiz\u00f3 la Asamblea<\/p>\n","protected":false},"author":4,"featured_media":7259,"comment_status":"closed","ping_status":"open","sticky":false,"template":"","format":"standard","meta":{"_jetpack_memberships_contains_paid_content":false,"footnotes":""},"categories":[68],"tags":[],"class_list":["post-7254","post","type-post","status-publish","format-standard","has-post-thumbnail","hentry","category-tenis-2"],"yoast_head":"<!-- This site is optimized with the Yoast SEO plugin v25.7 - https:\/\/yoast.com\/wordpress\/plugins\/seo\/ -->\n<title>Con grandes logros cierra Octavio Villa su ciclo como presidente del Club Irland\u00e9s de Raqueta - Esbozo Deportivo<\/title>\n<meta name=\"description\" content=\"El viernes 25 de abril se realiz\u00f3 la Asamblea General de Socios, en el Club Irland\u00e9s de Raqueta, en Huixquilucan, Estado de M\u00e9xico, donde Luis Adri\u00e1n G\u00f3mez, asumi\u00f3 como nuevo presidente del Consejo de Administraci\u00f3n, mientras en la vocal\u00eda de tenis resultaron electos Ricardo Trevi\u00f1o y Luis Beltr\u00e1n Jr., y el profesional Gildardo Cort\u00e9s fue ratificado en la direcci\u00f3n de tenis, cargo que ostenta desde el 2016 en este prestigiado club, que, en la \u00faltima d\u00e9cada, y especialmente, en los \u00faltimos 4 a\u00f1os bajo la direcci\u00f3n de Octavio Villa, se consolido como el mejor club del \u00e1rea conurbada de la ciudad de M\u00e9xico y uno de los mejores del pa\u00eds.\" \/>\n<meta name=\"robots\" content=\"index, follow, max-snippet:-1, max-image-preview:large, max-video-preview:-1\" \/>\n<link rel=\"canonical\" href=\"https:\/\/esbozodeportivo.com\/index.php\/2025\/05\/13\/con-grandes-logros-cierra-octavio-villa-su-ciclo-como-presidente-del-club-irlandes-de-raqueta\/\" \/>\n<meta property=\"og:locale\" content=\"es_MX\" \/>\n<meta property=\"og:type\" content=\"article\" \/>\n<meta property=\"og:title\" content=\"Con grandes logros cierra Octavio Villa su ciclo como presidente del Club Irland\u00e9s de Raqueta - Esbozo Deportivo\" \/>\n<meta property=\"og:description\" content=\"El viernes 25 de abril se realiz\u00f3 la Asamblea General de Socios, en el Club Irland\u00e9s de Raqueta, en Huixquilucan, Estado de M\u00e9xico, donde Luis Adri\u00e1n G\u00f3mez, asumi\u00f3 como nuevo presidente del Consejo de Administraci\u00f3n, mientras en la vocal\u00eda de tenis resultaron electos Ricardo Trevi\u00f1o y Luis Beltr\u00e1n Jr., y el profesional Gildardo Cort\u00e9s fue ratificado en la direcci\u00f3n de tenis, cargo que ostenta desde el 2016 en este prestigiado club, que, en la \u00faltima d\u00e9cada, y especialmente, en los \u00faltimos 4 a\u00f1os bajo la direcci\u00f3n de Octavio Villa, se consolido como el mejor club del \u00e1rea conurbada de la ciudad de M\u00e9xico y uno de los mejores del pa\u00eds.\" \/>\n<meta property=\"og:url\" content=\"https:\/\/esbozodeportivo.com\/index.php\/2025\/05\/13\/con-grandes-logros-cierra-octavio-villa-su-ciclo-como-presidente-del-club-irlandes-de-raqueta\/\" \/>\n<meta property=\"og:site_name\" content=\"Esbozo Deportivo\" \/>\n<meta property=\"article:published_time\" content=\"2025-05-14T01:44:16+00:00\" \/>\n<meta property=\"article:modified_time\" content=\"2025-05-14T01:44:17+00:00\" \/>\n<meta property=\"og:image\" content=\"https:\/\/esbozodeportivo.com\/wp-content\/uploads\/2025\/05\/Tenis-4.jpg\" \/>\n\t<meta property=\"og:image:width\" content=\"888\" \/>\n\t<meta property=\"og:image:height\" content=\"555\" \/>\n\t<meta property=\"og:image:type\" content=\"image\/jpeg\" \/>\n<meta name=\"author\" content=\"Redacci\u00f3n\" \/>\n<meta name=\"twitter:card\" content=\"summary_large_image\" \/>\n<meta name=\"twitter:label1\" content=\"Escrito por\" \/>\n\t<meta name=\"twitter:data1\" content=\"Redacci\u00f3n\" \/>\n\t<meta name=\"twitter:label2\" content=\"Tiempo de lectura\" \/>\n\t<meta name=\"twitter:data2\" content=\"9 minutos\" \/>\n<script type=\"application\/ld+json\" class=\"yoast-schema-graph\">{\"@context\":\"https:\/\/schema.org\",\"@graph\":[{\"@type\":\"Article\",\"@id\":\"https:\/\/esbozodeportivo.com\/index.php\/2025\/05\/13\/con-grandes-logros-cierra-octavio-villa-su-ciclo-como-presidente-del-club-irlandes-de-raqueta\/#article\",\"isPartOf\":{\"@id\":\"https:\/\/esbozodeportivo.com\/index.php\/2025\/05\/13\/con-grandes-logros-cierra-octavio-villa-su-ciclo-como-presidente-del-club-irlandes-de-raqueta\/\"},\"author\":{\"name\":\"Redacci\u00f3n\",\"@id\":\"https:\/\/esbozodeportivo.com\/#\/schema\/person\/0f6df9196dfe6740dd0bb31bae50d374\"},\"headline\":\"Con grandes logros cierra Octavio Villa su ciclo como presidente del Club Irland\u00e9s de Raqueta\",\"datePublished\":\"2025-05-14T01:44:16+00:00\",\"dateModified\":\"2025-05-14T01:44:17+00:00\",\"mainEntityOfPage\":{\"@id\":\"https:\/\/esbozodeportivo.com\/index.php\/2025\/05\/13\/con-grandes-logros-cierra-octavio-villa-su-ciclo-como-presidente-del-club-irlandes-de-raqueta\/\"},\"wordCount\":1744,\"publisher\":{\"@id\":\"https:\/\/esbozodeportivo.com\/#organization\"},\"image\":{\"@id\":\"https:\/\/esbozodeportivo.com\/index.php\/2025\/05\/13\/con-grandes-logros-cierra-octavio-villa-su-ciclo-como-presidente-del-club-irlandes-de-raqueta\/#primaryimage\"},\"thumbnailUrl\":\"https:\/\/esbozodeportivo.com\/wp-content\/uploads\/2025\/05\/Tenis-4.jpg\",\"articleSection\":[\"Tenis\"],\"inLanguage\":\"es\"},{\"@type\":\"WebPage\",\"@id\":\"https:\/\/esbozodeportivo.com\/index.php\/2025\/05\/13\/con-grandes-logros-cierra-octavio-villa-su-ciclo-como-presidente-del-club-irlandes-de-raqueta\/\",\"url\":\"https:\/\/esbozodeportivo.com\/index.php\/2025\/05\/13\/con-grandes-logros-cierra-octavio-villa-su-ciclo-como-presidente-del-club-irlandes-de-raqueta\/\",\"name\":\"Con grandes logros cierra Octavio Villa su ciclo como presidente del Club Irland\u00e9s de Raqueta - Esbozo Deportivo\",\"isPartOf\":{\"@id\":\"https:\/\/esbozodeportivo.com\/#website\"},\"primaryImageOfPage\":{\"@id\":\"https:\/\/esbozodeportivo.com\/index.php\/2025\/05\/13\/con-grandes-logros-cierra-octavio-villa-su-ciclo-como-presidente-del-club-irlandes-de-raqueta\/#primaryimage\"},\"image\":{\"@id\":\"https:\/\/esbozodeportivo.com\/index.php\/2025\/05\/13\/con-grandes-logros-cierra-octavio-villa-su-ciclo-como-presidente-del-club-irlandes-de-raqueta\/#primaryimage\"},\"thumbnailUrl\":\"https:\/\/esbozodeportivo.com\/wp-content\/uploads\/2025\/05\/Tenis-4.jpg\",\"datePublished\":\"2025-05-14T01:44:16+00:00\",\"dateModified\":\"2025-05-14T01:44:17+00:00\",\"description\":\"El viernes 25 de abril se realiz\u00f3 la Asamblea General de Socios, en el Club Irland\u00e9s de Raqueta, en Huixquilucan, Estado de M\u00e9xico, donde Luis Adri\u00e1n G\u00f3mez, asumi\u00f3 como nuevo presidente del Consejo de Administraci\u00f3n, mientras en la vocal\u00eda de tenis resultaron electos Ricardo Trevi\u00f1o y Luis Beltr\u00e1n Jr., y el profesional Gildardo Cort\u00e9s fue ratificado en la direcci\u00f3n de tenis, cargo que ostenta desde el 2016 en este prestigiado club, que, en la \u00faltima d\u00e9cada, y especialmente, en los \u00faltimos 4 a\u00f1os bajo la direcci\u00f3n de Octavio Villa, se consolido como el mejor club del \u00e1rea conurbada de la ciudad de M\u00e9xico y uno de los mejores del pa\u00eds.\",\"breadcrumb\":{\"@id\":\"https:\/\/esbozodeportivo.com\/index.php\/2025\/05\/13\/con-grandes-logros-cierra-octavio-villa-su-ciclo-como-presidente-del-club-irlandes-de-raqueta\/#breadcrumb\"},\"inLanguage\":\"es\",\"potentialAction\":[{\"@type\":\"ReadAction\",\"target\":[\"https:\/\/esbozodeportivo.com\/index.php\/2025\/05\/13\/con-grandes-logros-cierra-octavio-villa-su-ciclo-como-presidente-del-club-irlandes-de-raqueta\/\"]}]},{\"@type\":\"ImageObject\",\"inLanguage\":\"es\",\"@id\":\"https:\/\/esbozodeportivo.com\/index.php\/2025\/05\/13\/con-grandes-logros-cierra-octavio-villa-su-ciclo-como-presidente-del-club-irlandes-de-raqueta\/#primaryimage\",\"url\":\"https:\/\/esbozodeportivo.com\/wp-content\/uploads\/2025\/05\/Tenis-4.jpg\",\"contentUrl\":\"https:\/\/esbozodeportivo.com\/wp-content\/uploads\/2025\/05\/Tenis-4.jpg\",\"width\":888,\"height\":555},{\"@type\":\"BreadcrumbList\",\"@id\":\"https:\/\/esbozodeportivo.com\/index.php\/2025\/05\/13\/con-grandes-logros-cierra-octavio-villa-su-ciclo-como-presidente-del-club-irlandes-de-raqueta\/#breadcrumb\",\"itemListElement\":[{\"@type\":\"ListItem\",\"position\":1,\"name\":\"Inicio\",\"item\":\"https:\/\/esbozodeportivo.com\/\"},{\"@type\":\"ListItem\",\"position\":2,\"name\":\"Con grandes logros cierra Octavio Villa su ciclo como presidente del Club Irland\u00e9s de Raqueta\"}]},{\"@type\":\"WebSite\",\"@id\":\"https:\/\/esbozodeportivo.com\/#website\",\"url\":\"https:\/\/esbozodeportivo.com\/\",\"name\":\"Esbozo Deportivo\",\"description\":\"Lo m\u00e1s importante del Deporte\",\"publisher\":{\"@id\":\"https:\/\/esbozodeportivo.com\/#organization\"},\"potentialAction\":[{\"@type\":\"SearchAction\",\"target\":{\"@type\":\"EntryPoint\",\"urlTemplate\":\"https:\/\/esbozodeportivo.com\/?s={search_term_string}\"},\"query-input\":{\"@type\":\"PropertyValueSpecification\",\"valueRequired\":true,\"valueName\":\"search_term_string\"}}],\"inLanguage\":\"es\"},{\"@type\":\"Organization\",\"@id\":\"https:\/\/esbozodeportivo.com\/#organization\",\"name\":\"Esbozo Deportivo\",\"url\":\"https:\/\/esbozodeportivo.com\/\",\"logo\":{\"@type\":\"ImageObject\",\"inLanguage\":\"es\",\"@id\":\"https:\/\/esbozodeportivo.com\/#\/schema\/logo\/image\/\",\"url\":\"https:\/\/esbozodeportivo.com\/wp-content\/uploads\/2022\/08\/cropped-Logo-Esbozo-Web-2.png\",\"contentUrl\":\"https:\/\/esbozodeportivo.com\/wp-content\/uploads\/2022\/08\/cropped-Logo-Esbozo-Web-2.png\",\"width\":180,\"height\":50,\"caption\":\"Esbozo Deportivo\"},\"image\":{\"@id\":\"https:\/\/esbozodeportivo.com\/#\/schema\/logo\/image\/\"}},{\"@type\":\"Person\",\"@id\":\"https:\/\/esbozodeportivo.com\/#\/schema\/person\/0f6df9196dfe6740dd0bb31bae50d374\",\"name\":\"Redacci\u00f3n\",\"image\":{\"@type\":\"ImageObject\",\"inLanguage\":\"es\",\"@id\":\"https:\/\/esbozodeportivo.com\/#\/schema\/person\/image\/\",\"url\":\"https:\/\/secure.gravatar.com\/avatar\/f55268a89c3b418f2ef172ff52ab0d09b3e653c58de29539fe329fb93d78ebf3?s=96&d=mm&r=g\",\"contentUrl\":\"https:\/\/secure.gravatar.com\/avatar\/f55268a89c3b418f2ef172ff52ab0d09b3e653c58de29539fe329fb93d78ebf3?s=96&d=mm&r=g\",\"caption\":\"Redacci\u00f3n\"},\"url\":\"https:\/\/esbozodeportivo.com\/index.php\/author\/redaccion\/\"}]}<\/script>\n<!-- \/ Yoast SEO plugin. -->","yoast_head_json":{"title":"Con grandes logros cierra Octavio Villa su ciclo como presidente del Club Irland\u00e9s de Raqueta - Esbozo Deportivo","description":"El viernes 25 de abril se realiz\u00f3 la Asamblea General de Socios, en el Club Irland\u00e9s de Raqueta, en Huixquilucan, Estado de M\u00e9xico, donde Luis Adri\u00e1n G\u00f3mez, asumi\u00f3 como nuevo presidente del Consejo de Administraci\u00f3n, mientras en la vocal\u00eda de tenis resultaron electos Ricardo Trevi\u00f1o y Luis Beltr\u00e1n Jr., y el profesional Gildardo Cort\u00e9s fue ratificado en la direcci\u00f3n de tenis, cargo que ostenta desde el 2016 en este prestigiado club, que, en la \u00faltima d\u00e9cada, y especialmente, en los \u00faltimos 4 a\u00f1os bajo la direcci\u00f3n de Octavio Villa, se consolido como el mejor club del \u00e1rea conurbada de la ciudad de M\u00e9xico y uno de los mejores del pa\u00eds.","robots":{"index":"index","follow":"follow","max-snippet":"max-snippet:-1","max-image-preview":"max-image-preview:large","max-video-preview":"max-video-preview:-1"},"canonical":"https:\/\/esbozodeportivo.com\/index.php\/2025\/05\/13\/con-grandes-logros-cierra-octavio-villa-su-ciclo-como-presidente-del-club-irlandes-de-raqueta\/","og_locale":"es_MX","og_type":"article","og_title":"Con grandes logros cierra Octavio Villa su ciclo como presidente del Club Irland\u00e9s de Raqueta - Esbozo Deportivo","og_description":"El viernes 25 de abril se realiz\u00f3 la Asamblea General de Socios, en el Club Irland\u00e9s de Raqueta, en Huixquilucan, Estado de M\u00e9xico, donde Luis Adri\u00e1n G\u00f3mez, asumi\u00f3 como nuevo presidente del Consejo de Administraci\u00f3n, mientras en la vocal\u00eda de tenis resultaron electos Ricardo Trevi\u00f1o y Luis Beltr\u00e1n Jr., y el profesional Gildardo Cort\u00e9s fue ratificado en la direcci\u00f3n de tenis, cargo que ostenta desde el 2016 en este prestigiado club, que, en la \u00faltima d\u00e9cada, y especialmente, en los \u00faltimos 4 a\u00f1os bajo la direcci\u00f3n de Octavio Villa, se consolido como el mejor club del \u00e1rea conurbada de la ciudad de M\u00e9xico y uno de los mejores del pa\u00eds.","og_url":"https:\/\/esbozodeportivo.com\/index.php\/2025\/05\/13\/con-grandes-logros-cierra-octavio-villa-su-ciclo-como-presidente-del-club-irlandes-de-raqueta\/","og_site_name":"Esbozo Deportivo","article_published_time":"2025-05-14T01:44:16+00:00","article_modified_time":"2025-05-14T01:44:17+00:00","og_image":[{"width":888,"height":555,"url":"https:\/\/esbozodeportivo.com\/wp-content\/uploads\/2025\/05\/Tenis-4.jpg","type":"image\/jpeg"}],"author":"Redacci\u00f3n","twitter_card":"summary_large_image","twitter_misc":{"Escrito por":"Redacci\u00f3n","Tiempo de lectura":"9 minutos"},"schema":{"@context":"https:\/\/schema.org","@graph":[{"@type":"Article","@id":"https:\/\/esbozodeportivo.com\/index.php\/2025\/05\/13\/con-grandes-logros-cierra-octavio-villa-su-ciclo-como-presidente-del-club-irlandes-de-raqueta\/#article","isPartOf":{"@id":"https:\/\/esbozodeportivo.com\/index.php\/2025\/05\/13\/con-grandes-logros-cierra-octavio-villa-su-ciclo-como-presidente-del-club-irlandes-de-raqueta\/"},"author":{"name":"Redacci\u00f3n","@id":"https:\/\/esbozodeportivo.com\/#\/schema\/person\/0f6df9196dfe6740dd0bb31bae50d374"},"headline":"Con grandes logros cierra Octavio Villa su ciclo como presidente del Club Irland\u00e9s de Raqueta","datePublished":"2025-05-14T01:44:16+00:00","dateModified":"2025-05-14T01:44:17+00:00","mainEntityOfPage":{"@id":"https:\/\/esbozodeportivo.com\/index.php\/2025\/05\/13\/con-grandes-logros-cierra-octavio-villa-su-ciclo-como-presidente-del-club-irlandes-de-raqueta\/"},"wordCount":1744,"publisher":{"@id":"https:\/\/esbozodeportivo.com\/#organization"},"image":{"@id":"https:\/\/esbozodeportivo.com\/index.php\/2025\/05\/13\/con-grandes-logros-cierra-octavio-villa-su-ciclo-como-presidente-del-club-irlandes-de-raqueta\/#primaryimage"},"thumbnailUrl":"https:\/\/esbozodeportivo.com\/wp-content\/uploads\/2025\/05\/Tenis-4.jpg","articleSection":["Tenis"],"inLanguage":"es"},{"@type":"WebPage","@id":"https:\/\/esbozodeportivo.com\/index.php\/2025\/05\/13\/con-grandes-logros-cierra-octavio-villa-su-ciclo-como-presidente-del-club-irlandes-de-raqueta\/","url":"https:\/\/esbozodeportivo.com\/index.php\/2025\/05\/13\/con-grandes-logros-cierra-octavio-villa-su-ciclo-como-presidente-del-club-irlandes-de-raqueta\/","name":"Con grandes logros cierra Octavio Villa su ciclo como presidente del Club Irland\u00e9s de Raqueta - Esbozo Deportivo","isPartOf":{"@id":"https:\/\/esbozodeportivo.com\/#website"},"primaryImageOfPage":{"@id":"https:\/\/esbozodeportivo.com\/index.php\/2025\/05\/13\/con-grandes-logros-cierra-octavio-villa-su-ciclo-como-presidente-del-club-irlandes-de-raqueta\/#primaryimage"},"image":{"@id":"https:\/\/esbozodeportivo.com\/index.php\/2025\/05\/13\/con-grandes-logros-cierra-octavio-villa-su-ciclo-como-presidente-del-club-irlandes-de-raqueta\/#primaryimage"},"thumbnailUrl":"https:\/\/esbozodeportivo.com\/wp-content\/uploads\/2025\/05\/Tenis-4.jpg","datePublished":"2025-05-14T01:44:16+00:00","dateModified":"2025-05-14T01:44:17+00:00","description":"El viernes 25 de abril se realiz\u00f3 la Asamblea General de Socios, en el Club Irland\u00e9s de Raqueta, en Huixquilucan, Estado de M\u00e9xico, donde Luis Adri\u00e1n G\u00f3mez, asumi\u00f3 como nuevo presidente del Consejo de Administraci\u00f3n, mientras en la vocal\u00eda de tenis resultaron electos Ricardo Trevi\u00f1o y Luis Beltr\u00e1n Jr., y el profesional Gildardo Cort\u00e9s fue ratificado en la direcci\u00f3n de tenis, cargo que ostenta desde el 2016 en este prestigiado club, que, en la \u00faltima d\u00e9cada, y especialmente, en los \u00faltimos 4 a\u00f1os bajo la direcci\u00f3n de Octavio Villa, se consolido como el mejor club del \u00e1rea conurbada de la ciudad de M\u00e9xico y uno de los mejores del pa\u00eds.","breadcrumb":{"@id":"https:\/\/esbozodeportivo.com\/index.php\/2025\/05\/13\/con-grandes-logros-cierra-octavio-villa-su-ciclo-como-presidente-del-club-irlandes-de-raqueta\/#breadcrumb"},"inLanguage":"es","potentialAction":[{"@type":"ReadAction","target":["https:\/\/esbozodeportivo.com\/index.php\/2025\/05\/13\/con-grandes-logros-cierra-octavio-villa-su-ciclo-como-presidente-del-club-irlandes-de-raqueta\/"]}]},{"@type":"ImageObject","inLanguage":"es","@id":"https:\/\/esbozodeportivo.com\/index.php\/2025\/05\/13\/con-grandes-logros-cierra-octavio-villa-su-ciclo-como-presidente-del-club-irlandes-de-raqueta\/#primaryimage","url":"https:\/\/esbozodeportivo.com\/wp-content\/uploads\/2025\/05\/Tenis-4.jpg","contentUrl":"https:\/\/esbozodeportivo.com\/wp-content\/uploads\/2025\/05\/Tenis-4.jpg","width":888,"height":555},{"@type":"BreadcrumbList","@id":"https:\/\/esbozodeportivo.com\/index.php\/2025\/05\/13\/con-grandes-logros-cierra-octavio-villa-su-ciclo-como-presidente-del-club-irlandes-de-raqueta\/#breadcrumb","itemListElement":[{"@type":"ListItem","position":1,"name":"Inicio","item":"https:\/\/esbozodeportivo.com\/"},{"@type":"ListItem","position":2,"name":"Con grandes logros cierra Octavio Villa su ciclo como presidente del Club Irland\u00e9s de Raqueta"}]},{"@type":"WebSite","@id":"https:\/\/esbozodeportivo.com\/#website","url":"https:\/\/esbozodeportivo.com\/","name":"Esbozo Deportivo","description":"Lo m\u00e1s importante del Deporte","publisher":{"@id":"https:\/\/esbozodeportivo.com\/#organization"},"potentialAction":[{"@type":"SearchAction","target":{"@type":"EntryPoint","urlTemplate":"https:\/\/esbozodeportivo.com\/?s={search_term_string}"},"query-input":{"@type":"PropertyValueSpecification","valueRequired":true,"valueName":"search_term_string"}}],"inLanguage":"es"},{"@type":"Organization","@id":"https:\/\/esbozodeportivo.com\/#organization","name":"Esbozo Deportivo","url":"https:\/\/esbozodeportivo.com\/","logo":{"@type":"ImageObject","inLanguage":"es","@id":"https:\/\/esbozodeportivo.com\/#\/schema\/logo\/image\/","url":"https:\/\/esbozodeportivo.com\/wp-content\/uploads\/2022\/08\/cropped-Logo-Esbozo-Web-2.png","contentUrl":"https:\/\/esbozodeportivo.com\/wp-content\/uploads\/2022\/08\/cropped-Logo-Esbozo-Web-2.png","width":180,"height":50,"caption":"Esbozo Deportivo"},"image":{"@id":"https:\/\/esbozodeportivo.com\/#\/schema\/logo\/image\/"}},{"@type":"Person","@id":"https:\/\/esbozodeportivo.com\/#\/schema\/person\/0f6df9196dfe6740dd0bb31bae50d374","name":"Redacci\u00f3n","image":{"@type":"ImageObject","inLanguage":"es","@id":"https:\/\/esbozodeportivo.com\/#\/schema\/person\/image\/","url":"https:\/\/secure.gravatar.com\/avatar\/f55268a89c3b418f2ef172ff52ab0d09b3e653c58de29539fe329fb93d78ebf3?s=96&d=mm&r=g","contentUrl":"https:\/\/secure.gravatar.com\/avatar\/f55268a89c3b418f2ef172ff52ab0d09b3e653c58de29539fe329fb93d78ebf3?s=96&d=mm&r=g","caption":"Redacci\u00f3n"},"url":"https:\/\/esbozodeportivo.com\/index.php\/author\/redaccion\/"}]}},"jetpack_featured_media_url":"https:\/\/esbozodeportivo.com\/wp-content\/uploads\/2025\/05\/Tenis-4.jpg","jetpack_sharing_enabled":true,"_links":{"self":[{"href":"https:\/\/esbozodeportivo.com\/index.php\/wp-json\/wp\/v2\/posts\/7254","targetHints":{"allow":["GET"]}}],"collection":[{"href":"https:\/\/esbozodeportivo.com\/index.php\/wp-json\/wp\/v2\/posts"}],"about":[{"href":"https:\/\/esbozodeportivo.com\/index.php\/wp-json\/wp\/v2\/types\/post"}],"author":[{"embeddable":true,"href":"https:\/\/esbozodeportivo.com\/index.php\/wp-json\/wp\/v2\/users\/4"}],"replies":[{"embeddable":true,"href":"https:\/\/esbozodeportivo.com\/index.php\/wp-json\/wp\/v2\/comments?post=7254"}],"version-history":[{"count":1,"href":"https:\/\/esbozodeportivo.com\/index.php\/wp-json\/wp\/v2\/posts\/7254\/revisions"}],"predecessor-version":[{"id":7260,"href":"https:\/\/esbozodeportivo.com\/index.php\/wp-json\/wp\/v2\/posts\/7254\/revisions\/7260"}],"wp:featuredmedia":[{"embeddable":true,"href":"https:\/\/esbozodeportivo.com\/index.php\/wp-json\/wp\/v2\/media\/7259"}],"wp:attachment":[{"href":"https:\/\/esbozodeportivo.com\/index.php\/wp-json\/wp\/v2\/media?parent=7254"}],"wp:term":[{"taxonomy":"category","embeddable":true,"href":"https:\/\/esbozodeportivo.com\/index.php\/wp-json\/wp\/v2\/categories?post=7254"},{"taxonomy":"post_tag","embeddable":true,"href":"https:\/\/esbozodeportivo.com\/index.php\/wp-json\/wp\/v2\/tags?post=7254"}],"curies":[{"name":"wp","href":"https:\/\/api.w.org\/{rel}","templated":true}]}}