{"id":7364,"date":"2025-05-18T00:59:57","date_gmt":"2025-05-18T06:59:57","guid":{"rendered":"https:\/\/esbozodeportivo.com\/?p=7364"},"modified":"2025-05-18T00:59:58","modified_gmt":"2025-05-18T06:59:58","slug":"piastri-saldra-primero-en-el-gp-de-romana","status":"publish","type":"post","link":"https:\/\/esbozodeportivo.com\/index.php\/2025\/05\/18\/piastri-saldra-primero-en-el-gp-de-romana\/","title":{"rendered":"Piastri saldr\u00e1 primero en el GP de Roma\u00f1a"},"content":{"rendered":"\n<p>(Foto: Agencias) <\/p>\n\n\n\n<p><strong>Oscar Piastri<\/strong> luch\u00f3 a trav\u00e9s del tr\u00e1fico para conseguir la pole el s\u00e1bado para el <strong>Gran Premio de Emilia-Roma\u00f1a<\/strong>, mientras que <strong>Ferrari <\/strong>tuvo una sesi\u00f3n terrible y ninguno de sus coches saldr\u00e1 desde los primeros 10 lugares.<\/p>\n\n\n\n<p><strong>Piastri<\/strong> admiti\u00f3 que \u201cpens\u00f3 que se iba a desmoronar\u201d cuando se encontr\u00f3 con coches m\u00e1s lentos hacia el final de su \u00faltima vuelta de clasificaci\u00f3n, pero fue suficiente, ya que <strong>Max Verstappen<\/strong> se qued\u00f3 a solo 0,034 segundos del tiempo del australiano. Eso le da a <strong>Piastri <\/strong>una gran ventaja en la carrera del domingo en un circuito donde adelantar es notablemente dif\u00edcil.<\/p>\n\n\n\n<p>\u201cLa vuelta fue buena. Ten\u00eda unos cuatro coches en la \u00faltima curva, lo cual no ayud\u00f3, pero fue suficiente\u201d, dijo <strong>Piastri<\/strong>. \u201cMuy, muy contento con un trabajo bien hecho y emocionado por ma\u00f1ana ahora\u201d.<\/p>\n\n\n\n<p><strong>George Russell<\/strong> se coloc\u00f3 tercero para <strong>Mercedes,<\/strong> empujando al <strong>Lando Norris<\/strong>, compa\u00f1ero de equipo de <strong>Piastri en McLaren<\/strong> y rival por el t\u00edtulo, al cuarto lugar.<\/p>\n\n\n\n<p>Fue un d\u00eda dif\u00edcil para los aficionados locales, ya que los pilotos de <strong>Ferrari Charles<\/strong> <strong>Leclerc y Lewis Hamilton<\/strong>, junto con el \u00fanico piloto italiano de la <strong>F\u00f3rmula Uno<\/strong>, <strong>Kimi Antonelli,<\/strong> se clasificaron fuera del top diez. Los tres fueron superados por rivales que mejoraron sus tiempos al final de la segunda parte de la clasificaci\u00f3n. <strong>Leclerc<\/strong> saldr\u00e1 desde el puesto 11, <strong>Hamilton<\/strong> en el 12 y <strong>Antonelli<\/strong> en el 13.<\/p>\n\n\n\n<p>El estrecho y accidentado circuito de <strong>Imola <\/strong>castiga duramente incluso los peque\u00f1os errores, como se demostr\u00f3 en los fuertes accidentes de <strong>Yuki Tsunoda<\/strong> y <strong>Franco Colapinto, <\/strong>dos pilotos bajo presi\u00f3n para rendir.<\/p>\n\n\n\n<p>El coche de <strong>Tsunoda <\/strong>volc\u00f3 tras golpear las barreras, lo que provoc\u00f3 preocupaci\u00f3n entre otros pilotos. El equipo <strong>Red Bull<\/strong> dijo que <strong>Tsunoda <\/strong>fue al centro m\u00e9dico.<\/p>\n\n\n\n<p><strong>Tsunoda <\/strong>no hab\u00eda marcado un tiempo, por lo que el piloto japon\u00e9s se clasific\u00f3 \u00faltimo para su quinta carrera con Red Bull desde que reemplaz\u00f3 a <strong>Liam Lawson<\/strong> en marzo. Ha tenido dificultades para mantenerse al nivel de <strong>Verstappen<\/strong>.<\/p>\n\n\n\n<p>El regreso de <strong>Colapinto a la F1 con Alpine<\/strong> tuvo un mal comienzo cuando se estrell\u00f3 contra el muro, causando graves da\u00f1os a su coche. El piloto argentino dijo que no result\u00f3 herido y se clasific\u00f3 15mo.<\/p>\n\n\n\n<p>Ese accidente tambi\u00e9n dej\u00f3 fuera a <strong>Oliver Bearman<\/strong> despu\u00e9s de que una revisi\u00f3n mostr\u00f3 que el piloto de <strong>Haas <\/strong>complet\u00f3 su vuelta un instante despu\u00e9s de la bandera roja por el incidente de <strong>Colapinto.<\/strong> Lo habr\u00eda colocado 12mo en la primera sesi\u00f3n, pero en su lugar fue eliminado en el 19mo.<\/p>\n\n\n\n<p><\/p>\n","protected":false},"excerpt":{"rendered":"<p>(Foto: Agencias) Oscar Piastri luch\u00f3 a trav\u00e9s del tr\u00e1fico para conseguir la pole el s\u00e1bado<\/p>\n","protected":false},"author":4,"featured_media":7360,"comment_status":"closed","ping_status":"open","sticky":false,"template":"","format":"standard","meta":{"_jetpack_memberships_contains_paid_content":false,"footnotes":""},"categories":[44],"tags":[],"class_list":["post-7364","post","type-post","status-publish","format-standard","has-post-thumbnail","hentry","category-formula-1"],"yoast_head":"<!-- This site is optimized with the Yoast SEO plugin v25.7 - https:\/\/yoast.com\/wordpress\/plugins\/seo\/ -->\n<title>Piastri saldr\u00e1 primero en el GP de Roma\u00f1a - Esbozo Deportivo<\/title>\n<meta name=\"description\" content=\"Oscar Piastri luch\u00f3 a trav\u00e9s del tr\u00e1fico para conseguir la pole el s\u00e1bado para el Gran Premio de Emilia-Roma\u00f1a, mientras que Ferrari tuvo una sesi\u00f3n terrible y ninguno de sus coches saldr\u00e1 desde los primeros 10 lugares.\" \/>\n<meta name=\"robots\" content=\"index, follow, max-snippet:-1, max-image-preview:large, max-video-preview:-1\" \/>\n<link rel=\"canonical\" href=\"https:\/\/esbozodeportivo.com\/index.php\/2025\/05\/18\/piastri-saldra-primero-en-el-gp-de-romana\/\" \/>\n<meta property=\"og:locale\" content=\"es_MX\" \/>\n<meta property=\"og:type\" content=\"article\" \/>\n<meta property=\"og:title\" content=\"Piastri saldr\u00e1 primero en el GP de Roma\u00f1a - Esbozo Deportivo\" \/>\n<meta property=\"og:description\" content=\"Oscar Piastri luch\u00f3 a trav\u00e9s del tr\u00e1fico para conseguir la pole el s\u00e1bado para el Gran Premio de Emilia-Roma\u00f1a, mientras que Ferrari tuvo una sesi\u00f3n terrible y ninguno de sus coches saldr\u00e1 desde los primeros 10 lugares.\" \/>\n<meta property=\"og:url\" content=\"https:\/\/esbozodeportivo.com\/index.php\/2025\/05\/18\/piastri-saldra-primero-en-el-gp-de-romana\/\" \/>\n<meta property=\"og:site_name\" content=\"Esbozo Deportivo\" \/>\n<meta property=\"article:published_time\" content=\"2025-05-18T06:59:57+00:00\" \/>\n<meta property=\"article:modified_time\" content=\"2025-05-18T06:59:58+00:00\" \/>\n<meta property=\"og:image\" content=\"https:\/\/esbozodeportivo.com\/wp-content\/uploads\/2025\/05\/Formula-1.jpg\" \/>\n\t<meta property=\"og:image:width\" content=\"980\" \/>\n\t<meta property=\"og:image:height\" content=\"653\" \/>\n\t<meta property=\"og:image:type\" content=\"image\/jpeg\" \/>\n<meta name=\"author\" content=\"Redacci\u00f3n\" \/>\n<meta name=\"twitter:card\" content=\"summary_large_image\" \/>\n<meta name=\"twitter:label1\" content=\"Escrito por\" \/>\n\t<meta name=\"twitter:data1\" content=\"Redacci\u00f3n\" \/>\n\t<meta name=\"twitter:label2\" content=\"Tiempo de lectura\" \/>\n\t<meta name=\"twitter:data2\" content=\"3 minutos\" \/>\n<script type=\"application\/ld+json\" class=\"yoast-schema-graph\">{\"@context\":\"https:\/\/schema.org\",\"@graph\":[{\"@type\":\"Article\",\"@id\":\"https:\/\/esbozodeportivo.com\/index.php\/2025\/05\/18\/piastri-saldra-primero-en-el-gp-de-romana\/#article\",\"isPartOf\":{\"@id\":\"https:\/\/esbozodeportivo.com\/index.php\/2025\/05\/18\/piastri-saldra-primero-en-el-gp-de-romana\/\"},\"author\":{\"name\":\"Redacci\u00f3n\",\"@id\":\"https:\/\/esbozodeportivo.com\/#\/schema\/person\/0f6df9196dfe6740dd0bb31bae50d374\"},\"headline\":\"Piastri saldr\u00e1 primero en el GP de Roma\u00f1a\",\"datePublished\":\"2025-05-18T06:59:57+00:00\",\"dateModified\":\"2025-05-18T06:59:58+00:00\",\"mainEntityOfPage\":{\"@id\":\"https:\/\/esbozodeportivo.com\/index.php\/2025\/05\/18\/piastri-saldra-primero-en-el-gp-de-romana\/\"},\"wordCount\":452,\"publisher\":{\"@id\":\"https:\/\/esbozodeportivo.com\/#organization\"},\"image\":{\"@id\":\"https:\/\/esbozodeportivo.com\/index.php\/2025\/05\/18\/piastri-saldra-primero-en-el-gp-de-romana\/#primaryimage\"},\"thumbnailUrl\":\"https:\/\/esbozodeportivo.com\/wp-content\/uploads\/2025\/05\/Formula-1.jpg\",\"articleSection\":[\"F\u00f3rmula 1\"],\"inLanguage\":\"es\"},{\"@type\":\"WebPage\",\"@id\":\"https:\/\/esbozodeportivo.com\/index.php\/2025\/05\/18\/piastri-saldra-primero-en-el-gp-de-romana\/\",\"url\":\"https:\/\/esbozodeportivo.com\/index.php\/2025\/05\/18\/piastri-saldra-primero-en-el-gp-de-romana\/\",\"name\":\"Piastri saldr\u00e1 primero en el GP de Roma\u00f1a - Esbozo Deportivo\",\"isPartOf\":{\"@id\":\"https:\/\/esbozodeportivo.com\/#website\"},\"primaryImageOfPage\":{\"@id\":\"https:\/\/esbozodeportivo.com\/index.php\/2025\/05\/18\/piastri-saldra-primero-en-el-gp-de-romana\/#primaryimage\"},\"image\":{\"@id\":\"https:\/\/esbozodeportivo.com\/index.php\/2025\/05\/18\/piastri-saldra-primero-en-el-gp-de-romana\/#primaryimage\"},\"thumbnailUrl\":\"https:\/\/esbozodeportivo.com\/wp-content\/uploads\/2025\/05\/Formula-1.jpg\",\"datePublished\":\"2025-05-18T06:59:57+00:00\",\"dateModified\":\"2025-05-18T06:59:58+00:00\",\"description\":\"Oscar Piastri luch\u00f3 a trav\u00e9s del tr\u00e1fico para conseguir la pole el s\u00e1bado para el Gran Premio de Emilia-Roma\u00f1a, mientras que Ferrari tuvo una sesi\u00f3n terrible y ninguno de sus coches saldr\u00e1 desde los primeros 10 lugares.\",\"breadcrumb\":{\"@id\":\"https:\/\/esbozodeportivo.com\/index.php\/2025\/05\/18\/piastri-saldra-primero-en-el-gp-de-romana\/#breadcrumb\"},\"inLanguage\":\"es\",\"potentialAction\":[{\"@type\":\"ReadAction\",\"target\":[\"https:\/\/esbozodeportivo.com\/index.php\/2025\/05\/18\/piastri-saldra-primero-en-el-gp-de-romana\/\"]}]},{\"@type\":\"ImageObject\",\"inLanguage\":\"es\",\"@id\":\"https:\/\/esbozodeportivo.com\/index.php\/2025\/05\/18\/piastri-saldra-primero-en-el-gp-de-romana\/#primaryimage\",\"url\":\"https:\/\/esbozodeportivo.com\/wp-content\/uploads\/2025\/05\/Formula-1.jpg\",\"contentUrl\":\"https:\/\/esbozodeportivo.com\/wp-content\/uploads\/2025\/05\/Formula-1.jpg\",\"width\":980,\"height\":653},{\"@type\":\"BreadcrumbList\",\"@id\":\"https:\/\/esbozodeportivo.com\/index.php\/2025\/05\/18\/piastri-saldra-primero-en-el-gp-de-romana\/#breadcrumb\",\"itemListElement\":[{\"@type\":\"ListItem\",\"position\":1,\"name\":\"Inicio\",\"item\":\"https:\/\/esbozodeportivo.com\/\"},{\"@type\":\"ListItem\",\"position\":2,\"name\":\"Piastri saldr\u00e1 primero en el GP de Roma\u00f1a\"}]},{\"@type\":\"WebSite\",\"@id\":\"https:\/\/esbozodeportivo.com\/#website\",\"url\":\"https:\/\/esbozodeportivo.com\/\",\"name\":\"Esbozo Deportivo\",\"description\":\"Lo m\u00e1s importante del Deporte\",\"publisher\":{\"@id\":\"https:\/\/esbozodeportivo.com\/#organization\"},\"potentialAction\":[{\"@type\":\"SearchAction\",\"target\":{\"@type\":\"EntryPoint\",\"urlTemplate\":\"https:\/\/esbozodeportivo.com\/?s={search_term_string}\"},\"query-input\":{\"@type\":\"PropertyValueSpecification\",\"valueRequired\":true,\"valueName\":\"search_term_string\"}}],\"inLanguage\":\"es\"},{\"@type\":\"Organization\",\"@id\":\"https:\/\/esbozodeportivo.com\/#organization\",\"name\":\"Esbozo Deportivo\",\"url\":\"https:\/\/esbozodeportivo.com\/\",\"logo\":{\"@type\":\"ImageObject\",\"inLanguage\":\"es\",\"@id\":\"https:\/\/esbozodeportivo.com\/#\/schema\/logo\/image\/\",\"url\":\"https:\/\/esbozodeportivo.com\/wp-content\/uploads\/2022\/08\/cropped-Logo-Esbozo-Web-2.png\",\"contentUrl\":\"https:\/\/esbozodeportivo.com\/wp-content\/uploads\/2022\/08\/cropped-Logo-Esbozo-Web-2.png\",\"width\":180,\"height\":50,\"caption\":\"Esbozo Deportivo\"},\"image\":{\"@id\":\"https:\/\/esbozodeportivo.com\/#\/schema\/logo\/image\/\"}},{\"@type\":\"Person\",\"@id\":\"https:\/\/esbozodeportivo.com\/#\/schema\/person\/0f6df9196dfe6740dd0bb31bae50d374\",\"name\":\"Redacci\u00f3n\",\"image\":{\"@type\":\"ImageObject\",\"inLanguage\":\"es\",\"@id\":\"https:\/\/esbozodeportivo.com\/#\/schema\/person\/image\/\",\"url\":\"https:\/\/secure.gravatar.com\/avatar\/f55268a89c3b418f2ef172ff52ab0d09b3e653c58de29539fe329fb93d78ebf3?s=96&d=mm&r=g\",\"contentUrl\":\"https:\/\/secure.gravatar.com\/avatar\/f55268a89c3b418f2ef172ff52ab0d09b3e653c58de29539fe329fb93d78ebf3?s=96&d=mm&r=g\",\"caption\":\"Redacci\u00f3n\"},\"url\":\"https:\/\/esbozodeportivo.com\/index.php\/author\/redaccion\/\"}]}<\/script>\n<!-- \/ Yoast SEO plugin. -->","yoast_head_json":{"title":"Piastri saldr\u00e1 primero en el GP de Roma\u00f1a - Esbozo Deportivo","description":"Oscar Piastri luch\u00f3 a trav\u00e9s del tr\u00e1fico para conseguir la pole el s\u00e1bado para el Gran Premio de Emilia-Roma\u00f1a, mientras que Ferrari tuvo una sesi\u00f3n terrible y ninguno de sus coches saldr\u00e1 desde los primeros 10 lugares.","robots":{"index":"index","follow":"follow","max-snippet":"max-snippet:-1","max-image-preview":"max-image-preview:large","max-video-preview":"max-video-preview:-1"},"canonical":"https:\/\/esbozodeportivo.com\/index.php\/2025\/05\/18\/piastri-saldra-primero-en-el-gp-de-romana\/","og_locale":"es_MX","og_type":"article","og_title":"Piastri saldr\u00e1 primero en el GP de Roma\u00f1a - Esbozo Deportivo","og_description":"Oscar Piastri luch\u00f3 a trav\u00e9s del tr\u00e1fico para conseguir la pole el s\u00e1bado para el Gran Premio de Emilia-Roma\u00f1a, mientras que Ferrari tuvo una sesi\u00f3n terrible y ninguno de sus coches saldr\u00e1 desde los primeros 10 lugares.","og_url":"https:\/\/esbozodeportivo.com\/index.php\/2025\/05\/18\/piastri-saldra-primero-en-el-gp-de-romana\/","og_site_name":"Esbozo Deportivo","article_published_time":"2025-05-18T06:59:57+00:00","article_modified_time":"2025-05-18T06:59:58+00:00","og_image":[{"width":980,"height":653,"url":"https:\/\/esbozodeportivo.com\/wp-content\/uploads\/2025\/05\/Formula-1.jpg","type":"image\/jpeg"}],"author":"Redacci\u00f3n","twitter_card":"summary_large_image","twitter_misc":{"Escrito por":"Redacci\u00f3n","Tiempo de lectura":"3 minutos"},"schema":{"@context":"https:\/\/schema.org","@graph":[{"@type":"Article","@id":"https:\/\/esbozodeportivo.com\/index.php\/2025\/05\/18\/piastri-saldra-primero-en-el-gp-de-romana\/#article","isPartOf":{"@id":"https:\/\/esbozodeportivo.com\/index.php\/2025\/05\/18\/piastri-saldra-primero-en-el-gp-de-romana\/"},"author":{"name":"Redacci\u00f3n","@id":"https:\/\/esbozodeportivo.com\/#\/schema\/person\/0f6df9196dfe6740dd0bb31bae50d374"},"headline":"Piastri saldr\u00e1 primero en el GP de Roma\u00f1a","datePublished":"2025-05-18T06:59:57+00:00","dateModified":"2025-05-18T06:59:58+00:00","mainEntityOfPage":{"@id":"https:\/\/esbozodeportivo.com\/index.php\/2025\/05\/18\/piastri-saldra-primero-en-el-gp-de-romana\/"},"wordCount":452,"publisher":{"@id":"https:\/\/esbozodeportivo.com\/#organization"},"image":{"@id":"https:\/\/esbozodeportivo.com\/index.php\/2025\/05\/18\/piastri-saldra-primero-en-el-gp-de-romana\/#primaryimage"},"thumbnailUrl":"https:\/\/esbozodeportivo.com\/wp-content\/uploads\/2025\/05\/Formula-1.jpg","articleSection":["F\u00f3rmula 1"],"inLanguage":"es"},{"@type":"WebPage","@id":"https:\/\/esbozodeportivo.com\/index.php\/2025\/05\/18\/piastri-saldra-primero-en-el-gp-de-romana\/","url":"https:\/\/esbozodeportivo.com\/index.php\/2025\/05\/18\/piastri-saldra-primero-en-el-gp-de-romana\/","name":"Piastri saldr\u00e1 primero en el GP de Roma\u00f1a - Esbozo Deportivo","isPartOf":{"@id":"https:\/\/esbozodeportivo.com\/#website"},"primaryImageOfPage":{"@id":"https:\/\/esbozodeportivo.com\/index.php\/2025\/05\/18\/piastri-saldra-primero-en-el-gp-de-romana\/#primaryimage"},"image":{"@id":"https:\/\/esbozodeportivo.com\/index.php\/2025\/05\/18\/piastri-saldra-primero-en-el-gp-de-romana\/#primaryimage"},"thumbnailUrl":"https:\/\/esbozodeportivo.com\/wp-content\/uploads\/2025\/05\/Formula-1.jpg","datePublished":"2025-05-18T06:59:57+00:00","dateModified":"2025-05-18T06:59:58+00:00","description":"Oscar Piastri luch\u00f3 a trav\u00e9s del tr\u00e1fico para conseguir la pole el s\u00e1bado para el Gran Premio de Emilia-Roma\u00f1a, mientras que Ferrari tuvo una sesi\u00f3n terrible y ninguno de sus coches saldr\u00e1 desde los primeros 10 lugares.","breadcrumb":{"@id":"https:\/\/esbozodeportivo.com\/index.php\/2025\/05\/18\/piastri-saldra-primero-en-el-gp-de-romana\/#breadcrumb"},"inLanguage":"es","potentialAction":[{"@type":"ReadAction","target":["https:\/\/esbozodeportivo.com\/index.php\/2025\/05\/18\/piastri-saldra-primero-en-el-gp-de-romana\/"]}]},{"@type":"ImageObject","inLanguage":"es","@id":"https:\/\/esbozodeportivo.com\/index.php\/2025\/05\/18\/piastri-saldra-primero-en-el-gp-de-romana\/#primaryimage","url":"https:\/\/esbozodeportivo.com\/wp-content\/uploads\/2025\/05\/Formula-1.jpg","contentUrl":"https:\/\/esbozodeportivo.com\/wp-content\/uploads\/2025\/05\/Formula-1.jpg","width":980,"height":653},{"@type":"BreadcrumbList","@id":"https:\/\/esbozodeportivo.com\/index.php\/2025\/05\/18\/piastri-saldra-primero-en-el-gp-de-romana\/#breadcrumb","itemListElement":[{"@type":"ListItem","position":1,"name":"Inicio","item":"https:\/\/esbozodeportivo.com\/"},{"@type":"ListItem","position":2,"name":"Piastri saldr\u00e1 primero en el GP de Roma\u00f1a"}]},{"@type":"WebSite","@id":"https:\/\/esbozodeportivo.com\/#website","url":"https:\/\/esbozodeportivo.com\/","name":"Esbozo Deportivo","description":"Lo m\u00e1s importante del Deporte","publisher":{"@id":"https:\/\/esbozodeportivo.com\/#organization"},"potentialAction":[{"@type":"SearchAction","target":{"@type":"EntryPoint","urlTemplate":"https:\/\/esbozodeportivo.com\/?s={search_term_string}"},"query-input":{"@type":"PropertyValueSpecification","valueRequired":true,"valueName":"search_term_string"}}],"inLanguage":"es"},{"@type":"Organization","@id":"https:\/\/esbozodeportivo.com\/#organization","name":"Esbozo Deportivo","url":"https:\/\/esbozodeportivo.com\/","logo":{"@type":"ImageObject","inLanguage":"es","@id":"https:\/\/esbozodeportivo.com\/#\/schema\/logo\/image\/","url":"https:\/\/esbozodeportivo.com\/wp-content\/uploads\/2022\/08\/cropped-Logo-Esbozo-Web-2.png","contentUrl":"https:\/\/esbozodeportivo.com\/wp-content\/uploads\/2022\/08\/cropped-Logo-Esbozo-Web-2.png","width":180,"height":50,"caption":"Esbozo Deportivo"},"image":{"@id":"https:\/\/esbozodeportivo.com\/#\/schema\/logo\/image\/"}},{"@type":"Person","@id":"https:\/\/esbozodeportivo.com\/#\/schema\/person\/0f6df9196dfe6740dd0bb31bae50d374","name":"Redacci\u00f3n","image":{"@type":"ImageObject","inLanguage":"es","@id":"https:\/\/esbozodeportivo.com\/#\/schema\/person\/image\/","url":"https:\/\/secure.gravatar.com\/avatar\/f55268a89c3b418f2ef172ff52ab0d09b3e653c58de29539fe329fb93d78ebf3?s=96&d=mm&r=g","contentUrl":"https:\/\/secure.gravatar.com\/avatar\/f55268a89c3b418f2ef172ff52ab0d09b3e653c58de29539fe329fb93d78ebf3?s=96&d=mm&r=g","caption":"Redacci\u00f3n"},"url":"https:\/\/esbozodeportivo.com\/index.php\/author\/redaccion\/"}]}},"jetpack_featured_media_url":"https:\/\/esbozodeportivo.com\/wp-content\/uploads\/2025\/05\/Formula-1.jpg","jetpack_sharing_enabled":true,"_links":{"self":[{"href":"https:\/\/esbozodeportivo.com\/index.php\/wp-json\/wp\/v2\/posts\/7364","targetHints":{"allow":["GET"]}}],"collection":[{"href":"https:\/\/esbozodeportivo.com\/index.php\/wp-json\/wp\/v2\/posts"}],"about":[{"href":"https:\/\/esbozodeportivo.com\/index.php\/wp-json\/wp\/v2\/types\/post"}],"author":[{"embeddable":true,"href":"https:\/\/esbozodeportivo.com\/index.php\/wp-json\/wp\/v2\/users\/4"}],"replies":[{"embeddable":true,"href":"https:\/\/esbozodeportivo.com\/index.php\/wp-json\/wp\/v2\/comments?post=7364"}],"version-history":[{"count":1,"href":"https:\/\/esbozodeportivo.com\/index.php\/wp-json\/wp\/v2\/posts\/7364\/revisions"}],"predecessor-version":[{"id":7365,"href":"https:\/\/esbozodeportivo.com\/index.php\/wp-json\/wp\/v2\/posts\/7364\/revisions\/7365"}],"wp:featuredmedia":[{"embeddable":true,"href":"https:\/\/esbozodeportivo.com\/index.php\/wp-json\/wp\/v2\/media\/7360"}],"wp:attachment":[{"href":"https:\/\/esbozodeportivo.com\/index.php\/wp-json\/wp\/v2\/media?parent=7364"}],"wp:term":[{"taxonomy":"category","embeddable":true,"href":"https:\/\/esbozodeportivo.com\/index.php\/wp-json\/wp\/v2\/categories?post=7364"},{"taxonomy":"post_tag","embeddable":true,"href":"https:\/\/esbozodeportivo.com\/index.php\/wp-json\/wp\/v2\/tags?post=7364"}],"curies":[{"name":"wp","href":"https:\/\/api.w.org\/{rel}","templated":true}]}}