{"id":7386,"date":"2025-05-18T21:31:05","date_gmt":"2025-05-19T03:31:05","guid":{"rendered":"https:\/\/esbozodeportivo.com\/?p=7386"},"modified":"2025-05-18T21:31:06","modified_gmt":"2025-05-19T03:31:06","slug":"verstappen-gana-el-gp-de-emilia-romana","status":"publish","type":"post","link":"https:\/\/esbozodeportivo.com\/index.php\/2025\/05\/18\/verstappen-gana-el-gp-de-emilia-romana\/","title":{"rendered":"Verstappen gana el GP de Emilia-Roma\u00f1a"},"content":{"rendered":"\n<p>(Foto: Agencias) <\/p>\n\n\n\n<p><strong>Max Verstappen<\/strong> dio un gran impulso a la defensa de su t\u00edtulo de la <strong>F\u00f3rmula Uno<\/strong> ganando el <strong>Gran Premio de Emilia-Roma\u00f1a<\/strong> el domingo, despu\u00e9s de un atrevido adelantamiento al inicio sobre el l\u00edder de la clasificaci\u00f3n, <strong>Oscar Piastri.<\/strong><\/p>\n\n\n\n<p>El piloto neerland\u00e9s construy\u00f3 una ventaja dominante que se desvaneci\u00f3 cuando el coche de seguridad reagrup\u00f3 al grupo. Aun as\u00ed, se sostuvo para ganar por delante de <strong>Lando Norris<\/strong>, quien adelant\u00f3 a su compa\u00f1ero de equipo en <strong>McLaren,<\/strong> <strong>Piastri,<\/strong> para quedar segundo a falta de cinco vueltas.<\/p>\n\n\n\n<p>Esta es la segunda victoria de la temporada para <strong>Verstappen <\/strong>y la primera desde el <strong>Gran Premio<\/strong> <strong>de Jap\u00f3n<\/strong> del mes pasado. Adem\u00e1s le neg\u00f3 a <strong>Piastri,<\/strong> quien termin\u00f3 tercero, la que habr\u00eda sido su cuarta victoria consecutiva.<\/p>\n\n\n\n<p><strong>Verstappen<\/strong> elogi\u00f3 la \u201cejecuci\u00f3n fant\u00e1stica en todos los aspectos\u201d de su equipo <strong>Red Bull,<\/strong> que adem\u00e1s celebr\u00f3 su carrera n\u00famero 400 en la <strong>F1<\/strong> con una victoria.<\/p>\n\n\n\n<p>La ventaja de <strong>Piastri <\/strong>sobre <strong>Norris <\/strong>en la clasificaci\u00f3n se redujo a 13 puntos. <strong>Verstappen<\/strong> est\u00e1 nueve detr\u00e1s de <strong>Norris<\/strong>.<\/p>\n\n\n\n<p><strong>Lewis Hamilton<\/strong> se recuper\u00f3 desde el duod\u00e9cimo lugar en la parrilla para terminar cuarto en su primera carrera para <strong>Ferrari en Italia<\/strong>.<\/p>\n\n\n\n<p><strong>Hamilton<\/strong> se benefici\u00f3 de la lucha al final de la carrera entre su compa\u00f1ero de equipo <strong>Charles Leclerc y Alex Albon de Williams<\/strong>.<\/p>\n\n\n\n<p><strong>Albon<\/strong> se quej\u00f3 de que <strong>Leclerc <\/strong>lo sac\u00f3 de la pista mientras luchaban por el cuarto lugar, y Hamilton aprovech\u00f3 para superar a ambos pilotos antes de que <strong>Ferrari<\/strong> finalmente le pidiera a <strong>Leclerc <\/strong>ceder el quinto lugar a <strong>Albon<\/strong>.<\/p>\n\n\n\n<p><strong>George Russell<\/strong> fue s\u00e9ptimo para <strong>Mercedes<\/strong>, por delante de <strong>Carlos Sainz, Jr. <\/strong>en el segundo <strong>Williams<\/strong>. <strong>Isack Hadjar<\/strong> fue noveno para <strong>Racing Bulls<\/strong> y el compa\u00f1ero de equipo de <strong>Verstappen en Red Bull, Yuki Tsunoda,<\/strong> fue d\u00e9cimo despu\u00e9s de comenzar \u00faltimo tras un accidente en la clasificaci\u00f3n.<\/p>\n\n\n\n<p><\/p>\n","protected":false},"excerpt":{"rendered":"<p>(Foto: Agencias) Max Verstappen dio un gran impulso a la defensa de su t\u00edtulo de<\/p>\n","protected":false},"author":4,"featured_media":7376,"comment_status":"closed","ping_status":"open","sticky":false,"template":"","format":"standard","meta":{"_jetpack_memberships_contains_paid_content":false,"footnotes":""},"categories":[44],"tags":[],"class_list":["post-7386","post","type-post","status-publish","format-standard","has-post-thumbnail","hentry","category-formula-1"],"yoast_head":"<!-- This site is optimized with the Yoast SEO plugin v25.7 - https:\/\/yoast.com\/wordpress\/plugins\/seo\/ -->\n<title>Verstappen gana el GP de Emilia-Roma\u00f1a - Esbozo Deportivo<\/title>\n<meta name=\"description\" content=\"Max Verstappen dio un gran impulso a la defensa de su t\u00edtulo de la F\u00f3rmula Uno ganando el Gran Premio de Emilia-Roma\u00f1a el domingo, despu\u00e9s de un atrevido adelantamiento al inicio sobre el l\u00edder de la clasificaci\u00f3n, Oscar Piastri.\" \/>\n<meta name=\"robots\" content=\"index, follow, max-snippet:-1, max-image-preview:large, max-video-preview:-1\" \/>\n<link rel=\"canonical\" href=\"https:\/\/esbozodeportivo.com\/index.php\/2025\/05\/18\/verstappen-gana-el-gp-de-emilia-romana\/\" \/>\n<meta property=\"og:locale\" content=\"es_MX\" \/>\n<meta property=\"og:type\" content=\"article\" \/>\n<meta property=\"og:title\" content=\"Verstappen gana el GP de Emilia-Roma\u00f1a - Esbozo Deportivo\" \/>\n<meta property=\"og:description\" content=\"Max Verstappen dio un gran impulso a la defensa de su t\u00edtulo de la F\u00f3rmula Uno ganando el Gran Premio de Emilia-Roma\u00f1a el domingo, despu\u00e9s de un atrevido adelantamiento al inicio sobre el l\u00edder de la clasificaci\u00f3n, Oscar Piastri.\" \/>\n<meta property=\"og:url\" content=\"https:\/\/esbozodeportivo.com\/index.php\/2025\/05\/18\/verstappen-gana-el-gp-de-emilia-romana\/\" \/>\n<meta property=\"og:site_name\" content=\"Esbozo Deportivo\" \/>\n<meta property=\"article:published_time\" content=\"2025-05-19T03:31:05+00:00\" \/>\n<meta property=\"article:modified_time\" content=\"2025-05-19T03:31:06+00:00\" \/>\n<meta property=\"og:image\" content=\"https:\/\/esbozodeportivo.com\/wp-content\/uploads\/2025\/05\/Formula-1-1.jpg\" \/>\n\t<meta property=\"og:image:width\" content=\"1440\" \/>\n\t<meta property=\"og:image:height\" content=\"960\" \/>\n\t<meta property=\"og:image:type\" content=\"image\/jpeg\" \/>\n<meta name=\"author\" content=\"Redacci\u00f3n\" \/>\n<meta name=\"twitter:card\" content=\"summary_large_image\" \/>\n<meta name=\"twitter:label1\" content=\"Escrito por\" \/>\n\t<meta name=\"twitter:data1\" content=\"Redacci\u00f3n\" \/>\n\t<meta name=\"twitter:label2\" content=\"Tiempo de lectura\" \/>\n\t<meta name=\"twitter:data2\" content=\"2 minutos\" \/>\n<script type=\"application\/ld+json\" class=\"yoast-schema-graph\">{\"@context\":\"https:\/\/schema.org\",\"@graph\":[{\"@type\":\"Article\",\"@id\":\"https:\/\/esbozodeportivo.com\/index.php\/2025\/05\/18\/verstappen-gana-el-gp-de-emilia-romana\/#article\",\"isPartOf\":{\"@id\":\"https:\/\/esbozodeportivo.com\/index.php\/2025\/05\/18\/verstappen-gana-el-gp-de-emilia-romana\/\"},\"author\":{\"name\":\"Redacci\u00f3n\",\"@id\":\"https:\/\/esbozodeportivo.com\/#\/schema\/person\/0f6df9196dfe6740dd0bb31bae50d374\"},\"headline\":\"Verstappen gana el GP de Emilia-Roma\u00f1a\",\"datePublished\":\"2025-05-19T03:31:05+00:00\",\"dateModified\":\"2025-05-19T03:31:06+00:00\",\"mainEntityOfPage\":{\"@id\":\"https:\/\/esbozodeportivo.com\/index.php\/2025\/05\/18\/verstappen-gana-el-gp-de-emilia-romana\/\"},\"wordCount\":334,\"publisher\":{\"@id\":\"https:\/\/esbozodeportivo.com\/#organization\"},\"image\":{\"@id\":\"https:\/\/esbozodeportivo.com\/index.php\/2025\/05\/18\/verstappen-gana-el-gp-de-emilia-romana\/#primaryimage\"},\"thumbnailUrl\":\"https:\/\/esbozodeportivo.com\/wp-content\/uploads\/2025\/05\/Formula-1-1.jpg\",\"articleSection\":[\"F\u00f3rmula 1\"],\"inLanguage\":\"es\"},{\"@type\":\"WebPage\",\"@id\":\"https:\/\/esbozodeportivo.com\/index.php\/2025\/05\/18\/verstappen-gana-el-gp-de-emilia-romana\/\",\"url\":\"https:\/\/esbozodeportivo.com\/index.php\/2025\/05\/18\/verstappen-gana-el-gp-de-emilia-romana\/\",\"name\":\"Verstappen gana el GP de Emilia-Roma\u00f1a - Esbozo Deportivo\",\"isPartOf\":{\"@id\":\"https:\/\/esbozodeportivo.com\/#website\"},\"primaryImageOfPage\":{\"@id\":\"https:\/\/esbozodeportivo.com\/index.php\/2025\/05\/18\/verstappen-gana-el-gp-de-emilia-romana\/#primaryimage\"},\"image\":{\"@id\":\"https:\/\/esbozodeportivo.com\/index.php\/2025\/05\/18\/verstappen-gana-el-gp-de-emilia-romana\/#primaryimage\"},\"thumbnailUrl\":\"https:\/\/esbozodeportivo.com\/wp-content\/uploads\/2025\/05\/Formula-1-1.jpg\",\"datePublished\":\"2025-05-19T03:31:05+00:00\",\"dateModified\":\"2025-05-19T03:31:06+00:00\",\"description\":\"Max Verstappen dio un gran impulso a la defensa de su t\u00edtulo de la F\u00f3rmula Uno ganando el Gran Premio de Emilia-Roma\u00f1a el domingo, despu\u00e9s de un atrevido adelantamiento al inicio sobre el l\u00edder de la clasificaci\u00f3n, Oscar Piastri.\",\"breadcrumb\":{\"@id\":\"https:\/\/esbozodeportivo.com\/index.php\/2025\/05\/18\/verstappen-gana-el-gp-de-emilia-romana\/#breadcrumb\"},\"inLanguage\":\"es\",\"potentialAction\":[{\"@type\":\"ReadAction\",\"target\":[\"https:\/\/esbozodeportivo.com\/index.php\/2025\/05\/18\/verstappen-gana-el-gp-de-emilia-romana\/\"]}]},{\"@type\":\"ImageObject\",\"inLanguage\":\"es\",\"@id\":\"https:\/\/esbozodeportivo.com\/index.php\/2025\/05\/18\/verstappen-gana-el-gp-de-emilia-romana\/#primaryimage\",\"url\":\"https:\/\/esbozodeportivo.com\/wp-content\/uploads\/2025\/05\/Formula-1-1.jpg\",\"contentUrl\":\"https:\/\/esbozodeportivo.com\/wp-content\/uploads\/2025\/05\/Formula-1-1.jpg\",\"width\":1440,\"height\":960},{\"@type\":\"BreadcrumbList\",\"@id\":\"https:\/\/esbozodeportivo.com\/index.php\/2025\/05\/18\/verstappen-gana-el-gp-de-emilia-romana\/#breadcrumb\",\"itemListElement\":[{\"@type\":\"ListItem\",\"position\":1,\"name\":\"Inicio\",\"item\":\"https:\/\/esbozodeportivo.com\/\"},{\"@type\":\"ListItem\",\"position\":2,\"name\":\"Verstappen gana el GP de Emilia-Roma\u00f1a\"}]},{\"@type\":\"WebSite\",\"@id\":\"https:\/\/esbozodeportivo.com\/#website\",\"url\":\"https:\/\/esbozodeportivo.com\/\",\"name\":\"Esbozo Deportivo\",\"description\":\"Lo m\u00e1s importante del Deporte\",\"publisher\":{\"@id\":\"https:\/\/esbozodeportivo.com\/#organization\"},\"potentialAction\":[{\"@type\":\"SearchAction\",\"target\":{\"@type\":\"EntryPoint\",\"urlTemplate\":\"https:\/\/esbozodeportivo.com\/?s={search_term_string}\"},\"query-input\":{\"@type\":\"PropertyValueSpecification\",\"valueRequired\":true,\"valueName\":\"search_term_string\"}}],\"inLanguage\":\"es\"},{\"@type\":\"Organization\",\"@id\":\"https:\/\/esbozodeportivo.com\/#organization\",\"name\":\"Esbozo Deportivo\",\"url\":\"https:\/\/esbozodeportivo.com\/\",\"logo\":{\"@type\":\"ImageObject\",\"inLanguage\":\"es\",\"@id\":\"https:\/\/esbozodeportivo.com\/#\/schema\/logo\/image\/\",\"url\":\"https:\/\/esbozodeportivo.com\/wp-content\/uploads\/2022\/08\/cropped-Logo-Esbozo-Web-2.png\",\"contentUrl\":\"https:\/\/esbozodeportivo.com\/wp-content\/uploads\/2022\/08\/cropped-Logo-Esbozo-Web-2.png\",\"width\":180,\"height\":50,\"caption\":\"Esbozo Deportivo\"},\"image\":{\"@id\":\"https:\/\/esbozodeportivo.com\/#\/schema\/logo\/image\/\"}},{\"@type\":\"Person\",\"@id\":\"https:\/\/esbozodeportivo.com\/#\/schema\/person\/0f6df9196dfe6740dd0bb31bae50d374\",\"name\":\"Redacci\u00f3n\",\"image\":{\"@type\":\"ImageObject\",\"inLanguage\":\"es\",\"@id\":\"https:\/\/esbozodeportivo.com\/#\/schema\/person\/image\/\",\"url\":\"https:\/\/secure.gravatar.com\/avatar\/f55268a89c3b418f2ef172ff52ab0d09b3e653c58de29539fe329fb93d78ebf3?s=96&d=mm&r=g\",\"contentUrl\":\"https:\/\/secure.gravatar.com\/avatar\/f55268a89c3b418f2ef172ff52ab0d09b3e653c58de29539fe329fb93d78ebf3?s=96&d=mm&r=g\",\"caption\":\"Redacci\u00f3n\"},\"url\":\"https:\/\/esbozodeportivo.com\/index.php\/author\/redaccion\/\"}]}<\/script>\n<!-- \/ Yoast SEO plugin. -->","yoast_head_json":{"title":"Verstappen gana el GP de Emilia-Roma\u00f1a - Esbozo Deportivo","description":"Max Verstappen dio un gran impulso a la defensa de su t\u00edtulo de la F\u00f3rmula Uno ganando el Gran Premio de Emilia-Roma\u00f1a el domingo, despu\u00e9s de un atrevido adelantamiento al inicio sobre el l\u00edder de la clasificaci\u00f3n, Oscar Piastri.","robots":{"index":"index","follow":"follow","max-snippet":"max-snippet:-1","max-image-preview":"max-image-preview:large","max-video-preview":"max-video-preview:-1"},"canonical":"https:\/\/esbozodeportivo.com\/index.php\/2025\/05\/18\/verstappen-gana-el-gp-de-emilia-romana\/","og_locale":"es_MX","og_type":"article","og_title":"Verstappen gana el GP de Emilia-Roma\u00f1a - Esbozo Deportivo","og_description":"Max Verstappen dio un gran impulso a la defensa de su t\u00edtulo de la F\u00f3rmula Uno ganando el Gran Premio de Emilia-Roma\u00f1a el domingo, despu\u00e9s de un atrevido adelantamiento al inicio sobre el l\u00edder de la clasificaci\u00f3n, Oscar Piastri.","og_url":"https:\/\/esbozodeportivo.com\/index.php\/2025\/05\/18\/verstappen-gana-el-gp-de-emilia-romana\/","og_site_name":"Esbozo Deportivo","article_published_time":"2025-05-19T03:31:05+00:00","article_modified_time":"2025-05-19T03:31:06+00:00","og_image":[{"width":1440,"height":960,"url":"https:\/\/esbozodeportivo.com\/wp-content\/uploads\/2025\/05\/Formula-1-1.jpg","type":"image\/jpeg"}],"author":"Redacci\u00f3n","twitter_card":"summary_large_image","twitter_misc":{"Escrito por":"Redacci\u00f3n","Tiempo de lectura":"2 minutos"},"schema":{"@context":"https:\/\/schema.org","@graph":[{"@type":"Article","@id":"https:\/\/esbozodeportivo.com\/index.php\/2025\/05\/18\/verstappen-gana-el-gp-de-emilia-romana\/#article","isPartOf":{"@id":"https:\/\/esbozodeportivo.com\/index.php\/2025\/05\/18\/verstappen-gana-el-gp-de-emilia-romana\/"},"author":{"name":"Redacci\u00f3n","@id":"https:\/\/esbozodeportivo.com\/#\/schema\/person\/0f6df9196dfe6740dd0bb31bae50d374"},"headline":"Verstappen gana el GP de Emilia-Roma\u00f1a","datePublished":"2025-05-19T03:31:05+00:00","dateModified":"2025-05-19T03:31:06+00:00","mainEntityOfPage":{"@id":"https:\/\/esbozodeportivo.com\/index.php\/2025\/05\/18\/verstappen-gana-el-gp-de-emilia-romana\/"},"wordCount":334,"publisher":{"@id":"https:\/\/esbozodeportivo.com\/#organization"},"image":{"@id":"https:\/\/esbozodeportivo.com\/index.php\/2025\/05\/18\/verstappen-gana-el-gp-de-emilia-romana\/#primaryimage"},"thumbnailUrl":"https:\/\/esbozodeportivo.com\/wp-content\/uploads\/2025\/05\/Formula-1-1.jpg","articleSection":["F\u00f3rmula 1"],"inLanguage":"es"},{"@type":"WebPage","@id":"https:\/\/esbozodeportivo.com\/index.php\/2025\/05\/18\/verstappen-gana-el-gp-de-emilia-romana\/","url":"https:\/\/esbozodeportivo.com\/index.php\/2025\/05\/18\/verstappen-gana-el-gp-de-emilia-romana\/","name":"Verstappen gana el GP de Emilia-Roma\u00f1a - Esbozo Deportivo","isPartOf":{"@id":"https:\/\/esbozodeportivo.com\/#website"},"primaryImageOfPage":{"@id":"https:\/\/esbozodeportivo.com\/index.php\/2025\/05\/18\/verstappen-gana-el-gp-de-emilia-romana\/#primaryimage"},"image":{"@id":"https:\/\/esbozodeportivo.com\/index.php\/2025\/05\/18\/verstappen-gana-el-gp-de-emilia-romana\/#primaryimage"},"thumbnailUrl":"https:\/\/esbozodeportivo.com\/wp-content\/uploads\/2025\/05\/Formula-1-1.jpg","datePublished":"2025-05-19T03:31:05+00:00","dateModified":"2025-05-19T03:31:06+00:00","description":"Max Verstappen dio un gran impulso a la defensa de su t\u00edtulo de la F\u00f3rmula Uno ganando el Gran Premio de Emilia-Roma\u00f1a el domingo, despu\u00e9s de un atrevido adelantamiento al inicio sobre el l\u00edder de la clasificaci\u00f3n, Oscar Piastri.","breadcrumb":{"@id":"https:\/\/esbozodeportivo.com\/index.php\/2025\/05\/18\/verstappen-gana-el-gp-de-emilia-romana\/#breadcrumb"},"inLanguage":"es","potentialAction":[{"@type":"ReadAction","target":["https:\/\/esbozodeportivo.com\/index.php\/2025\/05\/18\/verstappen-gana-el-gp-de-emilia-romana\/"]}]},{"@type":"ImageObject","inLanguage":"es","@id":"https:\/\/esbozodeportivo.com\/index.php\/2025\/05\/18\/verstappen-gana-el-gp-de-emilia-romana\/#primaryimage","url":"https:\/\/esbozodeportivo.com\/wp-content\/uploads\/2025\/05\/Formula-1-1.jpg","contentUrl":"https:\/\/esbozodeportivo.com\/wp-content\/uploads\/2025\/05\/Formula-1-1.jpg","width":1440,"height":960},{"@type":"BreadcrumbList","@id":"https:\/\/esbozodeportivo.com\/index.php\/2025\/05\/18\/verstappen-gana-el-gp-de-emilia-romana\/#breadcrumb","itemListElement":[{"@type":"ListItem","position":1,"name":"Inicio","item":"https:\/\/esbozodeportivo.com\/"},{"@type":"ListItem","position":2,"name":"Verstappen gana el GP de Emilia-Roma\u00f1a"}]},{"@type":"WebSite","@id":"https:\/\/esbozodeportivo.com\/#website","url":"https:\/\/esbozodeportivo.com\/","name":"Esbozo Deportivo","description":"Lo m\u00e1s importante del Deporte","publisher":{"@id":"https:\/\/esbozodeportivo.com\/#organization"},"potentialAction":[{"@type":"SearchAction","target":{"@type":"EntryPoint","urlTemplate":"https:\/\/esbozodeportivo.com\/?s={search_term_string}"},"query-input":{"@type":"PropertyValueSpecification","valueRequired":true,"valueName":"search_term_string"}}],"inLanguage":"es"},{"@type":"Organization","@id":"https:\/\/esbozodeportivo.com\/#organization","name":"Esbozo Deportivo","url":"https:\/\/esbozodeportivo.com\/","logo":{"@type":"ImageObject","inLanguage":"es","@id":"https:\/\/esbozodeportivo.com\/#\/schema\/logo\/image\/","url":"https:\/\/esbozodeportivo.com\/wp-content\/uploads\/2022\/08\/cropped-Logo-Esbozo-Web-2.png","contentUrl":"https:\/\/esbozodeportivo.com\/wp-content\/uploads\/2022\/08\/cropped-Logo-Esbozo-Web-2.png","width":180,"height":50,"caption":"Esbozo Deportivo"},"image":{"@id":"https:\/\/esbozodeportivo.com\/#\/schema\/logo\/image\/"}},{"@type":"Person","@id":"https:\/\/esbozodeportivo.com\/#\/schema\/person\/0f6df9196dfe6740dd0bb31bae50d374","name":"Redacci\u00f3n","image":{"@type":"ImageObject","inLanguage":"es","@id":"https:\/\/esbozodeportivo.com\/#\/schema\/person\/image\/","url":"https:\/\/secure.gravatar.com\/avatar\/f55268a89c3b418f2ef172ff52ab0d09b3e653c58de29539fe329fb93d78ebf3?s=96&d=mm&r=g","contentUrl":"https:\/\/secure.gravatar.com\/avatar\/f55268a89c3b418f2ef172ff52ab0d09b3e653c58de29539fe329fb93d78ebf3?s=96&d=mm&r=g","caption":"Redacci\u00f3n"},"url":"https:\/\/esbozodeportivo.com\/index.php\/author\/redaccion\/"}]}},"jetpack_featured_media_url":"https:\/\/esbozodeportivo.com\/wp-content\/uploads\/2025\/05\/Formula-1-1.jpg","jetpack_sharing_enabled":true,"_links":{"self":[{"href":"https:\/\/esbozodeportivo.com\/index.php\/wp-json\/wp\/v2\/posts\/7386","targetHints":{"allow":["GET"]}}],"collection":[{"href":"https:\/\/esbozodeportivo.com\/index.php\/wp-json\/wp\/v2\/posts"}],"about":[{"href":"https:\/\/esbozodeportivo.com\/index.php\/wp-json\/wp\/v2\/types\/post"}],"author":[{"embeddable":true,"href":"https:\/\/esbozodeportivo.com\/index.php\/wp-json\/wp\/v2\/users\/4"}],"replies":[{"embeddable":true,"href":"https:\/\/esbozodeportivo.com\/index.php\/wp-json\/wp\/v2\/comments?post=7386"}],"version-history":[{"count":1,"href":"https:\/\/esbozodeportivo.com\/index.php\/wp-json\/wp\/v2\/posts\/7386\/revisions"}],"predecessor-version":[{"id":7387,"href":"https:\/\/esbozodeportivo.com\/index.php\/wp-json\/wp\/v2\/posts\/7386\/revisions\/7387"}],"wp:featuredmedia":[{"embeddable":true,"href":"https:\/\/esbozodeportivo.com\/index.php\/wp-json\/wp\/v2\/media\/7376"}],"wp:attachment":[{"href":"https:\/\/esbozodeportivo.com\/index.php\/wp-json\/wp\/v2\/media?parent=7386"}],"wp:term":[{"taxonomy":"category","embeddable":true,"href":"https:\/\/esbozodeportivo.com\/index.php\/wp-json\/wp\/v2\/categories?post=7386"},{"taxonomy":"post_tag","embeddable":true,"href":"https:\/\/esbozodeportivo.com\/index.php\/wp-json\/wp\/v2\/tags?post=7386"}],"curies":[{"name":"wp","href":"https:\/\/api.w.org\/{rel}","templated":true}]}}