{"id":7474,"date":"2025-05-22T00:33:29","date_gmt":"2025-05-22T06:33:29","guid":{"rendered":"https:\/\/esbozodeportivo.com\/?p=7474"},"modified":"2025-05-22T00:33:30","modified_gmt":"2025-05-22T06:33:30","slug":"murio-jim-irsay-a-los-65-anos","status":"publish","type":"post","link":"https:\/\/esbozodeportivo.com\/index.php\/2025\/05\/22\/murio-jim-irsay-a-los-65-anos\/","title":{"rendered":"Muri\u00f3 Jim Irsay, a los 65 a\u00f1os"},"content":{"rendered":"\n<p>(Foto: Agencias) <\/p>\n\n\n\n<p><strong>Jim Irsay<\/strong> comenz\u00f3 su carrera en el f\u00fatbol americano como recogepelotas. La termin\u00f3 como propietario de un equipo.<\/p>\n\n\n\n<p><strong>Irsay<\/strong> ascendi\u00f3 en la organizaci\u00f3n, aprendiendo a dirigir un equipo de f\u00fatbol americano, restaurando la orgullosa tradici\u00f3n de los <strong>Colts <\/strong>y reuniendo lo que algunos han denominado la mayor colecci\u00f3n de guitarras del mundo, todo mientras luchaba contra problemas de salud y adicciones al alcohol y los analg\u00e9sicos.<\/p>\n\n\n\n<p>El mi\u00e9rcoles, el notable viaje de <strong>Irsay<\/strong> termin\u00f3 a los <strong>65 a\u00f1os.<\/strong> <strong>Pete Ward<\/strong>, el hombre de confianza de <strong>Irsay<\/strong> desde hace mucho tiempo, hizo el anuncio en un comunicado, al informar que <strong>Irsay<\/strong> muri\u00f3 en paz mientras dorm\u00eda.<\/p>\n\n\n\n<p>\u201cLa dedicaci\u00f3n y pasi\u00f3n de <strong>Jim por los Colts<\/strong> de Indian\u00e1polis, adem\u00e1s de su generosidad, compromiso con la comunidad y, lo m\u00e1s importante, su amor por su familia, fueron incomparables\u201d, escribi\u00f3 <strong>Ward<\/strong>. \u201cNuestras m\u00e1s profundas condolencias van para sus hijas, <strong>Carlie Irsay-Gordon, Casey Foyt, Kalen Jackson, <\/strong>y toda su familia mientras compartimos su dolor\u201d.<\/p>\n\n\n\n<p>Con la ayuda del gerente general <strong>Bill Polian<\/strong>, el entrenador <strong>Tony Dungy<\/strong> y el mariscal de campo <strong>Peyton Manning<\/strong>, <strong>Irsay<\/strong> transform\u00f3 a los <strong>Colts<\/strong>, de objeto de burla a ser un contendientes perennes por el t\u00edtulo, incluso ganando un t\u00edtulo de <strong>Super Bowl<\/strong>.<\/p>\n\n\n\n<p>Polian, Dungy y Manning son miembros del <strong>Sal\u00f3n de la Fama<\/strong>.<\/p>\n\n\n\n<p>Luego utiliz\u00f3 ese \u00e9xito, y el aura de <strong>Manning,<\/strong> para convencer a los l\u00edderes de la ciudad a fin de construir un estadio con techo retr\u00e1ctil que se inaugur\u00f3 en 2008 y eventualmente permiti\u00f3 a Indian\u00e1polis albergar un <strong>Super Bowl<\/strong>.<\/p>\n\n\n\n<p>\u201cEstoy desconsolado al escuchar sobre el fallecimiento de <strong>Jim Irsay\u201d,<\/strong> dijo <strong>Manning <\/strong>en las redes sociales. \u201cFue un propietario incre\u00edblemente generoso y apasionado y siempre estar\u00e9 en deuda con \u00e9l por darme mi comienzo en la <strong>NFL<\/strong>. Su amor por los <strong>Colts <\/strong>y la ciudad de Indian\u00e1polis fue inigualable. Su impacto en los jugadores que trabajaron para \u00e9l no ser\u00e1 olvidado\u201d.<\/p>\n\n\n\n<p>M\u00e1s recientemente, sin embargo, <strong>Irsay <\/strong>enfrent\u00f3 problemas de salud y se volvi\u00f3 mucho menos visible tras una ca\u00edda en su casa el 8 de diciembre de 2023.<\/p>\n\n\n\n<p>Agentes de polic\u00eda de Carmel, Indiana, un suburbio al norte de Indian\u00e1polis, respondieron a una llamada al 911 desde la casa de <strong>Irsay.<\/strong> Seg\u00fan el informe policial, los agentes encontraron a <strong>Irsay<\/strong> respirando pero inconsciente y con un tono de piel azulado.<\/p>\n\n\n\n<p>Un mes despu\u00e9s, se le diagnostic\u00f3 una enfermedad respiratoria.<\/p>\n\n\n\n<p>El verano pasado, durante su conferencia de prensa anual en el campamento de entrenamiento, <strong>Irsay<\/strong> dijo a los reporteros que continuaba rehabilit\u00e1ndose de dos cirug\u00edas subsecuentes.<\/p>\n\n\n\n<p>\u201cEs genial verlos a ustedes, los fan\u00e1ticos y estar aqu\u00ed\u201d, dijo en ese momento. \u201cMe siento genial, ya saben, s\u00f3lo tratando de fortalecer esta pierna izquierda, lo cual suceder\u00e1&#8221;.<\/p>\n\n\n\n<p><strong>Irsay <\/strong>tampoco habl\u00f3 durante el reciente draft de <strong>la NFL<\/strong> como sol\u00eda hacerlo.<\/p>\n\n\n\n<p><strong>Skip Ad.<\/strong><\/p>\n\n\n\n<p><\/p>\n","protected":false},"excerpt":{"rendered":"<p>(Foto: Agencias) Jim Irsay comenz\u00f3 su carrera en el f\u00fatbol americano como recogepelotas. La termin\u00f3<\/p>\n","protected":false},"author":4,"featured_media":7458,"comment_status":"closed","ping_status":"open","sticky":false,"template":"","format":"standard","meta":{"_jetpack_memberships_contains_paid_content":false,"footnotes":""},"categories":[6],"tags":[],"class_list":["post-7474","post","type-post","status-publish","format-standard","has-post-thumbnail","hentry","category-nfl"],"yoast_head":"<!-- This site is optimized with the Yoast SEO plugin v25.7 - https:\/\/yoast.com\/wordpress\/plugins\/seo\/ -->\n<title>Muri\u00f3 Jim Irsay, a los 65 a\u00f1os - Esbozo Deportivo<\/title>\n<meta name=\"description\" content=\"Irsay ascendi\u00f3 en la organizaci\u00f3n, aprendiendo a dirigir un equipo de f\u00fatbol americano, restaurando la orgullosa tradici\u00f3n de los Colts y reuniendo lo que algunos han denominado la mayor colecci\u00f3n de guitarras del mundo, todo mientras luchaba contra problemas de salud y adicciones al alcohol y los analg\u00e9sicos.\" \/>\n<meta name=\"robots\" content=\"index, follow, max-snippet:-1, max-image-preview:large, max-video-preview:-1\" \/>\n<link rel=\"canonical\" href=\"https:\/\/esbozodeportivo.com\/index.php\/2025\/05\/22\/murio-jim-irsay-a-los-65-anos\/\" \/>\n<meta property=\"og:locale\" content=\"es_MX\" \/>\n<meta property=\"og:type\" content=\"article\" \/>\n<meta property=\"og:title\" content=\"Muri\u00f3 Jim Irsay, a los 65 a\u00f1os - Esbozo Deportivo\" \/>\n<meta property=\"og:description\" content=\"Irsay ascendi\u00f3 en la organizaci\u00f3n, aprendiendo a dirigir un equipo de f\u00fatbol americano, restaurando la orgullosa tradici\u00f3n de los Colts y reuniendo lo que algunos han denominado la mayor colecci\u00f3n de guitarras del mundo, todo mientras luchaba contra problemas de salud y adicciones al alcohol y los analg\u00e9sicos.\" \/>\n<meta property=\"og:url\" content=\"https:\/\/esbozodeportivo.com\/index.php\/2025\/05\/22\/murio-jim-irsay-a-los-65-anos\/\" \/>\n<meta property=\"og:site_name\" content=\"Esbozo Deportivo\" \/>\n<meta property=\"article:published_time\" content=\"2025-05-22T06:33:29+00:00\" \/>\n<meta property=\"article:modified_time\" content=\"2025-05-22T06:33:30+00:00\" \/>\n<meta property=\"og:image\" content=\"https:\/\/esbozodeportivo.com\/wp-content\/uploads\/2025\/05\/Jim.jpg\" \/>\n\t<meta property=\"og:image:width\" content=\"980\" \/>\n\t<meta property=\"og:image:height\" content=\"653\" \/>\n\t<meta property=\"og:image:type\" content=\"image\/jpeg\" \/>\n<meta name=\"author\" content=\"Redacci\u00f3n\" \/>\n<meta name=\"twitter:card\" content=\"summary_large_image\" \/>\n<meta name=\"twitter:label1\" content=\"Escrito por\" \/>\n\t<meta name=\"twitter:data1\" content=\"Redacci\u00f3n\" \/>\n\t<meta name=\"twitter:label2\" content=\"Tiempo de lectura\" \/>\n\t<meta name=\"twitter:data2\" content=\"3 minutos\" \/>\n<script type=\"application\/ld+json\" class=\"yoast-schema-graph\">{\"@context\":\"https:\/\/schema.org\",\"@graph\":[{\"@type\":\"Article\",\"@id\":\"https:\/\/esbozodeportivo.com\/index.php\/2025\/05\/22\/murio-jim-irsay-a-los-65-anos\/#article\",\"isPartOf\":{\"@id\":\"https:\/\/esbozodeportivo.com\/index.php\/2025\/05\/22\/murio-jim-irsay-a-los-65-anos\/\"},\"author\":{\"name\":\"Redacci\u00f3n\",\"@id\":\"https:\/\/esbozodeportivo.com\/#\/schema\/person\/0f6df9196dfe6740dd0bb31bae50d374\"},\"headline\":\"Muri\u00f3 Jim Irsay, a los 65 a\u00f1os\",\"datePublished\":\"2025-05-22T06:33:29+00:00\",\"dateModified\":\"2025-05-22T06:33:30+00:00\",\"mainEntityOfPage\":{\"@id\":\"https:\/\/esbozodeportivo.com\/index.php\/2025\/05\/22\/murio-jim-irsay-a-los-65-anos\/\"},\"wordCount\":500,\"publisher\":{\"@id\":\"https:\/\/esbozodeportivo.com\/#organization\"},\"image\":{\"@id\":\"https:\/\/esbozodeportivo.com\/index.php\/2025\/05\/22\/murio-jim-irsay-a-los-65-anos\/#primaryimage\"},\"thumbnailUrl\":\"https:\/\/esbozodeportivo.com\/wp-content\/uploads\/2025\/05\/Jim.jpg\",\"articleSection\":[\"NFL\"],\"inLanguage\":\"es\"},{\"@type\":\"WebPage\",\"@id\":\"https:\/\/esbozodeportivo.com\/index.php\/2025\/05\/22\/murio-jim-irsay-a-los-65-anos\/\",\"url\":\"https:\/\/esbozodeportivo.com\/index.php\/2025\/05\/22\/murio-jim-irsay-a-los-65-anos\/\",\"name\":\"Muri\u00f3 Jim Irsay, a los 65 a\u00f1os - Esbozo Deportivo\",\"isPartOf\":{\"@id\":\"https:\/\/esbozodeportivo.com\/#website\"},\"primaryImageOfPage\":{\"@id\":\"https:\/\/esbozodeportivo.com\/index.php\/2025\/05\/22\/murio-jim-irsay-a-los-65-anos\/#primaryimage\"},\"image\":{\"@id\":\"https:\/\/esbozodeportivo.com\/index.php\/2025\/05\/22\/murio-jim-irsay-a-los-65-anos\/#primaryimage\"},\"thumbnailUrl\":\"https:\/\/esbozodeportivo.com\/wp-content\/uploads\/2025\/05\/Jim.jpg\",\"datePublished\":\"2025-05-22T06:33:29+00:00\",\"dateModified\":\"2025-05-22T06:33:30+00:00\",\"description\":\"Irsay ascendi\u00f3 en la organizaci\u00f3n, aprendiendo a dirigir un equipo de f\u00fatbol americano, restaurando la orgullosa tradici\u00f3n de los Colts y reuniendo lo que algunos han denominado la mayor colecci\u00f3n de guitarras del mundo, todo mientras luchaba contra problemas de salud y adicciones al alcohol y los analg\u00e9sicos.\",\"breadcrumb\":{\"@id\":\"https:\/\/esbozodeportivo.com\/index.php\/2025\/05\/22\/murio-jim-irsay-a-los-65-anos\/#breadcrumb\"},\"inLanguage\":\"es\",\"potentialAction\":[{\"@type\":\"ReadAction\",\"target\":[\"https:\/\/esbozodeportivo.com\/index.php\/2025\/05\/22\/murio-jim-irsay-a-los-65-anos\/\"]}]},{\"@type\":\"ImageObject\",\"inLanguage\":\"es\",\"@id\":\"https:\/\/esbozodeportivo.com\/index.php\/2025\/05\/22\/murio-jim-irsay-a-los-65-anos\/#primaryimage\",\"url\":\"https:\/\/esbozodeportivo.com\/wp-content\/uploads\/2025\/05\/Jim.jpg\",\"contentUrl\":\"https:\/\/esbozodeportivo.com\/wp-content\/uploads\/2025\/05\/Jim.jpg\",\"width\":980,\"height\":653},{\"@type\":\"BreadcrumbList\",\"@id\":\"https:\/\/esbozodeportivo.com\/index.php\/2025\/05\/22\/murio-jim-irsay-a-los-65-anos\/#breadcrumb\",\"itemListElement\":[{\"@type\":\"ListItem\",\"position\":1,\"name\":\"Inicio\",\"item\":\"https:\/\/esbozodeportivo.com\/\"},{\"@type\":\"ListItem\",\"position\":2,\"name\":\"Muri\u00f3 Jim Irsay, a los 65 a\u00f1os\"}]},{\"@type\":\"WebSite\",\"@id\":\"https:\/\/esbozodeportivo.com\/#website\",\"url\":\"https:\/\/esbozodeportivo.com\/\",\"name\":\"Esbozo Deportivo\",\"description\":\"Lo m\u00e1s importante del Deporte\",\"publisher\":{\"@id\":\"https:\/\/esbozodeportivo.com\/#organization\"},\"potentialAction\":[{\"@type\":\"SearchAction\",\"target\":{\"@type\":\"EntryPoint\",\"urlTemplate\":\"https:\/\/esbozodeportivo.com\/?s={search_term_string}\"},\"query-input\":{\"@type\":\"PropertyValueSpecification\",\"valueRequired\":true,\"valueName\":\"search_term_string\"}}],\"inLanguage\":\"es\"},{\"@type\":\"Organization\",\"@id\":\"https:\/\/esbozodeportivo.com\/#organization\",\"name\":\"Esbozo Deportivo\",\"url\":\"https:\/\/esbozodeportivo.com\/\",\"logo\":{\"@type\":\"ImageObject\",\"inLanguage\":\"es\",\"@id\":\"https:\/\/esbozodeportivo.com\/#\/schema\/logo\/image\/\",\"url\":\"https:\/\/esbozodeportivo.com\/wp-content\/uploads\/2022\/08\/cropped-Logo-Esbozo-Web-2.png\",\"contentUrl\":\"https:\/\/esbozodeportivo.com\/wp-content\/uploads\/2022\/08\/cropped-Logo-Esbozo-Web-2.png\",\"width\":180,\"height\":50,\"caption\":\"Esbozo Deportivo\"},\"image\":{\"@id\":\"https:\/\/esbozodeportivo.com\/#\/schema\/logo\/image\/\"}},{\"@type\":\"Person\",\"@id\":\"https:\/\/esbozodeportivo.com\/#\/schema\/person\/0f6df9196dfe6740dd0bb31bae50d374\",\"name\":\"Redacci\u00f3n\",\"image\":{\"@type\":\"ImageObject\",\"inLanguage\":\"es\",\"@id\":\"https:\/\/esbozodeportivo.com\/#\/schema\/person\/image\/\",\"url\":\"https:\/\/secure.gravatar.com\/avatar\/f55268a89c3b418f2ef172ff52ab0d09b3e653c58de29539fe329fb93d78ebf3?s=96&d=mm&r=g\",\"contentUrl\":\"https:\/\/secure.gravatar.com\/avatar\/f55268a89c3b418f2ef172ff52ab0d09b3e653c58de29539fe329fb93d78ebf3?s=96&d=mm&r=g\",\"caption\":\"Redacci\u00f3n\"},\"url\":\"https:\/\/esbozodeportivo.com\/index.php\/author\/redaccion\/\"}]}<\/script>\n<!-- \/ Yoast SEO plugin. -->","yoast_head_json":{"title":"Muri\u00f3 Jim Irsay, a los 65 a\u00f1os - Esbozo Deportivo","description":"Irsay ascendi\u00f3 en la organizaci\u00f3n, aprendiendo a dirigir un equipo de f\u00fatbol americano, restaurando la orgullosa tradici\u00f3n de los Colts y reuniendo lo que algunos han denominado la mayor colecci\u00f3n de guitarras del mundo, todo mientras luchaba contra problemas de salud y adicciones al alcohol y los analg\u00e9sicos.","robots":{"index":"index","follow":"follow","max-snippet":"max-snippet:-1","max-image-preview":"max-image-preview:large","max-video-preview":"max-video-preview:-1"},"canonical":"https:\/\/esbozodeportivo.com\/index.php\/2025\/05\/22\/murio-jim-irsay-a-los-65-anos\/","og_locale":"es_MX","og_type":"article","og_title":"Muri\u00f3 Jim Irsay, a los 65 a\u00f1os - Esbozo Deportivo","og_description":"Irsay ascendi\u00f3 en la organizaci\u00f3n, aprendiendo a dirigir un equipo de f\u00fatbol americano, restaurando la orgullosa tradici\u00f3n de los Colts y reuniendo lo que algunos han denominado la mayor colecci\u00f3n de guitarras del mundo, todo mientras luchaba contra problemas de salud y adicciones al alcohol y los analg\u00e9sicos.","og_url":"https:\/\/esbozodeportivo.com\/index.php\/2025\/05\/22\/murio-jim-irsay-a-los-65-anos\/","og_site_name":"Esbozo Deportivo","article_published_time":"2025-05-22T06:33:29+00:00","article_modified_time":"2025-05-22T06:33:30+00:00","og_image":[{"width":980,"height":653,"url":"https:\/\/esbozodeportivo.com\/wp-content\/uploads\/2025\/05\/Jim.jpg","type":"image\/jpeg"}],"author":"Redacci\u00f3n","twitter_card":"summary_large_image","twitter_misc":{"Escrito por":"Redacci\u00f3n","Tiempo de lectura":"3 minutos"},"schema":{"@context":"https:\/\/schema.org","@graph":[{"@type":"Article","@id":"https:\/\/esbozodeportivo.com\/index.php\/2025\/05\/22\/murio-jim-irsay-a-los-65-anos\/#article","isPartOf":{"@id":"https:\/\/esbozodeportivo.com\/index.php\/2025\/05\/22\/murio-jim-irsay-a-los-65-anos\/"},"author":{"name":"Redacci\u00f3n","@id":"https:\/\/esbozodeportivo.com\/#\/schema\/person\/0f6df9196dfe6740dd0bb31bae50d374"},"headline":"Muri\u00f3 Jim Irsay, a los 65 a\u00f1os","datePublished":"2025-05-22T06:33:29+00:00","dateModified":"2025-05-22T06:33:30+00:00","mainEntityOfPage":{"@id":"https:\/\/esbozodeportivo.com\/index.php\/2025\/05\/22\/murio-jim-irsay-a-los-65-anos\/"},"wordCount":500,"publisher":{"@id":"https:\/\/esbozodeportivo.com\/#organization"},"image":{"@id":"https:\/\/esbozodeportivo.com\/index.php\/2025\/05\/22\/murio-jim-irsay-a-los-65-anos\/#primaryimage"},"thumbnailUrl":"https:\/\/esbozodeportivo.com\/wp-content\/uploads\/2025\/05\/Jim.jpg","articleSection":["NFL"],"inLanguage":"es"},{"@type":"WebPage","@id":"https:\/\/esbozodeportivo.com\/index.php\/2025\/05\/22\/murio-jim-irsay-a-los-65-anos\/","url":"https:\/\/esbozodeportivo.com\/index.php\/2025\/05\/22\/murio-jim-irsay-a-los-65-anos\/","name":"Muri\u00f3 Jim Irsay, a los 65 a\u00f1os - Esbozo Deportivo","isPartOf":{"@id":"https:\/\/esbozodeportivo.com\/#website"},"primaryImageOfPage":{"@id":"https:\/\/esbozodeportivo.com\/index.php\/2025\/05\/22\/murio-jim-irsay-a-los-65-anos\/#primaryimage"},"image":{"@id":"https:\/\/esbozodeportivo.com\/index.php\/2025\/05\/22\/murio-jim-irsay-a-los-65-anos\/#primaryimage"},"thumbnailUrl":"https:\/\/esbozodeportivo.com\/wp-content\/uploads\/2025\/05\/Jim.jpg","datePublished":"2025-05-22T06:33:29+00:00","dateModified":"2025-05-22T06:33:30+00:00","description":"Irsay ascendi\u00f3 en la organizaci\u00f3n, aprendiendo a dirigir un equipo de f\u00fatbol americano, restaurando la orgullosa tradici\u00f3n de los Colts y reuniendo lo que algunos han denominado la mayor colecci\u00f3n de guitarras del mundo, todo mientras luchaba contra problemas de salud y adicciones al alcohol y los analg\u00e9sicos.","breadcrumb":{"@id":"https:\/\/esbozodeportivo.com\/index.php\/2025\/05\/22\/murio-jim-irsay-a-los-65-anos\/#breadcrumb"},"inLanguage":"es","potentialAction":[{"@type":"ReadAction","target":["https:\/\/esbozodeportivo.com\/index.php\/2025\/05\/22\/murio-jim-irsay-a-los-65-anos\/"]}]},{"@type":"ImageObject","inLanguage":"es","@id":"https:\/\/esbozodeportivo.com\/index.php\/2025\/05\/22\/murio-jim-irsay-a-los-65-anos\/#primaryimage","url":"https:\/\/esbozodeportivo.com\/wp-content\/uploads\/2025\/05\/Jim.jpg","contentUrl":"https:\/\/esbozodeportivo.com\/wp-content\/uploads\/2025\/05\/Jim.jpg","width":980,"height":653},{"@type":"BreadcrumbList","@id":"https:\/\/esbozodeportivo.com\/index.php\/2025\/05\/22\/murio-jim-irsay-a-los-65-anos\/#breadcrumb","itemListElement":[{"@type":"ListItem","position":1,"name":"Inicio","item":"https:\/\/esbozodeportivo.com\/"},{"@type":"ListItem","position":2,"name":"Muri\u00f3 Jim Irsay, a los 65 a\u00f1os"}]},{"@type":"WebSite","@id":"https:\/\/esbozodeportivo.com\/#website","url":"https:\/\/esbozodeportivo.com\/","name":"Esbozo Deportivo","description":"Lo m\u00e1s importante del Deporte","publisher":{"@id":"https:\/\/esbozodeportivo.com\/#organization"},"potentialAction":[{"@type":"SearchAction","target":{"@type":"EntryPoint","urlTemplate":"https:\/\/esbozodeportivo.com\/?s={search_term_string}"},"query-input":{"@type":"PropertyValueSpecification","valueRequired":true,"valueName":"search_term_string"}}],"inLanguage":"es"},{"@type":"Organization","@id":"https:\/\/esbozodeportivo.com\/#organization","name":"Esbozo Deportivo","url":"https:\/\/esbozodeportivo.com\/","logo":{"@type":"ImageObject","inLanguage":"es","@id":"https:\/\/esbozodeportivo.com\/#\/schema\/logo\/image\/","url":"https:\/\/esbozodeportivo.com\/wp-content\/uploads\/2022\/08\/cropped-Logo-Esbozo-Web-2.png","contentUrl":"https:\/\/esbozodeportivo.com\/wp-content\/uploads\/2022\/08\/cropped-Logo-Esbozo-Web-2.png","width":180,"height":50,"caption":"Esbozo Deportivo"},"image":{"@id":"https:\/\/esbozodeportivo.com\/#\/schema\/logo\/image\/"}},{"@type":"Person","@id":"https:\/\/esbozodeportivo.com\/#\/schema\/person\/0f6df9196dfe6740dd0bb31bae50d374","name":"Redacci\u00f3n","image":{"@type":"ImageObject","inLanguage":"es","@id":"https:\/\/esbozodeportivo.com\/#\/schema\/person\/image\/","url":"https:\/\/secure.gravatar.com\/avatar\/f55268a89c3b418f2ef172ff52ab0d09b3e653c58de29539fe329fb93d78ebf3?s=96&d=mm&r=g","contentUrl":"https:\/\/secure.gravatar.com\/avatar\/f55268a89c3b418f2ef172ff52ab0d09b3e653c58de29539fe329fb93d78ebf3?s=96&d=mm&r=g","caption":"Redacci\u00f3n"},"url":"https:\/\/esbozodeportivo.com\/index.php\/author\/redaccion\/"}]}},"jetpack_featured_media_url":"https:\/\/esbozodeportivo.com\/wp-content\/uploads\/2025\/05\/Jim.jpg","jetpack_sharing_enabled":true,"_links":{"self":[{"href":"https:\/\/esbozodeportivo.com\/index.php\/wp-json\/wp\/v2\/posts\/7474","targetHints":{"allow":["GET"]}}],"collection":[{"href":"https:\/\/esbozodeportivo.com\/index.php\/wp-json\/wp\/v2\/posts"}],"about":[{"href":"https:\/\/esbozodeportivo.com\/index.php\/wp-json\/wp\/v2\/types\/post"}],"author":[{"embeddable":true,"href":"https:\/\/esbozodeportivo.com\/index.php\/wp-json\/wp\/v2\/users\/4"}],"replies":[{"embeddable":true,"href":"https:\/\/esbozodeportivo.com\/index.php\/wp-json\/wp\/v2\/comments?post=7474"}],"version-history":[{"count":1,"href":"https:\/\/esbozodeportivo.com\/index.php\/wp-json\/wp\/v2\/posts\/7474\/revisions"}],"predecessor-version":[{"id":7475,"href":"https:\/\/esbozodeportivo.com\/index.php\/wp-json\/wp\/v2\/posts\/7474\/revisions\/7475"}],"wp:featuredmedia":[{"embeddable":true,"href":"https:\/\/esbozodeportivo.com\/index.php\/wp-json\/wp\/v2\/media\/7458"}],"wp:attachment":[{"href":"https:\/\/esbozodeportivo.com\/index.php\/wp-json\/wp\/v2\/media?parent=7474"}],"wp:term":[{"taxonomy":"category","embeddable":true,"href":"https:\/\/esbozodeportivo.com\/index.php\/wp-json\/wp\/v2\/categories?post=7474"},{"taxonomy":"post_tag","embeddable":true,"href":"https:\/\/esbozodeportivo.com\/index.php\/wp-json\/wp\/v2\/tags?post=7474"}],"curies":[{"name":"wp","href":"https:\/\/api.w.org\/{rel}","templated":true}]}}