{"id":7494,"date":"2025-05-23T00:26:16","date_gmt":"2025-05-23T06:26:16","guid":{"rendered":"https:\/\/esbozodeportivo.com\/?p=7494"},"modified":"2025-05-23T00:26:16","modified_gmt":"2025-05-23T06:26:16","slug":"del-toro-aumenta-su-ventaja-en-el-giro","status":"publish","type":"post","link":"https:\/\/esbozodeportivo.com\/index.php\/2025\/05\/23\/del-toro-aumenta-su-ventaja-en-el-giro\/","title":{"rendered":"Del Toro aumenta su ventaja en el Giro"},"content":{"rendered":"\n<p>(Foto: Agencias) <\/p>\n\n\n\n<p>El mexicano <strong>Isaac Del Toro<\/strong> ampli\u00f3 ligeramente su ventaja general con la maglia rosa de l\u00edder general del <strong>Giro de Italia<\/strong> tras la 12da etapa, ganada el jueves por el neerland\u00e9s <strong>Olav Kooij<\/strong>.<\/p>\n\n\n\n<p><strong>Del Toro<\/strong> obtuvo una bonificaci\u00f3n de tiempo de dos segundos durante una secci\u00f3n de sprint intermedio y reforz\u00f3 su liderato, ahora de 33 segundos sobre su perseguidor inmediato, el espa\u00f1ol <strong>Juan Ayuso<\/strong>. <strong>Del Toro y Ayuso<\/strong> son compa\u00f1eros en el equipo UAE <strong>Team Emirates-XRG<\/strong>.<\/p>\n\n\n\n<p>La ruta del jueves \u2014ligeramente ondulada de 172 kil\u00f3metros (107 millas)\u2014 fue m\u00e1s adecuada para los velocistas.<\/p>\n\n\n\n<p>\u201cPara ser franco, no lo s\u00e9\u201d, dijo Del Toro, un ciclista con un perfil m\u00e1s de escalador que velocista. \u201cReci\u00e9n este a\u00f1o hice mi primer sprint&#8230; hace un mes. No hago esto con frecuencia. Intento hacerlo de manera inteligente. Ahora me ha salido bien. Pero no soy un sprinter\u201d.<\/p>\n\n\n\n<figure class=\"wp-block-image size-full\"><img loading=\"lazy\" decoding=\"async\" width=\"980\" height=\"653\" src=\"https:\/\/esbozodeportivo.com\/wp-content\/uploads\/2025\/05\/Giro-de-Italia2.jpg\" alt=\"\" class=\"wp-image-7486\" srcset=\"https:\/\/esbozodeportivo.com\/wp-content\/uploads\/2025\/05\/Giro-de-Italia2.jpg 980w, https:\/\/esbozodeportivo.com\/wp-content\/uploads\/2025\/05\/Giro-de-Italia2-300x200.jpg 300w, https:\/\/esbozodeportivo.com\/wp-content\/uploads\/2025\/05\/Giro-de-Italia2-768x512.jpg 768w\" sizes=\"auto, (max-width: 980px) 100vw, 980px\" \/><\/figure>\n\n\n\n<p>(Foto: Agencias) <\/p>\n\n\n\n<p>A sus 21 a\u00f1os, <strong>Del Toro<\/strong> se convirti\u00f3 en el primer ciclista mexicano en liderar el <strong>Giro<\/strong> cuando termin\u00f3 segundo el domingo.<\/p>\n\n\n\n<p>El belga <strong>Wout van Aert<\/strong>, ganador de la novena etapa el domingo, se coloc\u00f3 al frente cuando los ciclistas giraron hacia la meta y llev\u00f3 a <strong>Kooij,<\/strong> su compa\u00f1ero de equipo del <strong>Visma\u2013Lease a Bikej<\/strong>, a los \u00faltimos 200 metros.<\/p>\n\n\n\n<p>Desde all\u00ed, <strong>Kooij <\/strong>mantuvo a raya a su compatriota <strong>Casper Van Uden<\/strong> y al brit\u00e1nico <strong>Ben Turner<\/strong> para asegurar la primera victoria de etapa del <strong>Giro<\/strong> en su carrera.<\/p>\n\n\n\n<figure class=\"wp-block-image size-large\"><img loading=\"lazy\" decoding=\"async\" width=\"1024\" height=\"683\" src=\"https:\/\/esbozodeportivo.com\/wp-content\/uploads\/2025\/05\/Giro-de-Italia-2-1024x683.jpg\" alt=\"\" class=\"wp-image-7484\" srcset=\"https:\/\/esbozodeportivo.com\/wp-content\/uploads\/2025\/05\/Giro-de-Italia-2-1024x683.jpg 1024w, https:\/\/esbozodeportivo.com\/wp-content\/uploads\/2025\/05\/Giro-de-Italia-2-300x200.jpg 300w, https:\/\/esbozodeportivo.com\/wp-content\/uploads\/2025\/05\/Giro-de-Italia-2-768x512.jpg 768w, https:\/\/esbozodeportivo.com\/wp-content\/uploads\/2025\/05\/Giro-de-Italia-2.jpg 1440w\" sizes=\"auto, (max-width: 1024px) 100vw, 1024px\" \/><\/figure>\n\n\n\n<p>(Foto: Agencias) <\/p>\n\n\n\n<p><strong>Todos terminaron en poco menos de cuatro horas.<\/strong><\/p>\n\n\n\n<p>\u201cEstoy muy feliz de que hoy s\u00ed haya ido bien. <strong>Solo Wout<\/strong> puede hacer un lanzamiento tan largo como el de hoy\u201d, destac\u00f3 Kooij. \u201cHe tenido un apoyo extraordinario. Tengo que agradecer a mis compa\u00f1eros de equipo, todo el equipo hizo un trabajo fant\u00e1stico\u201d.<\/p>\n\n\n\n<p>La etapa del jueves comenz\u00f3 en <strong>M\u00f3dena<\/strong> \u2014hogar del famoso vinagre bals\u00e1mico y el vino tinto espumoso <strong>Lambrusc<\/strong> \u2014 y recorri\u00f3 el campo antes de finalizar en <strong>Viadana,<\/strong> en la regi\u00f3n de <strong>Lombard\u00eda<\/strong>.<\/p>\n\n\n\n<p>En condiciones nubladas y h\u00famedas, el tr\u00edo de fugados italianos \u2014<strong>Giosu\u00e8 Epis,<\/strong> <strong>Andrea Pietrobon y Manuele Tarozzi<\/strong>\u2014 fue alcanzado a unos 37 kil\u00f3metros del final.<\/p>\n\n\n\n<p><strong>Primoz Roglic<\/strong>, el campe\u00f3n de 2023, se encuentra en el quinto lugar de la clasificaci\u00f3n general, a 1:26 detr\u00e1s de <strong>Del Toro<\/strong>. El ecuatoriano <strong>Richard Carapaz <\/strong>se ubica sexto, a 1:58 del l\u00edder.<\/p>\n\n\n\n<figure class=\"wp-block-image size-large\"><img loading=\"lazy\" decoding=\"async\" width=\"1024\" height=\"683\" src=\"https:\/\/esbozodeportivo.com\/wp-content\/uploads\/2025\/05\/Giro-de-Italia3-1024x683.jpg\" alt=\"\" class=\"wp-image-7487\" srcset=\"https:\/\/esbozodeportivo.com\/wp-content\/uploads\/2025\/05\/Giro-de-Italia3-1024x683.jpg 1024w, https:\/\/esbozodeportivo.com\/wp-content\/uploads\/2025\/05\/Giro-de-Italia3-300x200.jpg 300w, https:\/\/esbozodeportivo.com\/wp-content\/uploads\/2025\/05\/Giro-de-Italia3-768x512.jpg 768w, https:\/\/esbozodeportivo.com\/wp-content\/uploads\/2025\/05\/Giro-de-Italia3.jpg 1440w\" sizes=\"auto, (max-width: 1024px) 100vw, 1024px\" \/><\/figure>\n\n\n\n<p>(Foto: Agencias) <\/p>\n\n\n\n<p><strong>Roglic,<\/strong> de 35 a\u00f1os, un ex saltador de esqu\u00ed antes de dedicarse al ciclismo, aspira a un segundo t\u00edtulo del <strong>Giro<\/strong> y al sexto t\u00edtulo en una gran vuelta en general. El esloveno ha conquistado cuatro veces la <strong>Vuelta a Espa\u00f1a<\/strong>, una cifra r\u00e9cord. <strong>Roglic<\/strong> perdi\u00f3 tiempo significativo despu\u00e9s de una ca\u00edda y luego un cambio de bicicleta en la complicada etapa del domingo.<\/p>\n\n\n\n<p>La 13ra etapa del viernes, ligeramente monta\u00f1osa, tiene una longitud de 180 kil\u00f3metros, con largada en <strong>Rovigo<\/strong> y meta en <strong>Vicenza<\/strong>.<\/p>\n\n\n\n<p>El Giro termina en Roma el 1 de junio.<\/p>\n\n\n\n<p><\/p>\n","protected":false},"excerpt":{"rendered":"<p>(Foto: Agencias) El mexicano Isaac Del Toro ampli\u00f3 ligeramente su ventaja general con la maglia<\/p>\n","protected":false},"author":4,"featured_media":7485,"comment_status":"closed","ping_status":"open","sticky":false,"template":"","format":"standard","meta":{"_jetpack_memberships_contains_paid_content":false,"footnotes":""},"categories":[86],"tags":[],"class_list":["post-7494","post","type-post","status-publish","format-standard","has-post-thumbnail","hentry","category-giro-de-italia"],"yoast_head":"<!-- This site is optimized with the Yoast SEO plugin v25.7 - https:\/\/yoast.com\/wordpress\/plugins\/seo\/ -->\n<title>Del Toro aumenta su ventaja en el Giro - Esbozo Deportivo<\/title>\n<meta name=\"description\" content=\"El mexicano Isaac Del Toro ampli\u00f3 ligeramente su ventaja general con la maglia rosa de l\u00edder general del Giro de Italia tras la 12da etapa, ganada el jueves por el neerland\u00e9s Olav Kooij.\" \/>\n<meta name=\"robots\" content=\"index, follow, max-snippet:-1, max-image-preview:large, max-video-preview:-1\" \/>\n<link rel=\"canonical\" href=\"https:\/\/esbozodeportivo.com\/index.php\/2025\/05\/23\/del-toro-aumenta-su-ventaja-en-el-giro\/\" \/>\n<meta property=\"og:locale\" content=\"es_MX\" \/>\n<meta property=\"og:type\" content=\"article\" \/>\n<meta property=\"og:title\" content=\"Del Toro aumenta su ventaja en el Giro - Esbozo Deportivo\" \/>\n<meta property=\"og:description\" content=\"El mexicano Isaac Del Toro ampli\u00f3 ligeramente su ventaja general con la maglia rosa de l\u00edder general del Giro de Italia tras la 12da etapa, ganada el jueves por el neerland\u00e9s Olav Kooij.\" \/>\n<meta property=\"og:url\" content=\"https:\/\/esbozodeportivo.com\/index.php\/2025\/05\/23\/del-toro-aumenta-su-ventaja-en-el-giro\/\" \/>\n<meta property=\"og:site_name\" content=\"Esbozo Deportivo\" \/>\n<meta property=\"article:published_time\" content=\"2025-05-23T06:26:16+00:00\" \/>\n<meta property=\"og:image\" content=\"https:\/\/esbozodeportivo.com\/wp-content\/uploads\/2025\/05\/Giro-de-Italia1-1.jpg\" \/>\n\t<meta property=\"og:image:width\" content=\"1440\" \/>\n\t<meta property=\"og:image:height\" content=\"810\" \/>\n\t<meta property=\"og:image:type\" content=\"image\/jpeg\" \/>\n<meta name=\"author\" content=\"Redacci\u00f3n\" \/>\n<meta name=\"twitter:card\" content=\"summary_large_image\" \/>\n<meta name=\"twitter:label1\" content=\"Escrito por\" \/>\n\t<meta name=\"twitter:data1\" content=\"Redacci\u00f3n\" \/>\n\t<meta name=\"twitter:label2\" content=\"Tiempo de lectura\" \/>\n\t<meta name=\"twitter:data2\" content=\"3 minutos\" \/>\n<script type=\"application\/ld+json\" class=\"yoast-schema-graph\">{\"@context\":\"https:\/\/schema.org\",\"@graph\":[{\"@type\":\"Article\",\"@id\":\"https:\/\/esbozodeportivo.com\/index.php\/2025\/05\/23\/del-toro-aumenta-su-ventaja-en-el-giro\/#article\",\"isPartOf\":{\"@id\":\"https:\/\/esbozodeportivo.com\/index.php\/2025\/05\/23\/del-toro-aumenta-su-ventaja-en-el-giro\/\"},\"author\":{\"name\":\"Redacci\u00f3n\",\"@id\":\"https:\/\/esbozodeportivo.com\/#\/schema\/person\/0f6df9196dfe6740dd0bb31bae50d374\"},\"headline\":\"Del Toro aumenta su ventaja en el Giro\",\"datePublished\":\"2025-05-23T06:26:16+00:00\",\"mainEntityOfPage\":{\"@id\":\"https:\/\/esbozodeportivo.com\/index.php\/2025\/05\/23\/del-toro-aumenta-su-ventaja-en-el-giro\/\"},\"wordCount\":511,\"publisher\":{\"@id\":\"https:\/\/esbozodeportivo.com\/#organization\"},\"image\":{\"@id\":\"https:\/\/esbozodeportivo.com\/index.php\/2025\/05\/23\/del-toro-aumenta-su-ventaja-en-el-giro\/#primaryimage\"},\"thumbnailUrl\":\"https:\/\/esbozodeportivo.com\/wp-content\/uploads\/2025\/05\/Giro-de-Italia1-1.jpg\",\"articleSection\":[\"Giro de Italia\"],\"inLanguage\":\"es\"},{\"@type\":\"WebPage\",\"@id\":\"https:\/\/esbozodeportivo.com\/index.php\/2025\/05\/23\/del-toro-aumenta-su-ventaja-en-el-giro\/\",\"url\":\"https:\/\/esbozodeportivo.com\/index.php\/2025\/05\/23\/del-toro-aumenta-su-ventaja-en-el-giro\/\",\"name\":\"Del Toro aumenta su ventaja en el Giro - Esbozo Deportivo\",\"isPartOf\":{\"@id\":\"https:\/\/esbozodeportivo.com\/#website\"},\"primaryImageOfPage\":{\"@id\":\"https:\/\/esbozodeportivo.com\/index.php\/2025\/05\/23\/del-toro-aumenta-su-ventaja-en-el-giro\/#primaryimage\"},\"image\":{\"@id\":\"https:\/\/esbozodeportivo.com\/index.php\/2025\/05\/23\/del-toro-aumenta-su-ventaja-en-el-giro\/#primaryimage\"},\"thumbnailUrl\":\"https:\/\/esbozodeportivo.com\/wp-content\/uploads\/2025\/05\/Giro-de-Italia1-1.jpg\",\"datePublished\":\"2025-05-23T06:26:16+00:00\",\"description\":\"El mexicano Isaac Del Toro ampli\u00f3 ligeramente su ventaja general con la maglia rosa de l\u00edder general del Giro de Italia tras la 12da etapa, ganada el jueves por el neerland\u00e9s Olav Kooij.\",\"breadcrumb\":{\"@id\":\"https:\/\/esbozodeportivo.com\/index.php\/2025\/05\/23\/del-toro-aumenta-su-ventaja-en-el-giro\/#breadcrumb\"},\"inLanguage\":\"es\",\"potentialAction\":[{\"@type\":\"ReadAction\",\"target\":[\"https:\/\/esbozodeportivo.com\/index.php\/2025\/05\/23\/del-toro-aumenta-su-ventaja-en-el-giro\/\"]}]},{\"@type\":\"ImageObject\",\"inLanguage\":\"es\",\"@id\":\"https:\/\/esbozodeportivo.com\/index.php\/2025\/05\/23\/del-toro-aumenta-su-ventaja-en-el-giro\/#primaryimage\",\"url\":\"https:\/\/esbozodeportivo.com\/wp-content\/uploads\/2025\/05\/Giro-de-Italia1-1.jpg\",\"contentUrl\":\"https:\/\/esbozodeportivo.com\/wp-content\/uploads\/2025\/05\/Giro-de-Italia1-1.jpg\",\"width\":1440,\"height\":810},{\"@type\":\"BreadcrumbList\",\"@id\":\"https:\/\/esbozodeportivo.com\/index.php\/2025\/05\/23\/del-toro-aumenta-su-ventaja-en-el-giro\/#breadcrumb\",\"itemListElement\":[{\"@type\":\"ListItem\",\"position\":1,\"name\":\"Inicio\",\"item\":\"https:\/\/esbozodeportivo.com\/\"},{\"@type\":\"ListItem\",\"position\":2,\"name\":\"Del Toro aumenta su ventaja en el Giro\"}]},{\"@type\":\"WebSite\",\"@id\":\"https:\/\/esbozodeportivo.com\/#website\",\"url\":\"https:\/\/esbozodeportivo.com\/\",\"name\":\"Esbozo Deportivo\",\"description\":\"Lo m\u00e1s importante del Deporte\",\"publisher\":{\"@id\":\"https:\/\/esbozodeportivo.com\/#organization\"},\"potentialAction\":[{\"@type\":\"SearchAction\",\"target\":{\"@type\":\"EntryPoint\",\"urlTemplate\":\"https:\/\/esbozodeportivo.com\/?s={search_term_string}\"},\"query-input\":{\"@type\":\"PropertyValueSpecification\",\"valueRequired\":true,\"valueName\":\"search_term_string\"}}],\"inLanguage\":\"es\"},{\"@type\":\"Organization\",\"@id\":\"https:\/\/esbozodeportivo.com\/#organization\",\"name\":\"Esbozo Deportivo\",\"url\":\"https:\/\/esbozodeportivo.com\/\",\"logo\":{\"@type\":\"ImageObject\",\"inLanguage\":\"es\",\"@id\":\"https:\/\/esbozodeportivo.com\/#\/schema\/logo\/image\/\",\"url\":\"https:\/\/esbozodeportivo.com\/wp-content\/uploads\/2022\/08\/cropped-Logo-Esbozo-Web-2.png\",\"contentUrl\":\"https:\/\/esbozodeportivo.com\/wp-content\/uploads\/2022\/08\/cropped-Logo-Esbozo-Web-2.png\",\"width\":180,\"height\":50,\"caption\":\"Esbozo Deportivo\"},\"image\":{\"@id\":\"https:\/\/esbozodeportivo.com\/#\/schema\/logo\/image\/\"}},{\"@type\":\"Person\",\"@id\":\"https:\/\/esbozodeportivo.com\/#\/schema\/person\/0f6df9196dfe6740dd0bb31bae50d374\",\"name\":\"Redacci\u00f3n\",\"image\":{\"@type\":\"ImageObject\",\"inLanguage\":\"es\",\"@id\":\"https:\/\/esbozodeportivo.com\/#\/schema\/person\/image\/\",\"url\":\"https:\/\/secure.gravatar.com\/avatar\/f55268a89c3b418f2ef172ff52ab0d09b3e653c58de29539fe329fb93d78ebf3?s=96&d=mm&r=g\",\"contentUrl\":\"https:\/\/secure.gravatar.com\/avatar\/f55268a89c3b418f2ef172ff52ab0d09b3e653c58de29539fe329fb93d78ebf3?s=96&d=mm&r=g\",\"caption\":\"Redacci\u00f3n\"},\"url\":\"https:\/\/esbozodeportivo.com\/index.php\/author\/redaccion\/\"}]}<\/script>\n<!-- \/ Yoast SEO plugin. -->","yoast_head_json":{"title":"Del Toro aumenta su ventaja en el Giro - Esbozo Deportivo","description":"El mexicano Isaac Del Toro ampli\u00f3 ligeramente su ventaja general con la maglia rosa de l\u00edder general del Giro de Italia tras la 12da etapa, ganada el jueves por el neerland\u00e9s Olav Kooij.","robots":{"index":"index","follow":"follow","max-snippet":"max-snippet:-1","max-image-preview":"max-image-preview:large","max-video-preview":"max-video-preview:-1"},"canonical":"https:\/\/esbozodeportivo.com\/index.php\/2025\/05\/23\/del-toro-aumenta-su-ventaja-en-el-giro\/","og_locale":"es_MX","og_type":"article","og_title":"Del Toro aumenta su ventaja en el Giro - Esbozo Deportivo","og_description":"El mexicano Isaac Del Toro ampli\u00f3 ligeramente su ventaja general con la maglia rosa de l\u00edder general del Giro de Italia tras la 12da etapa, ganada el jueves por el neerland\u00e9s Olav Kooij.","og_url":"https:\/\/esbozodeportivo.com\/index.php\/2025\/05\/23\/del-toro-aumenta-su-ventaja-en-el-giro\/","og_site_name":"Esbozo Deportivo","article_published_time":"2025-05-23T06:26:16+00:00","og_image":[{"width":1440,"height":810,"url":"https:\/\/esbozodeportivo.com\/wp-content\/uploads\/2025\/05\/Giro-de-Italia1-1.jpg","type":"image\/jpeg"}],"author":"Redacci\u00f3n","twitter_card":"summary_large_image","twitter_misc":{"Escrito por":"Redacci\u00f3n","Tiempo de lectura":"3 minutos"},"schema":{"@context":"https:\/\/schema.org","@graph":[{"@type":"Article","@id":"https:\/\/esbozodeportivo.com\/index.php\/2025\/05\/23\/del-toro-aumenta-su-ventaja-en-el-giro\/#article","isPartOf":{"@id":"https:\/\/esbozodeportivo.com\/index.php\/2025\/05\/23\/del-toro-aumenta-su-ventaja-en-el-giro\/"},"author":{"name":"Redacci\u00f3n","@id":"https:\/\/esbozodeportivo.com\/#\/schema\/person\/0f6df9196dfe6740dd0bb31bae50d374"},"headline":"Del Toro aumenta su ventaja en el Giro","datePublished":"2025-05-23T06:26:16+00:00","mainEntityOfPage":{"@id":"https:\/\/esbozodeportivo.com\/index.php\/2025\/05\/23\/del-toro-aumenta-su-ventaja-en-el-giro\/"},"wordCount":511,"publisher":{"@id":"https:\/\/esbozodeportivo.com\/#organization"},"image":{"@id":"https:\/\/esbozodeportivo.com\/index.php\/2025\/05\/23\/del-toro-aumenta-su-ventaja-en-el-giro\/#primaryimage"},"thumbnailUrl":"https:\/\/esbozodeportivo.com\/wp-content\/uploads\/2025\/05\/Giro-de-Italia1-1.jpg","articleSection":["Giro de Italia"],"inLanguage":"es"},{"@type":"WebPage","@id":"https:\/\/esbozodeportivo.com\/index.php\/2025\/05\/23\/del-toro-aumenta-su-ventaja-en-el-giro\/","url":"https:\/\/esbozodeportivo.com\/index.php\/2025\/05\/23\/del-toro-aumenta-su-ventaja-en-el-giro\/","name":"Del Toro aumenta su ventaja en el Giro - Esbozo Deportivo","isPartOf":{"@id":"https:\/\/esbozodeportivo.com\/#website"},"primaryImageOfPage":{"@id":"https:\/\/esbozodeportivo.com\/index.php\/2025\/05\/23\/del-toro-aumenta-su-ventaja-en-el-giro\/#primaryimage"},"image":{"@id":"https:\/\/esbozodeportivo.com\/index.php\/2025\/05\/23\/del-toro-aumenta-su-ventaja-en-el-giro\/#primaryimage"},"thumbnailUrl":"https:\/\/esbozodeportivo.com\/wp-content\/uploads\/2025\/05\/Giro-de-Italia1-1.jpg","datePublished":"2025-05-23T06:26:16+00:00","description":"El mexicano Isaac Del Toro ampli\u00f3 ligeramente su ventaja general con la maglia rosa de l\u00edder general del Giro de Italia tras la 12da etapa, ganada el jueves por el neerland\u00e9s Olav Kooij.","breadcrumb":{"@id":"https:\/\/esbozodeportivo.com\/index.php\/2025\/05\/23\/del-toro-aumenta-su-ventaja-en-el-giro\/#breadcrumb"},"inLanguage":"es","potentialAction":[{"@type":"ReadAction","target":["https:\/\/esbozodeportivo.com\/index.php\/2025\/05\/23\/del-toro-aumenta-su-ventaja-en-el-giro\/"]}]},{"@type":"ImageObject","inLanguage":"es","@id":"https:\/\/esbozodeportivo.com\/index.php\/2025\/05\/23\/del-toro-aumenta-su-ventaja-en-el-giro\/#primaryimage","url":"https:\/\/esbozodeportivo.com\/wp-content\/uploads\/2025\/05\/Giro-de-Italia1-1.jpg","contentUrl":"https:\/\/esbozodeportivo.com\/wp-content\/uploads\/2025\/05\/Giro-de-Italia1-1.jpg","width":1440,"height":810},{"@type":"BreadcrumbList","@id":"https:\/\/esbozodeportivo.com\/index.php\/2025\/05\/23\/del-toro-aumenta-su-ventaja-en-el-giro\/#breadcrumb","itemListElement":[{"@type":"ListItem","position":1,"name":"Inicio","item":"https:\/\/esbozodeportivo.com\/"},{"@type":"ListItem","position":2,"name":"Del Toro aumenta su ventaja en el Giro"}]},{"@type":"WebSite","@id":"https:\/\/esbozodeportivo.com\/#website","url":"https:\/\/esbozodeportivo.com\/","name":"Esbozo Deportivo","description":"Lo m\u00e1s importante del Deporte","publisher":{"@id":"https:\/\/esbozodeportivo.com\/#organization"},"potentialAction":[{"@type":"SearchAction","target":{"@type":"EntryPoint","urlTemplate":"https:\/\/esbozodeportivo.com\/?s={search_term_string}"},"query-input":{"@type":"PropertyValueSpecification","valueRequired":true,"valueName":"search_term_string"}}],"inLanguage":"es"},{"@type":"Organization","@id":"https:\/\/esbozodeportivo.com\/#organization","name":"Esbozo Deportivo","url":"https:\/\/esbozodeportivo.com\/","logo":{"@type":"ImageObject","inLanguage":"es","@id":"https:\/\/esbozodeportivo.com\/#\/schema\/logo\/image\/","url":"https:\/\/esbozodeportivo.com\/wp-content\/uploads\/2022\/08\/cropped-Logo-Esbozo-Web-2.png","contentUrl":"https:\/\/esbozodeportivo.com\/wp-content\/uploads\/2022\/08\/cropped-Logo-Esbozo-Web-2.png","width":180,"height":50,"caption":"Esbozo Deportivo"},"image":{"@id":"https:\/\/esbozodeportivo.com\/#\/schema\/logo\/image\/"}},{"@type":"Person","@id":"https:\/\/esbozodeportivo.com\/#\/schema\/person\/0f6df9196dfe6740dd0bb31bae50d374","name":"Redacci\u00f3n","image":{"@type":"ImageObject","inLanguage":"es","@id":"https:\/\/esbozodeportivo.com\/#\/schema\/person\/image\/","url":"https:\/\/secure.gravatar.com\/avatar\/f55268a89c3b418f2ef172ff52ab0d09b3e653c58de29539fe329fb93d78ebf3?s=96&d=mm&r=g","contentUrl":"https:\/\/secure.gravatar.com\/avatar\/f55268a89c3b418f2ef172ff52ab0d09b3e653c58de29539fe329fb93d78ebf3?s=96&d=mm&r=g","caption":"Redacci\u00f3n"},"url":"https:\/\/esbozodeportivo.com\/index.php\/author\/redaccion\/"}]}},"jetpack_featured_media_url":"https:\/\/esbozodeportivo.com\/wp-content\/uploads\/2025\/05\/Giro-de-Italia1-1.jpg","jetpack_sharing_enabled":true,"_links":{"self":[{"href":"https:\/\/esbozodeportivo.com\/index.php\/wp-json\/wp\/v2\/posts\/7494","targetHints":{"allow":["GET"]}}],"collection":[{"href":"https:\/\/esbozodeportivo.com\/index.php\/wp-json\/wp\/v2\/posts"}],"about":[{"href":"https:\/\/esbozodeportivo.com\/index.php\/wp-json\/wp\/v2\/types\/post"}],"author":[{"embeddable":true,"href":"https:\/\/esbozodeportivo.com\/index.php\/wp-json\/wp\/v2\/users\/4"}],"replies":[{"embeddable":true,"href":"https:\/\/esbozodeportivo.com\/index.php\/wp-json\/wp\/v2\/comments?post=7494"}],"version-history":[{"count":1,"href":"https:\/\/esbozodeportivo.com\/index.php\/wp-json\/wp\/v2\/posts\/7494\/revisions"}],"predecessor-version":[{"id":7495,"href":"https:\/\/esbozodeportivo.com\/index.php\/wp-json\/wp\/v2\/posts\/7494\/revisions\/7495"}],"wp:featuredmedia":[{"embeddable":true,"href":"https:\/\/esbozodeportivo.com\/index.php\/wp-json\/wp\/v2\/media\/7485"}],"wp:attachment":[{"href":"https:\/\/esbozodeportivo.com\/index.php\/wp-json\/wp\/v2\/media?parent=7494"}],"wp:term":[{"taxonomy":"category","embeddable":true,"href":"https:\/\/esbozodeportivo.com\/index.php\/wp-json\/wp\/v2\/categories?post=7494"},{"taxonomy":"post_tag","embeddable":true,"href":"https:\/\/esbozodeportivo.com\/index.php\/wp-json\/wp\/v2\/tags?post=7494"}],"curies":[{"name":"wp","href":"https:\/\/api.w.org\/{rel}","templated":true}]}}