{"id":7520,"date":"2025-05-23T14:16:25","date_gmt":"2025-05-23T20:16:25","guid":{"rendered":"https:\/\/esbozodeportivo.com\/?p=7520"},"modified":"2025-05-23T14:16:25","modified_gmt":"2025-05-23T20:16:25","slug":"del-toro-sigue-a-la-cabeza-del-giro","status":"publish","type":"post","link":"https:\/\/esbozodeportivo.com\/index.php\/2025\/05\/23\/del-toro-sigue-a-la-cabeza-del-giro\/","title":{"rendered":"Del Toro sigue a la cabeza del Giro"},"content":{"rendered":"\n<p>(Foto: Agencias)<\/p>\n\n\n\n<p>El mexicano <strong>Isaac Del Toro<\/strong> sigue sumando a su ventaja en el <strong>Giro de Italia<\/strong>, aunque sea solo unos segundos por d\u00eda.<\/p>\n\n\n\n<p>Gracias a su tercer lugar el viernes en la 13ra etapa, que tuvo un final corto pero empinado, <strong>Del Toro <\/strong>ampli\u00f3 su ventaja sobre el espa\u00f1ol Juan Ayuso, su compa\u00f1ero de equipo del <strong>UAE Team Emirates<\/strong>, en cinco segundos.<\/p>\n\n\n\n<p>El dan\u00e9s <strong>Mads Pedersen<\/strong> consigui\u00f3 su cuarta victoria de etapa en la edici\u00f3n de este a\u00f1o tras una exhibici\u00f3n de potencia en el ascenso al santuario de <strong>Monte Berico.<\/strong><\/p>\n\n\n\n<p><strong>Wout van Aert<\/strong> cruz\u00f3 en segundo lugar con el mismo tiempo que <strong>Pedersen<\/strong>. <strong>Del Toro <\/strong>entr\u00f3 tercero, dos segundos detr\u00e1s pero tres segundos por delante de todos los dem\u00e1s contendientes generales.<\/p>\n\n\n\n<figure class=\"wp-block-image size-large\"><img loading=\"lazy\" decoding=\"async\" width=\"1024\" height=\"683\" src=\"https:\/\/esbozodeportivo.com\/wp-content\/uploads\/2025\/05\/Giro1-1-1024x683.jpg\" alt=\"\" class=\"wp-image-7511\" srcset=\"https:\/\/esbozodeportivo.com\/wp-content\/uploads\/2025\/05\/Giro1-1-1024x683.jpg 1024w, https:\/\/esbozodeportivo.com\/wp-content\/uploads\/2025\/05\/Giro1-1-300x200.jpg 300w, https:\/\/esbozodeportivo.com\/wp-content\/uploads\/2025\/05\/Giro1-1-768x512.jpg 768w, https:\/\/esbozodeportivo.com\/wp-content\/uploads\/2025\/05\/Giro1-1.jpg 1440w\" sizes=\"auto, (max-width: 1024px) 100vw, 1024px\" \/><\/figure>\n\n\n\n<p>(Foto: Agencias) <\/p>\n\n\n\n<p>Por segundo d\u00eda consecutivo, <strong>Del Toro<\/strong> tambi\u00e9n obtuvo un bono de dos segundos durante un sprint intermedio a diez kil\u00f3metros de la meta, mientras que Ayuso sum\u00f3 cuatro segundos.<\/p>\n\n\n\n<p>Esencialmente, <strong>Del Toro<\/strong> ha sido el mandam\u00e1s en cuanto a la repartici\u00f3n de las bonificaciones de este <strong>Giro<\/strong>, acumulando una ganancia de 36 segundos, lejos de los 22 de Ayuso.<\/p>\n\n\n\n<p>En la clasificaci\u00f3n general, <strong>Del Toro<\/strong> lidera a Ayuso por 38 segundos. El italiano <strong>Antonio Tiberi<\/strong> se encuentra tercero, a 1:18. <strong>Simon Yates<\/strong> se ubica cuarto, a 1:20, y <strong>Primoz Roglic<\/strong> est\u00e1 quinto, a 1:35. El ecuatoriano <strong>Richard Carapaz<\/strong> sigue sexto, a 2:07, y el colombiano <strong>Egan Bernal<\/strong> asoma noveno a 2:50.<\/p>\n\n\n\n<p><strong>Del Toro<\/strong>, de 21 a\u00f1os, se convirti\u00f3 en el primer ciclista mexicano en liderar la clasificaci\u00f3n general del Giro cuando termin\u00f3 segundo el domingo.<\/p>\n\n\n\n<p>La ruta de 180 kil\u00f3metros (112 millas) de <strong>Rovigo a Vicenza<\/strong> fue mayormente plana, hasta el final, con dos ascensos a <strong>Monte Berico<\/strong>, con una pendiente promedio del 7.1% y los metros finales al 12%.<\/p>\n\n\n\n<figure class=\"wp-block-image size-large\"><img loading=\"lazy\" decoding=\"async\" width=\"798\" height=\"1024\" src=\"https:\/\/esbozodeportivo.com\/wp-content\/uploads\/2025\/05\/Giro2-798x1024.jpg\" alt=\"\" class=\"wp-image-7512\" srcset=\"https:\/\/esbozodeportivo.com\/wp-content\/uploads\/2025\/05\/Giro2-798x1024.jpg 798w, https:\/\/esbozodeportivo.com\/wp-content\/uploads\/2025\/05\/Giro2-234x300.jpg 234w, https:\/\/esbozodeportivo.com\/wp-content\/uploads\/2025\/05\/Giro2-768x985.jpg 768w, https:\/\/esbozodeportivo.com\/wp-content\/uploads\/2025\/05\/Giro2-1197x1536.jpg 1197w, https:\/\/esbozodeportivo.com\/wp-content\/uploads\/2025\/05\/Giro2-1024x1314.jpg 1024w, https:\/\/esbozodeportivo.com\/wp-content\/uploads\/2025\/05\/Giro2.jpg 1247w\" sizes=\"auto, (max-width: 798px) 100vw, 798px\" \/><\/figure>\n\n\n\n<p>(Foto: Agencias) <\/p>\n\n\n\n<p><strong>Pedersen <\/strong>tambi\u00e9n sali\u00f3 victorioso en las etapas 1, 3 y 5.<\/p>\n\n\n\n<p>\u201cQu\u00e9 Giro tan incre\u00edble est\u00e1 siendo para nosotros\u201d, dijo <strong>Pedersen.<\/strong> \u201cEl momento de lanzar mi esfuerzo lo dict\u00f3 el instinto. Tuve que abrirme por el lado derecho, cerca de las vallas, as\u00ed que arranqu\u00e9 un poco antes de lo que quer\u00eda. En un d\u00eda tan duro y con un final como este, todos llegamos con las piernas ardiendo\u201d.<\/p>\n\n\n\n<p>La 14ta etapa el s\u00e1bado ser\u00e1 mayormente plana, con una ruta de 195 kil\u00f3metros (121 millas) desde Treviso, cruzando la frontera hacia <strong>Eslovenia<\/strong> con un final en <strong>Nova Gorica<\/strong>. Luego, el domingo, hay una gran subida al <strong>Monte Grappa<\/strong> en el punto medio de la etapa.<\/p>\n\n\n\n<p>El Giro culminar\u00e1 en Roma el 1 de junio.<\/p>\n\n\n\n<figure class=\"wp-block-image size-large\"><img loading=\"lazy\" decoding=\"async\" width=\"1024\" height=\"683\" src=\"https:\/\/esbozodeportivo.com\/wp-content\/uploads\/2025\/05\/Giro3-1024x683.jpg\" alt=\"\" class=\"wp-image-7513\" srcset=\"https:\/\/esbozodeportivo.com\/wp-content\/uploads\/2025\/05\/Giro3-1024x683.jpg 1024w, https:\/\/esbozodeportivo.com\/wp-content\/uploads\/2025\/05\/Giro3-300x200.jpg 300w, https:\/\/esbozodeportivo.com\/wp-content\/uploads\/2025\/05\/Giro3-768x512.jpg 768w, https:\/\/esbozodeportivo.com\/wp-content\/uploads\/2025\/05\/Giro3.jpg 1440w\" sizes=\"auto, (max-width: 1024px) 100vw, 1024px\" \/><\/figure>\n\n\n\n<p>(Foto: Agencias) <\/p>\n\n\n\n<figure class=\"wp-block-image size-large\"><img loading=\"lazy\" decoding=\"async\" width=\"822\" height=\"1024\" src=\"https:\/\/esbozodeportivo.com\/wp-content\/uploads\/2025\/05\/Giro4-822x1024.jpg\" alt=\"\" class=\"wp-image-7514\" srcset=\"https:\/\/esbozodeportivo.com\/wp-content\/uploads\/2025\/05\/Giro4-822x1024.jpg 822w, https:\/\/esbozodeportivo.com\/wp-content\/uploads\/2025\/05\/Giro4-241x300.jpg 241w, https:\/\/esbozodeportivo.com\/wp-content\/uploads\/2025\/05\/Giro4-768x956.jpg 768w, https:\/\/esbozodeportivo.com\/wp-content\/uploads\/2025\/05\/Giro4-1234x1536.jpg 1234w, https:\/\/esbozodeportivo.com\/wp-content\/uploads\/2025\/05\/Giro4-1024x1275.jpg 1024w, https:\/\/esbozodeportivo.com\/wp-content\/uploads\/2025\/05\/Giro4.jpg 1285w\" sizes=\"auto, (max-width: 822px) 100vw, 822px\" \/><\/figure>\n\n\n\n<p>(Foto: Agencias) <\/p>\n\n\n\n<p><\/p>\n","protected":false},"excerpt":{"rendered":"<p>(Foto: Agencias) El mexicano Isaac Del Toro sigue sumando a su ventaja en el Giro<\/p>\n","protected":false},"author":4,"featured_media":7510,"comment_status":"closed","ping_status":"open","sticky":false,"template":"","format":"standard","meta":{"_jetpack_memberships_contains_paid_content":false,"footnotes":""},"categories":[86],"tags":[],"class_list":["post-7520","post","type-post","status-publish","format-standard","has-post-thumbnail","hentry","category-giro-de-italia"],"yoast_head":"<!-- This site is optimized with the Yoast SEO plugin v25.7 - https:\/\/yoast.com\/wordpress\/plugins\/seo\/ -->\n<title>Del Toro sigue a la cabeza del Giro - Esbozo Deportivo<\/title>\n<meta name=\"description\" content=\"Gracias a su tercer lugar el viernes en la 13ra etapa, que tuvo un final corto pero empinado, Del Toro ampli\u00f3 su ventaja sobre el espa\u00f1ol Juan Ayuso, su compa\u00f1ero de equipo del UAE Team Emirates, en cinco segundos.\" \/>\n<meta name=\"robots\" content=\"index, follow, max-snippet:-1, max-image-preview:large, max-video-preview:-1\" \/>\n<link rel=\"canonical\" href=\"https:\/\/esbozodeportivo.com\/index.php\/2025\/05\/23\/del-toro-sigue-a-la-cabeza-del-giro\/\" \/>\n<meta property=\"og:locale\" content=\"es_MX\" \/>\n<meta property=\"og:type\" content=\"article\" \/>\n<meta property=\"og:title\" content=\"Del Toro sigue a la cabeza del Giro - Esbozo Deportivo\" \/>\n<meta property=\"og:description\" content=\"Gracias a su tercer lugar el viernes en la 13ra etapa, que tuvo un final corto pero empinado, Del Toro ampli\u00f3 su ventaja sobre el espa\u00f1ol Juan Ayuso, su compa\u00f1ero de equipo del UAE Team Emirates, en cinco segundos.\" \/>\n<meta property=\"og:url\" content=\"https:\/\/esbozodeportivo.com\/index.php\/2025\/05\/23\/del-toro-sigue-a-la-cabeza-del-giro\/\" \/>\n<meta property=\"og:site_name\" content=\"Esbozo Deportivo\" \/>\n<meta property=\"article:published_time\" content=\"2025-05-23T20:16:25+00:00\" \/>\n<meta property=\"og:image\" content=\"https:\/\/esbozodeportivo.com\/wp-content\/uploads\/2025\/05\/Giro-1.jpg\" \/>\n\t<meta property=\"og:image:width\" content=\"1440\" \/>\n\t<meta property=\"og:image:height\" content=\"959\" \/>\n\t<meta property=\"og:image:type\" content=\"image\/jpeg\" \/>\n<meta name=\"author\" content=\"Redacci\u00f3n\" \/>\n<meta name=\"twitter:card\" content=\"summary_large_image\" \/>\n<meta name=\"twitter:label1\" content=\"Escrito por\" \/>\n\t<meta name=\"twitter:data1\" content=\"Redacci\u00f3n\" \/>\n\t<meta name=\"twitter:label2\" content=\"Tiempo de lectura\" \/>\n\t<meta name=\"twitter:data2\" content=\"3 minutos\" \/>\n<script type=\"application\/ld+json\" class=\"yoast-schema-graph\">{\"@context\":\"https:\/\/schema.org\",\"@graph\":[{\"@type\":\"Article\",\"@id\":\"https:\/\/esbozodeportivo.com\/index.php\/2025\/05\/23\/del-toro-sigue-a-la-cabeza-del-giro\/#article\",\"isPartOf\":{\"@id\":\"https:\/\/esbozodeportivo.com\/index.php\/2025\/05\/23\/del-toro-sigue-a-la-cabeza-del-giro\/\"},\"author\":{\"name\":\"Redacci\u00f3n\",\"@id\":\"https:\/\/esbozodeportivo.com\/#\/schema\/person\/0f6df9196dfe6740dd0bb31bae50d374\"},\"headline\":\"Del Toro sigue a la cabeza del Giro\",\"datePublished\":\"2025-05-23T20:16:25+00:00\",\"mainEntityOfPage\":{\"@id\":\"https:\/\/esbozodeportivo.com\/index.php\/2025\/05\/23\/del-toro-sigue-a-la-cabeza-del-giro\/\"},\"wordCount\":438,\"publisher\":{\"@id\":\"https:\/\/esbozodeportivo.com\/#organization\"},\"image\":{\"@id\":\"https:\/\/esbozodeportivo.com\/index.php\/2025\/05\/23\/del-toro-sigue-a-la-cabeza-del-giro\/#primaryimage\"},\"thumbnailUrl\":\"https:\/\/esbozodeportivo.com\/wp-content\/uploads\/2025\/05\/Giro-1.jpg\",\"articleSection\":[\"Giro de Italia\"],\"inLanguage\":\"es\"},{\"@type\":\"WebPage\",\"@id\":\"https:\/\/esbozodeportivo.com\/index.php\/2025\/05\/23\/del-toro-sigue-a-la-cabeza-del-giro\/\",\"url\":\"https:\/\/esbozodeportivo.com\/index.php\/2025\/05\/23\/del-toro-sigue-a-la-cabeza-del-giro\/\",\"name\":\"Del Toro sigue a la cabeza del Giro - Esbozo Deportivo\",\"isPartOf\":{\"@id\":\"https:\/\/esbozodeportivo.com\/#website\"},\"primaryImageOfPage\":{\"@id\":\"https:\/\/esbozodeportivo.com\/index.php\/2025\/05\/23\/del-toro-sigue-a-la-cabeza-del-giro\/#primaryimage\"},\"image\":{\"@id\":\"https:\/\/esbozodeportivo.com\/index.php\/2025\/05\/23\/del-toro-sigue-a-la-cabeza-del-giro\/#primaryimage\"},\"thumbnailUrl\":\"https:\/\/esbozodeportivo.com\/wp-content\/uploads\/2025\/05\/Giro-1.jpg\",\"datePublished\":\"2025-05-23T20:16:25+00:00\",\"description\":\"Gracias a su tercer lugar el viernes en la 13ra etapa, que tuvo un final corto pero empinado, Del Toro ampli\u00f3 su ventaja sobre el espa\u00f1ol Juan Ayuso, su compa\u00f1ero de equipo del UAE Team Emirates, en cinco segundos.\",\"breadcrumb\":{\"@id\":\"https:\/\/esbozodeportivo.com\/index.php\/2025\/05\/23\/del-toro-sigue-a-la-cabeza-del-giro\/#breadcrumb\"},\"inLanguage\":\"es\",\"potentialAction\":[{\"@type\":\"ReadAction\",\"target\":[\"https:\/\/esbozodeportivo.com\/index.php\/2025\/05\/23\/del-toro-sigue-a-la-cabeza-del-giro\/\"]}]},{\"@type\":\"ImageObject\",\"inLanguage\":\"es\",\"@id\":\"https:\/\/esbozodeportivo.com\/index.php\/2025\/05\/23\/del-toro-sigue-a-la-cabeza-del-giro\/#primaryimage\",\"url\":\"https:\/\/esbozodeportivo.com\/wp-content\/uploads\/2025\/05\/Giro-1.jpg\",\"contentUrl\":\"https:\/\/esbozodeportivo.com\/wp-content\/uploads\/2025\/05\/Giro-1.jpg\",\"width\":1440,\"height\":959},{\"@type\":\"BreadcrumbList\",\"@id\":\"https:\/\/esbozodeportivo.com\/index.php\/2025\/05\/23\/del-toro-sigue-a-la-cabeza-del-giro\/#breadcrumb\",\"itemListElement\":[{\"@type\":\"ListItem\",\"position\":1,\"name\":\"Inicio\",\"item\":\"https:\/\/esbozodeportivo.com\/\"},{\"@type\":\"ListItem\",\"position\":2,\"name\":\"Del Toro sigue a la cabeza del Giro\"}]},{\"@type\":\"WebSite\",\"@id\":\"https:\/\/esbozodeportivo.com\/#website\",\"url\":\"https:\/\/esbozodeportivo.com\/\",\"name\":\"Esbozo Deportivo\",\"description\":\"Lo m\u00e1s importante del Deporte\",\"publisher\":{\"@id\":\"https:\/\/esbozodeportivo.com\/#organization\"},\"potentialAction\":[{\"@type\":\"SearchAction\",\"target\":{\"@type\":\"EntryPoint\",\"urlTemplate\":\"https:\/\/esbozodeportivo.com\/?s={search_term_string}\"},\"query-input\":{\"@type\":\"PropertyValueSpecification\",\"valueRequired\":true,\"valueName\":\"search_term_string\"}}],\"inLanguage\":\"es\"},{\"@type\":\"Organization\",\"@id\":\"https:\/\/esbozodeportivo.com\/#organization\",\"name\":\"Esbozo Deportivo\",\"url\":\"https:\/\/esbozodeportivo.com\/\",\"logo\":{\"@type\":\"ImageObject\",\"inLanguage\":\"es\",\"@id\":\"https:\/\/esbozodeportivo.com\/#\/schema\/logo\/image\/\",\"url\":\"https:\/\/esbozodeportivo.com\/wp-content\/uploads\/2022\/08\/cropped-Logo-Esbozo-Web-2.png\",\"contentUrl\":\"https:\/\/esbozodeportivo.com\/wp-content\/uploads\/2022\/08\/cropped-Logo-Esbozo-Web-2.png\",\"width\":180,\"height\":50,\"caption\":\"Esbozo Deportivo\"},\"image\":{\"@id\":\"https:\/\/esbozodeportivo.com\/#\/schema\/logo\/image\/\"}},{\"@type\":\"Person\",\"@id\":\"https:\/\/esbozodeportivo.com\/#\/schema\/person\/0f6df9196dfe6740dd0bb31bae50d374\",\"name\":\"Redacci\u00f3n\",\"image\":{\"@type\":\"ImageObject\",\"inLanguage\":\"es\",\"@id\":\"https:\/\/esbozodeportivo.com\/#\/schema\/person\/image\/\",\"url\":\"https:\/\/secure.gravatar.com\/avatar\/f55268a89c3b418f2ef172ff52ab0d09b3e653c58de29539fe329fb93d78ebf3?s=96&d=mm&r=g\",\"contentUrl\":\"https:\/\/secure.gravatar.com\/avatar\/f55268a89c3b418f2ef172ff52ab0d09b3e653c58de29539fe329fb93d78ebf3?s=96&d=mm&r=g\",\"caption\":\"Redacci\u00f3n\"},\"url\":\"https:\/\/esbozodeportivo.com\/index.php\/author\/redaccion\/\"}]}<\/script>\n<!-- \/ Yoast SEO plugin. -->","yoast_head_json":{"title":"Del Toro sigue a la cabeza del Giro - Esbozo Deportivo","description":"Gracias a su tercer lugar el viernes en la 13ra etapa, que tuvo un final corto pero empinado, Del Toro ampli\u00f3 su ventaja sobre el espa\u00f1ol Juan Ayuso, su compa\u00f1ero de equipo del UAE Team Emirates, en cinco segundos.","robots":{"index":"index","follow":"follow","max-snippet":"max-snippet:-1","max-image-preview":"max-image-preview:large","max-video-preview":"max-video-preview:-1"},"canonical":"https:\/\/esbozodeportivo.com\/index.php\/2025\/05\/23\/del-toro-sigue-a-la-cabeza-del-giro\/","og_locale":"es_MX","og_type":"article","og_title":"Del Toro sigue a la cabeza del Giro - Esbozo Deportivo","og_description":"Gracias a su tercer lugar el viernes en la 13ra etapa, que tuvo un final corto pero empinado, Del Toro ampli\u00f3 su ventaja sobre el espa\u00f1ol Juan Ayuso, su compa\u00f1ero de equipo del UAE Team Emirates, en cinco segundos.","og_url":"https:\/\/esbozodeportivo.com\/index.php\/2025\/05\/23\/del-toro-sigue-a-la-cabeza-del-giro\/","og_site_name":"Esbozo Deportivo","article_published_time":"2025-05-23T20:16:25+00:00","og_image":[{"width":1440,"height":959,"url":"https:\/\/esbozodeportivo.com\/wp-content\/uploads\/2025\/05\/Giro-1.jpg","type":"image\/jpeg"}],"author":"Redacci\u00f3n","twitter_card":"summary_large_image","twitter_misc":{"Escrito por":"Redacci\u00f3n","Tiempo de lectura":"3 minutos"},"schema":{"@context":"https:\/\/schema.org","@graph":[{"@type":"Article","@id":"https:\/\/esbozodeportivo.com\/index.php\/2025\/05\/23\/del-toro-sigue-a-la-cabeza-del-giro\/#article","isPartOf":{"@id":"https:\/\/esbozodeportivo.com\/index.php\/2025\/05\/23\/del-toro-sigue-a-la-cabeza-del-giro\/"},"author":{"name":"Redacci\u00f3n","@id":"https:\/\/esbozodeportivo.com\/#\/schema\/person\/0f6df9196dfe6740dd0bb31bae50d374"},"headline":"Del Toro sigue a la cabeza del Giro","datePublished":"2025-05-23T20:16:25+00:00","mainEntityOfPage":{"@id":"https:\/\/esbozodeportivo.com\/index.php\/2025\/05\/23\/del-toro-sigue-a-la-cabeza-del-giro\/"},"wordCount":438,"publisher":{"@id":"https:\/\/esbozodeportivo.com\/#organization"},"image":{"@id":"https:\/\/esbozodeportivo.com\/index.php\/2025\/05\/23\/del-toro-sigue-a-la-cabeza-del-giro\/#primaryimage"},"thumbnailUrl":"https:\/\/esbozodeportivo.com\/wp-content\/uploads\/2025\/05\/Giro-1.jpg","articleSection":["Giro de Italia"],"inLanguage":"es"},{"@type":"WebPage","@id":"https:\/\/esbozodeportivo.com\/index.php\/2025\/05\/23\/del-toro-sigue-a-la-cabeza-del-giro\/","url":"https:\/\/esbozodeportivo.com\/index.php\/2025\/05\/23\/del-toro-sigue-a-la-cabeza-del-giro\/","name":"Del Toro sigue a la cabeza del Giro - Esbozo Deportivo","isPartOf":{"@id":"https:\/\/esbozodeportivo.com\/#website"},"primaryImageOfPage":{"@id":"https:\/\/esbozodeportivo.com\/index.php\/2025\/05\/23\/del-toro-sigue-a-la-cabeza-del-giro\/#primaryimage"},"image":{"@id":"https:\/\/esbozodeportivo.com\/index.php\/2025\/05\/23\/del-toro-sigue-a-la-cabeza-del-giro\/#primaryimage"},"thumbnailUrl":"https:\/\/esbozodeportivo.com\/wp-content\/uploads\/2025\/05\/Giro-1.jpg","datePublished":"2025-05-23T20:16:25+00:00","description":"Gracias a su tercer lugar el viernes en la 13ra etapa, que tuvo un final corto pero empinado, Del Toro ampli\u00f3 su ventaja sobre el espa\u00f1ol Juan Ayuso, su compa\u00f1ero de equipo del UAE Team Emirates, en cinco segundos.","breadcrumb":{"@id":"https:\/\/esbozodeportivo.com\/index.php\/2025\/05\/23\/del-toro-sigue-a-la-cabeza-del-giro\/#breadcrumb"},"inLanguage":"es","potentialAction":[{"@type":"ReadAction","target":["https:\/\/esbozodeportivo.com\/index.php\/2025\/05\/23\/del-toro-sigue-a-la-cabeza-del-giro\/"]}]},{"@type":"ImageObject","inLanguage":"es","@id":"https:\/\/esbozodeportivo.com\/index.php\/2025\/05\/23\/del-toro-sigue-a-la-cabeza-del-giro\/#primaryimage","url":"https:\/\/esbozodeportivo.com\/wp-content\/uploads\/2025\/05\/Giro-1.jpg","contentUrl":"https:\/\/esbozodeportivo.com\/wp-content\/uploads\/2025\/05\/Giro-1.jpg","width":1440,"height":959},{"@type":"BreadcrumbList","@id":"https:\/\/esbozodeportivo.com\/index.php\/2025\/05\/23\/del-toro-sigue-a-la-cabeza-del-giro\/#breadcrumb","itemListElement":[{"@type":"ListItem","position":1,"name":"Inicio","item":"https:\/\/esbozodeportivo.com\/"},{"@type":"ListItem","position":2,"name":"Del Toro sigue a la cabeza del Giro"}]},{"@type":"WebSite","@id":"https:\/\/esbozodeportivo.com\/#website","url":"https:\/\/esbozodeportivo.com\/","name":"Esbozo Deportivo","description":"Lo m\u00e1s importante del Deporte","publisher":{"@id":"https:\/\/esbozodeportivo.com\/#organization"},"potentialAction":[{"@type":"SearchAction","target":{"@type":"EntryPoint","urlTemplate":"https:\/\/esbozodeportivo.com\/?s={search_term_string}"},"query-input":{"@type":"PropertyValueSpecification","valueRequired":true,"valueName":"search_term_string"}}],"inLanguage":"es"},{"@type":"Organization","@id":"https:\/\/esbozodeportivo.com\/#organization","name":"Esbozo Deportivo","url":"https:\/\/esbozodeportivo.com\/","logo":{"@type":"ImageObject","inLanguage":"es","@id":"https:\/\/esbozodeportivo.com\/#\/schema\/logo\/image\/","url":"https:\/\/esbozodeportivo.com\/wp-content\/uploads\/2022\/08\/cropped-Logo-Esbozo-Web-2.png","contentUrl":"https:\/\/esbozodeportivo.com\/wp-content\/uploads\/2022\/08\/cropped-Logo-Esbozo-Web-2.png","width":180,"height":50,"caption":"Esbozo Deportivo"},"image":{"@id":"https:\/\/esbozodeportivo.com\/#\/schema\/logo\/image\/"}},{"@type":"Person","@id":"https:\/\/esbozodeportivo.com\/#\/schema\/person\/0f6df9196dfe6740dd0bb31bae50d374","name":"Redacci\u00f3n","image":{"@type":"ImageObject","inLanguage":"es","@id":"https:\/\/esbozodeportivo.com\/#\/schema\/person\/image\/","url":"https:\/\/secure.gravatar.com\/avatar\/f55268a89c3b418f2ef172ff52ab0d09b3e653c58de29539fe329fb93d78ebf3?s=96&d=mm&r=g","contentUrl":"https:\/\/secure.gravatar.com\/avatar\/f55268a89c3b418f2ef172ff52ab0d09b3e653c58de29539fe329fb93d78ebf3?s=96&d=mm&r=g","caption":"Redacci\u00f3n"},"url":"https:\/\/esbozodeportivo.com\/index.php\/author\/redaccion\/"}]}},"jetpack_featured_media_url":"https:\/\/esbozodeportivo.com\/wp-content\/uploads\/2025\/05\/Giro-1.jpg","jetpack_sharing_enabled":true,"_links":{"self":[{"href":"https:\/\/esbozodeportivo.com\/index.php\/wp-json\/wp\/v2\/posts\/7520","targetHints":{"allow":["GET"]}}],"collection":[{"href":"https:\/\/esbozodeportivo.com\/index.php\/wp-json\/wp\/v2\/posts"}],"about":[{"href":"https:\/\/esbozodeportivo.com\/index.php\/wp-json\/wp\/v2\/types\/post"}],"author":[{"embeddable":true,"href":"https:\/\/esbozodeportivo.com\/index.php\/wp-json\/wp\/v2\/users\/4"}],"replies":[{"embeddable":true,"href":"https:\/\/esbozodeportivo.com\/index.php\/wp-json\/wp\/v2\/comments?post=7520"}],"version-history":[{"count":1,"href":"https:\/\/esbozodeportivo.com\/index.php\/wp-json\/wp\/v2\/posts\/7520\/revisions"}],"predecessor-version":[{"id":7521,"href":"https:\/\/esbozodeportivo.com\/index.php\/wp-json\/wp\/v2\/posts\/7520\/revisions\/7521"}],"wp:featuredmedia":[{"embeddable":true,"href":"https:\/\/esbozodeportivo.com\/index.php\/wp-json\/wp\/v2\/media\/7510"}],"wp:attachment":[{"href":"https:\/\/esbozodeportivo.com\/index.php\/wp-json\/wp\/v2\/media?parent=7520"}],"wp:term":[{"taxonomy":"category","embeddable":true,"href":"https:\/\/esbozodeportivo.com\/index.php\/wp-json\/wp\/v2\/categories?post=7520"},{"taxonomy":"post_tag","embeddable":true,"href":"https:\/\/esbozodeportivo.com\/index.php\/wp-json\/wp\/v2\/tags?post=7520"}],"curies":[{"name":"wp","href":"https:\/\/api.w.org\/{rel}","templated":true}]}}