{"id":7542,"date":"2025-05-24T23:38:05","date_gmt":"2025-05-25T05:38:05","guid":{"rendered":"https:\/\/esbozodeportivo.com\/?p=7542"},"modified":"2025-05-24T23:38:05","modified_gmt":"2025-05-25T05:38:05","slug":"norris-saldra-primero-en-monaco","status":"publish","type":"post","link":"https:\/\/esbozodeportivo.com\/index.php\/2025\/05\/24\/norris-saldra-primero-en-monaco\/","title":{"rendered":"Norris, saldr\u00e1 primero en M\u00f3naco"},"content":{"rendered":"\n<p>(Foto: Agencias) <\/p>\n\n\n\n<p><strong>Lando Norris<\/strong> rompi\u00f3 el r\u00e9cord de la pista para clasificar en la pole position el s\u00e1bado para el <strong>Gran Premio de M\u00f3naco de F\u00f3rmula 1<\/strong>, superando a <strong>Charles Leclerc <\/strong>y a su rival por el t\u00edtulo, <strong>Oscar Piastri<\/strong>.<\/p>\n\n\n\n<p><strong>Norris y Leclerc<\/strong> intercambiaron los tiempos m\u00e1s r\u00e1pidos antes de que el piloto de McLaren aumentara el ritmo nuevamente para tomar el primer lugar con ventaja de .109 de segundos, con su compa\u00f1ero de equipo <strong>Piastri <\/strong>en tercer lugar. El tiempo de <strong>Norris<\/strong> reemplaza un r\u00e9cord establecido por <strong>Lewis Hamilton<\/strong> en 2019.<\/p>\n\n\n\n<p>Es la primera pole position para <strong>Norris<\/strong> desde el Gran Premio de Australia que abri\u00f3 la temporada y llega mientras intenta reducir la ventaja de 13 puntos de su compa\u00f1ero de equipo <strong>Piastri <\/strong>en la clasificaci\u00f3n. <strong>Leclerc<\/strong>, quien gan\u00f3 el <strong>Gran Premio de M\u00f3naco<\/strong> el a\u00f1o pasado, se vio negado a una cuarta pole en casa.<\/p>\n\n\n\n<p>La clasificaci\u00f3n ha sido t\u00edpicamente m\u00e1s importante en <strong>M\u00f3naco<\/strong> que en cualquier otro lugar del calendario de <strong>F1.<\/strong> Es casi imposible adelantar en las estrechas calles durante la carrera, por lo que la posici\u00f3n en la parrilla es vital.<\/p>\n\n\n\n<p>Podr\u00eda ser un poco diferente este a\u00f1o porque los pilotos ahora estar\u00e1n obligados a cambiar neum\u00e1ticos al menos dos veces durante la carrera.<\/p>\n\n\n\n<p>Eso podr\u00eda alterar las posibles estrategias despu\u00e9s de la desangelada carrera del a\u00f1o pasado cuando una bandera roja temprana permiti\u00f3 a todos los pilotos hacer su parada obligatoria en boxes. La carrera termin\u00f3 con los diez primeros en el mismo orden en que comenzaron la carrera.<\/p>\n\n\n\n<p>El siete veces campe\u00f3n <strong>Hamilton<\/strong> fue cuarto el s\u00e1bado despu\u00e9s de que <strong>Ferrari <\/strong>reconstruyera toda la parte trasera de su coche tras un accidente en la pr\u00e1ctica.<\/p>\n\n\n\n<p>Fue una sesi\u00f3n para olvidar para <strong>Mercedes<\/strong>, ya que sus coches causaron dos banderas rojas.<\/p>\n\n\n\n<p><strong>George Russell <\/strong>est\u00e1 programado para comenzar 14\u00ba despu\u00e9s de que su coche se averiara en el t\u00fanel con un problema el\u00e9ctrico sospechoso, causando una larga interrupci\u00f3n mientras era empujado fuera del camino por un equipo de comisarios de pista, mientras que su compa\u00f1ero de equipo de 18 a\u00f1os, <strong>Kimi Antonelli<\/strong>, choc\u00f3 contra la pared y fue 15\u00ba.<\/p>\n\n\n\n<p><\/p>\n","protected":false},"excerpt":{"rendered":"<p>(Foto: Agencias) Lando Norris rompi\u00f3 el r\u00e9cord de la pista para clasificar en la pole<\/p>\n","protected":false},"author":4,"featured_media":7526,"comment_status":"closed","ping_status":"open","sticky":false,"template":"","format":"standard","meta":{"_jetpack_memberships_contains_paid_content":false,"footnotes":""},"categories":[44],"tags":[],"class_list":["post-7542","post","type-post","status-publish","format-standard","has-post-thumbnail","hentry","category-formula-1"],"yoast_head":"<!-- This site is optimized with the Yoast SEO plugin v25.7 - https:\/\/yoast.com\/wordpress\/plugins\/seo\/ -->\n<title>Norris, saldr\u00e1 primero en M\u00f3naco - Esbozo Deportivo<\/title>\n<meta name=\"description\" content=\"Lando Norris rompi\u00f3 el r\u00e9cord de la pista para clasificar en la pole position el s\u00e1bado para el Gran Premio de M\u00f3naco de F\u00f3rmula 1, superando a Charles Leclerc y a su rival por el t\u00edtulo, Oscar Piastri.\" \/>\n<meta name=\"robots\" content=\"index, follow, max-snippet:-1, max-image-preview:large, max-video-preview:-1\" \/>\n<link rel=\"canonical\" href=\"https:\/\/esbozodeportivo.com\/index.php\/2025\/05\/24\/norris-saldra-primero-en-monaco\/\" \/>\n<meta property=\"og:locale\" content=\"es_MX\" \/>\n<meta property=\"og:type\" content=\"article\" \/>\n<meta property=\"og:title\" content=\"Norris, saldr\u00e1 primero en M\u00f3naco - Esbozo Deportivo\" \/>\n<meta property=\"og:description\" content=\"Lando Norris rompi\u00f3 el r\u00e9cord de la pista para clasificar en la pole position el s\u00e1bado para el Gran Premio de M\u00f3naco de F\u00f3rmula 1, superando a Charles Leclerc y a su rival por el t\u00edtulo, Oscar Piastri.\" \/>\n<meta property=\"og:url\" content=\"https:\/\/esbozodeportivo.com\/index.php\/2025\/05\/24\/norris-saldra-primero-en-monaco\/\" \/>\n<meta property=\"og:site_name\" content=\"Esbozo Deportivo\" \/>\n<meta property=\"article:published_time\" content=\"2025-05-25T05:38:05+00:00\" \/>\n<meta property=\"og:image\" content=\"https:\/\/esbozodeportivo.com\/wp-content\/uploads\/2025\/05\/Autos.jpg\" \/>\n\t<meta property=\"og:image:width\" content=\"1440\" \/>\n\t<meta property=\"og:image:height\" content=\"960\" \/>\n\t<meta property=\"og:image:type\" content=\"image\/jpeg\" \/>\n<meta name=\"author\" content=\"Redacci\u00f3n\" \/>\n<meta name=\"twitter:card\" content=\"summary_large_image\" \/>\n<meta name=\"twitter:label1\" content=\"Escrito por\" \/>\n\t<meta name=\"twitter:data1\" content=\"Redacci\u00f3n\" \/>\n\t<meta name=\"twitter:label2\" content=\"Tiempo de lectura\" \/>\n\t<meta name=\"twitter:data2\" content=\"2 minutos\" \/>\n<script type=\"application\/ld+json\" class=\"yoast-schema-graph\">{\"@context\":\"https:\/\/schema.org\",\"@graph\":[{\"@type\":\"Article\",\"@id\":\"https:\/\/esbozodeportivo.com\/index.php\/2025\/05\/24\/norris-saldra-primero-en-monaco\/#article\",\"isPartOf\":{\"@id\":\"https:\/\/esbozodeportivo.com\/index.php\/2025\/05\/24\/norris-saldra-primero-en-monaco\/\"},\"author\":{\"name\":\"Redacci\u00f3n\",\"@id\":\"https:\/\/esbozodeportivo.com\/#\/schema\/person\/0f6df9196dfe6740dd0bb31bae50d374\"},\"headline\":\"Norris, saldr\u00e1 primero en M\u00f3naco\",\"datePublished\":\"2025-05-25T05:38:05+00:00\",\"mainEntityOfPage\":{\"@id\":\"https:\/\/esbozodeportivo.com\/index.php\/2025\/05\/24\/norris-saldra-primero-en-monaco\/\"},\"wordCount\":390,\"publisher\":{\"@id\":\"https:\/\/esbozodeportivo.com\/#organization\"},\"image\":{\"@id\":\"https:\/\/esbozodeportivo.com\/index.php\/2025\/05\/24\/norris-saldra-primero-en-monaco\/#primaryimage\"},\"thumbnailUrl\":\"https:\/\/esbozodeportivo.com\/wp-content\/uploads\/2025\/05\/Autos.jpg\",\"articleSection\":[\"F\u00f3rmula 1\"],\"inLanguage\":\"es\"},{\"@type\":\"WebPage\",\"@id\":\"https:\/\/esbozodeportivo.com\/index.php\/2025\/05\/24\/norris-saldra-primero-en-monaco\/\",\"url\":\"https:\/\/esbozodeportivo.com\/index.php\/2025\/05\/24\/norris-saldra-primero-en-monaco\/\",\"name\":\"Norris, saldr\u00e1 primero en M\u00f3naco - Esbozo Deportivo\",\"isPartOf\":{\"@id\":\"https:\/\/esbozodeportivo.com\/#website\"},\"primaryImageOfPage\":{\"@id\":\"https:\/\/esbozodeportivo.com\/index.php\/2025\/05\/24\/norris-saldra-primero-en-monaco\/#primaryimage\"},\"image\":{\"@id\":\"https:\/\/esbozodeportivo.com\/index.php\/2025\/05\/24\/norris-saldra-primero-en-monaco\/#primaryimage\"},\"thumbnailUrl\":\"https:\/\/esbozodeportivo.com\/wp-content\/uploads\/2025\/05\/Autos.jpg\",\"datePublished\":\"2025-05-25T05:38:05+00:00\",\"description\":\"Lando Norris rompi\u00f3 el r\u00e9cord de la pista para clasificar en la pole position el s\u00e1bado para el Gran Premio de M\u00f3naco de F\u00f3rmula 1, superando a Charles Leclerc y a su rival por el t\u00edtulo, Oscar Piastri.\",\"breadcrumb\":{\"@id\":\"https:\/\/esbozodeportivo.com\/index.php\/2025\/05\/24\/norris-saldra-primero-en-monaco\/#breadcrumb\"},\"inLanguage\":\"es\",\"potentialAction\":[{\"@type\":\"ReadAction\",\"target\":[\"https:\/\/esbozodeportivo.com\/index.php\/2025\/05\/24\/norris-saldra-primero-en-monaco\/\"]}]},{\"@type\":\"ImageObject\",\"inLanguage\":\"es\",\"@id\":\"https:\/\/esbozodeportivo.com\/index.php\/2025\/05\/24\/norris-saldra-primero-en-monaco\/#primaryimage\",\"url\":\"https:\/\/esbozodeportivo.com\/wp-content\/uploads\/2025\/05\/Autos.jpg\",\"contentUrl\":\"https:\/\/esbozodeportivo.com\/wp-content\/uploads\/2025\/05\/Autos.jpg\",\"width\":1440,\"height\":960},{\"@type\":\"BreadcrumbList\",\"@id\":\"https:\/\/esbozodeportivo.com\/index.php\/2025\/05\/24\/norris-saldra-primero-en-monaco\/#breadcrumb\",\"itemListElement\":[{\"@type\":\"ListItem\",\"position\":1,\"name\":\"Inicio\",\"item\":\"https:\/\/esbozodeportivo.com\/\"},{\"@type\":\"ListItem\",\"position\":2,\"name\":\"Norris, saldr\u00e1 primero en M\u00f3naco\"}]},{\"@type\":\"WebSite\",\"@id\":\"https:\/\/esbozodeportivo.com\/#website\",\"url\":\"https:\/\/esbozodeportivo.com\/\",\"name\":\"Esbozo Deportivo\",\"description\":\"Lo m\u00e1s importante del Deporte\",\"publisher\":{\"@id\":\"https:\/\/esbozodeportivo.com\/#organization\"},\"potentialAction\":[{\"@type\":\"SearchAction\",\"target\":{\"@type\":\"EntryPoint\",\"urlTemplate\":\"https:\/\/esbozodeportivo.com\/?s={search_term_string}\"},\"query-input\":{\"@type\":\"PropertyValueSpecification\",\"valueRequired\":true,\"valueName\":\"search_term_string\"}}],\"inLanguage\":\"es\"},{\"@type\":\"Organization\",\"@id\":\"https:\/\/esbozodeportivo.com\/#organization\",\"name\":\"Esbozo Deportivo\",\"url\":\"https:\/\/esbozodeportivo.com\/\",\"logo\":{\"@type\":\"ImageObject\",\"inLanguage\":\"es\",\"@id\":\"https:\/\/esbozodeportivo.com\/#\/schema\/logo\/image\/\",\"url\":\"https:\/\/esbozodeportivo.com\/wp-content\/uploads\/2022\/08\/cropped-Logo-Esbozo-Web-2.png\",\"contentUrl\":\"https:\/\/esbozodeportivo.com\/wp-content\/uploads\/2022\/08\/cropped-Logo-Esbozo-Web-2.png\",\"width\":180,\"height\":50,\"caption\":\"Esbozo Deportivo\"},\"image\":{\"@id\":\"https:\/\/esbozodeportivo.com\/#\/schema\/logo\/image\/\"}},{\"@type\":\"Person\",\"@id\":\"https:\/\/esbozodeportivo.com\/#\/schema\/person\/0f6df9196dfe6740dd0bb31bae50d374\",\"name\":\"Redacci\u00f3n\",\"image\":{\"@type\":\"ImageObject\",\"inLanguage\":\"es\",\"@id\":\"https:\/\/esbozodeportivo.com\/#\/schema\/person\/image\/\",\"url\":\"https:\/\/secure.gravatar.com\/avatar\/f55268a89c3b418f2ef172ff52ab0d09b3e653c58de29539fe329fb93d78ebf3?s=96&d=mm&r=g\",\"contentUrl\":\"https:\/\/secure.gravatar.com\/avatar\/f55268a89c3b418f2ef172ff52ab0d09b3e653c58de29539fe329fb93d78ebf3?s=96&d=mm&r=g\",\"caption\":\"Redacci\u00f3n\"},\"url\":\"https:\/\/esbozodeportivo.com\/index.php\/author\/redaccion\/\"}]}<\/script>\n<!-- \/ Yoast SEO plugin. -->","yoast_head_json":{"title":"Norris, saldr\u00e1 primero en M\u00f3naco - Esbozo Deportivo","description":"Lando Norris rompi\u00f3 el r\u00e9cord de la pista para clasificar en la pole position el s\u00e1bado para el Gran Premio de M\u00f3naco de F\u00f3rmula 1, superando a Charles Leclerc y a su rival por el t\u00edtulo, Oscar Piastri.","robots":{"index":"index","follow":"follow","max-snippet":"max-snippet:-1","max-image-preview":"max-image-preview:large","max-video-preview":"max-video-preview:-1"},"canonical":"https:\/\/esbozodeportivo.com\/index.php\/2025\/05\/24\/norris-saldra-primero-en-monaco\/","og_locale":"es_MX","og_type":"article","og_title":"Norris, saldr\u00e1 primero en M\u00f3naco - Esbozo Deportivo","og_description":"Lando Norris rompi\u00f3 el r\u00e9cord de la pista para clasificar en la pole position el s\u00e1bado para el Gran Premio de M\u00f3naco de F\u00f3rmula 1, superando a Charles Leclerc y a su rival por el t\u00edtulo, Oscar Piastri.","og_url":"https:\/\/esbozodeportivo.com\/index.php\/2025\/05\/24\/norris-saldra-primero-en-monaco\/","og_site_name":"Esbozo Deportivo","article_published_time":"2025-05-25T05:38:05+00:00","og_image":[{"width":1440,"height":960,"url":"https:\/\/esbozodeportivo.com\/wp-content\/uploads\/2025\/05\/Autos.jpg","type":"image\/jpeg"}],"author":"Redacci\u00f3n","twitter_card":"summary_large_image","twitter_misc":{"Escrito por":"Redacci\u00f3n","Tiempo de lectura":"2 minutos"},"schema":{"@context":"https:\/\/schema.org","@graph":[{"@type":"Article","@id":"https:\/\/esbozodeportivo.com\/index.php\/2025\/05\/24\/norris-saldra-primero-en-monaco\/#article","isPartOf":{"@id":"https:\/\/esbozodeportivo.com\/index.php\/2025\/05\/24\/norris-saldra-primero-en-monaco\/"},"author":{"name":"Redacci\u00f3n","@id":"https:\/\/esbozodeportivo.com\/#\/schema\/person\/0f6df9196dfe6740dd0bb31bae50d374"},"headline":"Norris, saldr\u00e1 primero en M\u00f3naco","datePublished":"2025-05-25T05:38:05+00:00","mainEntityOfPage":{"@id":"https:\/\/esbozodeportivo.com\/index.php\/2025\/05\/24\/norris-saldra-primero-en-monaco\/"},"wordCount":390,"publisher":{"@id":"https:\/\/esbozodeportivo.com\/#organization"},"image":{"@id":"https:\/\/esbozodeportivo.com\/index.php\/2025\/05\/24\/norris-saldra-primero-en-monaco\/#primaryimage"},"thumbnailUrl":"https:\/\/esbozodeportivo.com\/wp-content\/uploads\/2025\/05\/Autos.jpg","articleSection":["F\u00f3rmula 1"],"inLanguage":"es"},{"@type":"WebPage","@id":"https:\/\/esbozodeportivo.com\/index.php\/2025\/05\/24\/norris-saldra-primero-en-monaco\/","url":"https:\/\/esbozodeportivo.com\/index.php\/2025\/05\/24\/norris-saldra-primero-en-monaco\/","name":"Norris, saldr\u00e1 primero en M\u00f3naco - Esbozo Deportivo","isPartOf":{"@id":"https:\/\/esbozodeportivo.com\/#website"},"primaryImageOfPage":{"@id":"https:\/\/esbozodeportivo.com\/index.php\/2025\/05\/24\/norris-saldra-primero-en-monaco\/#primaryimage"},"image":{"@id":"https:\/\/esbozodeportivo.com\/index.php\/2025\/05\/24\/norris-saldra-primero-en-monaco\/#primaryimage"},"thumbnailUrl":"https:\/\/esbozodeportivo.com\/wp-content\/uploads\/2025\/05\/Autos.jpg","datePublished":"2025-05-25T05:38:05+00:00","description":"Lando Norris rompi\u00f3 el r\u00e9cord de la pista para clasificar en la pole position el s\u00e1bado para el Gran Premio de M\u00f3naco de F\u00f3rmula 1, superando a Charles Leclerc y a su rival por el t\u00edtulo, Oscar Piastri.","breadcrumb":{"@id":"https:\/\/esbozodeportivo.com\/index.php\/2025\/05\/24\/norris-saldra-primero-en-monaco\/#breadcrumb"},"inLanguage":"es","potentialAction":[{"@type":"ReadAction","target":["https:\/\/esbozodeportivo.com\/index.php\/2025\/05\/24\/norris-saldra-primero-en-monaco\/"]}]},{"@type":"ImageObject","inLanguage":"es","@id":"https:\/\/esbozodeportivo.com\/index.php\/2025\/05\/24\/norris-saldra-primero-en-monaco\/#primaryimage","url":"https:\/\/esbozodeportivo.com\/wp-content\/uploads\/2025\/05\/Autos.jpg","contentUrl":"https:\/\/esbozodeportivo.com\/wp-content\/uploads\/2025\/05\/Autos.jpg","width":1440,"height":960},{"@type":"BreadcrumbList","@id":"https:\/\/esbozodeportivo.com\/index.php\/2025\/05\/24\/norris-saldra-primero-en-monaco\/#breadcrumb","itemListElement":[{"@type":"ListItem","position":1,"name":"Inicio","item":"https:\/\/esbozodeportivo.com\/"},{"@type":"ListItem","position":2,"name":"Norris, saldr\u00e1 primero en M\u00f3naco"}]},{"@type":"WebSite","@id":"https:\/\/esbozodeportivo.com\/#website","url":"https:\/\/esbozodeportivo.com\/","name":"Esbozo Deportivo","description":"Lo m\u00e1s importante del Deporte","publisher":{"@id":"https:\/\/esbozodeportivo.com\/#organization"},"potentialAction":[{"@type":"SearchAction","target":{"@type":"EntryPoint","urlTemplate":"https:\/\/esbozodeportivo.com\/?s={search_term_string}"},"query-input":{"@type":"PropertyValueSpecification","valueRequired":true,"valueName":"search_term_string"}}],"inLanguage":"es"},{"@type":"Organization","@id":"https:\/\/esbozodeportivo.com\/#organization","name":"Esbozo Deportivo","url":"https:\/\/esbozodeportivo.com\/","logo":{"@type":"ImageObject","inLanguage":"es","@id":"https:\/\/esbozodeportivo.com\/#\/schema\/logo\/image\/","url":"https:\/\/esbozodeportivo.com\/wp-content\/uploads\/2022\/08\/cropped-Logo-Esbozo-Web-2.png","contentUrl":"https:\/\/esbozodeportivo.com\/wp-content\/uploads\/2022\/08\/cropped-Logo-Esbozo-Web-2.png","width":180,"height":50,"caption":"Esbozo Deportivo"},"image":{"@id":"https:\/\/esbozodeportivo.com\/#\/schema\/logo\/image\/"}},{"@type":"Person","@id":"https:\/\/esbozodeportivo.com\/#\/schema\/person\/0f6df9196dfe6740dd0bb31bae50d374","name":"Redacci\u00f3n","image":{"@type":"ImageObject","inLanguage":"es","@id":"https:\/\/esbozodeportivo.com\/#\/schema\/person\/image\/","url":"https:\/\/secure.gravatar.com\/avatar\/f55268a89c3b418f2ef172ff52ab0d09b3e653c58de29539fe329fb93d78ebf3?s=96&d=mm&r=g","contentUrl":"https:\/\/secure.gravatar.com\/avatar\/f55268a89c3b418f2ef172ff52ab0d09b3e653c58de29539fe329fb93d78ebf3?s=96&d=mm&r=g","caption":"Redacci\u00f3n"},"url":"https:\/\/esbozodeportivo.com\/index.php\/author\/redaccion\/"}]}},"jetpack_featured_media_url":"https:\/\/esbozodeportivo.com\/wp-content\/uploads\/2025\/05\/Autos.jpg","jetpack_sharing_enabled":true,"_links":{"self":[{"href":"https:\/\/esbozodeportivo.com\/index.php\/wp-json\/wp\/v2\/posts\/7542","targetHints":{"allow":["GET"]}}],"collection":[{"href":"https:\/\/esbozodeportivo.com\/index.php\/wp-json\/wp\/v2\/posts"}],"about":[{"href":"https:\/\/esbozodeportivo.com\/index.php\/wp-json\/wp\/v2\/types\/post"}],"author":[{"embeddable":true,"href":"https:\/\/esbozodeportivo.com\/index.php\/wp-json\/wp\/v2\/users\/4"}],"replies":[{"embeddable":true,"href":"https:\/\/esbozodeportivo.com\/index.php\/wp-json\/wp\/v2\/comments?post=7542"}],"version-history":[{"count":1,"href":"https:\/\/esbozodeportivo.com\/index.php\/wp-json\/wp\/v2\/posts\/7542\/revisions"}],"predecessor-version":[{"id":7543,"href":"https:\/\/esbozodeportivo.com\/index.php\/wp-json\/wp\/v2\/posts\/7542\/revisions\/7543"}],"wp:featuredmedia":[{"embeddable":true,"href":"https:\/\/esbozodeportivo.com\/index.php\/wp-json\/wp\/v2\/media\/7526"}],"wp:attachment":[{"href":"https:\/\/esbozodeportivo.com\/index.php\/wp-json\/wp\/v2\/media?parent=7542"}],"wp:term":[{"taxonomy":"category","embeddable":true,"href":"https:\/\/esbozodeportivo.com\/index.php\/wp-json\/wp\/v2\/categories?post=7542"},{"taxonomy":"post_tag","embeddable":true,"href":"https:\/\/esbozodeportivo.com\/index.php\/wp-json\/wp\/v2\/tags?post=7542"}],"curies":[{"name":"wp","href":"https:\/\/api.w.org\/{rel}","templated":true}]}}