{"id":7544,"date":"2025-05-24T23:44:45","date_gmt":"2025-05-25T05:44:45","guid":{"rendered":"https:\/\/esbozodeportivo.com\/?p=7544"},"modified":"2025-05-24T23:44:46","modified_gmt":"2025-05-25T05:44:46","slug":"manana-da-inicio-el-abierto-de-francia","status":"publish","type":"post","link":"https:\/\/esbozodeportivo.com\/index.php\/2025\/05\/24\/manana-da-inicio-el-abierto-de-francia\/","title":{"rendered":"Ma\u00f1ana da inicio el Abierto de Francia"},"content":{"rendered":"\n<p>(Foto: Agencias) <\/p>\n\n\n\n<p>Con el <strong>Abierto de Francia<\/strong> programado para comenzar el domingo, se podr\u00eda argumentar que los titulares que ha acaparado \u00faltimamente han sido m\u00e1s intrigantes en el \u00e1mbito legal que en la cancha.<\/p>\n\n\n\n<p>Est\u00e1n las sanciones de dopaje de alto perfil impuestas a <strong>Jannik Sinner<\/strong>, el primer preclasificado masculino en <strong>Roland-Garros<\/strong>, e <strong>Iga Swiatek<\/strong>, campeona defensora por tres veces en el importante torneo de tierra batida. Est\u00e1 la demanda colectiva pendiente presentada por jugadores contra los dirigentes del deporte y el esfuerzo por parte de los atletas para obtener mejores ingresos de los cuatro <strong>Grand Slams<\/strong>.<\/p>\n\n\n\n<p>Tambi\u00e9n hay inter\u00e9s en qui\u00e9n va a ganar el t\u00edtulo, <strong>Swiatek <\/strong>podr\u00eda terminar su mala racha de resultados, <strong>Carlos Alcaraz<\/strong> podr\u00eda ganar un segundo campeonato consecutivo en <strong>Par\u00eds<\/strong>, <strong>Novak Djokovic<\/strong> podr\u00eda obtener un r\u00e9cord de 25 trofeos de <strong>Grand Slam<\/strong>, y <strong>Coco Gauff<\/strong> su segundo a los 21 a\u00f1os.<\/p>\n\n\n\n<p>\u00bfVan a recibir los tenistas m\u00e1s dinero?<\/p>\n\n\n\n<p>Dif\u00edcil de decir a\u00fan. Esto est\u00e1 apenas comenzando. El contexto: <strong>Djokovic, Gauff,<\/strong> <strong>Sinner<\/strong> y la No. uno del mundo <strong>Aryna Sabalenka<\/strong> estuvieron entre los 20 mejores jugadores que firmaron una carta \u2014obtenida por <strong>The Associated Press<\/strong> en abril\u2014 que fue enviada a los directores de los cuatro torneos de <strong>Slam<\/strong>, solicitando premios adicionales, contribuciones a programas de bienestar para jugadores financiados por los circuitos profesionales y m\u00e1s participaci\u00f3n en la toma de decisiones.<\/p>\n\n\n\n<p>Los l\u00edderes de los cuatro torneos principales \u2014el <strong>Abierto de Francia<\/strong>, <strong>Wimbledon<\/strong>, el <strong>Abierto de Estados Unidos<\/strong> y el Abierto de Australia\u2014 se reunieron en <strong>Par\u00eds<\/strong> con algunos de los jugadores principales.<\/p>\n\n\n\n<p>\u00bfQu\u00e9 ha pasado con la demanda presentada por un grupo cofundado por Novak Djokovic?<\/p>\n\n\n\n<p>En marzo, la <strong>Asociaci\u00f3n de Jugadores Profesionales de Tenis<\/strong>, un grupo cofundado por <strong>Djokovic<\/strong> hace varios a\u00f1os, demand\u00f3 a la <strong>WTA,<\/strong> la <strong>ATP<\/strong>, la Federaci\u00f3n Internacional de Tenis y la Agencia Internacional de Integridad del Tenis en un tribunal federal en <strong>Nueva York<\/strong>, llam\u00e1ndolos un \u201ccartel\u201d. Los jugadores dijeron que no reciben suficientes ingresos y plantearon otras quejas sobre c\u00f3mo est\u00e1 estructurado el tenis.<\/p>\n\n\n\n<p>Esta semana, los cuatro demandados presentaron conjuntamente una moci\u00f3n para desestimar la demanda antimonopolio colectiva, diciendo que la PTPA \u201cno es un demandante adecuado\u201d.<\/p>\n\n\n\n<figure class=\"wp-block-image size-large\"><img loading=\"lazy\" decoding=\"async\" width=\"1024\" height=\"683\" src=\"https:\/\/esbozodeportivo.com\/wp-content\/uploads\/2025\/05\/Tenis-Hombres-1024x683.jpg\" alt=\"\" class=\"wp-image-7539\" srcset=\"https:\/\/esbozodeportivo.com\/wp-content\/uploads\/2025\/05\/Tenis-Hombres-1024x683.jpg 1024w, https:\/\/esbozodeportivo.com\/wp-content\/uploads\/2025\/05\/Tenis-Hombres-300x200.jpg 300w, https:\/\/esbozodeportivo.com\/wp-content\/uploads\/2025\/05\/Tenis-Hombres-768x512.jpg 768w, https:\/\/esbozodeportivo.com\/wp-content\/uploads\/2025\/05\/Tenis-Hombres.jpg 1440w\" sizes=\"auto, (max-width: 1024px) 100vw, 1024px\" \/><\/figure>\n\n\n\n<p>(Foto: Agencias) <\/p>\n\n\n\n<p>La <strong>WTA<\/strong> tambi\u00e9n present\u00f3 una moci\u00f3n separada para desestimar, argumentando que los demandantes masculinos \u2014incluido el subcampe\u00f3n de <strong>Wimbledon 2022,<\/strong> <strong>Nick Kyrgios<\/strong>\u2014 no deber\u00edan estar demandando al circuito femenino, y que las demandantes femeninas deber\u00edan ser obligadas a ir a un arbitraje vinculante.<\/p>\n\n\n\n<p><strong>Iga Swiatek y Jannik Sinner<\/strong> mantienen prohibiciones por dopaje<\/p>\n\n\n\n<p><strong>Swiatek,<\/strong> suspendida por un mes a finales del a\u00f1o pasado, est\u00e1 pasando por una etapa realmente dif\u00edcil para ella, sin llegar siquiera a una final desde que dej\u00f3 el Abierto de Francia el a\u00f1o pasado y cayendo al No. cinco en el ranking despu\u00e9s de mantenerse segunda por tres a\u00f1os.<\/p>\n\n\n\n<p><strong>Sinner<\/strong> regres\u00f3 en el <strong>Abierto de Italia<\/strong> despu\u00e9s de cumplir su suspensi\u00f3n de tres meses y r\u00e1pidamente lleg\u00f3 al partido por el t\u00edtulo all\u00ed antes de perder ante Alcaraz. A pesar de perder tiempo, Sinner se mantiene primero.<\/p>\n\n\n\n<p>\u00bfEspera Alcaraz otro t\u00edtulo del Abierto de Francia?<\/p>\n\n\n\n<p>El segundo favorito lidi\u00f3 con algunas lesiones en las piernas que le molestaron durante la temporada de tierra batida, su actuaci\u00f3n en <strong>Roma <\/strong>lo convierte en una elecci\u00f3n popular para ganar lo que ser\u00eda su quinto campeonato de <strong>Grand Slam<\/strong><\/p>\n\n\n\n<p>\u00bfQui\u00e9n podr\u00eda competir por el trofeo femenino en Roland-Garros?<\/p>\n\n\n\n<p>Con <strong>Swiatek<\/strong> en terreno inestable \u00faltimamente, hay varias mujeres consideradas candidatas para lograr un primer t\u00edtulo en Par\u00eds. Esa lista incluye a <strong>Gauff,<\/strong> la subcampeona de <strong>Swiatek<\/strong> en 2022 y finalista en Roma el fin de semana pasado; <strong>Jasmine Paolini<\/strong>, la subcampeona de Swiatek el a\u00f1o pasado y campeona del <strong>Abierto de Italia<\/strong>; la mejor clasificada <strong>Sabalenka<\/strong>, cuyo mejor <strong>Abierto de Francia<\/strong> fue una semifinal hace dos a\u00f1os; y Mirra Andreeva, que acaba de cumplir 18 a\u00f1os pero ha ganado un par de t\u00edtulos de Masters 1000 en 2025.<\/p>\n\n\n\n<p><\/p>\n","protected":false},"excerpt":{"rendered":"<p>(Foto: Agencias) Con el Abierto de Francia programado para comenzar el domingo, se podr\u00eda argumentar<\/p>\n","protected":false},"author":4,"featured_media":7540,"comment_status":"closed","ping_status":"open","sticky":false,"template":"","format":"standard","meta":{"_jetpack_memberships_contains_paid_content":false,"footnotes":""},"categories":[12],"tags":[],"class_list":["post-7544","post","type-post","status-publish","format-standard","has-post-thumbnail","hentry","category-tenis-internacional"],"yoast_head":"<!-- This site is optimized with the Yoast SEO plugin v25.7 - https:\/\/yoast.com\/wordpress\/plugins\/seo\/ -->\n<title>Ma\u00f1ana da inicio el Abierto de Francia - Esbozo Deportivo<\/title>\n<meta name=\"description\" content=\"Con el Abierto de Francia programado para comenzar el domingo, se podr\u00eda argumentar que los titulares que ha acaparado \u00faltimamente han sido m\u00e1s intrigantes en el \u00e1mbito legal que en la cancha.\" \/>\n<meta name=\"robots\" content=\"index, follow, max-snippet:-1, max-image-preview:large, max-video-preview:-1\" \/>\n<link rel=\"canonical\" href=\"https:\/\/esbozodeportivo.com\/index.php\/2025\/05\/24\/manana-da-inicio-el-abierto-de-francia\/\" \/>\n<meta property=\"og:locale\" content=\"es_MX\" \/>\n<meta property=\"og:type\" content=\"article\" \/>\n<meta property=\"og:title\" content=\"Ma\u00f1ana da inicio el Abierto de Francia - Esbozo Deportivo\" \/>\n<meta property=\"og:description\" content=\"Con el Abierto de Francia programado para comenzar el domingo, se podr\u00eda argumentar que los titulares que ha acaparado \u00faltimamente han sido m\u00e1s intrigantes en el \u00e1mbito legal que en la cancha.\" \/>\n<meta property=\"og:url\" content=\"https:\/\/esbozodeportivo.com\/index.php\/2025\/05\/24\/manana-da-inicio-el-abierto-de-francia\/\" \/>\n<meta property=\"og:site_name\" content=\"Esbozo Deportivo\" \/>\n<meta property=\"article:published_time\" content=\"2025-05-25T05:44:45+00:00\" \/>\n<meta property=\"article:modified_time\" content=\"2025-05-25T05:44:46+00:00\" \/>\n<meta property=\"og:image\" content=\"https:\/\/esbozodeportivo.com\/wp-content\/uploads\/2025\/05\/Tenis-Mujer.jpg\" \/>\n\t<meta property=\"og:image:width\" content=\"1440\" \/>\n\t<meta property=\"og:image:height\" content=\"960\" \/>\n\t<meta property=\"og:image:type\" content=\"image\/jpeg\" \/>\n<meta name=\"author\" content=\"Redacci\u00f3n\" \/>\n<meta name=\"twitter:card\" content=\"summary_large_image\" \/>\n<meta name=\"twitter:label1\" content=\"Escrito por\" \/>\n\t<meta name=\"twitter:data1\" content=\"Redacci\u00f3n\" \/>\n\t<meta name=\"twitter:label2\" content=\"Tiempo de lectura\" \/>\n\t<meta name=\"twitter:data2\" content=\"4 minutos\" \/>\n<script type=\"application\/ld+json\" class=\"yoast-schema-graph\">{\"@context\":\"https:\/\/schema.org\",\"@graph\":[{\"@type\":\"Article\",\"@id\":\"https:\/\/esbozodeportivo.com\/index.php\/2025\/05\/24\/manana-da-inicio-el-abierto-de-francia\/#article\",\"isPartOf\":{\"@id\":\"https:\/\/esbozodeportivo.com\/index.php\/2025\/05\/24\/manana-da-inicio-el-abierto-de-francia\/\"},\"author\":{\"name\":\"Redacci\u00f3n\",\"@id\":\"https:\/\/esbozodeportivo.com\/#\/schema\/person\/0f6df9196dfe6740dd0bb31bae50d374\"},\"headline\":\"Ma\u00f1ana da inicio el Abierto de Francia\",\"datePublished\":\"2025-05-25T05:44:45+00:00\",\"dateModified\":\"2025-05-25T05:44:46+00:00\",\"mainEntityOfPage\":{\"@id\":\"https:\/\/esbozodeportivo.com\/index.php\/2025\/05\/24\/manana-da-inicio-el-abierto-de-francia\/\"},\"wordCount\":700,\"publisher\":{\"@id\":\"https:\/\/esbozodeportivo.com\/#organization\"},\"image\":{\"@id\":\"https:\/\/esbozodeportivo.com\/index.php\/2025\/05\/24\/manana-da-inicio-el-abierto-de-francia\/#primaryimage\"},\"thumbnailUrl\":\"https:\/\/esbozodeportivo.com\/wp-content\/uploads\/2025\/05\/Tenis-Mujer.jpg\",\"articleSection\":[\"Tenis Internacional\"],\"inLanguage\":\"es\"},{\"@type\":\"WebPage\",\"@id\":\"https:\/\/esbozodeportivo.com\/index.php\/2025\/05\/24\/manana-da-inicio-el-abierto-de-francia\/\",\"url\":\"https:\/\/esbozodeportivo.com\/index.php\/2025\/05\/24\/manana-da-inicio-el-abierto-de-francia\/\",\"name\":\"Ma\u00f1ana da inicio el Abierto de Francia - Esbozo Deportivo\",\"isPartOf\":{\"@id\":\"https:\/\/esbozodeportivo.com\/#website\"},\"primaryImageOfPage\":{\"@id\":\"https:\/\/esbozodeportivo.com\/index.php\/2025\/05\/24\/manana-da-inicio-el-abierto-de-francia\/#primaryimage\"},\"image\":{\"@id\":\"https:\/\/esbozodeportivo.com\/index.php\/2025\/05\/24\/manana-da-inicio-el-abierto-de-francia\/#primaryimage\"},\"thumbnailUrl\":\"https:\/\/esbozodeportivo.com\/wp-content\/uploads\/2025\/05\/Tenis-Mujer.jpg\",\"datePublished\":\"2025-05-25T05:44:45+00:00\",\"dateModified\":\"2025-05-25T05:44:46+00:00\",\"description\":\"Con el Abierto de Francia programado para comenzar el domingo, se podr\u00eda argumentar que los titulares que ha acaparado \u00faltimamente han sido m\u00e1s intrigantes en el \u00e1mbito legal que en la cancha.\",\"breadcrumb\":{\"@id\":\"https:\/\/esbozodeportivo.com\/index.php\/2025\/05\/24\/manana-da-inicio-el-abierto-de-francia\/#breadcrumb\"},\"inLanguage\":\"es\",\"potentialAction\":[{\"@type\":\"ReadAction\",\"target\":[\"https:\/\/esbozodeportivo.com\/index.php\/2025\/05\/24\/manana-da-inicio-el-abierto-de-francia\/\"]}]},{\"@type\":\"ImageObject\",\"inLanguage\":\"es\",\"@id\":\"https:\/\/esbozodeportivo.com\/index.php\/2025\/05\/24\/manana-da-inicio-el-abierto-de-francia\/#primaryimage\",\"url\":\"https:\/\/esbozodeportivo.com\/wp-content\/uploads\/2025\/05\/Tenis-Mujer.jpg\",\"contentUrl\":\"https:\/\/esbozodeportivo.com\/wp-content\/uploads\/2025\/05\/Tenis-Mujer.jpg\",\"width\":1440,\"height\":960},{\"@type\":\"BreadcrumbList\",\"@id\":\"https:\/\/esbozodeportivo.com\/index.php\/2025\/05\/24\/manana-da-inicio-el-abierto-de-francia\/#breadcrumb\",\"itemListElement\":[{\"@type\":\"ListItem\",\"position\":1,\"name\":\"Inicio\",\"item\":\"https:\/\/esbozodeportivo.com\/\"},{\"@type\":\"ListItem\",\"position\":2,\"name\":\"Ma\u00f1ana da inicio el Abierto de Francia\"}]},{\"@type\":\"WebSite\",\"@id\":\"https:\/\/esbozodeportivo.com\/#website\",\"url\":\"https:\/\/esbozodeportivo.com\/\",\"name\":\"Esbozo Deportivo\",\"description\":\"Lo m\u00e1s importante del Deporte\",\"publisher\":{\"@id\":\"https:\/\/esbozodeportivo.com\/#organization\"},\"potentialAction\":[{\"@type\":\"SearchAction\",\"target\":{\"@type\":\"EntryPoint\",\"urlTemplate\":\"https:\/\/esbozodeportivo.com\/?s={search_term_string}\"},\"query-input\":{\"@type\":\"PropertyValueSpecification\",\"valueRequired\":true,\"valueName\":\"search_term_string\"}}],\"inLanguage\":\"es\"},{\"@type\":\"Organization\",\"@id\":\"https:\/\/esbozodeportivo.com\/#organization\",\"name\":\"Esbozo Deportivo\",\"url\":\"https:\/\/esbozodeportivo.com\/\",\"logo\":{\"@type\":\"ImageObject\",\"inLanguage\":\"es\",\"@id\":\"https:\/\/esbozodeportivo.com\/#\/schema\/logo\/image\/\",\"url\":\"https:\/\/esbozodeportivo.com\/wp-content\/uploads\/2022\/08\/cropped-Logo-Esbozo-Web-2.png\",\"contentUrl\":\"https:\/\/esbozodeportivo.com\/wp-content\/uploads\/2022\/08\/cropped-Logo-Esbozo-Web-2.png\",\"width\":180,\"height\":50,\"caption\":\"Esbozo Deportivo\"},\"image\":{\"@id\":\"https:\/\/esbozodeportivo.com\/#\/schema\/logo\/image\/\"}},{\"@type\":\"Person\",\"@id\":\"https:\/\/esbozodeportivo.com\/#\/schema\/person\/0f6df9196dfe6740dd0bb31bae50d374\",\"name\":\"Redacci\u00f3n\",\"image\":{\"@type\":\"ImageObject\",\"inLanguage\":\"es\",\"@id\":\"https:\/\/esbozodeportivo.com\/#\/schema\/person\/image\/\",\"url\":\"https:\/\/secure.gravatar.com\/avatar\/f55268a89c3b418f2ef172ff52ab0d09b3e653c58de29539fe329fb93d78ebf3?s=96&d=mm&r=g\",\"contentUrl\":\"https:\/\/secure.gravatar.com\/avatar\/f55268a89c3b418f2ef172ff52ab0d09b3e653c58de29539fe329fb93d78ebf3?s=96&d=mm&r=g\",\"caption\":\"Redacci\u00f3n\"},\"url\":\"https:\/\/esbozodeportivo.com\/index.php\/author\/redaccion\/\"}]}<\/script>\n<!-- \/ Yoast SEO plugin. -->","yoast_head_json":{"title":"Ma\u00f1ana da inicio el Abierto de Francia - Esbozo Deportivo","description":"Con el Abierto de Francia programado para comenzar el domingo, se podr\u00eda argumentar que los titulares que ha acaparado \u00faltimamente han sido m\u00e1s intrigantes en el \u00e1mbito legal que en la cancha.","robots":{"index":"index","follow":"follow","max-snippet":"max-snippet:-1","max-image-preview":"max-image-preview:large","max-video-preview":"max-video-preview:-1"},"canonical":"https:\/\/esbozodeportivo.com\/index.php\/2025\/05\/24\/manana-da-inicio-el-abierto-de-francia\/","og_locale":"es_MX","og_type":"article","og_title":"Ma\u00f1ana da inicio el Abierto de Francia - Esbozo Deportivo","og_description":"Con el Abierto de Francia programado para comenzar el domingo, se podr\u00eda argumentar que los titulares que ha acaparado \u00faltimamente han sido m\u00e1s intrigantes en el \u00e1mbito legal que en la cancha.","og_url":"https:\/\/esbozodeportivo.com\/index.php\/2025\/05\/24\/manana-da-inicio-el-abierto-de-francia\/","og_site_name":"Esbozo Deportivo","article_published_time":"2025-05-25T05:44:45+00:00","article_modified_time":"2025-05-25T05:44:46+00:00","og_image":[{"width":1440,"height":960,"url":"https:\/\/esbozodeportivo.com\/wp-content\/uploads\/2025\/05\/Tenis-Mujer.jpg","type":"image\/jpeg"}],"author":"Redacci\u00f3n","twitter_card":"summary_large_image","twitter_misc":{"Escrito por":"Redacci\u00f3n","Tiempo de lectura":"4 minutos"},"schema":{"@context":"https:\/\/schema.org","@graph":[{"@type":"Article","@id":"https:\/\/esbozodeportivo.com\/index.php\/2025\/05\/24\/manana-da-inicio-el-abierto-de-francia\/#article","isPartOf":{"@id":"https:\/\/esbozodeportivo.com\/index.php\/2025\/05\/24\/manana-da-inicio-el-abierto-de-francia\/"},"author":{"name":"Redacci\u00f3n","@id":"https:\/\/esbozodeportivo.com\/#\/schema\/person\/0f6df9196dfe6740dd0bb31bae50d374"},"headline":"Ma\u00f1ana da inicio el Abierto de Francia","datePublished":"2025-05-25T05:44:45+00:00","dateModified":"2025-05-25T05:44:46+00:00","mainEntityOfPage":{"@id":"https:\/\/esbozodeportivo.com\/index.php\/2025\/05\/24\/manana-da-inicio-el-abierto-de-francia\/"},"wordCount":700,"publisher":{"@id":"https:\/\/esbozodeportivo.com\/#organization"},"image":{"@id":"https:\/\/esbozodeportivo.com\/index.php\/2025\/05\/24\/manana-da-inicio-el-abierto-de-francia\/#primaryimage"},"thumbnailUrl":"https:\/\/esbozodeportivo.com\/wp-content\/uploads\/2025\/05\/Tenis-Mujer.jpg","articleSection":["Tenis Internacional"],"inLanguage":"es"},{"@type":"WebPage","@id":"https:\/\/esbozodeportivo.com\/index.php\/2025\/05\/24\/manana-da-inicio-el-abierto-de-francia\/","url":"https:\/\/esbozodeportivo.com\/index.php\/2025\/05\/24\/manana-da-inicio-el-abierto-de-francia\/","name":"Ma\u00f1ana da inicio el Abierto de Francia - Esbozo Deportivo","isPartOf":{"@id":"https:\/\/esbozodeportivo.com\/#website"},"primaryImageOfPage":{"@id":"https:\/\/esbozodeportivo.com\/index.php\/2025\/05\/24\/manana-da-inicio-el-abierto-de-francia\/#primaryimage"},"image":{"@id":"https:\/\/esbozodeportivo.com\/index.php\/2025\/05\/24\/manana-da-inicio-el-abierto-de-francia\/#primaryimage"},"thumbnailUrl":"https:\/\/esbozodeportivo.com\/wp-content\/uploads\/2025\/05\/Tenis-Mujer.jpg","datePublished":"2025-05-25T05:44:45+00:00","dateModified":"2025-05-25T05:44:46+00:00","description":"Con el Abierto de Francia programado para comenzar el domingo, se podr\u00eda argumentar que los titulares que ha acaparado \u00faltimamente han sido m\u00e1s intrigantes en el \u00e1mbito legal que en la cancha.","breadcrumb":{"@id":"https:\/\/esbozodeportivo.com\/index.php\/2025\/05\/24\/manana-da-inicio-el-abierto-de-francia\/#breadcrumb"},"inLanguage":"es","potentialAction":[{"@type":"ReadAction","target":["https:\/\/esbozodeportivo.com\/index.php\/2025\/05\/24\/manana-da-inicio-el-abierto-de-francia\/"]}]},{"@type":"ImageObject","inLanguage":"es","@id":"https:\/\/esbozodeportivo.com\/index.php\/2025\/05\/24\/manana-da-inicio-el-abierto-de-francia\/#primaryimage","url":"https:\/\/esbozodeportivo.com\/wp-content\/uploads\/2025\/05\/Tenis-Mujer.jpg","contentUrl":"https:\/\/esbozodeportivo.com\/wp-content\/uploads\/2025\/05\/Tenis-Mujer.jpg","width":1440,"height":960},{"@type":"BreadcrumbList","@id":"https:\/\/esbozodeportivo.com\/index.php\/2025\/05\/24\/manana-da-inicio-el-abierto-de-francia\/#breadcrumb","itemListElement":[{"@type":"ListItem","position":1,"name":"Inicio","item":"https:\/\/esbozodeportivo.com\/"},{"@type":"ListItem","position":2,"name":"Ma\u00f1ana da inicio el Abierto de Francia"}]},{"@type":"WebSite","@id":"https:\/\/esbozodeportivo.com\/#website","url":"https:\/\/esbozodeportivo.com\/","name":"Esbozo Deportivo","description":"Lo m\u00e1s importante del Deporte","publisher":{"@id":"https:\/\/esbozodeportivo.com\/#organization"},"potentialAction":[{"@type":"SearchAction","target":{"@type":"EntryPoint","urlTemplate":"https:\/\/esbozodeportivo.com\/?s={search_term_string}"},"query-input":{"@type":"PropertyValueSpecification","valueRequired":true,"valueName":"search_term_string"}}],"inLanguage":"es"},{"@type":"Organization","@id":"https:\/\/esbozodeportivo.com\/#organization","name":"Esbozo Deportivo","url":"https:\/\/esbozodeportivo.com\/","logo":{"@type":"ImageObject","inLanguage":"es","@id":"https:\/\/esbozodeportivo.com\/#\/schema\/logo\/image\/","url":"https:\/\/esbozodeportivo.com\/wp-content\/uploads\/2022\/08\/cropped-Logo-Esbozo-Web-2.png","contentUrl":"https:\/\/esbozodeportivo.com\/wp-content\/uploads\/2022\/08\/cropped-Logo-Esbozo-Web-2.png","width":180,"height":50,"caption":"Esbozo Deportivo"},"image":{"@id":"https:\/\/esbozodeportivo.com\/#\/schema\/logo\/image\/"}},{"@type":"Person","@id":"https:\/\/esbozodeportivo.com\/#\/schema\/person\/0f6df9196dfe6740dd0bb31bae50d374","name":"Redacci\u00f3n","image":{"@type":"ImageObject","inLanguage":"es","@id":"https:\/\/esbozodeportivo.com\/#\/schema\/person\/image\/","url":"https:\/\/secure.gravatar.com\/avatar\/f55268a89c3b418f2ef172ff52ab0d09b3e653c58de29539fe329fb93d78ebf3?s=96&d=mm&r=g","contentUrl":"https:\/\/secure.gravatar.com\/avatar\/f55268a89c3b418f2ef172ff52ab0d09b3e653c58de29539fe329fb93d78ebf3?s=96&d=mm&r=g","caption":"Redacci\u00f3n"},"url":"https:\/\/esbozodeportivo.com\/index.php\/author\/redaccion\/"}]}},"jetpack_featured_media_url":"https:\/\/esbozodeportivo.com\/wp-content\/uploads\/2025\/05\/Tenis-Mujer.jpg","jetpack_sharing_enabled":true,"_links":{"self":[{"href":"https:\/\/esbozodeportivo.com\/index.php\/wp-json\/wp\/v2\/posts\/7544","targetHints":{"allow":["GET"]}}],"collection":[{"href":"https:\/\/esbozodeportivo.com\/index.php\/wp-json\/wp\/v2\/posts"}],"about":[{"href":"https:\/\/esbozodeportivo.com\/index.php\/wp-json\/wp\/v2\/types\/post"}],"author":[{"embeddable":true,"href":"https:\/\/esbozodeportivo.com\/index.php\/wp-json\/wp\/v2\/users\/4"}],"replies":[{"embeddable":true,"href":"https:\/\/esbozodeportivo.com\/index.php\/wp-json\/wp\/v2\/comments?post=7544"}],"version-history":[{"count":1,"href":"https:\/\/esbozodeportivo.com\/index.php\/wp-json\/wp\/v2\/posts\/7544\/revisions"}],"predecessor-version":[{"id":7545,"href":"https:\/\/esbozodeportivo.com\/index.php\/wp-json\/wp\/v2\/posts\/7544\/revisions\/7545"}],"wp:featuredmedia":[{"embeddable":true,"href":"https:\/\/esbozodeportivo.com\/index.php\/wp-json\/wp\/v2\/media\/7540"}],"wp:attachment":[{"href":"https:\/\/esbozodeportivo.com\/index.php\/wp-json\/wp\/v2\/media?parent=7544"}],"wp:term":[{"taxonomy":"category","embeddable":true,"href":"https:\/\/esbozodeportivo.com\/index.php\/wp-json\/wp\/v2\/categories?post=7544"},{"taxonomy":"post_tag","embeddable":true,"href":"https:\/\/esbozodeportivo.com\/index.php\/wp-json\/wp\/v2\/tags?post=7544"}],"curies":[{"name":"wp","href":"https:\/\/api.w.org\/{rel}","templated":true}]}}