{"id":7601,"date":"2025-05-27T00:35:44","date_gmt":"2025-05-27T06:35:44","guid":{"rendered":"https:\/\/esbozodeportivo.com\/?p=7601"},"modified":"2025-05-27T00:35:45","modified_gmt":"2025-05-27T06:35:45","slug":"vuelven-lozano-y-ochoa-a-la-seleccion-mexicana","status":"publish","type":"post","link":"https:\/\/esbozodeportivo.com\/index.php\/2025\/05\/27\/vuelven-lozano-y-ochoa-a-la-seleccion-mexicana\/","title":{"rendered":"Vuelven Lozano y Ochoa a la Selecci\u00f3n Mexicana"},"content":{"rendered":"\n<p>(Foto: Agencias) <\/p>\n\n\n\n<p>El delantero <strong>Hirving Lozano<\/strong> y el arquero <strong>Guillermo Ochoa<\/strong> regresar\u00e1n a la <strong>selecci\u00f3n de M\u00e9xico<\/strong> para encarar un par de partidos de preparaci\u00f3n ante <strong>Suiza<\/strong> y <strong>Turqu\u00eda<\/strong> previos al debut en la <strong>Copa Oro<\/strong>, anunci\u00f3 el lunes la direcci\u00f3n de selecciones nacionales.<\/p>\n\n\n\n<p><strong>Lozano<\/strong> no juega para el <strong>Tri <\/strong>desde la final de la <strong>Liga de Naciones<\/strong> del a\u00f1o pasado, mientras que <strong>Ochoa <\/strong>fue citado para partidos amistosos en octubre ante el <strong>Valencia de Espa\u00f1a<\/strong> y <strong>Estados Unidos<\/strong>, pero no particip\u00f3.<\/p>\n\n\n\n<p><strong>M\u00e9xico <\/strong>enfrentar\u00e1 a los suizos el 7 de junio en <strong>Salt Lake City, Utah<\/strong>, y tres d\u00edas despu\u00e9s jugar\u00e1 contra los turcos en <strong>Chapel Hill<\/strong>, <strong>Carolina del Norte<\/strong>.<\/p>\n\n\n\n<p>El equipo dirigido por <strong>Javier Aguirre<\/strong> debutar\u00e1 en la pr\u00f3xima edici\u00f3n de la <strong>Copa Oro<\/strong> el 14 de junio cuando enfrente a <strong>Rep\u00fablica Dominicana<\/strong>. <strong>M\u00e9xico,<\/strong> campe\u00f3n defensor del torneo, formar\u00e1 parte del <strong>Grupo A<\/strong>, con <strong>Costa Rica<\/strong>, <strong>Surinam<\/strong> y los <strong>dominicanos<\/strong>.<\/p>\n\n\n\n<p>Despu\u00e9s de caer en la final ante los estadounidenses, el <strong>\u201cChucky\u201d Lozano<\/strong> critic\u00f3 abiertamente el planteamiento del entonces entrenador <strong>Jaime Lozano<\/strong>, quien lo dej\u00f3 fuera de la <strong>Copa Am\u00e9rica<\/strong> y despu\u00e9s <strong>Aguirre <\/strong>no lo llam\u00f3 para amistosos en octubre y noviembre.<\/p>\n\n\n\n<p><strong>Guillermo Ochoa<\/strong>, quien cumplir\u00e1 40 a\u00f1os en julio, busca disputar una sexta <strong>Copa del Mundo<\/strong>, pero ha perdido la titularidad del <strong>Tri <\/strong>ante <strong>Luis Malag\u00f3n<\/strong>. El portero del <strong>Am\u00e9rica<\/strong> podr\u00eda quedar descartado de la <strong>Copa Oro<\/strong> si las <strong>\u00c1guilas<\/strong> se clasifican al <strong>Mundial de Clubes<\/strong>.<\/p>\n\n\n\n<p><strong>El Am\u00e9rica<\/strong>, que la v\u00edspera perdieron en la final del torneo Clausura ante Toluca, enfrentan al <strong>Los \u00c1ngeles FC<\/strong>, el fin de semana para buscar ocupar el sitio que qued\u00f3 vacante cuando la <strong>FIFA<\/strong> excluy\u00f3 al Le\u00f3n por multipropiedad.<\/p>\n\n\n\n<p>Adem\u00e1s de <strong>Malag\u00f3n<\/strong>, si <strong>Am\u00e9ric<\/strong>a logra el boleto, la selecci\u00f3n perder\u00eda a Israel <strong>Reyes, Ram\u00f3n Ju\u00e1rez y Henry Mart\u00edn<\/strong>.<\/p>\n\n\n\n<p>Por el <strong>Mundial de Clubes<\/strong>, <strong>Aguirre<\/strong> tampoco incluy\u00f3 en su n\u00f3mina de 35 jugadores a integrantes de <strong>Monterrey y Pachuca<\/strong>.<\/p>\n\n\n\n<p>Adem\u00e1s, <strong>Aguirre<\/strong> llam\u00f3 a jugadores j\u00f3venes que han cumplido con buenas actuaciones, entre ellos <strong>Mateo Ch\u00e1vez<\/strong>, lateral de 21 a\u00f1os que acaba de emigrar al f\u00fatbol holand\u00e9s con el <strong>AZ Alkmaar<\/strong>, adem\u00e1s del volante <strong>Gilberto Mora<\/strong>, de 16 a\u00f1os, quien a principios de a\u00f1o se convirti\u00f3 en el jugador m\u00e1s joven en debutar con el equipo absoluto de <strong>Tijuana<\/strong>.<\/p>\n\n\n\n<p>Lista:<\/p>\n\n\n\n<p><strong>Arqueros<\/strong>: <strong>Alex Padilla<\/strong> (Pumas), <strong>Luis Malag\u00f3n<\/strong> (Am\u00e9rica), <strong>Ra\u00fal Rangel<\/strong> (Chivas), <strong>Guillermo Ochoa<\/strong> (AVS).<\/p>\n\n\n\n<p><strong>Zagueros<\/strong>: <strong>Jorge S\u00e1nchez<\/strong> (Cruz Azul), <strong>Juli\u00e1n Araujo<\/strong> (Bournemouth), <strong>Emilio Lara<\/strong> (Necaxa), <strong>Israel Reyes<\/strong> (Am\u00e9rica), <strong>C\u00e9sar Montes<\/strong> (Lokomotiv), <strong>Ram\u00f3n Ju\u00e1rez<\/strong> (Am\u00e9rica), <strong>Juan S\u00e1nchez<\/strong> Purata (Tigres), <strong>Gilberto Sep\u00falveda<\/strong> (Chivas), <strong>Johan V\u00e1squez<\/strong> (Genoa), <strong>Jes\u00fas Orozco<\/strong> (Cruz Azul), <strong>Mateo Ch\u00e1vez<\/strong> (AZ Alkmaar), <strong>Jes\u00fas Angulo<\/strong> (Tigres), <strong>Jes\u00fas Gallardo<\/strong> (Toluca).<\/p>\n\n\n\n<p><strong>Volantes<\/strong>: <strong>Edson \u00c1lvarez <\/strong>(West Ham), <strong>Luis Ch\u00e1vez<\/strong> (D\u00ednamo Mosc\u00fa), <strong>Marcel Ruiz<\/strong> (Toluca), <strong>Erick Lira<\/strong> (Cruz Azul), <strong>Orbel\u00edn Pineda<\/strong> (AEK Atenas), <strong>Gilberto Mora<\/strong> (Tijuana), <strong>Carlos Rodr\u00edguez<\/strong> (Cruz Azul), <strong>Jeremy M\u00e1rquez<\/strong> (Atlas).<\/p>\n\n\n\n<p><strong>Delanteros<\/strong>: <strong>Hirving Lozano<\/strong> (San Diego FC), <strong>Roberto Alvarado<\/strong> (Chivas), <strong>Efra\u00edn \u00c1lvarez<\/strong> (Tijuana), <strong>Ra\u00fal Jim\u00e9nez<\/strong> (Fulham), <strong>Henry Mart\u00edn (<\/strong>Am\u00e9rica), <strong>Santiago Gim\u00e9nez<\/strong> (AC Milan), <strong>\u00c1ngel Sep\u00falveda<\/strong> (Cruz Azul), <strong>Alexis Vega<\/strong> (Toluca), <strong>Juli\u00e1n Qui\u00f1ones<\/strong> (Al Qadsiah), <strong>C\u00e9sar Huerta<\/strong> (Anderlecht, B\u00e9lgica).<\/p>\n\n\n\n<p><\/p>\n","protected":false},"excerpt":{"rendered":"<p>(Foto: Agencias) El delantero Hirving Lozano y el arquero Guillermo Ochoa regresar\u00e1n a la selecci\u00f3n<\/p>\n","protected":false},"author":4,"featured_media":7589,"comment_status":"closed","ping_status":"open","sticky":false,"template":"","format":"standard","meta":{"_jetpack_memberships_contains_paid_content":false,"footnotes":""},"categories":[22],"tags":[],"class_list":["post-7601","post","type-post","status-publish","format-standard","has-post-thumbnail","hentry","category-tricolor"],"yoast_head":"<!-- This site is optimized with the Yoast SEO plugin v25.7 - https:\/\/yoast.com\/wordpress\/plugins\/seo\/ -->\n<title>Vuelven Lozano y Ochoa a la Selecci\u00f3n Mexicana - Esbozo Deportivo<\/title>\n<meta name=\"description\" content=\"El delantero Hirving Lozano y el arquero Guillermo Ochoa regresar\u00e1n a la selecci\u00f3n de M\u00e9xico para encarar un par de partidos de preparaci\u00f3n ante Suiza y Turqu\u00eda previos al debut en la Copa Oro, anunci\u00f3 el lunes la direcci\u00f3n de selecciones nacionales.\" \/>\n<meta name=\"robots\" content=\"index, follow, max-snippet:-1, max-image-preview:large, max-video-preview:-1\" \/>\n<link rel=\"canonical\" href=\"https:\/\/esbozodeportivo.com\/index.php\/2025\/05\/27\/vuelven-lozano-y-ochoa-a-la-seleccion-mexicana\/\" \/>\n<meta property=\"og:locale\" content=\"es_MX\" \/>\n<meta property=\"og:type\" content=\"article\" \/>\n<meta property=\"og:title\" content=\"Vuelven Lozano y Ochoa a la Selecci\u00f3n Mexicana - Esbozo Deportivo\" \/>\n<meta property=\"og:description\" content=\"El delantero Hirving Lozano y el arquero Guillermo Ochoa regresar\u00e1n a la selecci\u00f3n de M\u00e9xico para encarar un par de partidos de preparaci\u00f3n ante Suiza y Turqu\u00eda previos al debut en la Copa Oro, anunci\u00f3 el lunes la direcci\u00f3n de selecciones nacionales.\" \/>\n<meta property=\"og:url\" content=\"https:\/\/esbozodeportivo.com\/index.php\/2025\/05\/27\/vuelven-lozano-y-ochoa-a-la-seleccion-mexicana\/\" \/>\n<meta property=\"og:site_name\" content=\"Esbozo Deportivo\" \/>\n<meta property=\"article:published_time\" content=\"2025-05-27T06:35:44+00:00\" \/>\n<meta property=\"article:modified_time\" content=\"2025-05-27T06:35:45+00:00\" \/>\n<meta property=\"og:image\" content=\"https:\/\/esbozodeportivo.com\/wp-content\/uploads\/2025\/05\/Chuky-Lozano.jpg\" \/>\n\t<meta property=\"og:image:width\" content=\"980\" \/>\n\t<meta property=\"og:image:height\" content=\"653\" \/>\n\t<meta property=\"og:image:type\" content=\"image\/jpeg\" \/>\n<meta name=\"author\" content=\"Redacci\u00f3n\" \/>\n<meta name=\"twitter:card\" content=\"summary_large_image\" \/>\n<meta name=\"twitter:label1\" content=\"Escrito por\" \/>\n\t<meta name=\"twitter:data1\" content=\"Redacci\u00f3n\" \/>\n\t<meta name=\"twitter:label2\" content=\"Tiempo de lectura\" \/>\n\t<meta name=\"twitter:data2\" content=\"3 minutos\" \/>\n<script type=\"application\/ld+json\" class=\"yoast-schema-graph\">{\"@context\":\"https:\/\/schema.org\",\"@graph\":[{\"@type\":\"Article\",\"@id\":\"https:\/\/esbozodeportivo.com\/index.php\/2025\/05\/27\/vuelven-lozano-y-ochoa-a-la-seleccion-mexicana\/#article\",\"isPartOf\":{\"@id\":\"https:\/\/esbozodeportivo.com\/index.php\/2025\/05\/27\/vuelven-lozano-y-ochoa-a-la-seleccion-mexicana\/\"},\"author\":{\"name\":\"Redacci\u00f3n\",\"@id\":\"https:\/\/esbozodeportivo.com\/#\/schema\/person\/0f6df9196dfe6740dd0bb31bae50d374\"},\"headline\":\"Vuelven Lozano y Ochoa a la Selecci\u00f3n Mexicana\",\"datePublished\":\"2025-05-27T06:35:44+00:00\",\"dateModified\":\"2025-05-27T06:35:45+00:00\",\"mainEntityOfPage\":{\"@id\":\"https:\/\/esbozodeportivo.com\/index.php\/2025\/05\/27\/vuelven-lozano-y-ochoa-a-la-seleccion-mexicana\/\"},\"wordCount\":580,\"publisher\":{\"@id\":\"https:\/\/esbozodeportivo.com\/#organization\"},\"image\":{\"@id\":\"https:\/\/esbozodeportivo.com\/index.php\/2025\/05\/27\/vuelven-lozano-y-ochoa-a-la-seleccion-mexicana\/#primaryimage\"},\"thumbnailUrl\":\"https:\/\/esbozodeportivo.com\/wp-content\/uploads\/2025\/05\/Chuky-Lozano.jpg\",\"articleSection\":[\"Selecci\u00f3n Mexicana\"],\"inLanguage\":\"es\"},{\"@type\":\"WebPage\",\"@id\":\"https:\/\/esbozodeportivo.com\/index.php\/2025\/05\/27\/vuelven-lozano-y-ochoa-a-la-seleccion-mexicana\/\",\"url\":\"https:\/\/esbozodeportivo.com\/index.php\/2025\/05\/27\/vuelven-lozano-y-ochoa-a-la-seleccion-mexicana\/\",\"name\":\"Vuelven Lozano y Ochoa a la Selecci\u00f3n Mexicana - Esbozo Deportivo\",\"isPartOf\":{\"@id\":\"https:\/\/esbozodeportivo.com\/#website\"},\"primaryImageOfPage\":{\"@id\":\"https:\/\/esbozodeportivo.com\/index.php\/2025\/05\/27\/vuelven-lozano-y-ochoa-a-la-seleccion-mexicana\/#primaryimage\"},\"image\":{\"@id\":\"https:\/\/esbozodeportivo.com\/index.php\/2025\/05\/27\/vuelven-lozano-y-ochoa-a-la-seleccion-mexicana\/#primaryimage\"},\"thumbnailUrl\":\"https:\/\/esbozodeportivo.com\/wp-content\/uploads\/2025\/05\/Chuky-Lozano.jpg\",\"datePublished\":\"2025-05-27T06:35:44+00:00\",\"dateModified\":\"2025-05-27T06:35:45+00:00\",\"description\":\"El delantero Hirving Lozano y el arquero Guillermo Ochoa regresar\u00e1n a la selecci\u00f3n de M\u00e9xico para encarar un par de partidos de preparaci\u00f3n ante Suiza y Turqu\u00eda previos al debut en la Copa Oro, anunci\u00f3 el lunes la direcci\u00f3n de selecciones nacionales.\",\"breadcrumb\":{\"@id\":\"https:\/\/esbozodeportivo.com\/index.php\/2025\/05\/27\/vuelven-lozano-y-ochoa-a-la-seleccion-mexicana\/#breadcrumb\"},\"inLanguage\":\"es\",\"potentialAction\":[{\"@type\":\"ReadAction\",\"target\":[\"https:\/\/esbozodeportivo.com\/index.php\/2025\/05\/27\/vuelven-lozano-y-ochoa-a-la-seleccion-mexicana\/\"]}]},{\"@type\":\"ImageObject\",\"inLanguage\":\"es\",\"@id\":\"https:\/\/esbozodeportivo.com\/index.php\/2025\/05\/27\/vuelven-lozano-y-ochoa-a-la-seleccion-mexicana\/#primaryimage\",\"url\":\"https:\/\/esbozodeportivo.com\/wp-content\/uploads\/2025\/05\/Chuky-Lozano.jpg\",\"contentUrl\":\"https:\/\/esbozodeportivo.com\/wp-content\/uploads\/2025\/05\/Chuky-Lozano.jpg\",\"width\":980,\"height\":653},{\"@type\":\"BreadcrumbList\",\"@id\":\"https:\/\/esbozodeportivo.com\/index.php\/2025\/05\/27\/vuelven-lozano-y-ochoa-a-la-seleccion-mexicana\/#breadcrumb\",\"itemListElement\":[{\"@type\":\"ListItem\",\"position\":1,\"name\":\"Inicio\",\"item\":\"https:\/\/esbozodeportivo.com\/\"},{\"@type\":\"ListItem\",\"position\":2,\"name\":\"Vuelven Lozano y Ochoa a la Selecci\u00f3n Mexicana\"}]},{\"@type\":\"WebSite\",\"@id\":\"https:\/\/esbozodeportivo.com\/#website\",\"url\":\"https:\/\/esbozodeportivo.com\/\",\"name\":\"Esbozo Deportivo\",\"description\":\"Lo m\u00e1s importante del Deporte\",\"publisher\":{\"@id\":\"https:\/\/esbozodeportivo.com\/#organization\"},\"potentialAction\":[{\"@type\":\"SearchAction\",\"target\":{\"@type\":\"EntryPoint\",\"urlTemplate\":\"https:\/\/esbozodeportivo.com\/?s={search_term_string}\"},\"query-input\":{\"@type\":\"PropertyValueSpecification\",\"valueRequired\":true,\"valueName\":\"search_term_string\"}}],\"inLanguage\":\"es\"},{\"@type\":\"Organization\",\"@id\":\"https:\/\/esbozodeportivo.com\/#organization\",\"name\":\"Esbozo Deportivo\",\"url\":\"https:\/\/esbozodeportivo.com\/\",\"logo\":{\"@type\":\"ImageObject\",\"inLanguage\":\"es\",\"@id\":\"https:\/\/esbozodeportivo.com\/#\/schema\/logo\/image\/\",\"url\":\"https:\/\/esbozodeportivo.com\/wp-content\/uploads\/2022\/08\/cropped-Logo-Esbozo-Web-2.png\",\"contentUrl\":\"https:\/\/esbozodeportivo.com\/wp-content\/uploads\/2022\/08\/cropped-Logo-Esbozo-Web-2.png\",\"width\":180,\"height\":50,\"caption\":\"Esbozo Deportivo\"},\"image\":{\"@id\":\"https:\/\/esbozodeportivo.com\/#\/schema\/logo\/image\/\"}},{\"@type\":\"Person\",\"@id\":\"https:\/\/esbozodeportivo.com\/#\/schema\/person\/0f6df9196dfe6740dd0bb31bae50d374\",\"name\":\"Redacci\u00f3n\",\"image\":{\"@type\":\"ImageObject\",\"inLanguage\":\"es\",\"@id\":\"https:\/\/esbozodeportivo.com\/#\/schema\/person\/image\/\",\"url\":\"https:\/\/secure.gravatar.com\/avatar\/f55268a89c3b418f2ef172ff52ab0d09b3e653c58de29539fe329fb93d78ebf3?s=96&d=mm&r=g\",\"contentUrl\":\"https:\/\/secure.gravatar.com\/avatar\/f55268a89c3b418f2ef172ff52ab0d09b3e653c58de29539fe329fb93d78ebf3?s=96&d=mm&r=g\",\"caption\":\"Redacci\u00f3n\"},\"url\":\"https:\/\/esbozodeportivo.com\/index.php\/author\/redaccion\/\"}]}<\/script>\n<!-- \/ Yoast SEO plugin. -->","yoast_head_json":{"title":"Vuelven Lozano y Ochoa a la Selecci\u00f3n Mexicana - Esbozo Deportivo","description":"El delantero Hirving Lozano y el arquero Guillermo Ochoa regresar\u00e1n a la selecci\u00f3n de M\u00e9xico para encarar un par de partidos de preparaci\u00f3n ante Suiza y Turqu\u00eda previos al debut en la Copa Oro, anunci\u00f3 el lunes la direcci\u00f3n de selecciones nacionales.","robots":{"index":"index","follow":"follow","max-snippet":"max-snippet:-1","max-image-preview":"max-image-preview:large","max-video-preview":"max-video-preview:-1"},"canonical":"https:\/\/esbozodeportivo.com\/index.php\/2025\/05\/27\/vuelven-lozano-y-ochoa-a-la-seleccion-mexicana\/","og_locale":"es_MX","og_type":"article","og_title":"Vuelven Lozano y Ochoa a la Selecci\u00f3n Mexicana - Esbozo Deportivo","og_description":"El delantero Hirving Lozano y el arquero Guillermo Ochoa regresar\u00e1n a la selecci\u00f3n de M\u00e9xico para encarar un par de partidos de preparaci\u00f3n ante Suiza y Turqu\u00eda previos al debut en la Copa Oro, anunci\u00f3 el lunes la direcci\u00f3n de selecciones nacionales.","og_url":"https:\/\/esbozodeportivo.com\/index.php\/2025\/05\/27\/vuelven-lozano-y-ochoa-a-la-seleccion-mexicana\/","og_site_name":"Esbozo Deportivo","article_published_time":"2025-05-27T06:35:44+00:00","article_modified_time":"2025-05-27T06:35:45+00:00","og_image":[{"width":980,"height":653,"url":"https:\/\/esbozodeportivo.com\/wp-content\/uploads\/2025\/05\/Chuky-Lozano.jpg","type":"image\/jpeg"}],"author":"Redacci\u00f3n","twitter_card":"summary_large_image","twitter_misc":{"Escrito por":"Redacci\u00f3n","Tiempo de lectura":"3 minutos"},"schema":{"@context":"https:\/\/schema.org","@graph":[{"@type":"Article","@id":"https:\/\/esbozodeportivo.com\/index.php\/2025\/05\/27\/vuelven-lozano-y-ochoa-a-la-seleccion-mexicana\/#article","isPartOf":{"@id":"https:\/\/esbozodeportivo.com\/index.php\/2025\/05\/27\/vuelven-lozano-y-ochoa-a-la-seleccion-mexicana\/"},"author":{"name":"Redacci\u00f3n","@id":"https:\/\/esbozodeportivo.com\/#\/schema\/person\/0f6df9196dfe6740dd0bb31bae50d374"},"headline":"Vuelven Lozano y Ochoa a la Selecci\u00f3n Mexicana","datePublished":"2025-05-27T06:35:44+00:00","dateModified":"2025-05-27T06:35:45+00:00","mainEntityOfPage":{"@id":"https:\/\/esbozodeportivo.com\/index.php\/2025\/05\/27\/vuelven-lozano-y-ochoa-a-la-seleccion-mexicana\/"},"wordCount":580,"publisher":{"@id":"https:\/\/esbozodeportivo.com\/#organization"},"image":{"@id":"https:\/\/esbozodeportivo.com\/index.php\/2025\/05\/27\/vuelven-lozano-y-ochoa-a-la-seleccion-mexicana\/#primaryimage"},"thumbnailUrl":"https:\/\/esbozodeportivo.com\/wp-content\/uploads\/2025\/05\/Chuky-Lozano.jpg","articleSection":["Selecci\u00f3n Mexicana"],"inLanguage":"es"},{"@type":"WebPage","@id":"https:\/\/esbozodeportivo.com\/index.php\/2025\/05\/27\/vuelven-lozano-y-ochoa-a-la-seleccion-mexicana\/","url":"https:\/\/esbozodeportivo.com\/index.php\/2025\/05\/27\/vuelven-lozano-y-ochoa-a-la-seleccion-mexicana\/","name":"Vuelven Lozano y Ochoa a la Selecci\u00f3n Mexicana - Esbozo Deportivo","isPartOf":{"@id":"https:\/\/esbozodeportivo.com\/#website"},"primaryImageOfPage":{"@id":"https:\/\/esbozodeportivo.com\/index.php\/2025\/05\/27\/vuelven-lozano-y-ochoa-a-la-seleccion-mexicana\/#primaryimage"},"image":{"@id":"https:\/\/esbozodeportivo.com\/index.php\/2025\/05\/27\/vuelven-lozano-y-ochoa-a-la-seleccion-mexicana\/#primaryimage"},"thumbnailUrl":"https:\/\/esbozodeportivo.com\/wp-content\/uploads\/2025\/05\/Chuky-Lozano.jpg","datePublished":"2025-05-27T06:35:44+00:00","dateModified":"2025-05-27T06:35:45+00:00","description":"El delantero Hirving Lozano y el arquero Guillermo Ochoa regresar\u00e1n a la selecci\u00f3n de M\u00e9xico para encarar un par de partidos de preparaci\u00f3n ante Suiza y Turqu\u00eda previos al debut en la Copa Oro, anunci\u00f3 el lunes la direcci\u00f3n de selecciones nacionales.","breadcrumb":{"@id":"https:\/\/esbozodeportivo.com\/index.php\/2025\/05\/27\/vuelven-lozano-y-ochoa-a-la-seleccion-mexicana\/#breadcrumb"},"inLanguage":"es","potentialAction":[{"@type":"ReadAction","target":["https:\/\/esbozodeportivo.com\/index.php\/2025\/05\/27\/vuelven-lozano-y-ochoa-a-la-seleccion-mexicana\/"]}]},{"@type":"ImageObject","inLanguage":"es","@id":"https:\/\/esbozodeportivo.com\/index.php\/2025\/05\/27\/vuelven-lozano-y-ochoa-a-la-seleccion-mexicana\/#primaryimage","url":"https:\/\/esbozodeportivo.com\/wp-content\/uploads\/2025\/05\/Chuky-Lozano.jpg","contentUrl":"https:\/\/esbozodeportivo.com\/wp-content\/uploads\/2025\/05\/Chuky-Lozano.jpg","width":980,"height":653},{"@type":"BreadcrumbList","@id":"https:\/\/esbozodeportivo.com\/index.php\/2025\/05\/27\/vuelven-lozano-y-ochoa-a-la-seleccion-mexicana\/#breadcrumb","itemListElement":[{"@type":"ListItem","position":1,"name":"Inicio","item":"https:\/\/esbozodeportivo.com\/"},{"@type":"ListItem","position":2,"name":"Vuelven Lozano y Ochoa a la Selecci\u00f3n Mexicana"}]},{"@type":"WebSite","@id":"https:\/\/esbozodeportivo.com\/#website","url":"https:\/\/esbozodeportivo.com\/","name":"Esbozo Deportivo","description":"Lo m\u00e1s importante del Deporte","publisher":{"@id":"https:\/\/esbozodeportivo.com\/#organization"},"potentialAction":[{"@type":"SearchAction","target":{"@type":"EntryPoint","urlTemplate":"https:\/\/esbozodeportivo.com\/?s={search_term_string}"},"query-input":{"@type":"PropertyValueSpecification","valueRequired":true,"valueName":"search_term_string"}}],"inLanguage":"es"},{"@type":"Organization","@id":"https:\/\/esbozodeportivo.com\/#organization","name":"Esbozo Deportivo","url":"https:\/\/esbozodeportivo.com\/","logo":{"@type":"ImageObject","inLanguage":"es","@id":"https:\/\/esbozodeportivo.com\/#\/schema\/logo\/image\/","url":"https:\/\/esbozodeportivo.com\/wp-content\/uploads\/2022\/08\/cropped-Logo-Esbozo-Web-2.png","contentUrl":"https:\/\/esbozodeportivo.com\/wp-content\/uploads\/2022\/08\/cropped-Logo-Esbozo-Web-2.png","width":180,"height":50,"caption":"Esbozo Deportivo"},"image":{"@id":"https:\/\/esbozodeportivo.com\/#\/schema\/logo\/image\/"}},{"@type":"Person","@id":"https:\/\/esbozodeportivo.com\/#\/schema\/person\/0f6df9196dfe6740dd0bb31bae50d374","name":"Redacci\u00f3n","image":{"@type":"ImageObject","inLanguage":"es","@id":"https:\/\/esbozodeportivo.com\/#\/schema\/person\/image\/","url":"https:\/\/secure.gravatar.com\/avatar\/f55268a89c3b418f2ef172ff52ab0d09b3e653c58de29539fe329fb93d78ebf3?s=96&d=mm&r=g","contentUrl":"https:\/\/secure.gravatar.com\/avatar\/f55268a89c3b418f2ef172ff52ab0d09b3e653c58de29539fe329fb93d78ebf3?s=96&d=mm&r=g","caption":"Redacci\u00f3n"},"url":"https:\/\/esbozodeportivo.com\/index.php\/author\/redaccion\/"}]}},"jetpack_featured_media_url":"https:\/\/esbozodeportivo.com\/wp-content\/uploads\/2025\/05\/Chuky-Lozano.jpg","jetpack_sharing_enabled":true,"_links":{"self":[{"href":"https:\/\/esbozodeportivo.com\/index.php\/wp-json\/wp\/v2\/posts\/7601","targetHints":{"allow":["GET"]}}],"collection":[{"href":"https:\/\/esbozodeportivo.com\/index.php\/wp-json\/wp\/v2\/posts"}],"about":[{"href":"https:\/\/esbozodeportivo.com\/index.php\/wp-json\/wp\/v2\/types\/post"}],"author":[{"embeddable":true,"href":"https:\/\/esbozodeportivo.com\/index.php\/wp-json\/wp\/v2\/users\/4"}],"replies":[{"embeddable":true,"href":"https:\/\/esbozodeportivo.com\/index.php\/wp-json\/wp\/v2\/comments?post=7601"}],"version-history":[{"count":1,"href":"https:\/\/esbozodeportivo.com\/index.php\/wp-json\/wp\/v2\/posts\/7601\/revisions"}],"predecessor-version":[{"id":7602,"href":"https:\/\/esbozodeportivo.com\/index.php\/wp-json\/wp\/v2\/posts\/7601\/revisions\/7602"}],"wp:featuredmedia":[{"embeddable":true,"href":"https:\/\/esbozodeportivo.com\/index.php\/wp-json\/wp\/v2\/media\/7589"}],"wp:attachment":[{"href":"https:\/\/esbozodeportivo.com\/index.php\/wp-json\/wp\/v2\/media?parent=7601"}],"wp:term":[{"taxonomy":"category","embeddable":true,"href":"https:\/\/esbozodeportivo.com\/index.php\/wp-json\/wp\/v2\/categories?post=7601"},{"taxonomy":"post_tag","embeddable":true,"href":"https:\/\/esbozodeportivo.com\/index.php\/wp-json\/wp\/v2\/tags?post=7601"}],"curies":[{"name":"wp","href":"https:\/\/api.w.org\/{rel}","templated":true}]}}