{"id":7617,"date":"2025-05-28T00:22:22","date_gmt":"2025-05-28T06:22:22","guid":{"rendered":"https:\/\/esbozodeportivo.com\/?p=7617"},"modified":"2025-05-28T00:22:23","modified_gmt":"2025-05-28T06:22:23","slug":"presentan-a-gabriel-milito-como-nuevo-entrenador-de-chivas","status":"publish","type":"post","link":"https:\/\/esbozodeportivo.com\/index.php\/2025\/05\/28\/presentan-a-gabriel-milito-como-nuevo-entrenador-de-chivas\/","title":{"rendered":"Presentan a Gabriel Milito como nuevo entrenador de Chivas"},"content":{"rendered":"\n<p>(Foto: Agencias) <\/p>\n\n\n\n<p>Despu\u00e9s de poco m\u00e1s de un mes de b\u00fasqueda, la dirigencia de <strong>Chivas<\/strong> anunci\u00f3 el lunes que se decant\u00f3 por el argentino <strong>Gabriel Milito<\/strong>, quien se convertir\u00e1 en el nuevo entrenador del equipo a partir del torneo Apertura que inicia en julio pr\u00f3ximo.<\/p>\n\n\n\n<p><strong>Milito<\/strong>, de 44 a\u00f1os, releva en el cargo a <strong>Gerardo Espinoza<\/strong> a quien el equipo declin\u00f3 extenderle el contrato el mes pasado luego de que el equipo qued\u00f3 eliminado de la liguilla del torneo <strong>Clausura.<\/strong><\/p>\n\n\n\n<p><strong>Chivas<\/strong> no revel\u00f3 ni la duraci\u00f3n del contrato ni los datos econ\u00f3micos.<\/p>\n\n\n\n<p><strong>Milito <\/strong>desembarca en <strong>M\u00e9xico<\/strong> procedente del <strong>Atl\u00e9tico Mineiro de Brasil<\/strong> donde alcanz\u00f3 la final de la <strong>Copa Liberadores<\/strong> del a\u00f1o pasado, pero fue cesado tras una racha de 12 encuentros sin poder ganar.<\/p>\n\n\n\n<p>Adem\u00e1s del equipo brasile\u00f1o, <strong>Milito<\/strong> dirigi\u00f3 en dos etapas a <strong>Estudiantes<\/strong>, adem\u00e1s de <strong>Independiente <\/strong>y <strong>Argentinos Juniors<\/strong> en su pa\u00eds y el <strong>O\u00b4Higgins de Chile<\/strong>. <strong>Chivas<\/strong>, uno de los dos equipos m\u00e1s populares en <strong>M\u00e9xico,<\/strong> termin\u00f3 und\u00e9cimo entre 18 equipos con una cosecha de 21 puntos en 17 fechas.<\/p>\n\n\n\n<p>La eliminaci\u00f3n de la fase final extiende a ocho a\u00f1os la sequ\u00eda sin t\u00edtulos del equipo, que se coron\u00f3 por \u00faltima vez en el torneo <strong>Clausura 2017<\/strong> cuando el equipo era dirigido por el entrenador argentino <strong>Mat\u00edas Almeyda.<\/strong><\/p>\n\n\n\n<p>Desde la salida del <strong>\u201cPelado\u201d Almeyda,<\/strong> 11 entrenadores se han sentado en el banquillo buscando ganar un campeonato y <strong>Milito<\/strong> ser\u00e1 el 12do.<\/p>\n\n\n\n<p><strong>Chivas<\/strong>, uno de los dos equipos m\u00e1s populares en <strong>M\u00e9xico<\/strong>, termin\u00f3 und\u00e9cimo entre 18 equipos con una cosecha de 21 puntos en 17 fechas.<\/p>\n\n\n\n<p>La eliminaci\u00f3n de la fase final extiende a ocho a\u00f1os la sequ\u00eda sin t\u00edtulos del equipo, que se coron\u00f3 por \u00faltima vez en el torneo <strong>Clausura 2017<\/strong> cuando el equipo era dirigido por el entrenador argentino <strong>Mat\u00edas Almeyda<\/strong>.<\/p>\n\n\n\n<p>Desde la salida del <strong>\u201cPelado\u201d Almeyda<\/strong>, 11 entrenadores se han sentado en el banquillo buscando ganar un campeonato y <strong>Milito<\/strong> ser\u00e1 el 12do.<\/p>\n\n\n\n<p><\/p>\n","protected":false},"excerpt":{"rendered":"<p>(Foto: Agencias) Despu\u00e9s de poco m\u00e1s de un mes de b\u00fasqueda, la dirigencia de Chivas<\/p>\n","protected":false},"author":4,"featured_media":7619,"comment_status":"closed","ping_status":"open","sticky":false,"template":"","format":"standard","meta":{"_jetpack_memberships_contains_paid_content":false,"footnotes":""},"categories":[20],"tags":[],"class_list":["post-7617","post","type-post","status-publish","format-standard","has-post-thumbnail","hentry","category-liga"],"yoast_head":"<!-- This site is optimized with the Yoast SEO plugin v25.7 - https:\/\/yoast.com\/wordpress\/plugins\/seo\/ -->\n<title>Presentan a Gabriel Milito como nuevo entrenador de Chivas - Esbozo Deportivo<\/title>\n<meta name=\"description\" content=\"Despu\u00e9s de poco m\u00e1s de un mes de b\u00fasqueda, la dirigencia de Chivas anunci\u00f3 el lunes que se decant\u00f3 por el argentino Gabriel Milito, quien se convertir\u00e1 en el nuevo entrenador del equipo a partir del torneo Apertura que inicia en julio pr\u00f3ximo.\" \/>\n<meta name=\"robots\" content=\"index, follow, max-snippet:-1, max-image-preview:large, max-video-preview:-1\" \/>\n<link rel=\"canonical\" href=\"https:\/\/esbozodeportivo.com\/index.php\/2025\/05\/28\/presentan-a-gabriel-milito-como-nuevo-entrenador-de-chivas\/\" \/>\n<meta property=\"og:locale\" content=\"es_MX\" \/>\n<meta property=\"og:type\" content=\"article\" \/>\n<meta property=\"og:title\" content=\"Presentan a Gabriel Milito como nuevo entrenador de Chivas - Esbozo Deportivo\" \/>\n<meta property=\"og:description\" content=\"Despu\u00e9s de poco m\u00e1s de un mes de b\u00fasqueda, la dirigencia de Chivas anunci\u00f3 el lunes que se decant\u00f3 por el argentino Gabriel Milito, quien se convertir\u00e1 en el nuevo entrenador del equipo a partir del torneo Apertura que inicia en julio pr\u00f3ximo.\" \/>\n<meta property=\"og:url\" content=\"https:\/\/esbozodeportivo.com\/index.php\/2025\/05\/28\/presentan-a-gabriel-milito-como-nuevo-entrenador-de-chivas\/\" \/>\n<meta property=\"og:site_name\" content=\"Esbozo Deportivo\" \/>\n<meta property=\"article:published_time\" content=\"2025-05-28T06:22:22+00:00\" \/>\n<meta property=\"article:modified_time\" content=\"2025-05-28T06:22:23+00:00\" \/>\n<meta property=\"og:image\" content=\"https:\/\/esbozodeportivo.com\/wp-content\/uploads\/2025\/05\/Chivas.jpg\" \/>\n\t<meta property=\"og:image:width\" content=\"1200\" \/>\n\t<meta property=\"og:image:height\" content=\"675\" \/>\n\t<meta property=\"og:image:type\" content=\"image\/jpeg\" \/>\n<meta name=\"author\" content=\"Redacci\u00f3n\" \/>\n<meta name=\"twitter:card\" content=\"summary_large_image\" \/>\n<meta name=\"twitter:label1\" content=\"Escrito por\" \/>\n\t<meta name=\"twitter:data1\" content=\"Redacci\u00f3n\" \/>\n\t<meta name=\"twitter:label2\" content=\"Tiempo de lectura\" \/>\n\t<meta name=\"twitter:data2\" content=\"2 minutos\" \/>\n<script type=\"application\/ld+json\" class=\"yoast-schema-graph\">{\"@context\":\"https:\/\/schema.org\",\"@graph\":[{\"@type\":\"Article\",\"@id\":\"https:\/\/esbozodeportivo.com\/index.php\/2025\/05\/28\/presentan-a-gabriel-milito-como-nuevo-entrenador-de-chivas\/#article\",\"isPartOf\":{\"@id\":\"https:\/\/esbozodeportivo.com\/index.php\/2025\/05\/28\/presentan-a-gabriel-milito-como-nuevo-entrenador-de-chivas\/\"},\"author\":{\"name\":\"Redacci\u00f3n\",\"@id\":\"https:\/\/esbozodeportivo.com\/#\/schema\/person\/0f6df9196dfe6740dd0bb31bae50d374\"},\"headline\":\"Presentan a Gabriel Milito como nuevo entrenador de Chivas\",\"datePublished\":\"2025-05-28T06:22:22+00:00\",\"dateModified\":\"2025-05-28T06:22:23+00:00\",\"mainEntityOfPage\":{\"@id\":\"https:\/\/esbozodeportivo.com\/index.php\/2025\/05\/28\/presentan-a-gabriel-milito-como-nuevo-entrenador-de-chivas\/\"},\"wordCount\":348,\"publisher\":{\"@id\":\"https:\/\/esbozodeportivo.com\/#organization\"},\"image\":{\"@id\":\"https:\/\/esbozodeportivo.com\/index.php\/2025\/05\/28\/presentan-a-gabriel-milito-como-nuevo-entrenador-de-chivas\/#primaryimage\"},\"thumbnailUrl\":\"https:\/\/esbozodeportivo.com\/wp-content\/uploads\/2025\/05\/Chivas.jpg\",\"articleSection\":[\"Liga MX\"],\"inLanguage\":\"es\"},{\"@type\":\"WebPage\",\"@id\":\"https:\/\/esbozodeportivo.com\/index.php\/2025\/05\/28\/presentan-a-gabriel-milito-como-nuevo-entrenador-de-chivas\/\",\"url\":\"https:\/\/esbozodeportivo.com\/index.php\/2025\/05\/28\/presentan-a-gabriel-milito-como-nuevo-entrenador-de-chivas\/\",\"name\":\"Presentan a Gabriel Milito como nuevo entrenador de Chivas - Esbozo Deportivo\",\"isPartOf\":{\"@id\":\"https:\/\/esbozodeportivo.com\/#website\"},\"primaryImageOfPage\":{\"@id\":\"https:\/\/esbozodeportivo.com\/index.php\/2025\/05\/28\/presentan-a-gabriel-milito-como-nuevo-entrenador-de-chivas\/#primaryimage\"},\"image\":{\"@id\":\"https:\/\/esbozodeportivo.com\/index.php\/2025\/05\/28\/presentan-a-gabriel-milito-como-nuevo-entrenador-de-chivas\/#primaryimage\"},\"thumbnailUrl\":\"https:\/\/esbozodeportivo.com\/wp-content\/uploads\/2025\/05\/Chivas.jpg\",\"datePublished\":\"2025-05-28T06:22:22+00:00\",\"dateModified\":\"2025-05-28T06:22:23+00:00\",\"description\":\"Despu\u00e9s de poco m\u00e1s de un mes de b\u00fasqueda, la dirigencia de Chivas anunci\u00f3 el lunes que se decant\u00f3 por el argentino Gabriel Milito, quien se convertir\u00e1 en el nuevo entrenador del equipo a partir del torneo Apertura que inicia en julio pr\u00f3ximo.\",\"breadcrumb\":{\"@id\":\"https:\/\/esbozodeportivo.com\/index.php\/2025\/05\/28\/presentan-a-gabriel-milito-como-nuevo-entrenador-de-chivas\/#breadcrumb\"},\"inLanguage\":\"es\",\"potentialAction\":[{\"@type\":\"ReadAction\",\"target\":[\"https:\/\/esbozodeportivo.com\/index.php\/2025\/05\/28\/presentan-a-gabriel-milito-como-nuevo-entrenador-de-chivas\/\"]}]},{\"@type\":\"ImageObject\",\"inLanguage\":\"es\",\"@id\":\"https:\/\/esbozodeportivo.com\/index.php\/2025\/05\/28\/presentan-a-gabriel-milito-como-nuevo-entrenador-de-chivas\/#primaryimage\",\"url\":\"https:\/\/esbozodeportivo.com\/wp-content\/uploads\/2025\/05\/Chivas.jpg\",\"contentUrl\":\"https:\/\/esbozodeportivo.com\/wp-content\/uploads\/2025\/05\/Chivas.jpg\",\"width\":1200,\"height\":675},{\"@type\":\"BreadcrumbList\",\"@id\":\"https:\/\/esbozodeportivo.com\/index.php\/2025\/05\/28\/presentan-a-gabriel-milito-como-nuevo-entrenador-de-chivas\/#breadcrumb\",\"itemListElement\":[{\"@type\":\"ListItem\",\"position\":1,\"name\":\"Inicio\",\"item\":\"https:\/\/esbozodeportivo.com\/\"},{\"@type\":\"ListItem\",\"position\":2,\"name\":\"Presentan a Gabriel Milito como nuevo entrenador de Chivas\"}]},{\"@type\":\"WebSite\",\"@id\":\"https:\/\/esbozodeportivo.com\/#website\",\"url\":\"https:\/\/esbozodeportivo.com\/\",\"name\":\"Esbozo Deportivo\",\"description\":\"Lo m\u00e1s importante del Deporte\",\"publisher\":{\"@id\":\"https:\/\/esbozodeportivo.com\/#organization\"},\"potentialAction\":[{\"@type\":\"SearchAction\",\"target\":{\"@type\":\"EntryPoint\",\"urlTemplate\":\"https:\/\/esbozodeportivo.com\/?s={search_term_string}\"},\"query-input\":{\"@type\":\"PropertyValueSpecification\",\"valueRequired\":true,\"valueName\":\"search_term_string\"}}],\"inLanguage\":\"es\"},{\"@type\":\"Organization\",\"@id\":\"https:\/\/esbozodeportivo.com\/#organization\",\"name\":\"Esbozo Deportivo\",\"url\":\"https:\/\/esbozodeportivo.com\/\",\"logo\":{\"@type\":\"ImageObject\",\"inLanguage\":\"es\",\"@id\":\"https:\/\/esbozodeportivo.com\/#\/schema\/logo\/image\/\",\"url\":\"https:\/\/esbozodeportivo.com\/wp-content\/uploads\/2022\/08\/cropped-Logo-Esbozo-Web-2.png\",\"contentUrl\":\"https:\/\/esbozodeportivo.com\/wp-content\/uploads\/2022\/08\/cropped-Logo-Esbozo-Web-2.png\",\"width\":180,\"height\":50,\"caption\":\"Esbozo Deportivo\"},\"image\":{\"@id\":\"https:\/\/esbozodeportivo.com\/#\/schema\/logo\/image\/\"}},{\"@type\":\"Person\",\"@id\":\"https:\/\/esbozodeportivo.com\/#\/schema\/person\/0f6df9196dfe6740dd0bb31bae50d374\",\"name\":\"Redacci\u00f3n\",\"image\":{\"@type\":\"ImageObject\",\"inLanguage\":\"es\",\"@id\":\"https:\/\/esbozodeportivo.com\/#\/schema\/person\/image\/\",\"url\":\"https:\/\/secure.gravatar.com\/avatar\/f55268a89c3b418f2ef172ff52ab0d09b3e653c58de29539fe329fb93d78ebf3?s=96&d=mm&r=g\",\"contentUrl\":\"https:\/\/secure.gravatar.com\/avatar\/f55268a89c3b418f2ef172ff52ab0d09b3e653c58de29539fe329fb93d78ebf3?s=96&d=mm&r=g\",\"caption\":\"Redacci\u00f3n\"},\"url\":\"https:\/\/esbozodeportivo.com\/index.php\/author\/redaccion\/\"}]}<\/script>\n<!-- \/ Yoast SEO plugin. -->","yoast_head_json":{"title":"Presentan a Gabriel Milito como nuevo entrenador de Chivas - Esbozo Deportivo","description":"Despu\u00e9s de poco m\u00e1s de un mes de b\u00fasqueda, la dirigencia de Chivas anunci\u00f3 el lunes que se decant\u00f3 por el argentino Gabriel Milito, quien se convertir\u00e1 en el nuevo entrenador del equipo a partir del torneo Apertura que inicia en julio pr\u00f3ximo.","robots":{"index":"index","follow":"follow","max-snippet":"max-snippet:-1","max-image-preview":"max-image-preview:large","max-video-preview":"max-video-preview:-1"},"canonical":"https:\/\/esbozodeportivo.com\/index.php\/2025\/05\/28\/presentan-a-gabriel-milito-como-nuevo-entrenador-de-chivas\/","og_locale":"es_MX","og_type":"article","og_title":"Presentan a Gabriel Milito como nuevo entrenador de Chivas - Esbozo Deportivo","og_description":"Despu\u00e9s de poco m\u00e1s de un mes de b\u00fasqueda, la dirigencia de Chivas anunci\u00f3 el lunes que se decant\u00f3 por el argentino Gabriel Milito, quien se convertir\u00e1 en el nuevo entrenador del equipo a partir del torneo Apertura que inicia en julio pr\u00f3ximo.","og_url":"https:\/\/esbozodeportivo.com\/index.php\/2025\/05\/28\/presentan-a-gabriel-milito-como-nuevo-entrenador-de-chivas\/","og_site_name":"Esbozo Deportivo","article_published_time":"2025-05-28T06:22:22+00:00","article_modified_time":"2025-05-28T06:22:23+00:00","og_image":[{"width":1200,"height":675,"url":"https:\/\/esbozodeportivo.com\/wp-content\/uploads\/2025\/05\/Chivas.jpg","type":"image\/jpeg"}],"author":"Redacci\u00f3n","twitter_card":"summary_large_image","twitter_misc":{"Escrito por":"Redacci\u00f3n","Tiempo de lectura":"2 minutos"},"schema":{"@context":"https:\/\/schema.org","@graph":[{"@type":"Article","@id":"https:\/\/esbozodeportivo.com\/index.php\/2025\/05\/28\/presentan-a-gabriel-milito-como-nuevo-entrenador-de-chivas\/#article","isPartOf":{"@id":"https:\/\/esbozodeportivo.com\/index.php\/2025\/05\/28\/presentan-a-gabriel-milito-como-nuevo-entrenador-de-chivas\/"},"author":{"name":"Redacci\u00f3n","@id":"https:\/\/esbozodeportivo.com\/#\/schema\/person\/0f6df9196dfe6740dd0bb31bae50d374"},"headline":"Presentan a Gabriel Milito como nuevo entrenador de Chivas","datePublished":"2025-05-28T06:22:22+00:00","dateModified":"2025-05-28T06:22:23+00:00","mainEntityOfPage":{"@id":"https:\/\/esbozodeportivo.com\/index.php\/2025\/05\/28\/presentan-a-gabriel-milito-como-nuevo-entrenador-de-chivas\/"},"wordCount":348,"publisher":{"@id":"https:\/\/esbozodeportivo.com\/#organization"},"image":{"@id":"https:\/\/esbozodeportivo.com\/index.php\/2025\/05\/28\/presentan-a-gabriel-milito-como-nuevo-entrenador-de-chivas\/#primaryimage"},"thumbnailUrl":"https:\/\/esbozodeportivo.com\/wp-content\/uploads\/2025\/05\/Chivas.jpg","articleSection":["Liga MX"],"inLanguage":"es"},{"@type":"WebPage","@id":"https:\/\/esbozodeportivo.com\/index.php\/2025\/05\/28\/presentan-a-gabriel-milito-como-nuevo-entrenador-de-chivas\/","url":"https:\/\/esbozodeportivo.com\/index.php\/2025\/05\/28\/presentan-a-gabriel-milito-como-nuevo-entrenador-de-chivas\/","name":"Presentan a Gabriel Milito como nuevo entrenador de Chivas - Esbozo Deportivo","isPartOf":{"@id":"https:\/\/esbozodeportivo.com\/#website"},"primaryImageOfPage":{"@id":"https:\/\/esbozodeportivo.com\/index.php\/2025\/05\/28\/presentan-a-gabriel-milito-como-nuevo-entrenador-de-chivas\/#primaryimage"},"image":{"@id":"https:\/\/esbozodeportivo.com\/index.php\/2025\/05\/28\/presentan-a-gabriel-milito-como-nuevo-entrenador-de-chivas\/#primaryimage"},"thumbnailUrl":"https:\/\/esbozodeportivo.com\/wp-content\/uploads\/2025\/05\/Chivas.jpg","datePublished":"2025-05-28T06:22:22+00:00","dateModified":"2025-05-28T06:22:23+00:00","description":"Despu\u00e9s de poco m\u00e1s de un mes de b\u00fasqueda, la dirigencia de Chivas anunci\u00f3 el lunes que se decant\u00f3 por el argentino Gabriel Milito, quien se convertir\u00e1 en el nuevo entrenador del equipo a partir del torneo Apertura que inicia en julio pr\u00f3ximo.","breadcrumb":{"@id":"https:\/\/esbozodeportivo.com\/index.php\/2025\/05\/28\/presentan-a-gabriel-milito-como-nuevo-entrenador-de-chivas\/#breadcrumb"},"inLanguage":"es","potentialAction":[{"@type":"ReadAction","target":["https:\/\/esbozodeportivo.com\/index.php\/2025\/05\/28\/presentan-a-gabriel-milito-como-nuevo-entrenador-de-chivas\/"]}]},{"@type":"ImageObject","inLanguage":"es","@id":"https:\/\/esbozodeportivo.com\/index.php\/2025\/05\/28\/presentan-a-gabriel-milito-como-nuevo-entrenador-de-chivas\/#primaryimage","url":"https:\/\/esbozodeportivo.com\/wp-content\/uploads\/2025\/05\/Chivas.jpg","contentUrl":"https:\/\/esbozodeportivo.com\/wp-content\/uploads\/2025\/05\/Chivas.jpg","width":1200,"height":675},{"@type":"BreadcrumbList","@id":"https:\/\/esbozodeportivo.com\/index.php\/2025\/05\/28\/presentan-a-gabriel-milito-como-nuevo-entrenador-de-chivas\/#breadcrumb","itemListElement":[{"@type":"ListItem","position":1,"name":"Inicio","item":"https:\/\/esbozodeportivo.com\/"},{"@type":"ListItem","position":2,"name":"Presentan a Gabriel Milito como nuevo entrenador de Chivas"}]},{"@type":"WebSite","@id":"https:\/\/esbozodeportivo.com\/#website","url":"https:\/\/esbozodeportivo.com\/","name":"Esbozo Deportivo","description":"Lo m\u00e1s importante del Deporte","publisher":{"@id":"https:\/\/esbozodeportivo.com\/#organization"},"potentialAction":[{"@type":"SearchAction","target":{"@type":"EntryPoint","urlTemplate":"https:\/\/esbozodeportivo.com\/?s={search_term_string}"},"query-input":{"@type":"PropertyValueSpecification","valueRequired":true,"valueName":"search_term_string"}}],"inLanguage":"es"},{"@type":"Organization","@id":"https:\/\/esbozodeportivo.com\/#organization","name":"Esbozo Deportivo","url":"https:\/\/esbozodeportivo.com\/","logo":{"@type":"ImageObject","inLanguage":"es","@id":"https:\/\/esbozodeportivo.com\/#\/schema\/logo\/image\/","url":"https:\/\/esbozodeportivo.com\/wp-content\/uploads\/2022\/08\/cropped-Logo-Esbozo-Web-2.png","contentUrl":"https:\/\/esbozodeportivo.com\/wp-content\/uploads\/2022\/08\/cropped-Logo-Esbozo-Web-2.png","width":180,"height":50,"caption":"Esbozo Deportivo"},"image":{"@id":"https:\/\/esbozodeportivo.com\/#\/schema\/logo\/image\/"}},{"@type":"Person","@id":"https:\/\/esbozodeportivo.com\/#\/schema\/person\/0f6df9196dfe6740dd0bb31bae50d374","name":"Redacci\u00f3n","image":{"@type":"ImageObject","inLanguage":"es","@id":"https:\/\/esbozodeportivo.com\/#\/schema\/person\/image\/","url":"https:\/\/secure.gravatar.com\/avatar\/f55268a89c3b418f2ef172ff52ab0d09b3e653c58de29539fe329fb93d78ebf3?s=96&d=mm&r=g","contentUrl":"https:\/\/secure.gravatar.com\/avatar\/f55268a89c3b418f2ef172ff52ab0d09b3e653c58de29539fe329fb93d78ebf3?s=96&d=mm&r=g","caption":"Redacci\u00f3n"},"url":"https:\/\/esbozodeportivo.com\/index.php\/author\/redaccion\/"}]}},"jetpack_featured_media_url":"https:\/\/esbozodeportivo.com\/wp-content\/uploads\/2025\/05\/Chivas.jpg","jetpack_sharing_enabled":true,"_links":{"self":[{"href":"https:\/\/esbozodeportivo.com\/index.php\/wp-json\/wp\/v2\/posts\/7617","targetHints":{"allow":["GET"]}}],"collection":[{"href":"https:\/\/esbozodeportivo.com\/index.php\/wp-json\/wp\/v2\/posts"}],"about":[{"href":"https:\/\/esbozodeportivo.com\/index.php\/wp-json\/wp\/v2\/types\/post"}],"author":[{"embeddable":true,"href":"https:\/\/esbozodeportivo.com\/index.php\/wp-json\/wp\/v2\/users\/4"}],"replies":[{"embeddable":true,"href":"https:\/\/esbozodeportivo.com\/index.php\/wp-json\/wp\/v2\/comments?post=7617"}],"version-history":[{"count":1,"href":"https:\/\/esbozodeportivo.com\/index.php\/wp-json\/wp\/v2\/posts\/7617\/revisions"}],"predecessor-version":[{"id":7639,"href":"https:\/\/esbozodeportivo.com\/index.php\/wp-json\/wp\/v2\/posts\/7617\/revisions\/7639"}],"wp:featuredmedia":[{"embeddable":true,"href":"https:\/\/esbozodeportivo.com\/index.php\/wp-json\/wp\/v2\/media\/7619"}],"wp:attachment":[{"href":"https:\/\/esbozodeportivo.com\/index.php\/wp-json\/wp\/v2\/media?parent=7617"}],"wp:term":[{"taxonomy":"category","embeddable":true,"href":"https:\/\/esbozodeportivo.com\/index.php\/wp-json\/wp\/v2\/categories?post=7617"},{"taxonomy":"post_tag","embeddable":true,"href":"https:\/\/esbozodeportivo.com\/index.php\/wp-json\/wp\/v2\/tags?post=7617"}],"curies":[{"name":"wp","href":"https:\/\/api.w.org\/{rel}","templated":true}]}}