{"id":7640,"date":"2025-05-28T00:24:32","date_gmt":"2025-05-28T06:24:32","guid":{"rendered":"https:\/\/esbozodeportivo.com\/?p=7640"},"modified":"2025-05-28T00:24:32","modified_gmt":"2025-05-28T06:24:32","slug":"primoz-roglic-sufre-caida-y-abandono-el-giro-de-italia","status":"publish","type":"post","link":"https:\/\/esbozodeportivo.com\/index.php\/2025\/05\/28\/primoz-roglic-sufre-caida-y-abandono-el-giro-de-italia\/","title":{"rendered":"Primoz Roglic sufre ca\u00edda y abandon\u00f3 el Giro de Italia"},"content":{"rendered":"\n<p>(Foto: Agencias) <\/p>\n\n\n\n<p><strong>+ Primoz Roglic abandon\u00f3 el Giro de Italia tras sufrir el martes una ca\u00edda durante la h\u00fameda 16ta etapa, una de varias ca\u00eddas durante la fracci\u00f3n de monta\u00f1a.<\/strong><\/p>\n\n\n\n<p>Aparte del abandono del favorito al t\u00edtulo previo a la carrera, el <strong>italiano Alessio Martinelli <\/strong>fue hospitalizado despu\u00e9s de deslizarse por un barranco. El equipo <strong>VG Group Bardiani-CSF Faizane<\/strong> inform\u00f3 que Martinelli estaba \u201cconsciente y en condici\u00f3n estable\u201d. Fue sacado del barranco en una camilla por un equipo de rescate alpino.<\/p>\n\n\n\n<p><strong>Roglic<\/strong>, campe\u00f3n de la edici\u00f3n de 2023, se encontraba en la d\u00e9cima posici\u00f3n general despu\u00e9s de retroceder cinco lugares el domingo. Su ca\u00edda tambi\u00e9n involucr\u00f3 al ecuatoriano <strong>Richard Carapaz<\/strong>, el campe\u00f3n de 2019. <strong>Carapaz<\/strong> continu\u00f3 en la carrera.<\/p>\n\n\n\n<p>El colombiano <strong>Egan Bernal,<\/strong> el campe\u00f3n de 2021, tambi\u00e9n cay\u00f3 pero continu\u00f3.<\/p>\n\n\n\n<p>El brit\u00e1nico <strong>Josh Tarling<\/strong> del equipo <strong>Ineos Grenadiers<\/strong> tambi\u00e9n abandon\u00f3 tras una ca\u00edda. La etapa de 203 kil\u00f3metros (126 millas) desde <strong>Piazzola Sul Brenta<\/strong> hasta <strong>San Valentino<\/strong> incluy\u00f3 cuatro ascensos importantes por los <strong>Dolomitas<\/strong>, incluyendo un final en subida, y se hizo m\u00e1s desafiante debido a la lluvia al inicio de la etapa.<\/p>\n\n\n\n<p><strong>El mexicano Isaac Del Toro lidera la carrera<\/strong>.<\/p>\n\n\n\n<p><\/p>\n","protected":false},"excerpt":{"rendered":"<p>(Foto: Agencias) + Primoz Roglic abandon\u00f3 el Giro de Italia tras sufrir el martes una<\/p>\n","protected":false},"author":4,"featured_media":7620,"comment_status":"closed","ping_status":"open","sticky":false,"template":"","format":"standard","meta":{"_jetpack_memberships_contains_paid_content":false,"footnotes":""},"categories":[86],"tags":[],"class_list":["post-7640","post","type-post","status-publish","format-standard","has-post-thumbnail","hentry","category-giro-de-italia"],"yoast_head":"<!-- This site is optimized with the Yoast SEO plugin v25.7 - https:\/\/yoast.com\/wordpress\/plugins\/seo\/ -->\n<title>Primoz Roglic sufre ca\u00edda y abandon\u00f3 el Giro de Italia - Esbozo Deportivo<\/title>\n<meta name=\"description\" content=\"Aparte del abandono del favorito al t\u00edtulo previo a la carrera, el italiano Alessio Martinelli fue hospitalizado despu\u00e9s de deslizarse por un barranco. El equipo VG Group Bardiani-CSF Faizane inform\u00f3 que Martinelli estaba \u201cconsciente y en condici\u00f3n estable\u201d. Fue sacado del barranco en una camilla por un equipo de rescate alpino.\" \/>\n<meta name=\"robots\" content=\"index, follow, max-snippet:-1, max-image-preview:large, max-video-preview:-1\" \/>\n<link rel=\"canonical\" href=\"https:\/\/esbozodeportivo.com\/index.php\/2025\/05\/28\/primoz-roglic-sufre-caida-y-abandono-el-giro-de-italia\/\" \/>\n<meta property=\"og:locale\" content=\"es_MX\" \/>\n<meta property=\"og:type\" content=\"article\" \/>\n<meta property=\"og:title\" content=\"Primoz Roglic sufre ca\u00edda y abandon\u00f3 el Giro de Italia - Esbozo Deportivo\" \/>\n<meta property=\"og:description\" content=\"Aparte del abandono del favorito al t\u00edtulo previo a la carrera, el italiano Alessio Martinelli fue hospitalizado despu\u00e9s de deslizarse por un barranco. El equipo VG Group Bardiani-CSF Faizane inform\u00f3 que Martinelli estaba \u201cconsciente y en condici\u00f3n estable\u201d. Fue sacado del barranco en una camilla por un equipo de rescate alpino.\" \/>\n<meta property=\"og:url\" content=\"https:\/\/esbozodeportivo.com\/index.php\/2025\/05\/28\/primoz-roglic-sufre-caida-y-abandono-el-giro-de-italia\/\" \/>\n<meta property=\"og:site_name\" content=\"Esbozo Deportivo\" \/>\n<meta property=\"article:published_time\" content=\"2025-05-28T06:24:32+00:00\" \/>\n<meta property=\"og:image\" content=\"https:\/\/esbozodeportivo.com\/wp-content\/uploads\/2025\/05\/Ciclismo-5.jpg\" \/>\n\t<meta property=\"og:image:width\" content=\"980\" \/>\n\t<meta property=\"og:image:height\" content=\"653\" \/>\n\t<meta property=\"og:image:type\" content=\"image\/jpeg\" \/>\n<meta name=\"author\" content=\"Redacci\u00f3n\" \/>\n<meta name=\"twitter:card\" content=\"summary_large_image\" \/>\n<meta name=\"twitter:label1\" content=\"Escrito por\" \/>\n\t<meta name=\"twitter:data1\" content=\"Redacci\u00f3n\" \/>\n\t<meta name=\"twitter:label2\" content=\"Tiempo de lectura\" \/>\n\t<meta name=\"twitter:data2\" content=\"2 minutos\" \/>\n<script type=\"application\/ld+json\" class=\"yoast-schema-graph\">{\"@context\":\"https:\/\/schema.org\",\"@graph\":[{\"@type\":\"Article\",\"@id\":\"https:\/\/esbozodeportivo.com\/index.php\/2025\/05\/28\/primoz-roglic-sufre-caida-y-abandono-el-giro-de-italia\/#article\",\"isPartOf\":{\"@id\":\"https:\/\/esbozodeportivo.com\/index.php\/2025\/05\/28\/primoz-roglic-sufre-caida-y-abandono-el-giro-de-italia\/\"},\"author\":{\"name\":\"Redacci\u00f3n\",\"@id\":\"https:\/\/esbozodeportivo.com\/#\/schema\/person\/0f6df9196dfe6740dd0bb31bae50d374\"},\"headline\":\"Primoz Roglic sufre ca\u00edda y abandon\u00f3 el Giro de Italia\",\"datePublished\":\"2025-05-28T06:24:32+00:00\",\"mainEntityOfPage\":{\"@id\":\"https:\/\/esbozodeportivo.com\/index.php\/2025\/05\/28\/primoz-roglic-sufre-caida-y-abandono-el-giro-de-italia\/\"},\"wordCount\":220,\"publisher\":{\"@id\":\"https:\/\/esbozodeportivo.com\/#organization\"},\"image\":{\"@id\":\"https:\/\/esbozodeportivo.com\/index.php\/2025\/05\/28\/primoz-roglic-sufre-caida-y-abandono-el-giro-de-italia\/#primaryimage\"},\"thumbnailUrl\":\"https:\/\/esbozodeportivo.com\/wp-content\/uploads\/2025\/05\/Ciclismo-5.jpg\",\"articleSection\":[\"Giro de Italia\"],\"inLanguage\":\"es\"},{\"@type\":\"WebPage\",\"@id\":\"https:\/\/esbozodeportivo.com\/index.php\/2025\/05\/28\/primoz-roglic-sufre-caida-y-abandono-el-giro-de-italia\/\",\"url\":\"https:\/\/esbozodeportivo.com\/index.php\/2025\/05\/28\/primoz-roglic-sufre-caida-y-abandono-el-giro-de-italia\/\",\"name\":\"Primoz Roglic sufre ca\u00edda y abandon\u00f3 el Giro de Italia - Esbozo Deportivo\",\"isPartOf\":{\"@id\":\"https:\/\/esbozodeportivo.com\/#website\"},\"primaryImageOfPage\":{\"@id\":\"https:\/\/esbozodeportivo.com\/index.php\/2025\/05\/28\/primoz-roglic-sufre-caida-y-abandono-el-giro-de-italia\/#primaryimage\"},\"image\":{\"@id\":\"https:\/\/esbozodeportivo.com\/index.php\/2025\/05\/28\/primoz-roglic-sufre-caida-y-abandono-el-giro-de-italia\/#primaryimage\"},\"thumbnailUrl\":\"https:\/\/esbozodeportivo.com\/wp-content\/uploads\/2025\/05\/Ciclismo-5.jpg\",\"datePublished\":\"2025-05-28T06:24:32+00:00\",\"description\":\"Aparte del abandono del favorito al t\u00edtulo previo a la carrera, el italiano Alessio Martinelli fue hospitalizado despu\u00e9s de deslizarse por un barranco. El equipo VG Group Bardiani-CSF Faizane inform\u00f3 que Martinelli estaba \u201cconsciente y en condici\u00f3n estable\u201d. Fue sacado del barranco en una camilla por un equipo de rescate alpino.\",\"breadcrumb\":{\"@id\":\"https:\/\/esbozodeportivo.com\/index.php\/2025\/05\/28\/primoz-roglic-sufre-caida-y-abandono-el-giro-de-italia\/#breadcrumb\"},\"inLanguage\":\"es\",\"potentialAction\":[{\"@type\":\"ReadAction\",\"target\":[\"https:\/\/esbozodeportivo.com\/index.php\/2025\/05\/28\/primoz-roglic-sufre-caida-y-abandono-el-giro-de-italia\/\"]}]},{\"@type\":\"ImageObject\",\"inLanguage\":\"es\",\"@id\":\"https:\/\/esbozodeportivo.com\/index.php\/2025\/05\/28\/primoz-roglic-sufre-caida-y-abandono-el-giro-de-italia\/#primaryimage\",\"url\":\"https:\/\/esbozodeportivo.com\/wp-content\/uploads\/2025\/05\/Ciclismo-5.jpg\",\"contentUrl\":\"https:\/\/esbozodeportivo.com\/wp-content\/uploads\/2025\/05\/Ciclismo-5.jpg\",\"width\":980,\"height\":653},{\"@type\":\"BreadcrumbList\",\"@id\":\"https:\/\/esbozodeportivo.com\/index.php\/2025\/05\/28\/primoz-roglic-sufre-caida-y-abandono-el-giro-de-italia\/#breadcrumb\",\"itemListElement\":[{\"@type\":\"ListItem\",\"position\":1,\"name\":\"Inicio\",\"item\":\"https:\/\/esbozodeportivo.com\/\"},{\"@type\":\"ListItem\",\"position\":2,\"name\":\"Primoz Roglic sufre ca\u00edda y abandon\u00f3 el Giro de Italia\"}]},{\"@type\":\"WebSite\",\"@id\":\"https:\/\/esbozodeportivo.com\/#website\",\"url\":\"https:\/\/esbozodeportivo.com\/\",\"name\":\"Esbozo Deportivo\",\"description\":\"Lo m\u00e1s importante del Deporte\",\"publisher\":{\"@id\":\"https:\/\/esbozodeportivo.com\/#organization\"},\"potentialAction\":[{\"@type\":\"SearchAction\",\"target\":{\"@type\":\"EntryPoint\",\"urlTemplate\":\"https:\/\/esbozodeportivo.com\/?s={search_term_string}\"},\"query-input\":{\"@type\":\"PropertyValueSpecification\",\"valueRequired\":true,\"valueName\":\"search_term_string\"}}],\"inLanguage\":\"es\"},{\"@type\":\"Organization\",\"@id\":\"https:\/\/esbozodeportivo.com\/#organization\",\"name\":\"Esbozo Deportivo\",\"url\":\"https:\/\/esbozodeportivo.com\/\",\"logo\":{\"@type\":\"ImageObject\",\"inLanguage\":\"es\",\"@id\":\"https:\/\/esbozodeportivo.com\/#\/schema\/logo\/image\/\",\"url\":\"https:\/\/esbozodeportivo.com\/wp-content\/uploads\/2022\/08\/cropped-Logo-Esbozo-Web-2.png\",\"contentUrl\":\"https:\/\/esbozodeportivo.com\/wp-content\/uploads\/2022\/08\/cropped-Logo-Esbozo-Web-2.png\",\"width\":180,\"height\":50,\"caption\":\"Esbozo Deportivo\"},\"image\":{\"@id\":\"https:\/\/esbozodeportivo.com\/#\/schema\/logo\/image\/\"}},{\"@type\":\"Person\",\"@id\":\"https:\/\/esbozodeportivo.com\/#\/schema\/person\/0f6df9196dfe6740dd0bb31bae50d374\",\"name\":\"Redacci\u00f3n\",\"image\":{\"@type\":\"ImageObject\",\"inLanguage\":\"es\",\"@id\":\"https:\/\/esbozodeportivo.com\/#\/schema\/person\/image\/\",\"url\":\"https:\/\/secure.gravatar.com\/avatar\/f55268a89c3b418f2ef172ff52ab0d09b3e653c58de29539fe329fb93d78ebf3?s=96&d=mm&r=g\",\"contentUrl\":\"https:\/\/secure.gravatar.com\/avatar\/f55268a89c3b418f2ef172ff52ab0d09b3e653c58de29539fe329fb93d78ebf3?s=96&d=mm&r=g\",\"caption\":\"Redacci\u00f3n\"},\"url\":\"https:\/\/esbozodeportivo.com\/index.php\/author\/redaccion\/\"}]}<\/script>\n<!-- \/ Yoast SEO plugin. -->","yoast_head_json":{"title":"Primoz Roglic sufre ca\u00edda y abandon\u00f3 el Giro de Italia - Esbozo Deportivo","description":"Aparte del abandono del favorito al t\u00edtulo previo a la carrera, el italiano Alessio Martinelli fue hospitalizado despu\u00e9s de deslizarse por un barranco. El equipo VG Group Bardiani-CSF Faizane inform\u00f3 que Martinelli estaba \u201cconsciente y en condici\u00f3n estable\u201d. Fue sacado del barranco en una camilla por un equipo de rescate alpino.","robots":{"index":"index","follow":"follow","max-snippet":"max-snippet:-1","max-image-preview":"max-image-preview:large","max-video-preview":"max-video-preview:-1"},"canonical":"https:\/\/esbozodeportivo.com\/index.php\/2025\/05\/28\/primoz-roglic-sufre-caida-y-abandono-el-giro-de-italia\/","og_locale":"es_MX","og_type":"article","og_title":"Primoz Roglic sufre ca\u00edda y abandon\u00f3 el Giro de Italia - Esbozo Deportivo","og_description":"Aparte del abandono del favorito al t\u00edtulo previo a la carrera, el italiano Alessio Martinelli fue hospitalizado despu\u00e9s de deslizarse por un barranco. El equipo VG Group Bardiani-CSF Faizane inform\u00f3 que Martinelli estaba \u201cconsciente y en condici\u00f3n estable\u201d. Fue sacado del barranco en una camilla por un equipo de rescate alpino.","og_url":"https:\/\/esbozodeportivo.com\/index.php\/2025\/05\/28\/primoz-roglic-sufre-caida-y-abandono-el-giro-de-italia\/","og_site_name":"Esbozo Deportivo","article_published_time":"2025-05-28T06:24:32+00:00","og_image":[{"width":980,"height":653,"url":"https:\/\/esbozodeportivo.com\/wp-content\/uploads\/2025\/05\/Ciclismo-5.jpg","type":"image\/jpeg"}],"author":"Redacci\u00f3n","twitter_card":"summary_large_image","twitter_misc":{"Escrito por":"Redacci\u00f3n","Tiempo de lectura":"2 minutos"},"schema":{"@context":"https:\/\/schema.org","@graph":[{"@type":"Article","@id":"https:\/\/esbozodeportivo.com\/index.php\/2025\/05\/28\/primoz-roglic-sufre-caida-y-abandono-el-giro-de-italia\/#article","isPartOf":{"@id":"https:\/\/esbozodeportivo.com\/index.php\/2025\/05\/28\/primoz-roglic-sufre-caida-y-abandono-el-giro-de-italia\/"},"author":{"name":"Redacci\u00f3n","@id":"https:\/\/esbozodeportivo.com\/#\/schema\/person\/0f6df9196dfe6740dd0bb31bae50d374"},"headline":"Primoz Roglic sufre ca\u00edda y abandon\u00f3 el Giro de Italia","datePublished":"2025-05-28T06:24:32+00:00","mainEntityOfPage":{"@id":"https:\/\/esbozodeportivo.com\/index.php\/2025\/05\/28\/primoz-roglic-sufre-caida-y-abandono-el-giro-de-italia\/"},"wordCount":220,"publisher":{"@id":"https:\/\/esbozodeportivo.com\/#organization"},"image":{"@id":"https:\/\/esbozodeportivo.com\/index.php\/2025\/05\/28\/primoz-roglic-sufre-caida-y-abandono-el-giro-de-italia\/#primaryimage"},"thumbnailUrl":"https:\/\/esbozodeportivo.com\/wp-content\/uploads\/2025\/05\/Ciclismo-5.jpg","articleSection":["Giro de Italia"],"inLanguage":"es"},{"@type":"WebPage","@id":"https:\/\/esbozodeportivo.com\/index.php\/2025\/05\/28\/primoz-roglic-sufre-caida-y-abandono-el-giro-de-italia\/","url":"https:\/\/esbozodeportivo.com\/index.php\/2025\/05\/28\/primoz-roglic-sufre-caida-y-abandono-el-giro-de-italia\/","name":"Primoz Roglic sufre ca\u00edda y abandon\u00f3 el Giro de Italia - Esbozo Deportivo","isPartOf":{"@id":"https:\/\/esbozodeportivo.com\/#website"},"primaryImageOfPage":{"@id":"https:\/\/esbozodeportivo.com\/index.php\/2025\/05\/28\/primoz-roglic-sufre-caida-y-abandono-el-giro-de-italia\/#primaryimage"},"image":{"@id":"https:\/\/esbozodeportivo.com\/index.php\/2025\/05\/28\/primoz-roglic-sufre-caida-y-abandono-el-giro-de-italia\/#primaryimage"},"thumbnailUrl":"https:\/\/esbozodeportivo.com\/wp-content\/uploads\/2025\/05\/Ciclismo-5.jpg","datePublished":"2025-05-28T06:24:32+00:00","description":"Aparte del abandono del favorito al t\u00edtulo previo a la carrera, el italiano Alessio Martinelli fue hospitalizado despu\u00e9s de deslizarse por un barranco. El equipo VG Group Bardiani-CSF Faizane inform\u00f3 que Martinelli estaba \u201cconsciente y en condici\u00f3n estable\u201d. Fue sacado del barranco en una camilla por un equipo de rescate alpino.","breadcrumb":{"@id":"https:\/\/esbozodeportivo.com\/index.php\/2025\/05\/28\/primoz-roglic-sufre-caida-y-abandono-el-giro-de-italia\/#breadcrumb"},"inLanguage":"es","potentialAction":[{"@type":"ReadAction","target":["https:\/\/esbozodeportivo.com\/index.php\/2025\/05\/28\/primoz-roglic-sufre-caida-y-abandono-el-giro-de-italia\/"]}]},{"@type":"ImageObject","inLanguage":"es","@id":"https:\/\/esbozodeportivo.com\/index.php\/2025\/05\/28\/primoz-roglic-sufre-caida-y-abandono-el-giro-de-italia\/#primaryimage","url":"https:\/\/esbozodeportivo.com\/wp-content\/uploads\/2025\/05\/Ciclismo-5.jpg","contentUrl":"https:\/\/esbozodeportivo.com\/wp-content\/uploads\/2025\/05\/Ciclismo-5.jpg","width":980,"height":653},{"@type":"BreadcrumbList","@id":"https:\/\/esbozodeportivo.com\/index.php\/2025\/05\/28\/primoz-roglic-sufre-caida-y-abandono-el-giro-de-italia\/#breadcrumb","itemListElement":[{"@type":"ListItem","position":1,"name":"Inicio","item":"https:\/\/esbozodeportivo.com\/"},{"@type":"ListItem","position":2,"name":"Primoz Roglic sufre ca\u00edda y abandon\u00f3 el Giro de Italia"}]},{"@type":"WebSite","@id":"https:\/\/esbozodeportivo.com\/#website","url":"https:\/\/esbozodeportivo.com\/","name":"Esbozo Deportivo","description":"Lo m\u00e1s importante del Deporte","publisher":{"@id":"https:\/\/esbozodeportivo.com\/#organization"},"potentialAction":[{"@type":"SearchAction","target":{"@type":"EntryPoint","urlTemplate":"https:\/\/esbozodeportivo.com\/?s={search_term_string}"},"query-input":{"@type":"PropertyValueSpecification","valueRequired":true,"valueName":"search_term_string"}}],"inLanguage":"es"},{"@type":"Organization","@id":"https:\/\/esbozodeportivo.com\/#organization","name":"Esbozo Deportivo","url":"https:\/\/esbozodeportivo.com\/","logo":{"@type":"ImageObject","inLanguage":"es","@id":"https:\/\/esbozodeportivo.com\/#\/schema\/logo\/image\/","url":"https:\/\/esbozodeportivo.com\/wp-content\/uploads\/2022\/08\/cropped-Logo-Esbozo-Web-2.png","contentUrl":"https:\/\/esbozodeportivo.com\/wp-content\/uploads\/2022\/08\/cropped-Logo-Esbozo-Web-2.png","width":180,"height":50,"caption":"Esbozo Deportivo"},"image":{"@id":"https:\/\/esbozodeportivo.com\/#\/schema\/logo\/image\/"}},{"@type":"Person","@id":"https:\/\/esbozodeportivo.com\/#\/schema\/person\/0f6df9196dfe6740dd0bb31bae50d374","name":"Redacci\u00f3n","image":{"@type":"ImageObject","inLanguage":"es","@id":"https:\/\/esbozodeportivo.com\/#\/schema\/person\/image\/","url":"https:\/\/secure.gravatar.com\/avatar\/f55268a89c3b418f2ef172ff52ab0d09b3e653c58de29539fe329fb93d78ebf3?s=96&d=mm&r=g","contentUrl":"https:\/\/secure.gravatar.com\/avatar\/f55268a89c3b418f2ef172ff52ab0d09b3e653c58de29539fe329fb93d78ebf3?s=96&d=mm&r=g","caption":"Redacci\u00f3n"},"url":"https:\/\/esbozodeportivo.com\/index.php\/author\/redaccion\/"}]}},"jetpack_featured_media_url":"https:\/\/esbozodeportivo.com\/wp-content\/uploads\/2025\/05\/Ciclismo-5.jpg","jetpack_sharing_enabled":true,"_links":{"self":[{"href":"https:\/\/esbozodeportivo.com\/index.php\/wp-json\/wp\/v2\/posts\/7640","targetHints":{"allow":["GET"]}}],"collection":[{"href":"https:\/\/esbozodeportivo.com\/index.php\/wp-json\/wp\/v2\/posts"}],"about":[{"href":"https:\/\/esbozodeportivo.com\/index.php\/wp-json\/wp\/v2\/types\/post"}],"author":[{"embeddable":true,"href":"https:\/\/esbozodeportivo.com\/index.php\/wp-json\/wp\/v2\/users\/4"}],"replies":[{"embeddable":true,"href":"https:\/\/esbozodeportivo.com\/index.php\/wp-json\/wp\/v2\/comments?post=7640"}],"version-history":[{"count":1,"href":"https:\/\/esbozodeportivo.com\/index.php\/wp-json\/wp\/v2\/posts\/7640\/revisions"}],"predecessor-version":[{"id":7641,"href":"https:\/\/esbozodeportivo.com\/index.php\/wp-json\/wp\/v2\/posts\/7640\/revisions\/7641"}],"wp:featuredmedia":[{"embeddable":true,"href":"https:\/\/esbozodeportivo.com\/index.php\/wp-json\/wp\/v2\/media\/7620"}],"wp:attachment":[{"href":"https:\/\/esbozodeportivo.com\/index.php\/wp-json\/wp\/v2\/media?parent=7640"}],"wp:term":[{"taxonomy":"category","embeddable":true,"href":"https:\/\/esbozodeportivo.com\/index.php\/wp-json\/wp\/v2\/categories?post=7640"},{"taxonomy":"post_tag","embeddable":true,"href":"https:\/\/esbozodeportivo.com\/index.php\/wp-json\/wp\/v2\/tags?post=7640"}],"curies":[{"name":"wp","href":"https:\/\/api.w.org\/{rel}","templated":true}]}}