{"id":7644,"date":"2025-05-28T00:28:41","date_gmt":"2025-05-28T06:28:41","guid":{"rendered":"https:\/\/esbozodeportivo.com\/?p=7644"},"modified":"2025-05-28T00:28:42","modified_gmt":"2025-05-28T06:28:42","slug":"berlin-quiere-por-segunda-vez-los-juegos-olimpicos","status":"publish","type":"post","link":"https:\/\/esbozodeportivo.com\/index.php\/2025\/05\/28\/berlin-quiere-por-segunda-vez-los-juegos-olimpicos\/","title":{"rendered":"Berl\u00edn quiere por segunda vez los Juegos Ol\u00edmpicos"},"content":{"rendered":"\n<p>(Foto: Agencias) <\/p>\n\n\n\n<p><strong>Berl\u00edn <\/strong>present\u00f3 formalmente el martes su candidatura para volver a ser sede de los <strong>Juegos Ol\u00edmpicos<\/strong> en el mismo estadio donde <strong>Jesse Owens<\/strong> brill\u00f3 durante los <strong>Juegos de 1936<\/strong> bajo el r\u00e9gimen nazi.<\/p>\n\n\n\n<p>La ministra de deportes de <strong>Berl\u00edn, Iris Spranger<\/strong>, dijo que la ciudad quiere organizar unos <strong>Juegos Ol\u00edmpicos y Paral\u00edmpicos<\/strong> sostenibles en <strong>2036, 2040<\/strong> o <strong>2044<\/strong>, haciendo uso de las instalaciones deportivas existentes.<\/p>\n\n\n\n<p>Sin embargo, sus planes de incluir el antiguo aeropuerto de <strong>Tempelhof <\/strong>probablemente ser\u00e1n resistidos por los locales que ya se opusieron a cualquier desarrollo del popular parque de la ciudad en un refer\u00e9ndum de 2014.<\/p>\n\n\n\n<p><strong>Spranger<\/strong> avista el voleibol de playa en la Puerta de Brandeburgo y los deportes acu\u00e1ticos en <strong>Gr\u00fcnau,<\/strong> una localidad ribere\u00f1a que tambi\u00e9n alberg\u00f3 deportes acu\u00e1ticos en 1936.<\/p>\n\n\n\n<p>Ser\u00e1 responsabilidad de la <strong>DOSB<\/strong> decidir para qu\u00e9 Juegos presentar la candidatura. <strong>Los \u00c1ngeles<\/strong> ser\u00e1 la sede de los Juegos Ol\u00edmpicos de 2028 y Brisbane de los Juegos Ol\u00edmpicos de 2032, por lo que la pr\u00f3xima edici\u00f3n disponible ser\u00e1 en <strong>2036,<\/strong> el centenario de los <strong>Juegos de Berl\u00edn<\/strong>.<\/p>\n\n\n\n<p>La <strong>DOSB <\/strong>dijo anteriormente que una candidatura alemana para <strong>2040<\/strong> tambi\u00e9n era posible.<\/p>\n\n\n\n<p>\u201cCreo que los <strong>Juegos de 2036,<\/strong> independientemente de d\u00f3nde se celebren, tambi\u00e9n se centrar\u00e1n en los <strong>Juegos nazis de 1936<\/strong>. Eso es parte de la historia y se prestar\u00e1 atenci\u00f3n a ello\u201d, dijo el alcalde de <strong>Berl\u00edn, Kai Wegner<\/strong>. \u201cTengo que decirles que estoy orgulloso de ser el alcalde gobernante de una ciudad que ha cambiado en los <strong>\u00faltimos 100 a\u00f1os<\/strong>, que ya no representamos la dictadura, la exclusi\u00f3n y la violencia masiva, sino que Berl\u00edn es ahora una metr\u00f3poli cosmopolita e internacional, una ciudad colorida y diversa\u201d.<\/p>\n\n\n\n<p>Por lo dem\u00e1s, <strong>Spranger <\/strong>dio pocos detalles durante la presentaci\u00f3n, diciendo que la candidatura a\u00fan estaba en fase de concepto.<\/p>\n\n\n\n<p><strong>Wegner <\/strong>dijo que era \u201cimportante para <strong>Alemania<\/strong> presentar una candidatura. Estamos haciendo una candidatura aqu\u00ed hoy\u201d.<\/p>\n\n\n\n<p><strong>Wegner, Spranger<\/strong> y los gobernadores de los otros cuatro estados hicieron su presentaci\u00f3n en el mismo <strong>Olympiastadion de Berl\u00edn<\/strong>, donde <strong>Adolf Hitler <\/strong>vio a <strong>Owens,<\/strong> el atleta afroamericano, ganar cuatro medallas de oro en los <strong>Juegos de 1936,<\/strong> asestando un golpe a las nociones de superioridad racial de <strong>Hitler.<\/strong><strong>Hitler<\/strong> estuvo personalmente involucrado en el dise\u00f1o y la construcci\u00f3n del estadio de atletismo de 100.000 asientos despu\u00e9s de que los nazis asumieran el poder en 1933, dos a\u00f1os despu\u00e9s de que los Juegos fueran otorgados a la ciudad.<\/p>\n\n\n\n<p><\/p>\n","protected":false},"excerpt":{"rendered":"<p>(Foto: Agencias) Berl\u00edn present\u00f3 formalmente el martes su candidatura para volver a ser sede de<\/p>\n","protected":false},"author":4,"featured_media":7627,"comment_status":"closed","ping_status":"open","sticky":false,"template":"","format":"standard","meta":{"_jetpack_memberships_contains_paid_content":false,"footnotes":""},"categories":[89],"tags":[],"class_list":["post-7644","post","type-post","status-publish","format-standard","has-post-thumbnail","hentry","category-juegos-olimpicos"],"yoast_head":"<!-- This site is optimized with the Yoast SEO plugin v25.7 - https:\/\/yoast.com\/wordpress\/plugins\/seo\/ -->\n<title>Berl\u00edn quiere por segunda vez los Juegos Ol\u00edmpicos - Esbozo Deportivo<\/title>\n<meta name=\"description\" content=\"Berl\u00edn present\u00f3 formalmente el martes su candidatura para volver a ser sede de los Juegos Ol\u00edmpicos en el mismo estadio donde Jesse Owens brill\u00f3 durante los Juegos de 1936 bajo el r\u00e9gimen nazi.\" \/>\n<meta name=\"robots\" content=\"index, follow, max-snippet:-1, max-image-preview:large, max-video-preview:-1\" \/>\n<link rel=\"canonical\" href=\"https:\/\/esbozodeportivo.com\/index.php\/2025\/05\/28\/berlin-quiere-por-segunda-vez-los-juegos-olimpicos\/\" \/>\n<meta property=\"og:locale\" content=\"es_MX\" \/>\n<meta property=\"og:type\" content=\"article\" \/>\n<meta property=\"og:title\" content=\"Berl\u00edn quiere por segunda vez los Juegos Ol\u00edmpicos - Esbozo Deportivo\" \/>\n<meta property=\"og:description\" content=\"Berl\u00edn present\u00f3 formalmente el martes su candidatura para volver a ser sede de los Juegos Ol\u00edmpicos en el mismo estadio donde Jesse Owens brill\u00f3 durante los Juegos de 1936 bajo el r\u00e9gimen nazi.\" \/>\n<meta property=\"og:url\" content=\"https:\/\/esbozodeportivo.com\/index.php\/2025\/05\/28\/berlin-quiere-por-segunda-vez-los-juegos-olimpicos\/\" \/>\n<meta property=\"og:site_name\" content=\"Esbozo Deportivo\" \/>\n<meta property=\"article:published_time\" content=\"2025-05-28T06:28:41+00:00\" \/>\n<meta property=\"article:modified_time\" content=\"2025-05-28T06:28:42+00:00\" \/>\n<meta property=\"og:image\" content=\"https:\/\/esbozodeportivo.com\/wp-content\/uploads\/2025\/05\/Juegos-Olimpicos.jpg\" \/>\n\t<meta property=\"og:image:width\" content=\"980\" \/>\n\t<meta property=\"og:image:height\" content=\"653\" \/>\n\t<meta property=\"og:image:type\" content=\"image\/jpeg\" \/>\n<meta name=\"author\" content=\"Redacci\u00f3n\" \/>\n<meta name=\"twitter:card\" content=\"summary_large_image\" \/>\n<meta name=\"twitter:label1\" content=\"Escrito por\" \/>\n\t<meta name=\"twitter:data1\" content=\"Redacci\u00f3n\" \/>\n\t<meta name=\"twitter:label2\" content=\"Tiempo de lectura\" \/>\n\t<meta name=\"twitter:data2\" content=\"3 minutos\" \/>\n<script type=\"application\/ld+json\" class=\"yoast-schema-graph\">{\"@context\":\"https:\/\/schema.org\",\"@graph\":[{\"@type\":\"Article\",\"@id\":\"https:\/\/esbozodeportivo.com\/index.php\/2025\/05\/28\/berlin-quiere-por-segunda-vez-los-juegos-olimpicos\/#article\",\"isPartOf\":{\"@id\":\"https:\/\/esbozodeportivo.com\/index.php\/2025\/05\/28\/berlin-quiere-por-segunda-vez-los-juegos-olimpicos\/\"},\"author\":{\"name\":\"Redacci\u00f3n\",\"@id\":\"https:\/\/esbozodeportivo.com\/#\/schema\/person\/0f6df9196dfe6740dd0bb31bae50d374\"},\"headline\":\"Berl\u00edn quiere por segunda vez los Juegos Ol\u00edmpicos\",\"datePublished\":\"2025-05-28T06:28:41+00:00\",\"dateModified\":\"2025-05-28T06:28:42+00:00\",\"mainEntityOfPage\":{\"@id\":\"https:\/\/esbozodeportivo.com\/index.php\/2025\/05\/28\/berlin-quiere-por-segunda-vez-los-juegos-olimpicos\/\"},\"wordCount\":434,\"publisher\":{\"@id\":\"https:\/\/esbozodeportivo.com\/#organization\"},\"image\":{\"@id\":\"https:\/\/esbozodeportivo.com\/index.php\/2025\/05\/28\/berlin-quiere-por-segunda-vez-los-juegos-olimpicos\/#primaryimage\"},\"thumbnailUrl\":\"https:\/\/esbozodeportivo.com\/wp-content\/uploads\/2025\/05\/Juegos-Olimpicos.jpg\",\"articleSection\":[\"Juegos Ol\u00edmpicos\"],\"inLanguage\":\"es\"},{\"@type\":\"WebPage\",\"@id\":\"https:\/\/esbozodeportivo.com\/index.php\/2025\/05\/28\/berlin-quiere-por-segunda-vez-los-juegos-olimpicos\/\",\"url\":\"https:\/\/esbozodeportivo.com\/index.php\/2025\/05\/28\/berlin-quiere-por-segunda-vez-los-juegos-olimpicos\/\",\"name\":\"Berl\u00edn quiere por segunda vez los Juegos Ol\u00edmpicos - Esbozo Deportivo\",\"isPartOf\":{\"@id\":\"https:\/\/esbozodeportivo.com\/#website\"},\"primaryImageOfPage\":{\"@id\":\"https:\/\/esbozodeportivo.com\/index.php\/2025\/05\/28\/berlin-quiere-por-segunda-vez-los-juegos-olimpicos\/#primaryimage\"},\"image\":{\"@id\":\"https:\/\/esbozodeportivo.com\/index.php\/2025\/05\/28\/berlin-quiere-por-segunda-vez-los-juegos-olimpicos\/#primaryimage\"},\"thumbnailUrl\":\"https:\/\/esbozodeportivo.com\/wp-content\/uploads\/2025\/05\/Juegos-Olimpicos.jpg\",\"datePublished\":\"2025-05-28T06:28:41+00:00\",\"dateModified\":\"2025-05-28T06:28:42+00:00\",\"description\":\"Berl\u00edn present\u00f3 formalmente el martes su candidatura para volver a ser sede de los Juegos Ol\u00edmpicos en el mismo estadio donde Jesse Owens brill\u00f3 durante los Juegos de 1936 bajo el r\u00e9gimen nazi.\",\"breadcrumb\":{\"@id\":\"https:\/\/esbozodeportivo.com\/index.php\/2025\/05\/28\/berlin-quiere-por-segunda-vez-los-juegos-olimpicos\/#breadcrumb\"},\"inLanguage\":\"es\",\"potentialAction\":[{\"@type\":\"ReadAction\",\"target\":[\"https:\/\/esbozodeportivo.com\/index.php\/2025\/05\/28\/berlin-quiere-por-segunda-vez-los-juegos-olimpicos\/\"]}]},{\"@type\":\"ImageObject\",\"inLanguage\":\"es\",\"@id\":\"https:\/\/esbozodeportivo.com\/index.php\/2025\/05\/28\/berlin-quiere-por-segunda-vez-los-juegos-olimpicos\/#primaryimage\",\"url\":\"https:\/\/esbozodeportivo.com\/wp-content\/uploads\/2025\/05\/Juegos-Olimpicos.jpg\",\"contentUrl\":\"https:\/\/esbozodeportivo.com\/wp-content\/uploads\/2025\/05\/Juegos-Olimpicos.jpg\",\"width\":980,\"height\":653},{\"@type\":\"BreadcrumbList\",\"@id\":\"https:\/\/esbozodeportivo.com\/index.php\/2025\/05\/28\/berlin-quiere-por-segunda-vez-los-juegos-olimpicos\/#breadcrumb\",\"itemListElement\":[{\"@type\":\"ListItem\",\"position\":1,\"name\":\"Inicio\",\"item\":\"https:\/\/esbozodeportivo.com\/\"},{\"@type\":\"ListItem\",\"position\":2,\"name\":\"Berl\u00edn quiere por segunda vez los Juegos Ol\u00edmpicos\"}]},{\"@type\":\"WebSite\",\"@id\":\"https:\/\/esbozodeportivo.com\/#website\",\"url\":\"https:\/\/esbozodeportivo.com\/\",\"name\":\"Esbozo Deportivo\",\"description\":\"Lo m\u00e1s importante del Deporte\",\"publisher\":{\"@id\":\"https:\/\/esbozodeportivo.com\/#organization\"},\"potentialAction\":[{\"@type\":\"SearchAction\",\"target\":{\"@type\":\"EntryPoint\",\"urlTemplate\":\"https:\/\/esbozodeportivo.com\/?s={search_term_string}\"},\"query-input\":{\"@type\":\"PropertyValueSpecification\",\"valueRequired\":true,\"valueName\":\"search_term_string\"}}],\"inLanguage\":\"es\"},{\"@type\":\"Organization\",\"@id\":\"https:\/\/esbozodeportivo.com\/#organization\",\"name\":\"Esbozo Deportivo\",\"url\":\"https:\/\/esbozodeportivo.com\/\",\"logo\":{\"@type\":\"ImageObject\",\"inLanguage\":\"es\",\"@id\":\"https:\/\/esbozodeportivo.com\/#\/schema\/logo\/image\/\",\"url\":\"https:\/\/esbozodeportivo.com\/wp-content\/uploads\/2022\/08\/cropped-Logo-Esbozo-Web-2.png\",\"contentUrl\":\"https:\/\/esbozodeportivo.com\/wp-content\/uploads\/2022\/08\/cropped-Logo-Esbozo-Web-2.png\",\"width\":180,\"height\":50,\"caption\":\"Esbozo Deportivo\"},\"image\":{\"@id\":\"https:\/\/esbozodeportivo.com\/#\/schema\/logo\/image\/\"}},{\"@type\":\"Person\",\"@id\":\"https:\/\/esbozodeportivo.com\/#\/schema\/person\/0f6df9196dfe6740dd0bb31bae50d374\",\"name\":\"Redacci\u00f3n\",\"image\":{\"@type\":\"ImageObject\",\"inLanguage\":\"es\",\"@id\":\"https:\/\/esbozodeportivo.com\/#\/schema\/person\/image\/\",\"url\":\"https:\/\/secure.gravatar.com\/avatar\/f55268a89c3b418f2ef172ff52ab0d09b3e653c58de29539fe329fb93d78ebf3?s=96&d=mm&r=g\",\"contentUrl\":\"https:\/\/secure.gravatar.com\/avatar\/f55268a89c3b418f2ef172ff52ab0d09b3e653c58de29539fe329fb93d78ebf3?s=96&d=mm&r=g\",\"caption\":\"Redacci\u00f3n\"},\"url\":\"https:\/\/esbozodeportivo.com\/index.php\/author\/redaccion\/\"}]}<\/script>\n<!-- \/ Yoast SEO plugin. -->","yoast_head_json":{"title":"Berl\u00edn quiere por segunda vez los Juegos Ol\u00edmpicos - Esbozo Deportivo","description":"Berl\u00edn present\u00f3 formalmente el martes su candidatura para volver a ser sede de los Juegos Ol\u00edmpicos en el mismo estadio donde Jesse Owens brill\u00f3 durante los Juegos de 1936 bajo el r\u00e9gimen nazi.","robots":{"index":"index","follow":"follow","max-snippet":"max-snippet:-1","max-image-preview":"max-image-preview:large","max-video-preview":"max-video-preview:-1"},"canonical":"https:\/\/esbozodeportivo.com\/index.php\/2025\/05\/28\/berlin-quiere-por-segunda-vez-los-juegos-olimpicos\/","og_locale":"es_MX","og_type":"article","og_title":"Berl\u00edn quiere por segunda vez los Juegos Ol\u00edmpicos - Esbozo Deportivo","og_description":"Berl\u00edn present\u00f3 formalmente el martes su candidatura para volver a ser sede de los Juegos Ol\u00edmpicos en el mismo estadio donde Jesse Owens brill\u00f3 durante los Juegos de 1936 bajo el r\u00e9gimen nazi.","og_url":"https:\/\/esbozodeportivo.com\/index.php\/2025\/05\/28\/berlin-quiere-por-segunda-vez-los-juegos-olimpicos\/","og_site_name":"Esbozo Deportivo","article_published_time":"2025-05-28T06:28:41+00:00","article_modified_time":"2025-05-28T06:28:42+00:00","og_image":[{"width":980,"height":653,"url":"https:\/\/esbozodeportivo.com\/wp-content\/uploads\/2025\/05\/Juegos-Olimpicos.jpg","type":"image\/jpeg"}],"author":"Redacci\u00f3n","twitter_card":"summary_large_image","twitter_misc":{"Escrito por":"Redacci\u00f3n","Tiempo de lectura":"3 minutos"},"schema":{"@context":"https:\/\/schema.org","@graph":[{"@type":"Article","@id":"https:\/\/esbozodeportivo.com\/index.php\/2025\/05\/28\/berlin-quiere-por-segunda-vez-los-juegos-olimpicos\/#article","isPartOf":{"@id":"https:\/\/esbozodeportivo.com\/index.php\/2025\/05\/28\/berlin-quiere-por-segunda-vez-los-juegos-olimpicos\/"},"author":{"name":"Redacci\u00f3n","@id":"https:\/\/esbozodeportivo.com\/#\/schema\/person\/0f6df9196dfe6740dd0bb31bae50d374"},"headline":"Berl\u00edn quiere por segunda vez los Juegos Ol\u00edmpicos","datePublished":"2025-05-28T06:28:41+00:00","dateModified":"2025-05-28T06:28:42+00:00","mainEntityOfPage":{"@id":"https:\/\/esbozodeportivo.com\/index.php\/2025\/05\/28\/berlin-quiere-por-segunda-vez-los-juegos-olimpicos\/"},"wordCount":434,"publisher":{"@id":"https:\/\/esbozodeportivo.com\/#organization"},"image":{"@id":"https:\/\/esbozodeportivo.com\/index.php\/2025\/05\/28\/berlin-quiere-por-segunda-vez-los-juegos-olimpicos\/#primaryimage"},"thumbnailUrl":"https:\/\/esbozodeportivo.com\/wp-content\/uploads\/2025\/05\/Juegos-Olimpicos.jpg","articleSection":["Juegos Ol\u00edmpicos"],"inLanguage":"es"},{"@type":"WebPage","@id":"https:\/\/esbozodeportivo.com\/index.php\/2025\/05\/28\/berlin-quiere-por-segunda-vez-los-juegos-olimpicos\/","url":"https:\/\/esbozodeportivo.com\/index.php\/2025\/05\/28\/berlin-quiere-por-segunda-vez-los-juegos-olimpicos\/","name":"Berl\u00edn quiere por segunda vez los Juegos Ol\u00edmpicos - Esbozo Deportivo","isPartOf":{"@id":"https:\/\/esbozodeportivo.com\/#website"},"primaryImageOfPage":{"@id":"https:\/\/esbozodeportivo.com\/index.php\/2025\/05\/28\/berlin-quiere-por-segunda-vez-los-juegos-olimpicos\/#primaryimage"},"image":{"@id":"https:\/\/esbozodeportivo.com\/index.php\/2025\/05\/28\/berlin-quiere-por-segunda-vez-los-juegos-olimpicos\/#primaryimage"},"thumbnailUrl":"https:\/\/esbozodeportivo.com\/wp-content\/uploads\/2025\/05\/Juegos-Olimpicos.jpg","datePublished":"2025-05-28T06:28:41+00:00","dateModified":"2025-05-28T06:28:42+00:00","description":"Berl\u00edn present\u00f3 formalmente el martes su candidatura para volver a ser sede de los Juegos Ol\u00edmpicos en el mismo estadio donde Jesse Owens brill\u00f3 durante los Juegos de 1936 bajo el r\u00e9gimen nazi.","breadcrumb":{"@id":"https:\/\/esbozodeportivo.com\/index.php\/2025\/05\/28\/berlin-quiere-por-segunda-vez-los-juegos-olimpicos\/#breadcrumb"},"inLanguage":"es","potentialAction":[{"@type":"ReadAction","target":["https:\/\/esbozodeportivo.com\/index.php\/2025\/05\/28\/berlin-quiere-por-segunda-vez-los-juegos-olimpicos\/"]}]},{"@type":"ImageObject","inLanguage":"es","@id":"https:\/\/esbozodeportivo.com\/index.php\/2025\/05\/28\/berlin-quiere-por-segunda-vez-los-juegos-olimpicos\/#primaryimage","url":"https:\/\/esbozodeportivo.com\/wp-content\/uploads\/2025\/05\/Juegos-Olimpicos.jpg","contentUrl":"https:\/\/esbozodeportivo.com\/wp-content\/uploads\/2025\/05\/Juegos-Olimpicos.jpg","width":980,"height":653},{"@type":"BreadcrumbList","@id":"https:\/\/esbozodeportivo.com\/index.php\/2025\/05\/28\/berlin-quiere-por-segunda-vez-los-juegos-olimpicos\/#breadcrumb","itemListElement":[{"@type":"ListItem","position":1,"name":"Inicio","item":"https:\/\/esbozodeportivo.com\/"},{"@type":"ListItem","position":2,"name":"Berl\u00edn quiere por segunda vez los Juegos Ol\u00edmpicos"}]},{"@type":"WebSite","@id":"https:\/\/esbozodeportivo.com\/#website","url":"https:\/\/esbozodeportivo.com\/","name":"Esbozo Deportivo","description":"Lo m\u00e1s importante del Deporte","publisher":{"@id":"https:\/\/esbozodeportivo.com\/#organization"},"potentialAction":[{"@type":"SearchAction","target":{"@type":"EntryPoint","urlTemplate":"https:\/\/esbozodeportivo.com\/?s={search_term_string}"},"query-input":{"@type":"PropertyValueSpecification","valueRequired":true,"valueName":"search_term_string"}}],"inLanguage":"es"},{"@type":"Organization","@id":"https:\/\/esbozodeportivo.com\/#organization","name":"Esbozo Deportivo","url":"https:\/\/esbozodeportivo.com\/","logo":{"@type":"ImageObject","inLanguage":"es","@id":"https:\/\/esbozodeportivo.com\/#\/schema\/logo\/image\/","url":"https:\/\/esbozodeportivo.com\/wp-content\/uploads\/2022\/08\/cropped-Logo-Esbozo-Web-2.png","contentUrl":"https:\/\/esbozodeportivo.com\/wp-content\/uploads\/2022\/08\/cropped-Logo-Esbozo-Web-2.png","width":180,"height":50,"caption":"Esbozo Deportivo"},"image":{"@id":"https:\/\/esbozodeportivo.com\/#\/schema\/logo\/image\/"}},{"@type":"Person","@id":"https:\/\/esbozodeportivo.com\/#\/schema\/person\/0f6df9196dfe6740dd0bb31bae50d374","name":"Redacci\u00f3n","image":{"@type":"ImageObject","inLanguage":"es","@id":"https:\/\/esbozodeportivo.com\/#\/schema\/person\/image\/","url":"https:\/\/secure.gravatar.com\/avatar\/f55268a89c3b418f2ef172ff52ab0d09b3e653c58de29539fe329fb93d78ebf3?s=96&d=mm&r=g","contentUrl":"https:\/\/secure.gravatar.com\/avatar\/f55268a89c3b418f2ef172ff52ab0d09b3e653c58de29539fe329fb93d78ebf3?s=96&d=mm&r=g","caption":"Redacci\u00f3n"},"url":"https:\/\/esbozodeportivo.com\/index.php\/author\/redaccion\/"}]}},"jetpack_featured_media_url":"https:\/\/esbozodeportivo.com\/wp-content\/uploads\/2025\/05\/Juegos-Olimpicos.jpg","jetpack_sharing_enabled":true,"_links":{"self":[{"href":"https:\/\/esbozodeportivo.com\/index.php\/wp-json\/wp\/v2\/posts\/7644","targetHints":{"allow":["GET"]}}],"collection":[{"href":"https:\/\/esbozodeportivo.com\/index.php\/wp-json\/wp\/v2\/posts"}],"about":[{"href":"https:\/\/esbozodeportivo.com\/index.php\/wp-json\/wp\/v2\/types\/post"}],"author":[{"embeddable":true,"href":"https:\/\/esbozodeportivo.com\/index.php\/wp-json\/wp\/v2\/users\/4"}],"replies":[{"embeddable":true,"href":"https:\/\/esbozodeportivo.com\/index.php\/wp-json\/wp\/v2\/comments?post=7644"}],"version-history":[{"count":1,"href":"https:\/\/esbozodeportivo.com\/index.php\/wp-json\/wp\/v2\/posts\/7644\/revisions"}],"predecessor-version":[{"id":7645,"href":"https:\/\/esbozodeportivo.com\/index.php\/wp-json\/wp\/v2\/posts\/7644\/revisions\/7645"}],"wp:featuredmedia":[{"embeddable":true,"href":"https:\/\/esbozodeportivo.com\/index.php\/wp-json\/wp\/v2\/media\/7627"}],"wp:attachment":[{"href":"https:\/\/esbozodeportivo.com\/index.php\/wp-json\/wp\/v2\/media?parent=7644"}],"wp:term":[{"taxonomy":"category","embeddable":true,"href":"https:\/\/esbozodeportivo.com\/index.php\/wp-json\/wp\/v2\/categories?post=7644"},{"taxonomy":"post_tag","embeddable":true,"href":"https:\/\/esbozodeportivo.com\/index.php\/wp-json\/wp\/v2\/tags?post=7644"}],"curies":[{"name":"wp","href":"https:\/\/api.w.org\/{rel}","templated":true}]}}