{"id":7646,"date":"2025-05-28T00:30:22","date_gmt":"2025-05-28T06:30:22","guid":{"rendered":"https:\/\/esbozodeportivo.com\/?p=7646"},"modified":"2025-05-28T00:30:23","modified_gmt":"2025-05-28T06:30:23","slug":"djokovic-triunfa-en-el-abierto-de-francia","status":"publish","type":"post","link":"https:\/\/esbozodeportivo.com\/index.php\/2025\/05\/28\/djokovic-triunfa-en-el-abierto-de-francia\/","title":{"rendered":"Djokovic triunfa en el Abierto de Francia"},"content":{"rendered":"\n<p>(Foto: Agencias) <\/p>\n\n\n\n<p><strong>Novak Djokovic<\/strong> experiment\u00f3 los momentos m\u00e1s bajos \u2014retirarse del <strong>Abierto de Francia <\/strong>tras desgarrarse el menisco de la rodilla derecha\u2014 y los m\u00e1s altos \u2014ganar la tan ansiada medalla ol\u00edmpica de oro para <strong>Serbia<\/strong>\u2014 en <strong>Roland Garros<\/strong> el a\u00f1o pasado.<\/p>\n\n\n\n<p>Aparte de algunas interrupciones en el primer set y largas discusiones sobre el clima ventoso y h\u00famedo, el campe\u00f3n de <strong>24 torneos de Grand Slam<\/strong> no pas\u00f3 mayores sobresaltos en su debut al vencer el martes 6-3, 6-3, 6-3 a <strong>Mackie McDonald,<\/strong> 98 del ranking, en la cancha <strong>Philippe Chatrier<\/strong> en la primera ronda.<\/p>\n\n\n\n<p>\u201cLo hace parecer un videojuego, casi, para \u00e9l\u201d, dijo <strong>McDonald,<\/strong> un estadounidense de 30 a\u00f1os que ha alcanzado dos veces la cuarta ronda en torneos de <strong>Grand Slam<\/strong>. \u201cEs capaz de hacer tanto. Ni siquiera creo que estuviera jugando su mejor tenis o su nivel m\u00e1s alto. Pero si lo empujaba a otro nival, \u00e9l lo elevar\u00eda\u201d.<\/p>\n\n\n\n<p>Un ejemplo: cuando <strong>McDonald<\/strong> consigui\u00f3 sus primeros puntos de quiebre, poni\u00e9ndose 0-40 en el 3-2 del segundo set, Djokovic respondi\u00f3 con tres potentes saques, un ace de 120 mph (193 km\/h), un ace de 123 mph (199 km\/h) y un saque ganador de 122 mph (197 km\/h).<\/p>\n\n\n\n<p><strong>Djokovic <\/strong>acumul\u00f3 32 golpes ganadores \u201418 m\u00e1s que <strong>McDonald<\/strong>\u2014 y solo 20 errores no forzados en un partido que finalmente se jug\u00f3 con las luces encendidas y el techo retr\u00e1ctil cerrado.<\/p>\n\n\n\n<p>\u201cSoy un competidor, y perder duele\u201d, dijo <strong>McDonald<\/strong>. \u201cPero jugar contra Novak en esa cancha es algo que recordar\u00e9\u201d.<\/p>\n\n\n\n<p>Antes de que <strong>Djokovic,<\/strong> quien acaba de cumplir 38 a\u00f1os y gan\u00f3 su t\u00edtulo n\u00famero 100 el fin de semana pasado, pisara la superficie de juego, fue identificado por el locutor del estadio por su n\u00famero total de trofeos de <strong>Grand Slam<\/strong>, los tres que ha ganado en el <strong>Abierto de Francia<\/strong> y el oro de los <strong>Juegos Ol\u00edmpicos<\/strong> que gan\u00f3 \u201caqu\u00ed en <strong>Par\u00eds<\/strong>\u201d.<\/p>\n\n\n\n<p>\u201cA\u00fan recuerdo los <strong>Juegos Ol\u00edmpicos<\/strong> del a\u00f1o pasado. Fue la \u00faltima vez que estuve aqu\u00ed\u201d, dijo <strong>Djokovic <\/strong>despu\u00e9s. \u201cLa emoci\u00f3n es muy fuerte\u201d.<\/p>\n\n\n\n<p>\u00bfLa medalla que significa tanto para \u00e9l?<\/p>\n\n\n\n<p>\u201cNo tengo la medalla conmigo. Pero tengo una foto de la medalla en mi bolsa\u201d, dijo. \u201cLa medalla est\u00e1 con mi padre. A mi pap\u00e1 le gustan los trofeos m\u00e1s que a m\u00ed, as\u00ed que le di el m\u00edo\u201d.<\/p>\n\n\n\n<p>\u00bfQu\u00e9 m\u00e1s sucedi\u00f3 en el <strong>Abierto de Francia<\/strong> el martes?<\/p>\n\n\n\n<p>Una vez que <strong>Coco Gauff<\/strong> encontr\u00f3 sus raquetas \u2014una pieza de equipo relativamente importante para un tenista\u2014 todo fue bien para ella en la primera ronda.<\/p>\n\n\n\n<p><strong>Gauff<\/strong> lleg\u00f3 a la cancha, abri\u00f3 su bolsa y mir\u00f3 dentro para descubrir que le faltaban sus raquetas. El inicio del calentamiento se retras\u00f3, pero luego todo sali\u00f3 a favor de <strong>Gauff,<\/strong> y la campeona del <strong>Abierto de Estados Unidos 2023<\/strong> super\u00f3 a <strong>Olivia Gadecki<\/strong> por 6-2, 6-2.<\/p>\n\n\n\n<p>Aupado por una multitud de compatriotas brasile\u00f1os que le alent\u00f3 en la peque\u00f1a Cancha 7, <strong>Jo\u00e3o Fonseca<\/strong> cant\u00f3 victoria por primera vez en <strong>Roland Garros<\/strong> al despachar 6-2, 6-4, 6-2 al polaco <strong>Hubert Hurkacz<\/strong>, n\u00famero 30 del mundo. <strong>Fonseca,<\/strong> de 18 a\u00f1os, se las ver\u00e1 con el franc\u00e9s <strong>Pierre-Hugues Herbert<\/strong> en la segunda ronda.<\/p>\n\n\n\n<p>En un torneo de magros resultados para el contingente <strong>de Argentina, el<\/strong> l<strong>ucky loser Federico Agust\u00edn G\u00f3mez<\/strong> celebr\u00f3 su primera victoria en el cuadro principal de un grande al vencer 4-6, 6-4, 6-4, 6-1 al estadounidense <strong>Aleksandar Kovacevic<\/strong>.<\/p>\n\n\n\n<p><\/p>\n","protected":false},"excerpt":{"rendered":"<p>(Foto: Agencias) Novak Djokovic experiment\u00f3 los momentos m\u00e1s bajos \u2014retirarse del Abierto de Francia tras<\/p>\n","protected":false},"author":4,"featured_media":7634,"comment_status":"closed","ping_status":"open","sticky":false,"template":"","format":"standard","meta":{"_jetpack_memberships_contains_paid_content":false,"footnotes":""},"categories":[12],"tags":[],"class_list":["post-7646","post","type-post","status-publish","format-standard","has-post-thumbnail","hentry","category-tenis-internacional"],"yoast_head":"<!-- This site is optimized with the Yoast SEO plugin v25.7 - https:\/\/yoast.com\/wordpress\/plugins\/seo\/ -->\n<title>Djokovic triunfa en el Abierto de Francia - Esbozo Deportivo<\/title>\n<meta name=\"description\" content=\"Novak Djokovic experiment\u00f3 los momentos m\u00e1s bajos \u2014retirarse del Abierto de Francia tras desgarrarse el menisco de la rodilla derecha\u2014 y los m\u00e1s altos \u2014ganar la tan ansiada medalla ol\u00edmpica de oro para Serbia\u2014 en Roland Garros el a\u00f1o pasado.\" \/>\n<meta name=\"robots\" content=\"index, follow, max-snippet:-1, max-image-preview:large, max-video-preview:-1\" \/>\n<link rel=\"canonical\" href=\"https:\/\/esbozodeportivo.com\/index.php\/2025\/05\/28\/djokovic-triunfa-en-el-abierto-de-francia\/\" \/>\n<meta property=\"og:locale\" content=\"es_MX\" \/>\n<meta property=\"og:type\" content=\"article\" \/>\n<meta property=\"og:title\" content=\"Djokovic triunfa en el Abierto de Francia - Esbozo Deportivo\" \/>\n<meta property=\"og:description\" content=\"Novak Djokovic experiment\u00f3 los momentos m\u00e1s bajos \u2014retirarse del Abierto de Francia tras desgarrarse el menisco de la rodilla derecha\u2014 y los m\u00e1s altos \u2014ganar la tan ansiada medalla ol\u00edmpica de oro para Serbia\u2014 en Roland Garros el a\u00f1o pasado.\" \/>\n<meta property=\"og:url\" content=\"https:\/\/esbozodeportivo.com\/index.php\/2025\/05\/28\/djokovic-triunfa-en-el-abierto-de-francia\/\" \/>\n<meta property=\"og:site_name\" content=\"Esbozo Deportivo\" \/>\n<meta property=\"article:published_time\" content=\"2025-05-28T06:30:22+00:00\" \/>\n<meta property=\"article:modified_time\" content=\"2025-05-28T06:30:23+00:00\" \/>\n<meta property=\"og:image\" content=\"https:\/\/esbozodeportivo.com\/wp-content\/uploads\/2025\/05\/Tenis-11.jpg\" \/>\n\t<meta property=\"og:image:width\" content=\"1440\" \/>\n\t<meta property=\"og:image:height\" content=\"960\" \/>\n\t<meta property=\"og:image:type\" content=\"image\/jpeg\" \/>\n<meta name=\"author\" content=\"Redacci\u00f3n\" \/>\n<meta name=\"twitter:card\" content=\"summary_large_image\" \/>\n<meta name=\"twitter:label1\" content=\"Escrito por\" \/>\n\t<meta name=\"twitter:data1\" content=\"Redacci\u00f3n\" \/>\n\t<meta name=\"twitter:label2\" content=\"Tiempo de lectura\" \/>\n\t<meta name=\"twitter:data2\" content=\"3 minutos\" \/>\n<script type=\"application\/ld+json\" class=\"yoast-schema-graph\">{\"@context\":\"https:\/\/schema.org\",\"@graph\":[{\"@type\":\"Article\",\"@id\":\"https:\/\/esbozodeportivo.com\/index.php\/2025\/05\/28\/djokovic-triunfa-en-el-abierto-de-francia\/#article\",\"isPartOf\":{\"@id\":\"https:\/\/esbozodeportivo.com\/index.php\/2025\/05\/28\/djokovic-triunfa-en-el-abierto-de-francia\/\"},\"author\":{\"name\":\"Redacci\u00f3n\",\"@id\":\"https:\/\/esbozodeportivo.com\/#\/schema\/person\/0f6df9196dfe6740dd0bb31bae50d374\"},\"headline\":\"Djokovic triunfa en el Abierto de Francia\",\"datePublished\":\"2025-05-28T06:30:22+00:00\",\"dateModified\":\"2025-05-28T06:30:23+00:00\",\"mainEntityOfPage\":{\"@id\":\"https:\/\/esbozodeportivo.com\/index.php\/2025\/05\/28\/djokovic-triunfa-en-el-abierto-de-francia\/\"},\"wordCount\":585,\"publisher\":{\"@id\":\"https:\/\/esbozodeportivo.com\/#organization\"},\"image\":{\"@id\":\"https:\/\/esbozodeportivo.com\/index.php\/2025\/05\/28\/djokovic-triunfa-en-el-abierto-de-francia\/#primaryimage\"},\"thumbnailUrl\":\"https:\/\/esbozodeportivo.com\/wp-content\/uploads\/2025\/05\/Tenis-11.jpg\",\"articleSection\":[\"Tenis Internacional\"],\"inLanguage\":\"es\"},{\"@type\":\"WebPage\",\"@id\":\"https:\/\/esbozodeportivo.com\/index.php\/2025\/05\/28\/djokovic-triunfa-en-el-abierto-de-francia\/\",\"url\":\"https:\/\/esbozodeportivo.com\/index.php\/2025\/05\/28\/djokovic-triunfa-en-el-abierto-de-francia\/\",\"name\":\"Djokovic triunfa en el Abierto de Francia - Esbozo Deportivo\",\"isPartOf\":{\"@id\":\"https:\/\/esbozodeportivo.com\/#website\"},\"primaryImageOfPage\":{\"@id\":\"https:\/\/esbozodeportivo.com\/index.php\/2025\/05\/28\/djokovic-triunfa-en-el-abierto-de-francia\/#primaryimage\"},\"image\":{\"@id\":\"https:\/\/esbozodeportivo.com\/index.php\/2025\/05\/28\/djokovic-triunfa-en-el-abierto-de-francia\/#primaryimage\"},\"thumbnailUrl\":\"https:\/\/esbozodeportivo.com\/wp-content\/uploads\/2025\/05\/Tenis-11.jpg\",\"datePublished\":\"2025-05-28T06:30:22+00:00\",\"dateModified\":\"2025-05-28T06:30:23+00:00\",\"description\":\"Novak Djokovic experiment\u00f3 los momentos m\u00e1s bajos \u2014retirarse del Abierto de Francia tras desgarrarse el menisco de la rodilla derecha\u2014 y los m\u00e1s altos \u2014ganar la tan ansiada medalla ol\u00edmpica de oro para Serbia\u2014 en Roland Garros el a\u00f1o pasado.\",\"breadcrumb\":{\"@id\":\"https:\/\/esbozodeportivo.com\/index.php\/2025\/05\/28\/djokovic-triunfa-en-el-abierto-de-francia\/#breadcrumb\"},\"inLanguage\":\"es\",\"potentialAction\":[{\"@type\":\"ReadAction\",\"target\":[\"https:\/\/esbozodeportivo.com\/index.php\/2025\/05\/28\/djokovic-triunfa-en-el-abierto-de-francia\/\"]}]},{\"@type\":\"ImageObject\",\"inLanguage\":\"es\",\"@id\":\"https:\/\/esbozodeportivo.com\/index.php\/2025\/05\/28\/djokovic-triunfa-en-el-abierto-de-francia\/#primaryimage\",\"url\":\"https:\/\/esbozodeportivo.com\/wp-content\/uploads\/2025\/05\/Tenis-11.jpg\",\"contentUrl\":\"https:\/\/esbozodeportivo.com\/wp-content\/uploads\/2025\/05\/Tenis-11.jpg\",\"width\":1440,\"height\":960},{\"@type\":\"BreadcrumbList\",\"@id\":\"https:\/\/esbozodeportivo.com\/index.php\/2025\/05\/28\/djokovic-triunfa-en-el-abierto-de-francia\/#breadcrumb\",\"itemListElement\":[{\"@type\":\"ListItem\",\"position\":1,\"name\":\"Inicio\",\"item\":\"https:\/\/esbozodeportivo.com\/\"},{\"@type\":\"ListItem\",\"position\":2,\"name\":\"Djokovic triunfa en el Abierto de Francia\"}]},{\"@type\":\"WebSite\",\"@id\":\"https:\/\/esbozodeportivo.com\/#website\",\"url\":\"https:\/\/esbozodeportivo.com\/\",\"name\":\"Esbozo Deportivo\",\"description\":\"Lo m\u00e1s importante del Deporte\",\"publisher\":{\"@id\":\"https:\/\/esbozodeportivo.com\/#organization\"},\"potentialAction\":[{\"@type\":\"SearchAction\",\"target\":{\"@type\":\"EntryPoint\",\"urlTemplate\":\"https:\/\/esbozodeportivo.com\/?s={search_term_string}\"},\"query-input\":{\"@type\":\"PropertyValueSpecification\",\"valueRequired\":true,\"valueName\":\"search_term_string\"}}],\"inLanguage\":\"es\"},{\"@type\":\"Organization\",\"@id\":\"https:\/\/esbozodeportivo.com\/#organization\",\"name\":\"Esbozo Deportivo\",\"url\":\"https:\/\/esbozodeportivo.com\/\",\"logo\":{\"@type\":\"ImageObject\",\"inLanguage\":\"es\",\"@id\":\"https:\/\/esbozodeportivo.com\/#\/schema\/logo\/image\/\",\"url\":\"https:\/\/esbozodeportivo.com\/wp-content\/uploads\/2022\/08\/cropped-Logo-Esbozo-Web-2.png\",\"contentUrl\":\"https:\/\/esbozodeportivo.com\/wp-content\/uploads\/2022\/08\/cropped-Logo-Esbozo-Web-2.png\",\"width\":180,\"height\":50,\"caption\":\"Esbozo Deportivo\"},\"image\":{\"@id\":\"https:\/\/esbozodeportivo.com\/#\/schema\/logo\/image\/\"}},{\"@type\":\"Person\",\"@id\":\"https:\/\/esbozodeportivo.com\/#\/schema\/person\/0f6df9196dfe6740dd0bb31bae50d374\",\"name\":\"Redacci\u00f3n\",\"image\":{\"@type\":\"ImageObject\",\"inLanguage\":\"es\",\"@id\":\"https:\/\/esbozodeportivo.com\/#\/schema\/person\/image\/\",\"url\":\"https:\/\/secure.gravatar.com\/avatar\/f55268a89c3b418f2ef172ff52ab0d09b3e653c58de29539fe329fb93d78ebf3?s=96&d=mm&r=g\",\"contentUrl\":\"https:\/\/secure.gravatar.com\/avatar\/f55268a89c3b418f2ef172ff52ab0d09b3e653c58de29539fe329fb93d78ebf3?s=96&d=mm&r=g\",\"caption\":\"Redacci\u00f3n\"},\"url\":\"https:\/\/esbozodeportivo.com\/index.php\/author\/redaccion\/\"}]}<\/script>\n<!-- \/ Yoast SEO plugin. -->","yoast_head_json":{"title":"Djokovic triunfa en el Abierto de Francia - Esbozo Deportivo","description":"Novak Djokovic experiment\u00f3 los momentos m\u00e1s bajos \u2014retirarse del Abierto de Francia tras desgarrarse el menisco de la rodilla derecha\u2014 y los m\u00e1s altos \u2014ganar la tan ansiada medalla ol\u00edmpica de oro para Serbia\u2014 en Roland Garros el a\u00f1o pasado.","robots":{"index":"index","follow":"follow","max-snippet":"max-snippet:-1","max-image-preview":"max-image-preview:large","max-video-preview":"max-video-preview:-1"},"canonical":"https:\/\/esbozodeportivo.com\/index.php\/2025\/05\/28\/djokovic-triunfa-en-el-abierto-de-francia\/","og_locale":"es_MX","og_type":"article","og_title":"Djokovic triunfa en el Abierto de Francia - Esbozo Deportivo","og_description":"Novak Djokovic experiment\u00f3 los momentos m\u00e1s bajos \u2014retirarse del Abierto de Francia tras desgarrarse el menisco de la rodilla derecha\u2014 y los m\u00e1s altos \u2014ganar la tan ansiada medalla ol\u00edmpica de oro para Serbia\u2014 en Roland Garros el a\u00f1o pasado.","og_url":"https:\/\/esbozodeportivo.com\/index.php\/2025\/05\/28\/djokovic-triunfa-en-el-abierto-de-francia\/","og_site_name":"Esbozo Deportivo","article_published_time":"2025-05-28T06:30:22+00:00","article_modified_time":"2025-05-28T06:30:23+00:00","og_image":[{"width":1440,"height":960,"url":"https:\/\/esbozodeportivo.com\/wp-content\/uploads\/2025\/05\/Tenis-11.jpg","type":"image\/jpeg"}],"author":"Redacci\u00f3n","twitter_card":"summary_large_image","twitter_misc":{"Escrito por":"Redacci\u00f3n","Tiempo de lectura":"3 minutos"},"schema":{"@context":"https:\/\/schema.org","@graph":[{"@type":"Article","@id":"https:\/\/esbozodeportivo.com\/index.php\/2025\/05\/28\/djokovic-triunfa-en-el-abierto-de-francia\/#article","isPartOf":{"@id":"https:\/\/esbozodeportivo.com\/index.php\/2025\/05\/28\/djokovic-triunfa-en-el-abierto-de-francia\/"},"author":{"name":"Redacci\u00f3n","@id":"https:\/\/esbozodeportivo.com\/#\/schema\/person\/0f6df9196dfe6740dd0bb31bae50d374"},"headline":"Djokovic triunfa en el Abierto de Francia","datePublished":"2025-05-28T06:30:22+00:00","dateModified":"2025-05-28T06:30:23+00:00","mainEntityOfPage":{"@id":"https:\/\/esbozodeportivo.com\/index.php\/2025\/05\/28\/djokovic-triunfa-en-el-abierto-de-francia\/"},"wordCount":585,"publisher":{"@id":"https:\/\/esbozodeportivo.com\/#organization"},"image":{"@id":"https:\/\/esbozodeportivo.com\/index.php\/2025\/05\/28\/djokovic-triunfa-en-el-abierto-de-francia\/#primaryimage"},"thumbnailUrl":"https:\/\/esbozodeportivo.com\/wp-content\/uploads\/2025\/05\/Tenis-11.jpg","articleSection":["Tenis Internacional"],"inLanguage":"es"},{"@type":"WebPage","@id":"https:\/\/esbozodeportivo.com\/index.php\/2025\/05\/28\/djokovic-triunfa-en-el-abierto-de-francia\/","url":"https:\/\/esbozodeportivo.com\/index.php\/2025\/05\/28\/djokovic-triunfa-en-el-abierto-de-francia\/","name":"Djokovic triunfa en el Abierto de Francia - Esbozo Deportivo","isPartOf":{"@id":"https:\/\/esbozodeportivo.com\/#website"},"primaryImageOfPage":{"@id":"https:\/\/esbozodeportivo.com\/index.php\/2025\/05\/28\/djokovic-triunfa-en-el-abierto-de-francia\/#primaryimage"},"image":{"@id":"https:\/\/esbozodeportivo.com\/index.php\/2025\/05\/28\/djokovic-triunfa-en-el-abierto-de-francia\/#primaryimage"},"thumbnailUrl":"https:\/\/esbozodeportivo.com\/wp-content\/uploads\/2025\/05\/Tenis-11.jpg","datePublished":"2025-05-28T06:30:22+00:00","dateModified":"2025-05-28T06:30:23+00:00","description":"Novak Djokovic experiment\u00f3 los momentos m\u00e1s bajos \u2014retirarse del Abierto de Francia tras desgarrarse el menisco de la rodilla derecha\u2014 y los m\u00e1s altos \u2014ganar la tan ansiada medalla ol\u00edmpica de oro para Serbia\u2014 en Roland Garros el a\u00f1o pasado.","breadcrumb":{"@id":"https:\/\/esbozodeportivo.com\/index.php\/2025\/05\/28\/djokovic-triunfa-en-el-abierto-de-francia\/#breadcrumb"},"inLanguage":"es","potentialAction":[{"@type":"ReadAction","target":["https:\/\/esbozodeportivo.com\/index.php\/2025\/05\/28\/djokovic-triunfa-en-el-abierto-de-francia\/"]}]},{"@type":"ImageObject","inLanguage":"es","@id":"https:\/\/esbozodeportivo.com\/index.php\/2025\/05\/28\/djokovic-triunfa-en-el-abierto-de-francia\/#primaryimage","url":"https:\/\/esbozodeportivo.com\/wp-content\/uploads\/2025\/05\/Tenis-11.jpg","contentUrl":"https:\/\/esbozodeportivo.com\/wp-content\/uploads\/2025\/05\/Tenis-11.jpg","width":1440,"height":960},{"@type":"BreadcrumbList","@id":"https:\/\/esbozodeportivo.com\/index.php\/2025\/05\/28\/djokovic-triunfa-en-el-abierto-de-francia\/#breadcrumb","itemListElement":[{"@type":"ListItem","position":1,"name":"Inicio","item":"https:\/\/esbozodeportivo.com\/"},{"@type":"ListItem","position":2,"name":"Djokovic triunfa en el Abierto de Francia"}]},{"@type":"WebSite","@id":"https:\/\/esbozodeportivo.com\/#website","url":"https:\/\/esbozodeportivo.com\/","name":"Esbozo Deportivo","description":"Lo m\u00e1s importante del Deporte","publisher":{"@id":"https:\/\/esbozodeportivo.com\/#organization"},"potentialAction":[{"@type":"SearchAction","target":{"@type":"EntryPoint","urlTemplate":"https:\/\/esbozodeportivo.com\/?s={search_term_string}"},"query-input":{"@type":"PropertyValueSpecification","valueRequired":true,"valueName":"search_term_string"}}],"inLanguage":"es"},{"@type":"Organization","@id":"https:\/\/esbozodeportivo.com\/#organization","name":"Esbozo Deportivo","url":"https:\/\/esbozodeportivo.com\/","logo":{"@type":"ImageObject","inLanguage":"es","@id":"https:\/\/esbozodeportivo.com\/#\/schema\/logo\/image\/","url":"https:\/\/esbozodeportivo.com\/wp-content\/uploads\/2022\/08\/cropped-Logo-Esbozo-Web-2.png","contentUrl":"https:\/\/esbozodeportivo.com\/wp-content\/uploads\/2022\/08\/cropped-Logo-Esbozo-Web-2.png","width":180,"height":50,"caption":"Esbozo Deportivo"},"image":{"@id":"https:\/\/esbozodeportivo.com\/#\/schema\/logo\/image\/"}},{"@type":"Person","@id":"https:\/\/esbozodeportivo.com\/#\/schema\/person\/0f6df9196dfe6740dd0bb31bae50d374","name":"Redacci\u00f3n","image":{"@type":"ImageObject","inLanguage":"es","@id":"https:\/\/esbozodeportivo.com\/#\/schema\/person\/image\/","url":"https:\/\/secure.gravatar.com\/avatar\/f55268a89c3b418f2ef172ff52ab0d09b3e653c58de29539fe329fb93d78ebf3?s=96&d=mm&r=g","contentUrl":"https:\/\/secure.gravatar.com\/avatar\/f55268a89c3b418f2ef172ff52ab0d09b3e653c58de29539fe329fb93d78ebf3?s=96&d=mm&r=g","caption":"Redacci\u00f3n"},"url":"https:\/\/esbozodeportivo.com\/index.php\/author\/redaccion\/"}]}},"jetpack_featured_media_url":"https:\/\/esbozodeportivo.com\/wp-content\/uploads\/2025\/05\/Tenis-11.jpg","jetpack_sharing_enabled":true,"_links":{"self":[{"href":"https:\/\/esbozodeportivo.com\/index.php\/wp-json\/wp\/v2\/posts\/7646","targetHints":{"allow":["GET"]}}],"collection":[{"href":"https:\/\/esbozodeportivo.com\/index.php\/wp-json\/wp\/v2\/posts"}],"about":[{"href":"https:\/\/esbozodeportivo.com\/index.php\/wp-json\/wp\/v2\/types\/post"}],"author":[{"embeddable":true,"href":"https:\/\/esbozodeportivo.com\/index.php\/wp-json\/wp\/v2\/users\/4"}],"replies":[{"embeddable":true,"href":"https:\/\/esbozodeportivo.com\/index.php\/wp-json\/wp\/v2\/comments?post=7646"}],"version-history":[{"count":1,"href":"https:\/\/esbozodeportivo.com\/index.php\/wp-json\/wp\/v2\/posts\/7646\/revisions"}],"predecessor-version":[{"id":7647,"href":"https:\/\/esbozodeportivo.com\/index.php\/wp-json\/wp\/v2\/posts\/7646\/revisions\/7647"}],"wp:featuredmedia":[{"embeddable":true,"href":"https:\/\/esbozodeportivo.com\/index.php\/wp-json\/wp\/v2\/media\/7634"}],"wp:attachment":[{"href":"https:\/\/esbozodeportivo.com\/index.php\/wp-json\/wp\/v2\/media?parent=7646"}],"wp:term":[{"taxonomy":"category","embeddable":true,"href":"https:\/\/esbozodeportivo.com\/index.php\/wp-json\/wp\/v2\/categories?post=7646"},{"taxonomy":"post_tag","embeddable":true,"href":"https:\/\/esbozodeportivo.com\/index.php\/wp-json\/wp\/v2\/tags?post=7646"}],"curies":[{"name":"wp","href":"https:\/\/api.w.org\/{rel}","templated":true}]}}