{"id":7658,"date":"2025-05-29T22:13:03","date_gmt":"2025-05-30T04:13:03","guid":{"rendered":"https:\/\/esbozodeportivo.com\/?p=7658"},"modified":"2025-05-29T22:13:04","modified_gmt":"2025-05-30T04:13:04","slug":"mexico-ya-apunta-a-los-juegos-mundiales-de-los-trabajadores","status":"publish","type":"post","link":"https:\/\/esbozodeportivo.com\/index.php\/2025\/05\/29\/mexico-ya-apunta-a-los-juegos-mundiales-de-los-trabajadores\/","title":{"rendered":"M\u00e9xico ya apunta a los Juegos Mundiales de los Trabajadores"},"content":{"rendered":"\n<p><strong>(Foto: INDET)<\/strong><\/p>\n\n\n\n<p>La delegaci\u00f3n mexicana est\u00e1 lista para enfrentar los <strong>Juegos Mundiales de los Trabajadores<\/strong>, con sede en <strong>Grecia en junio pr\u00f3ximo<\/strong>, como parte del programa internacional del <strong>Instituto del Deporte de los Trabajadores<\/strong> <strong>(INDET<\/strong>), en los cuales buscar\u00e1n brillar en el certamen organizado por la <strong>Confederaci\u00f3n Internacional del Deporte de los Trabajadores<\/strong> (<strong>CSIT<\/strong>).<\/p>\n\n\n\n<p>El profesor <strong>Pablo Reyes Osorio<\/strong>, Secretario Ejecutivo del Instituto del Deporte de los Trabajadores, dio a conocer que se tiene todo dispuesto para enviar el contingente tricolor, surgido del proceso del I<strong>NDET<\/strong>, incluidos los <strong>Juegos Nacionales Deportivos y Recreativos de los Trabajadores<\/strong>, que se realizan desde hace m\u00e1s de <strong>50 a\u00f1os<\/strong> en el <strong>Centro Vacacional IMSS Oaxtepec<\/strong>.<\/p>\n\n\n\n<figure class=\"wp-block-image size-full\"><img loading=\"lazy\" decoding=\"async\" width=\"642\" height=\"482\" src=\"https:\/\/esbozodeportivo.com\/wp-content\/uploads\/2025\/05\/IMG_2707-768x512-1.jpg\" alt=\"\" class=\"wp-image-7660\" srcset=\"https:\/\/esbozodeportivo.com\/wp-content\/uploads\/2025\/05\/IMG_2707-768x512-1.jpg 642w, https:\/\/esbozodeportivo.com\/wp-content\/uploads\/2025\/05\/IMG_2707-768x512-1-300x225.jpg 300w\" sizes=\"auto, (max-width: 642px) 100vw, 642px\" \/><\/figure>\n\n\n\n<p><strong>(Foto: INDET)<\/strong><\/p>\n\n\n\n<p>\u201c<strong>El INDET<\/strong> ha trabajado de la mano de la <strong>Comisi\u00f3n Nacional de Cultura F\u00edsica y Deporte<\/strong> y nuestros compa\u00f1eros secretarios estatales del <strong>INDET<\/strong> en m\u00e1s de 25 entidades del pa\u00eds, para presentar una delegaci\u00f3n de calidad en la ceremonia que presidi\u00f3 el Director General de la <strong>CONADE<\/strong>, <strong>Rommel Pacheco Marrufo<\/strong>\u201d, se\u00f1al\u00f3 el profesor <strong>Reyes Osorio<\/strong>.<\/p>\n\n\n\n<p>El Secretario Ejecutivo del <strong>INDET<\/strong> record\u00f3 que la delegaci\u00f3n que viajar\u00e1 con el reconocimiento del <strong>INDET<\/strong> y abanderado por la <strong>CONADE<\/strong>, \u201cbuscar\u00e1 ser protagonista en los <strong>Juegos Mundiales de Loutraki<\/strong>, como lo hemos hecho en las ediciones anteriores en la cual <strong>M\u00e9xico<\/strong> ha ocupado el segundo lugar mundial\u201d.<\/p>\n\n\n\n<p>La delegaci\u00f3n mexicana, formada por trabajadores deportistas de 17 estados del pa\u00eds, entre ellos <strong>Puebla, Veracruz, Tlaxcala y Nayarit<\/strong>, concursar\u00e1 en el programa de atletismo y disciplinas de conjunto como <strong>voleibol de sala<\/strong> y <strong>voleibol de playa<\/strong>, entre otras.<\/p>\n\n\n\n<p>\u201cContamos con una delegaci\u00f3n formada por 290 participantes, representados por cientos de sindicatos del pa\u00eds, entre ellos el S<strong>indicato de Trabajadores Ferrocarrileros de la Rep\u00fablica Mexicana<\/strong>, <strong>Sindicato Nacional de Trabajadores del Seguro Social,<\/strong> de la <strong>Federaci\u00f3n de Sindicatos al Servicio del Estado<\/strong>, <strong>de Mineros<\/strong> y de la <strong>CTM,<\/strong> entre muchos m\u00e1s, para enfrentar este mundial\u201d, agreg\u00f3 <strong>Pablo Reyes<\/strong>.<\/p>\n\n\n\n<figure class=\"wp-block-image size-full\"><img loading=\"lazy\" decoding=\"async\" width=\"750\" height=\"500\" src=\"https:\/\/esbozodeportivo.com\/wp-content\/uploads\/2025\/05\/indet-750x500-1.jpg\" alt=\"\" class=\"wp-image-7661\" srcset=\"https:\/\/esbozodeportivo.com\/wp-content\/uploads\/2025\/05\/indet-750x500-1.jpg 750w, https:\/\/esbozodeportivo.com\/wp-content\/uploads\/2025\/05\/indet-750x500-1-300x200.jpg 300w\" sizes=\"auto, (max-width: 750px) 100vw, 750px\" \/><figcaption class=\"wp-element-caption\">CREATOR: gd-jpeg v1.0 (using IJG JPEG v62), quality = 82<\/figcaption><\/figure>\n\n\n\n<p><strong>(Foto: INDET)<\/strong><\/p>\n\n\n\n<p><\/p>\n","protected":false},"excerpt":{"rendered":"<p>(Foto: INDET) La delegaci\u00f3n mexicana est\u00e1 lista para enfrentar los Juegos Mundiales de los Trabajadores,<\/p>\n","protected":false},"author":4,"featured_media":7659,"comment_status":"closed","ping_status":"open","sticky":false,"template":"","format":"standard","meta":{"_jetpack_memberships_contains_paid_content":false,"footnotes":""},"categories":[5],"tags":[],"class_list":["post-7658","post","type-post","status-publish","format-standard","has-post-thumbnail","hentry","category-amateur"],"yoast_head":"<!-- This site is optimized with the Yoast SEO plugin v25.7 - https:\/\/yoast.com\/wordpress\/plugins\/seo\/ -->\n<title>M\u00e9xico ya apunta a los Juegos Mundiales de los Trabajadores - Esbozo Deportivo<\/title>\n<meta name=\"description\" content=\"La delegaci\u00f3n mexicana est\u00e1 lista para enfrentar los Juegos Mundiales de los Trabajadores, con sede en Grecia en junio pr\u00f3ximo, como parte del programa internacional del Instituto del Deporte de los Trabajadores (INDET), en los cuales buscar\u00e1n brillar en el certamen organizado por la Confederaci\u00f3n Internacional del Deporte de los Trabajadores (CSIT).\" \/>\n<meta name=\"robots\" content=\"index, follow, max-snippet:-1, max-image-preview:large, max-video-preview:-1\" \/>\n<link rel=\"canonical\" href=\"https:\/\/esbozodeportivo.com\/index.php\/2025\/05\/29\/mexico-ya-apunta-a-los-juegos-mundiales-de-los-trabajadores\/\" \/>\n<meta property=\"og:locale\" content=\"es_MX\" \/>\n<meta property=\"og:type\" content=\"article\" \/>\n<meta property=\"og:title\" content=\"M\u00e9xico ya apunta a los Juegos Mundiales de los Trabajadores - Esbozo Deportivo\" \/>\n<meta property=\"og:description\" content=\"La delegaci\u00f3n mexicana est\u00e1 lista para enfrentar los Juegos Mundiales de los Trabajadores, con sede en Grecia en junio pr\u00f3ximo, como parte del programa internacional del Instituto del Deporte de los Trabajadores (INDET), en los cuales buscar\u00e1n brillar en el certamen organizado por la Confederaci\u00f3n Internacional del Deporte de los Trabajadores (CSIT).\" \/>\n<meta property=\"og:url\" content=\"https:\/\/esbozodeportivo.com\/index.php\/2025\/05\/29\/mexico-ya-apunta-a-los-juegos-mundiales-de-los-trabajadores\/\" \/>\n<meta property=\"og:site_name\" content=\"Esbozo Deportivo\" \/>\n<meta property=\"article:published_time\" content=\"2025-05-30T04:13:03+00:00\" \/>\n<meta property=\"article:modified_time\" content=\"2025-05-30T04:13:04+00:00\" \/>\n<meta property=\"og:image\" content=\"https:\/\/esbozodeportivo.com\/wp-content\/uploads\/2025\/05\/a3e58884-a6d8-490f-b317-3f9a7cbd5c58.jpg\" \/>\n\t<meta property=\"og:image:width\" content=\"1600\" \/>\n\t<meta property=\"og:image:height\" content=\"1200\" \/>\n\t<meta property=\"og:image:type\" content=\"image\/jpeg\" \/>\n<meta name=\"author\" content=\"Redacci\u00f3n\" \/>\n<meta name=\"twitter:card\" content=\"summary_large_image\" \/>\n<meta name=\"twitter:label1\" content=\"Escrito por\" \/>\n\t<meta name=\"twitter:data1\" content=\"Redacci\u00f3n\" \/>\n\t<meta name=\"twitter:label2\" content=\"Tiempo de lectura\" \/>\n\t<meta name=\"twitter:data2\" content=\"3 minutos\" \/>\n<script type=\"application\/ld+json\" class=\"yoast-schema-graph\">{\"@context\":\"https:\/\/schema.org\",\"@graph\":[{\"@type\":\"Article\",\"@id\":\"https:\/\/esbozodeportivo.com\/index.php\/2025\/05\/29\/mexico-ya-apunta-a-los-juegos-mundiales-de-los-trabajadores\/#article\",\"isPartOf\":{\"@id\":\"https:\/\/esbozodeportivo.com\/index.php\/2025\/05\/29\/mexico-ya-apunta-a-los-juegos-mundiales-de-los-trabajadores\/\"},\"author\":{\"name\":\"Redacci\u00f3n\",\"@id\":\"https:\/\/esbozodeportivo.com\/#\/schema\/person\/0f6df9196dfe6740dd0bb31bae50d374\"},\"headline\":\"M\u00e9xico ya apunta a los Juegos Mundiales de los Trabajadores\",\"datePublished\":\"2025-05-30T04:13:03+00:00\",\"dateModified\":\"2025-05-30T04:13:04+00:00\",\"mainEntityOfPage\":{\"@id\":\"https:\/\/esbozodeportivo.com\/index.php\/2025\/05\/29\/mexico-ya-apunta-a-los-juegos-mundiales-de-los-trabajadores\/\"},\"wordCount\":352,\"publisher\":{\"@id\":\"https:\/\/esbozodeportivo.com\/#organization\"},\"image\":{\"@id\":\"https:\/\/esbozodeportivo.com\/index.php\/2025\/05\/29\/mexico-ya-apunta-a-los-juegos-mundiales-de-los-trabajadores\/#primaryimage\"},\"thumbnailUrl\":\"https:\/\/esbozodeportivo.com\/wp-content\/uploads\/2025\/05\/a3e58884-a6d8-490f-b317-3f9a7cbd5c58.jpg\",\"articleSection\":[\"Amateur\"],\"inLanguage\":\"es\"},{\"@type\":\"WebPage\",\"@id\":\"https:\/\/esbozodeportivo.com\/index.php\/2025\/05\/29\/mexico-ya-apunta-a-los-juegos-mundiales-de-los-trabajadores\/\",\"url\":\"https:\/\/esbozodeportivo.com\/index.php\/2025\/05\/29\/mexico-ya-apunta-a-los-juegos-mundiales-de-los-trabajadores\/\",\"name\":\"M\u00e9xico ya apunta a los Juegos Mundiales de los Trabajadores - Esbozo Deportivo\",\"isPartOf\":{\"@id\":\"https:\/\/esbozodeportivo.com\/#website\"},\"primaryImageOfPage\":{\"@id\":\"https:\/\/esbozodeportivo.com\/index.php\/2025\/05\/29\/mexico-ya-apunta-a-los-juegos-mundiales-de-los-trabajadores\/#primaryimage\"},\"image\":{\"@id\":\"https:\/\/esbozodeportivo.com\/index.php\/2025\/05\/29\/mexico-ya-apunta-a-los-juegos-mundiales-de-los-trabajadores\/#primaryimage\"},\"thumbnailUrl\":\"https:\/\/esbozodeportivo.com\/wp-content\/uploads\/2025\/05\/a3e58884-a6d8-490f-b317-3f9a7cbd5c58.jpg\",\"datePublished\":\"2025-05-30T04:13:03+00:00\",\"dateModified\":\"2025-05-30T04:13:04+00:00\",\"description\":\"La delegaci\u00f3n mexicana est\u00e1 lista para enfrentar los Juegos Mundiales de los Trabajadores, con sede en Grecia en junio pr\u00f3ximo, como parte del programa internacional del Instituto del Deporte de los Trabajadores (INDET), en los cuales buscar\u00e1n brillar en el certamen organizado por la Confederaci\u00f3n Internacional del Deporte de los Trabajadores (CSIT).\",\"breadcrumb\":{\"@id\":\"https:\/\/esbozodeportivo.com\/index.php\/2025\/05\/29\/mexico-ya-apunta-a-los-juegos-mundiales-de-los-trabajadores\/#breadcrumb\"},\"inLanguage\":\"es\",\"potentialAction\":[{\"@type\":\"ReadAction\",\"target\":[\"https:\/\/esbozodeportivo.com\/index.php\/2025\/05\/29\/mexico-ya-apunta-a-los-juegos-mundiales-de-los-trabajadores\/\"]}]},{\"@type\":\"ImageObject\",\"inLanguage\":\"es\",\"@id\":\"https:\/\/esbozodeportivo.com\/index.php\/2025\/05\/29\/mexico-ya-apunta-a-los-juegos-mundiales-de-los-trabajadores\/#primaryimage\",\"url\":\"https:\/\/esbozodeportivo.com\/wp-content\/uploads\/2025\/05\/a3e58884-a6d8-490f-b317-3f9a7cbd5c58.jpg\",\"contentUrl\":\"https:\/\/esbozodeportivo.com\/wp-content\/uploads\/2025\/05\/a3e58884-a6d8-490f-b317-3f9a7cbd5c58.jpg\",\"width\":1600,\"height\":1200},{\"@type\":\"BreadcrumbList\",\"@id\":\"https:\/\/esbozodeportivo.com\/index.php\/2025\/05\/29\/mexico-ya-apunta-a-los-juegos-mundiales-de-los-trabajadores\/#breadcrumb\",\"itemListElement\":[{\"@type\":\"ListItem\",\"position\":1,\"name\":\"Inicio\",\"item\":\"https:\/\/esbozodeportivo.com\/\"},{\"@type\":\"ListItem\",\"position\":2,\"name\":\"M\u00e9xico ya apunta a los Juegos Mundiales de los Trabajadores\"}]},{\"@type\":\"WebSite\",\"@id\":\"https:\/\/esbozodeportivo.com\/#website\",\"url\":\"https:\/\/esbozodeportivo.com\/\",\"name\":\"Esbozo Deportivo\",\"description\":\"Lo m\u00e1s importante del Deporte\",\"publisher\":{\"@id\":\"https:\/\/esbozodeportivo.com\/#organization\"},\"potentialAction\":[{\"@type\":\"SearchAction\",\"target\":{\"@type\":\"EntryPoint\",\"urlTemplate\":\"https:\/\/esbozodeportivo.com\/?s={search_term_string}\"},\"query-input\":{\"@type\":\"PropertyValueSpecification\",\"valueRequired\":true,\"valueName\":\"search_term_string\"}}],\"inLanguage\":\"es\"},{\"@type\":\"Organization\",\"@id\":\"https:\/\/esbozodeportivo.com\/#organization\",\"name\":\"Esbozo Deportivo\",\"url\":\"https:\/\/esbozodeportivo.com\/\",\"logo\":{\"@type\":\"ImageObject\",\"inLanguage\":\"es\",\"@id\":\"https:\/\/esbozodeportivo.com\/#\/schema\/logo\/image\/\",\"url\":\"https:\/\/esbozodeportivo.com\/wp-content\/uploads\/2022\/08\/cropped-Logo-Esbozo-Web-2.png\",\"contentUrl\":\"https:\/\/esbozodeportivo.com\/wp-content\/uploads\/2022\/08\/cropped-Logo-Esbozo-Web-2.png\",\"width\":180,\"height\":50,\"caption\":\"Esbozo Deportivo\"},\"image\":{\"@id\":\"https:\/\/esbozodeportivo.com\/#\/schema\/logo\/image\/\"}},{\"@type\":\"Person\",\"@id\":\"https:\/\/esbozodeportivo.com\/#\/schema\/person\/0f6df9196dfe6740dd0bb31bae50d374\",\"name\":\"Redacci\u00f3n\",\"image\":{\"@type\":\"ImageObject\",\"inLanguage\":\"es\",\"@id\":\"https:\/\/esbozodeportivo.com\/#\/schema\/person\/image\/\",\"url\":\"https:\/\/secure.gravatar.com\/avatar\/f55268a89c3b418f2ef172ff52ab0d09b3e653c58de29539fe329fb93d78ebf3?s=96&d=mm&r=g\",\"contentUrl\":\"https:\/\/secure.gravatar.com\/avatar\/f55268a89c3b418f2ef172ff52ab0d09b3e653c58de29539fe329fb93d78ebf3?s=96&d=mm&r=g\",\"caption\":\"Redacci\u00f3n\"},\"url\":\"https:\/\/esbozodeportivo.com\/index.php\/author\/redaccion\/\"}]}<\/script>\n<!-- \/ Yoast SEO plugin. -->","yoast_head_json":{"title":"M\u00e9xico ya apunta a los Juegos Mundiales de los Trabajadores - Esbozo Deportivo","description":"La delegaci\u00f3n mexicana est\u00e1 lista para enfrentar los Juegos Mundiales de los Trabajadores, con sede en Grecia en junio pr\u00f3ximo, como parte del programa internacional del Instituto del Deporte de los Trabajadores (INDET), en los cuales buscar\u00e1n brillar en el certamen organizado por la Confederaci\u00f3n Internacional del Deporte de los Trabajadores (CSIT).","robots":{"index":"index","follow":"follow","max-snippet":"max-snippet:-1","max-image-preview":"max-image-preview:large","max-video-preview":"max-video-preview:-1"},"canonical":"https:\/\/esbozodeportivo.com\/index.php\/2025\/05\/29\/mexico-ya-apunta-a-los-juegos-mundiales-de-los-trabajadores\/","og_locale":"es_MX","og_type":"article","og_title":"M\u00e9xico ya apunta a los Juegos Mundiales de los Trabajadores - Esbozo Deportivo","og_description":"La delegaci\u00f3n mexicana est\u00e1 lista para enfrentar los Juegos Mundiales de los Trabajadores, con sede en Grecia en junio pr\u00f3ximo, como parte del programa internacional del Instituto del Deporte de los Trabajadores (INDET), en los cuales buscar\u00e1n brillar en el certamen organizado por la Confederaci\u00f3n Internacional del Deporte de los Trabajadores (CSIT).","og_url":"https:\/\/esbozodeportivo.com\/index.php\/2025\/05\/29\/mexico-ya-apunta-a-los-juegos-mundiales-de-los-trabajadores\/","og_site_name":"Esbozo Deportivo","article_published_time":"2025-05-30T04:13:03+00:00","article_modified_time":"2025-05-30T04:13:04+00:00","og_image":[{"width":1600,"height":1200,"url":"https:\/\/esbozodeportivo.com\/wp-content\/uploads\/2025\/05\/a3e58884-a6d8-490f-b317-3f9a7cbd5c58.jpg","type":"image\/jpeg"}],"author":"Redacci\u00f3n","twitter_card":"summary_large_image","twitter_misc":{"Escrito por":"Redacci\u00f3n","Tiempo de lectura":"3 minutos"},"schema":{"@context":"https:\/\/schema.org","@graph":[{"@type":"Article","@id":"https:\/\/esbozodeportivo.com\/index.php\/2025\/05\/29\/mexico-ya-apunta-a-los-juegos-mundiales-de-los-trabajadores\/#article","isPartOf":{"@id":"https:\/\/esbozodeportivo.com\/index.php\/2025\/05\/29\/mexico-ya-apunta-a-los-juegos-mundiales-de-los-trabajadores\/"},"author":{"name":"Redacci\u00f3n","@id":"https:\/\/esbozodeportivo.com\/#\/schema\/person\/0f6df9196dfe6740dd0bb31bae50d374"},"headline":"M\u00e9xico ya apunta a los Juegos Mundiales de los Trabajadores","datePublished":"2025-05-30T04:13:03+00:00","dateModified":"2025-05-30T04:13:04+00:00","mainEntityOfPage":{"@id":"https:\/\/esbozodeportivo.com\/index.php\/2025\/05\/29\/mexico-ya-apunta-a-los-juegos-mundiales-de-los-trabajadores\/"},"wordCount":352,"publisher":{"@id":"https:\/\/esbozodeportivo.com\/#organization"},"image":{"@id":"https:\/\/esbozodeportivo.com\/index.php\/2025\/05\/29\/mexico-ya-apunta-a-los-juegos-mundiales-de-los-trabajadores\/#primaryimage"},"thumbnailUrl":"https:\/\/esbozodeportivo.com\/wp-content\/uploads\/2025\/05\/a3e58884-a6d8-490f-b317-3f9a7cbd5c58.jpg","articleSection":["Amateur"],"inLanguage":"es"},{"@type":"WebPage","@id":"https:\/\/esbozodeportivo.com\/index.php\/2025\/05\/29\/mexico-ya-apunta-a-los-juegos-mundiales-de-los-trabajadores\/","url":"https:\/\/esbozodeportivo.com\/index.php\/2025\/05\/29\/mexico-ya-apunta-a-los-juegos-mundiales-de-los-trabajadores\/","name":"M\u00e9xico ya apunta a los Juegos Mundiales de los Trabajadores - Esbozo Deportivo","isPartOf":{"@id":"https:\/\/esbozodeportivo.com\/#website"},"primaryImageOfPage":{"@id":"https:\/\/esbozodeportivo.com\/index.php\/2025\/05\/29\/mexico-ya-apunta-a-los-juegos-mundiales-de-los-trabajadores\/#primaryimage"},"image":{"@id":"https:\/\/esbozodeportivo.com\/index.php\/2025\/05\/29\/mexico-ya-apunta-a-los-juegos-mundiales-de-los-trabajadores\/#primaryimage"},"thumbnailUrl":"https:\/\/esbozodeportivo.com\/wp-content\/uploads\/2025\/05\/a3e58884-a6d8-490f-b317-3f9a7cbd5c58.jpg","datePublished":"2025-05-30T04:13:03+00:00","dateModified":"2025-05-30T04:13:04+00:00","description":"La delegaci\u00f3n mexicana est\u00e1 lista para enfrentar los Juegos Mundiales de los Trabajadores, con sede en Grecia en junio pr\u00f3ximo, como parte del programa internacional del Instituto del Deporte de los Trabajadores (INDET), en los cuales buscar\u00e1n brillar en el certamen organizado por la Confederaci\u00f3n Internacional del Deporte de los Trabajadores (CSIT).","breadcrumb":{"@id":"https:\/\/esbozodeportivo.com\/index.php\/2025\/05\/29\/mexico-ya-apunta-a-los-juegos-mundiales-de-los-trabajadores\/#breadcrumb"},"inLanguage":"es","potentialAction":[{"@type":"ReadAction","target":["https:\/\/esbozodeportivo.com\/index.php\/2025\/05\/29\/mexico-ya-apunta-a-los-juegos-mundiales-de-los-trabajadores\/"]}]},{"@type":"ImageObject","inLanguage":"es","@id":"https:\/\/esbozodeportivo.com\/index.php\/2025\/05\/29\/mexico-ya-apunta-a-los-juegos-mundiales-de-los-trabajadores\/#primaryimage","url":"https:\/\/esbozodeportivo.com\/wp-content\/uploads\/2025\/05\/a3e58884-a6d8-490f-b317-3f9a7cbd5c58.jpg","contentUrl":"https:\/\/esbozodeportivo.com\/wp-content\/uploads\/2025\/05\/a3e58884-a6d8-490f-b317-3f9a7cbd5c58.jpg","width":1600,"height":1200},{"@type":"BreadcrumbList","@id":"https:\/\/esbozodeportivo.com\/index.php\/2025\/05\/29\/mexico-ya-apunta-a-los-juegos-mundiales-de-los-trabajadores\/#breadcrumb","itemListElement":[{"@type":"ListItem","position":1,"name":"Inicio","item":"https:\/\/esbozodeportivo.com\/"},{"@type":"ListItem","position":2,"name":"M\u00e9xico ya apunta a los Juegos Mundiales de los Trabajadores"}]},{"@type":"WebSite","@id":"https:\/\/esbozodeportivo.com\/#website","url":"https:\/\/esbozodeportivo.com\/","name":"Esbozo Deportivo","description":"Lo m\u00e1s importante del Deporte","publisher":{"@id":"https:\/\/esbozodeportivo.com\/#organization"},"potentialAction":[{"@type":"SearchAction","target":{"@type":"EntryPoint","urlTemplate":"https:\/\/esbozodeportivo.com\/?s={search_term_string}"},"query-input":{"@type":"PropertyValueSpecification","valueRequired":true,"valueName":"search_term_string"}}],"inLanguage":"es"},{"@type":"Organization","@id":"https:\/\/esbozodeportivo.com\/#organization","name":"Esbozo Deportivo","url":"https:\/\/esbozodeportivo.com\/","logo":{"@type":"ImageObject","inLanguage":"es","@id":"https:\/\/esbozodeportivo.com\/#\/schema\/logo\/image\/","url":"https:\/\/esbozodeportivo.com\/wp-content\/uploads\/2022\/08\/cropped-Logo-Esbozo-Web-2.png","contentUrl":"https:\/\/esbozodeportivo.com\/wp-content\/uploads\/2022\/08\/cropped-Logo-Esbozo-Web-2.png","width":180,"height":50,"caption":"Esbozo Deportivo"},"image":{"@id":"https:\/\/esbozodeportivo.com\/#\/schema\/logo\/image\/"}},{"@type":"Person","@id":"https:\/\/esbozodeportivo.com\/#\/schema\/person\/0f6df9196dfe6740dd0bb31bae50d374","name":"Redacci\u00f3n","image":{"@type":"ImageObject","inLanguage":"es","@id":"https:\/\/esbozodeportivo.com\/#\/schema\/person\/image\/","url":"https:\/\/secure.gravatar.com\/avatar\/f55268a89c3b418f2ef172ff52ab0d09b3e653c58de29539fe329fb93d78ebf3?s=96&d=mm&r=g","contentUrl":"https:\/\/secure.gravatar.com\/avatar\/f55268a89c3b418f2ef172ff52ab0d09b3e653c58de29539fe329fb93d78ebf3?s=96&d=mm&r=g","caption":"Redacci\u00f3n"},"url":"https:\/\/esbozodeportivo.com\/index.php\/author\/redaccion\/"}]}},"jetpack_featured_media_url":"https:\/\/esbozodeportivo.com\/wp-content\/uploads\/2025\/05\/a3e58884-a6d8-490f-b317-3f9a7cbd5c58.jpg","jetpack_sharing_enabled":true,"_links":{"self":[{"href":"https:\/\/esbozodeportivo.com\/index.php\/wp-json\/wp\/v2\/posts\/7658","targetHints":{"allow":["GET"]}}],"collection":[{"href":"https:\/\/esbozodeportivo.com\/index.php\/wp-json\/wp\/v2\/posts"}],"about":[{"href":"https:\/\/esbozodeportivo.com\/index.php\/wp-json\/wp\/v2\/types\/post"}],"author":[{"embeddable":true,"href":"https:\/\/esbozodeportivo.com\/index.php\/wp-json\/wp\/v2\/users\/4"}],"replies":[{"embeddable":true,"href":"https:\/\/esbozodeportivo.com\/index.php\/wp-json\/wp\/v2\/comments?post=7658"}],"version-history":[{"count":1,"href":"https:\/\/esbozodeportivo.com\/index.php\/wp-json\/wp\/v2\/posts\/7658\/revisions"}],"predecessor-version":[{"id":7662,"href":"https:\/\/esbozodeportivo.com\/index.php\/wp-json\/wp\/v2\/posts\/7658\/revisions\/7662"}],"wp:featuredmedia":[{"embeddable":true,"href":"https:\/\/esbozodeportivo.com\/index.php\/wp-json\/wp\/v2\/media\/7659"}],"wp:attachment":[{"href":"https:\/\/esbozodeportivo.com\/index.php\/wp-json\/wp\/v2\/media?parent=7658"}],"wp:term":[{"taxonomy":"category","embeddable":true,"href":"https:\/\/esbozodeportivo.com\/index.php\/wp-json\/wp\/v2\/categories?post=7658"},{"taxonomy":"post_tag","embeddable":true,"href":"https:\/\/esbozodeportivo.com\/index.php\/wp-json\/wp\/v2\/tags?post=7658"}],"curies":[{"name":"wp","href":"https:\/\/api.w.org\/{rel}","templated":true}]}}