{"id":7688,"date":"2025-05-29T23:08:56","date_gmt":"2025-05-30T05:08:56","guid":{"rendered":"https:\/\/esbozodeportivo.com\/?p=7688"},"modified":"2025-05-29T23:08:56","modified_gmt":"2025-05-30T05:08:56","slug":"tribunal-declaro-nulo-el-juicio-de-maradona","status":"publish","type":"post","link":"https:\/\/esbozodeportivo.com\/index.php\/2025\/05\/29\/tribunal-declaro-nulo-el-juicio-de-maradona\/","title":{"rendered":"Tribunal declar\u00f3 nulo el juicio de Maradona"},"content":{"rendered":"\n<p>(Foto: Agencias) <\/p>\n\n\n\n<p>En medio de uno de los mayores esc\u00e1ndalos de la historia judicial de <strong>Argentina<\/strong>, un tribunal declar\u00f3 el jueves la nulidad del juicio que intentaba determinar las circunstancias del fallecimiento de <strong>Diego Maradona<\/strong> en 2020 y que ten\u00eda a siete profesionales de la salud acusados de haber descuidado la salud del \u00eddolo futbol\u00edstico.<\/p>\n\n\n\n<p>Luego de un giro dram\u00e1tico del proceso en los \u00faltimos d\u00edas, el tribunal dispuso la realizaci\u00f3n de uno nuevo a cargo de una corte que est\u00e9 integrada por otros magistrados.<\/p>\n\n\n\n<p>La anulaci\u00f3n se precipit\u00f3 cuando trascendi\u00f3 que una jueza del tribunal que llevaba adelante el debate desde hace m\u00e1s de dos meses particip\u00f3 en un documental no autorizado sobre el proceso.<\/p>\n\n\n\n<p>En un hecho sin precedentes, la jueza <strong>Julieta Makintach<\/strong> fue apartada el martes del tribunal de <strong>San Isidro<\/strong>, en las afueras de <strong>Buenos Aires<\/strong>, a cargo del juicio por el que ya hab\u00edan pasado m\u00e1s de 40 testigos y hab\u00eda generado una gran expectaci\u00f3n a nivel mundial.<\/p>\n\n\n\n<p><strong>Maximiliano Savarino y Ver\u00f3nica Di Tommaso<\/strong>, sus colegas en el tribunal, dieron a conocer la decisi\u00f3n de anular el proceso en una audiencia realizada el jueves en la que estaban presentes los acusados y familiares de <strong>Maradona<\/strong>; <strong>Gianinna y Dalma Maradona<\/strong>, dos de las hijas del astro, estaban rotas en llanto.<\/p>\n\n\n\n<p>Los magistrados dijeron que no correspond\u00eda hacer lugar a que el proceso siguiera con ellos en la corte y con un juez reemplazante de <strong>Makintach<\/strong>. Entendieron que se deb\u00eda \u201csortear otro tribunal\u201d y garantizar que los acusados sean juzgados en un plazo razonable.<\/p>\n\n\n\n<p>Se espera que una instancia judicial superior de la provincia de <strong>Buenos Aires<\/strong> lleve a cabo el sorteo para la conformaci\u00f3n del nuevo tribunal con tres jueces distintos. Implicar\u00e1 retrotraerse a cero y, entre otras medidas, reiniciar la etapa de ofrecimiento de pruebas y testigos, confirmar que los jueces designados son id\u00f3neos y fijar fecha para el nuevo proceso.<\/p>\n\n\n\n<p>\u201cConstituye una decisi\u00f3n ingrata proceder a la nulidad informada&#8230;la \u00fanica persona responsable es la jueza recusada\u201d, dijo <strong>Savarino<\/strong>. A\u00f1adi\u00f3 que la conducta que exhibi\u00f3 <strong>Makintach<\/strong> \u201cprovoc\u00f3 un perjuicio para las partes acusadoras y para las defensas\u201d.<\/p>\n\n\n\n<p>Tras conocer que debe comenzar un nuevo juicio, <strong>Ver\u00f3nica Ojeda<\/strong>, madre de <strong>Dieguito Maradona<\/strong> \u2014hijo del \u00eddolo futbol\u00edstico\u2014 dijo a periodistas que espera que derive \u201cen algo limpio, correcto, porque es un bochorno, todo el mundo est\u00e1 hablando de esto\u201d.<\/p>\n\n\n\n<p>\u201cS\u00e9 que tenemos que declarar de cero, y si tengo que declarar cien veces m\u00e1s lo voy a hacer&#8230;quiero justicia para que el dia de ma\u00f1ana, cuando <strong>Dieguito<\/strong> sea grande, pueda estar en paz\u201d, dijo <strong>Ojeda<\/strong>, querellante en la causa.<\/p>\n\n\n\n<p>El juicio buscaba determinar las circunstancias del fallecimiento de <strong>Maradona <\/strong>por un ataque cardiaco el 25 de noviembre de 2020 a los 60 a\u00f1os, durante una internaci\u00f3n domiciliaria en una casa alquilada en las afueras de la capital. Ah\u00ed buscaba recuperarse de una cirug\u00eda a la que se hab\u00eda sometido dos semanas antes en una cl\u00ednica privada para remover un hematoma subdural en su cabeza.<\/p>\n\n\n\n<p>La fiscal\u00eda considera que, durante la internaci\u00f3n en la vivienda, los siete profesionales acusados no cuidaron adecuadamente de la salud del capit\u00e1n de la selecci\u00f3n argentina que conquist\u00f3 el <strong>Mundial de 1986<\/strong>.<\/p>\n\n\n\n<p><\/p>\n","protected":false},"excerpt":{"rendered":"<p>(Foto: Agencias) En medio de uno de los mayores esc\u00e1ndalos de la historia judicial de<\/p>\n","protected":false},"author":4,"featured_media":7679,"comment_status":"closed","ping_status":"open","sticky":false,"template":"","format":"standard","meta":{"_jetpack_memberships_contains_paid_content":false,"footnotes":""},"categories":[14],"tags":[],"class_list":["post-7688","post","type-post","status-publish","format-standard","has-post-thumbnail","hentry","category-futbol"],"yoast_head":"<!-- This site is optimized with the Yoast SEO plugin v25.7 - https:\/\/yoast.com\/wordpress\/plugins\/seo\/ -->\n<title>Tribunal declar\u00f3 nulo el juicio de Maradona - Esbozo Deportivo<\/title>\n<meta name=\"description\" content=\"En medio de uno de los mayores esc\u00e1ndalos de la historia judicial de Argentina, un tribunal declar\u00f3 el jueves la nulidad del juicio que intentaba determinar las circunstancias del fallecimiento de Diego Maradona en 2020 y que ten\u00eda a siete profesionales de la salud acusados de haber descuidado la salud del \u00eddolo futbol\u00edstico.\" \/>\n<meta name=\"robots\" content=\"index, follow, max-snippet:-1, max-image-preview:large, max-video-preview:-1\" \/>\n<link rel=\"canonical\" href=\"https:\/\/esbozodeportivo.com\/index.php\/2025\/05\/29\/tribunal-declaro-nulo-el-juicio-de-maradona\/\" \/>\n<meta property=\"og:locale\" content=\"es_MX\" \/>\n<meta property=\"og:type\" content=\"article\" \/>\n<meta property=\"og:title\" content=\"Tribunal declar\u00f3 nulo el juicio de Maradona - Esbozo Deportivo\" \/>\n<meta property=\"og:description\" content=\"En medio de uno de los mayores esc\u00e1ndalos de la historia judicial de Argentina, un tribunal declar\u00f3 el jueves la nulidad del juicio que intentaba determinar las circunstancias del fallecimiento de Diego Maradona en 2020 y que ten\u00eda a siete profesionales de la salud acusados de haber descuidado la salud del \u00eddolo futbol\u00edstico.\" \/>\n<meta property=\"og:url\" content=\"https:\/\/esbozodeportivo.com\/index.php\/2025\/05\/29\/tribunal-declaro-nulo-el-juicio-de-maradona\/\" \/>\n<meta property=\"og:site_name\" content=\"Esbozo Deportivo\" \/>\n<meta property=\"article:published_time\" content=\"2025-05-30T05:08:56+00:00\" \/>\n<meta property=\"og:image\" content=\"https:\/\/esbozodeportivo.com\/wp-content\/uploads\/2025\/05\/Maradona.jpg\" \/>\n\t<meta property=\"og:image:width\" content=\"1440\" \/>\n\t<meta property=\"og:image:height\" content=\"960\" \/>\n\t<meta property=\"og:image:type\" content=\"image\/jpeg\" \/>\n<meta name=\"author\" content=\"Redacci\u00f3n\" \/>\n<meta name=\"twitter:card\" content=\"summary_large_image\" \/>\n<meta name=\"twitter:label1\" content=\"Escrito por\" \/>\n\t<meta name=\"twitter:data1\" content=\"Redacci\u00f3n\" \/>\n\t<meta name=\"twitter:label2\" content=\"Tiempo de lectura\" \/>\n\t<meta name=\"twitter:data2\" content=\"3 minutos\" \/>\n<script type=\"application\/ld+json\" class=\"yoast-schema-graph\">{\"@context\":\"https:\/\/schema.org\",\"@graph\":[{\"@type\":\"Article\",\"@id\":\"https:\/\/esbozodeportivo.com\/index.php\/2025\/05\/29\/tribunal-declaro-nulo-el-juicio-de-maradona\/#article\",\"isPartOf\":{\"@id\":\"https:\/\/esbozodeportivo.com\/index.php\/2025\/05\/29\/tribunal-declaro-nulo-el-juicio-de-maradona\/\"},\"author\":{\"name\":\"Redacci\u00f3n\",\"@id\":\"https:\/\/esbozodeportivo.com\/#\/schema\/person\/0f6df9196dfe6740dd0bb31bae50d374\"},\"headline\":\"Tribunal declar\u00f3 nulo el juicio de Maradona\",\"datePublished\":\"2025-05-30T05:08:56+00:00\",\"mainEntityOfPage\":{\"@id\":\"https:\/\/esbozodeportivo.com\/index.php\/2025\/05\/29\/tribunal-declaro-nulo-el-juicio-de-maradona\/\"},\"wordCount\":565,\"publisher\":{\"@id\":\"https:\/\/esbozodeportivo.com\/#organization\"},\"image\":{\"@id\":\"https:\/\/esbozodeportivo.com\/index.php\/2025\/05\/29\/tribunal-declaro-nulo-el-juicio-de-maradona\/#primaryimage\"},\"thumbnailUrl\":\"https:\/\/esbozodeportivo.com\/wp-content\/uploads\/2025\/05\/Maradona.jpg\",\"articleSection\":[\"Futbol Internacional\"],\"inLanguage\":\"es\"},{\"@type\":\"WebPage\",\"@id\":\"https:\/\/esbozodeportivo.com\/index.php\/2025\/05\/29\/tribunal-declaro-nulo-el-juicio-de-maradona\/\",\"url\":\"https:\/\/esbozodeportivo.com\/index.php\/2025\/05\/29\/tribunal-declaro-nulo-el-juicio-de-maradona\/\",\"name\":\"Tribunal declar\u00f3 nulo el juicio de Maradona - Esbozo Deportivo\",\"isPartOf\":{\"@id\":\"https:\/\/esbozodeportivo.com\/#website\"},\"primaryImageOfPage\":{\"@id\":\"https:\/\/esbozodeportivo.com\/index.php\/2025\/05\/29\/tribunal-declaro-nulo-el-juicio-de-maradona\/#primaryimage\"},\"image\":{\"@id\":\"https:\/\/esbozodeportivo.com\/index.php\/2025\/05\/29\/tribunal-declaro-nulo-el-juicio-de-maradona\/#primaryimage\"},\"thumbnailUrl\":\"https:\/\/esbozodeportivo.com\/wp-content\/uploads\/2025\/05\/Maradona.jpg\",\"datePublished\":\"2025-05-30T05:08:56+00:00\",\"description\":\"En medio de uno de los mayores esc\u00e1ndalos de la historia judicial de Argentina, un tribunal declar\u00f3 el jueves la nulidad del juicio que intentaba determinar las circunstancias del fallecimiento de Diego Maradona en 2020 y que ten\u00eda a siete profesionales de la salud acusados de haber descuidado la salud del \u00eddolo futbol\u00edstico.\",\"breadcrumb\":{\"@id\":\"https:\/\/esbozodeportivo.com\/index.php\/2025\/05\/29\/tribunal-declaro-nulo-el-juicio-de-maradona\/#breadcrumb\"},\"inLanguage\":\"es\",\"potentialAction\":[{\"@type\":\"ReadAction\",\"target\":[\"https:\/\/esbozodeportivo.com\/index.php\/2025\/05\/29\/tribunal-declaro-nulo-el-juicio-de-maradona\/\"]}]},{\"@type\":\"ImageObject\",\"inLanguage\":\"es\",\"@id\":\"https:\/\/esbozodeportivo.com\/index.php\/2025\/05\/29\/tribunal-declaro-nulo-el-juicio-de-maradona\/#primaryimage\",\"url\":\"https:\/\/esbozodeportivo.com\/wp-content\/uploads\/2025\/05\/Maradona.jpg\",\"contentUrl\":\"https:\/\/esbozodeportivo.com\/wp-content\/uploads\/2025\/05\/Maradona.jpg\",\"width\":1440,\"height\":960},{\"@type\":\"BreadcrumbList\",\"@id\":\"https:\/\/esbozodeportivo.com\/index.php\/2025\/05\/29\/tribunal-declaro-nulo-el-juicio-de-maradona\/#breadcrumb\",\"itemListElement\":[{\"@type\":\"ListItem\",\"position\":1,\"name\":\"Inicio\",\"item\":\"https:\/\/esbozodeportivo.com\/\"},{\"@type\":\"ListItem\",\"position\":2,\"name\":\"Tribunal declar\u00f3 nulo el juicio de Maradona\"}]},{\"@type\":\"WebSite\",\"@id\":\"https:\/\/esbozodeportivo.com\/#website\",\"url\":\"https:\/\/esbozodeportivo.com\/\",\"name\":\"Esbozo Deportivo\",\"description\":\"Lo m\u00e1s importante del Deporte\",\"publisher\":{\"@id\":\"https:\/\/esbozodeportivo.com\/#organization\"},\"potentialAction\":[{\"@type\":\"SearchAction\",\"target\":{\"@type\":\"EntryPoint\",\"urlTemplate\":\"https:\/\/esbozodeportivo.com\/?s={search_term_string}\"},\"query-input\":{\"@type\":\"PropertyValueSpecification\",\"valueRequired\":true,\"valueName\":\"search_term_string\"}}],\"inLanguage\":\"es\"},{\"@type\":\"Organization\",\"@id\":\"https:\/\/esbozodeportivo.com\/#organization\",\"name\":\"Esbozo Deportivo\",\"url\":\"https:\/\/esbozodeportivo.com\/\",\"logo\":{\"@type\":\"ImageObject\",\"inLanguage\":\"es\",\"@id\":\"https:\/\/esbozodeportivo.com\/#\/schema\/logo\/image\/\",\"url\":\"https:\/\/esbozodeportivo.com\/wp-content\/uploads\/2022\/08\/cropped-Logo-Esbozo-Web-2.png\",\"contentUrl\":\"https:\/\/esbozodeportivo.com\/wp-content\/uploads\/2022\/08\/cropped-Logo-Esbozo-Web-2.png\",\"width\":180,\"height\":50,\"caption\":\"Esbozo Deportivo\"},\"image\":{\"@id\":\"https:\/\/esbozodeportivo.com\/#\/schema\/logo\/image\/\"}},{\"@type\":\"Person\",\"@id\":\"https:\/\/esbozodeportivo.com\/#\/schema\/person\/0f6df9196dfe6740dd0bb31bae50d374\",\"name\":\"Redacci\u00f3n\",\"image\":{\"@type\":\"ImageObject\",\"inLanguage\":\"es\",\"@id\":\"https:\/\/esbozodeportivo.com\/#\/schema\/person\/image\/\",\"url\":\"https:\/\/secure.gravatar.com\/avatar\/f55268a89c3b418f2ef172ff52ab0d09b3e653c58de29539fe329fb93d78ebf3?s=96&d=mm&r=g\",\"contentUrl\":\"https:\/\/secure.gravatar.com\/avatar\/f55268a89c3b418f2ef172ff52ab0d09b3e653c58de29539fe329fb93d78ebf3?s=96&d=mm&r=g\",\"caption\":\"Redacci\u00f3n\"},\"url\":\"https:\/\/esbozodeportivo.com\/index.php\/author\/redaccion\/\"}]}<\/script>\n<!-- \/ Yoast SEO plugin. -->","yoast_head_json":{"title":"Tribunal declar\u00f3 nulo el juicio de Maradona - Esbozo Deportivo","description":"En medio de uno de los mayores esc\u00e1ndalos de la historia judicial de Argentina, un tribunal declar\u00f3 el jueves la nulidad del juicio que intentaba determinar las circunstancias del fallecimiento de Diego Maradona en 2020 y que ten\u00eda a siete profesionales de la salud acusados de haber descuidado la salud del \u00eddolo futbol\u00edstico.","robots":{"index":"index","follow":"follow","max-snippet":"max-snippet:-1","max-image-preview":"max-image-preview:large","max-video-preview":"max-video-preview:-1"},"canonical":"https:\/\/esbozodeportivo.com\/index.php\/2025\/05\/29\/tribunal-declaro-nulo-el-juicio-de-maradona\/","og_locale":"es_MX","og_type":"article","og_title":"Tribunal declar\u00f3 nulo el juicio de Maradona - Esbozo Deportivo","og_description":"En medio de uno de los mayores esc\u00e1ndalos de la historia judicial de Argentina, un tribunal declar\u00f3 el jueves la nulidad del juicio que intentaba determinar las circunstancias del fallecimiento de Diego Maradona en 2020 y que ten\u00eda a siete profesionales de la salud acusados de haber descuidado la salud del \u00eddolo futbol\u00edstico.","og_url":"https:\/\/esbozodeportivo.com\/index.php\/2025\/05\/29\/tribunal-declaro-nulo-el-juicio-de-maradona\/","og_site_name":"Esbozo Deportivo","article_published_time":"2025-05-30T05:08:56+00:00","og_image":[{"width":1440,"height":960,"url":"https:\/\/esbozodeportivo.com\/wp-content\/uploads\/2025\/05\/Maradona.jpg","type":"image\/jpeg"}],"author":"Redacci\u00f3n","twitter_card":"summary_large_image","twitter_misc":{"Escrito por":"Redacci\u00f3n","Tiempo de lectura":"3 minutos"},"schema":{"@context":"https:\/\/schema.org","@graph":[{"@type":"Article","@id":"https:\/\/esbozodeportivo.com\/index.php\/2025\/05\/29\/tribunal-declaro-nulo-el-juicio-de-maradona\/#article","isPartOf":{"@id":"https:\/\/esbozodeportivo.com\/index.php\/2025\/05\/29\/tribunal-declaro-nulo-el-juicio-de-maradona\/"},"author":{"name":"Redacci\u00f3n","@id":"https:\/\/esbozodeportivo.com\/#\/schema\/person\/0f6df9196dfe6740dd0bb31bae50d374"},"headline":"Tribunal declar\u00f3 nulo el juicio de Maradona","datePublished":"2025-05-30T05:08:56+00:00","mainEntityOfPage":{"@id":"https:\/\/esbozodeportivo.com\/index.php\/2025\/05\/29\/tribunal-declaro-nulo-el-juicio-de-maradona\/"},"wordCount":565,"publisher":{"@id":"https:\/\/esbozodeportivo.com\/#organization"},"image":{"@id":"https:\/\/esbozodeportivo.com\/index.php\/2025\/05\/29\/tribunal-declaro-nulo-el-juicio-de-maradona\/#primaryimage"},"thumbnailUrl":"https:\/\/esbozodeportivo.com\/wp-content\/uploads\/2025\/05\/Maradona.jpg","articleSection":["Futbol Internacional"],"inLanguage":"es"},{"@type":"WebPage","@id":"https:\/\/esbozodeportivo.com\/index.php\/2025\/05\/29\/tribunal-declaro-nulo-el-juicio-de-maradona\/","url":"https:\/\/esbozodeportivo.com\/index.php\/2025\/05\/29\/tribunal-declaro-nulo-el-juicio-de-maradona\/","name":"Tribunal declar\u00f3 nulo el juicio de Maradona - Esbozo Deportivo","isPartOf":{"@id":"https:\/\/esbozodeportivo.com\/#website"},"primaryImageOfPage":{"@id":"https:\/\/esbozodeportivo.com\/index.php\/2025\/05\/29\/tribunal-declaro-nulo-el-juicio-de-maradona\/#primaryimage"},"image":{"@id":"https:\/\/esbozodeportivo.com\/index.php\/2025\/05\/29\/tribunal-declaro-nulo-el-juicio-de-maradona\/#primaryimage"},"thumbnailUrl":"https:\/\/esbozodeportivo.com\/wp-content\/uploads\/2025\/05\/Maradona.jpg","datePublished":"2025-05-30T05:08:56+00:00","description":"En medio de uno de los mayores esc\u00e1ndalos de la historia judicial de Argentina, un tribunal declar\u00f3 el jueves la nulidad del juicio que intentaba determinar las circunstancias del fallecimiento de Diego Maradona en 2020 y que ten\u00eda a siete profesionales de la salud acusados de haber descuidado la salud del \u00eddolo futbol\u00edstico.","breadcrumb":{"@id":"https:\/\/esbozodeportivo.com\/index.php\/2025\/05\/29\/tribunal-declaro-nulo-el-juicio-de-maradona\/#breadcrumb"},"inLanguage":"es","potentialAction":[{"@type":"ReadAction","target":["https:\/\/esbozodeportivo.com\/index.php\/2025\/05\/29\/tribunal-declaro-nulo-el-juicio-de-maradona\/"]}]},{"@type":"ImageObject","inLanguage":"es","@id":"https:\/\/esbozodeportivo.com\/index.php\/2025\/05\/29\/tribunal-declaro-nulo-el-juicio-de-maradona\/#primaryimage","url":"https:\/\/esbozodeportivo.com\/wp-content\/uploads\/2025\/05\/Maradona.jpg","contentUrl":"https:\/\/esbozodeportivo.com\/wp-content\/uploads\/2025\/05\/Maradona.jpg","width":1440,"height":960},{"@type":"BreadcrumbList","@id":"https:\/\/esbozodeportivo.com\/index.php\/2025\/05\/29\/tribunal-declaro-nulo-el-juicio-de-maradona\/#breadcrumb","itemListElement":[{"@type":"ListItem","position":1,"name":"Inicio","item":"https:\/\/esbozodeportivo.com\/"},{"@type":"ListItem","position":2,"name":"Tribunal declar\u00f3 nulo el juicio de Maradona"}]},{"@type":"WebSite","@id":"https:\/\/esbozodeportivo.com\/#website","url":"https:\/\/esbozodeportivo.com\/","name":"Esbozo Deportivo","description":"Lo m\u00e1s importante del Deporte","publisher":{"@id":"https:\/\/esbozodeportivo.com\/#organization"},"potentialAction":[{"@type":"SearchAction","target":{"@type":"EntryPoint","urlTemplate":"https:\/\/esbozodeportivo.com\/?s={search_term_string}"},"query-input":{"@type":"PropertyValueSpecification","valueRequired":true,"valueName":"search_term_string"}}],"inLanguage":"es"},{"@type":"Organization","@id":"https:\/\/esbozodeportivo.com\/#organization","name":"Esbozo Deportivo","url":"https:\/\/esbozodeportivo.com\/","logo":{"@type":"ImageObject","inLanguage":"es","@id":"https:\/\/esbozodeportivo.com\/#\/schema\/logo\/image\/","url":"https:\/\/esbozodeportivo.com\/wp-content\/uploads\/2022\/08\/cropped-Logo-Esbozo-Web-2.png","contentUrl":"https:\/\/esbozodeportivo.com\/wp-content\/uploads\/2022\/08\/cropped-Logo-Esbozo-Web-2.png","width":180,"height":50,"caption":"Esbozo Deportivo"},"image":{"@id":"https:\/\/esbozodeportivo.com\/#\/schema\/logo\/image\/"}},{"@type":"Person","@id":"https:\/\/esbozodeportivo.com\/#\/schema\/person\/0f6df9196dfe6740dd0bb31bae50d374","name":"Redacci\u00f3n","image":{"@type":"ImageObject","inLanguage":"es","@id":"https:\/\/esbozodeportivo.com\/#\/schema\/person\/image\/","url":"https:\/\/secure.gravatar.com\/avatar\/f55268a89c3b418f2ef172ff52ab0d09b3e653c58de29539fe329fb93d78ebf3?s=96&d=mm&r=g","contentUrl":"https:\/\/secure.gravatar.com\/avatar\/f55268a89c3b418f2ef172ff52ab0d09b3e653c58de29539fe329fb93d78ebf3?s=96&d=mm&r=g","caption":"Redacci\u00f3n"},"url":"https:\/\/esbozodeportivo.com\/index.php\/author\/redaccion\/"}]}},"jetpack_featured_media_url":"https:\/\/esbozodeportivo.com\/wp-content\/uploads\/2025\/05\/Maradona.jpg","jetpack_sharing_enabled":true,"_links":{"self":[{"href":"https:\/\/esbozodeportivo.com\/index.php\/wp-json\/wp\/v2\/posts\/7688","targetHints":{"allow":["GET"]}}],"collection":[{"href":"https:\/\/esbozodeportivo.com\/index.php\/wp-json\/wp\/v2\/posts"}],"about":[{"href":"https:\/\/esbozodeportivo.com\/index.php\/wp-json\/wp\/v2\/types\/post"}],"author":[{"embeddable":true,"href":"https:\/\/esbozodeportivo.com\/index.php\/wp-json\/wp\/v2\/users\/4"}],"replies":[{"embeddable":true,"href":"https:\/\/esbozodeportivo.com\/index.php\/wp-json\/wp\/v2\/comments?post=7688"}],"version-history":[{"count":1,"href":"https:\/\/esbozodeportivo.com\/index.php\/wp-json\/wp\/v2\/posts\/7688\/revisions"}],"predecessor-version":[{"id":7689,"href":"https:\/\/esbozodeportivo.com\/index.php\/wp-json\/wp\/v2\/posts\/7688\/revisions\/7689"}],"wp:featuredmedia":[{"embeddable":true,"href":"https:\/\/esbozodeportivo.com\/index.php\/wp-json\/wp\/v2\/media\/7679"}],"wp:attachment":[{"href":"https:\/\/esbozodeportivo.com\/index.php\/wp-json\/wp\/v2\/media?parent=7688"}],"wp:term":[{"taxonomy":"category","embeddable":true,"href":"https:\/\/esbozodeportivo.com\/index.php\/wp-json\/wp\/v2\/categories?post=7688"},{"taxonomy":"post_tag","embeddable":true,"href":"https:\/\/esbozodeportivo.com\/index.php\/wp-json\/wp\/v2\/tags?post=7688"}],"curies":[{"name":"wp","href":"https:\/\/api.w.org\/{rel}","templated":true}]}}