{"id":7690,"date":"2025-05-29T23:14:35","date_gmt":"2025-05-30T05:14:35","guid":{"rendered":"https:\/\/esbozodeportivo.com\/?p=7690"},"modified":"2025-05-29T23:14:36","modified_gmt":"2025-05-30T05:14:36","slug":"isaac-del-toro-sigue-de-lider-en-el-giro-de-italia-luego-de-10-dias","status":"publish","type":"post","link":"https:\/\/esbozodeportivo.com\/index.php\/2025\/05\/29\/isaac-del-toro-sigue-de-lider-en-el-giro-de-italia-luego-de-10-dias\/","title":{"rendered":"Isaac Del Toro sigue de l\u00edder en el Giro de Italia luego de 10 d\u00edas"},"content":{"rendered":"\n<p>(Foto: Agencias) <\/p>\n\n\n\n<p>El l\u00edder general <strong>Isaac Del Toro<\/strong> pudo tomarse con relativa calma la 18va etapa del <strong>Giro de Italia,<\/strong> ganada por el ciclista alem\u00e1n <strong>Nico Denz<\/strong> con una escapada en solitario.<\/p>\n\n\n\n<p><strong>Del Toro<\/strong>, el primer ciclista mexicano en vestir la maglia rosa, cruz\u00f3 la meta dentro del pelot\u00f3n principal tras la ruta de 144 kil\u00f3metros (89 millas) desde <strong>Morbegno <\/strong>hasta <strong>Cesano Maderno<\/strong>. El tramo incluy\u00f3 tres ascensos de poca exigencia al principio antes de un final relativamente plano.<\/p>\n\n\n\n<p>El mexicano suma 10 d\u00edas con el su\u00e9ter rosa de l\u00edder general.<\/p>\n\n\n\n<p>Los pr\u00f3ximos dos d\u00edas probablemente ser\u00e1n mucho m\u00e1s dif\u00edciles para <strong>Del Toro<\/strong>, con agotadoras etapas de monta\u00f1a consecutivas antes del final mayormente ceremonial el domingo en <strong>Roma<\/strong>.<\/p>\n\n\n\n<p>Por ahora, <strong>Del Toro<\/strong> mantuvo su ventaja de 41 segundos sobre el ecuatoriano <strong>Richard Carapaz<\/strong>, campe\u00f3n de la edici\u00f3n de 2019. El brit\u00e1nico <strong>Simon Yates<\/strong> marcha tercero, 51 segundos detr\u00e1s.<\/p>\n\n\n\n<figure class=\"wp-block-image size-large\"><img loading=\"lazy\" decoding=\"async\" width=\"819\" height=\"1024\" src=\"https:\/\/esbozodeportivo.com\/wp-content\/uploads\/2025\/05\/Del-Toro2-3-819x1024.jpg\" alt=\"\" class=\"wp-image-7673\" srcset=\"https:\/\/esbozodeportivo.com\/wp-content\/uploads\/2025\/05\/Del-Toro2-3-819x1024.jpg 819w, https:\/\/esbozodeportivo.com\/wp-content\/uploads\/2025\/05\/Del-Toro2-3-240x300.jpg 240w, https:\/\/esbozodeportivo.com\/wp-content\/uploads\/2025\/05\/Del-Toro2-3-768x960.jpg 768w, https:\/\/esbozodeportivo.com\/wp-content\/uploads\/2025\/05\/Del-Toro2-3-1229x1536.jpg 1229w, https:\/\/esbozodeportivo.com\/wp-content\/uploads\/2025\/05\/Del-Toro2-3-1024x1280.jpg 1024w, https:\/\/esbozodeportivo.com\/wp-content\/uploads\/2025\/05\/Del-Toro2-3.jpg 1280w\" sizes=\"auto, (max-width: 819px) 100vw, 819px\" \/><\/figure>\n\n\n\n<p>(Foto: UAE Team Cortes\u00eda) <\/p>\n\n\n\n<p>\u201cNo s\u00e9 cu\u00e1l ser\u00e1 la situaci\u00f3n. No puedo predecir el futuro\u201d, dijo <strong>Del Toro<\/strong>. \u201cPero, por supuesto, si puedo mantenerme con el grupo de la general, y m\u00e1s o menos todo bajo control con el equipo, estar\u00e9 lo suficientemente feliz\u201d.<\/p>\n\n\n\n<p>\u201cEspero estar mentalmente preparado\u201d, a\u00f1adi\u00f3 el mexicano de 21 a\u00f1os.<\/p>\n\n\n\n<p>El espa\u00f1ol <strong>Juan Ayuso<\/strong>, compa\u00f1ero de equipo de <strong>Del Toro<\/strong> en el <strong>UAE Emirates<\/strong>, abandon\u00f3 la carrera al principio de la etapa despu\u00e9s de sufrir durante d\u00edas. Entre los favoritos al t\u00edtulo antes de la carrera, Ayuso se encontraba en el 26to puesto, casi 50 minutos detr\u00e1s de <strong>Del Toro<\/strong>, y padec\u00eda una dolencia en la rodilla y una picadura de abeja.<\/p>\n\n\n\n<p>\u201cObviamente no es as\u00ed como quer\u00eda que terminara mi <strong>Giro<\/strong> pero hay cosas que est\u00e1n fuera de mi control\u201d, dijo Ayuso en un comunicado difundido por el equipo. \u201cLes deseo lo mejor a los chicos y espero que Isaac pueda mantener el color rosa hasta <strong>Roma<\/strong>\u201d.<\/p>\n\n\n\n<p><strong>Denz<\/strong> logr\u00f3 su tercera victoria de etapa en el <strong>Giro<\/strong>. Tambi\u00e9n gan\u00f3 dos etapas en 2023.<\/p>\n\n\n\n<figure class=\"wp-block-image size-large\"><img loading=\"lazy\" decoding=\"async\" width=\"819\" height=\"1024\" src=\"https:\/\/esbozodeportivo.com\/wp-content\/uploads\/2025\/05\/Del-Toro1-4-819x1024.jpg\" alt=\"\" class=\"wp-image-7672\" srcset=\"https:\/\/esbozodeportivo.com\/wp-content\/uploads\/2025\/05\/Del-Toro1-4-819x1024.jpg 819w, https:\/\/esbozodeportivo.com\/wp-content\/uploads\/2025\/05\/Del-Toro1-4-240x300.jpg 240w, https:\/\/esbozodeportivo.com\/wp-content\/uploads\/2025\/05\/Del-Toro1-4-768x960.jpg 768w, https:\/\/esbozodeportivo.com\/wp-content\/uploads\/2025\/05\/Del-Toro1-4-1229x1536.jpg 1229w, https:\/\/esbozodeportivo.com\/wp-content\/uploads\/2025\/05\/Del-Toro1-4-1024x1280.jpg 1024w, https:\/\/esbozodeportivo.com\/wp-content\/uploads\/2025\/05\/Del-Toro1-4.jpg 1280w\" sizes=\"auto, (max-width: 819px) 100vw, 819px\" \/><\/figure>\n\n\n\n<p>(Foto: UAE Team Cortes\u00eda) <\/p>\n\n\n\n<p>Las pr\u00f3ximas dos etapas est\u00e1n calificadas con cinco estrellas por su m\u00e1xima dificultad.<\/p>\n\n\n\n<p>La 19a el viernes cubrir\u00e1 166 kil\u00f3metros (103 millas) entre <strong>Biella y Champoluc<\/strong>, con cinco ascensos antes de un corto descenso hacia la meta.<\/p>\n\n\n\n<p>Luego, la pen\u00faltima etapa el s\u00e1bado, los corredores afrontar\u00e1n un tramo de 205 kil\u00f3metros (127 millas) desde <strong>Verres<\/strong> hasta <strong>Sestriere<\/strong> que presenta el ascenso fuera de categor\u00eda en un camino de grava hacia el <strong>Colle<\/strong> delle <strong>Finestre<\/strong>, donde el audaz ataque de <strong>Chris Froome<\/strong> en 2018 le vali\u00f3 el t\u00edtulo.<\/p>\n\n\n\n<figure class=\"wp-block-image size-large\"><img loading=\"lazy\" decoding=\"async\" width=\"819\" height=\"1024\" src=\"https:\/\/esbozodeportivo.com\/wp-content\/uploads\/2025\/05\/Del-Toro-6-819x1024.jpg\" alt=\"\" class=\"wp-image-7671\" srcset=\"https:\/\/esbozodeportivo.com\/wp-content\/uploads\/2025\/05\/Del-Toro-6-819x1024.jpg 819w, https:\/\/esbozodeportivo.com\/wp-content\/uploads\/2025\/05\/Del-Toro-6-240x300.jpg 240w, https:\/\/esbozodeportivo.com\/wp-content\/uploads\/2025\/05\/Del-Toro-6-768x960.jpg 768w, https:\/\/esbozodeportivo.com\/wp-content\/uploads\/2025\/05\/Del-Toro-6-1229x1536.jpg 1229w, https:\/\/esbozodeportivo.com\/wp-content\/uploads\/2025\/05\/Del-Toro-6-1024x1280.jpg 1024w, https:\/\/esbozodeportivo.com\/wp-content\/uploads\/2025\/05\/Del-Toro-6.jpg 1280w\" sizes=\"auto, (max-width: 819px) 100vw, 819px\" \/><\/figure>\n\n\n\n<p>(Foto: UAE Team Cortes\u00eda) <\/p>\n\n\n\n<p><\/p>\n","protected":false},"excerpt":{"rendered":"<p>(Foto: Agencias) El l\u00edder general Isaac Del Toro pudo tomarse con relativa calma la 18va<\/p>\n","protected":false},"author":4,"featured_media":7674,"comment_status":"closed","ping_status":"open","sticky":false,"template":"","format":"standard","meta":{"_jetpack_memberships_contains_paid_content":false,"footnotes":""},"categories":[86],"tags":[],"class_list":["post-7690","post","type-post","status-publish","format-standard","has-post-thumbnail","hentry","category-giro-de-italia"],"yoast_head":"<!-- This site is optimized with the Yoast SEO plugin v25.7 - https:\/\/yoast.com\/wordpress\/plugins\/seo\/ -->\n<title>Isaac Del Toro sigue de l\u00edder en el Giro de Italia luego de 10 d\u00edas - Esbozo Deportivo<\/title>\n<meta name=\"description\" content=\"Del Toro, el primer ciclista mexicano en vestir la maglia rosa, cruz\u00f3 la meta dentro del pelot\u00f3n principal tras la ruta de 144 kil\u00f3metros (89 millas) desde Morbegno hasta Cesano Maderno. El tramo incluy\u00f3 tres ascensos de poca exigencia al principio antes de un final relativamente plano.\" \/>\n<meta name=\"robots\" content=\"index, follow, max-snippet:-1, max-image-preview:large, max-video-preview:-1\" \/>\n<link rel=\"canonical\" href=\"https:\/\/esbozodeportivo.com\/index.php\/2025\/05\/29\/isaac-del-toro-sigue-de-lider-en-el-giro-de-italia-luego-de-10-dias\/\" \/>\n<meta property=\"og:locale\" content=\"es_MX\" \/>\n<meta property=\"og:type\" content=\"article\" \/>\n<meta property=\"og:title\" content=\"Isaac Del Toro sigue de l\u00edder en el Giro de Italia luego de 10 d\u00edas - Esbozo Deportivo\" \/>\n<meta property=\"og:description\" content=\"Del Toro, el primer ciclista mexicano en vestir la maglia rosa, cruz\u00f3 la meta dentro del pelot\u00f3n principal tras la ruta de 144 kil\u00f3metros (89 millas) desde Morbegno hasta Cesano Maderno. El tramo incluy\u00f3 tres ascensos de poca exigencia al principio antes de un final relativamente plano.\" \/>\n<meta property=\"og:url\" content=\"https:\/\/esbozodeportivo.com\/index.php\/2025\/05\/29\/isaac-del-toro-sigue-de-lider-en-el-giro-de-italia-luego-de-10-dias\/\" \/>\n<meta property=\"og:site_name\" content=\"Esbozo Deportivo\" \/>\n<meta property=\"article:published_time\" content=\"2025-05-30T05:14:35+00:00\" \/>\n<meta property=\"article:modified_time\" content=\"2025-05-30T05:14:36+00:00\" \/>\n<meta property=\"og:image\" content=\"https:\/\/esbozodeportivo.com\/wp-content\/uploads\/2025\/05\/Del-Toro3-4.jpg\" \/>\n\t<meta property=\"og:image:width\" content=\"1440\" \/>\n\t<meta property=\"og:image:height\" content=\"961\" \/>\n\t<meta property=\"og:image:type\" content=\"image\/jpeg\" \/>\n<meta name=\"author\" content=\"Redacci\u00f3n\" \/>\n<meta name=\"twitter:card\" content=\"summary_large_image\" \/>\n<meta name=\"twitter:label1\" content=\"Escrito por\" \/>\n\t<meta name=\"twitter:data1\" content=\"Redacci\u00f3n\" \/>\n\t<meta name=\"twitter:label2\" content=\"Tiempo de lectura\" \/>\n\t<meta name=\"twitter:data2\" content=\"3 minutos\" \/>\n<script type=\"application\/ld+json\" class=\"yoast-schema-graph\">{\"@context\":\"https:\/\/schema.org\",\"@graph\":[{\"@type\":\"Article\",\"@id\":\"https:\/\/esbozodeportivo.com\/index.php\/2025\/05\/29\/isaac-del-toro-sigue-de-lider-en-el-giro-de-italia-luego-de-10-dias\/#article\",\"isPartOf\":{\"@id\":\"https:\/\/esbozodeportivo.com\/index.php\/2025\/05\/29\/isaac-del-toro-sigue-de-lider-en-el-giro-de-italia-luego-de-10-dias\/\"},\"author\":{\"name\":\"Redacci\u00f3n\",\"@id\":\"https:\/\/esbozodeportivo.com\/#\/schema\/person\/0f6df9196dfe6740dd0bb31bae50d374\"},\"headline\":\"Isaac Del Toro sigue de l\u00edder en el Giro de Italia luego de 10 d\u00edas\",\"datePublished\":\"2025-05-30T05:14:35+00:00\",\"dateModified\":\"2025-05-30T05:14:36+00:00\",\"mainEntityOfPage\":{\"@id\":\"https:\/\/esbozodeportivo.com\/index.php\/2025\/05\/29\/isaac-del-toro-sigue-de-lider-en-el-giro-de-italia-luego-de-10-dias\/\"},\"wordCount\":468,\"publisher\":{\"@id\":\"https:\/\/esbozodeportivo.com\/#organization\"},\"image\":{\"@id\":\"https:\/\/esbozodeportivo.com\/index.php\/2025\/05\/29\/isaac-del-toro-sigue-de-lider-en-el-giro-de-italia-luego-de-10-dias\/#primaryimage\"},\"thumbnailUrl\":\"https:\/\/esbozodeportivo.com\/wp-content\/uploads\/2025\/05\/Del-Toro3-4.jpg\",\"articleSection\":[\"Giro de Italia\"],\"inLanguage\":\"es\"},{\"@type\":\"WebPage\",\"@id\":\"https:\/\/esbozodeportivo.com\/index.php\/2025\/05\/29\/isaac-del-toro-sigue-de-lider-en-el-giro-de-italia-luego-de-10-dias\/\",\"url\":\"https:\/\/esbozodeportivo.com\/index.php\/2025\/05\/29\/isaac-del-toro-sigue-de-lider-en-el-giro-de-italia-luego-de-10-dias\/\",\"name\":\"Isaac Del Toro sigue de l\u00edder en el Giro de Italia luego de 10 d\u00edas - Esbozo Deportivo\",\"isPartOf\":{\"@id\":\"https:\/\/esbozodeportivo.com\/#website\"},\"primaryImageOfPage\":{\"@id\":\"https:\/\/esbozodeportivo.com\/index.php\/2025\/05\/29\/isaac-del-toro-sigue-de-lider-en-el-giro-de-italia-luego-de-10-dias\/#primaryimage\"},\"image\":{\"@id\":\"https:\/\/esbozodeportivo.com\/index.php\/2025\/05\/29\/isaac-del-toro-sigue-de-lider-en-el-giro-de-italia-luego-de-10-dias\/#primaryimage\"},\"thumbnailUrl\":\"https:\/\/esbozodeportivo.com\/wp-content\/uploads\/2025\/05\/Del-Toro3-4.jpg\",\"datePublished\":\"2025-05-30T05:14:35+00:00\",\"dateModified\":\"2025-05-30T05:14:36+00:00\",\"description\":\"Del Toro, el primer ciclista mexicano en vestir la maglia rosa, cruz\u00f3 la meta dentro del pelot\u00f3n principal tras la ruta de 144 kil\u00f3metros (89 millas) desde Morbegno hasta Cesano Maderno. El tramo incluy\u00f3 tres ascensos de poca exigencia al principio antes de un final relativamente plano.\",\"breadcrumb\":{\"@id\":\"https:\/\/esbozodeportivo.com\/index.php\/2025\/05\/29\/isaac-del-toro-sigue-de-lider-en-el-giro-de-italia-luego-de-10-dias\/#breadcrumb\"},\"inLanguage\":\"es\",\"potentialAction\":[{\"@type\":\"ReadAction\",\"target\":[\"https:\/\/esbozodeportivo.com\/index.php\/2025\/05\/29\/isaac-del-toro-sigue-de-lider-en-el-giro-de-italia-luego-de-10-dias\/\"]}]},{\"@type\":\"ImageObject\",\"inLanguage\":\"es\",\"@id\":\"https:\/\/esbozodeportivo.com\/index.php\/2025\/05\/29\/isaac-del-toro-sigue-de-lider-en-el-giro-de-italia-luego-de-10-dias\/#primaryimage\",\"url\":\"https:\/\/esbozodeportivo.com\/wp-content\/uploads\/2025\/05\/Del-Toro3-4.jpg\",\"contentUrl\":\"https:\/\/esbozodeportivo.com\/wp-content\/uploads\/2025\/05\/Del-Toro3-4.jpg\",\"width\":1440,\"height\":961},{\"@type\":\"BreadcrumbList\",\"@id\":\"https:\/\/esbozodeportivo.com\/index.php\/2025\/05\/29\/isaac-del-toro-sigue-de-lider-en-el-giro-de-italia-luego-de-10-dias\/#breadcrumb\",\"itemListElement\":[{\"@type\":\"ListItem\",\"position\":1,\"name\":\"Inicio\",\"item\":\"https:\/\/esbozodeportivo.com\/\"},{\"@type\":\"ListItem\",\"position\":2,\"name\":\"Isaac Del Toro sigue de l\u00edder en el Giro de Italia luego de 10 d\u00edas\"}]},{\"@type\":\"WebSite\",\"@id\":\"https:\/\/esbozodeportivo.com\/#website\",\"url\":\"https:\/\/esbozodeportivo.com\/\",\"name\":\"Esbozo Deportivo\",\"description\":\"Lo m\u00e1s importante del Deporte\",\"publisher\":{\"@id\":\"https:\/\/esbozodeportivo.com\/#organization\"},\"potentialAction\":[{\"@type\":\"SearchAction\",\"target\":{\"@type\":\"EntryPoint\",\"urlTemplate\":\"https:\/\/esbozodeportivo.com\/?s={search_term_string}\"},\"query-input\":{\"@type\":\"PropertyValueSpecification\",\"valueRequired\":true,\"valueName\":\"search_term_string\"}}],\"inLanguage\":\"es\"},{\"@type\":\"Organization\",\"@id\":\"https:\/\/esbozodeportivo.com\/#organization\",\"name\":\"Esbozo Deportivo\",\"url\":\"https:\/\/esbozodeportivo.com\/\",\"logo\":{\"@type\":\"ImageObject\",\"inLanguage\":\"es\",\"@id\":\"https:\/\/esbozodeportivo.com\/#\/schema\/logo\/image\/\",\"url\":\"https:\/\/esbozodeportivo.com\/wp-content\/uploads\/2022\/08\/cropped-Logo-Esbozo-Web-2.png\",\"contentUrl\":\"https:\/\/esbozodeportivo.com\/wp-content\/uploads\/2022\/08\/cropped-Logo-Esbozo-Web-2.png\",\"width\":180,\"height\":50,\"caption\":\"Esbozo Deportivo\"},\"image\":{\"@id\":\"https:\/\/esbozodeportivo.com\/#\/schema\/logo\/image\/\"}},{\"@type\":\"Person\",\"@id\":\"https:\/\/esbozodeportivo.com\/#\/schema\/person\/0f6df9196dfe6740dd0bb31bae50d374\",\"name\":\"Redacci\u00f3n\",\"image\":{\"@type\":\"ImageObject\",\"inLanguage\":\"es\",\"@id\":\"https:\/\/esbozodeportivo.com\/#\/schema\/person\/image\/\",\"url\":\"https:\/\/secure.gravatar.com\/avatar\/f55268a89c3b418f2ef172ff52ab0d09b3e653c58de29539fe329fb93d78ebf3?s=96&d=mm&r=g\",\"contentUrl\":\"https:\/\/secure.gravatar.com\/avatar\/f55268a89c3b418f2ef172ff52ab0d09b3e653c58de29539fe329fb93d78ebf3?s=96&d=mm&r=g\",\"caption\":\"Redacci\u00f3n\"},\"url\":\"https:\/\/esbozodeportivo.com\/index.php\/author\/redaccion\/\"}]}<\/script>\n<!-- \/ Yoast SEO plugin. -->","yoast_head_json":{"title":"Isaac Del Toro sigue de l\u00edder en el Giro de Italia luego de 10 d\u00edas - Esbozo Deportivo","description":"Del Toro, el primer ciclista mexicano en vestir la maglia rosa, cruz\u00f3 la meta dentro del pelot\u00f3n principal tras la ruta de 144 kil\u00f3metros (89 millas) desde Morbegno hasta Cesano Maderno. El tramo incluy\u00f3 tres ascensos de poca exigencia al principio antes de un final relativamente plano.","robots":{"index":"index","follow":"follow","max-snippet":"max-snippet:-1","max-image-preview":"max-image-preview:large","max-video-preview":"max-video-preview:-1"},"canonical":"https:\/\/esbozodeportivo.com\/index.php\/2025\/05\/29\/isaac-del-toro-sigue-de-lider-en-el-giro-de-italia-luego-de-10-dias\/","og_locale":"es_MX","og_type":"article","og_title":"Isaac Del Toro sigue de l\u00edder en el Giro de Italia luego de 10 d\u00edas - Esbozo Deportivo","og_description":"Del Toro, el primer ciclista mexicano en vestir la maglia rosa, cruz\u00f3 la meta dentro del pelot\u00f3n principal tras la ruta de 144 kil\u00f3metros (89 millas) desde Morbegno hasta Cesano Maderno. El tramo incluy\u00f3 tres ascensos de poca exigencia al principio antes de un final relativamente plano.","og_url":"https:\/\/esbozodeportivo.com\/index.php\/2025\/05\/29\/isaac-del-toro-sigue-de-lider-en-el-giro-de-italia-luego-de-10-dias\/","og_site_name":"Esbozo Deportivo","article_published_time":"2025-05-30T05:14:35+00:00","article_modified_time":"2025-05-30T05:14:36+00:00","og_image":[{"width":1440,"height":961,"url":"https:\/\/esbozodeportivo.com\/wp-content\/uploads\/2025\/05\/Del-Toro3-4.jpg","type":"image\/jpeg"}],"author":"Redacci\u00f3n","twitter_card":"summary_large_image","twitter_misc":{"Escrito por":"Redacci\u00f3n","Tiempo de lectura":"3 minutos"},"schema":{"@context":"https:\/\/schema.org","@graph":[{"@type":"Article","@id":"https:\/\/esbozodeportivo.com\/index.php\/2025\/05\/29\/isaac-del-toro-sigue-de-lider-en-el-giro-de-italia-luego-de-10-dias\/#article","isPartOf":{"@id":"https:\/\/esbozodeportivo.com\/index.php\/2025\/05\/29\/isaac-del-toro-sigue-de-lider-en-el-giro-de-italia-luego-de-10-dias\/"},"author":{"name":"Redacci\u00f3n","@id":"https:\/\/esbozodeportivo.com\/#\/schema\/person\/0f6df9196dfe6740dd0bb31bae50d374"},"headline":"Isaac Del Toro sigue de l\u00edder en el Giro de Italia luego de 10 d\u00edas","datePublished":"2025-05-30T05:14:35+00:00","dateModified":"2025-05-30T05:14:36+00:00","mainEntityOfPage":{"@id":"https:\/\/esbozodeportivo.com\/index.php\/2025\/05\/29\/isaac-del-toro-sigue-de-lider-en-el-giro-de-italia-luego-de-10-dias\/"},"wordCount":468,"publisher":{"@id":"https:\/\/esbozodeportivo.com\/#organization"},"image":{"@id":"https:\/\/esbozodeportivo.com\/index.php\/2025\/05\/29\/isaac-del-toro-sigue-de-lider-en-el-giro-de-italia-luego-de-10-dias\/#primaryimage"},"thumbnailUrl":"https:\/\/esbozodeportivo.com\/wp-content\/uploads\/2025\/05\/Del-Toro3-4.jpg","articleSection":["Giro de Italia"],"inLanguage":"es"},{"@type":"WebPage","@id":"https:\/\/esbozodeportivo.com\/index.php\/2025\/05\/29\/isaac-del-toro-sigue-de-lider-en-el-giro-de-italia-luego-de-10-dias\/","url":"https:\/\/esbozodeportivo.com\/index.php\/2025\/05\/29\/isaac-del-toro-sigue-de-lider-en-el-giro-de-italia-luego-de-10-dias\/","name":"Isaac Del Toro sigue de l\u00edder en el Giro de Italia luego de 10 d\u00edas - Esbozo Deportivo","isPartOf":{"@id":"https:\/\/esbozodeportivo.com\/#website"},"primaryImageOfPage":{"@id":"https:\/\/esbozodeportivo.com\/index.php\/2025\/05\/29\/isaac-del-toro-sigue-de-lider-en-el-giro-de-italia-luego-de-10-dias\/#primaryimage"},"image":{"@id":"https:\/\/esbozodeportivo.com\/index.php\/2025\/05\/29\/isaac-del-toro-sigue-de-lider-en-el-giro-de-italia-luego-de-10-dias\/#primaryimage"},"thumbnailUrl":"https:\/\/esbozodeportivo.com\/wp-content\/uploads\/2025\/05\/Del-Toro3-4.jpg","datePublished":"2025-05-30T05:14:35+00:00","dateModified":"2025-05-30T05:14:36+00:00","description":"Del Toro, el primer ciclista mexicano en vestir la maglia rosa, cruz\u00f3 la meta dentro del pelot\u00f3n principal tras la ruta de 144 kil\u00f3metros (89 millas) desde Morbegno hasta Cesano Maderno. El tramo incluy\u00f3 tres ascensos de poca exigencia al principio antes de un final relativamente plano.","breadcrumb":{"@id":"https:\/\/esbozodeportivo.com\/index.php\/2025\/05\/29\/isaac-del-toro-sigue-de-lider-en-el-giro-de-italia-luego-de-10-dias\/#breadcrumb"},"inLanguage":"es","potentialAction":[{"@type":"ReadAction","target":["https:\/\/esbozodeportivo.com\/index.php\/2025\/05\/29\/isaac-del-toro-sigue-de-lider-en-el-giro-de-italia-luego-de-10-dias\/"]}]},{"@type":"ImageObject","inLanguage":"es","@id":"https:\/\/esbozodeportivo.com\/index.php\/2025\/05\/29\/isaac-del-toro-sigue-de-lider-en-el-giro-de-italia-luego-de-10-dias\/#primaryimage","url":"https:\/\/esbozodeportivo.com\/wp-content\/uploads\/2025\/05\/Del-Toro3-4.jpg","contentUrl":"https:\/\/esbozodeportivo.com\/wp-content\/uploads\/2025\/05\/Del-Toro3-4.jpg","width":1440,"height":961},{"@type":"BreadcrumbList","@id":"https:\/\/esbozodeportivo.com\/index.php\/2025\/05\/29\/isaac-del-toro-sigue-de-lider-en-el-giro-de-italia-luego-de-10-dias\/#breadcrumb","itemListElement":[{"@type":"ListItem","position":1,"name":"Inicio","item":"https:\/\/esbozodeportivo.com\/"},{"@type":"ListItem","position":2,"name":"Isaac Del Toro sigue de l\u00edder en el Giro de Italia luego de 10 d\u00edas"}]},{"@type":"WebSite","@id":"https:\/\/esbozodeportivo.com\/#website","url":"https:\/\/esbozodeportivo.com\/","name":"Esbozo Deportivo","description":"Lo m\u00e1s importante del Deporte","publisher":{"@id":"https:\/\/esbozodeportivo.com\/#organization"},"potentialAction":[{"@type":"SearchAction","target":{"@type":"EntryPoint","urlTemplate":"https:\/\/esbozodeportivo.com\/?s={search_term_string}"},"query-input":{"@type":"PropertyValueSpecification","valueRequired":true,"valueName":"search_term_string"}}],"inLanguage":"es"},{"@type":"Organization","@id":"https:\/\/esbozodeportivo.com\/#organization","name":"Esbozo Deportivo","url":"https:\/\/esbozodeportivo.com\/","logo":{"@type":"ImageObject","inLanguage":"es","@id":"https:\/\/esbozodeportivo.com\/#\/schema\/logo\/image\/","url":"https:\/\/esbozodeportivo.com\/wp-content\/uploads\/2022\/08\/cropped-Logo-Esbozo-Web-2.png","contentUrl":"https:\/\/esbozodeportivo.com\/wp-content\/uploads\/2022\/08\/cropped-Logo-Esbozo-Web-2.png","width":180,"height":50,"caption":"Esbozo Deportivo"},"image":{"@id":"https:\/\/esbozodeportivo.com\/#\/schema\/logo\/image\/"}},{"@type":"Person","@id":"https:\/\/esbozodeportivo.com\/#\/schema\/person\/0f6df9196dfe6740dd0bb31bae50d374","name":"Redacci\u00f3n","image":{"@type":"ImageObject","inLanguage":"es","@id":"https:\/\/esbozodeportivo.com\/#\/schema\/person\/image\/","url":"https:\/\/secure.gravatar.com\/avatar\/f55268a89c3b418f2ef172ff52ab0d09b3e653c58de29539fe329fb93d78ebf3?s=96&d=mm&r=g","contentUrl":"https:\/\/secure.gravatar.com\/avatar\/f55268a89c3b418f2ef172ff52ab0d09b3e653c58de29539fe329fb93d78ebf3?s=96&d=mm&r=g","caption":"Redacci\u00f3n"},"url":"https:\/\/esbozodeportivo.com\/index.php\/author\/redaccion\/"}]}},"jetpack_featured_media_url":"https:\/\/esbozodeportivo.com\/wp-content\/uploads\/2025\/05\/Del-Toro3-4.jpg","jetpack_sharing_enabled":true,"_links":{"self":[{"href":"https:\/\/esbozodeportivo.com\/index.php\/wp-json\/wp\/v2\/posts\/7690","targetHints":{"allow":["GET"]}}],"collection":[{"href":"https:\/\/esbozodeportivo.com\/index.php\/wp-json\/wp\/v2\/posts"}],"about":[{"href":"https:\/\/esbozodeportivo.com\/index.php\/wp-json\/wp\/v2\/types\/post"}],"author":[{"embeddable":true,"href":"https:\/\/esbozodeportivo.com\/index.php\/wp-json\/wp\/v2\/users\/4"}],"replies":[{"embeddable":true,"href":"https:\/\/esbozodeportivo.com\/index.php\/wp-json\/wp\/v2\/comments?post=7690"}],"version-history":[{"count":1,"href":"https:\/\/esbozodeportivo.com\/index.php\/wp-json\/wp\/v2\/posts\/7690\/revisions"}],"predecessor-version":[{"id":7691,"href":"https:\/\/esbozodeportivo.com\/index.php\/wp-json\/wp\/v2\/posts\/7690\/revisions\/7691"}],"wp:featuredmedia":[{"embeddable":true,"href":"https:\/\/esbozodeportivo.com\/index.php\/wp-json\/wp\/v2\/media\/7674"}],"wp:attachment":[{"href":"https:\/\/esbozodeportivo.com\/index.php\/wp-json\/wp\/v2\/media?parent=7690"}],"wp:term":[{"taxonomy":"category","embeddable":true,"href":"https:\/\/esbozodeportivo.com\/index.php\/wp-json\/wp\/v2\/categories?post=7690"},{"taxonomy":"post_tag","embeddable":true,"href":"https:\/\/esbozodeportivo.com\/index.php\/wp-json\/wp\/v2\/tags?post=7690"}],"curies":[{"name":"wp","href":"https:\/\/api.w.org\/{rel}","templated":true}]}}