{"id":7712,"date":"2025-05-30T16:38:57","date_gmt":"2025-05-30T22:38:57","guid":{"rendered":"https:\/\/esbozodeportivo.com\/?p=7712"},"modified":"2025-05-30T16:38:58","modified_gmt":"2025-05-30T22:38:58","slug":"swiatek-y-sabalenka-van-a-la-cuarta-ronda","status":"publish","type":"post","link":"https:\/\/esbozodeportivo.com\/index.php\/2025\/05\/30\/swiatek-y-sabalenka-van-a-la-cuarta-ronda\/","title":{"rendered":"Swiatek y Sabalenka van a la cuarta ronda"},"content":{"rendered":"\n<p>(Foto: Agencias) <\/p>\n\n\n\n<p>La campeona defensora <strong>Iga Swiatek<\/strong> se uni\u00f3 el viernes a la n\u00famero uno mundial <strong>Aryna Sabalenka<\/strong> en la cuarta ronda del <strong>Abierto de Francia<\/strong>. Ninguna de las dos ha perdido un set hasta ahora.<\/p>\n\n\n\n<p><strong>Sabalenka<\/strong>, campeona de tres torneos de <strong>Grand Slam<\/strong> y que cuenta a su haber con una semifinal en <strong>Roland Garros<\/strong>, despach\u00f3 6-2, 6-3 a <strong>Olga Danilovic<\/strong> en la cancha <strong>Philippe Chatrier<\/strong>, donde el clima caluroso del viernes contrast\u00f3 con los d\u00edas anteriores.<\/p>\n\n\n\n<p>\u201cLa pelota vuela mucho m\u00e1s r\u00e1pido\u201d, coment\u00f3 <strong>Sabalenka<\/strong>. \u201cLos botes son mucho m\u00e1s altos\u201d.<\/p>\n\n\n\n<p><strong>Swiatek<\/strong>, quien ha ganado cuatro de sus cinco t\u00edtulos en las grandes citas en <strong>Par\u00eds,<\/strong> dobleg\u00f3 6-2, 7-5 a <strong>Jaqueline Cristian<\/strong> en la cancha <strong>Suzanne-Lenglen<\/strong> para extender a 23 su racha de victorias en el <strong>Abierto de Francia<\/strong>. Pero un segundo set que dur\u00f3 76 minutos puso a prueba a la polaca de 23 a\u00f1os, quien grit\u00f3 de alivio despu\u00e9s de ganar en su segundo punto de partido.<\/p>\n\n\n\n<p>\u201cAprovech\u00f3 sus oportunidades y arriesg\u00f3&#8221;, expres\u00f3 <strong>Swiatek<\/strong>, quien disfrut\u00f3 de temperaturas que alcanzaron los 29 grados Celsius (84 Fahrenheit).<\/p>\n\n\n\n<p><strong>Sabalenka,<\/strong> de 27 a\u00f1os, ha alcanzado seis finales de individuales este a\u00f1o, la mayor cantidad para una mujer antes de <strong>Roland Garros<\/strong> desde <strong>Serena Williams<\/strong> en 2013.<\/p>\n\n\n\n<p>En cambio, <strong>Swiatek<\/strong> busca su primera final desde que conquist\u00f3 su tercer t\u00edtulo consecutivo del <strong>Abierto de Francia<\/strong>, y cuarto en total, el a\u00f1o pasado.<\/p>\n\n\n\n<p><strong>Swiatek<\/strong> intenta convertirse en la primera mujer que se consagra aqu\u00ed cuatro veces consecutivas en la era abierta. Su primer t\u00edtulo fue en 2020. Tambi\u00e9n se proclam\u00f3 campeonato del <strong>Abierto de Estados Unidos<\/strong> 2022.<\/p>\n\n\n\n<p>Cuando se le pregunt\u00f3 qui\u00e9n estaba bajo m\u00e1s presi\u00f3n para ganar el <strong>Abierto de Francia<\/strong> de este a\u00f1o, ella o <strong>Swiatek, Sabalenka<\/strong> dijo, en broma: \u201cMejor ponerla a <strong>Iga<\/strong> ya que ella lo gan\u00f3, \u00bfqu\u00e9, tres veces seguidas?\u201d<\/p>\n\n\n\n<p>En otros resultados de la rama femenina, la campeona ol\u00edmpica <strong>Zheng Qinwen<\/strong> venci\u00f3 6-3, 6-4 a <strong>Victoria Mboko<\/strong>, una canadiense de 18 a\u00f1os.<\/p>\n\n\n\n<p>Por tercera ronda del cuadro masculino, el italiano <strong>Lorenzo Musetti<\/strong> (8vo cabeza de serie) se recuper\u00f3 tras ceder el primer set para vencer 4-6, 6-4, 6-3, 6-2 a <strong>Mariano Navone<\/strong>, el \u00faltimo argentino que segu\u00eda en carrera.<\/p>\n\n\n\n<p>El dan\u00e9s <strong>Holger Rune<\/strong> (10mo preclasificado) venci\u00f3 al franc\u00e9s <strong>Quentin Halys<\/strong> en cinco sets y el estadounidense <strong>Tommy Paul <\/strong>(12) hizo lo mismo contra el ruso <strong>Karen Khachanov<\/strong> (24).<\/p>\n\n\n\n<p><strong>Novak Djokovic<\/strong> estar\u00e1 en acci\u00f3n durante la sesi\u00f3n nocturna del s\u00e1bado, para su frustraci\u00f3n, ya que esperaba jugar antes para poder seguir por televisi\u00f3n la final de la <strong>Liga de Campeones en Alemania<\/strong> entre el <strong>Paris Saint-Germain<\/strong> y el <strong>Inter de Mil\u00e1n.<\/strong><\/p>\n\n\n\n<p>El <strong>campe\u00f3n de 24 Slams<\/strong>, enfrentar\u00e1 a <strong>Filip Misolic<\/strong>, un austriaco que entr\u00f3 al cuadro principal tras superar la fase previa, Si <strong>Djokovic<\/strong> gana r\u00e1pidamente, podr\u00eda alcanzar a ver lo \u00faltimo de la final de f\u00fatbol, que comienza a las 1900 <strong>GMT<\/strong>. O posiblemente el tiempo extra.<\/p>\n\n\n\n<p><\/p>\n","protected":false},"excerpt":{"rendered":"<p>(Foto: Agencias) La campeona defensora Iga Swiatek se uni\u00f3 el viernes a la n\u00famero uno<\/p>\n","protected":false},"author":4,"featured_media":7710,"comment_status":"closed","ping_status":"open","sticky":false,"template":"","format":"standard","meta":{"_jetpack_memberships_contains_paid_content":false,"footnotes":""},"categories":[12],"tags":[],"class_list":["post-7712","post","type-post","status-publish","format-standard","has-post-thumbnail","hentry","category-tenis-internacional"],"yoast_head":"<!-- This site is optimized with the Yoast SEO plugin v25.7 - https:\/\/yoast.com\/wordpress\/plugins\/seo\/ -->\n<title>Swiatek y Sabalenka van a la cuarta ronda - Esbozo Deportivo<\/title>\n<meta name=\"description\" content=\"La campeona defensora Iga Swiatek se uni\u00f3 el viernes a la n\u00famero uno mundial Aryna Sabalenka en la cuarta ronda del Abierto de Francia. Ninguna de las dos ha perdido un set hasta ahora.\" \/>\n<meta name=\"robots\" content=\"index, follow, max-snippet:-1, max-image-preview:large, max-video-preview:-1\" \/>\n<link rel=\"canonical\" href=\"https:\/\/esbozodeportivo.com\/index.php\/2025\/05\/30\/swiatek-y-sabalenka-van-a-la-cuarta-ronda\/\" \/>\n<meta property=\"og:locale\" content=\"es_MX\" \/>\n<meta property=\"og:type\" content=\"article\" \/>\n<meta property=\"og:title\" content=\"Swiatek y Sabalenka van a la cuarta ronda - Esbozo Deportivo\" \/>\n<meta property=\"og:description\" content=\"La campeona defensora Iga Swiatek se uni\u00f3 el viernes a la n\u00famero uno mundial Aryna Sabalenka en la cuarta ronda del Abierto de Francia. Ninguna de las dos ha perdido un set hasta ahora.\" \/>\n<meta property=\"og:url\" content=\"https:\/\/esbozodeportivo.com\/index.php\/2025\/05\/30\/swiatek-y-sabalenka-van-a-la-cuarta-ronda\/\" \/>\n<meta property=\"og:site_name\" content=\"Esbozo Deportivo\" \/>\n<meta property=\"article:published_time\" content=\"2025-05-30T22:38:57+00:00\" \/>\n<meta property=\"article:modified_time\" content=\"2025-05-30T22:38:58+00:00\" \/>\n<meta property=\"og:image\" content=\"https:\/\/esbozodeportivo.com\/wp-content\/uploads\/2025\/05\/Tenis-13.jpg\" \/>\n\t<meta property=\"og:image:width\" content=\"980\" \/>\n\t<meta property=\"og:image:height\" content=\"653\" \/>\n\t<meta property=\"og:image:type\" content=\"image\/jpeg\" \/>\n<meta name=\"author\" content=\"Redacci\u00f3n\" \/>\n<meta name=\"twitter:card\" content=\"summary_large_image\" \/>\n<meta name=\"twitter:label1\" content=\"Escrito por\" \/>\n\t<meta name=\"twitter:data1\" content=\"Redacci\u00f3n\" \/>\n\t<meta name=\"twitter:label2\" content=\"Tiempo de lectura\" \/>\n\t<meta name=\"twitter:data2\" content=\"3 minutos\" \/>\n<script type=\"application\/ld+json\" class=\"yoast-schema-graph\">{\"@context\":\"https:\/\/schema.org\",\"@graph\":[{\"@type\":\"Article\",\"@id\":\"https:\/\/esbozodeportivo.com\/index.php\/2025\/05\/30\/swiatek-y-sabalenka-van-a-la-cuarta-ronda\/#article\",\"isPartOf\":{\"@id\":\"https:\/\/esbozodeportivo.com\/index.php\/2025\/05\/30\/swiatek-y-sabalenka-van-a-la-cuarta-ronda\/\"},\"author\":{\"name\":\"Redacci\u00f3n\",\"@id\":\"https:\/\/esbozodeportivo.com\/#\/schema\/person\/0f6df9196dfe6740dd0bb31bae50d374\"},\"headline\":\"Swiatek y Sabalenka van a la cuarta ronda\",\"datePublished\":\"2025-05-30T22:38:57+00:00\",\"dateModified\":\"2025-05-30T22:38:58+00:00\",\"mainEntityOfPage\":{\"@id\":\"https:\/\/esbozodeportivo.com\/index.php\/2025\/05\/30\/swiatek-y-sabalenka-van-a-la-cuarta-ronda\/\"},\"wordCount\":509,\"publisher\":{\"@id\":\"https:\/\/esbozodeportivo.com\/#organization\"},\"image\":{\"@id\":\"https:\/\/esbozodeportivo.com\/index.php\/2025\/05\/30\/swiatek-y-sabalenka-van-a-la-cuarta-ronda\/#primaryimage\"},\"thumbnailUrl\":\"https:\/\/esbozodeportivo.com\/wp-content\/uploads\/2025\/05\/Tenis-13.jpg\",\"articleSection\":[\"Tenis Internacional\"],\"inLanguage\":\"es\"},{\"@type\":\"WebPage\",\"@id\":\"https:\/\/esbozodeportivo.com\/index.php\/2025\/05\/30\/swiatek-y-sabalenka-van-a-la-cuarta-ronda\/\",\"url\":\"https:\/\/esbozodeportivo.com\/index.php\/2025\/05\/30\/swiatek-y-sabalenka-van-a-la-cuarta-ronda\/\",\"name\":\"Swiatek y Sabalenka van a la cuarta ronda - Esbozo Deportivo\",\"isPartOf\":{\"@id\":\"https:\/\/esbozodeportivo.com\/#website\"},\"primaryImageOfPage\":{\"@id\":\"https:\/\/esbozodeportivo.com\/index.php\/2025\/05\/30\/swiatek-y-sabalenka-van-a-la-cuarta-ronda\/#primaryimage\"},\"image\":{\"@id\":\"https:\/\/esbozodeportivo.com\/index.php\/2025\/05\/30\/swiatek-y-sabalenka-van-a-la-cuarta-ronda\/#primaryimage\"},\"thumbnailUrl\":\"https:\/\/esbozodeportivo.com\/wp-content\/uploads\/2025\/05\/Tenis-13.jpg\",\"datePublished\":\"2025-05-30T22:38:57+00:00\",\"dateModified\":\"2025-05-30T22:38:58+00:00\",\"description\":\"La campeona defensora Iga Swiatek se uni\u00f3 el viernes a la n\u00famero uno mundial Aryna Sabalenka en la cuarta ronda del Abierto de Francia. Ninguna de las dos ha perdido un set hasta ahora.\",\"breadcrumb\":{\"@id\":\"https:\/\/esbozodeportivo.com\/index.php\/2025\/05\/30\/swiatek-y-sabalenka-van-a-la-cuarta-ronda\/#breadcrumb\"},\"inLanguage\":\"es\",\"potentialAction\":[{\"@type\":\"ReadAction\",\"target\":[\"https:\/\/esbozodeportivo.com\/index.php\/2025\/05\/30\/swiatek-y-sabalenka-van-a-la-cuarta-ronda\/\"]}]},{\"@type\":\"ImageObject\",\"inLanguage\":\"es\",\"@id\":\"https:\/\/esbozodeportivo.com\/index.php\/2025\/05\/30\/swiatek-y-sabalenka-van-a-la-cuarta-ronda\/#primaryimage\",\"url\":\"https:\/\/esbozodeportivo.com\/wp-content\/uploads\/2025\/05\/Tenis-13.jpg\",\"contentUrl\":\"https:\/\/esbozodeportivo.com\/wp-content\/uploads\/2025\/05\/Tenis-13.jpg\",\"width\":980,\"height\":653},{\"@type\":\"BreadcrumbList\",\"@id\":\"https:\/\/esbozodeportivo.com\/index.php\/2025\/05\/30\/swiatek-y-sabalenka-van-a-la-cuarta-ronda\/#breadcrumb\",\"itemListElement\":[{\"@type\":\"ListItem\",\"position\":1,\"name\":\"Inicio\",\"item\":\"https:\/\/esbozodeportivo.com\/\"},{\"@type\":\"ListItem\",\"position\":2,\"name\":\"Swiatek y Sabalenka van a la cuarta ronda\"}]},{\"@type\":\"WebSite\",\"@id\":\"https:\/\/esbozodeportivo.com\/#website\",\"url\":\"https:\/\/esbozodeportivo.com\/\",\"name\":\"Esbozo Deportivo\",\"description\":\"Lo m\u00e1s importante del Deporte\",\"publisher\":{\"@id\":\"https:\/\/esbozodeportivo.com\/#organization\"},\"potentialAction\":[{\"@type\":\"SearchAction\",\"target\":{\"@type\":\"EntryPoint\",\"urlTemplate\":\"https:\/\/esbozodeportivo.com\/?s={search_term_string}\"},\"query-input\":{\"@type\":\"PropertyValueSpecification\",\"valueRequired\":true,\"valueName\":\"search_term_string\"}}],\"inLanguage\":\"es\"},{\"@type\":\"Organization\",\"@id\":\"https:\/\/esbozodeportivo.com\/#organization\",\"name\":\"Esbozo Deportivo\",\"url\":\"https:\/\/esbozodeportivo.com\/\",\"logo\":{\"@type\":\"ImageObject\",\"inLanguage\":\"es\",\"@id\":\"https:\/\/esbozodeportivo.com\/#\/schema\/logo\/image\/\",\"url\":\"https:\/\/esbozodeportivo.com\/wp-content\/uploads\/2022\/08\/cropped-Logo-Esbozo-Web-2.png\",\"contentUrl\":\"https:\/\/esbozodeportivo.com\/wp-content\/uploads\/2022\/08\/cropped-Logo-Esbozo-Web-2.png\",\"width\":180,\"height\":50,\"caption\":\"Esbozo Deportivo\"},\"image\":{\"@id\":\"https:\/\/esbozodeportivo.com\/#\/schema\/logo\/image\/\"}},{\"@type\":\"Person\",\"@id\":\"https:\/\/esbozodeportivo.com\/#\/schema\/person\/0f6df9196dfe6740dd0bb31bae50d374\",\"name\":\"Redacci\u00f3n\",\"image\":{\"@type\":\"ImageObject\",\"inLanguage\":\"es\",\"@id\":\"https:\/\/esbozodeportivo.com\/#\/schema\/person\/image\/\",\"url\":\"https:\/\/secure.gravatar.com\/avatar\/f55268a89c3b418f2ef172ff52ab0d09b3e653c58de29539fe329fb93d78ebf3?s=96&d=mm&r=g\",\"contentUrl\":\"https:\/\/secure.gravatar.com\/avatar\/f55268a89c3b418f2ef172ff52ab0d09b3e653c58de29539fe329fb93d78ebf3?s=96&d=mm&r=g\",\"caption\":\"Redacci\u00f3n\"},\"url\":\"https:\/\/esbozodeportivo.com\/index.php\/author\/redaccion\/\"}]}<\/script>\n<!-- \/ Yoast SEO plugin. -->","yoast_head_json":{"title":"Swiatek y Sabalenka van a la cuarta ronda - Esbozo Deportivo","description":"La campeona defensora Iga Swiatek se uni\u00f3 el viernes a la n\u00famero uno mundial Aryna Sabalenka en la cuarta ronda del Abierto de Francia. Ninguna de las dos ha perdido un set hasta ahora.","robots":{"index":"index","follow":"follow","max-snippet":"max-snippet:-1","max-image-preview":"max-image-preview:large","max-video-preview":"max-video-preview:-1"},"canonical":"https:\/\/esbozodeportivo.com\/index.php\/2025\/05\/30\/swiatek-y-sabalenka-van-a-la-cuarta-ronda\/","og_locale":"es_MX","og_type":"article","og_title":"Swiatek y Sabalenka van a la cuarta ronda - Esbozo Deportivo","og_description":"La campeona defensora Iga Swiatek se uni\u00f3 el viernes a la n\u00famero uno mundial Aryna Sabalenka en la cuarta ronda del Abierto de Francia. Ninguna de las dos ha perdido un set hasta ahora.","og_url":"https:\/\/esbozodeportivo.com\/index.php\/2025\/05\/30\/swiatek-y-sabalenka-van-a-la-cuarta-ronda\/","og_site_name":"Esbozo Deportivo","article_published_time":"2025-05-30T22:38:57+00:00","article_modified_time":"2025-05-30T22:38:58+00:00","og_image":[{"width":980,"height":653,"url":"https:\/\/esbozodeportivo.com\/wp-content\/uploads\/2025\/05\/Tenis-13.jpg","type":"image\/jpeg"}],"author":"Redacci\u00f3n","twitter_card":"summary_large_image","twitter_misc":{"Escrito por":"Redacci\u00f3n","Tiempo de lectura":"3 minutos"},"schema":{"@context":"https:\/\/schema.org","@graph":[{"@type":"Article","@id":"https:\/\/esbozodeportivo.com\/index.php\/2025\/05\/30\/swiatek-y-sabalenka-van-a-la-cuarta-ronda\/#article","isPartOf":{"@id":"https:\/\/esbozodeportivo.com\/index.php\/2025\/05\/30\/swiatek-y-sabalenka-van-a-la-cuarta-ronda\/"},"author":{"name":"Redacci\u00f3n","@id":"https:\/\/esbozodeportivo.com\/#\/schema\/person\/0f6df9196dfe6740dd0bb31bae50d374"},"headline":"Swiatek y Sabalenka van a la cuarta ronda","datePublished":"2025-05-30T22:38:57+00:00","dateModified":"2025-05-30T22:38:58+00:00","mainEntityOfPage":{"@id":"https:\/\/esbozodeportivo.com\/index.php\/2025\/05\/30\/swiatek-y-sabalenka-van-a-la-cuarta-ronda\/"},"wordCount":509,"publisher":{"@id":"https:\/\/esbozodeportivo.com\/#organization"},"image":{"@id":"https:\/\/esbozodeportivo.com\/index.php\/2025\/05\/30\/swiatek-y-sabalenka-van-a-la-cuarta-ronda\/#primaryimage"},"thumbnailUrl":"https:\/\/esbozodeportivo.com\/wp-content\/uploads\/2025\/05\/Tenis-13.jpg","articleSection":["Tenis Internacional"],"inLanguage":"es"},{"@type":"WebPage","@id":"https:\/\/esbozodeportivo.com\/index.php\/2025\/05\/30\/swiatek-y-sabalenka-van-a-la-cuarta-ronda\/","url":"https:\/\/esbozodeportivo.com\/index.php\/2025\/05\/30\/swiatek-y-sabalenka-van-a-la-cuarta-ronda\/","name":"Swiatek y Sabalenka van a la cuarta ronda - Esbozo Deportivo","isPartOf":{"@id":"https:\/\/esbozodeportivo.com\/#website"},"primaryImageOfPage":{"@id":"https:\/\/esbozodeportivo.com\/index.php\/2025\/05\/30\/swiatek-y-sabalenka-van-a-la-cuarta-ronda\/#primaryimage"},"image":{"@id":"https:\/\/esbozodeportivo.com\/index.php\/2025\/05\/30\/swiatek-y-sabalenka-van-a-la-cuarta-ronda\/#primaryimage"},"thumbnailUrl":"https:\/\/esbozodeportivo.com\/wp-content\/uploads\/2025\/05\/Tenis-13.jpg","datePublished":"2025-05-30T22:38:57+00:00","dateModified":"2025-05-30T22:38:58+00:00","description":"La campeona defensora Iga Swiatek se uni\u00f3 el viernes a la n\u00famero uno mundial Aryna Sabalenka en la cuarta ronda del Abierto de Francia. Ninguna de las dos ha perdido un set hasta ahora.","breadcrumb":{"@id":"https:\/\/esbozodeportivo.com\/index.php\/2025\/05\/30\/swiatek-y-sabalenka-van-a-la-cuarta-ronda\/#breadcrumb"},"inLanguage":"es","potentialAction":[{"@type":"ReadAction","target":["https:\/\/esbozodeportivo.com\/index.php\/2025\/05\/30\/swiatek-y-sabalenka-van-a-la-cuarta-ronda\/"]}]},{"@type":"ImageObject","inLanguage":"es","@id":"https:\/\/esbozodeportivo.com\/index.php\/2025\/05\/30\/swiatek-y-sabalenka-van-a-la-cuarta-ronda\/#primaryimage","url":"https:\/\/esbozodeportivo.com\/wp-content\/uploads\/2025\/05\/Tenis-13.jpg","contentUrl":"https:\/\/esbozodeportivo.com\/wp-content\/uploads\/2025\/05\/Tenis-13.jpg","width":980,"height":653},{"@type":"BreadcrumbList","@id":"https:\/\/esbozodeportivo.com\/index.php\/2025\/05\/30\/swiatek-y-sabalenka-van-a-la-cuarta-ronda\/#breadcrumb","itemListElement":[{"@type":"ListItem","position":1,"name":"Inicio","item":"https:\/\/esbozodeportivo.com\/"},{"@type":"ListItem","position":2,"name":"Swiatek y Sabalenka van a la cuarta ronda"}]},{"@type":"WebSite","@id":"https:\/\/esbozodeportivo.com\/#website","url":"https:\/\/esbozodeportivo.com\/","name":"Esbozo Deportivo","description":"Lo m\u00e1s importante del Deporte","publisher":{"@id":"https:\/\/esbozodeportivo.com\/#organization"},"potentialAction":[{"@type":"SearchAction","target":{"@type":"EntryPoint","urlTemplate":"https:\/\/esbozodeportivo.com\/?s={search_term_string}"},"query-input":{"@type":"PropertyValueSpecification","valueRequired":true,"valueName":"search_term_string"}}],"inLanguage":"es"},{"@type":"Organization","@id":"https:\/\/esbozodeportivo.com\/#organization","name":"Esbozo Deportivo","url":"https:\/\/esbozodeportivo.com\/","logo":{"@type":"ImageObject","inLanguage":"es","@id":"https:\/\/esbozodeportivo.com\/#\/schema\/logo\/image\/","url":"https:\/\/esbozodeportivo.com\/wp-content\/uploads\/2022\/08\/cropped-Logo-Esbozo-Web-2.png","contentUrl":"https:\/\/esbozodeportivo.com\/wp-content\/uploads\/2022\/08\/cropped-Logo-Esbozo-Web-2.png","width":180,"height":50,"caption":"Esbozo Deportivo"},"image":{"@id":"https:\/\/esbozodeportivo.com\/#\/schema\/logo\/image\/"}},{"@type":"Person","@id":"https:\/\/esbozodeportivo.com\/#\/schema\/person\/0f6df9196dfe6740dd0bb31bae50d374","name":"Redacci\u00f3n","image":{"@type":"ImageObject","inLanguage":"es","@id":"https:\/\/esbozodeportivo.com\/#\/schema\/person\/image\/","url":"https:\/\/secure.gravatar.com\/avatar\/f55268a89c3b418f2ef172ff52ab0d09b3e653c58de29539fe329fb93d78ebf3?s=96&d=mm&r=g","contentUrl":"https:\/\/secure.gravatar.com\/avatar\/f55268a89c3b418f2ef172ff52ab0d09b3e653c58de29539fe329fb93d78ebf3?s=96&d=mm&r=g","caption":"Redacci\u00f3n"},"url":"https:\/\/esbozodeportivo.com\/index.php\/author\/redaccion\/"}]}},"jetpack_featured_media_url":"https:\/\/esbozodeportivo.com\/wp-content\/uploads\/2025\/05\/Tenis-13.jpg","jetpack_sharing_enabled":true,"_links":{"self":[{"href":"https:\/\/esbozodeportivo.com\/index.php\/wp-json\/wp\/v2\/posts\/7712","targetHints":{"allow":["GET"]}}],"collection":[{"href":"https:\/\/esbozodeportivo.com\/index.php\/wp-json\/wp\/v2\/posts"}],"about":[{"href":"https:\/\/esbozodeportivo.com\/index.php\/wp-json\/wp\/v2\/types\/post"}],"author":[{"embeddable":true,"href":"https:\/\/esbozodeportivo.com\/index.php\/wp-json\/wp\/v2\/users\/4"}],"replies":[{"embeddable":true,"href":"https:\/\/esbozodeportivo.com\/index.php\/wp-json\/wp\/v2\/comments?post=7712"}],"version-history":[{"count":1,"href":"https:\/\/esbozodeportivo.com\/index.php\/wp-json\/wp\/v2\/posts\/7712\/revisions"}],"predecessor-version":[{"id":7713,"href":"https:\/\/esbozodeportivo.com\/index.php\/wp-json\/wp\/v2\/posts\/7712\/revisions\/7713"}],"wp:featuredmedia":[{"embeddable":true,"href":"https:\/\/esbozodeportivo.com\/index.php\/wp-json\/wp\/v2\/media\/7710"}],"wp:attachment":[{"href":"https:\/\/esbozodeportivo.com\/index.php\/wp-json\/wp\/v2\/media?parent=7712"}],"wp:term":[{"taxonomy":"category","embeddable":true,"href":"https:\/\/esbozodeportivo.com\/index.php\/wp-json\/wp\/v2\/categories?post=7712"},{"taxonomy":"post_tag","embeddable":true,"href":"https:\/\/esbozodeportivo.com\/index.php\/wp-json\/wp\/v2\/tags?post=7712"}],"curies":[{"name":"wp","href":"https:\/\/api.w.org\/{rel}","templated":true}]}}