{"id":7718,"date":"2025-05-30T16:45:38","date_gmt":"2025-05-30T22:45:38","guid":{"rendered":"https:\/\/esbozodeportivo.com\/?p=7718"},"modified":"2025-05-30T16:45:39","modified_gmt":"2025-05-30T22:45:39","slug":"isaac-del-toro-se-acerca-al-titulo","status":"publish","type":"post","link":"https:\/\/esbozodeportivo.com\/index.php\/2025\/05\/30\/isaac-del-toro-se-acerca-al-titulo\/","title":{"rendered":"Isaac del Toro se acerca al t\u00edtulo"},"content":{"rendered":"\n<p>(Foto: Agencias) <\/p>\n\n\n\n<p><strong>\u00b4Un escollo menos. Queda uno m\u00e1s por sortear.<\/strong><\/p>\n\n\n\n<p>El <strong>mexicano Isaac Del Toro<\/strong> mantuvo el viernes su firme control sobre la maglia rosa del <strong>Giro de Italia<\/strong>, el primero de dos d\u00edas de extenuantes trayectos alpinos.<\/p>\n\n\n\n<p><strong>Del Toro<\/strong> incluso logr\u00f3 aumentar ligeramente su ventaja cuando super\u00f3 al ecuatoriano <strong>Richard Carapaz<\/strong>, su perseguidor inmediato, para entrar segundo en la 19na etapa, acredit\u00e1ndose valiosos segundos de bonificaci\u00f3n.<\/p>\n\n\n\n<p>El d\u00fao cruz\u00f3 la l\u00ednea 58 segundos detr\u00e1s del franc\u00e9s <strong>Nicolas Prodhomme<\/strong>, quien coron\u00f3 la mayor victoria de su carrera en la etapa reina del <strong>Giro.<\/strong><\/p>\n\n\n\n<p><strong>Del Toro<\/strong> ensanch\u00f3 a 43 segundos su margen sobre <strong>Carapaz<\/strong> en la clasificaci\u00f3n general. <strong>Simon Yates<\/strong> se mantuvo tercero, pero se rezag\u00f3 a 1 minuto y 22 segundos detr\u00e1s de <strong>Del Toro<\/strong>.<\/p>\n\n\n\n<figure class=\"wp-block-image size-large\"><img loading=\"lazy\" decoding=\"async\" width=\"1024\" height=\"683\" src=\"https:\/\/esbozodeportivo.com\/wp-content\/uploads\/2025\/05\/Francia1-1024x683.jpg\" alt=\"\" class=\"wp-image-7702\" srcset=\"https:\/\/esbozodeportivo.com\/wp-content\/uploads\/2025\/05\/Francia1-1024x683.jpg 1024w, https:\/\/esbozodeportivo.com\/wp-content\/uploads\/2025\/05\/Francia1-300x200.jpg 300w, https:\/\/esbozodeportivo.com\/wp-content\/uploads\/2025\/05\/Francia1-768x512.jpg 768w, https:\/\/esbozodeportivo.com\/wp-content\/uploads\/2025\/05\/Francia1.jpg 1440w\" sizes=\"auto, (max-width: 1024px) 100vw, 1024px\" \/><\/figure>\n\n\n\n<p>(Foto: Agencias) <\/p>\n\n\n\n<p>La maglia rosa ha estado en posesi\u00f3n de <strong>Del Toro<\/strong> desde el final de la novena etapa, cuando se convirti\u00f3 en el primer mexicano en liderar el <strong>Giro<\/strong>.<\/p>\n\n\n\n<p>Su \u00e9xito constante ha desatado la fiebre del ciclismo en su pa\u00eds natal. Domina las portadas de los peri\u00f3dicos y la presidenta de M\u00e9xico, <strong>Claudia Sheinbaum<\/strong>, le dese\u00f3 suerte en su conferencia de prensa el jueves.<\/p>\n\n\n\n<p>\u201cEs incre\u00edble. No puedo creerlo, para ser honesto. Toda la gente en mi pa\u00eds ahora empieza a ver el deporte y lo dif\u00edcil que es, y es simplemente incre\u00edble\u201d, dijo <strong>Del Toro<\/strong>. \u201cCreo que estamos avanzando un poco, paso a paso, pero ahora es incre\u00edble esta sensaci\u00f3n\u201d.<\/p>\n\n\n\n<p>\u201cY no puedo creer que soy el tipo que representa al pa\u00eds. Creo que necesitan enviar a otro mejor\u201d, a\u00f1adi\u00f3 con una risa.<\/p>\n\n\n\n<figure class=\"wp-block-image size-large\"><img loading=\"lazy\" decoding=\"async\" width=\"1024\" height=\"683\" src=\"https:\/\/esbozodeportivo.com\/wp-content\/uploads\/2025\/05\/Francia3-1024x683.jpg\" alt=\"\" class=\"wp-image-7704\" srcset=\"https:\/\/esbozodeportivo.com\/wp-content\/uploads\/2025\/05\/Francia3-1024x683.jpg 1024w, https:\/\/esbozodeportivo.com\/wp-content\/uploads\/2025\/05\/Francia3-300x200.jpg 300w, https:\/\/esbozodeportivo.com\/wp-content\/uploads\/2025\/05\/Francia3-768x512.jpg 768w, https:\/\/esbozodeportivo.com\/wp-content\/uploads\/2025\/05\/Francia3.jpg 1440w\" sizes=\"auto, (max-width: 1024px) 100vw, 1024px\" \/><\/figure>\n\n\n\n<p>(Foto: Agencias) <\/p>\n\n\n\n<p>La etapa present\u00f3 5.000 metros de desnivel a lo largo de cinco ascensos, tres de los cuales quedaron fuera de categor\u00eda, en una ruta de 166 kil\u00f3metros (103 millas) desde <strong>Biella hasta Champoluc<\/strong>.<\/p>\n\n\n\n<p><strong>Prodhomme<\/strong> fue parte de una gran escapada justo al inicio de la etapa, y se despeg\u00f3 de los dem\u00e1s fugados en el pen\u00faltimo ascenso al <strong>Col de Joux<\/strong> para lograr la victoria en solitario.<\/p>\n\n\n\n<p>El franc\u00e9s ten\u00eda una amplia sonrisa en su rostro al acercarse a la meta. Extendi\u00f3 los brazos antes de poner sus manos sobre su cara, incr\u00e9dulo, al cruzar la l\u00ednea.<\/p>\n\n\n\n<p>\u201cNo buscaba la general, quer\u00eda buscar una etapa. He peleado much\u00edsimo, d\u00eda tras d\u00eda\u201d, dijo <strong>Prodhomme.<\/strong> \u201cGan\u00e9 en el <strong>Tour de los Alpes<\/strong> y ahora, aqu\u00ed en el Giro, estoy content\u00edsimo, es un d\u00eda s\u00faper especial\u201d.<\/p>\n\n\n\n<figure class=\"wp-block-image size-full\"><img loading=\"lazy\" decoding=\"async\" width=\"830\" height=\"553\" src=\"https:\/\/esbozodeportivo.com\/wp-content\/uploads\/2025\/05\/Francia.jpg\" alt=\"\" class=\"wp-image-7701\" srcset=\"https:\/\/esbozodeportivo.com\/wp-content\/uploads\/2025\/05\/Francia.jpg 830w, https:\/\/esbozodeportivo.com\/wp-content\/uploads\/2025\/05\/Francia-300x200.jpg 300w, https:\/\/esbozodeportivo.com\/wp-content\/uploads\/2025\/05\/Francia-768x512.jpg 768w\" sizes=\"auto, (max-width: 830px) 100vw, 830px\" \/><\/figure>\n\n\n\n<p>(Foto: Agencias) <\/p>\n\n\n\n<p>El campe\u00f3n de este <strong>Giro<\/strong> casi con certeza se decidir\u00e1 el s\u00e1bado en otro duelo en la alta monta\u00f1a, previa al cierre ceremonial en <strong>Roma<\/strong> al d\u00eda siguiente.<\/p>\n\n\n\n<p>La pen\u00faltima etapa cubrir\u00e1 un tramo de 205 kil\u00f3metros (127 millas) <strong>desde Verres hasta Sestriere,<\/strong> con un ascenso fuera de categor\u00eda en un camino de grava hacia el <strong>Colle delle Finestre<\/strong>, donde el audaz ataque de <strong>Chris Froome<\/strong> en 2018 le vali\u00f3 el t\u00edtulo.<\/p>\n\n\n\n<p>\u201cTengo las mismas posibilidades de ganar que antes del <strong>Giro<\/strong> y nada m\u00e1s quiero ser un tipo tranquilo, normal\u201d, dijo <strong>Del Toro<\/strong>. \u201cUna buena cena y hotel, luego por la ma\u00f1ana volvemos a empezar\u201d.<\/p>\n\n\n\n<figure class=\"wp-block-image size-large\"><img loading=\"lazy\" decoding=\"async\" width=\"819\" height=\"1024\" src=\"https:\/\/esbozodeportivo.com\/wp-content\/uploads\/2025\/05\/Francia4-819x1024.jpg\" alt=\"\" class=\"wp-image-7705\" srcset=\"https:\/\/esbozodeportivo.com\/wp-content\/uploads\/2025\/05\/Francia4-819x1024.jpg 819w, https:\/\/esbozodeportivo.com\/wp-content\/uploads\/2025\/05\/Francia4-240x300.jpg 240w, https:\/\/esbozodeportivo.com\/wp-content\/uploads\/2025\/05\/Francia4-768x960.jpg 768w, https:\/\/esbozodeportivo.com\/wp-content\/uploads\/2025\/05\/Francia4-1229x1536.jpg 1229w, https:\/\/esbozodeportivo.com\/wp-content\/uploads\/2025\/05\/Francia4-1024x1280.jpg 1024w, https:\/\/esbozodeportivo.com\/wp-content\/uploads\/2025\/05\/Francia4.jpg 1280w\" sizes=\"auto, (max-width: 819px) 100vw, 819px\" \/><\/figure>\n\n\n\n<p>(Foto: Agencias) <\/p>\n\n\n\n<p><\/p>\n","protected":false},"excerpt":{"rendered":"<p>(Foto: Agencias) \u00b4Un escollo menos. Queda uno m\u00e1s por sortear. El mexicano Isaac Del Toro<\/p>\n","protected":false},"author":4,"featured_media":7707,"comment_status":"closed","ping_status":"open","sticky":false,"template":"","format":"standard","meta":{"_jetpack_memberships_contains_paid_content":false,"footnotes":""},"categories":[86],"tags":[],"class_list":["post-7718","post","type-post","status-publish","format-standard","has-post-thumbnail","hentry","category-giro-de-italia"],"yoast_head":"<!-- This site is optimized with the Yoast SEO plugin v25.7 - https:\/\/yoast.com\/wordpress\/plugins\/seo\/ -->\n<title>Isaac del Toro se acerca al t\u00edtulo - Esbozo Deportivo<\/title>\n<meta name=\"description\" content=\"El mexicano Isaac Del Toro mantuvo el viernes su firme control sobre la maglia rosa del Giro de Italia, el primero de dos d\u00edas de extenuantes trayectos alpinos.\" \/>\n<meta name=\"robots\" content=\"index, follow, max-snippet:-1, max-image-preview:large, max-video-preview:-1\" \/>\n<link rel=\"canonical\" href=\"https:\/\/esbozodeportivo.com\/index.php\/2025\/05\/30\/isaac-del-toro-se-acerca-al-titulo\/\" \/>\n<meta property=\"og:locale\" content=\"es_MX\" \/>\n<meta property=\"og:type\" content=\"article\" \/>\n<meta property=\"og:title\" content=\"Isaac del Toro se acerca al t\u00edtulo - Esbozo Deportivo\" \/>\n<meta property=\"og:description\" content=\"El mexicano Isaac Del Toro mantuvo el viernes su firme control sobre la maglia rosa del Giro de Italia, el primero de dos d\u00edas de extenuantes trayectos alpinos.\" \/>\n<meta property=\"og:url\" content=\"https:\/\/esbozodeportivo.com\/index.php\/2025\/05\/30\/isaac-del-toro-se-acerca-al-titulo\/\" \/>\n<meta property=\"og:site_name\" content=\"Esbozo Deportivo\" \/>\n<meta property=\"article:published_time\" content=\"2025-05-30T22:45:38+00:00\" \/>\n<meta property=\"article:modified_time\" content=\"2025-05-30T22:45:39+00:00\" \/>\n<meta property=\"og:image\" content=\"https:\/\/esbozodeportivo.com\/wp-content\/uploads\/2025\/05\/Francia6.jpg\" \/>\n\t<meta property=\"og:image:width\" content=\"1280\" \/>\n\t<meta property=\"og:image:height\" content=\"1600\" \/>\n\t<meta property=\"og:image:type\" content=\"image\/jpeg\" \/>\n<meta name=\"author\" content=\"Redacci\u00f3n\" \/>\n<meta name=\"twitter:card\" content=\"summary_large_image\" \/>\n<meta name=\"twitter:label1\" content=\"Escrito por\" \/>\n\t<meta name=\"twitter:data1\" content=\"Redacci\u00f3n\" \/>\n\t<meta name=\"twitter:label2\" content=\"Tiempo de lectura\" \/>\n\t<meta name=\"twitter:data2\" content=\"4 minutos\" \/>\n<script type=\"application\/ld+json\" class=\"yoast-schema-graph\">{\"@context\":\"https:\/\/schema.org\",\"@graph\":[{\"@type\":\"Article\",\"@id\":\"https:\/\/esbozodeportivo.com\/index.php\/2025\/05\/30\/isaac-del-toro-se-acerca-al-titulo\/#article\",\"isPartOf\":{\"@id\":\"https:\/\/esbozodeportivo.com\/index.php\/2025\/05\/30\/isaac-del-toro-se-acerca-al-titulo\/\"},\"author\":{\"name\":\"Redacci\u00f3n\",\"@id\":\"https:\/\/esbozodeportivo.com\/#\/schema\/person\/0f6df9196dfe6740dd0bb31bae50d374\"},\"headline\":\"Isaac del Toro se acerca al t\u00edtulo\",\"datePublished\":\"2025-05-30T22:45:38+00:00\",\"dateModified\":\"2025-05-30T22:45:39+00:00\",\"mainEntityOfPage\":{\"@id\":\"https:\/\/esbozodeportivo.com\/index.php\/2025\/05\/30\/isaac-del-toro-se-acerca-al-titulo\/\"},\"wordCount\":551,\"publisher\":{\"@id\":\"https:\/\/esbozodeportivo.com\/#organization\"},\"image\":{\"@id\":\"https:\/\/esbozodeportivo.com\/index.php\/2025\/05\/30\/isaac-del-toro-se-acerca-al-titulo\/#primaryimage\"},\"thumbnailUrl\":\"https:\/\/esbozodeportivo.com\/wp-content\/uploads\/2025\/05\/Francia6.jpg\",\"articleSection\":[\"Giro de Italia\"],\"inLanguage\":\"es\"},{\"@type\":\"WebPage\",\"@id\":\"https:\/\/esbozodeportivo.com\/index.php\/2025\/05\/30\/isaac-del-toro-se-acerca-al-titulo\/\",\"url\":\"https:\/\/esbozodeportivo.com\/index.php\/2025\/05\/30\/isaac-del-toro-se-acerca-al-titulo\/\",\"name\":\"Isaac del Toro se acerca al t\u00edtulo - Esbozo Deportivo\",\"isPartOf\":{\"@id\":\"https:\/\/esbozodeportivo.com\/#website\"},\"primaryImageOfPage\":{\"@id\":\"https:\/\/esbozodeportivo.com\/index.php\/2025\/05\/30\/isaac-del-toro-se-acerca-al-titulo\/#primaryimage\"},\"image\":{\"@id\":\"https:\/\/esbozodeportivo.com\/index.php\/2025\/05\/30\/isaac-del-toro-se-acerca-al-titulo\/#primaryimage\"},\"thumbnailUrl\":\"https:\/\/esbozodeportivo.com\/wp-content\/uploads\/2025\/05\/Francia6.jpg\",\"datePublished\":\"2025-05-30T22:45:38+00:00\",\"dateModified\":\"2025-05-30T22:45:39+00:00\",\"description\":\"El mexicano Isaac Del Toro mantuvo el viernes su firme control sobre la maglia rosa del Giro de Italia, el primero de dos d\u00edas de extenuantes trayectos alpinos.\",\"breadcrumb\":{\"@id\":\"https:\/\/esbozodeportivo.com\/index.php\/2025\/05\/30\/isaac-del-toro-se-acerca-al-titulo\/#breadcrumb\"},\"inLanguage\":\"es\",\"potentialAction\":[{\"@type\":\"ReadAction\",\"target\":[\"https:\/\/esbozodeportivo.com\/index.php\/2025\/05\/30\/isaac-del-toro-se-acerca-al-titulo\/\"]}]},{\"@type\":\"ImageObject\",\"inLanguage\":\"es\",\"@id\":\"https:\/\/esbozodeportivo.com\/index.php\/2025\/05\/30\/isaac-del-toro-se-acerca-al-titulo\/#primaryimage\",\"url\":\"https:\/\/esbozodeportivo.com\/wp-content\/uploads\/2025\/05\/Francia6.jpg\",\"contentUrl\":\"https:\/\/esbozodeportivo.com\/wp-content\/uploads\/2025\/05\/Francia6.jpg\",\"width\":1280,\"height\":1600},{\"@type\":\"BreadcrumbList\",\"@id\":\"https:\/\/esbozodeportivo.com\/index.php\/2025\/05\/30\/isaac-del-toro-se-acerca-al-titulo\/#breadcrumb\",\"itemListElement\":[{\"@type\":\"ListItem\",\"position\":1,\"name\":\"Inicio\",\"item\":\"https:\/\/esbozodeportivo.com\/\"},{\"@type\":\"ListItem\",\"position\":2,\"name\":\"Isaac del Toro se acerca al t\u00edtulo\"}]},{\"@type\":\"WebSite\",\"@id\":\"https:\/\/esbozodeportivo.com\/#website\",\"url\":\"https:\/\/esbozodeportivo.com\/\",\"name\":\"Esbozo Deportivo\",\"description\":\"Lo m\u00e1s importante del Deporte\",\"publisher\":{\"@id\":\"https:\/\/esbozodeportivo.com\/#organization\"},\"potentialAction\":[{\"@type\":\"SearchAction\",\"target\":{\"@type\":\"EntryPoint\",\"urlTemplate\":\"https:\/\/esbozodeportivo.com\/?s={search_term_string}\"},\"query-input\":{\"@type\":\"PropertyValueSpecification\",\"valueRequired\":true,\"valueName\":\"search_term_string\"}}],\"inLanguage\":\"es\"},{\"@type\":\"Organization\",\"@id\":\"https:\/\/esbozodeportivo.com\/#organization\",\"name\":\"Esbozo Deportivo\",\"url\":\"https:\/\/esbozodeportivo.com\/\",\"logo\":{\"@type\":\"ImageObject\",\"inLanguage\":\"es\",\"@id\":\"https:\/\/esbozodeportivo.com\/#\/schema\/logo\/image\/\",\"url\":\"https:\/\/esbozodeportivo.com\/wp-content\/uploads\/2022\/08\/cropped-Logo-Esbozo-Web-2.png\",\"contentUrl\":\"https:\/\/esbozodeportivo.com\/wp-content\/uploads\/2022\/08\/cropped-Logo-Esbozo-Web-2.png\",\"width\":180,\"height\":50,\"caption\":\"Esbozo Deportivo\"},\"image\":{\"@id\":\"https:\/\/esbozodeportivo.com\/#\/schema\/logo\/image\/\"}},{\"@type\":\"Person\",\"@id\":\"https:\/\/esbozodeportivo.com\/#\/schema\/person\/0f6df9196dfe6740dd0bb31bae50d374\",\"name\":\"Redacci\u00f3n\",\"image\":{\"@type\":\"ImageObject\",\"inLanguage\":\"es\",\"@id\":\"https:\/\/esbozodeportivo.com\/#\/schema\/person\/image\/\",\"url\":\"https:\/\/secure.gravatar.com\/avatar\/f55268a89c3b418f2ef172ff52ab0d09b3e653c58de29539fe329fb93d78ebf3?s=96&d=mm&r=g\",\"contentUrl\":\"https:\/\/secure.gravatar.com\/avatar\/f55268a89c3b418f2ef172ff52ab0d09b3e653c58de29539fe329fb93d78ebf3?s=96&d=mm&r=g\",\"caption\":\"Redacci\u00f3n\"},\"url\":\"https:\/\/esbozodeportivo.com\/index.php\/author\/redaccion\/\"}]}<\/script>\n<!-- \/ Yoast SEO plugin. -->","yoast_head_json":{"title":"Isaac del Toro se acerca al t\u00edtulo - Esbozo Deportivo","description":"El mexicano Isaac Del Toro mantuvo el viernes su firme control sobre la maglia rosa del Giro de Italia, el primero de dos d\u00edas de extenuantes trayectos alpinos.","robots":{"index":"index","follow":"follow","max-snippet":"max-snippet:-1","max-image-preview":"max-image-preview:large","max-video-preview":"max-video-preview:-1"},"canonical":"https:\/\/esbozodeportivo.com\/index.php\/2025\/05\/30\/isaac-del-toro-se-acerca-al-titulo\/","og_locale":"es_MX","og_type":"article","og_title":"Isaac del Toro se acerca al t\u00edtulo - Esbozo Deportivo","og_description":"El mexicano Isaac Del Toro mantuvo el viernes su firme control sobre la maglia rosa del Giro de Italia, el primero de dos d\u00edas de extenuantes trayectos alpinos.","og_url":"https:\/\/esbozodeportivo.com\/index.php\/2025\/05\/30\/isaac-del-toro-se-acerca-al-titulo\/","og_site_name":"Esbozo Deportivo","article_published_time":"2025-05-30T22:45:38+00:00","article_modified_time":"2025-05-30T22:45:39+00:00","og_image":[{"width":1280,"height":1600,"url":"https:\/\/esbozodeportivo.com\/wp-content\/uploads\/2025\/05\/Francia6.jpg","type":"image\/jpeg"}],"author":"Redacci\u00f3n","twitter_card":"summary_large_image","twitter_misc":{"Escrito por":"Redacci\u00f3n","Tiempo de lectura":"4 minutos"},"schema":{"@context":"https:\/\/schema.org","@graph":[{"@type":"Article","@id":"https:\/\/esbozodeportivo.com\/index.php\/2025\/05\/30\/isaac-del-toro-se-acerca-al-titulo\/#article","isPartOf":{"@id":"https:\/\/esbozodeportivo.com\/index.php\/2025\/05\/30\/isaac-del-toro-se-acerca-al-titulo\/"},"author":{"name":"Redacci\u00f3n","@id":"https:\/\/esbozodeportivo.com\/#\/schema\/person\/0f6df9196dfe6740dd0bb31bae50d374"},"headline":"Isaac del Toro se acerca al t\u00edtulo","datePublished":"2025-05-30T22:45:38+00:00","dateModified":"2025-05-30T22:45:39+00:00","mainEntityOfPage":{"@id":"https:\/\/esbozodeportivo.com\/index.php\/2025\/05\/30\/isaac-del-toro-se-acerca-al-titulo\/"},"wordCount":551,"publisher":{"@id":"https:\/\/esbozodeportivo.com\/#organization"},"image":{"@id":"https:\/\/esbozodeportivo.com\/index.php\/2025\/05\/30\/isaac-del-toro-se-acerca-al-titulo\/#primaryimage"},"thumbnailUrl":"https:\/\/esbozodeportivo.com\/wp-content\/uploads\/2025\/05\/Francia6.jpg","articleSection":["Giro de Italia"],"inLanguage":"es"},{"@type":"WebPage","@id":"https:\/\/esbozodeportivo.com\/index.php\/2025\/05\/30\/isaac-del-toro-se-acerca-al-titulo\/","url":"https:\/\/esbozodeportivo.com\/index.php\/2025\/05\/30\/isaac-del-toro-se-acerca-al-titulo\/","name":"Isaac del Toro se acerca al t\u00edtulo - Esbozo Deportivo","isPartOf":{"@id":"https:\/\/esbozodeportivo.com\/#website"},"primaryImageOfPage":{"@id":"https:\/\/esbozodeportivo.com\/index.php\/2025\/05\/30\/isaac-del-toro-se-acerca-al-titulo\/#primaryimage"},"image":{"@id":"https:\/\/esbozodeportivo.com\/index.php\/2025\/05\/30\/isaac-del-toro-se-acerca-al-titulo\/#primaryimage"},"thumbnailUrl":"https:\/\/esbozodeportivo.com\/wp-content\/uploads\/2025\/05\/Francia6.jpg","datePublished":"2025-05-30T22:45:38+00:00","dateModified":"2025-05-30T22:45:39+00:00","description":"El mexicano Isaac Del Toro mantuvo el viernes su firme control sobre la maglia rosa del Giro de Italia, el primero de dos d\u00edas de extenuantes trayectos alpinos.","breadcrumb":{"@id":"https:\/\/esbozodeportivo.com\/index.php\/2025\/05\/30\/isaac-del-toro-se-acerca-al-titulo\/#breadcrumb"},"inLanguage":"es","potentialAction":[{"@type":"ReadAction","target":["https:\/\/esbozodeportivo.com\/index.php\/2025\/05\/30\/isaac-del-toro-se-acerca-al-titulo\/"]}]},{"@type":"ImageObject","inLanguage":"es","@id":"https:\/\/esbozodeportivo.com\/index.php\/2025\/05\/30\/isaac-del-toro-se-acerca-al-titulo\/#primaryimage","url":"https:\/\/esbozodeportivo.com\/wp-content\/uploads\/2025\/05\/Francia6.jpg","contentUrl":"https:\/\/esbozodeportivo.com\/wp-content\/uploads\/2025\/05\/Francia6.jpg","width":1280,"height":1600},{"@type":"BreadcrumbList","@id":"https:\/\/esbozodeportivo.com\/index.php\/2025\/05\/30\/isaac-del-toro-se-acerca-al-titulo\/#breadcrumb","itemListElement":[{"@type":"ListItem","position":1,"name":"Inicio","item":"https:\/\/esbozodeportivo.com\/"},{"@type":"ListItem","position":2,"name":"Isaac del Toro se acerca al t\u00edtulo"}]},{"@type":"WebSite","@id":"https:\/\/esbozodeportivo.com\/#website","url":"https:\/\/esbozodeportivo.com\/","name":"Esbozo Deportivo","description":"Lo m\u00e1s importante del Deporte","publisher":{"@id":"https:\/\/esbozodeportivo.com\/#organization"},"potentialAction":[{"@type":"SearchAction","target":{"@type":"EntryPoint","urlTemplate":"https:\/\/esbozodeportivo.com\/?s={search_term_string}"},"query-input":{"@type":"PropertyValueSpecification","valueRequired":true,"valueName":"search_term_string"}}],"inLanguage":"es"},{"@type":"Organization","@id":"https:\/\/esbozodeportivo.com\/#organization","name":"Esbozo Deportivo","url":"https:\/\/esbozodeportivo.com\/","logo":{"@type":"ImageObject","inLanguage":"es","@id":"https:\/\/esbozodeportivo.com\/#\/schema\/logo\/image\/","url":"https:\/\/esbozodeportivo.com\/wp-content\/uploads\/2022\/08\/cropped-Logo-Esbozo-Web-2.png","contentUrl":"https:\/\/esbozodeportivo.com\/wp-content\/uploads\/2022\/08\/cropped-Logo-Esbozo-Web-2.png","width":180,"height":50,"caption":"Esbozo Deportivo"},"image":{"@id":"https:\/\/esbozodeportivo.com\/#\/schema\/logo\/image\/"}},{"@type":"Person","@id":"https:\/\/esbozodeportivo.com\/#\/schema\/person\/0f6df9196dfe6740dd0bb31bae50d374","name":"Redacci\u00f3n","image":{"@type":"ImageObject","inLanguage":"es","@id":"https:\/\/esbozodeportivo.com\/#\/schema\/person\/image\/","url":"https:\/\/secure.gravatar.com\/avatar\/f55268a89c3b418f2ef172ff52ab0d09b3e653c58de29539fe329fb93d78ebf3?s=96&d=mm&r=g","contentUrl":"https:\/\/secure.gravatar.com\/avatar\/f55268a89c3b418f2ef172ff52ab0d09b3e653c58de29539fe329fb93d78ebf3?s=96&d=mm&r=g","caption":"Redacci\u00f3n"},"url":"https:\/\/esbozodeportivo.com\/index.php\/author\/redaccion\/"}]}},"jetpack_featured_media_url":"https:\/\/esbozodeportivo.com\/wp-content\/uploads\/2025\/05\/Francia6.jpg","jetpack_sharing_enabled":true,"_links":{"self":[{"href":"https:\/\/esbozodeportivo.com\/index.php\/wp-json\/wp\/v2\/posts\/7718","targetHints":{"allow":["GET"]}}],"collection":[{"href":"https:\/\/esbozodeportivo.com\/index.php\/wp-json\/wp\/v2\/posts"}],"about":[{"href":"https:\/\/esbozodeportivo.com\/index.php\/wp-json\/wp\/v2\/types\/post"}],"author":[{"embeddable":true,"href":"https:\/\/esbozodeportivo.com\/index.php\/wp-json\/wp\/v2\/users\/4"}],"replies":[{"embeddable":true,"href":"https:\/\/esbozodeportivo.com\/index.php\/wp-json\/wp\/v2\/comments?post=7718"}],"version-history":[{"count":1,"href":"https:\/\/esbozodeportivo.com\/index.php\/wp-json\/wp\/v2\/posts\/7718\/revisions"}],"predecessor-version":[{"id":7719,"href":"https:\/\/esbozodeportivo.com\/index.php\/wp-json\/wp\/v2\/posts\/7718\/revisions\/7719"}],"wp:featuredmedia":[{"embeddable":true,"href":"https:\/\/esbozodeportivo.com\/index.php\/wp-json\/wp\/v2\/media\/7707"}],"wp:attachment":[{"href":"https:\/\/esbozodeportivo.com\/index.php\/wp-json\/wp\/v2\/media?parent=7718"}],"wp:term":[{"taxonomy":"category","embeddable":true,"href":"https:\/\/esbozodeportivo.com\/index.php\/wp-json\/wp\/v2\/categories?post=7718"},{"taxonomy":"post_tag","embeddable":true,"href":"https:\/\/esbozodeportivo.com\/index.php\/wp-json\/wp\/v2\/tags?post=7718"}],"curies":[{"name":"wp","href":"https:\/\/api.w.org\/{rel}","templated":true}]}}