{"id":7769,"date":"2025-06-01T20:12:08","date_gmt":"2025-06-02T02:12:08","guid":{"rendered":"https:\/\/esbozodeportivo.com\/?p=7769"},"modified":"2025-06-01T20:12:09","modified_gmt":"2025-06-02T02:12:09","slug":"celebramos-el-dia-del-corredor-con-nuestro-5k-r5-y-con-record-de-participantes","status":"publish","type":"post","link":"https:\/\/esbozodeportivo.com\/index.php\/2025\/06\/01\/celebramos-el-dia-del-corredor-con-nuestro-5k-r5-y-con-record-de-participantes\/","title":{"rendered":"CELEBRAMOS EL D\u00cdA DEL CORREDOR CON NUESTRO 5K (R5) y CON R\u00c9CORD DE PARTICIPANTES"},"content":{"rendered":"\n<p>(Foto: Cortes\u00eda) <\/p>\n\n\n\n<p>El bello escenario natural del Bosque de Tlalpan, fue hoy el escenario de la 5 k y 2.5 k de <strong><em>nelsonvargas familyfitness<\/em><\/strong>, evento deportivo que nos permiti\u00f3 obtener r\u00e9cord de participantes y, al mismo tiempo, celebrar de la mejor manera el d\u00eda del corredor, con 300 atletas inscritos festejamos la pasi\u00f3n por correr.<\/p>\n\n\n\n<p>Antes de continuar, es significativo mencionar que el d\u00eda 4 de junio del a\u00f1o en curso se celebra el d\u00eda del corredor, fecha que convoca a todos los deportistas de esta disciplina en el mundo a celebrar con pasi\u00f3n y, sobre todo, a festejar la fecha entorno a la pr\u00e1ctica del ejercicio como un estilo de vida.<\/p>\n\n\n\n<figure class=\"wp-block-image size-large\"><img loading=\"lazy\" decoding=\"async\" width=\"1024\" height=\"768\" src=\"https:\/\/esbozodeportivo.com\/wp-content\/uploads\/2025\/06\/carrera1-1024x768.jpg\" alt=\"\" class=\"wp-image-7750\" srcset=\"https:\/\/esbozodeportivo.com\/wp-content\/uploads\/2025\/06\/carrera1-1024x768.jpg 1024w, https:\/\/esbozodeportivo.com\/wp-content\/uploads\/2025\/06\/carrera1-300x225.jpg 300w, https:\/\/esbozodeportivo.com\/wp-content\/uploads\/2025\/06\/carrera1-768x576.jpg 768w, https:\/\/esbozodeportivo.com\/wp-content\/uploads\/2025\/06\/carrera1-1536x1152.jpg 1536w, https:\/\/esbozodeportivo.com\/wp-content\/uploads\/2025\/06\/carrera1.jpg 1600w\" sizes=\"auto, (max-width: 1024px) 100vw, 1024px\" \/><\/figure>\n\n\n\n<p>(Foto: Cortes\u00eda) <\/p>\n\n\n\n<p>Los 280 atletas inscritos hacen parte de un plan estructurado e innovador que busca vincular a otros escenarios, espacios y formas de competir a cada uno de nuestros usuarios, proyect\u00e1ndonos a abrir estas \u00e1reas de competencia, m\u00e1s adelante, a atletas externos. De destacarse que se cont\u00f3 con la participaci\u00f3n de atletas desde los 11 y 12 a\u00f1os, quienes junto a los deportistas de la categor\u00eda 13 a 15 a\u00f1os compitieron en la distancia de 2.5 k.<\/p>\n\n\n\n<p>Por otra parte, es de darse a conocer que hicieron presencia miembros del equipo de nataci\u00f3n de <strong><em>acu\u00e1tica nelsonvargas<\/em><\/strong>, quienes, a cargo del entrenador, Eduardo Mart\u00ednez, consideraron este tipo de competencia, como: <em>\u201c\u2026 Parte de la preparaci\u00f3n para el cierre de temporada, el atletismo contribuye a nuestros deportistas a mejorar su rendimiento, pero tambi\u00e9n a compartir en otros espacios con los compa\u00f1eros de equipo, conjuntamente, creando lazos que les permitan crecer como extraordinarios seres humanos\u2026\u201d.<\/em><\/p>\n\n\n\n<figure class=\"wp-block-image size-large\"><img loading=\"lazy\" decoding=\"async\" width=\"767\" height=\"1024\" src=\"https:\/\/esbozodeportivo.com\/wp-content\/uploads\/2025\/06\/carrera2-767x1024.jpg\" alt=\"\" class=\"wp-image-7751\" srcset=\"https:\/\/esbozodeportivo.com\/wp-content\/uploads\/2025\/06\/carrera2-767x1024.jpg 767w, https:\/\/esbozodeportivo.com\/wp-content\/uploads\/2025\/06\/carrera2-225x300.jpg 225w, https:\/\/esbozodeportivo.com\/wp-content\/uploads\/2025\/06\/carrera2-768x1025.jpg 768w, https:\/\/esbozodeportivo.com\/wp-content\/uploads\/2025\/06\/carrera2.jpg 959w\" sizes=\"auto, (max-width: 767px) 100vw, 767px\" \/><\/figure>\n\n\n\n<p>(Foto: Cortes\u00eda) <\/p>\n\n\n\n<p>Los medallistas de oro, fueron:<\/p>\n\n\n\n<figure class=\"wp-block-table\"><table class=\"has-fixed-layout\"><tbody><tr><td><strong>PRESEA<\/strong><\/td><td><strong>NOMBRE<\/strong><\/td><td><strong>TIEMPO<\/strong><\/td><td><strong>CATEGOR\u00cdA<\/strong><\/td><td><strong>DISTANCIA<\/strong><\/td><\/tr><tr><td>Oro<\/td><td>Luna Ru\u00edz Aguirre<\/td><td>00.07.12<\/td><td>11 \u2013 12 a\u00f1os<\/td><td>2.5 km<\/td><\/tr><tr><td>Oro<\/td><td>Sophia Valentina Escamilla Mora<\/td><td>00.09.57<\/td><td>13 \u2013 14 a\u00f1os<\/td><td>2.5 km<\/td><\/tr><tr><td>Oro<\/td><td>Rafael Carrillo Mijares<\/td><td>00.09.02<\/td><td>11 \u2013 12 a\u00f1os<\/td><td>2.5 km<\/td><\/tr><tr><td>Oro<\/td><td>Iker Eduardo Mart\u00ednez Villaruel<\/td><td>00.08.19<\/td><td>13 \u2013 15 a\u00f1os<\/td><td>2.5 km<\/td><\/tr><tr><td>Oro<\/td><td>Ana Montes de Oca<\/td><td>00.29.12<\/td><td>16 \u2013 19 a\u00f1os<\/td><td>5 km<\/td><\/tr><tr><td>Oro<\/td><td>Belca Mart\u00ednez L\u00f3pez<\/td><td>00.20.05<\/td><td>20 \u2013 29 a\u00f1os<\/td><td>5 km<\/td><\/tr><tr><td>Oro<\/td><td>Aura Yuritzi Orozco Herrera<\/td><td>00.22.39<\/td><td>30 \u2013 39 a\u00f1os<\/td><td>5 km<\/td><\/tr><tr><td>Oro<\/td><td>Alejandra L\u00f3pez Ram\u00edrez<\/td><td>00.24.14<\/td><td>40 \u2013 49 a\u00f1os<\/td><td>5 km<\/td><\/tr><tr><td>Oro<\/td><td>Gabriela Jim\u00e9nez S\u00e1nchez<\/td><td>00.22.20<\/td><td>50 y mayores<\/td><td>5 km<\/td><\/tr><tr><td>Oro<\/td><td>Santiago Saloma Becker<\/td><td>00.21.25<\/td><td>16 \u2013 19 a\u00f1os<\/td><td>5 km<\/td><\/tr><tr><td>Oro<\/td><td>Mario Trujillo Hern\u00e1ndez<\/td><td>00.18.03<\/td><td>20 \u2013 29 a\u00f1os<\/td><td>5 km<\/td><\/tr><tr><td>Oro<\/td><td>Roberto Memije Castillo<\/td><td>00.18.25<\/td><td>30 \u2013 39 a\u00f1os<\/td><td>5 km<\/td><\/tr><tr><td>Oro<\/td><td>David Luis Z\u00fa\u00f1iga Ch\u00e1vez<\/td><td>00.20.34<\/td><td>40 \u2013 49 a\u00f1os<\/td><td>5 km<\/td><\/tr><tr><td>Oro<\/td><td>Francisco Jos\u00e9 Orozco Uribe<\/td><td>00.22.03<\/td><td>50 y mayores<\/td><td>5 km<\/td><\/tr><\/tbody><\/table><\/figure>\n\n\n\n<figure class=\"wp-block-image size-large\"><img loading=\"lazy\" decoding=\"async\" width=\"1024\" height=\"768\" src=\"https:\/\/esbozodeportivo.com\/wp-content\/uploads\/2025\/06\/carrera3-1024x768.jpg\" alt=\"\" class=\"wp-image-7752\" srcset=\"https:\/\/esbozodeportivo.com\/wp-content\/uploads\/2025\/06\/carrera3-1024x768.jpg 1024w, https:\/\/esbozodeportivo.com\/wp-content\/uploads\/2025\/06\/carrera3-300x225.jpg 300w, https:\/\/esbozodeportivo.com\/wp-content\/uploads\/2025\/06\/carrera3-768x576.jpg 768w, https:\/\/esbozodeportivo.com\/wp-content\/uploads\/2025\/06\/carrera3-1536x1152.jpg 1536w, https:\/\/esbozodeportivo.com\/wp-content\/uploads\/2025\/06\/carrera3.jpg 1600w\" sizes=\"auto, (max-width: 1024px) 100vw, 1024px\" \/><\/figure>\n\n\n\n<p>(Foto: Cortes\u00eda) <\/p>\n\n\n\n<p><\/p>\n","protected":false},"excerpt":{"rendered":"<p>(Foto: Cortes\u00eda) El bello escenario natural del Bosque de Tlalpan, fue hoy el escenario de<\/p>\n","protected":false},"author":4,"featured_media":7749,"comment_status":"closed","ping_status":"open","sticky":false,"template":"","format":"standard","meta":{"_jetpack_memberships_contains_paid_content":false,"footnotes":""},"categories":[5],"tags":[],"class_list":["post-7769","post","type-post","status-publish","format-standard","has-post-thumbnail","hentry","category-amateur"],"yoast_head":"<!-- This site is optimized with the Yoast SEO plugin v25.7 - https:\/\/yoast.com\/wordpress\/plugins\/seo\/ -->\n<title>CELEBRAMOS EL D\u00cdA DEL CORREDOR CON NUESTRO 5K (R5) y CON R\u00c9CORD DE PARTICIPANTES - Esbozo Deportivo<\/title>\n<meta name=\"description\" content=\"El bello escenario natural del Bosque de Tlalpan, fue hoy el escenario de la 5 k y 2.5 k de nelsonvargas familyfitness, evento deportivo que nos permiti\u00f3 obtener r\u00e9cord de participantes y, al mismo tiempo, celebrar de la mejor manera el d\u00eda del corredor, con 300 atletas inscritos festejamos la pasi\u00f3n por correr.\" \/>\n<meta name=\"robots\" content=\"index, follow, max-snippet:-1, max-image-preview:large, max-video-preview:-1\" \/>\n<link rel=\"canonical\" href=\"https:\/\/esbozodeportivo.com\/index.php\/2025\/06\/01\/celebramos-el-dia-del-corredor-con-nuestro-5k-r5-y-con-record-de-participantes\/\" \/>\n<meta property=\"og:locale\" content=\"es_MX\" \/>\n<meta property=\"og:type\" content=\"article\" \/>\n<meta property=\"og:title\" content=\"CELEBRAMOS EL D\u00cdA DEL CORREDOR CON NUESTRO 5K (R5) y CON R\u00c9CORD DE PARTICIPANTES - Esbozo Deportivo\" \/>\n<meta property=\"og:description\" content=\"El bello escenario natural del Bosque de Tlalpan, fue hoy el escenario de la 5 k y 2.5 k de nelsonvargas familyfitness, evento deportivo que nos permiti\u00f3 obtener r\u00e9cord de participantes y, al mismo tiempo, celebrar de la mejor manera el d\u00eda del corredor, con 300 atletas inscritos festejamos la pasi\u00f3n por correr.\" \/>\n<meta property=\"og:url\" content=\"https:\/\/esbozodeportivo.com\/index.php\/2025\/06\/01\/celebramos-el-dia-del-corredor-con-nuestro-5k-r5-y-con-record-de-participantes\/\" \/>\n<meta property=\"og:site_name\" content=\"Esbozo Deportivo\" \/>\n<meta property=\"article:published_time\" content=\"2025-06-02T02:12:08+00:00\" \/>\n<meta property=\"article:modified_time\" content=\"2025-06-02T02:12:09+00:00\" \/>\n<meta property=\"og:image\" content=\"https:\/\/esbozodeportivo.com\/wp-content\/uploads\/2025\/06\/carrera.jpg\" \/>\n\t<meta property=\"og:image:width\" content=\"1600\" \/>\n\t<meta property=\"og:image:height\" content=\"1200\" \/>\n\t<meta property=\"og:image:type\" content=\"image\/jpeg\" \/>\n<meta name=\"author\" content=\"Redacci\u00f3n\" \/>\n<meta name=\"twitter:card\" content=\"summary_large_image\" \/>\n<meta name=\"twitter:label1\" content=\"Escrito por\" \/>\n\t<meta name=\"twitter:data1\" content=\"Redacci\u00f3n\" \/>\n\t<meta name=\"twitter:label2\" content=\"Tiempo de lectura\" \/>\n\t<meta name=\"twitter:data2\" content=\"3 minutos\" \/>\n<script type=\"application\/ld+json\" class=\"yoast-schema-graph\">{\"@context\":\"https:\/\/schema.org\",\"@graph\":[{\"@type\":\"Article\",\"@id\":\"https:\/\/esbozodeportivo.com\/index.php\/2025\/06\/01\/celebramos-el-dia-del-corredor-con-nuestro-5k-r5-y-con-record-de-participantes\/#article\",\"isPartOf\":{\"@id\":\"https:\/\/esbozodeportivo.com\/index.php\/2025\/06\/01\/celebramos-el-dia-del-corredor-con-nuestro-5k-r5-y-con-record-de-participantes\/\"},\"author\":{\"name\":\"Redacci\u00f3n\",\"@id\":\"https:\/\/esbozodeportivo.com\/#\/schema\/person\/0f6df9196dfe6740dd0bb31bae50d374\"},\"headline\":\"CELEBRAMOS EL D\u00cdA DEL CORREDOR CON NUESTRO 5K (R5) y CON R\u00c9CORD DE PARTICIPANTES\",\"datePublished\":\"2025-06-02T02:12:08+00:00\",\"dateModified\":\"2025-06-02T02:12:09+00:00\",\"mainEntityOfPage\":{\"@id\":\"https:\/\/esbozodeportivo.com\/index.php\/2025\/06\/01\/celebramos-el-dia-del-corredor-con-nuestro-5k-r5-y-con-record-de-participantes\/\"},\"wordCount\":424,\"publisher\":{\"@id\":\"https:\/\/esbozodeportivo.com\/#organization\"},\"image\":{\"@id\":\"https:\/\/esbozodeportivo.com\/index.php\/2025\/06\/01\/celebramos-el-dia-del-corredor-con-nuestro-5k-r5-y-con-record-de-participantes\/#primaryimage\"},\"thumbnailUrl\":\"https:\/\/esbozodeportivo.com\/wp-content\/uploads\/2025\/06\/carrera.jpg\",\"articleSection\":[\"Amateur\"],\"inLanguage\":\"es\"},{\"@type\":\"WebPage\",\"@id\":\"https:\/\/esbozodeportivo.com\/index.php\/2025\/06\/01\/celebramos-el-dia-del-corredor-con-nuestro-5k-r5-y-con-record-de-participantes\/\",\"url\":\"https:\/\/esbozodeportivo.com\/index.php\/2025\/06\/01\/celebramos-el-dia-del-corredor-con-nuestro-5k-r5-y-con-record-de-participantes\/\",\"name\":\"CELEBRAMOS EL D\u00cdA DEL CORREDOR CON NUESTRO 5K (R5) y CON R\u00c9CORD DE PARTICIPANTES - Esbozo Deportivo\",\"isPartOf\":{\"@id\":\"https:\/\/esbozodeportivo.com\/#website\"},\"primaryImageOfPage\":{\"@id\":\"https:\/\/esbozodeportivo.com\/index.php\/2025\/06\/01\/celebramos-el-dia-del-corredor-con-nuestro-5k-r5-y-con-record-de-participantes\/#primaryimage\"},\"image\":{\"@id\":\"https:\/\/esbozodeportivo.com\/index.php\/2025\/06\/01\/celebramos-el-dia-del-corredor-con-nuestro-5k-r5-y-con-record-de-participantes\/#primaryimage\"},\"thumbnailUrl\":\"https:\/\/esbozodeportivo.com\/wp-content\/uploads\/2025\/06\/carrera.jpg\",\"datePublished\":\"2025-06-02T02:12:08+00:00\",\"dateModified\":\"2025-06-02T02:12:09+00:00\",\"description\":\"El bello escenario natural del Bosque de Tlalpan, fue hoy el escenario de la 5 k y 2.5 k de nelsonvargas familyfitness, evento deportivo que nos permiti\u00f3 obtener r\u00e9cord de participantes y, al mismo tiempo, celebrar de la mejor manera el d\u00eda del corredor, con 300 atletas inscritos festejamos la pasi\u00f3n por correr.\",\"breadcrumb\":{\"@id\":\"https:\/\/esbozodeportivo.com\/index.php\/2025\/06\/01\/celebramos-el-dia-del-corredor-con-nuestro-5k-r5-y-con-record-de-participantes\/#breadcrumb\"},\"inLanguage\":\"es\",\"potentialAction\":[{\"@type\":\"ReadAction\",\"target\":[\"https:\/\/esbozodeportivo.com\/index.php\/2025\/06\/01\/celebramos-el-dia-del-corredor-con-nuestro-5k-r5-y-con-record-de-participantes\/\"]}]},{\"@type\":\"ImageObject\",\"inLanguage\":\"es\",\"@id\":\"https:\/\/esbozodeportivo.com\/index.php\/2025\/06\/01\/celebramos-el-dia-del-corredor-con-nuestro-5k-r5-y-con-record-de-participantes\/#primaryimage\",\"url\":\"https:\/\/esbozodeportivo.com\/wp-content\/uploads\/2025\/06\/carrera.jpg\",\"contentUrl\":\"https:\/\/esbozodeportivo.com\/wp-content\/uploads\/2025\/06\/carrera.jpg\",\"width\":1600,\"height\":1200},{\"@type\":\"BreadcrumbList\",\"@id\":\"https:\/\/esbozodeportivo.com\/index.php\/2025\/06\/01\/celebramos-el-dia-del-corredor-con-nuestro-5k-r5-y-con-record-de-participantes\/#breadcrumb\",\"itemListElement\":[{\"@type\":\"ListItem\",\"position\":1,\"name\":\"Inicio\",\"item\":\"https:\/\/esbozodeportivo.com\/\"},{\"@type\":\"ListItem\",\"position\":2,\"name\":\"CELEBRAMOS EL D\u00cdA DEL CORREDOR CON NUESTRO 5K (R5) y CON R\u00c9CORD DE PARTICIPANTES\"}]},{\"@type\":\"WebSite\",\"@id\":\"https:\/\/esbozodeportivo.com\/#website\",\"url\":\"https:\/\/esbozodeportivo.com\/\",\"name\":\"Esbozo Deportivo\",\"description\":\"Lo m\u00e1s importante del Deporte\",\"publisher\":{\"@id\":\"https:\/\/esbozodeportivo.com\/#organization\"},\"potentialAction\":[{\"@type\":\"SearchAction\",\"target\":{\"@type\":\"EntryPoint\",\"urlTemplate\":\"https:\/\/esbozodeportivo.com\/?s={search_term_string}\"},\"query-input\":{\"@type\":\"PropertyValueSpecification\",\"valueRequired\":true,\"valueName\":\"search_term_string\"}}],\"inLanguage\":\"es\"},{\"@type\":\"Organization\",\"@id\":\"https:\/\/esbozodeportivo.com\/#organization\",\"name\":\"Esbozo Deportivo\",\"url\":\"https:\/\/esbozodeportivo.com\/\",\"logo\":{\"@type\":\"ImageObject\",\"inLanguage\":\"es\",\"@id\":\"https:\/\/esbozodeportivo.com\/#\/schema\/logo\/image\/\",\"url\":\"https:\/\/esbozodeportivo.com\/wp-content\/uploads\/2022\/08\/cropped-Logo-Esbozo-Web-2.png\",\"contentUrl\":\"https:\/\/esbozodeportivo.com\/wp-content\/uploads\/2022\/08\/cropped-Logo-Esbozo-Web-2.png\",\"width\":180,\"height\":50,\"caption\":\"Esbozo Deportivo\"},\"image\":{\"@id\":\"https:\/\/esbozodeportivo.com\/#\/schema\/logo\/image\/\"}},{\"@type\":\"Person\",\"@id\":\"https:\/\/esbozodeportivo.com\/#\/schema\/person\/0f6df9196dfe6740dd0bb31bae50d374\",\"name\":\"Redacci\u00f3n\",\"image\":{\"@type\":\"ImageObject\",\"inLanguage\":\"es\",\"@id\":\"https:\/\/esbozodeportivo.com\/#\/schema\/person\/image\/\",\"url\":\"https:\/\/secure.gravatar.com\/avatar\/f55268a89c3b418f2ef172ff52ab0d09b3e653c58de29539fe329fb93d78ebf3?s=96&d=mm&r=g\",\"contentUrl\":\"https:\/\/secure.gravatar.com\/avatar\/f55268a89c3b418f2ef172ff52ab0d09b3e653c58de29539fe329fb93d78ebf3?s=96&d=mm&r=g\",\"caption\":\"Redacci\u00f3n\"},\"url\":\"https:\/\/esbozodeportivo.com\/index.php\/author\/redaccion\/\"}]}<\/script>\n<!-- \/ Yoast SEO plugin. -->","yoast_head_json":{"title":"CELEBRAMOS EL D\u00cdA DEL CORREDOR CON NUESTRO 5K (R5) y CON R\u00c9CORD DE PARTICIPANTES - Esbozo Deportivo","description":"El bello escenario natural del Bosque de Tlalpan, fue hoy el escenario de la 5 k y 2.5 k de nelsonvargas familyfitness, evento deportivo que nos permiti\u00f3 obtener r\u00e9cord de participantes y, al mismo tiempo, celebrar de la mejor manera el d\u00eda del corredor, con 300 atletas inscritos festejamos la pasi\u00f3n por correr.","robots":{"index":"index","follow":"follow","max-snippet":"max-snippet:-1","max-image-preview":"max-image-preview:large","max-video-preview":"max-video-preview:-1"},"canonical":"https:\/\/esbozodeportivo.com\/index.php\/2025\/06\/01\/celebramos-el-dia-del-corredor-con-nuestro-5k-r5-y-con-record-de-participantes\/","og_locale":"es_MX","og_type":"article","og_title":"CELEBRAMOS EL D\u00cdA DEL CORREDOR CON NUESTRO 5K (R5) y CON R\u00c9CORD DE PARTICIPANTES - Esbozo Deportivo","og_description":"El bello escenario natural del Bosque de Tlalpan, fue hoy el escenario de la 5 k y 2.5 k de nelsonvargas familyfitness, evento deportivo que nos permiti\u00f3 obtener r\u00e9cord de participantes y, al mismo tiempo, celebrar de la mejor manera el d\u00eda del corredor, con 300 atletas inscritos festejamos la pasi\u00f3n por correr.","og_url":"https:\/\/esbozodeportivo.com\/index.php\/2025\/06\/01\/celebramos-el-dia-del-corredor-con-nuestro-5k-r5-y-con-record-de-participantes\/","og_site_name":"Esbozo Deportivo","article_published_time":"2025-06-02T02:12:08+00:00","article_modified_time":"2025-06-02T02:12:09+00:00","og_image":[{"width":1600,"height":1200,"url":"https:\/\/esbozodeportivo.com\/wp-content\/uploads\/2025\/06\/carrera.jpg","type":"image\/jpeg"}],"author":"Redacci\u00f3n","twitter_card":"summary_large_image","twitter_misc":{"Escrito por":"Redacci\u00f3n","Tiempo de lectura":"3 minutos"},"schema":{"@context":"https:\/\/schema.org","@graph":[{"@type":"Article","@id":"https:\/\/esbozodeportivo.com\/index.php\/2025\/06\/01\/celebramos-el-dia-del-corredor-con-nuestro-5k-r5-y-con-record-de-participantes\/#article","isPartOf":{"@id":"https:\/\/esbozodeportivo.com\/index.php\/2025\/06\/01\/celebramos-el-dia-del-corredor-con-nuestro-5k-r5-y-con-record-de-participantes\/"},"author":{"name":"Redacci\u00f3n","@id":"https:\/\/esbozodeportivo.com\/#\/schema\/person\/0f6df9196dfe6740dd0bb31bae50d374"},"headline":"CELEBRAMOS EL D\u00cdA DEL CORREDOR CON NUESTRO 5K (R5) y CON R\u00c9CORD DE PARTICIPANTES","datePublished":"2025-06-02T02:12:08+00:00","dateModified":"2025-06-02T02:12:09+00:00","mainEntityOfPage":{"@id":"https:\/\/esbozodeportivo.com\/index.php\/2025\/06\/01\/celebramos-el-dia-del-corredor-con-nuestro-5k-r5-y-con-record-de-participantes\/"},"wordCount":424,"publisher":{"@id":"https:\/\/esbozodeportivo.com\/#organization"},"image":{"@id":"https:\/\/esbozodeportivo.com\/index.php\/2025\/06\/01\/celebramos-el-dia-del-corredor-con-nuestro-5k-r5-y-con-record-de-participantes\/#primaryimage"},"thumbnailUrl":"https:\/\/esbozodeportivo.com\/wp-content\/uploads\/2025\/06\/carrera.jpg","articleSection":["Amateur"],"inLanguage":"es"},{"@type":"WebPage","@id":"https:\/\/esbozodeportivo.com\/index.php\/2025\/06\/01\/celebramos-el-dia-del-corredor-con-nuestro-5k-r5-y-con-record-de-participantes\/","url":"https:\/\/esbozodeportivo.com\/index.php\/2025\/06\/01\/celebramos-el-dia-del-corredor-con-nuestro-5k-r5-y-con-record-de-participantes\/","name":"CELEBRAMOS EL D\u00cdA DEL CORREDOR CON NUESTRO 5K (R5) y CON R\u00c9CORD DE PARTICIPANTES - Esbozo Deportivo","isPartOf":{"@id":"https:\/\/esbozodeportivo.com\/#website"},"primaryImageOfPage":{"@id":"https:\/\/esbozodeportivo.com\/index.php\/2025\/06\/01\/celebramos-el-dia-del-corredor-con-nuestro-5k-r5-y-con-record-de-participantes\/#primaryimage"},"image":{"@id":"https:\/\/esbozodeportivo.com\/index.php\/2025\/06\/01\/celebramos-el-dia-del-corredor-con-nuestro-5k-r5-y-con-record-de-participantes\/#primaryimage"},"thumbnailUrl":"https:\/\/esbozodeportivo.com\/wp-content\/uploads\/2025\/06\/carrera.jpg","datePublished":"2025-06-02T02:12:08+00:00","dateModified":"2025-06-02T02:12:09+00:00","description":"El bello escenario natural del Bosque de Tlalpan, fue hoy el escenario de la 5 k y 2.5 k de nelsonvargas familyfitness, evento deportivo que nos permiti\u00f3 obtener r\u00e9cord de participantes y, al mismo tiempo, celebrar de la mejor manera el d\u00eda del corredor, con 300 atletas inscritos festejamos la pasi\u00f3n por correr.","breadcrumb":{"@id":"https:\/\/esbozodeportivo.com\/index.php\/2025\/06\/01\/celebramos-el-dia-del-corredor-con-nuestro-5k-r5-y-con-record-de-participantes\/#breadcrumb"},"inLanguage":"es","potentialAction":[{"@type":"ReadAction","target":["https:\/\/esbozodeportivo.com\/index.php\/2025\/06\/01\/celebramos-el-dia-del-corredor-con-nuestro-5k-r5-y-con-record-de-participantes\/"]}]},{"@type":"ImageObject","inLanguage":"es","@id":"https:\/\/esbozodeportivo.com\/index.php\/2025\/06\/01\/celebramos-el-dia-del-corredor-con-nuestro-5k-r5-y-con-record-de-participantes\/#primaryimage","url":"https:\/\/esbozodeportivo.com\/wp-content\/uploads\/2025\/06\/carrera.jpg","contentUrl":"https:\/\/esbozodeportivo.com\/wp-content\/uploads\/2025\/06\/carrera.jpg","width":1600,"height":1200},{"@type":"BreadcrumbList","@id":"https:\/\/esbozodeportivo.com\/index.php\/2025\/06\/01\/celebramos-el-dia-del-corredor-con-nuestro-5k-r5-y-con-record-de-participantes\/#breadcrumb","itemListElement":[{"@type":"ListItem","position":1,"name":"Inicio","item":"https:\/\/esbozodeportivo.com\/"},{"@type":"ListItem","position":2,"name":"CELEBRAMOS EL D\u00cdA DEL CORREDOR CON NUESTRO 5K (R5) y CON R\u00c9CORD DE PARTICIPANTES"}]},{"@type":"WebSite","@id":"https:\/\/esbozodeportivo.com\/#website","url":"https:\/\/esbozodeportivo.com\/","name":"Esbozo Deportivo","description":"Lo m\u00e1s importante del Deporte","publisher":{"@id":"https:\/\/esbozodeportivo.com\/#organization"},"potentialAction":[{"@type":"SearchAction","target":{"@type":"EntryPoint","urlTemplate":"https:\/\/esbozodeportivo.com\/?s={search_term_string}"},"query-input":{"@type":"PropertyValueSpecification","valueRequired":true,"valueName":"search_term_string"}}],"inLanguage":"es"},{"@type":"Organization","@id":"https:\/\/esbozodeportivo.com\/#organization","name":"Esbozo Deportivo","url":"https:\/\/esbozodeportivo.com\/","logo":{"@type":"ImageObject","inLanguage":"es","@id":"https:\/\/esbozodeportivo.com\/#\/schema\/logo\/image\/","url":"https:\/\/esbozodeportivo.com\/wp-content\/uploads\/2022\/08\/cropped-Logo-Esbozo-Web-2.png","contentUrl":"https:\/\/esbozodeportivo.com\/wp-content\/uploads\/2022\/08\/cropped-Logo-Esbozo-Web-2.png","width":180,"height":50,"caption":"Esbozo Deportivo"},"image":{"@id":"https:\/\/esbozodeportivo.com\/#\/schema\/logo\/image\/"}},{"@type":"Person","@id":"https:\/\/esbozodeportivo.com\/#\/schema\/person\/0f6df9196dfe6740dd0bb31bae50d374","name":"Redacci\u00f3n","image":{"@type":"ImageObject","inLanguage":"es","@id":"https:\/\/esbozodeportivo.com\/#\/schema\/person\/image\/","url":"https:\/\/secure.gravatar.com\/avatar\/f55268a89c3b418f2ef172ff52ab0d09b3e653c58de29539fe329fb93d78ebf3?s=96&d=mm&r=g","contentUrl":"https:\/\/secure.gravatar.com\/avatar\/f55268a89c3b418f2ef172ff52ab0d09b3e653c58de29539fe329fb93d78ebf3?s=96&d=mm&r=g","caption":"Redacci\u00f3n"},"url":"https:\/\/esbozodeportivo.com\/index.php\/author\/redaccion\/"}]}},"jetpack_featured_media_url":"https:\/\/esbozodeportivo.com\/wp-content\/uploads\/2025\/06\/carrera.jpg","jetpack_sharing_enabled":true,"_links":{"self":[{"href":"https:\/\/esbozodeportivo.com\/index.php\/wp-json\/wp\/v2\/posts\/7769","targetHints":{"allow":["GET"]}}],"collection":[{"href":"https:\/\/esbozodeportivo.com\/index.php\/wp-json\/wp\/v2\/posts"}],"about":[{"href":"https:\/\/esbozodeportivo.com\/index.php\/wp-json\/wp\/v2\/types\/post"}],"author":[{"embeddable":true,"href":"https:\/\/esbozodeportivo.com\/index.php\/wp-json\/wp\/v2\/users\/4"}],"replies":[{"embeddable":true,"href":"https:\/\/esbozodeportivo.com\/index.php\/wp-json\/wp\/v2\/comments?post=7769"}],"version-history":[{"count":1,"href":"https:\/\/esbozodeportivo.com\/index.php\/wp-json\/wp\/v2\/posts\/7769\/revisions"}],"predecessor-version":[{"id":7770,"href":"https:\/\/esbozodeportivo.com\/index.php\/wp-json\/wp\/v2\/posts\/7769\/revisions\/7770"}],"wp:featuredmedia":[{"embeddable":true,"href":"https:\/\/esbozodeportivo.com\/index.php\/wp-json\/wp\/v2\/media\/7749"}],"wp:attachment":[{"href":"https:\/\/esbozodeportivo.com\/index.php\/wp-json\/wp\/v2\/media?parent=7769"}],"wp:term":[{"taxonomy":"category","embeddable":true,"href":"https:\/\/esbozodeportivo.com\/index.php\/wp-json\/wp\/v2\/categories?post=7769"},{"taxonomy":"post_tag","embeddable":true,"href":"https:\/\/esbozodeportivo.com\/index.php\/wp-json\/wp\/v2\/tags?post=7769"}],"curies":[{"name":"wp","href":"https:\/\/api.w.org\/{rel}","templated":true}]}}