{"id":7786,"date":"2025-06-02T21:00:23","date_gmt":"2025-06-03T03:00:23","guid":{"rendered":"https:\/\/esbozodeportivo.com\/?p=7786"},"modified":"2025-06-02T21:00:24","modified_gmt":"2025-06-03T03:00:24","slug":"anv-sigue-sumando-preseas-al-estado-de-mexico","status":"publish","type":"post","link":"https:\/\/esbozodeportivo.com\/index.php\/2025\/06\/02\/anv-sigue-sumando-preseas-al-estado-de-mexico\/","title":{"rendered":"ANV SIGUE SUMANDO PRESEAS AL ESTADO DE M\u00c9XICO"},"content":{"rendered":"\n<p>Jesica Perla Garc\u00eda (Foto: acuaticanelsonvargas) <\/p>\n\n\n\n<p>Nueva jornada de la Olimpiada Nacional de Nataci\u00f3n 2025, evento deportivo donde se dan cita 859 nadadores de todo el pa\u00eds, representando a los 32 estados y a los equipos de la UNAM y el IMSS y donde <strong><em>acu\u00e1tica nelsonvargas<\/em><\/strong> hace un significativo aporte al equipo del Estado de M\u00e9xico, bajo el mando de su director del deporte el Maestro Manuel Sotomayor Landecho.<\/p>\n\n\n\n<p>En esta jornada de finales dos atletas de <strong><em>anv<\/em><\/strong> sumaron medallas, un oro y un bronce que le permiten seguir ratificando a esta instituci\u00f3n por su calidad y excelencia. Con el oro se alz\u00f3, Jos\u00e9 Roberto Lever Gonz\u00e1lez, quien en la prueba de 200 m pecho conquist\u00f3 el centro del p\u00f3dium con un tiempo, de: 02.31.17, tiempo que le permiti\u00f3 liderar esta prueba en la categor\u00eda 13 \u2013 14 a\u00f1os.<\/p>\n\n\n\n<p><\/p>\n\n\n\n<figure class=\"wp-block-image size-large\"><img loading=\"lazy\" decoding=\"async\" width=\"768\" height=\"1024\" src=\"https:\/\/esbozodeportivo.com\/wp-content\/uploads\/2025\/06\/Acuatica4jpg-768x1024.jpg\" alt=\"\" class=\"wp-image-7791\" srcset=\"https:\/\/esbozodeportivo.com\/wp-content\/uploads\/2025\/06\/Acuatica4jpg-768x1023.jpg 768w, https:\/\/esbozodeportivo.com\/wp-content\/uploads\/2025\/06\/Acuatica4jpg-225x300.jpg 225w, https:\/\/esbozodeportivo.com\/wp-content\/uploads\/2025\/06\/Acuatica4jpg-1153x1536.jpg 1153w, https:\/\/esbozodeportivo.com\/wp-content\/uploads\/2025\/06\/Acuatica4jpg-1024x1364.jpg 1024w, https:\/\/esbozodeportivo.com\/wp-content\/uploads\/2025\/06\/Acuatica4jpg.jpg 1200w\" sizes=\"auto, (max-width: 768px) 100vw, 768px\" \/><\/figure>\n\n\n\n<p>Jos\u00e9 Roberto Lever (Foto: aciaticanelsonvargas) <\/p>\n\n\n\n<p>Por otra parte, su compa\u00f1era de equipo, Jessica Perla Garc\u00eda God\u00ednez, en la prueba de largo aliento los 400 m libre obtuvo la tercera plaza, con. 04.39.15, tiempo que consolid\u00f3 y permiti\u00f3 obtener la de bronce en la categor\u00eda 13 \u2013 14 a\u00f1os.<\/p>\n\n\n\n<p>Antes de finalizar, es de resaltarse 10 de nuestros mejores atletas lograron estar en al menos una final de la jornada de hoy, lo que nos permite asegurar que las preseas se seguir\u00e1n sumando durante los d\u00edas restantes de este evento, pero m\u00e1s que eso, estamos garantizando que el futuro de la nataci\u00f3n se est\u00e1 construyendo con cada brazada y con cada patada de nuestros atletas y el apoyo irrestricto de los padres de familia.<\/p>\n\n\n\n<figure class=\"wp-block-image size-large\"><img loading=\"lazy\" decoding=\"async\" width=\"768\" height=\"1024\" src=\"https:\/\/esbozodeportivo.com\/wp-content\/uploads\/2025\/06\/Acuatica5jpg-768x1024.jpg\" alt=\"\" class=\"wp-image-7792\" srcset=\"https:\/\/esbozodeportivo.com\/wp-content\/uploads\/2025\/06\/Acuatica5jpg-768x1023.jpg 768w, https:\/\/esbozodeportivo.com\/wp-content\/uploads\/2025\/06\/Acuatica5jpg-225x300.jpg 225w, https:\/\/esbozodeportivo.com\/wp-content\/uploads\/2025\/06\/Acuatica5jpg-1153x1536.jpg 1153w, https:\/\/esbozodeportivo.com\/wp-content\/uploads\/2025\/06\/Acuatica5jpg-1024x1364.jpg 1024w, https:\/\/esbozodeportivo.com\/wp-content\/uploads\/2025\/06\/Acuatica5jpg.jpg 1200w\" sizes=\"auto, (max-width: 768px) 100vw, 768px\" \/><\/figure>\n\n\n\n<p>(Foto: acuaticanelsonvargas) <\/p>\n\n\n\n<p>Los medallistas de la jornada fueron:<\/p>\n\n\n\n<figure class=\"wp-block-table\"><table class=\"has-fixed-layout\"><tbody><tr><td><strong>PRESEA<\/strong><\/td><td><strong>NOMBRE<\/strong><\/td><td><strong>APELLIDOS<\/strong><\/td><td><strong>ANV<\/strong><\/td><td><strong>PRUEBA<\/strong><\/td><td><strong>CATEG<\/strong><\/td><td><strong>TIEMPO<\/strong><\/td><\/tr><tr><td>Oro<\/td><td>Jos\u00e9 Roberto<\/td><td>Lever Gonz\u00e1lez<\/td><td>DV<\/td><td>200 pecho<\/td><td>13 &#8211; 14 a\u00f1os<\/td><td>02:31.17<\/td><\/tr><tr><td>Bronce<\/td><td>Jessica Perla<\/td><td>Garc\u00eda God\u00ednez<\/td><td>LA<\/td><td>400 libre<\/td><td>13 &#8211; 14 a\u00f1os<\/td><td>04:39.15<\/td><\/tr><\/tbody><\/table><\/figure>\n\n\n\n<p>Los atletas de anv que llegaron a las finales:<\/p>\n\n\n\n<figure class=\"wp-block-table\"><table class=\"has-fixed-layout\"><tbody><tr><td><strong>POSICI\u00d3N<\/strong><\/td><td><strong>NOMBRE<\/strong><\/td><td><strong>APELLIDOS<\/strong><\/td><td><strong>ESTADO<\/strong><\/td><td><strong>ANV<\/strong><\/td><td><strong>PRUEBA<\/strong><\/td><td><strong>CATEG<\/strong><\/td><td><strong>TIEMPO<\/strong><\/td><\/tr><tr><td>4<\/td><td>Regina<\/td><td>Vel\u00e1zquez Vela<\/td><td>EMEX<\/td><td>CE<\/td><td>400 libre<\/td><td>17 &#8211; 18 a\u00f1os<\/td><td>04:34.59<\/td><\/tr><tr><td>5<\/td><td>F\u00e1tima<\/td><td>Cer\u00f3n L\u00f3pez<\/td><td>GTO<\/td><td>LD<\/td><td>400 libre<\/td><td>13 &#8211; 14 a\u00f1os<\/td><td>04:43.51<\/td><\/tr><tr><td>5<\/td><td>Alonso<\/td><td>Rodr\u00edguez Moscoso<\/td><td>EMEX<\/td><td>IL<\/td><td>400 libre<\/td><td>17 &#8211; 18 a\u00f1os<\/td><td>04:09.35<\/td><\/tr><tr><td>7<\/td><td>Jorge Emilio<\/td><td>Escalante Corona<\/td><td>EMEX<\/td><td>CE<\/td><td>100 dorso<\/td><td>15 &#8211; 16 a\u00f1os<\/td><td>01:01.87<\/td><\/tr><tr><td>8<\/td><td>Laura<\/td><td>Cota Islas<\/td><td>GTO<\/td><td>LD<\/td><td>400 libre<\/td><td>13 &#8211; 14 a\u00f1os<\/td><td>04:46.48<\/td><\/tr><tr><td>8<\/td><td>Regina<\/td><td>Ojeda Sabido<\/td><td>EMEX<\/td><td>IL<\/td><td>400 libre<\/td><td>17 &#8211; 18 a\u00f1os<\/td><td>04:43.15<\/td><\/tr><tr><td>8<\/td><td>Abraham<\/td><td>Urrutia Ocariz<\/td><td>EMEX<\/td><td>ZE<\/td><td>400 libre<\/td><td>15 &#8211; 16 a\u00f1os<\/td><td>04:18.91<\/td><\/tr><tr><td>9<\/td><td>Katherina<\/td><td>Ca\u00f1edo Gonz\u00e1lez<\/td><td>EMEX<\/td><td>IL<\/td><td>400 libre<\/td><td>15 &#8211; 16 a\u00f1os<\/td><td>04:49.60<\/td><\/tr><tr><td>10<\/td><td>Victoria<\/td><td>Cabello Orozco<\/td><td>EMEX<\/td><td>CE<\/td><td>200 pecho<\/td><td>17 &#8211; 18 a\u00f1os<\/td><td>02:52.95<\/td><\/tr><tr><td>10<\/td><td>Diego Benjam\u00edn<\/td><td>Sixtos Torres<\/td><td>EMEX<\/td><td>LD<\/td><td>200 pecho<\/td><td>13 &#8211; 14 a\u00f1os<\/td><td>02:43.68<\/td><\/tr><\/tbody><\/table><\/figure>\n\n\n\n<p><\/p>\n","protected":false},"excerpt":{"rendered":"<p>Jesica Perla Garc\u00eda (Foto: acuaticanelsonvargas) Nueva jornada de la Olimpiada Nacional de Nataci\u00f3n 2025, evento<\/p>\n","protected":false},"author":4,"featured_media":7788,"comment_status":"closed","ping_status":"open","sticky":false,"template":"","format":"standard","meta":{"_jetpack_memberships_contains_paid_content":false,"footnotes":""},"categories":[5],"tags":[],"class_list":["post-7786","post","type-post","status-publish","format-standard","has-post-thumbnail","hentry","category-amateur"],"yoast_head":"<!-- This site is optimized with the Yoast SEO plugin v25.7 - https:\/\/yoast.com\/wordpress\/plugins\/seo\/ -->\n<title>ANV SIGUE SUMANDO PRESEAS AL ESTADO DE M\u00c9XICO - Esbozo Deportivo<\/title>\n<meta name=\"description\" content=\"Nueva jornada de la Olimpiada Nacional de Nataci\u00f3n 2025, evento deportivo donde se dan cita 859 nadadores de todo el pa\u00eds, representando a los 32 estados y a los equipos de la UNAM y el IMSS y donde acu\u00e1tica nelsonvargas hace un significativo aporte al equipo del Estado de M\u00e9xico, bajo el mando de su director del deporte el Maestro Manuel Sotomayor Landecho.\" \/>\n<meta name=\"robots\" content=\"index, follow, max-snippet:-1, max-image-preview:large, max-video-preview:-1\" \/>\n<link rel=\"canonical\" href=\"https:\/\/esbozodeportivo.com\/index.php\/2025\/06\/02\/anv-sigue-sumando-preseas-al-estado-de-mexico\/\" \/>\n<meta property=\"og:locale\" content=\"es_MX\" \/>\n<meta property=\"og:type\" content=\"article\" \/>\n<meta property=\"og:title\" content=\"ANV SIGUE SUMANDO PRESEAS AL ESTADO DE M\u00c9XICO - Esbozo Deportivo\" \/>\n<meta property=\"og:description\" content=\"Nueva jornada de la Olimpiada Nacional de Nataci\u00f3n 2025, evento deportivo donde se dan cita 859 nadadores de todo el pa\u00eds, representando a los 32 estados y a los equipos de la UNAM y el IMSS y donde acu\u00e1tica nelsonvargas hace un significativo aporte al equipo del Estado de M\u00e9xico, bajo el mando de su director del deporte el Maestro Manuel Sotomayor Landecho.\" \/>\n<meta property=\"og:url\" content=\"https:\/\/esbozodeportivo.com\/index.php\/2025\/06\/02\/anv-sigue-sumando-preseas-al-estado-de-mexico\/\" \/>\n<meta property=\"og:site_name\" content=\"Esbozo Deportivo\" \/>\n<meta property=\"article:published_time\" content=\"2025-06-03T03:00:23+00:00\" \/>\n<meta property=\"article:modified_time\" content=\"2025-06-03T03:00:24+00:00\" \/>\n<meta property=\"og:image\" content=\"https:\/\/esbozodeportivo.com\/wp-content\/uploads\/2025\/06\/Acuatica1jpg.jpg\" \/>\n\t<meta property=\"og:image:width\" content=\"1200\" \/>\n\t<meta property=\"og:image:height\" content=\"1600\" \/>\n\t<meta property=\"og:image:type\" content=\"image\/jpeg\" \/>\n<meta name=\"author\" content=\"Redacci\u00f3n\" \/>\n<meta name=\"twitter:card\" content=\"summary_large_image\" \/>\n<meta name=\"twitter:label1\" content=\"Escrito por\" \/>\n\t<meta name=\"twitter:data1\" content=\"Redacci\u00f3n\" \/>\n\t<meta name=\"twitter:label2\" content=\"Tiempo de lectura\" \/>\n\t<meta name=\"twitter:data2\" content=\"3 minutos\" \/>\n<script type=\"application\/ld+json\" class=\"yoast-schema-graph\">{\"@context\":\"https:\/\/schema.org\",\"@graph\":[{\"@type\":\"Article\",\"@id\":\"https:\/\/esbozodeportivo.com\/index.php\/2025\/06\/02\/anv-sigue-sumando-preseas-al-estado-de-mexico\/#article\",\"isPartOf\":{\"@id\":\"https:\/\/esbozodeportivo.com\/index.php\/2025\/06\/02\/anv-sigue-sumando-preseas-al-estado-de-mexico\/\"},\"author\":{\"name\":\"Redacci\u00f3n\",\"@id\":\"https:\/\/esbozodeportivo.com\/#\/schema\/person\/0f6df9196dfe6740dd0bb31bae50d374\"},\"headline\":\"ANV SIGUE SUMANDO PRESEAS AL ESTADO DE M\u00c9XICO\",\"datePublished\":\"2025-06-03T03:00:23+00:00\",\"dateModified\":\"2025-06-03T03:00:24+00:00\",\"mainEntityOfPage\":{\"@id\":\"https:\/\/esbozodeportivo.com\/index.php\/2025\/06\/02\/anv-sigue-sumando-preseas-al-estado-de-mexico\/\"},\"wordCount\":431,\"publisher\":{\"@id\":\"https:\/\/esbozodeportivo.com\/#organization\"},\"image\":{\"@id\":\"https:\/\/esbozodeportivo.com\/index.php\/2025\/06\/02\/anv-sigue-sumando-preseas-al-estado-de-mexico\/#primaryimage\"},\"thumbnailUrl\":\"https:\/\/esbozodeportivo.com\/wp-content\/uploads\/2025\/06\/Acuatica1jpg.jpg\",\"articleSection\":[\"Amateur\"],\"inLanguage\":\"es\"},{\"@type\":\"WebPage\",\"@id\":\"https:\/\/esbozodeportivo.com\/index.php\/2025\/06\/02\/anv-sigue-sumando-preseas-al-estado-de-mexico\/\",\"url\":\"https:\/\/esbozodeportivo.com\/index.php\/2025\/06\/02\/anv-sigue-sumando-preseas-al-estado-de-mexico\/\",\"name\":\"ANV SIGUE SUMANDO PRESEAS AL ESTADO DE M\u00c9XICO - Esbozo Deportivo\",\"isPartOf\":{\"@id\":\"https:\/\/esbozodeportivo.com\/#website\"},\"primaryImageOfPage\":{\"@id\":\"https:\/\/esbozodeportivo.com\/index.php\/2025\/06\/02\/anv-sigue-sumando-preseas-al-estado-de-mexico\/#primaryimage\"},\"image\":{\"@id\":\"https:\/\/esbozodeportivo.com\/index.php\/2025\/06\/02\/anv-sigue-sumando-preseas-al-estado-de-mexico\/#primaryimage\"},\"thumbnailUrl\":\"https:\/\/esbozodeportivo.com\/wp-content\/uploads\/2025\/06\/Acuatica1jpg.jpg\",\"datePublished\":\"2025-06-03T03:00:23+00:00\",\"dateModified\":\"2025-06-03T03:00:24+00:00\",\"description\":\"Nueva jornada de la Olimpiada Nacional de Nataci\u00f3n 2025, evento deportivo donde se dan cita 859 nadadores de todo el pa\u00eds, representando a los 32 estados y a los equipos de la UNAM y el IMSS y donde acu\u00e1tica nelsonvargas hace un significativo aporte al equipo del Estado de M\u00e9xico, bajo el mando de su director del deporte el Maestro Manuel Sotomayor Landecho.\",\"breadcrumb\":{\"@id\":\"https:\/\/esbozodeportivo.com\/index.php\/2025\/06\/02\/anv-sigue-sumando-preseas-al-estado-de-mexico\/#breadcrumb\"},\"inLanguage\":\"es\",\"potentialAction\":[{\"@type\":\"ReadAction\",\"target\":[\"https:\/\/esbozodeportivo.com\/index.php\/2025\/06\/02\/anv-sigue-sumando-preseas-al-estado-de-mexico\/\"]}]},{\"@type\":\"ImageObject\",\"inLanguage\":\"es\",\"@id\":\"https:\/\/esbozodeportivo.com\/index.php\/2025\/06\/02\/anv-sigue-sumando-preseas-al-estado-de-mexico\/#primaryimage\",\"url\":\"https:\/\/esbozodeportivo.com\/wp-content\/uploads\/2025\/06\/Acuatica1jpg.jpg\",\"contentUrl\":\"https:\/\/esbozodeportivo.com\/wp-content\/uploads\/2025\/06\/Acuatica1jpg.jpg\",\"width\":1200,\"height\":1600},{\"@type\":\"BreadcrumbList\",\"@id\":\"https:\/\/esbozodeportivo.com\/index.php\/2025\/06\/02\/anv-sigue-sumando-preseas-al-estado-de-mexico\/#breadcrumb\",\"itemListElement\":[{\"@type\":\"ListItem\",\"position\":1,\"name\":\"Inicio\",\"item\":\"https:\/\/esbozodeportivo.com\/\"},{\"@type\":\"ListItem\",\"position\":2,\"name\":\"ANV SIGUE SUMANDO PRESEAS AL ESTADO DE M\u00c9XICO\"}]},{\"@type\":\"WebSite\",\"@id\":\"https:\/\/esbozodeportivo.com\/#website\",\"url\":\"https:\/\/esbozodeportivo.com\/\",\"name\":\"Esbozo Deportivo\",\"description\":\"Lo m\u00e1s importante del Deporte\",\"publisher\":{\"@id\":\"https:\/\/esbozodeportivo.com\/#organization\"},\"potentialAction\":[{\"@type\":\"SearchAction\",\"target\":{\"@type\":\"EntryPoint\",\"urlTemplate\":\"https:\/\/esbozodeportivo.com\/?s={search_term_string}\"},\"query-input\":{\"@type\":\"PropertyValueSpecification\",\"valueRequired\":true,\"valueName\":\"search_term_string\"}}],\"inLanguage\":\"es\"},{\"@type\":\"Organization\",\"@id\":\"https:\/\/esbozodeportivo.com\/#organization\",\"name\":\"Esbozo Deportivo\",\"url\":\"https:\/\/esbozodeportivo.com\/\",\"logo\":{\"@type\":\"ImageObject\",\"inLanguage\":\"es\",\"@id\":\"https:\/\/esbozodeportivo.com\/#\/schema\/logo\/image\/\",\"url\":\"https:\/\/esbozodeportivo.com\/wp-content\/uploads\/2022\/08\/cropped-Logo-Esbozo-Web-2.png\",\"contentUrl\":\"https:\/\/esbozodeportivo.com\/wp-content\/uploads\/2022\/08\/cropped-Logo-Esbozo-Web-2.png\",\"width\":180,\"height\":50,\"caption\":\"Esbozo Deportivo\"},\"image\":{\"@id\":\"https:\/\/esbozodeportivo.com\/#\/schema\/logo\/image\/\"}},{\"@type\":\"Person\",\"@id\":\"https:\/\/esbozodeportivo.com\/#\/schema\/person\/0f6df9196dfe6740dd0bb31bae50d374\",\"name\":\"Redacci\u00f3n\",\"image\":{\"@type\":\"ImageObject\",\"inLanguage\":\"es\",\"@id\":\"https:\/\/esbozodeportivo.com\/#\/schema\/person\/image\/\",\"url\":\"https:\/\/secure.gravatar.com\/avatar\/f55268a89c3b418f2ef172ff52ab0d09b3e653c58de29539fe329fb93d78ebf3?s=96&d=mm&r=g\",\"contentUrl\":\"https:\/\/secure.gravatar.com\/avatar\/f55268a89c3b418f2ef172ff52ab0d09b3e653c58de29539fe329fb93d78ebf3?s=96&d=mm&r=g\",\"caption\":\"Redacci\u00f3n\"},\"url\":\"https:\/\/esbozodeportivo.com\/index.php\/author\/redaccion\/\"}]}<\/script>\n<!-- \/ Yoast SEO plugin. -->","yoast_head_json":{"title":"ANV SIGUE SUMANDO PRESEAS AL ESTADO DE M\u00c9XICO - Esbozo Deportivo","description":"Nueva jornada de la Olimpiada Nacional de Nataci\u00f3n 2025, evento deportivo donde se dan cita 859 nadadores de todo el pa\u00eds, representando a los 32 estados y a los equipos de la UNAM y el IMSS y donde acu\u00e1tica nelsonvargas hace un significativo aporte al equipo del Estado de M\u00e9xico, bajo el mando de su director del deporte el Maestro Manuel Sotomayor Landecho.","robots":{"index":"index","follow":"follow","max-snippet":"max-snippet:-1","max-image-preview":"max-image-preview:large","max-video-preview":"max-video-preview:-1"},"canonical":"https:\/\/esbozodeportivo.com\/index.php\/2025\/06\/02\/anv-sigue-sumando-preseas-al-estado-de-mexico\/","og_locale":"es_MX","og_type":"article","og_title":"ANV SIGUE SUMANDO PRESEAS AL ESTADO DE M\u00c9XICO - Esbozo Deportivo","og_description":"Nueva jornada de la Olimpiada Nacional de Nataci\u00f3n 2025, evento deportivo donde se dan cita 859 nadadores de todo el pa\u00eds, representando a los 32 estados y a los equipos de la UNAM y el IMSS y donde acu\u00e1tica nelsonvargas hace un significativo aporte al equipo del Estado de M\u00e9xico, bajo el mando de su director del deporte el Maestro Manuel Sotomayor Landecho.","og_url":"https:\/\/esbozodeportivo.com\/index.php\/2025\/06\/02\/anv-sigue-sumando-preseas-al-estado-de-mexico\/","og_site_name":"Esbozo Deportivo","article_published_time":"2025-06-03T03:00:23+00:00","article_modified_time":"2025-06-03T03:00:24+00:00","og_image":[{"width":1200,"height":1600,"url":"https:\/\/esbozodeportivo.com\/wp-content\/uploads\/2025\/06\/Acuatica1jpg.jpg","type":"image\/jpeg"}],"author":"Redacci\u00f3n","twitter_card":"summary_large_image","twitter_misc":{"Escrito por":"Redacci\u00f3n","Tiempo de lectura":"3 minutos"},"schema":{"@context":"https:\/\/schema.org","@graph":[{"@type":"Article","@id":"https:\/\/esbozodeportivo.com\/index.php\/2025\/06\/02\/anv-sigue-sumando-preseas-al-estado-de-mexico\/#article","isPartOf":{"@id":"https:\/\/esbozodeportivo.com\/index.php\/2025\/06\/02\/anv-sigue-sumando-preseas-al-estado-de-mexico\/"},"author":{"name":"Redacci\u00f3n","@id":"https:\/\/esbozodeportivo.com\/#\/schema\/person\/0f6df9196dfe6740dd0bb31bae50d374"},"headline":"ANV SIGUE SUMANDO PRESEAS AL ESTADO DE M\u00c9XICO","datePublished":"2025-06-03T03:00:23+00:00","dateModified":"2025-06-03T03:00:24+00:00","mainEntityOfPage":{"@id":"https:\/\/esbozodeportivo.com\/index.php\/2025\/06\/02\/anv-sigue-sumando-preseas-al-estado-de-mexico\/"},"wordCount":431,"publisher":{"@id":"https:\/\/esbozodeportivo.com\/#organization"},"image":{"@id":"https:\/\/esbozodeportivo.com\/index.php\/2025\/06\/02\/anv-sigue-sumando-preseas-al-estado-de-mexico\/#primaryimage"},"thumbnailUrl":"https:\/\/esbozodeportivo.com\/wp-content\/uploads\/2025\/06\/Acuatica1jpg.jpg","articleSection":["Amateur"],"inLanguage":"es"},{"@type":"WebPage","@id":"https:\/\/esbozodeportivo.com\/index.php\/2025\/06\/02\/anv-sigue-sumando-preseas-al-estado-de-mexico\/","url":"https:\/\/esbozodeportivo.com\/index.php\/2025\/06\/02\/anv-sigue-sumando-preseas-al-estado-de-mexico\/","name":"ANV SIGUE SUMANDO PRESEAS AL ESTADO DE M\u00c9XICO - Esbozo Deportivo","isPartOf":{"@id":"https:\/\/esbozodeportivo.com\/#website"},"primaryImageOfPage":{"@id":"https:\/\/esbozodeportivo.com\/index.php\/2025\/06\/02\/anv-sigue-sumando-preseas-al-estado-de-mexico\/#primaryimage"},"image":{"@id":"https:\/\/esbozodeportivo.com\/index.php\/2025\/06\/02\/anv-sigue-sumando-preseas-al-estado-de-mexico\/#primaryimage"},"thumbnailUrl":"https:\/\/esbozodeportivo.com\/wp-content\/uploads\/2025\/06\/Acuatica1jpg.jpg","datePublished":"2025-06-03T03:00:23+00:00","dateModified":"2025-06-03T03:00:24+00:00","description":"Nueva jornada de la Olimpiada Nacional de Nataci\u00f3n 2025, evento deportivo donde se dan cita 859 nadadores de todo el pa\u00eds, representando a los 32 estados y a los equipos de la UNAM y el IMSS y donde acu\u00e1tica nelsonvargas hace un significativo aporte al equipo del Estado de M\u00e9xico, bajo el mando de su director del deporte el Maestro Manuel Sotomayor Landecho.","breadcrumb":{"@id":"https:\/\/esbozodeportivo.com\/index.php\/2025\/06\/02\/anv-sigue-sumando-preseas-al-estado-de-mexico\/#breadcrumb"},"inLanguage":"es","potentialAction":[{"@type":"ReadAction","target":["https:\/\/esbozodeportivo.com\/index.php\/2025\/06\/02\/anv-sigue-sumando-preseas-al-estado-de-mexico\/"]}]},{"@type":"ImageObject","inLanguage":"es","@id":"https:\/\/esbozodeportivo.com\/index.php\/2025\/06\/02\/anv-sigue-sumando-preseas-al-estado-de-mexico\/#primaryimage","url":"https:\/\/esbozodeportivo.com\/wp-content\/uploads\/2025\/06\/Acuatica1jpg.jpg","contentUrl":"https:\/\/esbozodeportivo.com\/wp-content\/uploads\/2025\/06\/Acuatica1jpg.jpg","width":1200,"height":1600},{"@type":"BreadcrumbList","@id":"https:\/\/esbozodeportivo.com\/index.php\/2025\/06\/02\/anv-sigue-sumando-preseas-al-estado-de-mexico\/#breadcrumb","itemListElement":[{"@type":"ListItem","position":1,"name":"Inicio","item":"https:\/\/esbozodeportivo.com\/"},{"@type":"ListItem","position":2,"name":"ANV SIGUE SUMANDO PRESEAS AL ESTADO DE M\u00c9XICO"}]},{"@type":"WebSite","@id":"https:\/\/esbozodeportivo.com\/#website","url":"https:\/\/esbozodeportivo.com\/","name":"Esbozo Deportivo","description":"Lo m\u00e1s importante del Deporte","publisher":{"@id":"https:\/\/esbozodeportivo.com\/#organization"},"potentialAction":[{"@type":"SearchAction","target":{"@type":"EntryPoint","urlTemplate":"https:\/\/esbozodeportivo.com\/?s={search_term_string}"},"query-input":{"@type":"PropertyValueSpecification","valueRequired":true,"valueName":"search_term_string"}}],"inLanguage":"es"},{"@type":"Organization","@id":"https:\/\/esbozodeportivo.com\/#organization","name":"Esbozo Deportivo","url":"https:\/\/esbozodeportivo.com\/","logo":{"@type":"ImageObject","inLanguage":"es","@id":"https:\/\/esbozodeportivo.com\/#\/schema\/logo\/image\/","url":"https:\/\/esbozodeportivo.com\/wp-content\/uploads\/2022\/08\/cropped-Logo-Esbozo-Web-2.png","contentUrl":"https:\/\/esbozodeportivo.com\/wp-content\/uploads\/2022\/08\/cropped-Logo-Esbozo-Web-2.png","width":180,"height":50,"caption":"Esbozo Deportivo"},"image":{"@id":"https:\/\/esbozodeportivo.com\/#\/schema\/logo\/image\/"}},{"@type":"Person","@id":"https:\/\/esbozodeportivo.com\/#\/schema\/person\/0f6df9196dfe6740dd0bb31bae50d374","name":"Redacci\u00f3n","image":{"@type":"ImageObject","inLanguage":"es","@id":"https:\/\/esbozodeportivo.com\/#\/schema\/person\/image\/","url":"https:\/\/secure.gravatar.com\/avatar\/f55268a89c3b418f2ef172ff52ab0d09b3e653c58de29539fe329fb93d78ebf3?s=96&d=mm&r=g","contentUrl":"https:\/\/secure.gravatar.com\/avatar\/f55268a89c3b418f2ef172ff52ab0d09b3e653c58de29539fe329fb93d78ebf3?s=96&d=mm&r=g","caption":"Redacci\u00f3n"},"url":"https:\/\/esbozodeportivo.com\/index.php\/author\/redaccion\/"}]}},"jetpack_featured_media_url":"https:\/\/esbozodeportivo.com\/wp-content\/uploads\/2025\/06\/Acuatica1jpg.jpg","jetpack_sharing_enabled":true,"_links":{"self":[{"href":"https:\/\/esbozodeportivo.com\/index.php\/wp-json\/wp\/v2\/posts\/7786","targetHints":{"allow":["GET"]}}],"collection":[{"href":"https:\/\/esbozodeportivo.com\/index.php\/wp-json\/wp\/v2\/posts"}],"about":[{"href":"https:\/\/esbozodeportivo.com\/index.php\/wp-json\/wp\/v2\/types\/post"}],"author":[{"embeddable":true,"href":"https:\/\/esbozodeportivo.com\/index.php\/wp-json\/wp\/v2\/users\/4"}],"replies":[{"embeddable":true,"href":"https:\/\/esbozodeportivo.com\/index.php\/wp-json\/wp\/v2\/comments?post=7786"}],"version-history":[{"count":1,"href":"https:\/\/esbozodeportivo.com\/index.php\/wp-json\/wp\/v2\/posts\/7786\/revisions"}],"predecessor-version":[{"id":7793,"href":"https:\/\/esbozodeportivo.com\/index.php\/wp-json\/wp\/v2\/posts\/7786\/revisions\/7793"}],"wp:featuredmedia":[{"embeddable":true,"href":"https:\/\/esbozodeportivo.com\/index.php\/wp-json\/wp\/v2\/media\/7788"}],"wp:attachment":[{"href":"https:\/\/esbozodeportivo.com\/index.php\/wp-json\/wp\/v2\/media?parent=7786"}],"wp:term":[{"taxonomy":"category","embeddable":true,"href":"https:\/\/esbozodeportivo.com\/index.php\/wp-json\/wp\/v2\/categories?post=7786"},{"taxonomy":"post_tag","embeddable":true,"href":"https:\/\/esbozodeportivo.com\/index.php\/wp-json\/wp\/v2\/tags?post=7786"}],"curies":[{"name":"wp","href":"https:\/\/api.w.org\/{rel}","templated":true}]}}