{"id":7804,"date":"2025-06-02T23:50:45","date_gmt":"2025-06-03T05:50:45","guid":{"rendered":"https:\/\/esbozodeportivo.com\/?p=7804"},"modified":"2025-06-02T23:50:46","modified_gmt":"2025-06-03T05:50:46","slug":"bryce-huff-jugara-con-san-francisco","status":"publish","type":"post","link":"https:\/\/esbozodeportivo.com\/index.php\/2025\/06\/02\/bryce-huff-jugara-con-san-francisco\/","title":{"rendered":"Bryce Huff jugar\u00e1 con San Francisco"},"content":{"rendered":"\n<p>(Foto: Agencias) <\/p>\n\n\n\n<p>Los <strong>49ers de San Francisco<\/strong> completaron el intercambio con los <strong>Eagles de Filadelfia Eagles<\/strong> por el cazamariscales Bryce Huff.<\/p>\n\n\n\n<p><strong>Huff<\/strong> reestructur\u00f3 su contrato con los <strong>Eagles <\/strong>la semana pasada para facilitar el intercambio que enviar\u00e1 una selecci\u00f3n de mediados de ronda de 2026 a <strong>Filadelfia<\/strong>, y los equipos lo anunciaron el lunes, pendiente de un examen f\u00edsico.<\/p>\n\n\n\n<p><strong>Huff <\/strong>estaba programado para ganar <strong>17 millones de d\u00f3lares<\/strong> en dinero completamente garantizado este a\u00f1o. Los <strong>Eagles<\/strong> pagar\u00e1n 9,05 millones de esa cantidad, mientras que los 49ers cubrir\u00e1n los 7,95 millones restantes, inform\u00f3 ESPN la semana pasada.<\/p>\n\n\n\n<p>La adquisici\u00f3n de <strong>Huff <\/strong>le da a <strong>San Francisco<\/strong> otra opci\u00f3n necesaria en el puesto de cazamariscales junto a la estrella <strong>Nick Bosa<\/strong> y re\u00fane a <strong>Huff<\/strong> con <strong>Robert Saleh<\/strong>, quien fue su entrenador en jefe en los <strong>Jets de Nueva York<\/strong> durante su temporada m\u00e1s productiva en 2023.<\/p>\n\n\n\n<p><strong>Huff<\/strong> tuvo 10 capturas de quarterback esa temporada y registr\u00f3 67 presiones en solo 334 jugadas de presi\u00f3n al pasador, seg\u00fan Pro <strong>Football Focus<\/strong>. El edge tradujo esa temporada de \u00e9xito en un contrato de tres a\u00f1os y 51,1 millones con los <strong>Eagles.<\/strong><\/p>\n\n\n\n<p>Solo tuvo dos y media capturas y 23 presiones en su \u00fanica temporada en <strong>Filadelfia<\/strong>, perdi\u00e9ndose cinco juegos por una lesi\u00f3n en la mu\u00f1eca. Luego fue descartado por decisi\u00f3n del entrenador en el <strong>Super Bowl<\/strong>.<\/p>\n\n\n\n<p><strong>Huff <\/strong>fue originalmente un agente libre no reclutado por los <strong>Jets<\/strong> en 2020, proveniente de Memphis. Tuvo 7,5 capturas en sus primeras tres temporadas antes de la campa\u00f1a de \u00e9xito bajo <strong>Saleh<\/strong> en 2023.<\/p>\n\n\n\n<p><strong>Los Niners<\/strong> necesitaban otro especialista en presi\u00f3n de quarterbacks despu\u00e9s de cortar a <strong>Leonard Floyd<\/strong> al inicio de la temporada baja. Seleccionaron a <strong>Mykel Williams<\/strong> en el posici\u00f3n 11 del <strong>Draft<\/strong> en abril, pero no ten\u00edan otro ala defensiva que hubiera tenido una temporada con al menos cinco capturas en la <strong>NFL.<\/strong><\/p>\n\n\n\n<p><strong>Yetur Gross-Matos<\/strong> es el \u00fanico otro en la plantilla con experiencia extensa. Logr\u00f3 cuatro capturas la temporada pasada en su primer a\u00f1o con <strong>San Francisco.<\/strong><\/p>\n\n\n\n<p><\/p>\n","protected":false},"excerpt":{"rendered":"<p>(Foto: Agencias) Los 49ers de San Francisco completaron el intercambio con los Eagles de Filadelfia<\/p>\n","protected":false},"author":4,"featured_media":7795,"comment_status":"closed","ping_status":"open","sticky":false,"template":"","format":"standard","meta":{"_jetpack_memberships_contains_paid_content":false,"footnotes":""},"categories":[6],"tags":[],"class_list":["post-7804","post","type-post","status-publish","format-standard","has-post-thumbnail","hentry","category-nfl"],"yoast_head":"<!-- This site is optimized with the Yoast SEO plugin v25.7 - https:\/\/yoast.com\/wordpress\/plugins\/seo\/ -->\n<title>Bryce Huff jugar\u00e1 con San Francisco - Esbozo Deportivo<\/title>\n<meta name=\"description\" content=\"Huff reestructur\u00f3 su contrato con los Eagles la semana pasada para facilitar el intercambio que enviar\u00e1 una selecci\u00f3n de mediados de ronda de 2026 a Filadelfia, y los equipos lo anunciaron el lunes, pendiente de un examen f\u00edsico.\" \/>\n<meta name=\"robots\" content=\"index, follow, max-snippet:-1, max-image-preview:large, max-video-preview:-1\" \/>\n<link rel=\"canonical\" href=\"https:\/\/esbozodeportivo.com\/index.php\/2025\/06\/02\/bryce-huff-jugara-con-san-francisco\/\" \/>\n<meta property=\"og:locale\" content=\"es_MX\" \/>\n<meta property=\"og:type\" content=\"article\" \/>\n<meta property=\"og:title\" content=\"Bryce Huff jugar\u00e1 con San Francisco - Esbozo Deportivo\" \/>\n<meta property=\"og:description\" content=\"Huff reestructur\u00f3 su contrato con los Eagles la semana pasada para facilitar el intercambio que enviar\u00e1 una selecci\u00f3n de mediados de ronda de 2026 a Filadelfia, y los equipos lo anunciaron el lunes, pendiente de un examen f\u00edsico.\" \/>\n<meta property=\"og:url\" content=\"https:\/\/esbozodeportivo.com\/index.php\/2025\/06\/02\/bryce-huff-jugara-con-san-francisco\/\" \/>\n<meta property=\"og:site_name\" content=\"Esbozo Deportivo\" \/>\n<meta property=\"article:published_time\" content=\"2025-06-03T05:50:45+00:00\" \/>\n<meta property=\"article:modified_time\" content=\"2025-06-03T05:50:46+00:00\" \/>\n<meta property=\"og:image\" content=\"https:\/\/esbozodeportivo.com\/wp-content\/uploads\/2025\/06\/Americano.jpg\" \/>\n\t<meta property=\"og:image:width\" content=\"980\" \/>\n\t<meta property=\"og:image:height\" content=\"653\" \/>\n\t<meta property=\"og:image:type\" content=\"image\/jpeg\" \/>\n<meta name=\"author\" content=\"Redacci\u00f3n\" \/>\n<meta name=\"twitter:card\" content=\"summary_large_image\" \/>\n<meta name=\"twitter:label1\" content=\"Escrito por\" \/>\n\t<meta name=\"twitter:data1\" content=\"Redacci\u00f3n\" \/>\n\t<meta name=\"twitter:label2\" content=\"Tiempo de lectura\" \/>\n\t<meta name=\"twitter:data2\" content=\"2 minutos\" \/>\n<script type=\"application\/ld+json\" class=\"yoast-schema-graph\">{\"@context\":\"https:\/\/schema.org\",\"@graph\":[{\"@type\":\"Article\",\"@id\":\"https:\/\/esbozodeportivo.com\/index.php\/2025\/06\/02\/bryce-huff-jugara-con-san-francisco\/#article\",\"isPartOf\":{\"@id\":\"https:\/\/esbozodeportivo.com\/index.php\/2025\/06\/02\/bryce-huff-jugara-con-san-francisco\/\"},\"author\":{\"name\":\"Redacci\u00f3n\",\"@id\":\"https:\/\/esbozodeportivo.com\/#\/schema\/person\/0f6df9196dfe6740dd0bb31bae50d374\"},\"headline\":\"Bryce Huff jugar\u00e1 con San Francisco\",\"datePublished\":\"2025-06-03T05:50:45+00:00\",\"dateModified\":\"2025-06-03T05:50:46+00:00\",\"mainEntityOfPage\":{\"@id\":\"https:\/\/esbozodeportivo.com\/index.php\/2025\/06\/02\/bryce-huff-jugara-con-san-francisco\/\"},\"wordCount\":349,\"publisher\":{\"@id\":\"https:\/\/esbozodeportivo.com\/#organization\"},\"image\":{\"@id\":\"https:\/\/esbozodeportivo.com\/index.php\/2025\/06\/02\/bryce-huff-jugara-con-san-francisco\/#primaryimage\"},\"thumbnailUrl\":\"https:\/\/esbozodeportivo.com\/wp-content\/uploads\/2025\/06\/Americano.jpg\",\"articleSection\":[\"NFL\"],\"inLanguage\":\"es\"},{\"@type\":\"WebPage\",\"@id\":\"https:\/\/esbozodeportivo.com\/index.php\/2025\/06\/02\/bryce-huff-jugara-con-san-francisco\/\",\"url\":\"https:\/\/esbozodeportivo.com\/index.php\/2025\/06\/02\/bryce-huff-jugara-con-san-francisco\/\",\"name\":\"Bryce Huff jugar\u00e1 con San Francisco - Esbozo Deportivo\",\"isPartOf\":{\"@id\":\"https:\/\/esbozodeportivo.com\/#website\"},\"primaryImageOfPage\":{\"@id\":\"https:\/\/esbozodeportivo.com\/index.php\/2025\/06\/02\/bryce-huff-jugara-con-san-francisco\/#primaryimage\"},\"image\":{\"@id\":\"https:\/\/esbozodeportivo.com\/index.php\/2025\/06\/02\/bryce-huff-jugara-con-san-francisco\/#primaryimage\"},\"thumbnailUrl\":\"https:\/\/esbozodeportivo.com\/wp-content\/uploads\/2025\/06\/Americano.jpg\",\"datePublished\":\"2025-06-03T05:50:45+00:00\",\"dateModified\":\"2025-06-03T05:50:46+00:00\",\"description\":\"Huff reestructur\u00f3 su contrato con los Eagles la semana pasada para facilitar el intercambio que enviar\u00e1 una selecci\u00f3n de mediados de ronda de 2026 a Filadelfia, y los equipos lo anunciaron el lunes, pendiente de un examen f\u00edsico.\",\"breadcrumb\":{\"@id\":\"https:\/\/esbozodeportivo.com\/index.php\/2025\/06\/02\/bryce-huff-jugara-con-san-francisco\/#breadcrumb\"},\"inLanguage\":\"es\",\"potentialAction\":[{\"@type\":\"ReadAction\",\"target\":[\"https:\/\/esbozodeportivo.com\/index.php\/2025\/06\/02\/bryce-huff-jugara-con-san-francisco\/\"]}]},{\"@type\":\"ImageObject\",\"inLanguage\":\"es\",\"@id\":\"https:\/\/esbozodeportivo.com\/index.php\/2025\/06\/02\/bryce-huff-jugara-con-san-francisco\/#primaryimage\",\"url\":\"https:\/\/esbozodeportivo.com\/wp-content\/uploads\/2025\/06\/Americano.jpg\",\"contentUrl\":\"https:\/\/esbozodeportivo.com\/wp-content\/uploads\/2025\/06\/Americano.jpg\",\"width\":980,\"height\":653},{\"@type\":\"BreadcrumbList\",\"@id\":\"https:\/\/esbozodeportivo.com\/index.php\/2025\/06\/02\/bryce-huff-jugara-con-san-francisco\/#breadcrumb\",\"itemListElement\":[{\"@type\":\"ListItem\",\"position\":1,\"name\":\"Inicio\",\"item\":\"https:\/\/esbozodeportivo.com\/\"},{\"@type\":\"ListItem\",\"position\":2,\"name\":\"Bryce Huff jugar\u00e1 con San Francisco\"}]},{\"@type\":\"WebSite\",\"@id\":\"https:\/\/esbozodeportivo.com\/#website\",\"url\":\"https:\/\/esbozodeportivo.com\/\",\"name\":\"Esbozo Deportivo\",\"description\":\"Lo m\u00e1s importante del Deporte\",\"publisher\":{\"@id\":\"https:\/\/esbozodeportivo.com\/#organization\"},\"potentialAction\":[{\"@type\":\"SearchAction\",\"target\":{\"@type\":\"EntryPoint\",\"urlTemplate\":\"https:\/\/esbozodeportivo.com\/?s={search_term_string}\"},\"query-input\":{\"@type\":\"PropertyValueSpecification\",\"valueRequired\":true,\"valueName\":\"search_term_string\"}}],\"inLanguage\":\"es\"},{\"@type\":\"Organization\",\"@id\":\"https:\/\/esbozodeportivo.com\/#organization\",\"name\":\"Esbozo Deportivo\",\"url\":\"https:\/\/esbozodeportivo.com\/\",\"logo\":{\"@type\":\"ImageObject\",\"inLanguage\":\"es\",\"@id\":\"https:\/\/esbozodeportivo.com\/#\/schema\/logo\/image\/\",\"url\":\"https:\/\/esbozodeportivo.com\/wp-content\/uploads\/2022\/08\/cropped-Logo-Esbozo-Web-2.png\",\"contentUrl\":\"https:\/\/esbozodeportivo.com\/wp-content\/uploads\/2022\/08\/cropped-Logo-Esbozo-Web-2.png\",\"width\":180,\"height\":50,\"caption\":\"Esbozo Deportivo\"},\"image\":{\"@id\":\"https:\/\/esbozodeportivo.com\/#\/schema\/logo\/image\/\"}},{\"@type\":\"Person\",\"@id\":\"https:\/\/esbozodeportivo.com\/#\/schema\/person\/0f6df9196dfe6740dd0bb31bae50d374\",\"name\":\"Redacci\u00f3n\",\"image\":{\"@type\":\"ImageObject\",\"inLanguage\":\"es\",\"@id\":\"https:\/\/esbozodeportivo.com\/#\/schema\/person\/image\/\",\"url\":\"https:\/\/secure.gravatar.com\/avatar\/f55268a89c3b418f2ef172ff52ab0d09b3e653c58de29539fe329fb93d78ebf3?s=96&d=mm&r=g\",\"contentUrl\":\"https:\/\/secure.gravatar.com\/avatar\/f55268a89c3b418f2ef172ff52ab0d09b3e653c58de29539fe329fb93d78ebf3?s=96&d=mm&r=g\",\"caption\":\"Redacci\u00f3n\"},\"url\":\"https:\/\/esbozodeportivo.com\/index.php\/author\/redaccion\/\"}]}<\/script>\n<!-- \/ Yoast SEO plugin. -->","yoast_head_json":{"title":"Bryce Huff jugar\u00e1 con San Francisco - Esbozo Deportivo","description":"Huff reestructur\u00f3 su contrato con los Eagles la semana pasada para facilitar el intercambio que enviar\u00e1 una selecci\u00f3n de mediados de ronda de 2026 a Filadelfia, y los equipos lo anunciaron el lunes, pendiente de un examen f\u00edsico.","robots":{"index":"index","follow":"follow","max-snippet":"max-snippet:-1","max-image-preview":"max-image-preview:large","max-video-preview":"max-video-preview:-1"},"canonical":"https:\/\/esbozodeportivo.com\/index.php\/2025\/06\/02\/bryce-huff-jugara-con-san-francisco\/","og_locale":"es_MX","og_type":"article","og_title":"Bryce Huff jugar\u00e1 con San Francisco - Esbozo Deportivo","og_description":"Huff reestructur\u00f3 su contrato con los Eagles la semana pasada para facilitar el intercambio que enviar\u00e1 una selecci\u00f3n de mediados de ronda de 2026 a Filadelfia, y los equipos lo anunciaron el lunes, pendiente de un examen f\u00edsico.","og_url":"https:\/\/esbozodeportivo.com\/index.php\/2025\/06\/02\/bryce-huff-jugara-con-san-francisco\/","og_site_name":"Esbozo Deportivo","article_published_time":"2025-06-03T05:50:45+00:00","article_modified_time":"2025-06-03T05:50:46+00:00","og_image":[{"width":980,"height":653,"url":"https:\/\/esbozodeportivo.com\/wp-content\/uploads\/2025\/06\/Americano.jpg","type":"image\/jpeg"}],"author":"Redacci\u00f3n","twitter_card":"summary_large_image","twitter_misc":{"Escrito por":"Redacci\u00f3n","Tiempo de lectura":"2 minutos"},"schema":{"@context":"https:\/\/schema.org","@graph":[{"@type":"Article","@id":"https:\/\/esbozodeportivo.com\/index.php\/2025\/06\/02\/bryce-huff-jugara-con-san-francisco\/#article","isPartOf":{"@id":"https:\/\/esbozodeportivo.com\/index.php\/2025\/06\/02\/bryce-huff-jugara-con-san-francisco\/"},"author":{"name":"Redacci\u00f3n","@id":"https:\/\/esbozodeportivo.com\/#\/schema\/person\/0f6df9196dfe6740dd0bb31bae50d374"},"headline":"Bryce Huff jugar\u00e1 con San Francisco","datePublished":"2025-06-03T05:50:45+00:00","dateModified":"2025-06-03T05:50:46+00:00","mainEntityOfPage":{"@id":"https:\/\/esbozodeportivo.com\/index.php\/2025\/06\/02\/bryce-huff-jugara-con-san-francisco\/"},"wordCount":349,"publisher":{"@id":"https:\/\/esbozodeportivo.com\/#organization"},"image":{"@id":"https:\/\/esbozodeportivo.com\/index.php\/2025\/06\/02\/bryce-huff-jugara-con-san-francisco\/#primaryimage"},"thumbnailUrl":"https:\/\/esbozodeportivo.com\/wp-content\/uploads\/2025\/06\/Americano.jpg","articleSection":["NFL"],"inLanguage":"es"},{"@type":"WebPage","@id":"https:\/\/esbozodeportivo.com\/index.php\/2025\/06\/02\/bryce-huff-jugara-con-san-francisco\/","url":"https:\/\/esbozodeportivo.com\/index.php\/2025\/06\/02\/bryce-huff-jugara-con-san-francisco\/","name":"Bryce Huff jugar\u00e1 con San Francisco - Esbozo Deportivo","isPartOf":{"@id":"https:\/\/esbozodeportivo.com\/#website"},"primaryImageOfPage":{"@id":"https:\/\/esbozodeportivo.com\/index.php\/2025\/06\/02\/bryce-huff-jugara-con-san-francisco\/#primaryimage"},"image":{"@id":"https:\/\/esbozodeportivo.com\/index.php\/2025\/06\/02\/bryce-huff-jugara-con-san-francisco\/#primaryimage"},"thumbnailUrl":"https:\/\/esbozodeportivo.com\/wp-content\/uploads\/2025\/06\/Americano.jpg","datePublished":"2025-06-03T05:50:45+00:00","dateModified":"2025-06-03T05:50:46+00:00","description":"Huff reestructur\u00f3 su contrato con los Eagles la semana pasada para facilitar el intercambio que enviar\u00e1 una selecci\u00f3n de mediados de ronda de 2026 a Filadelfia, y los equipos lo anunciaron el lunes, pendiente de un examen f\u00edsico.","breadcrumb":{"@id":"https:\/\/esbozodeportivo.com\/index.php\/2025\/06\/02\/bryce-huff-jugara-con-san-francisco\/#breadcrumb"},"inLanguage":"es","potentialAction":[{"@type":"ReadAction","target":["https:\/\/esbozodeportivo.com\/index.php\/2025\/06\/02\/bryce-huff-jugara-con-san-francisco\/"]}]},{"@type":"ImageObject","inLanguage":"es","@id":"https:\/\/esbozodeportivo.com\/index.php\/2025\/06\/02\/bryce-huff-jugara-con-san-francisco\/#primaryimage","url":"https:\/\/esbozodeportivo.com\/wp-content\/uploads\/2025\/06\/Americano.jpg","contentUrl":"https:\/\/esbozodeportivo.com\/wp-content\/uploads\/2025\/06\/Americano.jpg","width":980,"height":653},{"@type":"BreadcrumbList","@id":"https:\/\/esbozodeportivo.com\/index.php\/2025\/06\/02\/bryce-huff-jugara-con-san-francisco\/#breadcrumb","itemListElement":[{"@type":"ListItem","position":1,"name":"Inicio","item":"https:\/\/esbozodeportivo.com\/"},{"@type":"ListItem","position":2,"name":"Bryce Huff jugar\u00e1 con San Francisco"}]},{"@type":"WebSite","@id":"https:\/\/esbozodeportivo.com\/#website","url":"https:\/\/esbozodeportivo.com\/","name":"Esbozo Deportivo","description":"Lo m\u00e1s importante del Deporte","publisher":{"@id":"https:\/\/esbozodeportivo.com\/#organization"},"potentialAction":[{"@type":"SearchAction","target":{"@type":"EntryPoint","urlTemplate":"https:\/\/esbozodeportivo.com\/?s={search_term_string}"},"query-input":{"@type":"PropertyValueSpecification","valueRequired":true,"valueName":"search_term_string"}}],"inLanguage":"es"},{"@type":"Organization","@id":"https:\/\/esbozodeportivo.com\/#organization","name":"Esbozo Deportivo","url":"https:\/\/esbozodeportivo.com\/","logo":{"@type":"ImageObject","inLanguage":"es","@id":"https:\/\/esbozodeportivo.com\/#\/schema\/logo\/image\/","url":"https:\/\/esbozodeportivo.com\/wp-content\/uploads\/2022\/08\/cropped-Logo-Esbozo-Web-2.png","contentUrl":"https:\/\/esbozodeportivo.com\/wp-content\/uploads\/2022\/08\/cropped-Logo-Esbozo-Web-2.png","width":180,"height":50,"caption":"Esbozo Deportivo"},"image":{"@id":"https:\/\/esbozodeportivo.com\/#\/schema\/logo\/image\/"}},{"@type":"Person","@id":"https:\/\/esbozodeportivo.com\/#\/schema\/person\/0f6df9196dfe6740dd0bb31bae50d374","name":"Redacci\u00f3n","image":{"@type":"ImageObject","inLanguage":"es","@id":"https:\/\/esbozodeportivo.com\/#\/schema\/person\/image\/","url":"https:\/\/secure.gravatar.com\/avatar\/f55268a89c3b418f2ef172ff52ab0d09b3e653c58de29539fe329fb93d78ebf3?s=96&d=mm&r=g","contentUrl":"https:\/\/secure.gravatar.com\/avatar\/f55268a89c3b418f2ef172ff52ab0d09b3e653c58de29539fe329fb93d78ebf3?s=96&d=mm&r=g","caption":"Redacci\u00f3n"},"url":"https:\/\/esbozodeportivo.com\/index.php\/author\/redaccion\/"}]}},"jetpack_featured_media_url":"https:\/\/esbozodeportivo.com\/wp-content\/uploads\/2025\/06\/Americano.jpg","jetpack_sharing_enabled":true,"_links":{"self":[{"href":"https:\/\/esbozodeportivo.com\/index.php\/wp-json\/wp\/v2\/posts\/7804","targetHints":{"allow":["GET"]}}],"collection":[{"href":"https:\/\/esbozodeportivo.com\/index.php\/wp-json\/wp\/v2\/posts"}],"about":[{"href":"https:\/\/esbozodeportivo.com\/index.php\/wp-json\/wp\/v2\/types\/post"}],"author":[{"embeddable":true,"href":"https:\/\/esbozodeportivo.com\/index.php\/wp-json\/wp\/v2\/users\/4"}],"replies":[{"embeddable":true,"href":"https:\/\/esbozodeportivo.com\/index.php\/wp-json\/wp\/v2\/comments?post=7804"}],"version-history":[{"count":1,"href":"https:\/\/esbozodeportivo.com\/index.php\/wp-json\/wp\/v2\/posts\/7804\/revisions"}],"predecessor-version":[{"id":7805,"href":"https:\/\/esbozodeportivo.com\/index.php\/wp-json\/wp\/v2\/posts\/7804\/revisions\/7805"}],"wp:featuredmedia":[{"embeddable":true,"href":"https:\/\/esbozodeportivo.com\/index.php\/wp-json\/wp\/v2\/media\/7795"}],"wp:attachment":[{"href":"https:\/\/esbozodeportivo.com\/index.php\/wp-json\/wp\/v2\/media?parent=7804"}],"wp:term":[{"taxonomy":"category","embeddable":true,"href":"https:\/\/esbozodeportivo.com\/index.php\/wp-json\/wp\/v2\/categories?post=7804"},{"taxonomy":"post_tag","embeddable":true,"href":"https:\/\/esbozodeportivo.com\/index.php\/wp-json\/wp\/v2\/tags?post=7804"}],"curies":[{"name":"wp","href":"https:\/\/api.w.org\/{rel}","templated":true}]}}