{"id":7812,"date":"2025-06-03T22:46:52","date_gmt":"2025-06-04T04:46:52","guid":{"rendered":"https:\/\/esbozodeportivo.com\/?p=7812"},"modified":"2025-06-03T22:46:53","modified_gmt":"2025-06-04T04:46:53","slug":"swiatek-sabalenka-se-veran-las-caras-en-semifinales","status":"publish","type":"post","link":"https:\/\/esbozodeportivo.com\/index.php\/2025\/06\/03\/swiatek-sabalenka-se-veran-las-caras-en-semifinales\/","title":{"rendered":"Swiatek-Sabalenka se ver\u00e1n las caras en semifinales"},"content":{"rendered":"\n<p>(Foto: Agencias) <\/p>\n\n\n\n<p><strong>Iga Swiatek<\/strong> consigui\u00f3 su vigesimosexta victoria consecutiva en <strong>Roland Garros<\/strong>, donde ha sido campeona en cuatro ocasiones, y ahora enfrentar\u00e1 en las semifinales del <strong>Abierto de Francia<\/strong> a la n\u00famero uno del mundo <strong>Aryna Sabalenka<\/strong>.<\/p>\n\n\n\n<p><strong>Swiatek<\/strong> super\u00f3 por 6-1, 7-5 a <strong>Elina Svitolina<\/strong> para extender su impresionante racha. La polaca est\u00e1 a tres victorias de empatar el r\u00e9cord de <strong>Chris Evert<\/strong> en la arcilla roja parisina.<\/p>\n\n\n\n<p><strong>Swiatek,<\/strong> quien en los \u00faltimos meses ha intentado recuperar su mejor forma y tuvo dificultades en la ronda anterior, estuvo en total control en el primer set.<\/p>\n\n\n\n<p>Su rival ucraniana la hizo trabajar m\u00e1s en el segundo set, rompiendo su servicio en el cuarto game tras cometer dos errores no forzados consecutivos en la red. Pero <strong>Swiatek<\/strong> recuper\u00f3 el quiebre de inmediato y aprovech\u00f3 el mal saque de <strong>Svitolina<\/strong> (13) para romperla nuevamente con un potente golpe de derecha y ponerse arriba 6-5. <strong>Swiatek<\/strong> sell\u00f3 la victoria con un \u00faltimo as.<\/p>\n\n\n\n<p><strong>Swiatek<\/strong> cay\u00f3 fuera de las cuatro primeras del mundo antes del <strong>Abierto de Francia<\/strong> y no ha ganado un t\u00edtulo ni alcanzado una final desde su victoria en <strong>Roland Garros<\/strong> el a\u00f1o pasado.<\/p>\n\n\n\n<figure class=\"wp-block-image size-large\"><img loading=\"lazy\" decoding=\"async\" width=\"1024\" height=\"683\" src=\"https:\/\/esbozodeportivo.com\/wp-content\/uploads\/2025\/06\/Abierto-Francia1-1024x683.jpg\" alt=\"\" class=\"wp-image-7814\" srcset=\"https:\/\/esbozodeportivo.com\/wp-content\/uploads\/2025\/06\/Abierto-Francia1-1024x683.jpg 1024w, https:\/\/esbozodeportivo.com\/wp-content\/uploads\/2025\/06\/Abierto-Francia1-300x200.jpg 300w, https:\/\/esbozodeportivo.com\/wp-content\/uploads\/2025\/06\/Abierto-Francia1-768x512.jpg 768w, https:\/\/esbozodeportivo.com\/wp-content\/uploads\/2025\/06\/Abierto-Francia1.jpg 1440w\" sizes=\"auto, (max-width: 1024px) 100vw, 1024px\" \/><\/figure>\n\n\n\n<p>(Foto: Agencias) <\/p>\n\n\n\n<p><strong>Sabalenka<\/strong> derrot\u00f3 a <strong>Zheng Qinwen<\/strong> en sets corridos para llegar a las semifinales por segunda vez.<\/p>\n\n\n\n<p>Buscando su primer t\u00edtulo en <strong>Roland Garros<\/strong>, la bielorrusa super\u00f3 un inicio inestable y condiciones ventosas para imponerse 7-6 (3), 6-3 y extender su r\u00e9cord contra la campeona ol\u00edmpica a 7-1.<\/p>\n\n\n\n<p>El marcador no reflej\u00f3 completamente lo competitivo que fue el encuentro. Pero <strong>Sabalenka<\/strong> demostr\u00f3 por qu\u00e9 es la n\u00famero uno, marcando la diferencia en los puntos importantes, mientras que <strong>Zheng <\/strong>tuvo problemas con su servicio en momentos tensos.<\/p>\n\n\n\n<p><strong>Sabalenka<\/strong> intentar\u00e1 alcanzar su sexta final de <strong>Grand Slam<\/strong>, y la primera en <strong>Roland Garros.<\/strong><\/p>\n\n\n\n<p>El actual n\u00famero uno hab\u00eda perdido su duelo m\u00e1s reciente con Zheng el mes pasado en Roma, habiendo dominado previamente sus primeros seis encuentros. Ella dijo que esa derrota fue en realidad algo positivo en medio de una temporada ya agotadora.<\/p>\n\n\n\n<p><\/p>\n","protected":false},"excerpt":{"rendered":"<p>(Foto: Agencias) Iga Swiatek consigui\u00f3 su vigesimosexta victoria consecutiva en Roland Garros, donde ha sido<\/p>\n","protected":false},"author":4,"featured_media":7813,"comment_status":"closed","ping_status":"open","sticky":false,"template":"","format":"standard","meta":{"_jetpack_memberships_contains_paid_content":false,"footnotes":""},"categories":[12],"tags":[],"class_list":["post-7812","post","type-post","status-publish","format-standard","has-post-thumbnail","hentry","category-tenis-internacional"],"yoast_head":"<!-- This site is optimized with the Yoast SEO plugin v25.7 - https:\/\/yoast.com\/wordpress\/plugins\/seo\/ -->\n<title>Swiatek-Sabalenka se ver\u00e1n las caras en semifinales - Esbozo Deportivo<\/title>\n<meta name=\"description\" content=\"Iga Swiatek consigui\u00f3 su vigesimosexta victoria consecutiva en Roland Garros, donde ha sido campeona en cuatro ocasiones, y ahora enfrentar\u00e1 en las semifinales del Abierto de Francia a la n\u00famero uno del mundo Aryna Sabalenka.\" \/>\n<meta name=\"robots\" content=\"index, follow, max-snippet:-1, max-image-preview:large, max-video-preview:-1\" \/>\n<link rel=\"canonical\" href=\"https:\/\/esbozodeportivo.com\/index.php\/2025\/06\/03\/swiatek-sabalenka-se-veran-las-caras-en-semifinales\/\" \/>\n<meta property=\"og:locale\" content=\"es_MX\" \/>\n<meta property=\"og:type\" content=\"article\" \/>\n<meta property=\"og:title\" content=\"Swiatek-Sabalenka se ver\u00e1n las caras en semifinales - Esbozo Deportivo\" \/>\n<meta property=\"og:description\" content=\"Iga Swiatek consigui\u00f3 su vigesimosexta victoria consecutiva en Roland Garros, donde ha sido campeona en cuatro ocasiones, y ahora enfrentar\u00e1 en las semifinales del Abierto de Francia a la n\u00famero uno del mundo Aryna Sabalenka.\" \/>\n<meta property=\"og:url\" content=\"https:\/\/esbozodeportivo.com\/index.php\/2025\/06\/03\/swiatek-sabalenka-se-veran-las-caras-en-semifinales\/\" \/>\n<meta property=\"og:site_name\" content=\"Esbozo Deportivo\" \/>\n<meta property=\"article:published_time\" content=\"2025-06-04T04:46:52+00:00\" \/>\n<meta property=\"article:modified_time\" content=\"2025-06-04T04:46:53+00:00\" \/>\n<meta property=\"og:image\" content=\"https:\/\/esbozodeportivo.com\/wp-content\/uploads\/2025\/06\/Abierto-Francia.jpg\" \/>\n\t<meta property=\"og:image:width\" content=\"1440\" \/>\n\t<meta property=\"og:image:height\" content=\"960\" \/>\n\t<meta property=\"og:image:type\" content=\"image\/jpeg\" \/>\n<meta name=\"author\" content=\"Redacci\u00f3n\" \/>\n<meta name=\"twitter:card\" content=\"summary_large_image\" \/>\n<meta name=\"twitter:label1\" content=\"Escrito por\" \/>\n\t<meta name=\"twitter:data1\" content=\"Redacci\u00f3n\" \/>\n\t<meta name=\"twitter:label2\" content=\"Tiempo de lectura\" \/>\n\t<meta name=\"twitter:data2\" content=\"2 minutos\" \/>\n<script type=\"application\/ld+json\" class=\"yoast-schema-graph\">{\"@context\":\"https:\/\/schema.org\",\"@graph\":[{\"@type\":\"Article\",\"@id\":\"https:\/\/esbozodeportivo.com\/index.php\/2025\/06\/03\/swiatek-sabalenka-se-veran-las-caras-en-semifinales\/#article\",\"isPartOf\":{\"@id\":\"https:\/\/esbozodeportivo.com\/index.php\/2025\/06\/03\/swiatek-sabalenka-se-veran-las-caras-en-semifinales\/\"},\"author\":{\"name\":\"Redacci\u00f3n\",\"@id\":\"https:\/\/esbozodeportivo.com\/#\/schema\/person\/0f6df9196dfe6740dd0bb31bae50d374\"},\"headline\":\"Swiatek-Sabalenka se ver\u00e1n las caras en semifinales\",\"datePublished\":\"2025-06-04T04:46:52+00:00\",\"dateModified\":\"2025-06-04T04:46:53+00:00\",\"mainEntityOfPage\":{\"@id\":\"https:\/\/esbozodeportivo.com\/index.php\/2025\/06\/03\/swiatek-sabalenka-se-veran-las-caras-en-semifinales\/\"},\"wordCount\":353,\"publisher\":{\"@id\":\"https:\/\/esbozodeportivo.com\/#organization\"},\"image\":{\"@id\":\"https:\/\/esbozodeportivo.com\/index.php\/2025\/06\/03\/swiatek-sabalenka-se-veran-las-caras-en-semifinales\/#primaryimage\"},\"thumbnailUrl\":\"https:\/\/esbozodeportivo.com\/wp-content\/uploads\/2025\/06\/Abierto-Francia.jpg\",\"articleSection\":[\"Tenis Internacional\"],\"inLanguage\":\"es\"},{\"@type\":\"WebPage\",\"@id\":\"https:\/\/esbozodeportivo.com\/index.php\/2025\/06\/03\/swiatek-sabalenka-se-veran-las-caras-en-semifinales\/\",\"url\":\"https:\/\/esbozodeportivo.com\/index.php\/2025\/06\/03\/swiatek-sabalenka-se-veran-las-caras-en-semifinales\/\",\"name\":\"Swiatek-Sabalenka se ver\u00e1n las caras en semifinales - Esbozo Deportivo\",\"isPartOf\":{\"@id\":\"https:\/\/esbozodeportivo.com\/#website\"},\"primaryImageOfPage\":{\"@id\":\"https:\/\/esbozodeportivo.com\/index.php\/2025\/06\/03\/swiatek-sabalenka-se-veran-las-caras-en-semifinales\/#primaryimage\"},\"image\":{\"@id\":\"https:\/\/esbozodeportivo.com\/index.php\/2025\/06\/03\/swiatek-sabalenka-se-veran-las-caras-en-semifinales\/#primaryimage\"},\"thumbnailUrl\":\"https:\/\/esbozodeportivo.com\/wp-content\/uploads\/2025\/06\/Abierto-Francia.jpg\",\"datePublished\":\"2025-06-04T04:46:52+00:00\",\"dateModified\":\"2025-06-04T04:46:53+00:00\",\"description\":\"Iga Swiatek consigui\u00f3 su vigesimosexta victoria consecutiva en Roland Garros, donde ha sido campeona en cuatro ocasiones, y ahora enfrentar\u00e1 en las semifinales del Abierto de Francia a la n\u00famero uno del mundo Aryna Sabalenka.\",\"breadcrumb\":{\"@id\":\"https:\/\/esbozodeportivo.com\/index.php\/2025\/06\/03\/swiatek-sabalenka-se-veran-las-caras-en-semifinales\/#breadcrumb\"},\"inLanguage\":\"es\",\"potentialAction\":[{\"@type\":\"ReadAction\",\"target\":[\"https:\/\/esbozodeportivo.com\/index.php\/2025\/06\/03\/swiatek-sabalenka-se-veran-las-caras-en-semifinales\/\"]}]},{\"@type\":\"ImageObject\",\"inLanguage\":\"es\",\"@id\":\"https:\/\/esbozodeportivo.com\/index.php\/2025\/06\/03\/swiatek-sabalenka-se-veran-las-caras-en-semifinales\/#primaryimage\",\"url\":\"https:\/\/esbozodeportivo.com\/wp-content\/uploads\/2025\/06\/Abierto-Francia.jpg\",\"contentUrl\":\"https:\/\/esbozodeportivo.com\/wp-content\/uploads\/2025\/06\/Abierto-Francia.jpg\",\"width\":1440,\"height\":960},{\"@type\":\"BreadcrumbList\",\"@id\":\"https:\/\/esbozodeportivo.com\/index.php\/2025\/06\/03\/swiatek-sabalenka-se-veran-las-caras-en-semifinales\/#breadcrumb\",\"itemListElement\":[{\"@type\":\"ListItem\",\"position\":1,\"name\":\"Inicio\",\"item\":\"https:\/\/esbozodeportivo.com\/\"},{\"@type\":\"ListItem\",\"position\":2,\"name\":\"Swiatek-Sabalenka se ver\u00e1n las caras en semifinales\"}]},{\"@type\":\"WebSite\",\"@id\":\"https:\/\/esbozodeportivo.com\/#website\",\"url\":\"https:\/\/esbozodeportivo.com\/\",\"name\":\"Esbozo Deportivo\",\"description\":\"Lo m\u00e1s importante del Deporte\",\"publisher\":{\"@id\":\"https:\/\/esbozodeportivo.com\/#organization\"},\"potentialAction\":[{\"@type\":\"SearchAction\",\"target\":{\"@type\":\"EntryPoint\",\"urlTemplate\":\"https:\/\/esbozodeportivo.com\/?s={search_term_string}\"},\"query-input\":{\"@type\":\"PropertyValueSpecification\",\"valueRequired\":true,\"valueName\":\"search_term_string\"}}],\"inLanguage\":\"es\"},{\"@type\":\"Organization\",\"@id\":\"https:\/\/esbozodeportivo.com\/#organization\",\"name\":\"Esbozo Deportivo\",\"url\":\"https:\/\/esbozodeportivo.com\/\",\"logo\":{\"@type\":\"ImageObject\",\"inLanguage\":\"es\",\"@id\":\"https:\/\/esbozodeportivo.com\/#\/schema\/logo\/image\/\",\"url\":\"https:\/\/esbozodeportivo.com\/wp-content\/uploads\/2022\/08\/cropped-Logo-Esbozo-Web-2.png\",\"contentUrl\":\"https:\/\/esbozodeportivo.com\/wp-content\/uploads\/2022\/08\/cropped-Logo-Esbozo-Web-2.png\",\"width\":180,\"height\":50,\"caption\":\"Esbozo Deportivo\"},\"image\":{\"@id\":\"https:\/\/esbozodeportivo.com\/#\/schema\/logo\/image\/\"}},{\"@type\":\"Person\",\"@id\":\"https:\/\/esbozodeportivo.com\/#\/schema\/person\/0f6df9196dfe6740dd0bb31bae50d374\",\"name\":\"Redacci\u00f3n\",\"image\":{\"@type\":\"ImageObject\",\"inLanguage\":\"es\",\"@id\":\"https:\/\/esbozodeportivo.com\/#\/schema\/person\/image\/\",\"url\":\"https:\/\/secure.gravatar.com\/avatar\/f55268a89c3b418f2ef172ff52ab0d09b3e653c58de29539fe329fb93d78ebf3?s=96&d=mm&r=g\",\"contentUrl\":\"https:\/\/secure.gravatar.com\/avatar\/f55268a89c3b418f2ef172ff52ab0d09b3e653c58de29539fe329fb93d78ebf3?s=96&d=mm&r=g\",\"caption\":\"Redacci\u00f3n\"},\"url\":\"https:\/\/esbozodeportivo.com\/index.php\/author\/redaccion\/\"}]}<\/script>\n<!-- \/ Yoast SEO plugin. -->","yoast_head_json":{"title":"Swiatek-Sabalenka se ver\u00e1n las caras en semifinales - Esbozo Deportivo","description":"Iga Swiatek consigui\u00f3 su vigesimosexta victoria consecutiva en Roland Garros, donde ha sido campeona en cuatro ocasiones, y ahora enfrentar\u00e1 en las semifinales del Abierto de Francia a la n\u00famero uno del mundo Aryna Sabalenka.","robots":{"index":"index","follow":"follow","max-snippet":"max-snippet:-1","max-image-preview":"max-image-preview:large","max-video-preview":"max-video-preview:-1"},"canonical":"https:\/\/esbozodeportivo.com\/index.php\/2025\/06\/03\/swiatek-sabalenka-se-veran-las-caras-en-semifinales\/","og_locale":"es_MX","og_type":"article","og_title":"Swiatek-Sabalenka se ver\u00e1n las caras en semifinales - Esbozo Deportivo","og_description":"Iga Swiatek consigui\u00f3 su vigesimosexta victoria consecutiva en Roland Garros, donde ha sido campeona en cuatro ocasiones, y ahora enfrentar\u00e1 en las semifinales del Abierto de Francia a la n\u00famero uno del mundo Aryna Sabalenka.","og_url":"https:\/\/esbozodeportivo.com\/index.php\/2025\/06\/03\/swiatek-sabalenka-se-veran-las-caras-en-semifinales\/","og_site_name":"Esbozo Deportivo","article_published_time":"2025-06-04T04:46:52+00:00","article_modified_time":"2025-06-04T04:46:53+00:00","og_image":[{"width":1440,"height":960,"url":"https:\/\/esbozodeportivo.com\/wp-content\/uploads\/2025\/06\/Abierto-Francia.jpg","type":"image\/jpeg"}],"author":"Redacci\u00f3n","twitter_card":"summary_large_image","twitter_misc":{"Escrito por":"Redacci\u00f3n","Tiempo de lectura":"2 minutos"},"schema":{"@context":"https:\/\/schema.org","@graph":[{"@type":"Article","@id":"https:\/\/esbozodeportivo.com\/index.php\/2025\/06\/03\/swiatek-sabalenka-se-veran-las-caras-en-semifinales\/#article","isPartOf":{"@id":"https:\/\/esbozodeportivo.com\/index.php\/2025\/06\/03\/swiatek-sabalenka-se-veran-las-caras-en-semifinales\/"},"author":{"name":"Redacci\u00f3n","@id":"https:\/\/esbozodeportivo.com\/#\/schema\/person\/0f6df9196dfe6740dd0bb31bae50d374"},"headline":"Swiatek-Sabalenka se ver\u00e1n las caras en semifinales","datePublished":"2025-06-04T04:46:52+00:00","dateModified":"2025-06-04T04:46:53+00:00","mainEntityOfPage":{"@id":"https:\/\/esbozodeportivo.com\/index.php\/2025\/06\/03\/swiatek-sabalenka-se-veran-las-caras-en-semifinales\/"},"wordCount":353,"publisher":{"@id":"https:\/\/esbozodeportivo.com\/#organization"},"image":{"@id":"https:\/\/esbozodeportivo.com\/index.php\/2025\/06\/03\/swiatek-sabalenka-se-veran-las-caras-en-semifinales\/#primaryimage"},"thumbnailUrl":"https:\/\/esbozodeportivo.com\/wp-content\/uploads\/2025\/06\/Abierto-Francia.jpg","articleSection":["Tenis Internacional"],"inLanguage":"es"},{"@type":"WebPage","@id":"https:\/\/esbozodeportivo.com\/index.php\/2025\/06\/03\/swiatek-sabalenka-se-veran-las-caras-en-semifinales\/","url":"https:\/\/esbozodeportivo.com\/index.php\/2025\/06\/03\/swiatek-sabalenka-se-veran-las-caras-en-semifinales\/","name":"Swiatek-Sabalenka se ver\u00e1n las caras en semifinales - Esbozo Deportivo","isPartOf":{"@id":"https:\/\/esbozodeportivo.com\/#website"},"primaryImageOfPage":{"@id":"https:\/\/esbozodeportivo.com\/index.php\/2025\/06\/03\/swiatek-sabalenka-se-veran-las-caras-en-semifinales\/#primaryimage"},"image":{"@id":"https:\/\/esbozodeportivo.com\/index.php\/2025\/06\/03\/swiatek-sabalenka-se-veran-las-caras-en-semifinales\/#primaryimage"},"thumbnailUrl":"https:\/\/esbozodeportivo.com\/wp-content\/uploads\/2025\/06\/Abierto-Francia.jpg","datePublished":"2025-06-04T04:46:52+00:00","dateModified":"2025-06-04T04:46:53+00:00","description":"Iga Swiatek consigui\u00f3 su vigesimosexta victoria consecutiva en Roland Garros, donde ha sido campeona en cuatro ocasiones, y ahora enfrentar\u00e1 en las semifinales del Abierto de Francia a la n\u00famero uno del mundo Aryna Sabalenka.","breadcrumb":{"@id":"https:\/\/esbozodeportivo.com\/index.php\/2025\/06\/03\/swiatek-sabalenka-se-veran-las-caras-en-semifinales\/#breadcrumb"},"inLanguage":"es","potentialAction":[{"@type":"ReadAction","target":["https:\/\/esbozodeportivo.com\/index.php\/2025\/06\/03\/swiatek-sabalenka-se-veran-las-caras-en-semifinales\/"]}]},{"@type":"ImageObject","inLanguage":"es","@id":"https:\/\/esbozodeportivo.com\/index.php\/2025\/06\/03\/swiatek-sabalenka-se-veran-las-caras-en-semifinales\/#primaryimage","url":"https:\/\/esbozodeportivo.com\/wp-content\/uploads\/2025\/06\/Abierto-Francia.jpg","contentUrl":"https:\/\/esbozodeportivo.com\/wp-content\/uploads\/2025\/06\/Abierto-Francia.jpg","width":1440,"height":960},{"@type":"BreadcrumbList","@id":"https:\/\/esbozodeportivo.com\/index.php\/2025\/06\/03\/swiatek-sabalenka-se-veran-las-caras-en-semifinales\/#breadcrumb","itemListElement":[{"@type":"ListItem","position":1,"name":"Inicio","item":"https:\/\/esbozodeportivo.com\/"},{"@type":"ListItem","position":2,"name":"Swiatek-Sabalenka se ver\u00e1n las caras en semifinales"}]},{"@type":"WebSite","@id":"https:\/\/esbozodeportivo.com\/#website","url":"https:\/\/esbozodeportivo.com\/","name":"Esbozo Deportivo","description":"Lo m\u00e1s importante del Deporte","publisher":{"@id":"https:\/\/esbozodeportivo.com\/#organization"},"potentialAction":[{"@type":"SearchAction","target":{"@type":"EntryPoint","urlTemplate":"https:\/\/esbozodeportivo.com\/?s={search_term_string}"},"query-input":{"@type":"PropertyValueSpecification","valueRequired":true,"valueName":"search_term_string"}}],"inLanguage":"es"},{"@type":"Organization","@id":"https:\/\/esbozodeportivo.com\/#organization","name":"Esbozo Deportivo","url":"https:\/\/esbozodeportivo.com\/","logo":{"@type":"ImageObject","inLanguage":"es","@id":"https:\/\/esbozodeportivo.com\/#\/schema\/logo\/image\/","url":"https:\/\/esbozodeportivo.com\/wp-content\/uploads\/2022\/08\/cropped-Logo-Esbozo-Web-2.png","contentUrl":"https:\/\/esbozodeportivo.com\/wp-content\/uploads\/2022\/08\/cropped-Logo-Esbozo-Web-2.png","width":180,"height":50,"caption":"Esbozo Deportivo"},"image":{"@id":"https:\/\/esbozodeportivo.com\/#\/schema\/logo\/image\/"}},{"@type":"Person","@id":"https:\/\/esbozodeportivo.com\/#\/schema\/person\/0f6df9196dfe6740dd0bb31bae50d374","name":"Redacci\u00f3n","image":{"@type":"ImageObject","inLanguage":"es","@id":"https:\/\/esbozodeportivo.com\/#\/schema\/person\/image\/","url":"https:\/\/secure.gravatar.com\/avatar\/f55268a89c3b418f2ef172ff52ab0d09b3e653c58de29539fe329fb93d78ebf3?s=96&d=mm&r=g","contentUrl":"https:\/\/secure.gravatar.com\/avatar\/f55268a89c3b418f2ef172ff52ab0d09b3e653c58de29539fe329fb93d78ebf3?s=96&d=mm&r=g","caption":"Redacci\u00f3n"},"url":"https:\/\/esbozodeportivo.com\/index.php\/author\/redaccion\/"}]}},"jetpack_featured_media_url":"https:\/\/esbozodeportivo.com\/wp-content\/uploads\/2025\/06\/Abierto-Francia.jpg","jetpack_sharing_enabled":true,"_links":{"self":[{"href":"https:\/\/esbozodeportivo.com\/index.php\/wp-json\/wp\/v2\/posts\/7812","targetHints":{"allow":["GET"]}}],"collection":[{"href":"https:\/\/esbozodeportivo.com\/index.php\/wp-json\/wp\/v2\/posts"}],"about":[{"href":"https:\/\/esbozodeportivo.com\/index.php\/wp-json\/wp\/v2\/types\/post"}],"author":[{"embeddable":true,"href":"https:\/\/esbozodeportivo.com\/index.php\/wp-json\/wp\/v2\/users\/4"}],"replies":[{"embeddable":true,"href":"https:\/\/esbozodeportivo.com\/index.php\/wp-json\/wp\/v2\/comments?post=7812"}],"version-history":[{"count":1,"href":"https:\/\/esbozodeportivo.com\/index.php\/wp-json\/wp\/v2\/posts\/7812\/revisions"}],"predecessor-version":[{"id":7820,"href":"https:\/\/esbozodeportivo.com\/index.php\/wp-json\/wp\/v2\/posts\/7812\/revisions\/7820"}],"wp:featuredmedia":[{"embeddable":true,"href":"https:\/\/esbozodeportivo.com\/index.php\/wp-json\/wp\/v2\/media\/7813"}],"wp:attachment":[{"href":"https:\/\/esbozodeportivo.com\/index.php\/wp-json\/wp\/v2\/media?parent=7812"}],"wp:term":[{"taxonomy":"category","embeddable":true,"href":"https:\/\/esbozodeportivo.com\/index.php\/wp-json\/wp\/v2\/categories?post=7812"},{"taxonomy":"post_tag","embeddable":true,"href":"https:\/\/esbozodeportivo.com\/index.php\/wp-json\/wp\/v2\/tags?post=7812"}],"curies":[{"name":"wp","href":"https:\/\/api.w.org\/{rel}","templated":true}]}}