{"id":7821,"date":"2025-06-03T22:48:44","date_gmt":"2025-06-04T04:48:44","guid":{"rendered":"https:\/\/esbozodeportivo.com\/?p=7821"},"modified":"2025-06-03T22:48:44","modified_gmt":"2025-06-04T04:48:44","slug":"inzaghi-se-va-del-inter-tras-cuatro-anos","status":"publish","type":"post","link":"https:\/\/esbozodeportivo.com\/index.php\/2025\/06\/03\/inzaghi-se-va-del-inter-tras-cuatro-anos\/","title":{"rendered":"Inzaghi se va del Inter tras cuatro a\u00f1os"},"content":{"rendered":"\n<p>(Foto: Agencias) <\/p>\n\n\n\n<p>La goleada 5-0 del <strong>Paris Saint-Germain<\/strong> en la final de la <strong>Liga de Campeones<\/strong> fue el \u00faltimo partido de <strong>Simone Inzaghi<\/strong> al mando del <strong>Inter de Mil\u00e1n<\/strong>.<\/p>\n\n\n\n<p>\u201cEl momento ha llegado para despedirme de este club despu\u00e9s de un per\u00edodo de cuatro a\u00f1os durante el cual di todo\u201d, escribi\u00f3 I<strong>nzaghi<\/strong> en una carta a los aficionados del <strong>Inter<\/strong> publicada el martes en el sitio web del club.<\/p>\n\n\n\n<p>Adem\u00e1s, dieron a conocer que el club saud\u00ed <strong>Al-Hilal<\/strong> est\u00e1 tratando de atraer a <strong>Inzagh<\/strong>i con una oferta de m\u00e1s de 20 millones de euros (23 millones de d\u00f3lares) por temporada.<\/p>\n\n\n\n<p><strong>Inzagh<\/strong>i llev\u00f3 al Inter al t\u00edtulo de la <strong>Serie A<\/strong> el a\u00f1o pasado y tambi\u00e9n estuvo al mando cuando los Nerazzurri perdieron el t\u00edtulo de la <strong>Liga de Campeones 2023<\/strong> ante el <strong>Manchester City<\/strong>.<\/p>\n\n\n\n<p>Ha estado al frente del <strong>Inter<\/strong> durante exactamente cuatro a\u00f1os y le quedaba una temporada m\u00e1s en su contrato.<\/p>\n\n\n\n<p>No est\u00e1 claro qui\u00e9n dirigir\u00e1 al Inter en el <strong>Mundial de Clubes<\/strong> que inicia el 14 de junio en los <strong>Estados Unidos<\/strong>. El <strong>Inter <\/strong>debuta contra <strong>Monterrey<\/strong> de M\u00e9xico el 17 de junio, un d\u00eda antes de que el <strong>Al-Hilal<\/strong> inicie su camino contra el Real Madrid el 18 de junio.<\/p>\n\n\n\n<p><\/p>\n","protected":false},"excerpt":{"rendered":"<p>(Foto: Agencias) La goleada 5-0 del Paris Saint-Germain en la final de la Liga de<\/p>\n","protected":false},"author":4,"featured_media":7817,"comment_status":"closed","ping_status":"open","sticky":false,"template":"","format":"standard","meta":{"_jetpack_memberships_contains_paid_content":false,"footnotes":""},"categories":[14],"tags":[],"class_list":["post-7821","post","type-post","status-publish","format-standard","has-post-thumbnail","hentry","category-futbol"],"yoast_head":"<!-- This site is optimized with the Yoast SEO plugin v25.7 - https:\/\/yoast.com\/wordpress\/plugins\/seo\/ -->\n<title>Inzaghi se va del Inter tras cuatro a\u00f1os - Esbozo Deportivo<\/title>\n<meta name=\"description\" content=\"La goleada 5-0 del Paris Saint-Germain en la final de la Liga de Campeones fue el \u00faltimo partido de Simone Inzaghi al mando del Inter de Mil\u00e1n.\" \/>\n<meta name=\"robots\" content=\"index, follow, max-snippet:-1, max-image-preview:large, max-video-preview:-1\" \/>\n<link rel=\"canonical\" href=\"https:\/\/esbozodeportivo.com\/index.php\/2025\/06\/03\/inzaghi-se-va-del-inter-tras-cuatro-anos\/\" \/>\n<meta property=\"og:locale\" content=\"es_MX\" \/>\n<meta property=\"og:type\" content=\"article\" \/>\n<meta property=\"og:title\" content=\"Inzaghi se va del Inter tras cuatro a\u00f1os - Esbozo Deportivo\" \/>\n<meta property=\"og:description\" content=\"La goleada 5-0 del Paris Saint-Germain en la final de la Liga de Campeones fue el \u00faltimo partido de Simone Inzaghi al mando del Inter de Mil\u00e1n.\" \/>\n<meta property=\"og:url\" content=\"https:\/\/esbozodeportivo.com\/index.php\/2025\/06\/03\/inzaghi-se-va-del-inter-tras-cuatro-anos\/\" \/>\n<meta property=\"og:site_name\" content=\"Esbozo Deportivo\" \/>\n<meta property=\"article:published_time\" content=\"2025-06-04T04:48:44+00:00\" \/>\n<meta property=\"og:image\" content=\"https:\/\/esbozodeportivo.com\/wp-content\/uploads\/2025\/06\/Soccert.jpg\" \/>\n\t<meta property=\"og:image:width\" content=\"980\" \/>\n\t<meta property=\"og:image:height\" content=\"653\" \/>\n\t<meta property=\"og:image:type\" content=\"image\/jpeg\" \/>\n<meta name=\"author\" content=\"Redacci\u00f3n\" \/>\n<meta name=\"twitter:card\" content=\"summary_large_image\" \/>\n<meta name=\"twitter:label1\" content=\"Escrito por\" \/>\n\t<meta name=\"twitter:data1\" content=\"Redacci\u00f3n\" \/>\n\t<meta name=\"twitter:label2\" content=\"Tiempo de lectura\" \/>\n\t<meta name=\"twitter:data2\" content=\"2 minutos\" \/>\n<script type=\"application\/ld+json\" class=\"yoast-schema-graph\">{\"@context\":\"https:\/\/schema.org\",\"@graph\":[{\"@type\":\"Article\",\"@id\":\"https:\/\/esbozodeportivo.com\/index.php\/2025\/06\/03\/inzaghi-se-va-del-inter-tras-cuatro-anos\/#article\",\"isPartOf\":{\"@id\":\"https:\/\/esbozodeportivo.com\/index.php\/2025\/06\/03\/inzaghi-se-va-del-inter-tras-cuatro-anos\/\"},\"author\":{\"name\":\"Redacci\u00f3n\",\"@id\":\"https:\/\/esbozodeportivo.com\/#\/schema\/person\/0f6df9196dfe6740dd0bb31bae50d374\"},\"headline\":\"Inzaghi se va del Inter tras cuatro a\u00f1os\",\"datePublished\":\"2025-06-04T04:48:44+00:00\",\"mainEntityOfPage\":{\"@id\":\"https:\/\/esbozodeportivo.com\/index.php\/2025\/06\/03\/inzaghi-se-va-del-inter-tras-cuatro-anos\/\"},\"wordCount\":223,\"publisher\":{\"@id\":\"https:\/\/esbozodeportivo.com\/#organization\"},\"image\":{\"@id\":\"https:\/\/esbozodeportivo.com\/index.php\/2025\/06\/03\/inzaghi-se-va-del-inter-tras-cuatro-anos\/#primaryimage\"},\"thumbnailUrl\":\"https:\/\/esbozodeportivo.com\/wp-content\/uploads\/2025\/06\/Soccert.jpg\",\"articleSection\":[\"Futbol Internacional\"],\"inLanguage\":\"es\"},{\"@type\":\"WebPage\",\"@id\":\"https:\/\/esbozodeportivo.com\/index.php\/2025\/06\/03\/inzaghi-se-va-del-inter-tras-cuatro-anos\/\",\"url\":\"https:\/\/esbozodeportivo.com\/index.php\/2025\/06\/03\/inzaghi-se-va-del-inter-tras-cuatro-anos\/\",\"name\":\"Inzaghi se va del Inter tras cuatro a\u00f1os - Esbozo Deportivo\",\"isPartOf\":{\"@id\":\"https:\/\/esbozodeportivo.com\/#website\"},\"primaryImageOfPage\":{\"@id\":\"https:\/\/esbozodeportivo.com\/index.php\/2025\/06\/03\/inzaghi-se-va-del-inter-tras-cuatro-anos\/#primaryimage\"},\"image\":{\"@id\":\"https:\/\/esbozodeportivo.com\/index.php\/2025\/06\/03\/inzaghi-se-va-del-inter-tras-cuatro-anos\/#primaryimage\"},\"thumbnailUrl\":\"https:\/\/esbozodeportivo.com\/wp-content\/uploads\/2025\/06\/Soccert.jpg\",\"datePublished\":\"2025-06-04T04:48:44+00:00\",\"description\":\"La goleada 5-0 del Paris Saint-Germain en la final de la Liga de Campeones fue el \u00faltimo partido de Simone Inzaghi al mando del Inter de Mil\u00e1n.\",\"breadcrumb\":{\"@id\":\"https:\/\/esbozodeportivo.com\/index.php\/2025\/06\/03\/inzaghi-se-va-del-inter-tras-cuatro-anos\/#breadcrumb\"},\"inLanguage\":\"es\",\"potentialAction\":[{\"@type\":\"ReadAction\",\"target\":[\"https:\/\/esbozodeportivo.com\/index.php\/2025\/06\/03\/inzaghi-se-va-del-inter-tras-cuatro-anos\/\"]}]},{\"@type\":\"ImageObject\",\"inLanguage\":\"es\",\"@id\":\"https:\/\/esbozodeportivo.com\/index.php\/2025\/06\/03\/inzaghi-se-va-del-inter-tras-cuatro-anos\/#primaryimage\",\"url\":\"https:\/\/esbozodeportivo.com\/wp-content\/uploads\/2025\/06\/Soccert.jpg\",\"contentUrl\":\"https:\/\/esbozodeportivo.com\/wp-content\/uploads\/2025\/06\/Soccert.jpg\",\"width\":980,\"height\":653},{\"@type\":\"BreadcrumbList\",\"@id\":\"https:\/\/esbozodeportivo.com\/index.php\/2025\/06\/03\/inzaghi-se-va-del-inter-tras-cuatro-anos\/#breadcrumb\",\"itemListElement\":[{\"@type\":\"ListItem\",\"position\":1,\"name\":\"Inicio\",\"item\":\"https:\/\/esbozodeportivo.com\/\"},{\"@type\":\"ListItem\",\"position\":2,\"name\":\"Inzaghi se va del Inter tras cuatro a\u00f1os\"}]},{\"@type\":\"WebSite\",\"@id\":\"https:\/\/esbozodeportivo.com\/#website\",\"url\":\"https:\/\/esbozodeportivo.com\/\",\"name\":\"Esbozo Deportivo\",\"description\":\"Lo m\u00e1s importante del Deporte\",\"publisher\":{\"@id\":\"https:\/\/esbozodeportivo.com\/#organization\"},\"potentialAction\":[{\"@type\":\"SearchAction\",\"target\":{\"@type\":\"EntryPoint\",\"urlTemplate\":\"https:\/\/esbozodeportivo.com\/?s={search_term_string}\"},\"query-input\":{\"@type\":\"PropertyValueSpecification\",\"valueRequired\":true,\"valueName\":\"search_term_string\"}}],\"inLanguage\":\"es\"},{\"@type\":\"Organization\",\"@id\":\"https:\/\/esbozodeportivo.com\/#organization\",\"name\":\"Esbozo Deportivo\",\"url\":\"https:\/\/esbozodeportivo.com\/\",\"logo\":{\"@type\":\"ImageObject\",\"inLanguage\":\"es\",\"@id\":\"https:\/\/esbozodeportivo.com\/#\/schema\/logo\/image\/\",\"url\":\"https:\/\/esbozodeportivo.com\/wp-content\/uploads\/2022\/08\/cropped-Logo-Esbozo-Web-2.png\",\"contentUrl\":\"https:\/\/esbozodeportivo.com\/wp-content\/uploads\/2022\/08\/cropped-Logo-Esbozo-Web-2.png\",\"width\":180,\"height\":50,\"caption\":\"Esbozo Deportivo\"},\"image\":{\"@id\":\"https:\/\/esbozodeportivo.com\/#\/schema\/logo\/image\/\"}},{\"@type\":\"Person\",\"@id\":\"https:\/\/esbozodeportivo.com\/#\/schema\/person\/0f6df9196dfe6740dd0bb31bae50d374\",\"name\":\"Redacci\u00f3n\",\"image\":{\"@type\":\"ImageObject\",\"inLanguage\":\"es\",\"@id\":\"https:\/\/esbozodeportivo.com\/#\/schema\/person\/image\/\",\"url\":\"https:\/\/secure.gravatar.com\/avatar\/f55268a89c3b418f2ef172ff52ab0d09b3e653c58de29539fe329fb93d78ebf3?s=96&d=mm&r=g\",\"contentUrl\":\"https:\/\/secure.gravatar.com\/avatar\/f55268a89c3b418f2ef172ff52ab0d09b3e653c58de29539fe329fb93d78ebf3?s=96&d=mm&r=g\",\"caption\":\"Redacci\u00f3n\"},\"url\":\"https:\/\/esbozodeportivo.com\/index.php\/author\/redaccion\/\"}]}<\/script>\n<!-- \/ Yoast SEO plugin. -->","yoast_head_json":{"title":"Inzaghi se va del Inter tras cuatro a\u00f1os - Esbozo Deportivo","description":"La goleada 5-0 del Paris Saint-Germain en la final de la Liga de Campeones fue el \u00faltimo partido de Simone Inzaghi al mando del Inter de Mil\u00e1n.","robots":{"index":"index","follow":"follow","max-snippet":"max-snippet:-1","max-image-preview":"max-image-preview:large","max-video-preview":"max-video-preview:-1"},"canonical":"https:\/\/esbozodeportivo.com\/index.php\/2025\/06\/03\/inzaghi-se-va-del-inter-tras-cuatro-anos\/","og_locale":"es_MX","og_type":"article","og_title":"Inzaghi se va del Inter tras cuatro a\u00f1os - Esbozo Deportivo","og_description":"La goleada 5-0 del Paris Saint-Germain en la final de la Liga de Campeones fue el \u00faltimo partido de Simone Inzaghi al mando del Inter de Mil\u00e1n.","og_url":"https:\/\/esbozodeportivo.com\/index.php\/2025\/06\/03\/inzaghi-se-va-del-inter-tras-cuatro-anos\/","og_site_name":"Esbozo Deportivo","article_published_time":"2025-06-04T04:48:44+00:00","og_image":[{"width":980,"height":653,"url":"https:\/\/esbozodeportivo.com\/wp-content\/uploads\/2025\/06\/Soccert.jpg","type":"image\/jpeg"}],"author":"Redacci\u00f3n","twitter_card":"summary_large_image","twitter_misc":{"Escrito por":"Redacci\u00f3n","Tiempo de lectura":"2 minutos"},"schema":{"@context":"https:\/\/schema.org","@graph":[{"@type":"Article","@id":"https:\/\/esbozodeportivo.com\/index.php\/2025\/06\/03\/inzaghi-se-va-del-inter-tras-cuatro-anos\/#article","isPartOf":{"@id":"https:\/\/esbozodeportivo.com\/index.php\/2025\/06\/03\/inzaghi-se-va-del-inter-tras-cuatro-anos\/"},"author":{"name":"Redacci\u00f3n","@id":"https:\/\/esbozodeportivo.com\/#\/schema\/person\/0f6df9196dfe6740dd0bb31bae50d374"},"headline":"Inzaghi se va del Inter tras cuatro a\u00f1os","datePublished":"2025-06-04T04:48:44+00:00","mainEntityOfPage":{"@id":"https:\/\/esbozodeportivo.com\/index.php\/2025\/06\/03\/inzaghi-se-va-del-inter-tras-cuatro-anos\/"},"wordCount":223,"publisher":{"@id":"https:\/\/esbozodeportivo.com\/#organization"},"image":{"@id":"https:\/\/esbozodeportivo.com\/index.php\/2025\/06\/03\/inzaghi-se-va-del-inter-tras-cuatro-anos\/#primaryimage"},"thumbnailUrl":"https:\/\/esbozodeportivo.com\/wp-content\/uploads\/2025\/06\/Soccert.jpg","articleSection":["Futbol Internacional"],"inLanguage":"es"},{"@type":"WebPage","@id":"https:\/\/esbozodeportivo.com\/index.php\/2025\/06\/03\/inzaghi-se-va-del-inter-tras-cuatro-anos\/","url":"https:\/\/esbozodeportivo.com\/index.php\/2025\/06\/03\/inzaghi-se-va-del-inter-tras-cuatro-anos\/","name":"Inzaghi se va del Inter tras cuatro a\u00f1os - Esbozo Deportivo","isPartOf":{"@id":"https:\/\/esbozodeportivo.com\/#website"},"primaryImageOfPage":{"@id":"https:\/\/esbozodeportivo.com\/index.php\/2025\/06\/03\/inzaghi-se-va-del-inter-tras-cuatro-anos\/#primaryimage"},"image":{"@id":"https:\/\/esbozodeportivo.com\/index.php\/2025\/06\/03\/inzaghi-se-va-del-inter-tras-cuatro-anos\/#primaryimage"},"thumbnailUrl":"https:\/\/esbozodeportivo.com\/wp-content\/uploads\/2025\/06\/Soccert.jpg","datePublished":"2025-06-04T04:48:44+00:00","description":"La goleada 5-0 del Paris Saint-Germain en la final de la Liga de Campeones fue el \u00faltimo partido de Simone Inzaghi al mando del Inter de Mil\u00e1n.","breadcrumb":{"@id":"https:\/\/esbozodeportivo.com\/index.php\/2025\/06\/03\/inzaghi-se-va-del-inter-tras-cuatro-anos\/#breadcrumb"},"inLanguage":"es","potentialAction":[{"@type":"ReadAction","target":["https:\/\/esbozodeportivo.com\/index.php\/2025\/06\/03\/inzaghi-se-va-del-inter-tras-cuatro-anos\/"]}]},{"@type":"ImageObject","inLanguage":"es","@id":"https:\/\/esbozodeportivo.com\/index.php\/2025\/06\/03\/inzaghi-se-va-del-inter-tras-cuatro-anos\/#primaryimage","url":"https:\/\/esbozodeportivo.com\/wp-content\/uploads\/2025\/06\/Soccert.jpg","contentUrl":"https:\/\/esbozodeportivo.com\/wp-content\/uploads\/2025\/06\/Soccert.jpg","width":980,"height":653},{"@type":"BreadcrumbList","@id":"https:\/\/esbozodeportivo.com\/index.php\/2025\/06\/03\/inzaghi-se-va-del-inter-tras-cuatro-anos\/#breadcrumb","itemListElement":[{"@type":"ListItem","position":1,"name":"Inicio","item":"https:\/\/esbozodeportivo.com\/"},{"@type":"ListItem","position":2,"name":"Inzaghi se va del Inter tras cuatro a\u00f1os"}]},{"@type":"WebSite","@id":"https:\/\/esbozodeportivo.com\/#website","url":"https:\/\/esbozodeportivo.com\/","name":"Esbozo Deportivo","description":"Lo m\u00e1s importante del Deporte","publisher":{"@id":"https:\/\/esbozodeportivo.com\/#organization"},"potentialAction":[{"@type":"SearchAction","target":{"@type":"EntryPoint","urlTemplate":"https:\/\/esbozodeportivo.com\/?s={search_term_string}"},"query-input":{"@type":"PropertyValueSpecification","valueRequired":true,"valueName":"search_term_string"}}],"inLanguage":"es"},{"@type":"Organization","@id":"https:\/\/esbozodeportivo.com\/#organization","name":"Esbozo Deportivo","url":"https:\/\/esbozodeportivo.com\/","logo":{"@type":"ImageObject","inLanguage":"es","@id":"https:\/\/esbozodeportivo.com\/#\/schema\/logo\/image\/","url":"https:\/\/esbozodeportivo.com\/wp-content\/uploads\/2022\/08\/cropped-Logo-Esbozo-Web-2.png","contentUrl":"https:\/\/esbozodeportivo.com\/wp-content\/uploads\/2022\/08\/cropped-Logo-Esbozo-Web-2.png","width":180,"height":50,"caption":"Esbozo Deportivo"},"image":{"@id":"https:\/\/esbozodeportivo.com\/#\/schema\/logo\/image\/"}},{"@type":"Person","@id":"https:\/\/esbozodeportivo.com\/#\/schema\/person\/0f6df9196dfe6740dd0bb31bae50d374","name":"Redacci\u00f3n","image":{"@type":"ImageObject","inLanguage":"es","@id":"https:\/\/esbozodeportivo.com\/#\/schema\/person\/image\/","url":"https:\/\/secure.gravatar.com\/avatar\/f55268a89c3b418f2ef172ff52ab0d09b3e653c58de29539fe329fb93d78ebf3?s=96&d=mm&r=g","contentUrl":"https:\/\/secure.gravatar.com\/avatar\/f55268a89c3b418f2ef172ff52ab0d09b3e653c58de29539fe329fb93d78ebf3?s=96&d=mm&r=g","caption":"Redacci\u00f3n"},"url":"https:\/\/esbozodeportivo.com\/index.php\/author\/redaccion\/"}]}},"jetpack_featured_media_url":"https:\/\/esbozodeportivo.com\/wp-content\/uploads\/2025\/06\/Soccert.jpg","jetpack_sharing_enabled":true,"_links":{"self":[{"href":"https:\/\/esbozodeportivo.com\/index.php\/wp-json\/wp\/v2\/posts\/7821","targetHints":{"allow":["GET"]}}],"collection":[{"href":"https:\/\/esbozodeportivo.com\/index.php\/wp-json\/wp\/v2\/posts"}],"about":[{"href":"https:\/\/esbozodeportivo.com\/index.php\/wp-json\/wp\/v2\/types\/post"}],"author":[{"embeddable":true,"href":"https:\/\/esbozodeportivo.com\/index.php\/wp-json\/wp\/v2\/users\/4"}],"replies":[{"embeddable":true,"href":"https:\/\/esbozodeportivo.com\/index.php\/wp-json\/wp\/v2\/comments?post=7821"}],"version-history":[{"count":1,"href":"https:\/\/esbozodeportivo.com\/index.php\/wp-json\/wp\/v2\/posts\/7821\/revisions"}],"predecessor-version":[{"id":7822,"href":"https:\/\/esbozodeportivo.com\/index.php\/wp-json\/wp\/v2\/posts\/7821\/revisions\/7822"}],"wp:featuredmedia":[{"embeddable":true,"href":"https:\/\/esbozodeportivo.com\/index.php\/wp-json\/wp\/v2\/media\/7817"}],"wp:attachment":[{"href":"https:\/\/esbozodeportivo.com\/index.php\/wp-json\/wp\/v2\/media?parent=7821"}],"wp:term":[{"taxonomy":"category","embeddable":true,"href":"https:\/\/esbozodeportivo.com\/index.php\/wp-json\/wp\/v2\/categories?post=7821"},{"taxonomy":"post_tag","embeddable":true,"href":"https:\/\/esbozodeportivo.com\/index.php\/wp-json\/wp\/v2\/tags?post=7821"}],"curies":[{"name":"wp","href":"https:\/\/api.w.org\/{rel}","templated":true}]}}